{"id":26604,"date":"2016-06-24T10:16:38","date_gmt":"2016-06-24T07:16:38","guid":{"rendered":"http:\/\/urbeamea.ro\/albaiulia\/?p=26604"},"modified":"2016-06-24T10:15:45","modified_gmt":"2016-06-24T07:15:45","slug":"in-weekend-sarbatoarea-muzicii-2016-la-alba-iulia-programul-complet","status":"publish","type":"post","link":"https:\/\/urbeamea.ro\/albaiulia\/in-weekend-sarbatoarea-muzicii-2016-la-alba-iulia-programul-complet\/","title":{"rendered":"\u00cen weekend: S\u0103rb\u0103toarea Muzicii 2016, la Alba Iulia. Programul complet"},"content":{"rendered":"<p><strong><img loading=\"lazy\" decoding=\"async\" class=\"size-medium wp-image-26459 alignleft\" src=\"http:\/\/urbeamea.ro\/albaiulia\/wp-content\/uploads\/2016\/06\/Sarbatoarea-Muzicii-la-Alba-Iulia-300x179.jpg\" alt=\"Sarbatoarea-Muzicii-la-Alba-Iulia\" width=\"300\" height=\"179\" \/>La finalul acestei s\u0103pt\u0103m\u00e2ni, pentru trei zile, Alba Iulia devine capitala muzicii de cea mai bun\u0103 calitate. \u00cencep\u00e2nd de vineri, 24 iunie \u0219i p\u00e2n\u0103 duminic\u0103, 26 iunie 2016, \u00een Cealalt\u0103 Capital\u0103 se vor auzi acorduri de cea mai bun\u0103 calitate \u00een cadrul festivalului \u201cS\u0103rb\u0103toarea Muzicii\u201d, care anul acesta a ajuns la a cincea edi\u0163ie.<\/strong><\/p>\n<p>Edi\u021bia de anul acesta\u00a0\u00eel aduce pe scena din Pia\u021ba Cet\u0103\u021bii pe Alessandro Safina, unul dintre cei mai populari tenori ai lumii. Acsta va concerta, al\u0103turi de \u00eentreaga sa orchestr\u0103, s\u00e2mb\u0103t\u0103, \u00eencep\u00e2nd cu ora 20.30.<\/p>\n<p><img loading=\"lazy\" decoding=\"async\" class=\"size-medium wp-image-26605 alignleft\" src=\"http:\/\/urbeamea.ro\/albaiulia\/wp-content\/uploads\/2016\/06\/safina-1-300x131.jpg\" alt=\"safina\" width=\"300\" height=\"131\" srcset=\"https:\/\/urbeamea.ro\/albaiulia\/wp-content\/uploads\/2016\/06\/safina-1-300x131.jpg 300w, https:\/\/urbeamea.ro\/albaiulia\/wp-content\/uploads\/2016\/06\/safina-1-150x65.jpg 150w, https:\/\/urbeamea.ro\/albaiulia\/wp-content\/uploads\/2016\/06\/safina-1-768x334.jpg 768w, https:\/\/urbeamea.ro\/albaiulia\/wp-content\/uploads\/2016\/06\/safina-1.jpg 960w\" sizes=\"auto, (max-width: 300px) 100vw, 300px\" \/>Alessandro Safina a colaborat cu numero\u015fi arti\u015fti interna\u0163ionali, printre care Elton John, Carlos Santana, Rod Stewart, Miriam Stockley, Sarah Brightman, Jose Carreras sau Mario Frangoulis. Concertele lui sunt sold out, publicul de pe toate continentele ar\u0103t\u00e2ndu-se de-a dreptul fascinat de muzica sa. Sub clar de lun\u00ee, Alessandro Safina va cuceri inimile spectatorilor cu binecunoscutul single \u201cLuna\u201d.<\/p>\n<p>Vineri, \u00een jur de 100 de arti\u0219ti vor interpreta arii de operet\u0103 celebre, iar duminic\u0103, Gheorghe Zamfir vine cu un proiect inedit al\u0103turi de trupa Bere Gratis.<\/p>\n<p>Spectacolele vor \u00eencepe la ora 20.30 \u015fi vor avea loc \u00een Pia\u0163a Cet\u0103\u0163ii. Accesul este gratuit.<\/p>\n<p>Mar\u0163i, de la ora 21.00, \u00een avanpremiera evenimentului, ve\u0163i avea posibilitatea s\u0103 vede\u0163i un spectacol liric inedit, av\u00e2nd originea \u00een Ile de la Reunion, intitulat \u201eMademoiselle Cantatrice\u201d. Este o performan\u0163\u0103 muzical\u0103 \u015fi vizual\u0103, interpretat\u0103 de o c\u00e2nt\u0103rea\u0163\u0103 liric\u0103, pozi\u0163ionat\u0103 \u00een partea superioar\u0103 a unei rochii de 3 metri \u00een\u0103l\u0163ime, iar pe rochie sunt proiectate imagini. Spectacolul se va juca pe espalanada Catedralei Romano-Catolice, mar\u0163i, 21 iunie, de la ora 21.00. Dac\u0103 va ploua, evenimentul va avea loc la Casa de Cultur\u0103 a Sindicatelor, de la aceea\u015fi or\u0103.<\/p>\n<p><strong>S\u0102RB\u0102TOAREA MUZICII \u2013 PROGRAM<\/strong><\/p>\n<p><em><strong>Mar\u0163i, 21 iunie, ora 22.00<\/strong><\/em><\/p>\n<p>Mademoiselle Cantatrice (Ile de la Reunion, FR) \u2013 spectacol eveniment oferit de Institutul Cultural Francez\u00a0\/\u00a0esplanada Catedralei Romano-Catolice Sf. Mihail (\u00een caz de condi\u021bii meteo nefavorabile spectacolul va fi prezentat \u00een Casa de Cultur\u0103 a Sindicatelor)<\/p>\n<p><em><strong>Vineri, 24 iunie, ora 20.30<\/strong><\/em><\/p>\n<p>Concert-proiect Bere Gratis \u0219i Gheorghe Zamfir (RO) \/ scen\u0103 Pia\u021ba Cet\u0103\u021bii<\/p>\n<p><em><strong>S\u00e2mb\u0103t\u0103, 25 iunie, ora 20.30<\/strong><\/em><\/p>\n<p>Concert Alessandro Safina (IT) \u0219i Orchestra Simfonic\u0103 a Filarmonicii de Stat Sibiu (RO) \/scen\u0103 Pia\u021ba Cet\u0103\u021bii<\/p>\n<p><em><strong>Duminic\u0103, 26 iunie, ora 20.30<\/strong><\/em><\/p>\n<p>Spectacol de operet\u0103 \u201cOperetta Gala\u201d (RO) \/\u00a0scen\u0103 Pia\u021ba Cet\u0103\u021bii<\/p>\n<p><strong>V\u0103 prezent\u0103m o parte din arti\u0219tii care au ajuns la Alba Iulia la edi\u0163iile anterioare ale festivalului:<\/strong><\/p>\n<p>Carmina Burana de Carl Orff \u2013 \u00een interpretarea Orchestrei simfonice a Filarmonicii de Stat Sibiu \u015fi a Corului Operei Nationale Romane Cluj-Napoca \u2013 cea mai impresionanta produc\u0163ie de acest gen din Romania cu completarea dimensiunii muzicale cu cea a vizualului prin efecte speciale sincronizate \u2013 laser \u015fi pirotehnie;<\/p>\n<p>Aida de Giuseppe Verdi \u2013 \u00een interpretarea Operei Na\u0163ionale Rom\u00e2ne Cluj-Napoca \u2013 prima reprezenta\u0163ie \u00een aer liber a acestei produc\u0163ii care a \u00eensemnat, pe l\u00e2ng\u0103 crearea de decoruri speciale pentru Cetatea Alba Carolina, \u015fi atragerea a peste 200 de voluntari cuprin\u015fi \u00een distribu\u0163ie;<\/p>\n<p>Concert Novelle Vague (Fran\u0163a) \u2013 trupa \u00een vog\u0103 pe \u00eentreg mapamondul pentru abordarea proaspat\u0103, pentru sound-ul reinterpretat din cultura cinematografic\u0103 francez\u0103, pentru aranjamentele muzicale \u00een stil bossa nova;<\/p>\n<p>Concert Bonnie Tyler (Marea Britanie) \u2013 o legend\u0103 a muzicii rock, o voce inconfundabil\u0103 \u015fi o prezen\u0163\u0103 electrizant\u0103, a reu\u015fit s\u0103 adune \u00een Pia\u0163a Cet\u0103\u0163ii din Cetatea Alba Carolina peste 16.000 de turi\u015fti \u015fi localnici;<\/p>\n<p>Concert \u201cPovestea naiului\u201d \u2013 un concept al unuia dintre cei mai aprecia\u0163i nai\u015fti rom\u00e2ni, Radu Nechifor;<\/p>\n<p>Acapella Music cu Cantabile The London Quartet (Marea Britanie), Delta Q (Germania), Die Medlz (Germania), Vocal Tempo (Cuba), Jukebox Trio (Rusia) \u2013 concerte dedicate genului acapella, unice pentru peisajul muzical rom\u00e2nesc;<\/p>\n<p>Giuseppe Verdi \u2013 Traviata \u2013 Crea\u0163ia lui Giuseppe Verdi, o veritabil\u0103 capodoper\u0103 universal\u0103. Opera \u00een trei acte este cunoscut\u0103 pentru istoricul s\u0103u palpitant, lansarea sa fiind puternic influen\u0163at\u0103 de cenzura anilor 1800, care nu i-a permis compozitorului s\u0103 plaseze \u00een contemporan ac\u0163iunea, acesta fiind obligat s\u0103 o transpun\u0103 \u00een perioada medieval\u0103. \u00cen pofida dificult\u0103\u0163ilor, \u00eens\u0103, spectacolul a avut un succes triumfal.<\/p>\n","protected":false},"excerpt":{"rendered":"<p>La finalul acestei s\u0103pt\u0103m\u00e2ni, pentru trei zile, Alba Iulia devine capitala muzicii de cea mai bun\u0103 calitate. \u00cencep\u00e2nd de vineri, 24 iunie \u0219i p\u00e2n\u0103 duminic\u0103, 26 iunie 2016, \u00een Cealalt\u0103 Capital\u0103 se vor auzi acorduri de cea mai bun\u0103 calitate \u00een cadrul festivalului \u201cS\u0103rb\u0103toarea Muzicii\u201d, care anul acesta a ajuns la a cincea edi\u0163ie. Edi\u021bia &hellip;<\/p>\n","protected":false},"author":17,"featured_media":26459,"comment_status":"open","ping_status":"open","sticky":false,"template":"","format":"standard","meta":{"inline_featured_image":false,"footnotes":""},"categories":[4],"tags":[31,5813,1506,5830,507,5907,565,346,5269,308,76],"class_list":["post-26604","post","type-post","status-publish","format-standard","has-post-thumbnail","hentry","category-eveniment","tag-alba-iulia","tag-alessandro-safina","tag-artisti","tag-bere-gratis","tag-festival","tag-gheorghe-zamfir","tag-piata-cetatii","tag-program","tag-sarbatoarea-muzicii","tag-stiri","tag-urbea-mea"],"yoast_head":"<!-- This site is optimized with the Yoast SEO plugin v28.3 - https:\/\/yoast.com\/product\/yoast-seo-wordpress\/ -->\n<title>\u00cen weekend: S\u0103rb\u0103toarea Muzicii 2016, la Alba Iulia. Programul complet - Revista Urbea Mea - Revista de Alba<\/title>\n<meta name=\"description\" content=\"La finalul acestei s\u0103pt\u0103m\u00e2ni, pentru trei zile, Alba Iulia devine capitala muzicii de cea mai bun\u0103 calitate. \u00cencep\u00e2nd de vineri, 24 iunie \u0219i p\u00e2n\u0103\" \/>\n<meta name=\"robots\" content=\"index, follow, max-snippet:-1, max-image-preview:large, max-video-preview:-1\" \/>\n<link rel=\"canonical\" href=\"https:\/\/urbeamea.ro\/albaiulia\/in-weekend-sarbatoarea-muzicii-2016-la-alba-iulia-programul-complet\/\" \/>\n<meta name=\"twitter:card\" content=\"summary_large_image\" \/>\n<meta name=\"twitter:title\" content=\"\u00cen weekend: S\u0103rb\u0103toarea Muzicii 2016, la Alba Iulia. Programul complet - Revista Urbea Mea - Revista de Alba\" \/>\n<meta name=\"twitter:description\" content=\"La finalul acestei s\u0103pt\u0103m\u00e2ni, pentru trei zile, Alba Iulia devine capitala muzicii de cea mai bun\u0103 calitate. \u00cencep\u00e2nd de vineri, 24 iunie \u0219i p\u00e2n\u0103\" \/>\n<meta name=\"twitter:image\" content=\"https:\/\/urbeamea.ro\/albaiulia\/wp-content\/uploads\/2016\/06\/Sarbatoarea-Muzicii-la-Alba-Iulia.jpg\" \/>\n<meta name=\"twitter:creator\" content=\"@urbeameaweb\" \/>\n<meta name=\"twitter:site\" content=\"@urbeameaweb\" \/>\n<script type=\"application\/ld+json\" class=\"yoast-schema-graph\">{\"@context\":\"https:\\\/\\\/schema.org\",\"@graph\":[{\"@type\":\"Article\",\"@id\":\"https:\\\/\\\/urbeamea.ro\\\/albaiulia\\\/in-weekend-sarbatoarea-muzicii-2016-la-alba-iulia-programul-complet\\\/#article\",\"isPartOf\":{\"@id\":\"https:\\\/\\\/urbeamea.ro\\\/albaiulia\\\/in-weekend-sarbatoarea-muzicii-2016-la-alba-iulia-programul-complet\\\/\"},\"author\":{\"name\":\"Cristina Ganga\",\"@id\":\"https:\\\/\\\/urbeamea.ro\\\/albaiulia\\\/#\\\/schema\\\/person\\\/9700d21fae21c4f038b0b56f4506264a\"},\"headline\":\"\u00cen weekend: S\u0103rb\u0103toarea Muzicii 2016, la Alba Iulia. Programul complet\",\"datePublished\":\"2016-06-24T07:16:38+00:00\",\"mainEntityOfPage\":{\"@id\":\"https:\\\/\\\/urbeamea.ro\\\/albaiulia\\\/in-weekend-sarbatoarea-muzicii-2016-la-alba-iulia-programul-complet\\\/\"},\"wordCount\":698,\"commentCount\":0,\"image\":{\"@id\":\"https:\\\/\\\/urbeamea.ro\\\/albaiulia\\\/in-weekend-sarbatoarea-muzicii-2016-la-alba-iulia-programul-complet\\\/#primaryimage\"},\"thumbnailUrl\":\"https:\\\/\\\/urbeamea.ro\\\/albaiulia\\\/wp-content\\\/uploads\\\/2016\\\/06\\\/Sarbatoarea-Muzicii-la-Alba-Iulia.jpg\",\"keywords\":[\"Alba Iulia\",\"alessandro safina\",\"artisti\",\"bere gratis\",\"festival\",\"gheorghe zamfir\",\"piata cetatii\",\"program\",\"sarbatoarea muzicii\",\"stiri\",\"Urbea Mea\"],\"articleSection\":[\"Evenimente\"],\"inLanguage\":\"ro-RO\",\"potentialAction\":[{\"@type\":\"CommentAction\",\"name\":\"Comment\",\"target\":[\"https:\\\/\\\/urbeamea.ro\\\/albaiulia\\\/in-weekend-sarbatoarea-muzicii-2016-la-alba-iulia-programul-complet\\\/#respond\"]}]},{\"@type\":\"WebPage\",\"@id\":\"https:\\\/\\\/urbeamea.ro\\\/albaiulia\\\/in-weekend-sarbatoarea-muzicii-2016-la-alba-iulia-programul-complet\\\/\",\"url\":\"https:\\\/\\\/urbeamea.ro\\\/albaiulia\\\/in-weekend-sarbatoarea-muzicii-2016-la-alba-iulia-programul-complet\\\/\",\"name\":\"\u00cen weekend: S\u0103rb\u0103toarea Muzicii 2016, la Alba Iulia. Programul complet - Revista Urbea Mea - Revista de Alba\",\"isPartOf\":{\"@id\":\"https:\\\/\\\/urbeamea.ro\\\/albaiulia\\\/#website\"},\"primaryImageOfPage\":{\"@id\":\"https:\\\/\\\/urbeamea.ro\\\/albaiulia\\\/in-weekend-sarbatoarea-muzicii-2016-la-alba-iulia-programul-complet\\\/#primaryimage\"},\"image\":{\"@id\":\"https:\\\/\\\/urbeamea.ro\\\/albaiulia\\\/in-weekend-sarbatoarea-muzicii-2016-la-alba-iulia-programul-complet\\\/#primaryimage\"},\"thumbnailUrl\":\"https:\\\/\\\/urbeamea.ro\\\/albaiulia\\\/wp-content\\\/uploads\\\/2016\\\/06\\\/Sarbatoarea-Muzicii-la-Alba-Iulia.jpg\",\"datePublished\":\"2016-06-24T07:16:38+00:00\",\"author\":{\"@id\":\"https:\\\/\\\/urbeamea.ro\\\/albaiulia\\\/#\\\/schema\\\/person\\\/9700d21fae21c4f038b0b56f4506264a\"},\"description\":\"La finalul acestei s\u0103pt\u0103m\u00e2ni, pentru trei zile, Alba Iulia devine capitala muzicii de cea mai bun\u0103 calitate. \u00cencep\u00e2nd de vineri, 24 iunie \u0219i p\u00e2n\u0103\",\"breadcrumb\":{\"@id\":\"https:\\\/\\\/urbeamea.ro\\\/albaiulia\\\/in-weekend-sarbatoarea-muzicii-2016-la-alba-iulia-programul-complet\\\/#breadcrumb\"},\"inLanguage\":\"ro-RO\",\"potentialAction\":[{\"@type\":\"ReadAction\",\"target\":[\"https:\\\/\\\/urbeamea.ro\\\/albaiulia\\\/in-weekend-sarbatoarea-muzicii-2016-la-alba-iulia-programul-complet\\\/\"]}]},{\"@type\":\"ImageObject\",\"inLanguage\":\"ro-RO\",\"@id\":\"https:\\\/\\\/urbeamea.ro\\\/albaiulia\\\/in-weekend-sarbatoarea-muzicii-2016-la-alba-iulia-programul-complet\\\/#primaryimage\",\"url\":\"https:\\\/\\\/urbeamea.ro\\\/albaiulia\\\/wp-content\\\/uploads\\\/2016\\\/06\\\/Sarbatoarea-Muzicii-la-Alba-Iulia.jpg\",\"contentUrl\":\"https:\\\/\\\/urbeamea.ro\\\/albaiulia\\\/wp-content\\\/uploads\\\/2016\\\/06\\\/Sarbatoarea-Muzicii-la-Alba-Iulia.jpg\",\"width\":800,\"height\":478},{\"@type\":\"BreadcrumbList\",\"@id\":\"https:\\\/\\\/urbeamea.ro\\\/albaiulia\\\/in-weekend-sarbatoarea-muzicii-2016-la-alba-iulia-programul-complet\\\/#breadcrumb\",\"itemListElement\":[{\"@type\":\"ListItem\",\"position\":1,\"name\":\"Prima pagin\u0103\",\"item\":\"https:\\\/\\\/urbeamea.ro\\\/albaiulia\\\/\"},{\"@type\":\"ListItem\",\"position\":2,\"name\":\"\u00cen weekend: S\u0103rb\u0103toarea Muzicii 2016, la Alba Iulia. Programul complet\"}]},{\"@type\":\"WebSite\",\"@id\":\"https:\\\/\\\/urbeamea.ro\\\/albaiulia\\\/#website\",\"url\":\"https:\\\/\\\/urbeamea.ro\\\/albaiulia\\\/\",\"name\":\"Revista Urbea Mea, Stiri urbane\",\"description\":\"Evenimente \u0219i \u0219tiri din Alba Iulia, Sebe\u0219, Aiud, Blaj\",\"potentialAction\":[{\"@type\":\"SearchAction\",\"target\":{\"@type\":\"EntryPoint\",\"urlTemplate\":\"https:\\\/\\\/urbeamea.ro\\\/albaiulia\\\/?s={search_term_string}\"},\"query-input\":{\"@type\":\"PropertyValueSpecification\",\"valueRequired\":true,\"valueName\":\"search_term_string\"}}],\"inLanguage\":\"ro-RO\"},{\"@type\":\"Person\",\"@id\":\"https:\\\/\\\/urbeamea.ro\\\/albaiulia\\\/#\\\/schema\\\/person\\\/9700d21fae21c4f038b0b56f4506264a\",\"name\":\"Cristina Ganga\",\"image\":{\"@type\":\"ImageObject\",\"inLanguage\":\"ro-RO\",\"@id\":\"https:\\\/\\\/secure.gravatar.com\\\/avatar\\\/5a67661041f057b4a8ccaf26f5a8e86e2689372006d01faf3dd9eeb10b654bb4?s=96&d=mm&r=g\",\"url\":\"https:\\\/\\\/secure.gravatar.com\\\/avatar\\\/5a67661041f057b4a8ccaf26f5a8e86e2689372006d01faf3dd9eeb10b654bb4?s=96&d=mm&r=g\",\"contentUrl\":\"https:\\\/\\\/secure.gravatar.com\\\/avatar\\\/5a67661041f057b4a8ccaf26f5a8e86e2689372006d01faf3dd9eeb10b654bb4?s=96&d=mm&r=g\",\"caption\":\"Cristina Ganga\"},\"description\":\"Jurnalist\",\"sameAs\":[\"https:\\\/\\\/www.facebook.com\\\/cristina.nicola.587\"],\"url\":\"https:\\\/\\\/urbeamea.ro\\\/albaiulia\\\/author\\\/cristina-nicola\\\/\"}]}<\/script>\n<!-- \/ Yoast SEO plugin. -->","yoast_head_json":{"title":"\u00cen weekend: S\u0103rb\u0103toarea Muzicii 2016, la Alba Iulia. Programul complet - Revista Urbea Mea - Revista de Alba","description":"La finalul acestei s\u0103pt\u0103m\u00e2ni, pentru trei zile, Alba Iulia devine capitala muzicii de cea mai bun\u0103 calitate. \u00cencep\u00e2nd de vineri, 24 iunie \u0219i p\u00e2n\u0103","robots":{"index":"index","follow":"follow","max-snippet":"max-snippet:-1","max-image-preview":"max-image-preview:large","max-video-preview":"max-video-preview:-1"},"canonical":"https:\/\/urbeamea.ro\/albaiulia\/in-weekend-sarbatoarea-muzicii-2016-la-alba-iulia-programul-complet\/","twitter_card":"summary_large_image","twitter_title":"\u00cen weekend: S\u0103rb\u0103toarea Muzicii 2016, la Alba Iulia. Programul complet - Revista Urbea Mea - Revista de Alba","twitter_description":"La finalul acestei s\u0103pt\u0103m\u00e2ni, pentru trei zile, Alba Iulia devine capitala muzicii de cea mai bun\u0103 calitate. \u00cencep\u00e2nd de vineri, 24 iunie \u0219i p\u00e2n\u0103","twitter_image":"https:\/\/urbeamea.ro\/albaiulia\/wp-content\/uploads\/2016\/06\/Sarbatoarea-Muzicii-la-Alba-Iulia.jpg","twitter_creator":"@urbeameaweb","twitter_site":"@urbeameaweb","schema":{"@context":"https:\/\/schema.org","@graph":[{"@type":"Article","@id":"https:\/\/urbeamea.ro\/albaiulia\/in-weekend-sarbatoarea-muzicii-2016-la-alba-iulia-programul-complet\/#article","isPartOf":{"@id":"https:\/\/urbeamea.ro\/albaiulia\/in-weekend-sarbatoarea-muzicii-2016-la-alba-iulia-programul-complet\/"},"author":{"name":"Cristina Ganga","@id":"https:\/\/urbeamea.ro\/albaiulia\/#\/schema\/person\/9700d21fae21c4f038b0b56f4506264a"},"headline":"\u00cen weekend: S\u0103rb\u0103toarea Muzicii 2016, la Alba Iulia. Programul complet","datePublished":"2016-06-24T07:16:38+00:00","mainEntityOfPage":{"@id":"https:\/\/urbeamea.ro\/albaiulia\/in-weekend-sarbatoarea-muzicii-2016-la-alba-iulia-programul-complet\/"},"wordCount":698,"commentCount":0,"image":{"@id":"https:\/\/urbeamea.ro\/albaiulia\/in-weekend-sarbatoarea-muzicii-2016-la-alba-iulia-programul-complet\/#primaryimage"},"thumbnailUrl":"https:\/\/urbeamea.ro\/albaiulia\/wp-content\/uploads\/2016\/06\/Sarbatoarea-Muzicii-la-Alba-Iulia.jpg","keywords":["Alba Iulia","alessandro safina","artisti","bere gratis","festival","gheorghe zamfir","piata cetatii","program","sarbatoarea muzicii","stiri","Urbea Mea"],"articleSection":["Evenimente"],"inLanguage":"ro-RO","potentialAction":[{"@type":"CommentAction","name":"Comment","target":["https:\/\/urbeamea.ro\/albaiulia\/in-weekend-sarbatoarea-muzicii-2016-la-alba-iulia-programul-complet\/#respond"]}]},{"@type":"WebPage","@id":"https:\/\/urbeamea.ro\/albaiulia\/in-weekend-sarbatoarea-muzicii-2016-la-alba-iulia-programul-complet\/","url":"https:\/\/urbeamea.ro\/albaiulia\/in-weekend-sarbatoarea-muzicii-2016-la-alba-iulia-programul-complet\/","name":"\u00cen weekend: S\u0103rb\u0103toarea Muzicii 2016, la Alba Iulia. Programul complet - Revista Urbea Mea - Revista de Alba","isPartOf":{"@id":"https:\/\/urbeamea.ro\/albaiulia\/#website"},"primaryImageOfPage":{"@id":"https:\/\/urbeamea.ro\/albaiulia\/in-weekend-sarbatoarea-muzicii-2016-la-alba-iulia-programul-complet\/#primaryimage"},"image":{"@id":"https:\/\/urbeamea.ro\/albaiulia\/in-weekend-sarbatoarea-muzicii-2016-la-alba-iulia-programul-complet\/#primaryimage"},"thumbnailUrl":"https:\/\/urbeamea.ro\/albaiulia\/wp-content\/uploads\/2016\/06\/Sarbatoarea-Muzicii-la-Alba-Iulia.jpg","datePublished":"2016-06-24T07:16:38+00:00","author":{"@id":"https:\/\/urbeamea.ro\/albaiulia\/#\/schema\/person\/9700d21fae21c4f038b0b56f4506264a"},"description":"La finalul acestei s\u0103pt\u0103m\u00e2ni, pentru trei zile, Alba Iulia devine capitala muzicii de cea mai bun\u0103 calitate. \u00cencep\u00e2nd de vineri, 24 iunie \u0219i p\u00e2n\u0103","breadcrumb":{"@id":"https:\/\/urbeamea.ro\/albaiulia\/in-weekend-sarbatoarea-muzicii-2016-la-alba-iulia-programul-complet\/#breadcrumb"},"inLanguage":"ro-RO","potentialAction":[{"@type":"ReadAction","target":["https:\/\/urbeamea.ro\/albaiulia\/in-weekend-sarbatoarea-muzicii-2016-la-alba-iulia-programul-complet\/"]}]},{"@type":"ImageObject","inLanguage":"ro-RO","@id":"https:\/\/urbeamea.ro\/albaiulia\/in-weekend-sarbatoarea-muzicii-2016-la-alba-iulia-programul-complet\/#primaryimage","url":"https:\/\/urbeamea.ro\/albaiulia\/wp-content\/uploads\/2016\/06\/Sarbatoarea-Muzicii-la-Alba-Iulia.jpg","contentUrl":"https:\/\/urbeamea.ro\/albaiulia\/wp-content\/uploads\/2016\/06\/Sarbatoarea-Muzicii-la-Alba-Iulia.jpg","width":800,"height":478},{"@type":"BreadcrumbList","@id":"https:\/\/urbeamea.ro\/albaiulia\/in-weekend-sarbatoarea-muzicii-2016-la-alba-iulia-programul-complet\/#breadcrumb","itemListElement":[{"@type":"ListItem","position":1,"name":"Prima pagin\u0103","item":"https:\/\/urbeamea.ro\/albaiulia\/"},{"@type":"ListItem","position":2,"name":"\u00cen weekend: S\u0103rb\u0103toarea Muzicii 2016, la Alba Iulia. Programul complet"}]},{"@type":"WebSite","@id":"https:\/\/urbeamea.ro\/albaiulia\/#website","url":"https:\/\/urbeamea.ro\/albaiulia\/","name":"Revista Urbea Mea, Stiri urbane","description":"Evenimente \u0219i \u0219tiri din Alba Iulia, Sebe\u0219, Aiud, Blaj","potentialAction":[{"@type":"SearchAction","target":{"@type":"EntryPoint","urlTemplate":"https:\/\/urbeamea.ro\/albaiulia\/?s={search_term_string}"},"query-input":{"@type":"PropertyValueSpecification","valueRequired":true,"valueName":"search_term_string"}}],"inLanguage":"ro-RO"},{"@type":"Person","@id":"https:\/\/urbeamea.ro\/albaiulia\/#\/schema\/person\/9700d21fae21c4f038b0b56f4506264a","name":"Cristina Ganga","image":{"@type":"ImageObject","inLanguage":"ro-RO","@id":"https:\/\/secure.gravatar.com\/avatar\/5a67661041f057b4a8ccaf26f5a8e86e2689372006d01faf3dd9eeb10b654bb4?s=96&d=mm&r=g","url":"https:\/\/secure.gravatar.com\/avatar\/5a67661041f057b4a8ccaf26f5a8e86e2689372006d01faf3dd9eeb10b654bb4?s=96&d=mm&r=g","contentUrl":"https:\/\/secure.gravatar.com\/avatar\/5a67661041f057b4a8ccaf26f5a8e86e2689372006d01faf3dd9eeb10b654bb4?s=96&d=mm&r=g","caption":"Cristina Ganga"},"description":"Jurnalist","sameAs":["https:\/\/www.facebook.com\/cristina.nicola.587"],"url":"https:\/\/urbeamea.ro\/albaiulia\/author\/cristina-nicola\/"}]}},"_links":{"self":[{"href":"https:\/\/urbeamea.ro\/albaiulia\/wp-json\/wp\/v2\/posts\/26604","targetHints":{"allow":["GET"]}}],"collection":[{"href":"https:\/\/urbeamea.ro\/albaiulia\/wp-json\/wp\/v2\/posts"}],"about":[{"href":"https:\/\/urbeamea.ro\/albaiulia\/wp-json\/wp\/v2\/types\/post"}],"author":[{"embeddable":true,"href":"https:\/\/urbeamea.ro\/albaiulia\/wp-json\/wp\/v2\/users\/17"}],"replies":[{"embeddable":true,"href":"https:\/\/urbeamea.ro\/albaiulia\/wp-json\/wp\/v2\/comments?post=26604"}],"version-history":[{"count":0,"href":"https:\/\/urbeamea.ro\/albaiulia\/wp-json\/wp\/v2\/posts\/26604\/revisions"}],"wp:featuredmedia":[{"embeddable":true,"href":"https:\/\/urbeamea.ro\/albaiulia\/wp-json\/wp\/v2\/media\/26459"}],"wp:attachment":[{"href":"https:\/\/urbeamea.ro\/albaiulia\/wp-json\/wp\/v2\/media?parent=26604"}],"wp:term":[{"taxonomy":"category","embeddable":true,"href":"https:\/\/urbeamea.ro\/albaiulia\/wp-json\/wp\/v2\/categories?post=26604"},{"taxonomy":"post_tag","embeddable":true,"href":"https:\/\/urbeamea.ro\/albaiulia\/wp-json\/wp\/v2\/tags?post=26604"}],"curies":[{"name":"wp","href":"https:\/\/api.w.org\/{rel}","templated":true}]}}