{"id":26637,"date":"2016-06-21T14:19:06","date_gmt":"2016-06-21T11:19:06","guid":{"rendered":"http:\/\/urbeamea.ro\/albaiulia\/?p=26637"},"modified":"2016-06-21T14:19:06","modified_gmt":"2016-06-21T11:19:06","slug":"final-de-stagiune-la-teatrul-de-papusi-prichindel-din-alba-iulia","status":"publish","type":"post","link":"https:\/\/urbeamea.ro\/albaiulia\/final-de-stagiune-la-teatrul-de-papusi-prichindel-din-alba-iulia\/","title":{"rendered":"Final de stagiune la Teatrul de P\u0103pu\u0219i \u201ePrichindel\u201d din Alba Iulia"},"content":{"rendered":"<p><strong><img loading=\"lazy\" decoding=\"async\" class=\"size-medium wp-image-26638 alignleft\" src=\"http:\/\/urbeamea.ro\/albaiulia\/wp-content\/uploads\/2016\/06\/Teatru-de-Papusi-Logo-238x300.jpg\" alt=\"Print\" width=\"238\" height=\"300\" srcset=\"https:\/\/urbeamea.ro\/albaiulia\/wp-content\/uploads\/2016\/06\/Teatru-de-Papusi-Logo-238x300.jpg 238w, https:\/\/urbeamea.ro\/albaiulia\/wp-content\/uploads\/2016\/06\/Teatru-de-Papusi-Logo-119x150.jpg 119w, https:\/\/urbeamea.ro\/albaiulia\/wp-content\/uploads\/2016\/06\/Teatru-de-Papusi-Logo.jpg 354w\" sizes=\"auto, (max-width: 238px) 100vw, 238px\" \/>Teatrul de P\u0103pu\u0219i \u201ePrichindel\u201d din Alba Iulia \u00eencheie stagiunea 2015 \u2013 2016. Aproximativ 15.000 de spectatori au avut ocazia s\u0103 vad\u0103 evenimentele organizate de institu\u0163ie \u00een aceast\u0103 perioad\u0103.<\/strong><\/p>\n<p><em>\u201eStagiunea care a trecut a fost una plin\u0103 de proiecte \u0219i evenimente frumoase, dar \u0219i de performan\u021be pe care teatrul nostru le-a avut \u00een festivalurile \u00een care a fost prezent. Am fost selec\u021biona\u021bi la festivaluri at\u00e2t \u00een \u021bar\u0103 c\u00e2t \u0219i \u00een str\u0103in\u0103tate unde am fost premia\u021bi \u0219i aprecia\u021bi de c\u0103tre speciali\u0219ti \u00een domeniu. Ca \u00een fiecare an am colaborat foarte bine cu to\u021bi partenerii c\u0103rora le mul\u021bumim cu aceast\u0103 ocazie \u0219i \u00een mod special cu CJ Alba, al\u0103turi de care am construit proiecte frumoase.<\/em><\/p>\n<p><em>Pe perioada verii vom preg\u0103ti o nou\u0103 premier\u0103, Magazinul cu juc\u0103rii, regia Radu H\u0103prian Dan, care va deschide stagiunea 2016 \u2013 2017.<\/em><\/p>\n<p><em>Mul\u021bumim spectatorilor no\u0219tri, p\u0103rin\u021bilor \u0219i cadrelor didactice care consider\u0103 c\u0103 teatrul este important \u00een educa\u021bia \u0219i dezvoltarea copiilor\u201d,<\/em> a transmis managerul teatrului, Ioana Bog\u0103\u021ban.<\/p>\n<p>\u00cen stagiunea care se \u00eencheie, teatrul a organizat mai multe proiecte, printre care: Festivalul Interna\u021bional de Teatru POVE\u0218TI Alba Iulia, Gesturi pentru to\u021bi (spectacole gratuite adresate copiilor din centrele de plasament, case de copii, persoane cu dizabilit\u0103\u021bi), Caravana cu p\u0103pu\u0219i, Experien\u021be teatrale (particip\u0103ri la festivaluri na\u021bionale \u0219i interna\u021bionale), 1 Iunie, S\u0103rb\u0103torile de Iarn\u0103, Ziua Teatrului de Anima\u021bie, Pove\u0219ti noi pentru copii (Premiere), S\u0103pt\u0103m\u00e2na Altfel, Teatru Gazd\u0103, Parteneriate \u0219i Produc\u021bii cu alte institu\u021bii.<\/p>\n<p>La ini\u021biativa CJ Alba, a f\u0103cut parte din proiectul \u201eS\u0103 vedem, s\u0103 \u0219tim, s\u0103 ne distr\u0103m\u201d care a avut ca scop facilitarea accesului la teatru a unui num\u0103r c\u00e2t mai mare de copii din jude\u021b.<\/p>\n","protected":false},"excerpt":{"rendered":"<p>Teatrul de P\u0103pu\u0219i \u201ePrichindel\u201d din Alba Iulia \u00eencheie stagiunea 2015 \u2013 2016. Aproximativ 15.000 de spectatori au avut ocazia s\u0103 vad\u0103 evenimentele organizate de institu\u0163ie \u00een aceast\u0103 perioad\u0103. \u201eStagiunea care a trecut a fost una plin\u0103 de proiecte \u0219i evenimente frumoase, dar \u0219i de performan\u021be pe care teatrul nostru le-a avut \u00een festivalurile \u00een care &hellip;<\/p>\n","protected":false},"author":17,"featured_media":26638,"comment_status":"open","ping_status":"open","sticky":false,"template":"","format":"standard","meta":{"inline_featured_image":false,"footnotes":""},"categories":[2034],"tags":[31,1144,5939,1246,353,3951,308,909,76],"class_list":["post-26637","post","type-post","status-publish","format-standard","has-post-thumbnail","hentry","category-social","tag-alba-iulia","tag-evenimente","tag-final-de-stagiune","tag-ioana-bogatan","tag-spectacole","tag-spectatori","tag-stiri","tag-teatrul-de-papusi-prichindel","tag-urbea-mea"],"yoast_head":"<!-- This site is optimized with the Yoast SEO plugin v28.3 - https:\/\/yoast.com\/product\/yoast-seo-wordpress\/ -->\n<title>Final de stagiune la Teatrul de P\u0103pu\u0219i \u201ePrichindel\u201d din Alba Iulia - Revista Urbea Mea - Revista de Alba<\/title>\n<meta name=\"description\" content=\"Teatrul de P\u0103pu\u0219i \u201ePrichindel\u201d din Alba Iulia \u00eencheie stagiunea 2015 \u2013 2016. Aproximativ 15.000 de spectatori au avut ocazia s\u0103 vad\u0103 evenimentele\" \/>\n<meta name=\"robots\" content=\"index, follow, max-snippet:-1, max-image-preview:large, max-video-preview:-1\" \/>\n<link rel=\"canonical\" href=\"https:\/\/urbeamea.ro\/albaiulia\/final-de-stagiune-la-teatrul-de-papusi-prichindel-din-alba-iulia\/\" \/>\n<meta name=\"twitter:card\" content=\"summary_large_image\" \/>\n<meta name=\"twitter:title\" content=\"Final de stagiune la Teatrul de P\u0103pu\u0219i \u201ePrichindel\u201d din Alba Iulia - Revista Urbea Mea - Revista de Alba\" \/>\n<meta name=\"twitter:description\" content=\"Teatrul de P\u0103pu\u0219i \u201ePrichindel\u201d din Alba Iulia \u00eencheie stagiunea 2015 \u2013 2016. Aproximativ 15.000 de spectatori au avut ocazia s\u0103 vad\u0103 evenimentele\" \/>\n<meta name=\"twitter:image\" content=\"https:\/\/urbeamea.ro\/albaiulia\/wp-content\/uploads\/2016\/06\/Teatru-de-Papusi-Logo.jpg\" \/>\n<meta name=\"twitter:creator\" content=\"@urbeameaweb\" \/>\n<meta name=\"twitter:site\" content=\"@urbeameaweb\" \/>\n<script type=\"application\/ld+json\" class=\"yoast-schema-graph\">{\"@context\":\"https:\\\/\\\/schema.org\",\"@graph\":[{\"@type\":\"Article\",\"@id\":\"https:\\\/\\\/urbeamea.ro\\\/albaiulia\\\/final-de-stagiune-la-teatrul-de-papusi-prichindel-din-alba-iulia\\\/#article\",\"isPartOf\":{\"@id\":\"https:\\\/\\\/urbeamea.ro\\\/albaiulia\\\/final-de-stagiune-la-teatrul-de-papusi-prichindel-din-alba-iulia\\\/\"},\"author\":{\"name\":\"Cristina Ganga\",\"@id\":\"https:\\\/\\\/urbeamea.ro\\\/albaiulia\\\/#\\\/schema\\\/person\\\/9700d21fae21c4f038b0b56f4506264a\"},\"headline\":\"Final de stagiune la Teatrul de P\u0103pu\u0219i \u201ePrichindel\u201d din Alba Iulia\",\"datePublished\":\"2016-06-21T11:19:06+00:00\",\"mainEntityOfPage\":{\"@id\":\"https:\\\/\\\/urbeamea.ro\\\/albaiulia\\\/final-de-stagiune-la-teatrul-de-papusi-prichindel-din-alba-iulia\\\/\"},\"wordCount\":321,\"commentCount\":0,\"image\":{\"@id\":\"https:\\\/\\\/urbeamea.ro\\\/albaiulia\\\/final-de-stagiune-la-teatrul-de-papusi-prichindel-din-alba-iulia\\\/#primaryimage\"},\"thumbnailUrl\":\"https:\\\/\\\/urbeamea.ro\\\/albaiulia\\\/wp-content\\\/uploads\\\/2016\\\/06\\\/Teatru-de-Papusi-Logo.jpg\",\"keywords\":[\"Alba Iulia\",\"evenimente\",\"final de stagiune\",\"Ioana Bogatan\",\"spectacole\",\"spectatori\",\"stiri\",\"Teatrul de p\u0103pu\u0219i \u201ePrichindel\u201d\",\"Urbea Mea\"],\"articleSection\":[\"Social\"],\"inLanguage\":\"ro-RO\",\"potentialAction\":[{\"@type\":\"CommentAction\",\"name\":\"Comment\",\"target\":[\"https:\\\/\\\/urbeamea.ro\\\/albaiulia\\\/final-de-stagiune-la-teatrul-de-papusi-prichindel-din-alba-iulia\\\/#respond\"]}]},{\"@type\":\"WebPage\",\"@id\":\"https:\\\/\\\/urbeamea.ro\\\/albaiulia\\\/final-de-stagiune-la-teatrul-de-papusi-prichindel-din-alba-iulia\\\/\",\"url\":\"https:\\\/\\\/urbeamea.ro\\\/albaiulia\\\/final-de-stagiune-la-teatrul-de-papusi-prichindel-din-alba-iulia\\\/\",\"name\":\"Final de stagiune la Teatrul de P\u0103pu\u0219i \u201ePrichindel\u201d din Alba Iulia - Revista Urbea Mea - Revista de Alba\",\"isPartOf\":{\"@id\":\"https:\\\/\\\/urbeamea.ro\\\/albaiulia\\\/#website\"},\"primaryImageOfPage\":{\"@id\":\"https:\\\/\\\/urbeamea.ro\\\/albaiulia\\\/final-de-stagiune-la-teatrul-de-papusi-prichindel-din-alba-iulia\\\/#primaryimage\"},\"image\":{\"@id\":\"https:\\\/\\\/urbeamea.ro\\\/albaiulia\\\/final-de-stagiune-la-teatrul-de-papusi-prichindel-din-alba-iulia\\\/#primaryimage\"},\"thumbnailUrl\":\"https:\\\/\\\/urbeamea.ro\\\/albaiulia\\\/wp-content\\\/uploads\\\/2016\\\/06\\\/Teatru-de-Papusi-Logo.jpg\",\"datePublished\":\"2016-06-21T11:19:06+00:00\",\"author\":{\"@id\":\"https:\\\/\\\/urbeamea.ro\\\/albaiulia\\\/#\\\/schema\\\/person\\\/9700d21fae21c4f038b0b56f4506264a\"},\"description\":\"Teatrul de P\u0103pu\u0219i \u201ePrichindel\u201d din Alba Iulia \u00eencheie stagiunea 2015 \u2013 2016. Aproximativ 15.000 de spectatori au avut ocazia s\u0103 vad\u0103 evenimentele\",\"breadcrumb\":{\"@id\":\"https:\\\/\\\/urbeamea.ro\\\/albaiulia\\\/final-de-stagiune-la-teatrul-de-papusi-prichindel-din-alba-iulia\\\/#breadcrumb\"},\"inLanguage\":\"ro-RO\",\"potentialAction\":[{\"@type\":\"ReadAction\",\"target\":[\"https:\\\/\\\/urbeamea.ro\\\/albaiulia\\\/final-de-stagiune-la-teatrul-de-papusi-prichindel-din-alba-iulia\\\/\"]}]},{\"@type\":\"ImageObject\",\"inLanguage\":\"ro-RO\",\"@id\":\"https:\\\/\\\/urbeamea.ro\\\/albaiulia\\\/final-de-stagiune-la-teatrul-de-papusi-prichindel-din-alba-iulia\\\/#primaryimage\",\"url\":\"https:\\\/\\\/urbeamea.ro\\\/albaiulia\\\/wp-content\\\/uploads\\\/2016\\\/06\\\/Teatru-de-Papusi-Logo.jpg\",\"contentUrl\":\"https:\\\/\\\/urbeamea.ro\\\/albaiulia\\\/wp-content\\\/uploads\\\/2016\\\/06\\\/Teatru-de-Papusi-Logo.jpg\",\"width\":354,\"height\":447},{\"@type\":\"BreadcrumbList\",\"@id\":\"https:\\\/\\\/urbeamea.ro\\\/albaiulia\\\/final-de-stagiune-la-teatrul-de-papusi-prichindel-din-alba-iulia\\\/#breadcrumb\",\"itemListElement\":[{\"@type\":\"ListItem\",\"position\":1,\"name\":\"Prima pagin\u0103\",\"item\":\"https:\\\/\\\/urbeamea.ro\\\/albaiulia\\\/\"},{\"@type\":\"ListItem\",\"position\":2,\"name\":\"Final de stagiune la Teatrul de P\u0103pu\u0219i \u201ePrichindel\u201d din Alba Iulia\"}]},{\"@type\":\"WebSite\",\"@id\":\"https:\\\/\\\/urbeamea.ro\\\/albaiulia\\\/#website\",\"url\":\"https:\\\/\\\/urbeamea.ro\\\/albaiulia\\\/\",\"name\":\"Revista Urbea Mea, Stiri urbane\",\"description\":\"Evenimente \u0219i \u0219tiri din Alba Iulia, Sebe\u0219, Aiud, Blaj\",\"potentialAction\":[{\"@type\":\"SearchAction\",\"target\":{\"@type\":\"EntryPoint\",\"urlTemplate\":\"https:\\\/\\\/urbeamea.ro\\\/albaiulia\\\/?s={search_term_string}\"},\"query-input\":{\"@type\":\"PropertyValueSpecification\",\"valueRequired\":true,\"valueName\":\"search_term_string\"}}],\"inLanguage\":\"ro-RO\"},{\"@type\":\"Person\",\"@id\":\"https:\\\/\\\/urbeamea.ro\\\/albaiulia\\\/#\\\/schema\\\/person\\\/9700d21fae21c4f038b0b56f4506264a\",\"name\":\"Cristina Ganga\",\"image\":{\"@type\":\"ImageObject\",\"inLanguage\":\"ro-RO\",\"@id\":\"https:\\\/\\\/secure.gravatar.com\\\/avatar\\\/5a67661041f057b4a8ccaf26f5a8e86e2689372006d01faf3dd9eeb10b654bb4?s=96&d=mm&r=g\",\"url\":\"https:\\\/\\\/secure.gravatar.com\\\/avatar\\\/5a67661041f057b4a8ccaf26f5a8e86e2689372006d01faf3dd9eeb10b654bb4?s=96&d=mm&r=g\",\"contentUrl\":\"https:\\\/\\\/secure.gravatar.com\\\/avatar\\\/5a67661041f057b4a8ccaf26f5a8e86e2689372006d01faf3dd9eeb10b654bb4?s=96&d=mm&r=g\",\"caption\":\"Cristina Ganga\"},\"description\":\"Jurnalist\",\"sameAs\":[\"https:\\\/\\\/www.facebook.com\\\/cristina.nicola.587\"],\"url\":\"https:\\\/\\\/urbeamea.ro\\\/albaiulia\\\/author\\\/cristina-nicola\\\/\"}]}<\/script>\n<!-- \/ Yoast SEO plugin. -->","yoast_head_json":{"title":"Final de stagiune la Teatrul de P\u0103pu\u0219i \u201ePrichindel\u201d din Alba Iulia - Revista Urbea Mea - Revista de Alba","description":"Teatrul de P\u0103pu\u0219i \u201ePrichindel\u201d din Alba Iulia \u00eencheie stagiunea 2015 \u2013 2016. Aproximativ 15.000 de spectatori au avut ocazia s\u0103 vad\u0103 evenimentele","robots":{"index":"index","follow":"follow","max-snippet":"max-snippet:-1","max-image-preview":"max-image-preview:large","max-video-preview":"max-video-preview:-1"},"canonical":"https:\/\/urbeamea.ro\/albaiulia\/final-de-stagiune-la-teatrul-de-papusi-prichindel-din-alba-iulia\/","twitter_card":"summary_large_image","twitter_title":"Final de stagiune la Teatrul de P\u0103pu\u0219i \u201ePrichindel\u201d din Alba Iulia - Revista Urbea Mea - Revista de Alba","twitter_description":"Teatrul de P\u0103pu\u0219i \u201ePrichindel\u201d din Alba Iulia \u00eencheie stagiunea 2015 \u2013 2016. Aproximativ 15.000 de spectatori au avut ocazia s\u0103 vad\u0103 evenimentele","twitter_image":"https:\/\/urbeamea.ro\/albaiulia\/wp-content\/uploads\/2016\/06\/Teatru-de-Papusi-Logo.jpg","twitter_creator":"@urbeameaweb","twitter_site":"@urbeameaweb","schema":{"@context":"https:\/\/schema.org","@graph":[{"@type":"Article","@id":"https:\/\/urbeamea.ro\/albaiulia\/final-de-stagiune-la-teatrul-de-papusi-prichindel-din-alba-iulia\/#article","isPartOf":{"@id":"https:\/\/urbeamea.ro\/albaiulia\/final-de-stagiune-la-teatrul-de-papusi-prichindel-din-alba-iulia\/"},"author":{"name":"Cristina Ganga","@id":"https:\/\/urbeamea.ro\/albaiulia\/#\/schema\/person\/9700d21fae21c4f038b0b56f4506264a"},"headline":"Final de stagiune la Teatrul de P\u0103pu\u0219i \u201ePrichindel\u201d din Alba Iulia","datePublished":"2016-06-21T11:19:06+00:00","mainEntityOfPage":{"@id":"https:\/\/urbeamea.ro\/albaiulia\/final-de-stagiune-la-teatrul-de-papusi-prichindel-din-alba-iulia\/"},"wordCount":321,"commentCount":0,"image":{"@id":"https:\/\/urbeamea.ro\/albaiulia\/final-de-stagiune-la-teatrul-de-papusi-prichindel-din-alba-iulia\/#primaryimage"},"thumbnailUrl":"https:\/\/urbeamea.ro\/albaiulia\/wp-content\/uploads\/2016\/06\/Teatru-de-Papusi-Logo.jpg","keywords":["Alba Iulia","evenimente","final de stagiune","Ioana Bogatan","spectacole","spectatori","stiri","Teatrul de p\u0103pu\u0219i \u201ePrichindel\u201d","Urbea Mea"],"articleSection":["Social"],"inLanguage":"ro-RO","potentialAction":[{"@type":"CommentAction","name":"Comment","target":["https:\/\/urbeamea.ro\/albaiulia\/final-de-stagiune-la-teatrul-de-papusi-prichindel-din-alba-iulia\/#respond"]}]},{"@type":"WebPage","@id":"https:\/\/urbeamea.ro\/albaiulia\/final-de-stagiune-la-teatrul-de-papusi-prichindel-din-alba-iulia\/","url":"https:\/\/urbeamea.ro\/albaiulia\/final-de-stagiune-la-teatrul-de-papusi-prichindel-din-alba-iulia\/","name":"Final de stagiune la Teatrul de P\u0103pu\u0219i \u201ePrichindel\u201d din Alba Iulia - Revista Urbea Mea - Revista de Alba","isPartOf":{"@id":"https:\/\/urbeamea.ro\/albaiulia\/#website"},"primaryImageOfPage":{"@id":"https:\/\/urbeamea.ro\/albaiulia\/final-de-stagiune-la-teatrul-de-papusi-prichindel-din-alba-iulia\/#primaryimage"},"image":{"@id":"https:\/\/urbeamea.ro\/albaiulia\/final-de-stagiune-la-teatrul-de-papusi-prichindel-din-alba-iulia\/#primaryimage"},"thumbnailUrl":"https:\/\/urbeamea.ro\/albaiulia\/wp-content\/uploads\/2016\/06\/Teatru-de-Papusi-Logo.jpg","datePublished":"2016-06-21T11:19:06+00:00","author":{"@id":"https:\/\/urbeamea.ro\/albaiulia\/#\/schema\/person\/9700d21fae21c4f038b0b56f4506264a"},"description":"Teatrul de P\u0103pu\u0219i \u201ePrichindel\u201d din Alba Iulia \u00eencheie stagiunea 2015 \u2013 2016. Aproximativ 15.000 de spectatori au avut ocazia s\u0103 vad\u0103 evenimentele","breadcrumb":{"@id":"https:\/\/urbeamea.ro\/albaiulia\/final-de-stagiune-la-teatrul-de-papusi-prichindel-din-alba-iulia\/#breadcrumb"},"inLanguage":"ro-RO","potentialAction":[{"@type":"ReadAction","target":["https:\/\/urbeamea.ro\/albaiulia\/final-de-stagiune-la-teatrul-de-papusi-prichindel-din-alba-iulia\/"]}]},{"@type":"ImageObject","inLanguage":"ro-RO","@id":"https:\/\/urbeamea.ro\/albaiulia\/final-de-stagiune-la-teatrul-de-papusi-prichindel-din-alba-iulia\/#primaryimage","url":"https:\/\/urbeamea.ro\/albaiulia\/wp-content\/uploads\/2016\/06\/Teatru-de-Papusi-Logo.jpg","contentUrl":"https:\/\/urbeamea.ro\/albaiulia\/wp-content\/uploads\/2016\/06\/Teatru-de-Papusi-Logo.jpg","width":354,"height":447},{"@type":"BreadcrumbList","@id":"https:\/\/urbeamea.ro\/albaiulia\/final-de-stagiune-la-teatrul-de-papusi-prichindel-din-alba-iulia\/#breadcrumb","itemListElement":[{"@type":"ListItem","position":1,"name":"Prima pagin\u0103","item":"https:\/\/urbeamea.ro\/albaiulia\/"},{"@type":"ListItem","position":2,"name":"Final de stagiune la Teatrul de P\u0103pu\u0219i \u201ePrichindel\u201d din Alba Iulia"}]},{"@type":"WebSite","@id":"https:\/\/urbeamea.ro\/albaiulia\/#website","url":"https:\/\/urbeamea.ro\/albaiulia\/","name":"Revista Urbea Mea, Stiri urbane","description":"Evenimente \u0219i \u0219tiri din Alba Iulia, Sebe\u0219, Aiud, Blaj","potentialAction":[{"@type":"SearchAction","target":{"@type":"EntryPoint","urlTemplate":"https:\/\/urbeamea.ro\/albaiulia\/?s={search_term_string}"},"query-input":{"@type":"PropertyValueSpecification","valueRequired":true,"valueName":"search_term_string"}}],"inLanguage":"ro-RO"},{"@type":"Person","@id":"https:\/\/urbeamea.ro\/albaiulia\/#\/schema\/person\/9700d21fae21c4f038b0b56f4506264a","name":"Cristina Ganga","image":{"@type":"ImageObject","inLanguage":"ro-RO","@id":"https:\/\/secure.gravatar.com\/avatar\/5a67661041f057b4a8ccaf26f5a8e86e2689372006d01faf3dd9eeb10b654bb4?s=96&d=mm&r=g","url":"https:\/\/secure.gravatar.com\/avatar\/5a67661041f057b4a8ccaf26f5a8e86e2689372006d01faf3dd9eeb10b654bb4?s=96&d=mm&r=g","contentUrl":"https:\/\/secure.gravatar.com\/avatar\/5a67661041f057b4a8ccaf26f5a8e86e2689372006d01faf3dd9eeb10b654bb4?s=96&d=mm&r=g","caption":"Cristina Ganga"},"description":"Jurnalist","sameAs":["https:\/\/www.facebook.com\/cristina.nicola.587"],"url":"https:\/\/urbeamea.ro\/albaiulia\/author\/cristina-nicola\/"}]}},"_links":{"self":[{"href":"https:\/\/urbeamea.ro\/albaiulia\/wp-json\/wp\/v2\/posts\/26637","targetHints":{"allow":["GET"]}}],"collection":[{"href":"https:\/\/urbeamea.ro\/albaiulia\/wp-json\/wp\/v2\/posts"}],"about":[{"href":"https:\/\/urbeamea.ro\/albaiulia\/wp-json\/wp\/v2\/types\/post"}],"author":[{"embeddable":true,"href":"https:\/\/urbeamea.ro\/albaiulia\/wp-json\/wp\/v2\/users\/17"}],"replies":[{"embeddable":true,"href":"https:\/\/urbeamea.ro\/albaiulia\/wp-json\/wp\/v2\/comments?post=26637"}],"version-history":[{"count":0,"href":"https:\/\/urbeamea.ro\/albaiulia\/wp-json\/wp\/v2\/posts\/26637\/revisions"}],"wp:featuredmedia":[{"embeddable":true,"href":"https:\/\/urbeamea.ro\/albaiulia\/wp-json\/wp\/v2\/media\/26638"}],"wp:attachment":[{"href":"https:\/\/urbeamea.ro\/albaiulia\/wp-json\/wp\/v2\/media?parent=26637"}],"wp:term":[{"taxonomy":"category","embeddable":true,"href":"https:\/\/urbeamea.ro\/albaiulia\/wp-json\/wp\/v2\/categories?post=26637"},{"taxonomy":"post_tag","embeddable":true,"href":"https:\/\/urbeamea.ro\/albaiulia\/wp-json\/wp\/v2\/tags?post=26637"}],"curies":[{"name":"wp","href":"https:\/\/api.w.org\/{rel}","templated":true}]}}