{"id":26734,"date":"2016-06-22T15:15:07","date_gmt":"2016-06-22T12:15:07","guid":{"rendered":"http:\/\/urbeamea.ro\/albaiulia\/?p=26734"},"modified":"2016-06-22T15:15:07","modified_gmt":"2016-06-22T12:15:07","slug":"joi-finalul-anului-scolar-2015-2016-la-colegiul-national-militar-mihai-viteazul-din-alba-iulia","status":"publish","type":"post","link":"https:\/\/urbeamea.ro\/albaiulia\/joi-finalul-anului-scolar-2015-2016-la-colegiul-national-militar-mihai-viteazul-din-alba-iulia\/","title":{"rendered":"JOI: Finalul anului \u0219colar 2015-2016, la Colegiul Na\u021bional Militar ,,Mihai Viteazul\u201d din Alba Iulia"},"content":{"rendered":"<p><strong><img loading=\"lazy\" decoding=\"async\" class=\"size-medium wp-image-11714 alignleft\" src=\"http:\/\/urbeamea.ro\/albaiulia\/wp-content\/uploads\/2015\/11\/liceul-militar-300x180.jpg\" alt=\"liceul militar\" width=\"300\" height=\"180\" \/>Joi, 23 iunie, \u00eencep\u00e2nd cu ora 9.00, la Colegiul Na\u021bional Militar \u201eMihai Viteazul\u201d din Alba Iulia se va desf\u0103\u0219ura, ceremonialul \u00eenchiderii anului \u0219colar 2015-2016.<\/strong><\/p>\n<p align=\"JUSTIFY\">\u00cen cadrul ceremonialului sunt incluse momente specifice precum acordarea premiilor de onoare, citirea ordinului de numire a noului elev plutonier adjutant al colegiului, predarea-primirea cheii genera\u021biilor, fotografierea \u0219i dezvelirea tabloului promo\u021biei a 65-a, ce poart\u0103 denumirea onorific\u0103 ,,Andrei Mure\u0219anu \u2013 200\u201d.<\/p>\n<p align=\"JUSTIFY\">\u00cempreun\u0103 cu cei peste 420 de elevi din to\u021bi anii de \u00eenv\u0103\u021b\u0103m\u00e2nt, la aceast\u0103 activitate vor participa p\u0103rin\u021bi, rude \u0219i prieteni, reprezentan\u021bi ai e\u0219aloanelor superioare, ai administra\u021biei locale \u0219i inspectoratului \u0219colar jude\u021bean.<\/p>\n","protected":false},"excerpt":{"rendered":"<p>Joi, 23 iunie, \u00eencep\u00e2nd cu ora 9.00, la Colegiul Na\u021bional Militar \u201eMihai Viteazul\u201d din Alba Iulia se va desf\u0103\u0219ura, ceremonialul \u00eenchiderii anului \u0219colar 2015-2016. \u00cen cadrul ceremonialului sunt incluse momente specifice precum acordarea premiilor de onoare, citirea ordinului de numire a noului elev plutonier adjutant al colegiului, predarea-primirea cheii genera\u021biilor, fotografierea \u0219i dezvelirea tabloului promo\u021biei &hellip;<\/p>\n","protected":false},"author":17,"featured_media":11714,"comment_status":"open","ping_status":"open","sticky":false,"template":"","format":"standard","meta":{"inline_featured_image":false,"footnotes":""},"categories":[2039],"tags":[31,317,5970,937,5973,5971,5972,308,76],"class_list":["post-26734","post","type-post","status-publish","format-standard","has-post-thumbnail","hentry","category-educatie","tag-alba-iulia","tag-an-scolar","tag-ceremonial","tag-colegiul-national-militar-mihai-viteazul","tag-elev-plutonier-adjunct","tag-inchidere","tag-premii-de-onoare","tag-stiri","tag-urbea-mea"],"yoast_head":"<!-- This site is optimized with the Yoast SEO plugin v28.3 - https:\/\/yoast.com\/product\/yoast-seo-wordpress\/ -->\n<title>JOI: Finalul anului \u0219colar 2015-2016, la Colegiul Na\u021bional Militar ,,Mihai Viteazul\u201d din Alba Iulia - Revista Urbea Mea - Revista de Alba<\/title>\n<meta name=\"description\" content=\"Joi, 23 iunie, \u00eencep\u00e2nd cu ora 9.00, la Colegiul Na\u021bional Militar \u201eMihai Viteazul\u201d din Alba Iulia se va desf\u0103\u0219ura, ceremonialul \u00eenchiderii anului \u0219colar\" \/>\n<meta name=\"robots\" content=\"index, follow, max-snippet:-1, max-image-preview:large, max-video-preview:-1\" \/>\n<link rel=\"canonical\" href=\"https:\/\/urbeamea.ro\/albaiulia\/joi-finalul-anului-scolar-2015-2016-la-colegiul-national-militar-mihai-viteazul-din-alba-iulia\/\" \/>\n<meta name=\"twitter:card\" content=\"summary_large_image\" \/>\n<meta name=\"twitter:title\" content=\"JOI: Finalul anului \u0219colar 2015-2016, la Colegiul Na\u021bional Militar ,,Mihai Viteazul\u201d din Alba Iulia - Revista Urbea Mea - Revista de Alba\" \/>\n<meta name=\"twitter:description\" content=\"Joi, 23 iunie, \u00eencep\u00e2nd cu ora 9.00, la Colegiul Na\u021bional Militar \u201eMihai Viteazul\u201d din Alba Iulia se va desf\u0103\u0219ura, ceremonialul \u00eenchiderii anului \u0219colar\" \/>\n<meta name=\"twitter:image\" content=\"https:\/\/urbeamea.ro\/albaiulia\/wp-content\/uploads\/2015\/11\/liceul-militar.jpg\" \/>\n<meta name=\"twitter:creator\" content=\"@urbeameaweb\" \/>\n<meta name=\"twitter:site\" content=\"@urbeameaweb\" \/>\n<script type=\"application\/ld+json\" class=\"yoast-schema-graph\">{\"@context\":\"https:\\\/\\\/schema.org\",\"@graph\":[{\"@type\":\"Article\",\"@id\":\"https:\\\/\\\/urbeamea.ro\\\/albaiulia\\\/joi-finalul-anului-scolar-2015-2016-la-colegiul-national-militar-mihai-viteazul-din-alba-iulia\\\/#article\",\"isPartOf\":{\"@id\":\"https:\\\/\\\/urbeamea.ro\\\/albaiulia\\\/joi-finalul-anului-scolar-2015-2016-la-colegiul-national-militar-mihai-viteazul-din-alba-iulia\\\/\"},\"author\":{\"name\":\"Cristina Ganga\",\"@id\":\"https:\\\/\\\/urbeamea.ro\\\/albaiulia\\\/#\\\/schema\\\/person\\\/9700d21fae21c4f038b0b56f4506264a\"},\"headline\":\"JOI: Finalul anului \u0219colar 2015-2016, la Colegiul Na\u021bional Militar ,,Mihai Viteazul\u201d din Alba Iulia\",\"datePublished\":\"2016-06-22T12:15:07+00:00\",\"mainEntityOfPage\":{\"@id\":\"https:\\\/\\\/urbeamea.ro\\\/albaiulia\\\/joi-finalul-anului-scolar-2015-2016-la-colegiul-national-militar-mihai-viteazul-din-alba-iulia\\\/\"},\"wordCount\":122,\"commentCount\":0,\"image\":{\"@id\":\"https:\\\/\\\/urbeamea.ro\\\/albaiulia\\\/joi-finalul-anului-scolar-2015-2016-la-colegiul-national-militar-mihai-viteazul-din-alba-iulia\\\/#primaryimage\"},\"thumbnailUrl\":\"https:\\\/\\\/urbeamea.ro\\\/albaiulia\\\/wp-content\\\/uploads\\\/2015\\\/11\\\/liceul-militar.jpg\",\"keywords\":[\"Alba Iulia\",\"an scolar\",\"ceremonial\",\"colegiul national militar mihai viteazul\",\"elev plutonier adjunct\",\"inchidere\",\"premii de onoare\",\"stiri\",\"Urbea Mea\"],\"articleSection\":[\"Educa\u021bie\"],\"inLanguage\":\"ro-RO\",\"potentialAction\":[{\"@type\":\"CommentAction\",\"name\":\"Comment\",\"target\":[\"https:\\\/\\\/urbeamea.ro\\\/albaiulia\\\/joi-finalul-anului-scolar-2015-2016-la-colegiul-national-militar-mihai-viteazul-din-alba-iulia\\\/#respond\"]}]},{\"@type\":\"WebPage\",\"@id\":\"https:\\\/\\\/urbeamea.ro\\\/albaiulia\\\/joi-finalul-anului-scolar-2015-2016-la-colegiul-national-militar-mihai-viteazul-din-alba-iulia\\\/\",\"url\":\"https:\\\/\\\/urbeamea.ro\\\/albaiulia\\\/joi-finalul-anului-scolar-2015-2016-la-colegiul-national-militar-mihai-viteazul-din-alba-iulia\\\/\",\"name\":\"JOI: Finalul anului \u0219colar 2015-2016, la Colegiul Na\u021bional Militar ,,Mihai Viteazul\u201d din Alba Iulia - Revista Urbea Mea - Revista de Alba\",\"isPartOf\":{\"@id\":\"https:\\\/\\\/urbeamea.ro\\\/albaiulia\\\/#website\"},\"primaryImageOfPage\":{\"@id\":\"https:\\\/\\\/urbeamea.ro\\\/albaiulia\\\/joi-finalul-anului-scolar-2015-2016-la-colegiul-national-militar-mihai-viteazul-din-alba-iulia\\\/#primaryimage\"},\"image\":{\"@id\":\"https:\\\/\\\/urbeamea.ro\\\/albaiulia\\\/joi-finalul-anului-scolar-2015-2016-la-colegiul-national-militar-mihai-viteazul-din-alba-iulia\\\/#primaryimage\"},\"thumbnailUrl\":\"https:\\\/\\\/urbeamea.ro\\\/albaiulia\\\/wp-content\\\/uploads\\\/2015\\\/11\\\/liceul-militar.jpg\",\"datePublished\":\"2016-06-22T12:15:07+00:00\",\"author\":{\"@id\":\"https:\\\/\\\/urbeamea.ro\\\/albaiulia\\\/#\\\/schema\\\/person\\\/9700d21fae21c4f038b0b56f4506264a\"},\"description\":\"Joi, 23 iunie, \u00eencep\u00e2nd cu ora 9.00, la Colegiul Na\u021bional Militar \u201eMihai Viteazul\u201d din Alba Iulia se va desf\u0103\u0219ura, ceremonialul \u00eenchiderii anului \u0219colar\",\"breadcrumb\":{\"@id\":\"https:\\\/\\\/urbeamea.ro\\\/albaiulia\\\/joi-finalul-anului-scolar-2015-2016-la-colegiul-national-militar-mihai-viteazul-din-alba-iulia\\\/#breadcrumb\"},\"inLanguage\":\"ro-RO\",\"potentialAction\":[{\"@type\":\"ReadAction\",\"target\":[\"https:\\\/\\\/urbeamea.ro\\\/albaiulia\\\/joi-finalul-anului-scolar-2015-2016-la-colegiul-national-militar-mihai-viteazul-din-alba-iulia\\\/\"]}]},{\"@type\":\"ImageObject\",\"inLanguage\":\"ro-RO\",\"@id\":\"https:\\\/\\\/urbeamea.ro\\\/albaiulia\\\/joi-finalul-anului-scolar-2015-2016-la-colegiul-national-militar-mihai-viteazul-din-alba-iulia\\\/#primaryimage\",\"url\":\"https:\\\/\\\/urbeamea.ro\\\/albaiulia\\\/wp-content\\\/uploads\\\/2015\\\/11\\\/liceul-militar.jpg\",\"contentUrl\":\"https:\\\/\\\/urbeamea.ro\\\/albaiulia\\\/wp-content\\\/uploads\\\/2015\\\/11\\\/liceul-militar.jpg\",\"width\":1200,\"height\":718},{\"@type\":\"BreadcrumbList\",\"@id\":\"https:\\\/\\\/urbeamea.ro\\\/albaiulia\\\/joi-finalul-anului-scolar-2015-2016-la-colegiul-national-militar-mihai-viteazul-din-alba-iulia\\\/#breadcrumb\",\"itemListElement\":[{\"@type\":\"ListItem\",\"position\":1,\"name\":\"Prima pagin\u0103\",\"item\":\"https:\\\/\\\/urbeamea.ro\\\/albaiulia\\\/\"},{\"@type\":\"ListItem\",\"position\":2,\"name\":\"JOI: Finalul anului \u0219colar 2015-2016, la Colegiul Na\u021bional Militar ,,Mihai Viteazul\u201d din Alba Iulia\"}]},{\"@type\":\"WebSite\",\"@id\":\"https:\\\/\\\/urbeamea.ro\\\/albaiulia\\\/#website\",\"url\":\"https:\\\/\\\/urbeamea.ro\\\/albaiulia\\\/\",\"name\":\"Revista Urbea Mea, Stiri urbane\",\"description\":\"Evenimente \u0219i \u0219tiri din Alba Iulia, Sebe\u0219, Aiud, Blaj\",\"potentialAction\":[{\"@type\":\"SearchAction\",\"target\":{\"@type\":\"EntryPoint\",\"urlTemplate\":\"https:\\\/\\\/urbeamea.ro\\\/albaiulia\\\/?s={search_term_string}\"},\"query-input\":{\"@type\":\"PropertyValueSpecification\",\"valueRequired\":true,\"valueName\":\"search_term_string\"}}],\"inLanguage\":\"ro-RO\"},{\"@type\":\"Person\",\"@id\":\"https:\\\/\\\/urbeamea.ro\\\/albaiulia\\\/#\\\/schema\\\/person\\\/9700d21fae21c4f038b0b56f4506264a\",\"name\":\"Cristina Ganga\",\"image\":{\"@type\":\"ImageObject\",\"inLanguage\":\"ro-RO\",\"@id\":\"https:\\\/\\\/secure.gravatar.com\\\/avatar\\\/5a67661041f057b4a8ccaf26f5a8e86e2689372006d01faf3dd9eeb10b654bb4?s=96&d=mm&r=g\",\"url\":\"https:\\\/\\\/secure.gravatar.com\\\/avatar\\\/5a67661041f057b4a8ccaf26f5a8e86e2689372006d01faf3dd9eeb10b654bb4?s=96&d=mm&r=g\",\"contentUrl\":\"https:\\\/\\\/secure.gravatar.com\\\/avatar\\\/5a67661041f057b4a8ccaf26f5a8e86e2689372006d01faf3dd9eeb10b654bb4?s=96&d=mm&r=g\",\"caption\":\"Cristina Ganga\"},\"description\":\"Jurnalist\",\"sameAs\":[\"https:\\\/\\\/www.facebook.com\\\/cristina.nicola.587\"],\"url\":\"https:\\\/\\\/urbeamea.ro\\\/albaiulia\\\/author\\\/cristina-nicola\\\/\"}]}<\/script>\n<!-- \/ Yoast SEO plugin. -->","yoast_head_json":{"title":"JOI: Finalul anului \u0219colar 2015-2016, la Colegiul Na\u021bional Militar ,,Mihai Viteazul\u201d din Alba Iulia - Revista Urbea Mea - Revista de Alba","description":"Joi, 23 iunie, \u00eencep\u00e2nd cu ora 9.00, la Colegiul Na\u021bional Militar \u201eMihai Viteazul\u201d din Alba Iulia se va desf\u0103\u0219ura, ceremonialul \u00eenchiderii anului \u0219colar","robots":{"index":"index","follow":"follow","max-snippet":"max-snippet:-1","max-image-preview":"max-image-preview:large","max-video-preview":"max-video-preview:-1"},"canonical":"https:\/\/urbeamea.ro\/albaiulia\/joi-finalul-anului-scolar-2015-2016-la-colegiul-national-militar-mihai-viteazul-din-alba-iulia\/","twitter_card":"summary_large_image","twitter_title":"JOI: Finalul anului \u0219colar 2015-2016, la Colegiul Na\u021bional Militar ,,Mihai Viteazul\u201d din Alba Iulia - Revista Urbea Mea - Revista de Alba","twitter_description":"Joi, 23 iunie, \u00eencep\u00e2nd cu ora 9.00, la Colegiul Na\u021bional Militar \u201eMihai Viteazul\u201d din Alba Iulia se va desf\u0103\u0219ura, ceremonialul \u00eenchiderii anului \u0219colar","twitter_image":"https:\/\/urbeamea.ro\/albaiulia\/wp-content\/uploads\/2015\/11\/liceul-militar.jpg","twitter_creator":"@urbeameaweb","twitter_site":"@urbeameaweb","schema":{"@context":"https:\/\/schema.org","@graph":[{"@type":"Article","@id":"https:\/\/urbeamea.ro\/albaiulia\/joi-finalul-anului-scolar-2015-2016-la-colegiul-national-militar-mihai-viteazul-din-alba-iulia\/#article","isPartOf":{"@id":"https:\/\/urbeamea.ro\/albaiulia\/joi-finalul-anului-scolar-2015-2016-la-colegiul-national-militar-mihai-viteazul-din-alba-iulia\/"},"author":{"name":"Cristina Ganga","@id":"https:\/\/urbeamea.ro\/albaiulia\/#\/schema\/person\/9700d21fae21c4f038b0b56f4506264a"},"headline":"JOI: Finalul anului \u0219colar 2015-2016, la Colegiul Na\u021bional Militar ,,Mihai Viteazul\u201d din Alba Iulia","datePublished":"2016-06-22T12:15:07+00:00","mainEntityOfPage":{"@id":"https:\/\/urbeamea.ro\/albaiulia\/joi-finalul-anului-scolar-2015-2016-la-colegiul-national-militar-mihai-viteazul-din-alba-iulia\/"},"wordCount":122,"commentCount":0,"image":{"@id":"https:\/\/urbeamea.ro\/albaiulia\/joi-finalul-anului-scolar-2015-2016-la-colegiul-national-militar-mihai-viteazul-din-alba-iulia\/#primaryimage"},"thumbnailUrl":"https:\/\/urbeamea.ro\/albaiulia\/wp-content\/uploads\/2015\/11\/liceul-militar.jpg","keywords":["Alba Iulia","an scolar","ceremonial","colegiul national militar mihai viteazul","elev plutonier adjunct","inchidere","premii de onoare","stiri","Urbea Mea"],"articleSection":["Educa\u021bie"],"inLanguage":"ro-RO","potentialAction":[{"@type":"CommentAction","name":"Comment","target":["https:\/\/urbeamea.ro\/albaiulia\/joi-finalul-anului-scolar-2015-2016-la-colegiul-national-militar-mihai-viteazul-din-alba-iulia\/#respond"]}]},{"@type":"WebPage","@id":"https:\/\/urbeamea.ro\/albaiulia\/joi-finalul-anului-scolar-2015-2016-la-colegiul-national-militar-mihai-viteazul-din-alba-iulia\/","url":"https:\/\/urbeamea.ro\/albaiulia\/joi-finalul-anului-scolar-2015-2016-la-colegiul-national-militar-mihai-viteazul-din-alba-iulia\/","name":"JOI: Finalul anului \u0219colar 2015-2016, la Colegiul Na\u021bional Militar ,,Mihai Viteazul\u201d din Alba Iulia - Revista Urbea Mea - Revista de Alba","isPartOf":{"@id":"https:\/\/urbeamea.ro\/albaiulia\/#website"},"primaryImageOfPage":{"@id":"https:\/\/urbeamea.ro\/albaiulia\/joi-finalul-anului-scolar-2015-2016-la-colegiul-national-militar-mihai-viteazul-din-alba-iulia\/#primaryimage"},"image":{"@id":"https:\/\/urbeamea.ro\/albaiulia\/joi-finalul-anului-scolar-2015-2016-la-colegiul-national-militar-mihai-viteazul-din-alba-iulia\/#primaryimage"},"thumbnailUrl":"https:\/\/urbeamea.ro\/albaiulia\/wp-content\/uploads\/2015\/11\/liceul-militar.jpg","datePublished":"2016-06-22T12:15:07+00:00","author":{"@id":"https:\/\/urbeamea.ro\/albaiulia\/#\/schema\/person\/9700d21fae21c4f038b0b56f4506264a"},"description":"Joi, 23 iunie, \u00eencep\u00e2nd cu ora 9.00, la Colegiul Na\u021bional Militar \u201eMihai Viteazul\u201d din Alba Iulia se va desf\u0103\u0219ura, ceremonialul \u00eenchiderii anului \u0219colar","breadcrumb":{"@id":"https:\/\/urbeamea.ro\/albaiulia\/joi-finalul-anului-scolar-2015-2016-la-colegiul-national-militar-mihai-viteazul-din-alba-iulia\/#breadcrumb"},"inLanguage":"ro-RO","potentialAction":[{"@type":"ReadAction","target":["https:\/\/urbeamea.ro\/albaiulia\/joi-finalul-anului-scolar-2015-2016-la-colegiul-national-militar-mihai-viteazul-din-alba-iulia\/"]}]},{"@type":"ImageObject","inLanguage":"ro-RO","@id":"https:\/\/urbeamea.ro\/albaiulia\/joi-finalul-anului-scolar-2015-2016-la-colegiul-national-militar-mihai-viteazul-din-alba-iulia\/#primaryimage","url":"https:\/\/urbeamea.ro\/albaiulia\/wp-content\/uploads\/2015\/11\/liceul-militar.jpg","contentUrl":"https:\/\/urbeamea.ro\/albaiulia\/wp-content\/uploads\/2015\/11\/liceul-militar.jpg","width":1200,"height":718},{"@type":"BreadcrumbList","@id":"https:\/\/urbeamea.ro\/albaiulia\/joi-finalul-anului-scolar-2015-2016-la-colegiul-national-militar-mihai-viteazul-din-alba-iulia\/#breadcrumb","itemListElement":[{"@type":"ListItem","position":1,"name":"Prima pagin\u0103","item":"https:\/\/urbeamea.ro\/albaiulia\/"},{"@type":"ListItem","position":2,"name":"JOI: Finalul anului \u0219colar 2015-2016, la Colegiul Na\u021bional Militar ,,Mihai Viteazul\u201d din Alba Iulia"}]},{"@type":"WebSite","@id":"https:\/\/urbeamea.ro\/albaiulia\/#website","url":"https:\/\/urbeamea.ro\/albaiulia\/","name":"Revista Urbea Mea, Stiri urbane","description":"Evenimente \u0219i \u0219tiri din Alba Iulia, Sebe\u0219, Aiud, Blaj","potentialAction":[{"@type":"SearchAction","target":{"@type":"EntryPoint","urlTemplate":"https:\/\/urbeamea.ro\/albaiulia\/?s={search_term_string}"},"query-input":{"@type":"PropertyValueSpecification","valueRequired":true,"valueName":"search_term_string"}}],"inLanguage":"ro-RO"},{"@type":"Person","@id":"https:\/\/urbeamea.ro\/albaiulia\/#\/schema\/person\/9700d21fae21c4f038b0b56f4506264a","name":"Cristina Ganga","image":{"@type":"ImageObject","inLanguage":"ro-RO","@id":"https:\/\/secure.gravatar.com\/avatar\/5a67661041f057b4a8ccaf26f5a8e86e2689372006d01faf3dd9eeb10b654bb4?s=96&d=mm&r=g","url":"https:\/\/secure.gravatar.com\/avatar\/5a67661041f057b4a8ccaf26f5a8e86e2689372006d01faf3dd9eeb10b654bb4?s=96&d=mm&r=g","contentUrl":"https:\/\/secure.gravatar.com\/avatar\/5a67661041f057b4a8ccaf26f5a8e86e2689372006d01faf3dd9eeb10b654bb4?s=96&d=mm&r=g","caption":"Cristina Ganga"},"description":"Jurnalist","sameAs":["https:\/\/www.facebook.com\/cristina.nicola.587"],"url":"https:\/\/urbeamea.ro\/albaiulia\/author\/cristina-nicola\/"}]}},"_links":{"self":[{"href":"https:\/\/urbeamea.ro\/albaiulia\/wp-json\/wp\/v2\/posts\/26734","targetHints":{"allow":["GET"]}}],"collection":[{"href":"https:\/\/urbeamea.ro\/albaiulia\/wp-json\/wp\/v2\/posts"}],"about":[{"href":"https:\/\/urbeamea.ro\/albaiulia\/wp-json\/wp\/v2\/types\/post"}],"author":[{"embeddable":true,"href":"https:\/\/urbeamea.ro\/albaiulia\/wp-json\/wp\/v2\/users\/17"}],"replies":[{"embeddable":true,"href":"https:\/\/urbeamea.ro\/albaiulia\/wp-json\/wp\/v2\/comments?post=26734"}],"version-history":[{"count":0,"href":"https:\/\/urbeamea.ro\/albaiulia\/wp-json\/wp\/v2\/posts\/26734\/revisions"}],"wp:featuredmedia":[{"embeddable":true,"href":"https:\/\/urbeamea.ro\/albaiulia\/wp-json\/wp\/v2\/media\/11714"}],"wp:attachment":[{"href":"https:\/\/urbeamea.ro\/albaiulia\/wp-json\/wp\/v2\/media?parent=26734"}],"wp:term":[{"taxonomy":"category","embeddable":true,"href":"https:\/\/urbeamea.ro\/albaiulia\/wp-json\/wp\/v2\/categories?post=26734"},{"taxonomy":"post_tag","embeddable":true,"href":"https:\/\/urbeamea.ro\/albaiulia\/wp-json\/wp\/v2\/tags?post=26734"}],"curies":[{"name":"wp","href":"https:\/\/api.w.org\/{rel}","templated":true}]}}