{"id":26746,"date":"2016-06-23T12:09:56","date_gmt":"2016-06-23T09:09:56","guid":{"rendered":"http:\/\/urbeamea.ro\/albaiulia\/?p=26746"},"modified":"2016-06-23T12:09:56","modified_gmt":"2016-06-23T09:09:56","slug":"video-doar-tu-noul-single-silvan-stancel","status":"publish","type":"post","link":"https:\/\/urbeamea.ro\/albaiulia\/video-doar-tu-noul-single-silvan-stancel\/","title":{"rendered":"VIDEO: \u201eDOAR TU\u201d, noul single Silvan St\u00e2ncel"},"content":{"rendered":"<p><strong><img loading=\"lazy\" decoding=\"async\" class=\"size-medium wp-image-26747 alignleft\" src=\"http:\/\/urbeamea.ro\/albaiulia\/wp-content\/uploads\/2016\/06\/4-Doar-Tu-Cover-YouTube-300x169.jpg\" alt=\"4 Doar Tu - Cover YouTube\" width=\"300\" height=\"169\" \/>Artistul albaiulian Silvan St\u00e2ncel lanseaz\u0103 \u00een luna iunie \u00een Rom\u00e2nia un nou single. \u201eDoar tu\u201d\u00a0este noul titlu din repertoriul artistului \u0219i a fost prezentat \u00een premier\u0103 \u00een Fran\u021ba, la Avignon, \u00een cadrul <em>Festivalul Andaluz de Muzic\u0103 Flamenco Avignon 2016<\/em>, unde Silvan a sus\u0163inut un concert \u0219i a lansat \u00een limba spaniol\u0103 primul s\u0103u volumul de versuri <em>INCREIBLE.AMO<\/em>.<\/strong><\/p>\n<p>\u201eDoar tu\u201d\u00a0este un c\u00e2ntec de dragoste care, \u00een pu\u021bine cuvinte, pune \u00een discu\u021bie rela\u021biile interumane cu o dinamic\u0103 nu \u00eentotdeauna logic\u0103 sau ra\u021bional\u0103&#8230; &#8222;<em>dac\u0103 tu m\u0103 iube\u0219ti, dac\u0103 eu te iubesc&#8230;de ce ne cert\u0103m, pentru Dumnezeu&#8230; &#8222;. \u00a0 \u00a0 \u00a0 \u00a0 \u00a0<\/em><\/p>\n<p><em>\u201eDoar tu este pu\u021bin despre fiecare cred eu&#8230; \u00een orice rela\u021bie uman\u0103 exist\u0103 probabil momente de cump\u0103n\u0103 \u0219i de viziuni diferite, \u00eens\u0103 acolo unde exist\u0103 iubire exist\u0103 \u0219i solu\u021bii pentru a merge mai departe, \u00een caz contrar drumurile se despart. Cred c\u0103 mult\u0103 lume se va reg\u0103si \u00een acest c\u00e2ntec \u0219i probabil acesta este \u0219i motivul pentru care \u00eentr-o s\u0103pt\u0103m\u00e2n\u0103 de la difuzarea pe Youtube piesa are deja c\u00e2teva mii de vizualiz\u0103ri. Mul\u021bumesc Moving Records, Tudor Marciu (Moving Elements) \u015fi Andy Ghi\u015foiu pentru profesionalism \u0219i colaborare ! Sper s\u0103 v\u0103 plac\u0103&#8230; DOAR TU\u201d,<\/em> a transmis artistul Silvan St\u00e2ncel.<\/p>\n<p><iframe loading=\"lazy\" title=\"Silvan St\u00e2ncel - DOAR TU (Official Radio Version)\" width=\"500\" height=\"281\" src=\"https:\/\/www.youtube.com\/embed\/RAq91SgeiXQ?feature=oembed\" frameborder=\"0\" allow=\"accelerometer; autoplay; clipboard-write; encrypted-media; gyroscope; picture-in-picture; web-share\" referrerpolicy=\"strict-origin-when-cross-origin\" allowfullscreen><\/iframe><\/p>\n","protected":false},"excerpt":{"rendered":"<p>Artistul albaiulian Silvan St\u00e2ncel lanseaz\u0103 \u00een luna iunie \u00een Rom\u00e2nia un nou single. \u201eDoar tu\u201d\u00a0este noul titlu din repertoriul artistului \u0219i a fost prezentat \u00een premier\u0103 \u00een Fran\u021ba, la Avignon, \u00een cadrul Festivalul Andaluz de Muzic\u0103 Flamenco Avignon 2016, unde Silvan a sus\u0163inut un concert \u0219i a lansat \u00een limba spaniol\u0103 primul s\u0103u volumul de &hellip;<\/p>\n","protected":false},"author":17,"featured_media":26747,"comment_status":"open","ping_status":"open","sticky":false,"template":"","format":"standard","meta":{"inline_featured_image":false,"footnotes":""},"categories":[2036],"tags":[501,2700,5979,5978,5980,553,5977,308,76],"class_list":["post-26746","post","type-post","status-publish","format-standard","has-post-thumbnail","hentry","category-monden","tag-albaiulian","tag-artist","tag-cantec","tag-doar-tu","tag-dragosterelatii-interumane","tag-silvan-stancel","tag-single","tag-stiri","tag-urbea-mea"],"yoast_head":"<!-- This site is optimized with the Yoast SEO plugin v28.3 - https:\/\/yoast.com\/product\/yoast-seo-wordpress\/ -->\n<title>VIDEO: \u201eDOAR TU\u201d, noul single Silvan St\u00e2ncel - Revista Urbea Mea - Revista de Alba<\/title>\n<meta name=\"description\" content=\"Artistul albaiulian Silvan St\u00e2ncel lanseaz\u0103 \u00een luna iunie \u00een Rom\u00e2nia un nou single. \u201eDoar tu\u201d\u00a0este noul titlu din repertoriul artistului \u0219i a fost\" \/>\n<meta name=\"robots\" content=\"index, follow, max-snippet:-1, max-image-preview:large, max-video-preview:-1\" \/>\n<link rel=\"canonical\" href=\"https:\/\/urbeamea.ro\/albaiulia\/video-doar-tu-noul-single-silvan-stancel\/\" \/>\n<meta name=\"twitter:card\" content=\"summary_large_image\" \/>\n<meta name=\"twitter:title\" content=\"VIDEO: \u201eDOAR TU\u201d, noul single Silvan St\u00e2ncel - Revista Urbea Mea - Revista de Alba\" \/>\n<meta name=\"twitter:description\" content=\"Artistul albaiulian Silvan St\u00e2ncel lanseaz\u0103 \u00een luna iunie \u00een Rom\u00e2nia un nou single. \u201eDoar tu\u201d\u00a0este noul titlu din repertoriul artistului \u0219i a fost\" \/>\n<meta name=\"twitter:image\" content=\"https:\/\/urbeamea.ro\/albaiulia\/wp-content\/uploads\/2016\/06\/4-Doar-Tu-Cover-YouTube.jpg\" \/>\n<meta name=\"twitter:creator\" content=\"@urbeameaweb\" \/>\n<meta name=\"twitter:site\" content=\"@urbeameaweb\" \/>\n<script type=\"application\/ld+json\" class=\"yoast-schema-graph\">{\"@context\":\"https:\\\/\\\/schema.org\",\"@graph\":[{\"@type\":\"Article\",\"@id\":\"https:\\\/\\\/urbeamea.ro\\\/albaiulia\\\/video-doar-tu-noul-single-silvan-stancel\\\/#article\",\"isPartOf\":{\"@id\":\"https:\\\/\\\/urbeamea.ro\\\/albaiulia\\\/video-doar-tu-noul-single-silvan-stancel\\\/\"},\"author\":{\"name\":\"Cristina Ganga\",\"@id\":\"https:\\\/\\\/urbeamea.ro\\\/albaiulia\\\/#\\\/schema\\\/person\\\/9700d21fae21c4f038b0b56f4506264a\"},\"headline\":\"VIDEO: \u201eDOAR TU\u201d, noul single Silvan St\u00e2ncel\",\"datePublished\":\"2016-06-23T09:09:56+00:00\",\"mainEntityOfPage\":{\"@id\":\"https:\\\/\\\/urbeamea.ro\\\/albaiulia\\\/video-doar-tu-noul-single-silvan-stancel\\\/\"},\"wordCount\":235,\"commentCount\":0,\"image\":{\"@id\":\"https:\\\/\\\/urbeamea.ro\\\/albaiulia\\\/video-doar-tu-noul-single-silvan-stancel\\\/#primaryimage\"},\"thumbnailUrl\":\"https:\\\/\\\/urbeamea.ro\\\/albaiulia\\\/wp-content\\\/uploads\\\/2016\\\/06\\\/4-Doar-Tu-Cover-YouTube.jpg\",\"keywords\":[\"albaiulian\",\"artist\",\"cantec\",\"doar tu\",\"dragosterelatii interumane\",\"Silvan Stancel\",\"single\",\"stiri\",\"Urbea Mea\"],\"articleSection\":[\"Monden\"],\"inLanguage\":\"ro-RO\",\"potentialAction\":[{\"@type\":\"CommentAction\",\"name\":\"Comment\",\"target\":[\"https:\\\/\\\/urbeamea.ro\\\/albaiulia\\\/video-doar-tu-noul-single-silvan-stancel\\\/#respond\"]}]},{\"@type\":\"WebPage\",\"@id\":\"https:\\\/\\\/urbeamea.ro\\\/albaiulia\\\/video-doar-tu-noul-single-silvan-stancel\\\/\",\"url\":\"https:\\\/\\\/urbeamea.ro\\\/albaiulia\\\/video-doar-tu-noul-single-silvan-stancel\\\/\",\"name\":\"VIDEO: \u201eDOAR TU\u201d, noul single Silvan St\u00e2ncel - Revista Urbea Mea - Revista de Alba\",\"isPartOf\":{\"@id\":\"https:\\\/\\\/urbeamea.ro\\\/albaiulia\\\/#website\"},\"primaryImageOfPage\":{\"@id\":\"https:\\\/\\\/urbeamea.ro\\\/albaiulia\\\/video-doar-tu-noul-single-silvan-stancel\\\/#primaryimage\"},\"image\":{\"@id\":\"https:\\\/\\\/urbeamea.ro\\\/albaiulia\\\/video-doar-tu-noul-single-silvan-stancel\\\/#primaryimage\"},\"thumbnailUrl\":\"https:\\\/\\\/urbeamea.ro\\\/albaiulia\\\/wp-content\\\/uploads\\\/2016\\\/06\\\/4-Doar-Tu-Cover-YouTube.jpg\",\"datePublished\":\"2016-06-23T09:09:56+00:00\",\"author\":{\"@id\":\"https:\\\/\\\/urbeamea.ro\\\/albaiulia\\\/#\\\/schema\\\/person\\\/9700d21fae21c4f038b0b56f4506264a\"},\"description\":\"Artistul albaiulian Silvan St\u00e2ncel lanseaz\u0103 \u00een luna iunie \u00een Rom\u00e2nia un nou single. \u201eDoar tu\u201d\u00a0este noul titlu din repertoriul artistului \u0219i a fost\",\"breadcrumb\":{\"@id\":\"https:\\\/\\\/urbeamea.ro\\\/albaiulia\\\/video-doar-tu-noul-single-silvan-stancel\\\/#breadcrumb\"},\"inLanguage\":\"ro-RO\",\"potentialAction\":[{\"@type\":\"ReadAction\",\"target\":[\"https:\\\/\\\/urbeamea.ro\\\/albaiulia\\\/video-doar-tu-noul-single-silvan-stancel\\\/\"]}]},{\"@type\":\"ImageObject\",\"inLanguage\":\"ro-RO\",\"@id\":\"https:\\\/\\\/urbeamea.ro\\\/albaiulia\\\/video-doar-tu-noul-single-silvan-stancel\\\/#primaryimage\",\"url\":\"https:\\\/\\\/urbeamea.ro\\\/albaiulia\\\/wp-content\\\/uploads\\\/2016\\\/06\\\/4-Doar-Tu-Cover-YouTube.jpg\",\"contentUrl\":\"https:\\\/\\\/urbeamea.ro\\\/albaiulia\\\/wp-content\\\/uploads\\\/2016\\\/06\\\/4-Doar-Tu-Cover-YouTube.jpg\",\"width\":1024,\"height\":576},{\"@type\":\"BreadcrumbList\",\"@id\":\"https:\\\/\\\/urbeamea.ro\\\/albaiulia\\\/video-doar-tu-noul-single-silvan-stancel\\\/#breadcrumb\",\"itemListElement\":[{\"@type\":\"ListItem\",\"position\":1,\"name\":\"Prima pagin\u0103\",\"item\":\"https:\\\/\\\/urbeamea.ro\\\/albaiulia\\\/\"},{\"@type\":\"ListItem\",\"position\":2,\"name\":\"VIDEO: \u201eDOAR TU\u201d, noul single Silvan St\u00e2ncel\"}]},{\"@type\":\"WebSite\",\"@id\":\"https:\\\/\\\/urbeamea.ro\\\/albaiulia\\\/#website\",\"url\":\"https:\\\/\\\/urbeamea.ro\\\/albaiulia\\\/\",\"name\":\"Revista Urbea Mea, Stiri urbane\",\"description\":\"Evenimente \u0219i \u0219tiri din Alba Iulia, Sebe\u0219, Aiud, Blaj\",\"potentialAction\":[{\"@type\":\"SearchAction\",\"target\":{\"@type\":\"EntryPoint\",\"urlTemplate\":\"https:\\\/\\\/urbeamea.ro\\\/albaiulia\\\/?s={search_term_string}\"},\"query-input\":{\"@type\":\"PropertyValueSpecification\",\"valueRequired\":true,\"valueName\":\"search_term_string\"}}],\"inLanguage\":\"ro-RO\"},{\"@type\":\"Person\",\"@id\":\"https:\\\/\\\/urbeamea.ro\\\/albaiulia\\\/#\\\/schema\\\/person\\\/9700d21fae21c4f038b0b56f4506264a\",\"name\":\"Cristina Ganga\",\"image\":{\"@type\":\"ImageObject\",\"inLanguage\":\"ro-RO\",\"@id\":\"https:\\\/\\\/secure.gravatar.com\\\/avatar\\\/5a67661041f057b4a8ccaf26f5a8e86e2689372006d01faf3dd9eeb10b654bb4?s=96&d=mm&r=g\",\"url\":\"https:\\\/\\\/secure.gravatar.com\\\/avatar\\\/5a67661041f057b4a8ccaf26f5a8e86e2689372006d01faf3dd9eeb10b654bb4?s=96&d=mm&r=g\",\"contentUrl\":\"https:\\\/\\\/secure.gravatar.com\\\/avatar\\\/5a67661041f057b4a8ccaf26f5a8e86e2689372006d01faf3dd9eeb10b654bb4?s=96&d=mm&r=g\",\"caption\":\"Cristina Ganga\"},\"description\":\"Jurnalist\",\"sameAs\":[\"https:\\\/\\\/www.facebook.com\\\/cristina.nicola.587\"],\"url\":\"https:\\\/\\\/urbeamea.ro\\\/albaiulia\\\/author\\\/cristina-nicola\\\/\"}]}<\/script>\n<!-- \/ Yoast SEO plugin. -->","yoast_head_json":{"title":"VIDEO: \u201eDOAR TU\u201d, noul single Silvan St\u00e2ncel - Revista Urbea Mea - Revista de Alba","description":"Artistul albaiulian Silvan St\u00e2ncel lanseaz\u0103 \u00een luna iunie \u00een Rom\u00e2nia un nou single. \u201eDoar tu\u201d\u00a0este noul titlu din repertoriul artistului \u0219i a fost","robots":{"index":"index","follow":"follow","max-snippet":"max-snippet:-1","max-image-preview":"max-image-preview:large","max-video-preview":"max-video-preview:-1"},"canonical":"https:\/\/urbeamea.ro\/albaiulia\/video-doar-tu-noul-single-silvan-stancel\/","twitter_card":"summary_large_image","twitter_title":"VIDEO: \u201eDOAR TU\u201d, noul single Silvan St\u00e2ncel - Revista Urbea Mea - Revista de Alba","twitter_description":"Artistul albaiulian Silvan St\u00e2ncel lanseaz\u0103 \u00een luna iunie \u00een Rom\u00e2nia un nou single. \u201eDoar tu\u201d\u00a0este noul titlu din repertoriul artistului \u0219i a fost","twitter_image":"https:\/\/urbeamea.ro\/albaiulia\/wp-content\/uploads\/2016\/06\/4-Doar-Tu-Cover-YouTube.jpg","twitter_creator":"@urbeameaweb","twitter_site":"@urbeameaweb","schema":{"@context":"https:\/\/schema.org","@graph":[{"@type":"Article","@id":"https:\/\/urbeamea.ro\/albaiulia\/video-doar-tu-noul-single-silvan-stancel\/#article","isPartOf":{"@id":"https:\/\/urbeamea.ro\/albaiulia\/video-doar-tu-noul-single-silvan-stancel\/"},"author":{"name":"Cristina Ganga","@id":"https:\/\/urbeamea.ro\/albaiulia\/#\/schema\/person\/9700d21fae21c4f038b0b56f4506264a"},"headline":"VIDEO: \u201eDOAR TU\u201d, noul single Silvan St\u00e2ncel","datePublished":"2016-06-23T09:09:56+00:00","mainEntityOfPage":{"@id":"https:\/\/urbeamea.ro\/albaiulia\/video-doar-tu-noul-single-silvan-stancel\/"},"wordCount":235,"commentCount":0,"image":{"@id":"https:\/\/urbeamea.ro\/albaiulia\/video-doar-tu-noul-single-silvan-stancel\/#primaryimage"},"thumbnailUrl":"https:\/\/urbeamea.ro\/albaiulia\/wp-content\/uploads\/2016\/06\/4-Doar-Tu-Cover-YouTube.jpg","keywords":["albaiulian","artist","cantec","doar tu","dragosterelatii interumane","Silvan Stancel","single","stiri","Urbea Mea"],"articleSection":["Monden"],"inLanguage":"ro-RO","potentialAction":[{"@type":"CommentAction","name":"Comment","target":["https:\/\/urbeamea.ro\/albaiulia\/video-doar-tu-noul-single-silvan-stancel\/#respond"]}]},{"@type":"WebPage","@id":"https:\/\/urbeamea.ro\/albaiulia\/video-doar-tu-noul-single-silvan-stancel\/","url":"https:\/\/urbeamea.ro\/albaiulia\/video-doar-tu-noul-single-silvan-stancel\/","name":"VIDEO: \u201eDOAR TU\u201d, noul single Silvan St\u00e2ncel - Revista Urbea Mea - Revista de Alba","isPartOf":{"@id":"https:\/\/urbeamea.ro\/albaiulia\/#website"},"primaryImageOfPage":{"@id":"https:\/\/urbeamea.ro\/albaiulia\/video-doar-tu-noul-single-silvan-stancel\/#primaryimage"},"image":{"@id":"https:\/\/urbeamea.ro\/albaiulia\/video-doar-tu-noul-single-silvan-stancel\/#primaryimage"},"thumbnailUrl":"https:\/\/urbeamea.ro\/albaiulia\/wp-content\/uploads\/2016\/06\/4-Doar-Tu-Cover-YouTube.jpg","datePublished":"2016-06-23T09:09:56+00:00","author":{"@id":"https:\/\/urbeamea.ro\/albaiulia\/#\/schema\/person\/9700d21fae21c4f038b0b56f4506264a"},"description":"Artistul albaiulian Silvan St\u00e2ncel lanseaz\u0103 \u00een luna iunie \u00een Rom\u00e2nia un nou single. \u201eDoar tu\u201d\u00a0este noul titlu din repertoriul artistului \u0219i a fost","breadcrumb":{"@id":"https:\/\/urbeamea.ro\/albaiulia\/video-doar-tu-noul-single-silvan-stancel\/#breadcrumb"},"inLanguage":"ro-RO","potentialAction":[{"@type":"ReadAction","target":["https:\/\/urbeamea.ro\/albaiulia\/video-doar-tu-noul-single-silvan-stancel\/"]}]},{"@type":"ImageObject","inLanguage":"ro-RO","@id":"https:\/\/urbeamea.ro\/albaiulia\/video-doar-tu-noul-single-silvan-stancel\/#primaryimage","url":"https:\/\/urbeamea.ro\/albaiulia\/wp-content\/uploads\/2016\/06\/4-Doar-Tu-Cover-YouTube.jpg","contentUrl":"https:\/\/urbeamea.ro\/albaiulia\/wp-content\/uploads\/2016\/06\/4-Doar-Tu-Cover-YouTube.jpg","width":1024,"height":576},{"@type":"BreadcrumbList","@id":"https:\/\/urbeamea.ro\/albaiulia\/video-doar-tu-noul-single-silvan-stancel\/#breadcrumb","itemListElement":[{"@type":"ListItem","position":1,"name":"Prima pagin\u0103","item":"https:\/\/urbeamea.ro\/albaiulia\/"},{"@type":"ListItem","position":2,"name":"VIDEO: \u201eDOAR TU\u201d, noul single Silvan St\u00e2ncel"}]},{"@type":"WebSite","@id":"https:\/\/urbeamea.ro\/albaiulia\/#website","url":"https:\/\/urbeamea.ro\/albaiulia\/","name":"Revista Urbea Mea, Stiri urbane","description":"Evenimente \u0219i \u0219tiri din Alba Iulia, Sebe\u0219, Aiud, Blaj","potentialAction":[{"@type":"SearchAction","target":{"@type":"EntryPoint","urlTemplate":"https:\/\/urbeamea.ro\/albaiulia\/?s={search_term_string}"},"query-input":{"@type":"PropertyValueSpecification","valueRequired":true,"valueName":"search_term_string"}}],"inLanguage":"ro-RO"},{"@type":"Person","@id":"https:\/\/urbeamea.ro\/albaiulia\/#\/schema\/person\/9700d21fae21c4f038b0b56f4506264a","name":"Cristina Ganga","image":{"@type":"ImageObject","inLanguage":"ro-RO","@id":"https:\/\/secure.gravatar.com\/avatar\/5a67661041f057b4a8ccaf26f5a8e86e2689372006d01faf3dd9eeb10b654bb4?s=96&d=mm&r=g","url":"https:\/\/secure.gravatar.com\/avatar\/5a67661041f057b4a8ccaf26f5a8e86e2689372006d01faf3dd9eeb10b654bb4?s=96&d=mm&r=g","contentUrl":"https:\/\/secure.gravatar.com\/avatar\/5a67661041f057b4a8ccaf26f5a8e86e2689372006d01faf3dd9eeb10b654bb4?s=96&d=mm&r=g","caption":"Cristina Ganga"},"description":"Jurnalist","sameAs":["https:\/\/www.facebook.com\/cristina.nicola.587"],"url":"https:\/\/urbeamea.ro\/albaiulia\/author\/cristina-nicola\/"}]}},"_links":{"self":[{"href":"https:\/\/urbeamea.ro\/albaiulia\/wp-json\/wp\/v2\/posts\/26746","targetHints":{"allow":["GET"]}}],"collection":[{"href":"https:\/\/urbeamea.ro\/albaiulia\/wp-json\/wp\/v2\/posts"}],"about":[{"href":"https:\/\/urbeamea.ro\/albaiulia\/wp-json\/wp\/v2\/types\/post"}],"author":[{"embeddable":true,"href":"https:\/\/urbeamea.ro\/albaiulia\/wp-json\/wp\/v2\/users\/17"}],"replies":[{"embeddable":true,"href":"https:\/\/urbeamea.ro\/albaiulia\/wp-json\/wp\/v2\/comments?post=26746"}],"version-history":[{"count":0,"href":"https:\/\/urbeamea.ro\/albaiulia\/wp-json\/wp\/v2\/posts\/26746\/revisions"}],"wp:featuredmedia":[{"embeddable":true,"href":"https:\/\/urbeamea.ro\/albaiulia\/wp-json\/wp\/v2\/media\/26747"}],"wp:attachment":[{"href":"https:\/\/urbeamea.ro\/albaiulia\/wp-json\/wp\/v2\/media?parent=26746"}],"wp:term":[{"taxonomy":"category","embeddable":true,"href":"https:\/\/urbeamea.ro\/albaiulia\/wp-json\/wp\/v2\/categories?post=26746"},{"taxonomy":"post_tag","embeddable":true,"href":"https:\/\/urbeamea.ro\/albaiulia\/wp-json\/wp\/v2\/tags?post=26746"}],"curies":[{"name":"wp","href":"https:\/\/api.w.org\/{rel}","templated":true}]}}