{"id":27495,"date":"2016-07-14T09:29:20","date_gmt":"2016-07-14T06:29:20","guid":{"rendered":"http:\/\/urbeamea.ro\/albaiulia\/?p=27495"},"modified":"2016-07-14T09:29:58","modified_gmt":"2016-07-14T06:29:58","slug":"foto-primaria-alba-iulia-distribuie-ajutoarele-alimentare-pentru-persoane-defavorizate","status":"publish","type":"post","link":"https:\/\/urbeamea.ro\/albaiulia\/foto-primaria-alba-iulia-distribuie-ajutoarele-alimentare-pentru-persoane-defavorizate\/","title":{"rendered":"FOTO: Prim\u0103ria Alba Iulia distribuie ajutoarele alimentare pentru persoane defavorizate"},"content":{"rendered":"<p><strong><img loading=\"lazy\" decoding=\"async\" class=\"size-medium wp-image-27496 alignleft\" src=\"http:\/\/urbeamea.ro\/albaiulia\/wp-content\/uploads\/2016\/07\/IMG_8675-200x300.jpg\" alt=\"IMG_8675\" width=\"200\" height=\"300\" \/>Prim\u0103ria Municipiului Alba Iulia anun\u0163\u0103 distribu\u0163ia de ajutoare alimentare din cadrul Programului Opera\u0163ional Ajutorarea Persoanelor Defavorizate \u2013 POAD 2015 -2016.<\/strong><\/p>\n<p>Conform Hot\u0103r\u00e2rii de Guvern nr. 627\/2015 , categoriile de persoane cele mai defavorizate care beneficiaz\u0103 de ajutoare alimentare distribuite \u00een cadrul POAD \u015fi care au calitatea de destinatari finali \u00een conformitate cu prevederile Regulamentului (UE) nr. 223\/2014 sunt:<\/p>\n<p>a) familiile \u015fi persoanele singure c\u0103rora le este stabilit, prin dispozi\u0163ie scris\u0103 a primarului, dreptul la un venit minim garantat acordat \u00een baza Legii nr. 416\/2001 privind venitul minim garantat, cu modific\u0103rile \u015fi complet\u0103rile ulterioare;<\/p>\n<p>b) familiile beneficiare de aloca\u0163ie pentru sus\u0163inerea familiei acordat\u0103 \u00een baza Legii nr. 277\/2010 privind aloca\u0163ia pentru sus\u0163inerea familiei, republicat\u0103, cu modific\u0103rile \u015fi complet\u0103rile ulterioare;<\/p>\n<p>c) \u015fomerii care beneficiaz\u0103 \u00een condi\u0163iile Legii nr. 76\/2002 privind sistemul asigur\u0103rilor pentru \u015fomaj \u015fi stimularea ocup\u0103rii for\u0163ei de munc\u0103, cu modific\u0103rile \u015fi complet\u0103rile ulterioare, de indemniza\u0163ie de \u015fomaj \u00een cuantum lunar stabilit conform prevederilor legale de p\u00e2n\u0103 la 450 lei, inclusiv, \u015fi \u015fomerii \u00eenregistra\u0163i la agen\u0163iile pentru ocuparea for\u0163ei de munc\u0103 jude\u0163ene care nu beneficiaz\u0103 de indemniza\u0163ie de \u015fomaj \u00een condi\u0163iile Legii nr. 76\/2002, cu modific\u0103rile \u015fi complet\u0103rile ulterioare;<\/p>\n<p>d) pensionarii sistemului public de pensii ale c\u0103ror drepturi, ob\u0163inute din pensie sau, dup\u0103 caz, din pensii cumulate, sunt de p\u00e2n\u0103 la 450 lei\/lun\u0103 inclusiv;<\/p>\n<p>e) pensionarii sistemului public de pensii, beneficiari ai indemniza\u0163iei sociale pentru pensionari, acordat\u0103 potrivit Ordonan\u0163ei de urgen\u0163\u0103 a Guvernului nr. 6\/2009 privind instituirea pensiei sociale minime garantate, aprobat\u0103 prin Legea nr. 196\/2009, al c\u0103ror venit este de p\u00e2n\u0103 la 450 lei\/lun\u0103 inclusiv;<\/p>\n<p><img loading=\"lazy\" decoding=\"async\" class=\"size-medium wp-image-27497 alignleft\" src=\"http:\/\/urbeamea.ro\/albaiulia\/wp-content\/uploads\/2016\/07\/IMG_8679-300x200.jpg\" alt=\"IMG_8679\" width=\"300\" height=\"200\" \/>f) persoanele beneficiare ale prevederilor Legii nr. 49\/1991 privind acordarea de indemniza\u0163ii \u015fi sporuri invalizilor, veteranilor \u015fi v\u0103duvelor de r\u0103zboi, cu modific\u0103rile \u015fi complet\u0103rile ulterioare, Legii nr. 44\/1994 privind veteranii de r\u0103zboi, precum \u015fi unele drepturi ale invalizilor \u015fi v\u0103duvelor de r\u0103zboi, republicat\u0103, cu modific\u0103rile \u015fi complet\u0103rile ulterioare, Legii nr. 49\/1999 privind pensiile I.O.V.R., cu modific\u0103rile \u015fi complet\u0103rile ulterioare, Legii nr. 309\/2002 privind recunoa\u015fterea \u015fi acordarea unor drepturi persoanelor care au efectuat stagiul militar \u00een cadrul Direc\u0163iei Generale a Serviciului Muncii \u00een perioada 1950 \u2013 1961, cu modific\u0103rile \u015fi complet\u0103rile ulterioare, Decretului-lege nr. 118\/1990 privind acordarea unor drepturi persoanelor persecutate din motive politice de dictatura instaurat\u0103 cu \u00eencepere de la 6 martie 1945, precum \u015fi celor deportate \u00een str\u0103in\u0103tate ori constituite \u00een prizonieri, republicat, cu modific\u0103rile \u015fi complet\u0103rile ulterioare, Ordonan\u0163ei Guvernului nr. 105\/1999 privind acordarea unor drepturi persoanelor persecutate de c\u0103tre regimurile instaurate \u00een Rom\u00e2nia cu \u00eencepere de la 6 septembrie 1940 p\u00e2n\u0103 la 6 martie 1945 din motive etnice, aprobat\u0103 cu modific\u0103ri \u015fi complet\u0103ri prin Legea nr. 189\/2000, cu modific\u0103rile \u015fi complet\u0103rile ulterioare, Legii recuno\u015ftin\u0163ei pentru victoria Revolu\u0163iei Rom\u00e2ne din Decembrie 1989 \u015fi pentru revolta muncitoreasc\u0103 anticomunist\u0103 de la Bra\u015fov din noiembrie 1987 nr. 341\/2004, cu modific\u0103rile \u015fi complet\u0103rile ulterioare, Legii nr. 109\/2005 privind instituirea indemniza\u0163iei pentru activitatea de liber-profesionist a arti\u015ftilor interpre\u0163i sau executan\u0163i din Rom\u00e2nia, republicat\u0103, Legii nr. 8\/2006 privind instituirea indemniza\u0163iei pentru pensionarii sistemului public de pensii, membri ai uniunilor de creatori legal constituite \u015fi recunoscute ca persoane juridice de utilitate public\u0103, cu modific\u0103rile \u015fi complet\u0103rile ulterioare, Legii nr. 578\/2004 privind acordarea unui ajutor lunar pentru so\u0163ul supravie\u0163uitor, cu modific\u0103rile ulterioare, dac\u0103 nu realizeaz\u0103 alte venituri \u00een afar\u0103 de cele provenite din drepturile b\u0103ne\u015fti acordate de aceste legi, ale c\u0103ror cuantum cumulat este de p\u00e2n\u0103 la 450 lei\/lun\u0103 inclusiv;<\/p>\n<p><img loading=\"lazy\" decoding=\"async\" class=\"size-medium wp-image-27498 alignleft\" src=\"http:\/\/urbeamea.ro\/albaiulia\/wp-content\/uploads\/2016\/07\/IMG_8681-300x200.jpg\" alt=\"IMG_8681\" width=\"300\" height=\"200\" srcset=\"https:\/\/urbeamea.ro\/albaiulia\/wp-content\/uploads\/2016\/07\/IMG_8681-300x200.jpg 300w, https:\/\/urbeamea.ro\/albaiulia\/wp-content\/uploads\/2016\/07\/IMG_8681-150x100.jpg 150w, https:\/\/urbeamea.ro\/albaiulia\/wp-content\/uploads\/2016\/07\/IMG_8681-768x512.jpg 768w, https:\/\/urbeamea.ro\/albaiulia\/wp-content\/uploads\/2016\/07\/IMG_8681-1024x682.jpg 1024w, https:\/\/urbeamea.ro\/albaiulia\/wp-content\/uploads\/2016\/07\/IMG_8681.jpg 1280w\" sizes=\"auto, (max-width: 300px) 100vw, 300px\" \/>g) persoanele cu handicap grav \u015fi accentuat, adul\u0163i \u015fi copii, care nu beneficiaz\u0103 de \u00eengrijire \u00een servicii sociale \u00een regim reziden\u0163ial, publice sau private;<\/p>\n<p>h) persoanele f\u0103r\u0103 venituri sau ale c\u0103ror venituri nete lunare realizate sunt de p\u00e2n\u0103 la 450 lei\/lun\u0103\/persoan\u0103, inclusiv, \u015fi nu se \u00eencadreaz\u0103 \u00een niciuna dintre categoriile prev\u0103zute la lit. a)- g), stabilite prin dispozi\u0163ie a primarului.<\/p>\n<p><strong>Documentele justificative care dovedesc \u00eencadrarea \u00een una dintre categoriile de persoane mai sus men\u0163ionate sunt, dup\u0103 caz:<\/strong><\/p>\n<p>1. pentru categoriile de persoane men\u0163ionate la lit. a) \u015fi b):<\/p>\n<ul>\n<li>dispozi\u0163ia scris\u0103 a primarului\/decizia de plat\u0103 sau mandatul po\u015ftal;<\/li>\n<\/ul>\n<p>2. pentru categoriile de persoane men\u0163ionate la lit. c):<\/p>\n<ul>\n<li><span lang=\"ro-RO\">carnetul de \u015fomer vizat la zi sau mandatul po\u015ftal, respectiv orice alt document prin care se atest\u0103 plata indemniza\u0163iei de \u015fomaj cuvenite lunar, pentru \u015fomerii care beneficiaz\u0103 de indemniza\u0163ie de \u015fomaj, sau adeverin\u0163\u0103 eliberat\u0103 de serviciile deconcentrate ale Agen\u0163iei Na\u0163ionale pentru Ocuparea For\u0163ei de Munc\u0103 care atest\u0103 \u00eenregistrarea persoanei ca \u015fomer, pentru \u015fomerii care nu beneficiaz\u0103 de indemniza\u0163ie de \u015fomaj \u00een condi\u0163iile <\/span><span lang=\"ro-RO\">Legii nr. 76\/2002<\/span><span lang=\"ro-RO\">, cu modific\u0103rile \u015fi complet\u0103rile ulterioare;<\/span><\/li>\n<\/ul>\n<p>3. pentru categoriile de persoane men\u0163ionate la lit. d) \u2013 f):<\/p>\n<ul>\n<li>talonul de pensie sau mandatul po\u015ftal pentru plata drepturilor;<\/li>\n<\/ul>\n<p>4. pentru categoriile de persoane men\u0163ionate la lit. g):<\/p>\n<ul>\n<li>certificatul de \u00eencadrare \u00een grad de handicap grav sau accentuat;<\/li>\n<\/ul>\n<p>5. pentru categoriile de persoane men\u0163ionate la alin. (1) lit. h):<\/p>\n<ul>\n<li>dispozi\u0163ia primarului av\u00e2nd anexat\u0103 fie ancheta social\u0103, fie adeverin\u0163a eliberat\u0103 de Direc\u0163ia general\u0103 a finan\u0163elor publice, fie documentul care atest\u0103 \u00eenscrierea \u00een eviden\u0163a serviciului public de asisten\u0163\u0103 social\u0103 definit la art. 113 din Legea asisten\u0163ei sociale nr. 292\/2011, ca beneficiar al unor drepturi de asisten\u0163\u0103 social\u0103 pl\u0103tite din bugetul local. Aceste persoane vor depune cerere la Direc\u0163ia de Asisten\u0163\u0103 Social\u0103 str. Bucovinei, nr. 3<\/li>\n<\/ul>\n<p>Documentele mai sus men\u0163ionate, precum \u015fi actul de identitate trebuie s\u0103 fie valabile la data distribu\u0163iei alimentelor.<\/p>\n<p><strong>Persoanele domiciliate \u00een municipiul Alba Iulia, care se reg\u0103sesc \u00een una dintre categoriile mai sus men\u0163ionate, sunt rugate s\u0103 se prezinte pentru a-\u015fi ridica pachetele cu alimente, de luni p\u00e2n\u0103 vineri, \u00eentre orele 8.30 \u2013 14.00 dup\u0103 cum urmeaz\u0103:<\/strong><\/p>\n<ul>\n<li>familiile \u015fi persoanele singure c\u0103rora le este stabilit, prin dispozi\u0163ie scris\u0103 a primarului, dreptul la un venit minim garantat, la Direc\u0163ia de Asisten\u0163\u0103 Social\u0103, str. Bucovinei, nr.3, \u00een perioada 6 \u2013 8 iulie<\/li>\n<li>familiile beneficiare de aloca\u0163ie pentru sus\u0163inerea familiei la Direc\u0163ia de Asisten\u0163\u0103 Social\u0103, str. Bucovinei, nr.3, \u00een perioada 6 \u2013 8 iulie<\/li>\n<li>\u00een perioada 7 \u2013 15 iulie \u2013 persoanele cu handicap grav \u015fi accentuat, adul\u0163i \u015fi copii, neinstitu\u0163ionaliza\u0163i, la Centrul de zi pentru persoane v\u00e2rstnice, Str. Libert\u0103\u0163ii, nr.21<\/li>\n<li>\u00een perioada 18 \u2013 22 iulie \u2013 pensionarii sistemului public de pensii ale c\u0103ror drepturi, ob\u0163inute din pensie sau, dup\u0103 caz, din pensii cumulate, sunt de p\u00e2n\u0103 la 450 lei\/lun\u0103 inclusiv , la Centrul de zi pentru persoane v\u00e2rstnice, str. Libert\u0103\u0163ii, nr. 21<\/li>\n<li>\u00een perioada 25 \u2013 29 iulie \u2013 \u015fomerii care beneficiaz\u0103 de indemniza\u0163ie de \u015fomaj \u00een cuantum lunar stabilit conform prevederilor legale de p\u00e2n\u0103 la 450 lei, inclusiv, \u015fi \u015fomerii \u00eenregistra\u0163i la agen\u0163iile pentru ocuparea for\u0163ei de munc\u0103 jude\u0163ene care nu beneficiaz\u0103 de indemniza\u0163ie de \u015fomaj, la Centrul de zi pentru persoane v\u00e2rstnice, str. Libert\u0103\u0163ii, nr.21<\/li>\n<\/ul>\n<p><strong>Ajutoarele alimentare vor fi distribuite \u00een dou\u0103 cutii de carton cu con\u021binut identic, \u00een fiecare cutie se vor afla urm\u0103toarele produse alimentare \u015fi cantit\u0103\u021bi:<\/strong><\/p>\n<ul>\n<li>F\u0103in\u0103 alb\u0103 de gr\u00e2u \u2013 pung\u0103 de 1 kg \u2013 o bucat\u0103<\/li>\n<li>M\u0103lai \u2013 pung\u0103 de 1 kg \u2013 dou\u0103 buc\u0103\u021bi<\/li>\n<li>Paste f\u0103inoase\u00a0 \u2013 pung\u0103 de 400 g. \u2013 o bucat\u0103<\/li>\n<li>Ulei \u2013 sticl\u0103 din plastic de 1 l. \u2013 dou\u0103 buc\u0103\u021bi<\/li>\n<li>Zah\u0103r \u2013 pung\u0103 de 1 kg. \u2013 o bucat\u0103<\/li>\n<li>Conserv\u0103 carne de vit\u0103 \u2013 cutie metalic\u0103 de 300 g. \u2013 o bucat\u0103<\/li>\n<li>Conserv\u0103 pateu\u00a0 de ficat de porc \u2013 cutie metalic\u0103 de 200 g. \u2013 o bucat\u0103<\/li>\n<li>Orez \u2013 pung\u0103 de 1 kg. \u2013 o bucat\u0103<\/li>\n<li>Conserv\u0103 de pasta de tomate \u2013 cutie metalic\u0103\u00a0de 400 g. \u2013 o bucat\u0103<\/li>\n<li>Fasole boabe \u2013 pung\u0103 de 500 g. \u2013 o bucat\u0103<\/li>\n<\/ul>\n<p>Depozitul POAD 2015 \u2013 2016 este situat pe Calea Mo\u0163ilor, nr. 115 \u2013 Anc\u0103u Company SRL, la ie\u015firea spre Mice\u015fti, pe partea st\u00e2ng\u0103.<\/p>\n<p>Pentru rela\u0163ii suplimentare la telefon 0258.810565 sau 0258.810325.<\/p>\n","protected":false},"excerpt":{"rendered":"<p>Prim\u0103ria Municipiului Alba Iulia anun\u0163\u0103 distribu\u0163ia de ajutoare alimentare din cadrul Programului Opera\u0163ional Ajutorarea Persoanelor Defavorizate \u2013 POAD 2015 -2016. Conform Hot\u0103r\u00e2rii de Guvern nr. 627\/2015 , categoriile de persoane cele mai defavorizate care beneficiaz\u0103 de ajutoare alimentare distribuite \u00een cadrul POAD \u015fi care au calitatea de destinatari finali \u00een conformitate cu prevederile Regulamentului (UE) &hellip;<\/p>\n","protected":false},"author":17,"featured_media":27496,"comment_status":"open","ping_status":"open","sticky":false,"template":"","format":"standard","meta":{"inline_featured_image":false,"footnotes":""},"categories":[2034],"tags":[6193,307,6192,780,1810,6194,1107,6195,308,76],"class_list":["post-27495","post","type-post","status-publish","format-standard","has-post-thumbnail","hentry","category-social","tag-ajutoare-alimentare","tag-alba","tag-distributia","tag-documente","tag-pensionari","tag-persoane-defavorizate","tag-primaria-alba-iulia","tag-someri","tag-stiri","tag-urbea-mea"],"yoast_head":"<!-- This site is optimized with the Yoast SEO plugin v27.4 - https:\/\/yoast.com\/product\/yoast-seo-wordpress\/ -->\n<title>FOTO: Prim\u0103ria Alba Iulia distribuie ajutoarele alimentare pentru persoane defavorizate - Revista Urbea Mea - Revista de Alba<\/title>\n<meta name=\"description\" content=\"Prim\u0103ria Municipiului Alba Iulia anun\u0163\u0103 distribu\u0163ia de ajutoare alimentare din cadrul Programului Opera\u0163ional Ajutorarea Persoanelor Defavorizate \u2013 POAD\" \/>\n<meta name=\"robots\" content=\"index, follow, max-snippet:-1, max-image-preview:large, max-video-preview:-1\" \/>\n<link rel=\"canonical\" href=\"https:\/\/urbeamea.ro\/albaiulia\/foto-primaria-alba-iulia-distribuie-ajutoarele-alimentare-pentru-persoane-defavorizate\/\" \/>\n<meta name=\"twitter:card\" content=\"summary_large_image\" \/>\n<meta name=\"twitter:title\" content=\"FOTO: Prim\u0103ria Alba Iulia distribuie ajutoarele alimentare pentru persoane defavorizate - Revista Urbea Mea - Revista de Alba\" \/>\n<meta name=\"twitter:description\" content=\"Prim\u0103ria Municipiului Alba Iulia anun\u0163\u0103 distribu\u0163ia de ajutoare alimentare din cadrul Programului Opera\u0163ional Ajutorarea Persoanelor Defavorizate \u2013 POAD\" \/>\n<meta name=\"twitter:image\" content=\"https:\/\/urbeamea.ro\/albaiulia\/wp-content\/uploads\/2016\/07\/IMG_8675.jpg\" \/>\n<meta name=\"twitter:creator\" content=\"@urbeameaweb\" \/>\n<meta name=\"twitter:site\" content=\"@urbeameaweb\" \/>\n<script type=\"application\/ld+json\" class=\"yoast-schema-graph\">{\"@context\":\"https:\\\/\\\/schema.org\",\"@graph\":[{\"@type\":\"Article\",\"@id\":\"https:\\\/\\\/urbeamea.ro\\\/albaiulia\\\/foto-primaria-alba-iulia-distribuie-ajutoarele-alimentare-pentru-persoane-defavorizate\\\/#article\",\"isPartOf\":{\"@id\":\"https:\\\/\\\/urbeamea.ro\\\/albaiulia\\\/foto-primaria-alba-iulia-distribuie-ajutoarele-alimentare-pentru-persoane-defavorizate\\\/\"},\"author\":{\"name\":\"Cristina Ganga\",\"@id\":\"https:\\\/\\\/urbeamea.ro\\\/albaiulia\\\/#\\\/schema\\\/person\\\/9700d21fae21c4f038b0b56f4506264a\"},\"headline\":\"FOTO: Prim\u0103ria Alba Iulia distribuie ajutoarele alimentare pentru persoane defavorizate\",\"datePublished\":\"2016-07-14T06:29:20+00:00\",\"dateModified\":\"2016-07-14T06:29:58+00:00\",\"mainEntityOfPage\":{\"@id\":\"https:\\\/\\\/urbeamea.ro\\\/albaiulia\\\/foto-primaria-alba-iulia-distribuie-ajutoarele-alimentare-pentru-persoane-defavorizate\\\/\"},\"wordCount\":1321,\"commentCount\":0,\"image\":{\"@id\":\"https:\\\/\\\/urbeamea.ro\\\/albaiulia\\\/foto-primaria-alba-iulia-distribuie-ajutoarele-alimentare-pentru-persoane-defavorizate\\\/#primaryimage\"},\"thumbnailUrl\":\"https:\\\/\\\/urbeamea.ro\\\/albaiulia\\\/wp-content\\\/uploads\\\/2016\\\/07\\\/IMG_8675.jpg\",\"keywords\":[\"ajutoare alimentare\",\"alba\",\"distributia\",\"documente\",\"pensionari\",\"persoane defavorizate\",\"primaria alba iulia\",\"someri\",\"stiri\",\"Urbea Mea\"],\"articleSection\":[\"Social\"],\"inLanguage\":\"ro-RO\",\"potentialAction\":[{\"@type\":\"CommentAction\",\"name\":\"Comment\",\"target\":[\"https:\\\/\\\/urbeamea.ro\\\/albaiulia\\\/foto-primaria-alba-iulia-distribuie-ajutoarele-alimentare-pentru-persoane-defavorizate\\\/#respond\"]}]},{\"@type\":\"WebPage\",\"@id\":\"https:\\\/\\\/urbeamea.ro\\\/albaiulia\\\/foto-primaria-alba-iulia-distribuie-ajutoarele-alimentare-pentru-persoane-defavorizate\\\/\",\"url\":\"https:\\\/\\\/urbeamea.ro\\\/albaiulia\\\/foto-primaria-alba-iulia-distribuie-ajutoarele-alimentare-pentru-persoane-defavorizate\\\/\",\"name\":\"FOTO: Prim\u0103ria Alba Iulia distribuie ajutoarele alimentare pentru persoane defavorizate - Revista Urbea Mea - Revista de Alba\",\"isPartOf\":{\"@id\":\"https:\\\/\\\/urbeamea.ro\\\/albaiulia\\\/#website\"},\"primaryImageOfPage\":{\"@id\":\"https:\\\/\\\/urbeamea.ro\\\/albaiulia\\\/foto-primaria-alba-iulia-distribuie-ajutoarele-alimentare-pentru-persoane-defavorizate\\\/#primaryimage\"},\"image\":{\"@id\":\"https:\\\/\\\/urbeamea.ro\\\/albaiulia\\\/foto-primaria-alba-iulia-distribuie-ajutoarele-alimentare-pentru-persoane-defavorizate\\\/#primaryimage\"},\"thumbnailUrl\":\"https:\\\/\\\/urbeamea.ro\\\/albaiulia\\\/wp-content\\\/uploads\\\/2016\\\/07\\\/IMG_8675.jpg\",\"datePublished\":\"2016-07-14T06:29:20+00:00\",\"dateModified\":\"2016-07-14T06:29:58+00:00\",\"author\":{\"@id\":\"https:\\\/\\\/urbeamea.ro\\\/albaiulia\\\/#\\\/schema\\\/person\\\/9700d21fae21c4f038b0b56f4506264a\"},\"description\":\"Prim\u0103ria Municipiului Alba Iulia anun\u0163\u0103 distribu\u0163ia de ajutoare alimentare din cadrul Programului Opera\u0163ional Ajutorarea Persoanelor Defavorizate \u2013 POAD\",\"breadcrumb\":{\"@id\":\"https:\\\/\\\/urbeamea.ro\\\/albaiulia\\\/foto-primaria-alba-iulia-distribuie-ajutoarele-alimentare-pentru-persoane-defavorizate\\\/#breadcrumb\"},\"inLanguage\":\"ro-RO\",\"potentialAction\":[{\"@type\":\"ReadAction\",\"target\":[\"https:\\\/\\\/urbeamea.ro\\\/albaiulia\\\/foto-primaria-alba-iulia-distribuie-ajutoarele-alimentare-pentru-persoane-defavorizate\\\/\"]}]},{\"@type\":\"ImageObject\",\"inLanguage\":\"ro-RO\",\"@id\":\"https:\\\/\\\/urbeamea.ro\\\/albaiulia\\\/foto-primaria-alba-iulia-distribuie-ajutoarele-alimentare-pentru-persoane-defavorizate\\\/#primaryimage\",\"url\":\"https:\\\/\\\/urbeamea.ro\\\/albaiulia\\\/wp-content\\\/uploads\\\/2016\\\/07\\\/IMG_8675.jpg\",\"contentUrl\":\"https:\\\/\\\/urbeamea.ro\\\/albaiulia\\\/wp-content\\\/uploads\\\/2016\\\/07\\\/IMG_8675.jpg\",\"width\":853,\"height\":1280},{\"@type\":\"BreadcrumbList\",\"@id\":\"https:\\\/\\\/urbeamea.ro\\\/albaiulia\\\/foto-primaria-alba-iulia-distribuie-ajutoarele-alimentare-pentru-persoane-defavorizate\\\/#breadcrumb\",\"itemListElement\":[{\"@type\":\"ListItem\",\"position\":1,\"name\":\"Prima pagin\u0103\",\"item\":\"https:\\\/\\\/urbeamea.ro\\\/albaiulia\\\/\"},{\"@type\":\"ListItem\",\"position\":2,\"name\":\"FOTO: Prim\u0103ria Alba Iulia distribuie ajutoarele alimentare pentru persoane defavorizate\"}]},{\"@type\":\"WebSite\",\"@id\":\"https:\\\/\\\/urbeamea.ro\\\/albaiulia\\\/#website\",\"url\":\"https:\\\/\\\/urbeamea.ro\\\/albaiulia\\\/\",\"name\":\"Revista Urbea Mea, Stiri urbane\",\"description\":\"Evenimente \u0219i \u0219tiri din Alba Iulia, Sebe\u0219, Aiud, Blaj\",\"potentialAction\":[{\"@type\":\"SearchAction\",\"target\":{\"@type\":\"EntryPoint\",\"urlTemplate\":\"https:\\\/\\\/urbeamea.ro\\\/albaiulia\\\/?s={search_term_string}\"},\"query-input\":{\"@type\":\"PropertyValueSpecification\",\"valueRequired\":true,\"valueName\":\"search_term_string\"}}],\"inLanguage\":\"ro-RO\"},{\"@type\":\"Person\",\"@id\":\"https:\\\/\\\/urbeamea.ro\\\/albaiulia\\\/#\\\/schema\\\/person\\\/9700d21fae21c4f038b0b56f4506264a\",\"name\":\"Cristina Ganga\",\"image\":{\"@type\":\"ImageObject\",\"inLanguage\":\"ro-RO\",\"@id\":\"https:\\\/\\\/secure.gravatar.com\\\/avatar\\\/5a67661041f057b4a8ccaf26f5a8e86e2689372006d01faf3dd9eeb10b654bb4?s=96&d=mm&r=g\",\"url\":\"https:\\\/\\\/secure.gravatar.com\\\/avatar\\\/5a67661041f057b4a8ccaf26f5a8e86e2689372006d01faf3dd9eeb10b654bb4?s=96&d=mm&r=g\",\"contentUrl\":\"https:\\\/\\\/secure.gravatar.com\\\/avatar\\\/5a67661041f057b4a8ccaf26f5a8e86e2689372006d01faf3dd9eeb10b654bb4?s=96&d=mm&r=g\",\"caption\":\"Cristina Ganga\"},\"description\":\"Jurnalist\",\"sameAs\":[\"https:\\\/\\\/www.facebook.com\\\/cristina.nicola.587\"],\"url\":\"https:\\\/\\\/urbeamea.ro\\\/albaiulia\\\/author\\\/cristina-nicola\\\/\"}]}<\/script>\n<!-- \/ Yoast SEO plugin. -->","yoast_head_json":{"title":"FOTO: Prim\u0103ria Alba Iulia distribuie ajutoarele alimentare pentru persoane defavorizate - Revista Urbea Mea - Revista de Alba","description":"Prim\u0103ria Municipiului Alba Iulia anun\u0163\u0103 distribu\u0163ia de ajutoare alimentare din cadrul Programului Opera\u0163ional Ajutorarea Persoanelor Defavorizate \u2013 POAD","robots":{"index":"index","follow":"follow","max-snippet":"max-snippet:-1","max-image-preview":"max-image-preview:large","max-video-preview":"max-video-preview:-1"},"canonical":"https:\/\/urbeamea.ro\/albaiulia\/foto-primaria-alba-iulia-distribuie-ajutoarele-alimentare-pentru-persoane-defavorizate\/","twitter_card":"summary_large_image","twitter_title":"FOTO: Prim\u0103ria Alba Iulia distribuie ajutoarele alimentare pentru persoane defavorizate - Revista Urbea Mea - Revista de Alba","twitter_description":"Prim\u0103ria Municipiului Alba Iulia anun\u0163\u0103 distribu\u0163ia de ajutoare alimentare din cadrul Programului Opera\u0163ional Ajutorarea Persoanelor Defavorizate \u2013 POAD","twitter_image":"https:\/\/urbeamea.ro\/albaiulia\/wp-content\/uploads\/2016\/07\/IMG_8675.jpg","twitter_creator":"@urbeameaweb","twitter_site":"@urbeameaweb","schema":{"@context":"https:\/\/schema.org","@graph":[{"@type":"Article","@id":"https:\/\/urbeamea.ro\/albaiulia\/foto-primaria-alba-iulia-distribuie-ajutoarele-alimentare-pentru-persoane-defavorizate\/#article","isPartOf":{"@id":"https:\/\/urbeamea.ro\/albaiulia\/foto-primaria-alba-iulia-distribuie-ajutoarele-alimentare-pentru-persoane-defavorizate\/"},"author":{"name":"Cristina Ganga","@id":"https:\/\/urbeamea.ro\/albaiulia\/#\/schema\/person\/9700d21fae21c4f038b0b56f4506264a"},"headline":"FOTO: Prim\u0103ria Alba Iulia distribuie ajutoarele alimentare pentru persoane defavorizate","datePublished":"2016-07-14T06:29:20+00:00","dateModified":"2016-07-14T06:29:58+00:00","mainEntityOfPage":{"@id":"https:\/\/urbeamea.ro\/albaiulia\/foto-primaria-alba-iulia-distribuie-ajutoarele-alimentare-pentru-persoane-defavorizate\/"},"wordCount":1321,"commentCount":0,"image":{"@id":"https:\/\/urbeamea.ro\/albaiulia\/foto-primaria-alba-iulia-distribuie-ajutoarele-alimentare-pentru-persoane-defavorizate\/#primaryimage"},"thumbnailUrl":"https:\/\/urbeamea.ro\/albaiulia\/wp-content\/uploads\/2016\/07\/IMG_8675.jpg","keywords":["ajutoare alimentare","alba","distributia","documente","pensionari","persoane defavorizate","primaria alba iulia","someri","stiri","Urbea Mea"],"articleSection":["Social"],"inLanguage":"ro-RO","potentialAction":[{"@type":"CommentAction","name":"Comment","target":["https:\/\/urbeamea.ro\/albaiulia\/foto-primaria-alba-iulia-distribuie-ajutoarele-alimentare-pentru-persoane-defavorizate\/#respond"]}]},{"@type":"WebPage","@id":"https:\/\/urbeamea.ro\/albaiulia\/foto-primaria-alba-iulia-distribuie-ajutoarele-alimentare-pentru-persoane-defavorizate\/","url":"https:\/\/urbeamea.ro\/albaiulia\/foto-primaria-alba-iulia-distribuie-ajutoarele-alimentare-pentru-persoane-defavorizate\/","name":"FOTO: Prim\u0103ria Alba Iulia distribuie ajutoarele alimentare pentru persoane defavorizate - Revista Urbea Mea - Revista de Alba","isPartOf":{"@id":"https:\/\/urbeamea.ro\/albaiulia\/#website"},"primaryImageOfPage":{"@id":"https:\/\/urbeamea.ro\/albaiulia\/foto-primaria-alba-iulia-distribuie-ajutoarele-alimentare-pentru-persoane-defavorizate\/#primaryimage"},"image":{"@id":"https:\/\/urbeamea.ro\/albaiulia\/foto-primaria-alba-iulia-distribuie-ajutoarele-alimentare-pentru-persoane-defavorizate\/#primaryimage"},"thumbnailUrl":"https:\/\/urbeamea.ro\/albaiulia\/wp-content\/uploads\/2016\/07\/IMG_8675.jpg","datePublished":"2016-07-14T06:29:20+00:00","dateModified":"2016-07-14T06:29:58+00:00","author":{"@id":"https:\/\/urbeamea.ro\/albaiulia\/#\/schema\/person\/9700d21fae21c4f038b0b56f4506264a"},"description":"Prim\u0103ria Municipiului Alba Iulia anun\u0163\u0103 distribu\u0163ia de ajutoare alimentare din cadrul Programului Opera\u0163ional Ajutorarea Persoanelor Defavorizate \u2013 POAD","breadcrumb":{"@id":"https:\/\/urbeamea.ro\/albaiulia\/foto-primaria-alba-iulia-distribuie-ajutoarele-alimentare-pentru-persoane-defavorizate\/#breadcrumb"},"inLanguage":"ro-RO","potentialAction":[{"@type":"ReadAction","target":["https:\/\/urbeamea.ro\/albaiulia\/foto-primaria-alba-iulia-distribuie-ajutoarele-alimentare-pentru-persoane-defavorizate\/"]}]},{"@type":"ImageObject","inLanguage":"ro-RO","@id":"https:\/\/urbeamea.ro\/albaiulia\/foto-primaria-alba-iulia-distribuie-ajutoarele-alimentare-pentru-persoane-defavorizate\/#primaryimage","url":"https:\/\/urbeamea.ro\/albaiulia\/wp-content\/uploads\/2016\/07\/IMG_8675.jpg","contentUrl":"https:\/\/urbeamea.ro\/albaiulia\/wp-content\/uploads\/2016\/07\/IMG_8675.jpg","width":853,"height":1280},{"@type":"BreadcrumbList","@id":"https:\/\/urbeamea.ro\/albaiulia\/foto-primaria-alba-iulia-distribuie-ajutoarele-alimentare-pentru-persoane-defavorizate\/#breadcrumb","itemListElement":[{"@type":"ListItem","position":1,"name":"Prima pagin\u0103","item":"https:\/\/urbeamea.ro\/albaiulia\/"},{"@type":"ListItem","position":2,"name":"FOTO: Prim\u0103ria Alba Iulia distribuie ajutoarele alimentare pentru persoane defavorizate"}]},{"@type":"WebSite","@id":"https:\/\/urbeamea.ro\/albaiulia\/#website","url":"https:\/\/urbeamea.ro\/albaiulia\/","name":"Revista Urbea Mea, Stiri urbane","description":"Evenimente \u0219i \u0219tiri din Alba Iulia, Sebe\u0219, Aiud, Blaj","potentialAction":[{"@type":"SearchAction","target":{"@type":"EntryPoint","urlTemplate":"https:\/\/urbeamea.ro\/albaiulia\/?s={search_term_string}"},"query-input":{"@type":"PropertyValueSpecification","valueRequired":true,"valueName":"search_term_string"}}],"inLanguage":"ro-RO"},{"@type":"Person","@id":"https:\/\/urbeamea.ro\/albaiulia\/#\/schema\/person\/9700d21fae21c4f038b0b56f4506264a","name":"Cristina Ganga","image":{"@type":"ImageObject","inLanguage":"ro-RO","@id":"https:\/\/secure.gravatar.com\/avatar\/5a67661041f057b4a8ccaf26f5a8e86e2689372006d01faf3dd9eeb10b654bb4?s=96&d=mm&r=g","url":"https:\/\/secure.gravatar.com\/avatar\/5a67661041f057b4a8ccaf26f5a8e86e2689372006d01faf3dd9eeb10b654bb4?s=96&d=mm&r=g","contentUrl":"https:\/\/secure.gravatar.com\/avatar\/5a67661041f057b4a8ccaf26f5a8e86e2689372006d01faf3dd9eeb10b654bb4?s=96&d=mm&r=g","caption":"Cristina Ganga"},"description":"Jurnalist","sameAs":["https:\/\/www.facebook.com\/cristina.nicola.587"],"url":"https:\/\/urbeamea.ro\/albaiulia\/author\/cristina-nicola\/"}]}},"_links":{"self":[{"href":"https:\/\/urbeamea.ro\/albaiulia\/wp-json\/wp\/v2\/posts\/27495","targetHints":{"allow":["GET"]}}],"collection":[{"href":"https:\/\/urbeamea.ro\/albaiulia\/wp-json\/wp\/v2\/posts"}],"about":[{"href":"https:\/\/urbeamea.ro\/albaiulia\/wp-json\/wp\/v2\/types\/post"}],"author":[{"embeddable":true,"href":"https:\/\/urbeamea.ro\/albaiulia\/wp-json\/wp\/v2\/users\/17"}],"replies":[{"embeddable":true,"href":"https:\/\/urbeamea.ro\/albaiulia\/wp-json\/wp\/v2\/comments?post=27495"}],"version-history":[{"count":0,"href":"https:\/\/urbeamea.ro\/albaiulia\/wp-json\/wp\/v2\/posts\/27495\/revisions"}],"wp:featuredmedia":[{"embeddable":true,"href":"https:\/\/urbeamea.ro\/albaiulia\/wp-json\/wp\/v2\/media\/27496"}],"wp:attachment":[{"href":"https:\/\/urbeamea.ro\/albaiulia\/wp-json\/wp\/v2\/media?parent=27495"}],"wp:term":[{"taxonomy":"category","embeddable":true,"href":"https:\/\/urbeamea.ro\/albaiulia\/wp-json\/wp\/v2\/categories?post=27495"},{"taxonomy":"post_tag","embeddable":true,"href":"https:\/\/urbeamea.ro\/albaiulia\/wp-json\/wp\/v2\/tags?post=27495"}],"curies":[{"name":"wp","href":"https:\/\/api.w.org\/{rel}","templated":true}]}}