{"id":27500,"date":"2016-07-07T14:46:00","date_gmt":"2016-07-07T11:46:00","guid":{"rendered":"http:\/\/urbeamea.ro\/albaiulia\/?p=27500"},"modified":"2016-07-07T14:46:00","modified_gmt":"2016-07-07T11:46:00","slug":"15-gradinite-cu-program-prelungit-din-alba-functioneaza-pe-perioada-vacantei-de-vara","status":"publish","type":"post","link":"https:\/\/urbeamea.ro\/albaiulia\/15-gradinite-cu-program-prelungit-din-alba-functioneaza-pe-perioada-vacantei-de-vara\/","title":{"rendered":"15 gr\u0103dini\u0163e cu program prelungit din Alba func\u021bioneaz\u0103 pe perioada vacan\u021bei de var\u0103"},"content":{"rendered":"<p><strong><img loading=\"lazy\" decoding=\"async\" class=\"size-medium wp-image-6666 alignleft\" src=\"http:\/\/urbeamea.ro\/albaiulia\/wp-content\/uploads\/2015\/08\/parinti-copii-300x200.jpg\" alt=\"parinti-copii\" width=\"300\" height=\"200\" \/>Inspectoratul \u015ecolar Jude\u0163ean Alba anun\u021b\u0103\u00a0c\u0103 \u00een aceast\u0103 var\u0103, p\u0103rin\u0163ii ocupa\u0163i \u00ee\u015fi pot l\u0103sa copiii \u00een grija educatorilor gr\u0103dini\u0163elor cu program prelungit, care desf\u0103\u015foar\u0103 activit\u0103\u021bi educative pe perioada vacan\u021bei de var\u0103.<\/strong><\/p>\n<p><em>\u201cGr\u0103dini\u0163ele cu program prelungit asigur\u0103 pentru pre\u015fcolari, condi\u0163ii la fel de bune ca \u015fi \u00een timpul anului. Pentru c\u0103 nu to\u0163i p\u0103rin\u0163ii solicit\u0103 acest lucru, am organizat programul gr\u0103dini\u0163elor, \u00een a\u015fa fel \u00eenc\u00e2t s\u0103 corespund\u0103 cererilor acestora pe perioade calendaristice\u201d<\/em>, a spus \u015feful I\u015eJ Alba, Marcela D\u0103r\u0103mu\u015f.<\/p>\n<p>\u00cen lista gr\u0103dini\u0163elor cu program prelungit, deschise \u015fi \u00een vacan\u0163a de var\u0103 sunt \u015fapte unit\u0103\u0163i din Alba Iulia, dou\u0103 la Aiud, dou\u0103 la Sebe\u015f \u015fi c\u00e2te una la Blaj, Cugir, Abrud \u015fi Ocna Mure\u015f.<\/p>\n<p>Lista cu gr\u0103dini\u021bele <a href=\"http:\/\/www.isj.albanet.ro\/_documente\/837_tabel%20gradinite_2016.PDF\">AICI.<\/a><\/p>\n","protected":false},"excerpt":{"rendered":"<p>Inspectoratul \u015ecolar Jude\u0163ean Alba anun\u021b\u0103\u00a0c\u0103 \u00een aceast\u0103 var\u0103, p\u0103rin\u0163ii ocupa\u0163i \u00ee\u015fi pot l\u0103sa copiii \u00een grija educatorilor gr\u0103dini\u0163elor cu program prelungit, care desf\u0103\u015foar\u0103 activit\u0103\u021bi educative pe perioada vacan\u021bei de var\u0103. \u201cGr\u0103dini\u0163ele cu program prelungit asigur\u0103 pentru pre\u015fcolari, condi\u0163ii la fel de bune ca \u015fi \u00een timpul anului. Pentru c\u0103 nu to\u0163i p\u0103rin\u0163ii solicit\u0103 acest lucru, &hellip;<\/p>\n","protected":false},"author":17,"featured_media":6666,"comment_status":"open","ping_status":"open","sticky":false,"template":"","format":"standard","meta":{"inline_featured_image":false,"footnotes":""},"categories":[2039],"tags":[847,31,742,1592,1466,743,308,76,5976],"class_list":["post-27500","post","type-post","status-publish","format-standard","has-post-thumbnail","hentry","category-educatie","tag-activitati","tag-alba-iulia","tag-copii","tag-educatoare","tag-gradinite","tag-parinti","tag-stiri","tag-urbea-mea","tag-vacanta-de-vara"],"yoast_head":"<!-- This site is optimized with the Yoast SEO plugin v28.3 - https:\/\/yoast.com\/product\/yoast-seo-wordpress\/ -->\n<title>15 gr\u0103dini\u0163e cu program prelungit din Alba func\u021bioneaz\u0103 pe perioada vacan\u021bei de var\u0103 - Revista Urbea Mea - Revista de Alba<\/title>\n<meta name=\"description\" content=\"Inspectoratul \u015ecolar Jude\u0163ean Alba anun\u021b\u0103\u00a0c\u0103 \u00een aceast\u0103 var\u0103, p\u0103rin\u0163ii ocupa\u0163i \u00ee\u015fi pot l\u0103sa copiii \u00een grija educatorilor gr\u0103dini\u0163elor cu program\" \/>\n<meta name=\"robots\" content=\"index, follow, max-snippet:-1, max-image-preview:large, max-video-preview:-1\" \/>\n<link rel=\"canonical\" href=\"https:\/\/urbeamea.ro\/albaiulia\/15-gradinite-cu-program-prelungit-din-alba-functioneaza-pe-perioada-vacantei-de-vara\/\" \/>\n<meta name=\"twitter:card\" content=\"summary_large_image\" \/>\n<meta name=\"twitter:title\" content=\"15 gr\u0103dini\u0163e cu program prelungit din Alba func\u021bioneaz\u0103 pe perioada vacan\u021bei de var\u0103 - Revista Urbea Mea - Revista de Alba\" \/>\n<meta name=\"twitter:description\" content=\"Inspectoratul \u015ecolar Jude\u0163ean Alba anun\u021b\u0103\u00a0c\u0103 \u00een aceast\u0103 var\u0103, p\u0103rin\u0163ii ocupa\u0163i \u00ee\u015fi pot l\u0103sa copiii \u00een grija educatorilor gr\u0103dini\u0163elor cu program\" \/>\n<meta name=\"twitter:image\" content=\"https:\/\/urbeamea.ro\/albaiulia\/wp-content\/uploads\/2015\/08\/parinti-copii.jpg\" \/>\n<meta name=\"twitter:creator\" content=\"@urbeameaweb\" \/>\n<meta name=\"twitter:site\" content=\"@urbeameaweb\" \/>\n<script type=\"application\/ld+json\" class=\"yoast-schema-graph\">{\"@context\":\"https:\\\/\\\/schema.org\",\"@graph\":[{\"@type\":\"Article\",\"@id\":\"https:\\\/\\\/urbeamea.ro\\\/albaiulia\\\/15-gradinite-cu-program-prelungit-din-alba-functioneaza-pe-perioada-vacantei-de-vara\\\/#article\",\"isPartOf\":{\"@id\":\"https:\\\/\\\/urbeamea.ro\\\/albaiulia\\\/15-gradinite-cu-program-prelungit-din-alba-functioneaza-pe-perioada-vacantei-de-vara\\\/\"},\"author\":{\"name\":\"Cristina Ganga\",\"@id\":\"https:\\\/\\\/urbeamea.ro\\\/albaiulia\\\/#\\\/schema\\\/person\\\/9700d21fae21c4f038b0b56f4506264a\"},\"headline\":\"15 gr\u0103dini\u0163e cu program prelungit din Alba func\u021bioneaz\u0103 pe perioada vacan\u021bei de var\u0103\",\"datePublished\":\"2016-07-07T11:46:00+00:00\",\"mainEntityOfPage\":{\"@id\":\"https:\\\/\\\/urbeamea.ro\\\/albaiulia\\\/15-gradinite-cu-program-prelungit-din-alba-functioneaza-pe-perioada-vacantei-de-vara\\\/\"},\"wordCount\":163,\"commentCount\":0,\"image\":{\"@id\":\"https:\\\/\\\/urbeamea.ro\\\/albaiulia\\\/15-gradinite-cu-program-prelungit-din-alba-functioneaza-pe-perioada-vacantei-de-vara\\\/#primaryimage\"},\"thumbnailUrl\":\"https:\\\/\\\/urbeamea.ro\\\/albaiulia\\\/wp-content\\\/uploads\\\/2015\\\/08\\\/parinti-copii.jpg\",\"keywords\":[\"activitati\",\"Alba Iulia\",\"copii\",\"educatoare\",\"gradinite\",\"parinti\",\"stiri\",\"Urbea Mea\",\"vacanta de vara\"],\"articleSection\":[\"Educa\u021bie\"],\"inLanguage\":\"ro-RO\",\"potentialAction\":[{\"@type\":\"CommentAction\",\"name\":\"Comment\",\"target\":[\"https:\\\/\\\/urbeamea.ro\\\/albaiulia\\\/15-gradinite-cu-program-prelungit-din-alba-functioneaza-pe-perioada-vacantei-de-vara\\\/#respond\"]}]},{\"@type\":\"WebPage\",\"@id\":\"https:\\\/\\\/urbeamea.ro\\\/albaiulia\\\/15-gradinite-cu-program-prelungit-din-alba-functioneaza-pe-perioada-vacantei-de-vara\\\/\",\"url\":\"https:\\\/\\\/urbeamea.ro\\\/albaiulia\\\/15-gradinite-cu-program-prelungit-din-alba-functioneaza-pe-perioada-vacantei-de-vara\\\/\",\"name\":\"15 gr\u0103dini\u0163e cu program prelungit din Alba func\u021bioneaz\u0103 pe perioada vacan\u021bei de var\u0103 - Revista Urbea Mea - Revista de Alba\",\"isPartOf\":{\"@id\":\"https:\\\/\\\/urbeamea.ro\\\/albaiulia\\\/#website\"},\"primaryImageOfPage\":{\"@id\":\"https:\\\/\\\/urbeamea.ro\\\/albaiulia\\\/15-gradinite-cu-program-prelungit-din-alba-functioneaza-pe-perioada-vacantei-de-vara\\\/#primaryimage\"},\"image\":{\"@id\":\"https:\\\/\\\/urbeamea.ro\\\/albaiulia\\\/15-gradinite-cu-program-prelungit-din-alba-functioneaza-pe-perioada-vacantei-de-vara\\\/#primaryimage\"},\"thumbnailUrl\":\"https:\\\/\\\/urbeamea.ro\\\/albaiulia\\\/wp-content\\\/uploads\\\/2015\\\/08\\\/parinti-copii.jpg\",\"datePublished\":\"2016-07-07T11:46:00+00:00\",\"author\":{\"@id\":\"https:\\\/\\\/urbeamea.ro\\\/albaiulia\\\/#\\\/schema\\\/person\\\/9700d21fae21c4f038b0b56f4506264a\"},\"description\":\"Inspectoratul \u015ecolar Jude\u0163ean Alba anun\u021b\u0103\u00a0c\u0103 \u00een aceast\u0103 var\u0103, p\u0103rin\u0163ii ocupa\u0163i \u00ee\u015fi pot l\u0103sa copiii \u00een grija educatorilor gr\u0103dini\u0163elor cu program\",\"breadcrumb\":{\"@id\":\"https:\\\/\\\/urbeamea.ro\\\/albaiulia\\\/15-gradinite-cu-program-prelungit-din-alba-functioneaza-pe-perioada-vacantei-de-vara\\\/#breadcrumb\"},\"inLanguage\":\"ro-RO\",\"potentialAction\":[{\"@type\":\"ReadAction\",\"target\":[\"https:\\\/\\\/urbeamea.ro\\\/albaiulia\\\/15-gradinite-cu-program-prelungit-din-alba-functioneaza-pe-perioada-vacantei-de-vara\\\/\"]}]},{\"@type\":\"ImageObject\",\"inLanguage\":\"ro-RO\",\"@id\":\"https:\\\/\\\/urbeamea.ro\\\/albaiulia\\\/15-gradinite-cu-program-prelungit-din-alba-functioneaza-pe-perioada-vacantei-de-vara\\\/#primaryimage\",\"url\":\"https:\\\/\\\/urbeamea.ro\\\/albaiulia\\\/wp-content\\\/uploads\\\/2015\\\/08\\\/parinti-copii.jpg\",\"contentUrl\":\"https:\\\/\\\/urbeamea.ro\\\/albaiulia\\\/wp-content\\\/uploads\\\/2015\\\/08\\\/parinti-copii.jpg\",\"width\":1280,\"height\":854},{\"@type\":\"BreadcrumbList\",\"@id\":\"https:\\\/\\\/urbeamea.ro\\\/albaiulia\\\/15-gradinite-cu-program-prelungit-din-alba-functioneaza-pe-perioada-vacantei-de-vara\\\/#breadcrumb\",\"itemListElement\":[{\"@type\":\"ListItem\",\"position\":1,\"name\":\"Prima pagin\u0103\",\"item\":\"https:\\\/\\\/urbeamea.ro\\\/albaiulia\\\/\"},{\"@type\":\"ListItem\",\"position\":2,\"name\":\"15 gr\u0103dini\u0163e cu program prelungit din Alba func\u021bioneaz\u0103 pe perioada vacan\u021bei de var\u0103\"}]},{\"@type\":\"WebSite\",\"@id\":\"https:\\\/\\\/urbeamea.ro\\\/albaiulia\\\/#website\",\"url\":\"https:\\\/\\\/urbeamea.ro\\\/albaiulia\\\/\",\"name\":\"Revista Urbea Mea, Stiri urbane\",\"description\":\"Evenimente \u0219i \u0219tiri din Alba Iulia, Sebe\u0219, Aiud, Blaj\",\"potentialAction\":[{\"@type\":\"SearchAction\",\"target\":{\"@type\":\"EntryPoint\",\"urlTemplate\":\"https:\\\/\\\/urbeamea.ro\\\/albaiulia\\\/?s={search_term_string}\"},\"query-input\":{\"@type\":\"PropertyValueSpecification\",\"valueRequired\":true,\"valueName\":\"search_term_string\"}}],\"inLanguage\":\"ro-RO\"},{\"@type\":\"Person\",\"@id\":\"https:\\\/\\\/urbeamea.ro\\\/albaiulia\\\/#\\\/schema\\\/person\\\/9700d21fae21c4f038b0b56f4506264a\",\"name\":\"Cristina Ganga\",\"image\":{\"@type\":\"ImageObject\",\"inLanguage\":\"ro-RO\",\"@id\":\"https:\\\/\\\/secure.gravatar.com\\\/avatar\\\/5a67661041f057b4a8ccaf26f5a8e86e2689372006d01faf3dd9eeb10b654bb4?s=96&d=mm&r=g\",\"url\":\"https:\\\/\\\/secure.gravatar.com\\\/avatar\\\/5a67661041f057b4a8ccaf26f5a8e86e2689372006d01faf3dd9eeb10b654bb4?s=96&d=mm&r=g\",\"contentUrl\":\"https:\\\/\\\/secure.gravatar.com\\\/avatar\\\/5a67661041f057b4a8ccaf26f5a8e86e2689372006d01faf3dd9eeb10b654bb4?s=96&d=mm&r=g\",\"caption\":\"Cristina Ganga\"},\"description\":\"Jurnalist\",\"sameAs\":[\"https:\\\/\\\/www.facebook.com\\\/cristina.nicola.587\"],\"url\":\"https:\\\/\\\/urbeamea.ro\\\/albaiulia\\\/author\\\/cristina-nicola\\\/\"}]}<\/script>\n<!-- \/ Yoast SEO plugin. -->","yoast_head_json":{"title":"15 gr\u0103dini\u0163e cu program prelungit din Alba func\u021bioneaz\u0103 pe perioada vacan\u021bei de var\u0103 - Revista Urbea Mea - Revista de Alba","description":"Inspectoratul \u015ecolar Jude\u0163ean Alba anun\u021b\u0103\u00a0c\u0103 \u00een aceast\u0103 var\u0103, p\u0103rin\u0163ii ocupa\u0163i \u00ee\u015fi pot l\u0103sa copiii \u00een grija educatorilor gr\u0103dini\u0163elor cu program","robots":{"index":"index","follow":"follow","max-snippet":"max-snippet:-1","max-image-preview":"max-image-preview:large","max-video-preview":"max-video-preview:-1"},"canonical":"https:\/\/urbeamea.ro\/albaiulia\/15-gradinite-cu-program-prelungit-din-alba-functioneaza-pe-perioada-vacantei-de-vara\/","twitter_card":"summary_large_image","twitter_title":"15 gr\u0103dini\u0163e cu program prelungit din Alba func\u021bioneaz\u0103 pe perioada vacan\u021bei de var\u0103 - Revista Urbea Mea - Revista de Alba","twitter_description":"Inspectoratul \u015ecolar Jude\u0163ean Alba anun\u021b\u0103\u00a0c\u0103 \u00een aceast\u0103 var\u0103, p\u0103rin\u0163ii ocupa\u0163i \u00ee\u015fi pot l\u0103sa copiii \u00een grija educatorilor gr\u0103dini\u0163elor cu program","twitter_image":"https:\/\/urbeamea.ro\/albaiulia\/wp-content\/uploads\/2015\/08\/parinti-copii.jpg","twitter_creator":"@urbeameaweb","twitter_site":"@urbeameaweb","schema":{"@context":"https:\/\/schema.org","@graph":[{"@type":"Article","@id":"https:\/\/urbeamea.ro\/albaiulia\/15-gradinite-cu-program-prelungit-din-alba-functioneaza-pe-perioada-vacantei-de-vara\/#article","isPartOf":{"@id":"https:\/\/urbeamea.ro\/albaiulia\/15-gradinite-cu-program-prelungit-din-alba-functioneaza-pe-perioada-vacantei-de-vara\/"},"author":{"name":"Cristina Ganga","@id":"https:\/\/urbeamea.ro\/albaiulia\/#\/schema\/person\/9700d21fae21c4f038b0b56f4506264a"},"headline":"15 gr\u0103dini\u0163e cu program prelungit din Alba func\u021bioneaz\u0103 pe perioada vacan\u021bei de var\u0103","datePublished":"2016-07-07T11:46:00+00:00","mainEntityOfPage":{"@id":"https:\/\/urbeamea.ro\/albaiulia\/15-gradinite-cu-program-prelungit-din-alba-functioneaza-pe-perioada-vacantei-de-vara\/"},"wordCount":163,"commentCount":0,"image":{"@id":"https:\/\/urbeamea.ro\/albaiulia\/15-gradinite-cu-program-prelungit-din-alba-functioneaza-pe-perioada-vacantei-de-vara\/#primaryimage"},"thumbnailUrl":"https:\/\/urbeamea.ro\/albaiulia\/wp-content\/uploads\/2015\/08\/parinti-copii.jpg","keywords":["activitati","Alba Iulia","copii","educatoare","gradinite","parinti","stiri","Urbea Mea","vacanta de vara"],"articleSection":["Educa\u021bie"],"inLanguage":"ro-RO","potentialAction":[{"@type":"CommentAction","name":"Comment","target":["https:\/\/urbeamea.ro\/albaiulia\/15-gradinite-cu-program-prelungit-din-alba-functioneaza-pe-perioada-vacantei-de-vara\/#respond"]}]},{"@type":"WebPage","@id":"https:\/\/urbeamea.ro\/albaiulia\/15-gradinite-cu-program-prelungit-din-alba-functioneaza-pe-perioada-vacantei-de-vara\/","url":"https:\/\/urbeamea.ro\/albaiulia\/15-gradinite-cu-program-prelungit-din-alba-functioneaza-pe-perioada-vacantei-de-vara\/","name":"15 gr\u0103dini\u0163e cu program prelungit din Alba func\u021bioneaz\u0103 pe perioada vacan\u021bei de var\u0103 - Revista Urbea Mea - Revista de Alba","isPartOf":{"@id":"https:\/\/urbeamea.ro\/albaiulia\/#website"},"primaryImageOfPage":{"@id":"https:\/\/urbeamea.ro\/albaiulia\/15-gradinite-cu-program-prelungit-din-alba-functioneaza-pe-perioada-vacantei-de-vara\/#primaryimage"},"image":{"@id":"https:\/\/urbeamea.ro\/albaiulia\/15-gradinite-cu-program-prelungit-din-alba-functioneaza-pe-perioada-vacantei-de-vara\/#primaryimage"},"thumbnailUrl":"https:\/\/urbeamea.ro\/albaiulia\/wp-content\/uploads\/2015\/08\/parinti-copii.jpg","datePublished":"2016-07-07T11:46:00+00:00","author":{"@id":"https:\/\/urbeamea.ro\/albaiulia\/#\/schema\/person\/9700d21fae21c4f038b0b56f4506264a"},"description":"Inspectoratul \u015ecolar Jude\u0163ean Alba anun\u021b\u0103\u00a0c\u0103 \u00een aceast\u0103 var\u0103, p\u0103rin\u0163ii ocupa\u0163i \u00ee\u015fi pot l\u0103sa copiii \u00een grija educatorilor gr\u0103dini\u0163elor cu program","breadcrumb":{"@id":"https:\/\/urbeamea.ro\/albaiulia\/15-gradinite-cu-program-prelungit-din-alba-functioneaza-pe-perioada-vacantei-de-vara\/#breadcrumb"},"inLanguage":"ro-RO","potentialAction":[{"@type":"ReadAction","target":["https:\/\/urbeamea.ro\/albaiulia\/15-gradinite-cu-program-prelungit-din-alba-functioneaza-pe-perioada-vacantei-de-vara\/"]}]},{"@type":"ImageObject","inLanguage":"ro-RO","@id":"https:\/\/urbeamea.ro\/albaiulia\/15-gradinite-cu-program-prelungit-din-alba-functioneaza-pe-perioada-vacantei-de-vara\/#primaryimage","url":"https:\/\/urbeamea.ro\/albaiulia\/wp-content\/uploads\/2015\/08\/parinti-copii.jpg","contentUrl":"https:\/\/urbeamea.ro\/albaiulia\/wp-content\/uploads\/2015\/08\/parinti-copii.jpg","width":1280,"height":854},{"@type":"BreadcrumbList","@id":"https:\/\/urbeamea.ro\/albaiulia\/15-gradinite-cu-program-prelungit-din-alba-functioneaza-pe-perioada-vacantei-de-vara\/#breadcrumb","itemListElement":[{"@type":"ListItem","position":1,"name":"Prima pagin\u0103","item":"https:\/\/urbeamea.ro\/albaiulia\/"},{"@type":"ListItem","position":2,"name":"15 gr\u0103dini\u0163e cu program prelungit din Alba func\u021bioneaz\u0103 pe perioada vacan\u021bei de var\u0103"}]},{"@type":"WebSite","@id":"https:\/\/urbeamea.ro\/albaiulia\/#website","url":"https:\/\/urbeamea.ro\/albaiulia\/","name":"Revista Urbea Mea, Stiri urbane","description":"Evenimente \u0219i \u0219tiri din Alba Iulia, Sebe\u0219, Aiud, Blaj","potentialAction":[{"@type":"SearchAction","target":{"@type":"EntryPoint","urlTemplate":"https:\/\/urbeamea.ro\/albaiulia\/?s={search_term_string}"},"query-input":{"@type":"PropertyValueSpecification","valueRequired":true,"valueName":"search_term_string"}}],"inLanguage":"ro-RO"},{"@type":"Person","@id":"https:\/\/urbeamea.ro\/albaiulia\/#\/schema\/person\/9700d21fae21c4f038b0b56f4506264a","name":"Cristina Ganga","image":{"@type":"ImageObject","inLanguage":"ro-RO","@id":"https:\/\/secure.gravatar.com\/avatar\/5a67661041f057b4a8ccaf26f5a8e86e2689372006d01faf3dd9eeb10b654bb4?s=96&d=mm&r=g","url":"https:\/\/secure.gravatar.com\/avatar\/5a67661041f057b4a8ccaf26f5a8e86e2689372006d01faf3dd9eeb10b654bb4?s=96&d=mm&r=g","contentUrl":"https:\/\/secure.gravatar.com\/avatar\/5a67661041f057b4a8ccaf26f5a8e86e2689372006d01faf3dd9eeb10b654bb4?s=96&d=mm&r=g","caption":"Cristina Ganga"},"description":"Jurnalist","sameAs":["https:\/\/www.facebook.com\/cristina.nicola.587"],"url":"https:\/\/urbeamea.ro\/albaiulia\/author\/cristina-nicola\/"}]}},"_links":{"self":[{"href":"https:\/\/urbeamea.ro\/albaiulia\/wp-json\/wp\/v2\/posts\/27500","targetHints":{"allow":["GET"]}}],"collection":[{"href":"https:\/\/urbeamea.ro\/albaiulia\/wp-json\/wp\/v2\/posts"}],"about":[{"href":"https:\/\/urbeamea.ro\/albaiulia\/wp-json\/wp\/v2\/types\/post"}],"author":[{"embeddable":true,"href":"https:\/\/urbeamea.ro\/albaiulia\/wp-json\/wp\/v2\/users\/17"}],"replies":[{"embeddable":true,"href":"https:\/\/urbeamea.ro\/albaiulia\/wp-json\/wp\/v2\/comments?post=27500"}],"version-history":[{"count":0,"href":"https:\/\/urbeamea.ro\/albaiulia\/wp-json\/wp\/v2\/posts\/27500\/revisions"}],"wp:featuredmedia":[{"embeddable":true,"href":"https:\/\/urbeamea.ro\/albaiulia\/wp-json\/wp\/v2\/media\/6666"}],"wp:attachment":[{"href":"https:\/\/urbeamea.ro\/albaiulia\/wp-json\/wp\/v2\/media?parent=27500"}],"wp:term":[{"taxonomy":"category","embeddable":true,"href":"https:\/\/urbeamea.ro\/albaiulia\/wp-json\/wp\/v2\/categories?post=27500"},{"taxonomy":"post_tag","embeddable":true,"href":"https:\/\/urbeamea.ro\/albaiulia\/wp-json\/wp\/v2\/tags?post=27500"}],"curies":[{"name":"wp","href":"https:\/\/api.w.org\/{rel}","templated":true}]}}