{"id":27504,"date":"2016-07-07T18:46:14","date_gmt":"2016-07-07T15:46:14","guid":{"rendered":"http:\/\/urbeamea.ro\/albaiulia\/?p=27504"},"modified":"2016-07-07T18:46:14","modified_gmt":"2016-07-07T15:46:14","slug":"10-26-iulie-echipa-de-baschet-feminin-a-universitatii-din-alba-iulia-se-pregateste-sa-participe-la-jocurile-europene-universitare-din-croatia","status":"publish","type":"post","link":"https:\/\/urbeamea.ro\/albaiulia\/10-26-iulie-echipa-de-baschet-feminin-a-universitatii-din-alba-iulia-se-pregateste-sa-participe-la-jocurile-europene-universitare-din-croatia\/","title":{"rendered":"10-26 iulie: Echipa de baschet feminin a Universit\u0103\u021bii din Alba Iulia se preg\u0103te\u015fte s\u0103 participe la Jocurile Europene Universitare din Croa\u0163ia"},"content":{"rendered":"<p><strong><img loading=\"lazy\" decoding=\"async\" class=\"size-medium wp-image-27505 alignleft\" src=\"http:\/\/urbeamea.ro\/albaiulia\/wp-content\/uploads\/2016\/07\/baschet-300x205.jpg\" alt=\"baschet\" width=\"300\" height=\"205\" \/>Echipa de baschet feminin a Universit\u0103\u0163ii \u201e1 Decembrie\u201d din Alba Iulia se preg\u0103te\u015fte s\u0103 participe, \u00een calitate de reprezentant\u0103 a Rom\u00e2niei, la Jocurile Europene Universitare din Croa\u021bia.<\/strong><\/p>\n<p>\u00cen urma c\u00e2\u0219tig\u0103rii titlurilor de campioni na\u021bionali \u00een competi\u021bia intern\u0103 interuniversitar\u0103 (edi\u021bia 2016), UAB reprezint\u0103 Rom\u00e2nia pentru al doilea an consecutiv \u00een Competi\u021bia European\u0103, anul trecut reu\u0219ind s\u0103 ob\u021bin\u0103 medalia de argint la Baschet 3\u00d73 feminin (Serbia Kragujevac).<\/p>\n<p>Anul acesta, echipele Universit\u0103\u021bii \u201e1 Decembrie 1918\u201d, preg\u0103tite de conf. univ. dr. Constantin Grigore \u0219i lect. univ. dr. Sorin \u0218imon, doresc realizarea unui rezultat cel pu\u021bin la fel de bun ca anul trecut.<\/p>\n<p>\u00cen perioada 10-26 iulie, echipa Universit\u0103\u021bii \u201e1 Decembrie 1918\u201d din Alba Iulia va reprezenta Rom\u00e2nia la dou\u0103 competi\u021bii: Baschet feminin, respectiv Baschet 3\u00d73 feminin.<\/p>\n<p>Lotul juc\u0103toarelor de la UAB care vor reprezenta Rom\u00e2nia la aceste competi\u0163ii este format din urm\u0103toarele studente: Iulia Adina Taltabe\u0163, Sonia Ursu, Maria Daraban, Bianca Ioana Voica, Dora Denisa Ardelean, Marta Fodor, Andreea Daniela Enache, Alina Mihaela Chivu, Andreea Beldian, Elisabeta Pavel. Vor fi \u00eenso\u0163ite de antrenorul Constantin Grigore.<\/p>\n","protected":false},"excerpt":{"rendered":"<p>Echipa de baschet feminin a Universit\u0103\u0163ii \u201e1 Decembrie\u201d din Alba Iulia se preg\u0103te\u015fte s\u0103 participe, \u00een calitate de reprezentant\u0103 a Rom\u00e2niei, la Jocurile Europene Universitare din Croa\u021bia. \u00cen urma c\u00e2\u0219tig\u0103rii titlurilor de campioni na\u021bionali \u00een competi\u021bia intern\u0103 interuniversitar\u0103 (edi\u021bia 2016), UAB reprezint\u0103 Rom\u00e2nia pentru al doilea an consecutiv \u00een Competi\u021bia European\u0103, anul trecut reu\u0219ind s\u0103 &hellip;<\/p>\n","protected":false},"author":17,"featured_media":27505,"comment_status":"open","ping_status":"open","sticky":false,"template":"","format":"standard","meta":{"inline_featured_image":false,"footnotes":""},"categories":[2037],"tags":[31,1573,429,1969,6199,6198,272,308,4268,76],"class_list":["post-27504","post","type-post","status-publish","format-standard","has-post-thumbnail","hentry","category-sport","tag-alba-iulia","tag-baschet","tag-croatia","tag-echipa","tag-jocurile-europene-universitare","tag-reprezentanta","tag-romania","tag-stiri","tag-uab","tag-urbea-mea"],"yoast_head":"<!-- This site is optimized with the Yoast SEO plugin v27.4 - https:\/\/yoast.com\/product\/yoast-seo-wordpress\/ -->\n<title>10-26 iulie: Echipa de baschet feminin a Universit\u0103\u021bii din Alba Iulia se preg\u0103te\u015fte s\u0103 participe la Jocurile Europene Universitare din Croa\u0163ia - Revista Urbea Mea - Revista de Alba<\/title>\n<meta name=\"description\" content=\"Echipa de baschet feminin a Universit\u0103\u0163ii \u201e1 Decembrie\u201d din Alba Iulia se preg\u0103te\u015fte s\u0103 participe, \u00een calitate de reprezentant\u0103 a Rom\u00e2niei, la Jocurile\" \/>\n<meta name=\"robots\" content=\"index, follow, max-snippet:-1, max-image-preview:large, max-video-preview:-1\" \/>\n<link rel=\"canonical\" href=\"https:\/\/urbeamea.ro\/albaiulia\/10-26-iulie-echipa-de-baschet-feminin-a-universitatii-din-alba-iulia-se-pregateste-sa-participe-la-jocurile-europene-universitare-din-croatia\/\" \/>\n<meta name=\"twitter:card\" content=\"summary_large_image\" \/>\n<meta name=\"twitter:title\" content=\"10-26 iulie: Echipa de baschet feminin a Universit\u0103\u021bii din Alba Iulia se preg\u0103te\u015fte s\u0103 participe la Jocurile Europene Universitare din Croa\u0163ia - Revista Urbea Mea - Revista de Alba\" \/>\n<meta name=\"twitter:description\" content=\"Echipa de baschet feminin a Universit\u0103\u0163ii \u201e1 Decembrie\u201d din Alba Iulia se preg\u0103te\u015fte s\u0103 participe, \u00een calitate de reprezentant\u0103 a Rom\u00e2niei, la Jocurile\" \/>\n<meta name=\"twitter:image\" content=\"https:\/\/urbeamea.ro\/albaiulia\/wp-content\/uploads\/2016\/07\/baschet.jpg\" \/>\n<meta name=\"twitter:creator\" content=\"@urbeameaweb\" \/>\n<meta name=\"twitter:site\" content=\"@urbeameaweb\" \/>\n<script type=\"application\/ld+json\" class=\"yoast-schema-graph\">{\"@context\":\"https:\\\/\\\/schema.org\",\"@graph\":[{\"@type\":\"Article\",\"@id\":\"https:\\\/\\\/urbeamea.ro\\\/albaiulia\\\/10-26-iulie-echipa-de-baschet-feminin-a-universitatii-din-alba-iulia-se-pregateste-sa-participe-la-jocurile-europene-universitare-din-croatia\\\/#article\",\"isPartOf\":{\"@id\":\"https:\\\/\\\/urbeamea.ro\\\/albaiulia\\\/10-26-iulie-echipa-de-baschet-feminin-a-universitatii-din-alba-iulia-se-pregateste-sa-participe-la-jocurile-europene-universitare-din-croatia\\\/\"},\"author\":{\"name\":\"Cristina Ganga\",\"@id\":\"https:\\\/\\\/urbeamea.ro\\\/albaiulia\\\/#\\\/schema\\\/person\\\/9700d21fae21c4f038b0b56f4506264a\"},\"headline\":\"10-26 iulie: Echipa de baschet feminin a Universit\u0103\u021bii din Alba Iulia se preg\u0103te\u015fte s\u0103 participe la Jocurile Europene Universitare din Croa\u0163ia\",\"datePublished\":\"2016-07-07T15:46:14+00:00\",\"mainEntityOfPage\":{\"@id\":\"https:\\\/\\\/urbeamea.ro\\\/albaiulia\\\/10-26-iulie-echipa-de-baschet-feminin-a-universitatii-din-alba-iulia-se-pregateste-sa-participe-la-jocurile-europene-universitare-din-croatia\\\/\"},\"wordCount\":213,\"commentCount\":0,\"image\":{\"@id\":\"https:\\\/\\\/urbeamea.ro\\\/albaiulia\\\/10-26-iulie-echipa-de-baschet-feminin-a-universitatii-din-alba-iulia-se-pregateste-sa-participe-la-jocurile-europene-universitare-din-croatia\\\/#primaryimage\"},\"thumbnailUrl\":\"https:\\\/\\\/urbeamea.ro\\\/albaiulia\\\/wp-content\\\/uploads\\\/2016\\\/07\\\/baschet.jpg\",\"keywords\":[\"Alba Iulia\",\"baschet\",\"croatia\",\"echipa\",\"jocurile europene universitare\",\"reprezentanta\",\"romania\",\"stiri\",\"UAB\",\"Urbea Mea\"],\"articleSection\":[\"Sport\"],\"inLanguage\":\"ro-RO\",\"potentialAction\":[{\"@type\":\"CommentAction\",\"name\":\"Comment\",\"target\":[\"https:\\\/\\\/urbeamea.ro\\\/albaiulia\\\/10-26-iulie-echipa-de-baschet-feminin-a-universitatii-din-alba-iulia-se-pregateste-sa-participe-la-jocurile-europene-universitare-din-croatia\\\/#respond\"]}]},{\"@type\":\"WebPage\",\"@id\":\"https:\\\/\\\/urbeamea.ro\\\/albaiulia\\\/10-26-iulie-echipa-de-baschet-feminin-a-universitatii-din-alba-iulia-se-pregateste-sa-participe-la-jocurile-europene-universitare-din-croatia\\\/\",\"url\":\"https:\\\/\\\/urbeamea.ro\\\/albaiulia\\\/10-26-iulie-echipa-de-baschet-feminin-a-universitatii-din-alba-iulia-se-pregateste-sa-participe-la-jocurile-europene-universitare-din-croatia\\\/\",\"name\":\"10-26 iulie: Echipa de baschet feminin a Universit\u0103\u021bii din Alba Iulia se preg\u0103te\u015fte s\u0103 participe la Jocurile Europene Universitare din Croa\u0163ia - Revista Urbea Mea - Revista de Alba\",\"isPartOf\":{\"@id\":\"https:\\\/\\\/urbeamea.ro\\\/albaiulia\\\/#website\"},\"primaryImageOfPage\":{\"@id\":\"https:\\\/\\\/urbeamea.ro\\\/albaiulia\\\/10-26-iulie-echipa-de-baschet-feminin-a-universitatii-din-alba-iulia-se-pregateste-sa-participe-la-jocurile-europene-universitare-din-croatia\\\/#primaryimage\"},\"image\":{\"@id\":\"https:\\\/\\\/urbeamea.ro\\\/albaiulia\\\/10-26-iulie-echipa-de-baschet-feminin-a-universitatii-din-alba-iulia-se-pregateste-sa-participe-la-jocurile-europene-universitare-din-croatia\\\/#primaryimage\"},\"thumbnailUrl\":\"https:\\\/\\\/urbeamea.ro\\\/albaiulia\\\/wp-content\\\/uploads\\\/2016\\\/07\\\/baschet.jpg\",\"datePublished\":\"2016-07-07T15:46:14+00:00\",\"author\":{\"@id\":\"https:\\\/\\\/urbeamea.ro\\\/albaiulia\\\/#\\\/schema\\\/person\\\/9700d21fae21c4f038b0b56f4506264a\"},\"description\":\"Echipa de baschet feminin a Universit\u0103\u0163ii \u201e1 Decembrie\u201d din Alba Iulia se preg\u0103te\u015fte s\u0103 participe, \u00een calitate de reprezentant\u0103 a Rom\u00e2niei, la Jocurile\",\"breadcrumb\":{\"@id\":\"https:\\\/\\\/urbeamea.ro\\\/albaiulia\\\/10-26-iulie-echipa-de-baschet-feminin-a-universitatii-din-alba-iulia-se-pregateste-sa-participe-la-jocurile-europene-universitare-din-croatia\\\/#breadcrumb\"},\"inLanguage\":\"ro-RO\",\"potentialAction\":[{\"@type\":\"ReadAction\",\"target\":[\"https:\\\/\\\/urbeamea.ro\\\/albaiulia\\\/10-26-iulie-echipa-de-baschet-feminin-a-universitatii-din-alba-iulia-se-pregateste-sa-participe-la-jocurile-europene-universitare-din-croatia\\\/\"]}]},{\"@type\":\"ImageObject\",\"inLanguage\":\"ro-RO\",\"@id\":\"https:\\\/\\\/urbeamea.ro\\\/albaiulia\\\/10-26-iulie-echipa-de-baschet-feminin-a-universitatii-din-alba-iulia-se-pregateste-sa-participe-la-jocurile-europene-universitare-din-croatia\\\/#primaryimage\",\"url\":\"https:\\\/\\\/urbeamea.ro\\\/albaiulia\\\/wp-content\\\/uploads\\\/2016\\\/07\\\/baschet.jpg\",\"contentUrl\":\"https:\\\/\\\/urbeamea.ro\\\/albaiulia\\\/wp-content\\\/uploads\\\/2016\\\/07\\\/baschet.jpg\",\"width\":1024,\"height\":700},{\"@type\":\"BreadcrumbList\",\"@id\":\"https:\\\/\\\/urbeamea.ro\\\/albaiulia\\\/10-26-iulie-echipa-de-baschet-feminin-a-universitatii-din-alba-iulia-se-pregateste-sa-participe-la-jocurile-europene-universitare-din-croatia\\\/#breadcrumb\",\"itemListElement\":[{\"@type\":\"ListItem\",\"position\":1,\"name\":\"Prima pagin\u0103\",\"item\":\"https:\\\/\\\/urbeamea.ro\\\/albaiulia\\\/\"},{\"@type\":\"ListItem\",\"position\":2,\"name\":\"10-26 iulie: Echipa de baschet feminin a Universit\u0103\u021bii din Alba Iulia se preg\u0103te\u015fte s\u0103 participe la Jocurile Europene Universitare din Croa\u0163ia\"}]},{\"@type\":\"WebSite\",\"@id\":\"https:\\\/\\\/urbeamea.ro\\\/albaiulia\\\/#website\",\"url\":\"https:\\\/\\\/urbeamea.ro\\\/albaiulia\\\/\",\"name\":\"Revista Urbea Mea, Stiri urbane\",\"description\":\"Evenimente \u0219i \u0219tiri din Alba Iulia, Sebe\u0219, Aiud, Blaj\",\"potentialAction\":[{\"@type\":\"SearchAction\",\"target\":{\"@type\":\"EntryPoint\",\"urlTemplate\":\"https:\\\/\\\/urbeamea.ro\\\/albaiulia\\\/?s={search_term_string}\"},\"query-input\":{\"@type\":\"PropertyValueSpecification\",\"valueRequired\":true,\"valueName\":\"search_term_string\"}}],\"inLanguage\":\"ro-RO\"},{\"@type\":\"Person\",\"@id\":\"https:\\\/\\\/urbeamea.ro\\\/albaiulia\\\/#\\\/schema\\\/person\\\/9700d21fae21c4f038b0b56f4506264a\",\"name\":\"Cristina Ganga\",\"image\":{\"@type\":\"ImageObject\",\"inLanguage\":\"ro-RO\",\"@id\":\"https:\\\/\\\/secure.gravatar.com\\\/avatar\\\/5a67661041f057b4a8ccaf26f5a8e86e2689372006d01faf3dd9eeb10b654bb4?s=96&d=mm&r=g\",\"url\":\"https:\\\/\\\/secure.gravatar.com\\\/avatar\\\/5a67661041f057b4a8ccaf26f5a8e86e2689372006d01faf3dd9eeb10b654bb4?s=96&d=mm&r=g\",\"contentUrl\":\"https:\\\/\\\/secure.gravatar.com\\\/avatar\\\/5a67661041f057b4a8ccaf26f5a8e86e2689372006d01faf3dd9eeb10b654bb4?s=96&d=mm&r=g\",\"caption\":\"Cristina Ganga\"},\"description\":\"Jurnalist\",\"sameAs\":[\"https:\\\/\\\/www.facebook.com\\\/cristina.nicola.587\"],\"url\":\"https:\\\/\\\/urbeamea.ro\\\/albaiulia\\\/author\\\/cristina-nicola\\\/\"}]}<\/script>\n<!-- \/ Yoast SEO plugin. -->","yoast_head_json":{"title":"10-26 iulie: Echipa de baschet feminin a Universit\u0103\u021bii din Alba Iulia se preg\u0103te\u015fte s\u0103 participe la Jocurile Europene Universitare din Croa\u0163ia - Revista Urbea Mea - Revista de Alba","description":"Echipa de baschet feminin a Universit\u0103\u0163ii \u201e1 Decembrie\u201d din Alba Iulia se preg\u0103te\u015fte s\u0103 participe, \u00een calitate de reprezentant\u0103 a Rom\u00e2niei, la Jocurile","robots":{"index":"index","follow":"follow","max-snippet":"max-snippet:-1","max-image-preview":"max-image-preview:large","max-video-preview":"max-video-preview:-1"},"canonical":"https:\/\/urbeamea.ro\/albaiulia\/10-26-iulie-echipa-de-baschet-feminin-a-universitatii-din-alba-iulia-se-pregateste-sa-participe-la-jocurile-europene-universitare-din-croatia\/","twitter_card":"summary_large_image","twitter_title":"10-26 iulie: Echipa de baschet feminin a Universit\u0103\u021bii din Alba Iulia se preg\u0103te\u015fte s\u0103 participe la Jocurile Europene Universitare din Croa\u0163ia - Revista Urbea Mea - Revista de Alba","twitter_description":"Echipa de baschet feminin a Universit\u0103\u0163ii \u201e1 Decembrie\u201d din Alba Iulia se preg\u0103te\u015fte s\u0103 participe, \u00een calitate de reprezentant\u0103 a Rom\u00e2niei, la Jocurile","twitter_image":"https:\/\/urbeamea.ro\/albaiulia\/wp-content\/uploads\/2016\/07\/baschet.jpg","twitter_creator":"@urbeameaweb","twitter_site":"@urbeameaweb","schema":{"@context":"https:\/\/schema.org","@graph":[{"@type":"Article","@id":"https:\/\/urbeamea.ro\/albaiulia\/10-26-iulie-echipa-de-baschet-feminin-a-universitatii-din-alba-iulia-se-pregateste-sa-participe-la-jocurile-europene-universitare-din-croatia\/#article","isPartOf":{"@id":"https:\/\/urbeamea.ro\/albaiulia\/10-26-iulie-echipa-de-baschet-feminin-a-universitatii-din-alba-iulia-se-pregateste-sa-participe-la-jocurile-europene-universitare-din-croatia\/"},"author":{"name":"Cristina Ganga","@id":"https:\/\/urbeamea.ro\/albaiulia\/#\/schema\/person\/9700d21fae21c4f038b0b56f4506264a"},"headline":"10-26 iulie: Echipa de baschet feminin a Universit\u0103\u021bii din Alba Iulia se preg\u0103te\u015fte s\u0103 participe la Jocurile Europene Universitare din Croa\u0163ia","datePublished":"2016-07-07T15:46:14+00:00","mainEntityOfPage":{"@id":"https:\/\/urbeamea.ro\/albaiulia\/10-26-iulie-echipa-de-baschet-feminin-a-universitatii-din-alba-iulia-se-pregateste-sa-participe-la-jocurile-europene-universitare-din-croatia\/"},"wordCount":213,"commentCount":0,"image":{"@id":"https:\/\/urbeamea.ro\/albaiulia\/10-26-iulie-echipa-de-baschet-feminin-a-universitatii-din-alba-iulia-se-pregateste-sa-participe-la-jocurile-europene-universitare-din-croatia\/#primaryimage"},"thumbnailUrl":"https:\/\/urbeamea.ro\/albaiulia\/wp-content\/uploads\/2016\/07\/baschet.jpg","keywords":["Alba Iulia","baschet","croatia","echipa","jocurile europene universitare","reprezentanta","romania","stiri","UAB","Urbea Mea"],"articleSection":["Sport"],"inLanguage":"ro-RO","potentialAction":[{"@type":"CommentAction","name":"Comment","target":["https:\/\/urbeamea.ro\/albaiulia\/10-26-iulie-echipa-de-baschet-feminin-a-universitatii-din-alba-iulia-se-pregateste-sa-participe-la-jocurile-europene-universitare-din-croatia\/#respond"]}]},{"@type":"WebPage","@id":"https:\/\/urbeamea.ro\/albaiulia\/10-26-iulie-echipa-de-baschet-feminin-a-universitatii-din-alba-iulia-se-pregateste-sa-participe-la-jocurile-europene-universitare-din-croatia\/","url":"https:\/\/urbeamea.ro\/albaiulia\/10-26-iulie-echipa-de-baschet-feminin-a-universitatii-din-alba-iulia-se-pregateste-sa-participe-la-jocurile-europene-universitare-din-croatia\/","name":"10-26 iulie: Echipa de baschet feminin a Universit\u0103\u021bii din Alba Iulia se preg\u0103te\u015fte s\u0103 participe la Jocurile Europene Universitare din Croa\u0163ia - Revista Urbea Mea - Revista de Alba","isPartOf":{"@id":"https:\/\/urbeamea.ro\/albaiulia\/#website"},"primaryImageOfPage":{"@id":"https:\/\/urbeamea.ro\/albaiulia\/10-26-iulie-echipa-de-baschet-feminin-a-universitatii-din-alba-iulia-se-pregateste-sa-participe-la-jocurile-europene-universitare-din-croatia\/#primaryimage"},"image":{"@id":"https:\/\/urbeamea.ro\/albaiulia\/10-26-iulie-echipa-de-baschet-feminin-a-universitatii-din-alba-iulia-se-pregateste-sa-participe-la-jocurile-europene-universitare-din-croatia\/#primaryimage"},"thumbnailUrl":"https:\/\/urbeamea.ro\/albaiulia\/wp-content\/uploads\/2016\/07\/baschet.jpg","datePublished":"2016-07-07T15:46:14+00:00","author":{"@id":"https:\/\/urbeamea.ro\/albaiulia\/#\/schema\/person\/9700d21fae21c4f038b0b56f4506264a"},"description":"Echipa de baschet feminin a Universit\u0103\u0163ii \u201e1 Decembrie\u201d din Alba Iulia se preg\u0103te\u015fte s\u0103 participe, \u00een calitate de reprezentant\u0103 a Rom\u00e2niei, la Jocurile","breadcrumb":{"@id":"https:\/\/urbeamea.ro\/albaiulia\/10-26-iulie-echipa-de-baschet-feminin-a-universitatii-din-alba-iulia-se-pregateste-sa-participe-la-jocurile-europene-universitare-din-croatia\/#breadcrumb"},"inLanguage":"ro-RO","potentialAction":[{"@type":"ReadAction","target":["https:\/\/urbeamea.ro\/albaiulia\/10-26-iulie-echipa-de-baschet-feminin-a-universitatii-din-alba-iulia-se-pregateste-sa-participe-la-jocurile-europene-universitare-din-croatia\/"]}]},{"@type":"ImageObject","inLanguage":"ro-RO","@id":"https:\/\/urbeamea.ro\/albaiulia\/10-26-iulie-echipa-de-baschet-feminin-a-universitatii-din-alba-iulia-se-pregateste-sa-participe-la-jocurile-europene-universitare-din-croatia\/#primaryimage","url":"https:\/\/urbeamea.ro\/albaiulia\/wp-content\/uploads\/2016\/07\/baschet.jpg","contentUrl":"https:\/\/urbeamea.ro\/albaiulia\/wp-content\/uploads\/2016\/07\/baschet.jpg","width":1024,"height":700},{"@type":"BreadcrumbList","@id":"https:\/\/urbeamea.ro\/albaiulia\/10-26-iulie-echipa-de-baschet-feminin-a-universitatii-din-alba-iulia-se-pregateste-sa-participe-la-jocurile-europene-universitare-din-croatia\/#breadcrumb","itemListElement":[{"@type":"ListItem","position":1,"name":"Prima pagin\u0103","item":"https:\/\/urbeamea.ro\/albaiulia\/"},{"@type":"ListItem","position":2,"name":"10-26 iulie: Echipa de baschet feminin a Universit\u0103\u021bii din Alba Iulia se preg\u0103te\u015fte s\u0103 participe la Jocurile Europene Universitare din Croa\u0163ia"}]},{"@type":"WebSite","@id":"https:\/\/urbeamea.ro\/albaiulia\/#website","url":"https:\/\/urbeamea.ro\/albaiulia\/","name":"Revista Urbea Mea, Stiri urbane","description":"Evenimente \u0219i \u0219tiri din Alba Iulia, Sebe\u0219, Aiud, Blaj","potentialAction":[{"@type":"SearchAction","target":{"@type":"EntryPoint","urlTemplate":"https:\/\/urbeamea.ro\/albaiulia\/?s={search_term_string}"},"query-input":{"@type":"PropertyValueSpecification","valueRequired":true,"valueName":"search_term_string"}}],"inLanguage":"ro-RO"},{"@type":"Person","@id":"https:\/\/urbeamea.ro\/albaiulia\/#\/schema\/person\/9700d21fae21c4f038b0b56f4506264a","name":"Cristina Ganga","image":{"@type":"ImageObject","inLanguage":"ro-RO","@id":"https:\/\/secure.gravatar.com\/avatar\/5a67661041f057b4a8ccaf26f5a8e86e2689372006d01faf3dd9eeb10b654bb4?s=96&d=mm&r=g","url":"https:\/\/secure.gravatar.com\/avatar\/5a67661041f057b4a8ccaf26f5a8e86e2689372006d01faf3dd9eeb10b654bb4?s=96&d=mm&r=g","contentUrl":"https:\/\/secure.gravatar.com\/avatar\/5a67661041f057b4a8ccaf26f5a8e86e2689372006d01faf3dd9eeb10b654bb4?s=96&d=mm&r=g","caption":"Cristina Ganga"},"description":"Jurnalist","sameAs":["https:\/\/www.facebook.com\/cristina.nicola.587"],"url":"https:\/\/urbeamea.ro\/albaiulia\/author\/cristina-nicola\/"}]}},"_links":{"self":[{"href":"https:\/\/urbeamea.ro\/albaiulia\/wp-json\/wp\/v2\/posts\/27504","targetHints":{"allow":["GET"]}}],"collection":[{"href":"https:\/\/urbeamea.ro\/albaiulia\/wp-json\/wp\/v2\/posts"}],"about":[{"href":"https:\/\/urbeamea.ro\/albaiulia\/wp-json\/wp\/v2\/types\/post"}],"author":[{"embeddable":true,"href":"https:\/\/urbeamea.ro\/albaiulia\/wp-json\/wp\/v2\/users\/17"}],"replies":[{"embeddable":true,"href":"https:\/\/urbeamea.ro\/albaiulia\/wp-json\/wp\/v2\/comments?post=27504"}],"version-history":[{"count":0,"href":"https:\/\/urbeamea.ro\/albaiulia\/wp-json\/wp\/v2\/posts\/27504\/revisions"}],"wp:featuredmedia":[{"embeddable":true,"href":"https:\/\/urbeamea.ro\/albaiulia\/wp-json\/wp\/v2\/media\/27505"}],"wp:attachment":[{"href":"https:\/\/urbeamea.ro\/albaiulia\/wp-json\/wp\/v2\/media?parent=27504"}],"wp:term":[{"taxonomy":"category","embeddable":true,"href":"https:\/\/urbeamea.ro\/albaiulia\/wp-json\/wp\/v2\/categories?post=27504"},{"taxonomy":"post_tag","embeddable":true,"href":"https:\/\/urbeamea.ro\/albaiulia\/wp-json\/wp\/v2\/tags?post=27504"}],"curies":[{"name":"wp","href":"https:\/\/api.w.org\/{rel}","templated":true}]}}