{"id":27869,"date":"2016-07-12T15:09:54","date_gmt":"2016-07-12T12:09:54","guid":{"rendered":"http:\/\/urbeamea.ro\/albaiulia\/?p=27869"},"modified":"2016-07-12T15:09:54","modified_gmt":"2016-07-12T12:09:54","slug":"duminica-casatorie-cu-de-a-sila-cu-trupa-skepsis-in-fata-muzeului-national-al-unirii-din-alba-iulia","status":"publish","type":"post","link":"https:\/\/urbeamea.ro\/albaiulia\/duminica-casatorie-cu-de-a-sila-cu-trupa-skepsis-in-fata-muzeului-national-al-unirii-din-alba-iulia\/","title":{"rendered":"Duminic\u0103: \u201eC\u0103s\u0103torie cu de-a sila\u201d, cu trupa Skepsis, \u00een fa\u021ba Muzeului Na\u021bional al Unirii din Alba Iulia"},"content":{"rendered":"<p><strong><img loading=\"lazy\" decoding=\"async\" class=\"size-medium wp-image-27870 alignleft\" src=\"http:\/\/urbeamea.ro\/albaiulia\/wp-content\/uploads\/2016\/07\/MAD_3252-300x201.jpg\" alt=\"MAD_3252\" width=\"300\" height=\"201\" \/>Programul de spectacole \u00een aer liber din cadrul proiectului \u201eStagiunea cu Skepsis 2016\u201d continu\u0103 duminic\u0103, 17 iulie, la ora 19.00, \u00een fa\u0163a Muzeului Na\u0163ional al Unirii Alba Iulia. Trupa de teatru Skepsis invit\u0103 albaiulienii \u0219i turi\u0219tii la comedia \u201eC\u0103s\u0103torie cu de-a sila\u201d, dup\u0103 Moliere.<\/strong><\/p>\n<p>Prezentat\u0103 pentru prima oar\u0103 \u00een fa\u0163a Regelui Ludovic al XIV \u2013 lea, \u00een 1664, aceast\u0103 \u201ecomedie-mascarad\u0103\u201d, a\u015fa cum o numea chiar autorul, prezint\u0103 publicului aventura prin care trece Sganarelle, nobil b\u0103tr\u00e2n \u015fi bogat, care dore\u015fte s\u0103 se \u00eensoare cu Dorimena, o fat\u0103 mult mai t\u00e2n\u0103r\u0103 ca el. <span lang=\"fr-FR\">Pentru a reu\u015fi, Sganarelle face mari eforturi, fiind decis s\u0103 ob\u0163in\u0103 ceea ce dore\u015fte. Dincolo de ridicolul situa\u0163iei, des \u00eent\u00e2lnite \u015fi \u00een zilele noastre de altfel, satira lui Moliere \u201earde\u201d falsa intelectualitate \u015fi atinge problema modului modului \u00een care oamenii superficializeaz\u0103 respectul, \u00eencrederea \u015fi \u00een\u0163elegerea rela\u0163iilor de prietenie.<\/span><\/p>\n<p><img loading=\"lazy\" decoding=\"async\" class=\"size-medium wp-image-27871 alignright\" src=\"http:\/\/urbeamea.ro\/albaiulia\/wp-content\/uploads\/2016\/07\/IMG_6887-300x200.jpg\" alt=\"IMG_6887\" width=\"300\" height=\"200\" srcset=\"https:\/\/urbeamea.ro\/albaiulia\/wp-content\/uploads\/2016\/07\/IMG_6887-300x200.jpg 300w, https:\/\/urbeamea.ro\/albaiulia\/wp-content\/uploads\/2016\/07\/IMG_6887-150x100.jpg 150w, https:\/\/urbeamea.ro\/albaiulia\/wp-content\/uploads\/2016\/07\/IMG_6887-768x512.jpg 768w, https:\/\/urbeamea.ro\/albaiulia\/wp-content\/uploads\/2016\/07\/IMG_6887.jpg 800w\" sizes=\"auto, (max-width: 300px) 100vw, 300px\" \/>Distribu\u0163ie: SGANARELLE\u2013 Viorel <span lang=\"ro-RO\">Cioflic\u0103<\/span>; G\u00c9RONIMO\u2013 Eugenio; DORIMENA\u2013 Olga Surd; ALCANTOR\u2013 Zoltan Zlaczki; LYCASTE \u2013 David Chismorie; PRIMA EGIP\u0162IAN\u0102\u2013 Liudmila Cioflic\u0103; A DOUA EGIP\u0162IAN\u0102\u2013 Valentina Niculescu; PANCRATIUS\u2013 Vinicius Moldovan; MARFURIUS\u2013 Lawrence Chismorie;<\/p>\n<p>ALCIDAS\u2013 Bogdan Berar. Regia: Viorel Cioflic\u0103.<\/p>\n<p><img loading=\"lazy\" decoding=\"async\" class=\"size-medium wp-image-27872 alignleft\" src=\"http:\/\/urbeamea.ro\/albaiulia\/wp-content\/uploads\/2016\/07\/MAD_3256-300x201.jpg\" alt=\"MAD_3256\" width=\"300\" height=\"201\" srcset=\"https:\/\/urbeamea.ro\/albaiulia\/wp-content\/uploads\/2016\/07\/MAD_3256-300x201.jpg 300w, https:\/\/urbeamea.ro\/albaiulia\/wp-content\/uploads\/2016\/07\/MAD_3256-150x100.jpg 150w, https:\/\/urbeamea.ro\/albaiulia\/wp-content\/uploads\/2016\/07\/MAD_3256-768x514.jpg 768w, https:\/\/urbeamea.ro\/albaiulia\/wp-content\/uploads\/2016\/07\/MAD_3256.jpg 800w\" sizes=\"auto, (max-width: 300px) 100vw, 300px\" \/>Proiectul Stagiunea cu Skepsis 2016 este desf\u0103\u015furat \u00een perioada ianuarie 2016 \u2013 decembrie 2016, fiind un proiect de tineret \u015fi baz\u00e2ndu-se pe motivarea acestuia de a se implica \u00een diversificarea ofertei cultural-artistice a ora\u015fului \u015fi de a participa activ la dezvoltarea vie\u0163ii socioculturale a comunit\u0103\u0163ii. Prin acest proiect Asocia\u0163ia Grupul Skepsis preg\u0103te\u015fte \u015fi ofer\u0103 publicului albaiulian o serie de spectacole de teatru \u015fi divertisment.<span lang=\"ro-RO\">Stagiunea cu Skepsis include spectacole de sal\u0103 dar \u015fi un program de var\u0103 \u00een care se prezent\u0103 publicului, gratuit, \u00een aer liber, o serie de spectacole de strad\u0103 cu specific medieval \u015fi clasic.<\/span><\/p>\n<p>Parteneri proiectului sunt Prim\u0103ria Municipiului Alba Iulia, Casa de Cultur\u0103 a Studen\u0163ilor Alba Iulia, Funda\u0163ia \u201cInter-Art\u201d Aiud, Muzeul Na\u0163ional al Unirii Alba Iulia \u0219i Universitatea \u201e1 Decembrie 1918\u201d Alba Iulia.<\/p>\n","protected":false},"excerpt":{"rendered":"<p>Programul de spectacole \u00een aer liber din cadrul proiectului \u201eStagiunea cu Skepsis 2016\u201d continu\u0103 duminic\u0103, 17 iulie, la ora 19.00, \u00een fa\u0163a Muzeului Na\u0163ional al Unirii Alba Iulia. Trupa de teatru Skepsis invit\u0103 albaiulienii \u0219i turi\u0219tii la comedia \u201eC\u0103s\u0103torie cu de-a sila\u201d, dup\u0103 Moliere. Prezentat\u0103 pentru prima oar\u0103 \u00een fa\u0163a Regelui Ludovic al XIV \u2013 &hellip;<\/p>\n","protected":false},"author":17,"featured_media":27870,"comment_status":"open","ping_status":"open","sticky":false,"template":"","format":"standard","meta":{"inline_featured_image":false,"footnotes":""},"categories":[2038],"tags":[6108,31,6263,6262,421,6261,360,995,308,359,76],"class_list":["post-27869","post","type-post","status-publish","format-standard","has-post-thumbnail","hentry","category-cultura","tag-casatorie-cu-de-a-sila","tag-alba-iulia","tag-comedie-mascarada","tag-moliere","tag-muzeul-national-al-unirii","tag-preoiect","tag-spectacol","tag-stagiune-cu-skepsis","tag-stiri","tag-teatru","tag-urbea-mea"],"yoast_head":"<!-- This site is optimized with the Yoast SEO plugin v27.4 - https:\/\/yoast.com\/product\/yoast-seo-wordpress\/ -->\n<title>Duminic\u0103: \u201eC\u0103s\u0103torie cu de-a sila\u201d, cu trupa Skepsis, \u00een fa\u021ba Muzeului Na\u021bional al Unirii din Alba Iulia - Revista Urbea Mea - Revista de Alba<\/title>\n<meta name=\"description\" content=\"Programul de spectacole \u00een aer liber din cadrul proiectului \u201eStagiunea cu Skepsis 2016\u201d continu\u0103 duminic\u0103, 17 iulie, la ora 19.00, \u00een fa\u0163a Muzeului\" \/>\n<meta name=\"robots\" content=\"index, follow, max-snippet:-1, max-image-preview:large, max-video-preview:-1\" \/>\n<link rel=\"canonical\" href=\"https:\/\/urbeamea.ro\/albaiulia\/duminica-casatorie-cu-de-a-sila-cu-trupa-skepsis-in-fata-muzeului-national-al-unirii-din-alba-iulia\/\" \/>\n<meta name=\"twitter:card\" content=\"summary_large_image\" \/>\n<meta name=\"twitter:title\" content=\"Duminic\u0103: \u201eC\u0103s\u0103torie cu de-a sila\u201d, cu trupa Skepsis, \u00een fa\u021ba Muzeului Na\u021bional al Unirii din Alba Iulia - Revista Urbea Mea - Revista de Alba\" \/>\n<meta name=\"twitter:description\" content=\"Programul de spectacole \u00een aer liber din cadrul proiectului \u201eStagiunea cu Skepsis 2016\u201d continu\u0103 duminic\u0103, 17 iulie, la ora 19.00, \u00een fa\u0163a Muzeului\" \/>\n<meta name=\"twitter:image\" content=\"https:\/\/urbeamea.ro\/albaiulia\/wp-content\/uploads\/2016\/07\/MAD_3252.jpg\" \/>\n<meta name=\"twitter:creator\" content=\"@urbeameaweb\" \/>\n<meta name=\"twitter:site\" content=\"@urbeameaweb\" \/>\n<script type=\"application\/ld+json\" class=\"yoast-schema-graph\">{\"@context\":\"https:\\\/\\\/schema.org\",\"@graph\":[{\"@type\":\"Article\",\"@id\":\"https:\\\/\\\/urbeamea.ro\\\/albaiulia\\\/duminica-casatorie-cu-de-a-sila-cu-trupa-skepsis-in-fata-muzeului-national-al-unirii-din-alba-iulia\\\/#article\",\"isPartOf\":{\"@id\":\"https:\\\/\\\/urbeamea.ro\\\/albaiulia\\\/duminica-casatorie-cu-de-a-sila-cu-trupa-skepsis-in-fata-muzeului-national-al-unirii-din-alba-iulia\\\/\"},\"author\":{\"name\":\"Cristina Ganga\",\"@id\":\"https:\\\/\\\/urbeamea.ro\\\/albaiulia\\\/#\\\/schema\\\/person\\\/9700d21fae21c4f038b0b56f4506264a\"},\"headline\":\"Duminic\u0103: \u201eC\u0103s\u0103torie cu de-a sila\u201d, cu trupa Skepsis, \u00een fa\u021ba Muzeului Na\u021bional al Unirii din Alba Iulia\",\"datePublished\":\"2016-07-12T12:09:54+00:00\",\"mainEntityOfPage\":{\"@id\":\"https:\\\/\\\/urbeamea.ro\\\/albaiulia\\\/duminica-casatorie-cu-de-a-sila-cu-trupa-skepsis-in-fata-muzeului-national-al-unirii-din-alba-iulia\\\/\"},\"wordCount\":347,\"commentCount\":0,\"image\":{\"@id\":\"https:\\\/\\\/urbeamea.ro\\\/albaiulia\\\/duminica-casatorie-cu-de-a-sila-cu-trupa-skepsis-in-fata-muzeului-national-al-unirii-din-alba-iulia\\\/#primaryimage\"},\"thumbnailUrl\":\"https:\\\/\\\/urbeamea.ro\\\/albaiulia\\\/wp-content\\\/uploads\\\/2016\\\/07\\\/MAD_3252.jpg\",\"keywords\":[\"\u201cC\u0103s\u0103torie cu de-a sila\u201d\",\"Alba Iulia\",\"comedie-mascarada\",\"moliere\",\"muzeul national al unirii\",\"preoiect\",\"spectacol\",\"stagiune cu skepsis\",\"stiri\",\"teatru\",\"Urbea Mea\"],\"articleSection\":[\"Cultur\u0103\"],\"inLanguage\":\"ro-RO\",\"potentialAction\":[{\"@type\":\"CommentAction\",\"name\":\"Comment\",\"target\":[\"https:\\\/\\\/urbeamea.ro\\\/albaiulia\\\/duminica-casatorie-cu-de-a-sila-cu-trupa-skepsis-in-fata-muzeului-national-al-unirii-din-alba-iulia\\\/#respond\"]}]},{\"@type\":\"WebPage\",\"@id\":\"https:\\\/\\\/urbeamea.ro\\\/albaiulia\\\/duminica-casatorie-cu-de-a-sila-cu-trupa-skepsis-in-fata-muzeului-national-al-unirii-din-alba-iulia\\\/\",\"url\":\"https:\\\/\\\/urbeamea.ro\\\/albaiulia\\\/duminica-casatorie-cu-de-a-sila-cu-trupa-skepsis-in-fata-muzeului-national-al-unirii-din-alba-iulia\\\/\",\"name\":\"Duminic\u0103: \u201eC\u0103s\u0103torie cu de-a sila\u201d, cu trupa Skepsis, \u00een fa\u021ba Muzeului Na\u021bional al Unirii din Alba Iulia - Revista Urbea Mea - Revista de Alba\",\"isPartOf\":{\"@id\":\"https:\\\/\\\/urbeamea.ro\\\/albaiulia\\\/#website\"},\"primaryImageOfPage\":{\"@id\":\"https:\\\/\\\/urbeamea.ro\\\/albaiulia\\\/duminica-casatorie-cu-de-a-sila-cu-trupa-skepsis-in-fata-muzeului-national-al-unirii-din-alba-iulia\\\/#primaryimage\"},\"image\":{\"@id\":\"https:\\\/\\\/urbeamea.ro\\\/albaiulia\\\/duminica-casatorie-cu-de-a-sila-cu-trupa-skepsis-in-fata-muzeului-national-al-unirii-din-alba-iulia\\\/#primaryimage\"},\"thumbnailUrl\":\"https:\\\/\\\/urbeamea.ro\\\/albaiulia\\\/wp-content\\\/uploads\\\/2016\\\/07\\\/MAD_3252.jpg\",\"datePublished\":\"2016-07-12T12:09:54+00:00\",\"author\":{\"@id\":\"https:\\\/\\\/urbeamea.ro\\\/albaiulia\\\/#\\\/schema\\\/person\\\/9700d21fae21c4f038b0b56f4506264a\"},\"description\":\"Programul de spectacole \u00een aer liber din cadrul proiectului \u201eStagiunea cu Skepsis 2016\u201d continu\u0103 duminic\u0103, 17 iulie, la ora 19.00, \u00een fa\u0163a Muzeului\",\"breadcrumb\":{\"@id\":\"https:\\\/\\\/urbeamea.ro\\\/albaiulia\\\/duminica-casatorie-cu-de-a-sila-cu-trupa-skepsis-in-fata-muzeului-national-al-unirii-din-alba-iulia\\\/#breadcrumb\"},\"inLanguage\":\"ro-RO\",\"potentialAction\":[{\"@type\":\"ReadAction\",\"target\":[\"https:\\\/\\\/urbeamea.ro\\\/albaiulia\\\/duminica-casatorie-cu-de-a-sila-cu-trupa-skepsis-in-fata-muzeului-national-al-unirii-din-alba-iulia\\\/\"]}]},{\"@type\":\"ImageObject\",\"inLanguage\":\"ro-RO\",\"@id\":\"https:\\\/\\\/urbeamea.ro\\\/albaiulia\\\/duminica-casatorie-cu-de-a-sila-cu-trupa-skepsis-in-fata-muzeului-national-al-unirii-din-alba-iulia\\\/#primaryimage\",\"url\":\"https:\\\/\\\/urbeamea.ro\\\/albaiulia\\\/wp-content\\\/uploads\\\/2016\\\/07\\\/MAD_3252.jpg\",\"contentUrl\":\"https:\\\/\\\/urbeamea.ro\\\/albaiulia\\\/wp-content\\\/uploads\\\/2016\\\/07\\\/MAD_3252.jpg\",\"width\":800,\"height\":535},{\"@type\":\"BreadcrumbList\",\"@id\":\"https:\\\/\\\/urbeamea.ro\\\/albaiulia\\\/duminica-casatorie-cu-de-a-sila-cu-trupa-skepsis-in-fata-muzeului-national-al-unirii-din-alba-iulia\\\/#breadcrumb\",\"itemListElement\":[{\"@type\":\"ListItem\",\"position\":1,\"name\":\"Prima pagin\u0103\",\"item\":\"https:\\\/\\\/urbeamea.ro\\\/albaiulia\\\/\"},{\"@type\":\"ListItem\",\"position\":2,\"name\":\"Duminic\u0103: \u201eC\u0103s\u0103torie cu de-a sila\u201d, cu trupa Skepsis, \u00een fa\u021ba Muzeului Na\u021bional al Unirii din Alba Iulia\"}]},{\"@type\":\"WebSite\",\"@id\":\"https:\\\/\\\/urbeamea.ro\\\/albaiulia\\\/#website\",\"url\":\"https:\\\/\\\/urbeamea.ro\\\/albaiulia\\\/\",\"name\":\"Revista Urbea Mea, Stiri urbane\",\"description\":\"Evenimente \u0219i \u0219tiri din Alba Iulia, Sebe\u0219, Aiud, Blaj\",\"potentialAction\":[{\"@type\":\"SearchAction\",\"target\":{\"@type\":\"EntryPoint\",\"urlTemplate\":\"https:\\\/\\\/urbeamea.ro\\\/albaiulia\\\/?s={search_term_string}\"},\"query-input\":{\"@type\":\"PropertyValueSpecification\",\"valueRequired\":true,\"valueName\":\"search_term_string\"}}],\"inLanguage\":\"ro-RO\"},{\"@type\":\"Person\",\"@id\":\"https:\\\/\\\/urbeamea.ro\\\/albaiulia\\\/#\\\/schema\\\/person\\\/9700d21fae21c4f038b0b56f4506264a\",\"name\":\"Cristina Ganga\",\"image\":{\"@type\":\"ImageObject\",\"inLanguage\":\"ro-RO\",\"@id\":\"https:\\\/\\\/secure.gravatar.com\\\/avatar\\\/5a67661041f057b4a8ccaf26f5a8e86e2689372006d01faf3dd9eeb10b654bb4?s=96&d=mm&r=g\",\"url\":\"https:\\\/\\\/secure.gravatar.com\\\/avatar\\\/5a67661041f057b4a8ccaf26f5a8e86e2689372006d01faf3dd9eeb10b654bb4?s=96&d=mm&r=g\",\"contentUrl\":\"https:\\\/\\\/secure.gravatar.com\\\/avatar\\\/5a67661041f057b4a8ccaf26f5a8e86e2689372006d01faf3dd9eeb10b654bb4?s=96&d=mm&r=g\",\"caption\":\"Cristina Ganga\"},\"description\":\"Jurnalist\",\"sameAs\":[\"https:\\\/\\\/www.facebook.com\\\/cristina.nicola.587\"],\"url\":\"https:\\\/\\\/urbeamea.ro\\\/albaiulia\\\/author\\\/cristina-nicola\\\/\"}]}<\/script>\n<!-- \/ Yoast SEO plugin. -->","yoast_head_json":{"title":"Duminic\u0103: \u201eC\u0103s\u0103torie cu de-a sila\u201d, cu trupa Skepsis, \u00een fa\u021ba Muzeului Na\u021bional al Unirii din Alba Iulia - Revista Urbea Mea - Revista de Alba","description":"Programul de spectacole \u00een aer liber din cadrul proiectului \u201eStagiunea cu Skepsis 2016\u201d continu\u0103 duminic\u0103, 17 iulie, la ora 19.00, \u00een fa\u0163a Muzeului","robots":{"index":"index","follow":"follow","max-snippet":"max-snippet:-1","max-image-preview":"max-image-preview:large","max-video-preview":"max-video-preview:-1"},"canonical":"https:\/\/urbeamea.ro\/albaiulia\/duminica-casatorie-cu-de-a-sila-cu-trupa-skepsis-in-fata-muzeului-national-al-unirii-din-alba-iulia\/","twitter_card":"summary_large_image","twitter_title":"Duminic\u0103: \u201eC\u0103s\u0103torie cu de-a sila\u201d, cu trupa Skepsis, \u00een fa\u021ba Muzeului Na\u021bional al Unirii din Alba Iulia - Revista Urbea Mea - Revista de Alba","twitter_description":"Programul de spectacole \u00een aer liber din cadrul proiectului \u201eStagiunea cu Skepsis 2016\u201d continu\u0103 duminic\u0103, 17 iulie, la ora 19.00, \u00een fa\u0163a Muzeului","twitter_image":"https:\/\/urbeamea.ro\/albaiulia\/wp-content\/uploads\/2016\/07\/MAD_3252.jpg","twitter_creator":"@urbeameaweb","twitter_site":"@urbeameaweb","schema":{"@context":"https:\/\/schema.org","@graph":[{"@type":"Article","@id":"https:\/\/urbeamea.ro\/albaiulia\/duminica-casatorie-cu-de-a-sila-cu-trupa-skepsis-in-fata-muzeului-national-al-unirii-din-alba-iulia\/#article","isPartOf":{"@id":"https:\/\/urbeamea.ro\/albaiulia\/duminica-casatorie-cu-de-a-sila-cu-trupa-skepsis-in-fata-muzeului-national-al-unirii-din-alba-iulia\/"},"author":{"name":"Cristina Ganga","@id":"https:\/\/urbeamea.ro\/albaiulia\/#\/schema\/person\/9700d21fae21c4f038b0b56f4506264a"},"headline":"Duminic\u0103: \u201eC\u0103s\u0103torie cu de-a sila\u201d, cu trupa Skepsis, \u00een fa\u021ba Muzeului Na\u021bional al Unirii din Alba Iulia","datePublished":"2016-07-12T12:09:54+00:00","mainEntityOfPage":{"@id":"https:\/\/urbeamea.ro\/albaiulia\/duminica-casatorie-cu-de-a-sila-cu-trupa-skepsis-in-fata-muzeului-national-al-unirii-din-alba-iulia\/"},"wordCount":347,"commentCount":0,"image":{"@id":"https:\/\/urbeamea.ro\/albaiulia\/duminica-casatorie-cu-de-a-sila-cu-trupa-skepsis-in-fata-muzeului-national-al-unirii-din-alba-iulia\/#primaryimage"},"thumbnailUrl":"https:\/\/urbeamea.ro\/albaiulia\/wp-content\/uploads\/2016\/07\/MAD_3252.jpg","keywords":["\u201cC\u0103s\u0103torie cu de-a sila\u201d","Alba Iulia","comedie-mascarada","moliere","muzeul national al unirii","preoiect","spectacol","stagiune cu skepsis","stiri","teatru","Urbea Mea"],"articleSection":["Cultur\u0103"],"inLanguage":"ro-RO","potentialAction":[{"@type":"CommentAction","name":"Comment","target":["https:\/\/urbeamea.ro\/albaiulia\/duminica-casatorie-cu-de-a-sila-cu-trupa-skepsis-in-fata-muzeului-national-al-unirii-din-alba-iulia\/#respond"]}]},{"@type":"WebPage","@id":"https:\/\/urbeamea.ro\/albaiulia\/duminica-casatorie-cu-de-a-sila-cu-trupa-skepsis-in-fata-muzeului-national-al-unirii-din-alba-iulia\/","url":"https:\/\/urbeamea.ro\/albaiulia\/duminica-casatorie-cu-de-a-sila-cu-trupa-skepsis-in-fata-muzeului-national-al-unirii-din-alba-iulia\/","name":"Duminic\u0103: \u201eC\u0103s\u0103torie cu de-a sila\u201d, cu trupa Skepsis, \u00een fa\u021ba Muzeului Na\u021bional al Unirii din Alba Iulia - Revista Urbea Mea - Revista de Alba","isPartOf":{"@id":"https:\/\/urbeamea.ro\/albaiulia\/#website"},"primaryImageOfPage":{"@id":"https:\/\/urbeamea.ro\/albaiulia\/duminica-casatorie-cu-de-a-sila-cu-trupa-skepsis-in-fata-muzeului-national-al-unirii-din-alba-iulia\/#primaryimage"},"image":{"@id":"https:\/\/urbeamea.ro\/albaiulia\/duminica-casatorie-cu-de-a-sila-cu-trupa-skepsis-in-fata-muzeului-national-al-unirii-din-alba-iulia\/#primaryimage"},"thumbnailUrl":"https:\/\/urbeamea.ro\/albaiulia\/wp-content\/uploads\/2016\/07\/MAD_3252.jpg","datePublished":"2016-07-12T12:09:54+00:00","author":{"@id":"https:\/\/urbeamea.ro\/albaiulia\/#\/schema\/person\/9700d21fae21c4f038b0b56f4506264a"},"description":"Programul de spectacole \u00een aer liber din cadrul proiectului \u201eStagiunea cu Skepsis 2016\u201d continu\u0103 duminic\u0103, 17 iulie, la ora 19.00, \u00een fa\u0163a Muzeului","breadcrumb":{"@id":"https:\/\/urbeamea.ro\/albaiulia\/duminica-casatorie-cu-de-a-sila-cu-trupa-skepsis-in-fata-muzeului-national-al-unirii-din-alba-iulia\/#breadcrumb"},"inLanguage":"ro-RO","potentialAction":[{"@type":"ReadAction","target":["https:\/\/urbeamea.ro\/albaiulia\/duminica-casatorie-cu-de-a-sila-cu-trupa-skepsis-in-fata-muzeului-national-al-unirii-din-alba-iulia\/"]}]},{"@type":"ImageObject","inLanguage":"ro-RO","@id":"https:\/\/urbeamea.ro\/albaiulia\/duminica-casatorie-cu-de-a-sila-cu-trupa-skepsis-in-fata-muzeului-national-al-unirii-din-alba-iulia\/#primaryimage","url":"https:\/\/urbeamea.ro\/albaiulia\/wp-content\/uploads\/2016\/07\/MAD_3252.jpg","contentUrl":"https:\/\/urbeamea.ro\/albaiulia\/wp-content\/uploads\/2016\/07\/MAD_3252.jpg","width":800,"height":535},{"@type":"BreadcrumbList","@id":"https:\/\/urbeamea.ro\/albaiulia\/duminica-casatorie-cu-de-a-sila-cu-trupa-skepsis-in-fata-muzeului-national-al-unirii-din-alba-iulia\/#breadcrumb","itemListElement":[{"@type":"ListItem","position":1,"name":"Prima pagin\u0103","item":"https:\/\/urbeamea.ro\/albaiulia\/"},{"@type":"ListItem","position":2,"name":"Duminic\u0103: \u201eC\u0103s\u0103torie cu de-a sila\u201d, cu trupa Skepsis, \u00een fa\u021ba Muzeului Na\u021bional al Unirii din Alba Iulia"}]},{"@type":"WebSite","@id":"https:\/\/urbeamea.ro\/albaiulia\/#website","url":"https:\/\/urbeamea.ro\/albaiulia\/","name":"Revista Urbea Mea, Stiri urbane","description":"Evenimente \u0219i \u0219tiri din Alba Iulia, Sebe\u0219, Aiud, Blaj","potentialAction":[{"@type":"SearchAction","target":{"@type":"EntryPoint","urlTemplate":"https:\/\/urbeamea.ro\/albaiulia\/?s={search_term_string}"},"query-input":{"@type":"PropertyValueSpecification","valueRequired":true,"valueName":"search_term_string"}}],"inLanguage":"ro-RO"},{"@type":"Person","@id":"https:\/\/urbeamea.ro\/albaiulia\/#\/schema\/person\/9700d21fae21c4f038b0b56f4506264a","name":"Cristina Ganga","image":{"@type":"ImageObject","inLanguage":"ro-RO","@id":"https:\/\/secure.gravatar.com\/avatar\/5a67661041f057b4a8ccaf26f5a8e86e2689372006d01faf3dd9eeb10b654bb4?s=96&d=mm&r=g","url":"https:\/\/secure.gravatar.com\/avatar\/5a67661041f057b4a8ccaf26f5a8e86e2689372006d01faf3dd9eeb10b654bb4?s=96&d=mm&r=g","contentUrl":"https:\/\/secure.gravatar.com\/avatar\/5a67661041f057b4a8ccaf26f5a8e86e2689372006d01faf3dd9eeb10b654bb4?s=96&d=mm&r=g","caption":"Cristina Ganga"},"description":"Jurnalist","sameAs":["https:\/\/www.facebook.com\/cristina.nicola.587"],"url":"https:\/\/urbeamea.ro\/albaiulia\/author\/cristina-nicola\/"}]}},"_links":{"self":[{"href":"https:\/\/urbeamea.ro\/albaiulia\/wp-json\/wp\/v2\/posts\/27869","targetHints":{"allow":["GET"]}}],"collection":[{"href":"https:\/\/urbeamea.ro\/albaiulia\/wp-json\/wp\/v2\/posts"}],"about":[{"href":"https:\/\/urbeamea.ro\/albaiulia\/wp-json\/wp\/v2\/types\/post"}],"author":[{"embeddable":true,"href":"https:\/\/urbeamea.ro\/albaiulia\/wp-json\/wp\/v2\/users\/17"}],"replies":[{"embeddable":true,"href":"https:\/\/urbeamea.ro\/albaiulia\/wp-json\/wp\/v2\/comments?post=27869"}],"version-history":[{"count":0,"href":"https:\/\/urbeamea.ro\/albaiulia\/wp-json\/wp\/v2\/posts\/27869\/revisions"}],"wp:featuredmedia":[{"embeddable":true,"href":"https:\/\/urbeamea.ro\/albaiulia\/wp-json\/wp\/v2\/media\/27870"}],"wp:attachment":[{"href":"https:\/\/urbeamea.ro\/albaiulia\/wp-json\/wp\/v2\/media?parent=27869"}],"wp:term":[{"taxonomy":"category","embeddable":true,"href":"https:\/\/urbeamea.ro\/albaiulia\/wp-json\/wp\/v2\/categories?post=27869"},{"taxonomy":"post_tag","embeddable":true,"href":"https:\/\/urbeamea.ro\/albaiulia\/wp-json\/wp\/v2\/tags?post=27869"}],"curies":[{"name":"wp","href":"https:\/\/api.w.org\/{rel}","templated":true}]}}