{"id":27874,"date":"2016-07-12T15:24:39","date_gmt":"2016-07-12T12:24:39","guid":{"rendered":"http:\/\/urbeamea.ro\/albaiulia\/?p=27874"},"modified":"2016-07-12T15:24:39","modified_gmt":"2016-07-12T12:24:39","slug":"in-weekend-concerte-ro-mania-si-directia-5-la-targul-de-fete-de-pe-muntele-gaina-programul-manifestarii","status":"publish","type":"post","link":"https:\/\/urbeamea.ro\/albaiulia\/in-weekend-concerte-ro-mania-si-directia-5-la-targul-de-fete-de-pe-muntele-gaina-programul-manifestarii\/","title":{"rendered":"\u00cen weekend: Concerte Ro-Mania \u0219i Direc\u021bia 5, la T\u00e2rgul de Fete de pe Muntele G\u0103ina. Programul manifest\u0103rii"},"content":{"rendered":"<p><span lang=\"ro-RO\"><strong><img loading=\"lazy\" decoding=\"async\" class=\"size-medium wp-image-27875 alignleft\" src=\"http:\/\/urbeamea.ro\/albaiulia\/wp-content\/uploads\/2016\/07\/Afis-G\u0103ina-1-212x300.jpg\" alt=\"Afis G\u0103ina (1)\" width=\"212\" height=\"300\" \/>T\u00e2rgul de Fete de pe Muntele G\u0103ina, cea mai mare \u015fi mai cunoscut\u0103 s\u0103rb\u0103toare popular\u0103 din Rom\u00e2nia, se va desf\u0103\u015fura la sf\u00e2r\u015fitul acestei s\u0103pt\u0103m\u00e2ni, \u00een 16 \u015fi 17 iulie, \u00een Avram Iancu \u015fi pe platoul montan de pe G\u0103ina, locul unde manifestarea are loc de sute de ani. Parada portului popular, spectacole folclorice cu nume mari ale muzicii populare rom\u00e2ne\u015fti, concerte sus\u0163inute de Ro-Mania \u015fi Direc\u0163ia 5, focuri de artificii \u015fi petreceri \u00een aer liber sunt c\u00e2teva din ingredientele edi\u0163iei din acest an.<\/strong><\/span><\/p>\n<p><span lang=\"ro-RO\">T\u00e2rgul de Fete va debuta, <\/span><strong><span lang=\"ro-RO\">s\u00e2mb\u0103t\u0103<\/span><\/strong><span lang=\"ro-RO\">, \u00een Avram Iancu, cea mai apropiat\u0103 localitate de Muntele G\u0103ina, unde la <strong>ora 12.00<\/strong> va \u00eencepe o<em>parad\u0103 a portului popular<\/em> \u00een cadrul c\u0103reia vor defila reprezentan\u0163ii comunelor din jude\u0163ul Alba, dar <\/span><span lang=\"ro-RO\">\u015fi Ansamblul folcloric \u201ePomn<\/span><span lang=\"ro-RO\">\u00ea<\/span><span lang=\"ro-RO\">nka\u201d din Cehia.<\/span><\/p>\n<p><span lang=\"ro-RO\"><img loading=\"lazy\" decoding=\"async\" class=\"size-medium wp-image-27876 alignright\" src=\"http:\/\/urbeamea.ro\/albaiulia\/wp-content\/uploads\/2016\/07\/gaina-gastronomie-2015-300x201.jpg\" alt=\"gaina gastronomie 2015\" width=\"300\" height=\"201\" \/>La<strong> ora 13.00<\/strong> este programat\u0103 <em>finala Festivalului Concurs \u201eCultur\u0103 pentru Cultur\u0103\u201d<\/em>\u00a0la care vor participa c\u00e2\u015ftig\u0103torii locurilor I de la toate sec\u0163iunile de concurs din zonele Blaj, Sebe\u015f, Ocna Mure\u015f \u015fi Mun\u0163ii Apuseni. La edi\u0163ia din acest an juriul concursului va fi format din:<\/span><span lang=\"ro-RO\">Sergiu Vitalian Vaida \u2013 realizator emisiuni folclorice, prof. univ. dr. Ilie Moise \u2013 cercet\u0103tor, prof. Mircea C\u00e2mpeanu \u2013 etnomuzicolog, Tiberiu Groza \u2013 director Ansamblul Dor Transilvan din Cluj Napoca, prof. Adam Romi \u2013 sculptor, grafician, pictor, prof. Ramona Cucea \u2013 specialist gastronom.<\/span><\/p>\n<p><span lang=\"ro-RO\">De la <strong>ora 18.00<\/strong> pe scena din Avram Iancu vor evolua Ansamblul Folcloric \u201eArie\u015ful\u201d din C\u00e2mpeni, dirijat de prof. Gheorghe B\u0103d\u0103u, \u015fi Ansamblul Folcloric \u201ePomn<\/span><span lang=\"ro-RO\">\u00ea<\/span>nka\u201d din Cehia.<\/p>\n<p><span lang=\"ro-RO\">La <strong>ora 19.00<\/strong> este programat un <em>spectacol folcloric<\/em> deschis de Ansamblul Folcloric al Jude\u0163ului Alba cu soli\u015ftii Roxana Reche, Dorina Nari\u0163a, Maria Filimon, Floricica Moga, Nicolae Tuhu\u0163, C\u0103t\u0103lin Ha\u015fa (dirijor Alexandru Pal). \u00cen spectacol sunt incluse \u015fi recitaluri sus\u0163inute de Leontina F\u0103rca\u015f, <\/span><span lang=\"it-IT\">Cornel Borza, Cornelia Radocea \u015fi Nicolae Furdui Iancu.<\/span><\/p>\n<p>La ora <strong>22.00<\/strong> manifest\u0103rile din Avram Iancu se vor \u00eencheia cu <em>focuri de artificii<\/em>.<\/p>\n<p><span lang=\"ro-RO\"><img loading=\"lazy\" decoding=\"async\" class=\"size-medium wp-image-27877 alignleft\" src=\"http:\/\/urbeamea.ro\/albaiulia\/wp-content\/uploads\/2016\/07\/gaina-concert-2015-300x201.jpg\" alt=\"gaina concert 2015\" width=\"300\" height=\"201\" \/>S\u00e2mb\u0103t\u0103 seara<\/span><span lang=\"ro-RO\"> \u2013 T\u00e2rgul de Fete se mut\u0103 <strong>pe Muntele G\u0103ina<\/strong>, unde de la <strong>ora 21.00<\/strong> vor evolua <\/span><span lang=\"it-IT\"><em>Gino &amp; Band, Trupa Ro-Mania<\/em> \u015fi Forma\u0163ia <em>Direc\u0163ia 5<\/em>. P<\/span><span lang=\"ro-RO\">etrecerea va continua pe Muntele G\u0103ina p\u00e2n\u0103 t\u00e2rziu \u00een noapte cu discotec\u0103 \u00een aer liber, focuri de tab\u0103r\u0103 \u015fi focuri de artificii, atmosfera fiind \u00eentre\u0163inut\u0103 de Cristi M\u0103rcu\u015f \u015fi Zenit Concert.<\/span><\/p>\n<p><strong><span lang=\"ro-RO\">Duminic\u0103 <\/span><\/strong><span lang=\"ro-RO\">\u2013 T\u00e2rgul de Fete debuteaz\u0103, la <strong>ora 10.00<\/strong>, cu un <em>ceremonial solemn<\/em> la Crucea Iancului de pe Muntele G\u0103ina, unde va avea loc o slujb\u0103 Te Deum \u015fi oficialit\u0103\u0163ile prezente la eveniment vor depune coroane de flori.<\/span><\/p>\n<p><span lang=\"ro-RO\"><img loading=\"lazy\" decoding=\"async\" class=\"size-medium wp-image-27878 alignright\" src=\"http:\/\/urbeamea.ro\/albaiulia\/wp-content\/uploads\/2016\/07\/gaina-tulnicarese-2015-300x201.jpg\" alt=\"gaina tulnicarese 2015\" width=\"300\" height=\"201\" \/>La <strong>ora 10.30<\/strong> va fi deschis <em>T\u00e2rgul Me\u015fterilor Populari<\/em> la care me\u015fteri din \u00eentreaga \u0163ar\u0103 \u00ee\u015fi vor prezenta roadele muncii lor respectiv obiecte tradi\u0163ionale pe care continu\u0103 s\u0103 le fabrice prin tehnici vechi de sute de ani.<\/span><\/p>\n<p><span lang=\"ro-RO\">La <strong>ora 11.00<\/strong> va avea loc un <em>spectacol folcloric<\/em> deschis de <\/span><span lang=\"ro-RO\">Ansamblul Folcloric \u201eAugustin Bena\u201d Alba cu soli\u015ftii Roxana Reche, Floricica Moga, Dorina Nari\u0163a, Maria Filimon, C\u0103t\u0103lin Ha\u015fa, Nicolae Tuhu\u0163 (dirijor Alexandru Pal). Spectacolul va continua cu recitaluri sus\u0163inute de \u00eendr\u0103gi\u0163ii interpre\u0163i Leontina F\u0103rca\u015f, Traian Jurchela \u015fi Ionu\u0163 Fulea dar \u015fi cu evolu\u0163ii ale Ansamblul Folcloric \u201ePomn<\/span><span lang=\"ro-RO\">\u00ea<\/span><span lang=\"ro-RO\">nka\u201d din Cehia \u015fi ale ansamblurilor folclorice din jude\u0163ele Arad, Hunedoara, Cluj \u015fi Bihor<\/span><\/p>\n<p><em><img loading=\"lazy\" decoding=\"async\" class=\"size-medium wp-image-27879 alignleft\" src=\"http:\/\/urbeamea.ro\/albaiulia\/wp-content\/uploads\/2016\/07\/gaina-crucea-iancului-2015-300x201.jpg\" alt=\"gaina crucea iancului 2015\" width=\"300\" height=\"201\" \/>\u201e<span lang=\"ro-RO\">T\u00e2rgul de Fete de pe Muntele G\u0103ina este o s\u0103rb\u0103toare popular\u0103 cu o vechime considerabil\u0103 fiind o dovad\u0103 vie a tradi\u0163iilor noastre rom\u00e2ne\u015fti. Prima atestare documentare dateaz\u0103 din 1816, \u00eens\u0103 speciali\u015ftii etnologi sus\u0163in c\u0103 aceast\u0103 frumoas\u0103 nedeie <\/span><span lang=\"ro-RO\">(n.r. petrecere popular\u0103) este mult mai veche.<\/span> <span lang=\"ro-RO\">Este at\u00e2t o s\u0103rb\u0103toare popular\u0103 care d\u0103inuie peste ani dar \u015fi \u00eencercarea noastr\u0103 de a sus\u0163ine \u015fi promova me\u015fte\u015fugurile tradi\u0163ionale prin t\u00e2rgul me\u015fterilor populari, portul popular rom\u00e2nesc prin parada care deschide an de an T\u00e2rgul de Fete dar \u015fi muzica popular\u0103 autentic\u0103 prin numele mari ale folclorului rom\u00e2nesc invitate la fiecare edi\u0163ie. Mai sunt doar c\u00e2teva zile p\u00e2n\u0103 la startul T\u00e2rgului de Fete de pe Muntele G\u0103ina, cea mai mare s\u0103rb\u0103toare popular\u0103 rom\u00e2neasc\u0103 \u00een aer liber, iar invita\u0163ia noastr\u0103 este la fel ca \u00een fiecare an: <\/span><\/em><span lang=\"ro-RO\"><em>Hai pe Muntele G\u0103ina! Hai pe muntele dragostei!\u201d<\/em>,\u00a0<\/span> <span lang=\"ro-RO\">a spus Daniela Floroian, directorul Centrului de Cultur\u0103 \u201eAugustin Bena\u201d Alba.<\/span><\/p>\n<p><strong><span lang=\"ro-RO\">T\u00e2rgul de Fete de pe Muntele G\u0103ina \u2013 cea mai mare s\u0103rb\u0103toare rom\u00e2neasc\u0103 \u00een aer liber<\/span><\/strong><\/p>\n<p><span lang=\"ro-RO\">T\u00e2rgul de Fete de pe Muntele G\u0103ina este cea mai mare s\u0103rb\u0103toare rom\u00e2neasc\u0103 \u00een aer liber din Rom\u00e2nia. Manifestarea se desf\u0103\u015foar\u0103 at\u00e2t \u00een Avram Iancu, la poalele Muntelui G\u0103ina, c\u00e2t \u015fi pe un platou montan la o altitudine de aproape 1.500 de metri, \u00eentr-o zon\u0103 pitoreasc\u0103 \u015fi perfect\u0103 pentru iubitorii de natur\u0103. <\/span><span lang=\"ro-RO\">T\u00e2rgul de Fete de pe Muntele G\u0103ina se organizeaz\u0103, \u00een fiecare an, din vremuri str\u0103vechi, \u00een cea mai apropiat\u0103 duminic\u0103 de 20 iulie, ziua Sf\u00e2ntului Ilie. Aceast\u0103 manifestare etno-cultural\u0103 a fost men\u0163ionat\u0103 prima dat\u0103 \u00een documente \u00een 1816.<\/span><\/p>\n<p><span lang=\"ro-RO\">La T\u00e2rgul de Fete se adunau locuitorii din Mun\u0163ii Apuseni pentru a face schimb de produse dar era \u015fi un prilej pentru \u00eent\u00e2lnirea \u015fi c\u0103s\u0103toria tinerilor din zone \u00eendep\u0103rtate, care veneau aici cu p\u0103rin\u0163ii. Preg\u0103tirile pentru urcatul pe munte se f\u0103ceau cu c\u00e2teva zile \u00eenainte iar duminica cu noaptea in cap se urca pe munte \u00een poiana unde avea loc t\u00e2rgul. Se spune c\u0103 fetele veneau cu zestrea \u00eenc\u0103rcat\u0103 pe cai, iar cununia se f\u0103cea pe loc de c\u0103tre preo\u0163ii care participau la acest eveniment. Ceremonia era \u00eenso\u0163it\u0103 de c\u00e2ntece \u015fi schimb de jocuri cu \u201estrig\u0103turi\u201d, iar fetele \u201ese luau\u201d, nu se cump\u0103rau.<\/span><\/p>\n<p><span lang=\"ro-RO\">Ast\u0103zi T\u00e2rgul de fete de la G\u0103ina s-a transformat \u00eentr-o mare s\u0103rb\u0103toare folcloric\u0103, la care \u00ee\u015fi dau concursul locuitorii din zona Mun\u0163ilor Apuseni, din jude\u0163ele apropiate \u015fi chiar din \u0163inuturi mai \u00eendep\u0103rtate ale \u0163\u0103rii. Deschiderea o fac vestitele tulnic\u0103rese de la Avram Iancu, dup\u0103 care urmeaz\u0103 programul artistic al participan\u0163ilor care dureaz\u0103 p\u00e2n\u0103 spre sear\u0103. \u00cencep\u00e2nd din 2006 T\u00e2rgul de Fete de pe Muntele G\u0103ina este marc\u0103 \u00eenregistrat\u0103 a Consiliului Jude\u0163ean Alba \u015fi are ca slogan chemarea: \u201eHai pe Muntele G\u0103ina, hai pe muntele dragostei!\u201d<\/span><\/p>\n<p><span lang=\"ro-RO\">Accesul pe platoul de pe Muntele G\u0103ina<\/span><span lang=\"ro-RO\">, unde se desf\u0103\u015foar\u0103 manifest\u0103rile, este posibil pentru autoturisme \u015fi microbuze de p\u00e2n\u0103 la 20 de locuri. Pe drumul jude\u0163ean DJ 762 se ajunge \u00een comuna Avram Iancu, localitatea cea mai apropiat\u0103 de Muntele G\u0103ina, iar de aici drumul se continu\u0103 pe un drum pietruit \u015fi practicabil pentru mijloacele auto p\u00e2n\u0103 pe platoul unde au loc manifest\u0103rile.<\/span><\/p>\n","protected":false},"excerpt":{"rendered":"<p>T\u00e2rgul de Fete de pe Muntele G\u0103ina, cea mai mare \u015fi mai cunoscut\u0103 s\u0103rb\u0103toare popular\u0103 din Rom\u00e2nia, se va desf\u0103\u015fura la sf\u00e2r\u015fitul acestei s\u0103pt\u0103m\u00e2ni, \u00een 16 \u015fi 17 iulie, \u00een Avram Iancu \u015fi pe platoul montan de pe G\u0103ina, locul unde manifestarea are loc de sute de ani. Parada portului popular, spectacole folclorice cu nume &hellip;<\/p>\n","protected":false},"author":17,"featured_media":27875,"comment_status":"open","ping_status":"open","sticky":false,"template":"","format":"standard","meta":{"inline_featured_image":false,"footnotes":""},"categories":[4],"tags":[307,2391,614,5692,3123,1662,6185,966,6264,6187,308,6184,76],"class_list":["post-27874","post","type-post","status-publish","format-standard","has-post-thumbnail","hentry","category-eveniment","tag-alba","tag-avram-iancu","tag-concert","tag-cultura-pentru-cultura","tag-directia-5","tag-finala","tag-muntele-gaina","tag-muzica-populara","tag-parada-portului-popular","tag-ro-mania","tag-stiri","tag-targul-de-fete","tag-urbea-mea"],"yoast_head":"<!-- This site is optimized with the Yoast SEO plugin v27.4 - https:\/\/yoast.com\/product\/yoast-seo-wordpress\/ -->\n<title>\u00cen weekend: Concerte Ro-Mania \u0219i Direc\u021bia 5, la T\u00e2rgul de Fete de pe Muntele G\u0103ina. Programul manifest\u0103rii - Revista Urbea Mea - Revista de Alba<\/title>\n<meta name=\"description\" content=\"T\u00e2rgul de Fete de pe Muntele G\u0103ina, cea mai mare \u015fi mai cunoscut\u0103 s\u0103rb\u0103toare popular\u0103 din Rom\u00e2nia, se va desf\u0103\u015fura la sf\u00e2r\u015fitul acestei s\u0103pt\u0103m\u00e2ni, \u00een 16\" \/>\n<meta name=\"robots\" content=\"index, follow, max-snippet:-1, max-image-preview:large, max-video-preview:-1\" \/>\n<link rel=\"canonical\" href=\"https:\/\/urbeamea.ro\/albaiulia\/in-weekend-concerte-ro-mania-si-directia-5-la-targul-de-fete-de-pe-muntele-gaina-programul-manifestarii\/\" \/>\n<meta name=\"twitter:card\" content=\"summary_large_image\" \/>\n<meta name=\"twitter:title\" content=\"\u00cen weekend: Concerte Ro-Mania \u0219i Direc\u021bia 5, la T\u00e2rgul de Fete de pe Muntele G\u0103ina. Programul manifest\u0103rii - Revista Urbea Mea - Revista de Alba\" \/>\n<meta name=\"twitter:description\" content=\"T\u00e2rgul de Fete de pe Muntele G\u0103ina, cea mai mare \u015fi mai cunoscut\u0103 s\u0103rb\u0103toare popular\u0103 din Rom\u00e2nia, se va desf\u0103\u015fura la sf\u00e2r\u015fitul acestei s\u0103pt\u0103m\u00e2ni, \u00een 16\" \/>\n<meta name=\"twitter:image\" content=\"https:\/\/urbeamea.ro\/albaiulia\/wp-content\/uploads\/2016\/07\/Afis-G\u0103ina-1.jpg\" \/>\n<meta name=\"twitter:creator\" content=\"@urbeameaweb\" \/>\n<meta name=\"twitter:site\" content=\"@urbeameaweb\" \/>\n<script type=\"application\/ld+json\" class=\"yoast-schema-graph\">{\"@context\":\"https:\\\/\\\/schema.org\",\"@graph\":[{\"@type\":\"Article\",\"@id\":\"https:\\\/\\\/urbeamea.ro\\\/albaiulia\\\/in-weekend-concerte-ro-mania-si-directia-5-la-targul-de-fete-de-pe-muntele-gaina-programul-manifestarii\\\/#article\",\"isPartOf\":{\"@id\":\"https:\\\/\\\/urbeamea.ro\\\/albaiulia\\\/in-weekend-concerte-ro-mania-si-directia-5-la-targul-de-fete-de-pe-muntele-gaina-programul-manifestarii\\\/\"},\"author\":{\"name\":\"Cristina Ganga\",\"@id\":\"https:\\\/\\\/urbeamea.ro\\\/albaiulia\\\/#\\\/schema\\\/person\\\/9700d21fae21c4f038b0b56f4506264a\"},\"headline\":\"\u00cen weekend: Concerte Ro-Mania \u0219i Direc\u021bia 5, la T\u00e2rgul de Fete de pe Muntele G\u0103ina. Programul manifest\u0103rii\",\"datePublished\":\"2016-07-12T12:24:39+00:00\",\"mainEntityOfPage\":{\"@id\":\"https:\\\/\\\/urbeamea.ro\\\/albaiulia\\\/in-weekend-concerte-ro-mania-si-directia-5-la-targul-de-fete-de-pe-muntele-gaina-programul-manifestarii\\\/\"},\"wordCount\":1180,\"commentCount\":0,\"image\":{\"@id\":\"https:\\\/\\\/urbeamea.ro\\\/albaiulia\\\/in-weekend-concerte-ro-mania-si-directia-5-la-targul-de-fete-de-pe-muntele-gaina-programul-manifestarii\\\/#primaryimage\"},\"thumbnailUrl\":\"https:\\\/\\\/urbeamea.ro\\\/albaiulia\\\/wp-content\\\/uploads\\\/2016\\\/07\\\/Afis-G\u0103ina-1.jpg\",\"keywords\":[\"alba\",\"avram iancu\",\"concert\",\"cultura pentru cultura\",\"directia 5\",\"finala\",\"muntele gaina\",\"muzica populara\",\"parada portului popular\",\"ro-mania\",\"stiri\",\"targul de fete\",\"Urbea Mea\"],\"articleSection\":[\"Evenimente\"],\"inLanguage\":\"ro-RO\",\"potentialAction\":[{\"@type\":\"CommentAction\",\"name\":\"Comment\",\"target\":[\"https:\\\/\\\/urbeamea.ro\\\/albaiulia\\\/in-weekend-concerte-ro-mania-si-directia-5-la-targul-de-fete-de-pe-muntele-gaina-programul-manifestarii\\\/#respond\"]}]},{\"@type\":\"WebPage\",\"@id\":\"https:\\\/\\\/urbeamea.ro\\\/albaiulia\\\/in-weekend-concerte-ro-mania-si-directia-5-la-targul-de-fete-de-pe-muntele-gaina-programul-manifestarii\\\/\",\"url\":\"https:\\\/\\\/urbeamea.ro\\\/albaiulia\\\/in-weekend-concerte-ro-mania-si-directia-5-la-targul-de-fete-de-pe-muntele-gaina-programul-manifestarii\\\/\",\"name\":\"\u00cen weekend: Concerte Ro-Mania \u0219i Direc\u021bia 5, la T\u00e2rgul de Fete de pe Muntele G\u0103ina. Programul manifest\u0103rii - Revista Urbea Mea - Revista de Alba\",\"isPartOf\":{\"@id\":\"https:\\\/\\\/urbeamea.ro\\\/albaiulia\\\/#website\"},\"primaryImageOfPage\":{\"@id\":\"https:\\\/\\\/urbeamea.ro\\\/albaiulia\\\/in-weekend-concerte-ro-mania-si-directia-5-la-targul-de-fete-de-pe-muntele-gaina-programul-manifestarii\\\/#primaryimage\"},\"image\":{\"@id\":\"https:\\\/\\\/urbeamea.ro\\\/albaiulia\\\/in-weekend-concerte-ro-mania-si-directia-5-la-targul-de-fete-de-pe-muntele-gaina-programul-manifestarii\\\/#primaryimage\"},\"thumbnailUrl\":\"https:\\\/\\\/urbeamea.ro\\\/albaiulia\\\/wp-content\\\/uploads\\\/2016\\\/07\\\/Afis-G\u0103ina-1.jpg\",\"datePublished\":\"2016-07-12T12:24:39+00:00\",\"author\":{\"@id\":\"https:\\\/\\\/urbeamea.ro\\\/albaiulia\\\/#\\\/schema\\\/person\\\/9700d21fae21c4f038b0b56f4506264a\"},\"description\":\"T\u00e2rgul de Fete de pe Muntele G\u0103ina, cea mai mare \u015fi mai cunoscut\u0103 s\u0103rb\u0103toare popular\u0103 din Rom\u00e2nia, se va desf\u0103\u015fura la sf\u00e2r\u015fitul acestei s\u0103pt\u0103m\u00e2ni, \u00een 16\",\"breadcrumb\":{\"@id\":\"https:\\\/\\\/urbeamea.ro\\\/albaiulia\\\/in-weekend-concerte-ro-mania-si-directia-5-la-targul-de-fete-de-pe-muntele-gaina-programul-manifestarii\\\/#breadcrumb\"},\"inLanguage\":\"ro-RO\",\"potentialAction\":[{\"@type\":\"ReadAction\",\"target\":[\"https:\\\/\\\/urbeamea.ro\\\/albaiulia\\\/in-weekend-concerte-ro-mania-si-directia-5-la-targul-de-fete-de-pe-muntele-gaina-programul-manifestarii\\\/\"]}]},{\"@type\":\"ImageObject\",\"inLanguage\":\"ro-RO\",\"@id\":\"https:\\\/\\\/urbeamea.ro\\\/albaiulia\\\/in-weekend-concerte-ro-mania-si-directia-5-la-targul-de-fete-de-pe-muntele-gaina-programul-manifestarii\\\/#primaryimage\",\"url\":\"https:\\\/\\\/urbeamea.ro\\\/albaiulia\\\/wp-content\\\/uploads\\\/2016\\\/07\\\/Afis-G\u0103ina-1.jpg\",\"contentUrl\":\"https:\\\/\\\/urbeamea.ro\\\/albaiulia\\\/wp-content\\\/uploads\\\/2016\\\/07\\\/Afis-G\u0103ina-1.jpg\",\"width\":906,\"height\":1280},{\"@type\":\"BreadcrumbList\",\"@id\":\"https:\\\/\\\/urbeamea.ro\\\/albaiulia\\\/in-weekend-concerte-ro-mania-si-directia-5-la-targul-de-fete-de-pe-muntele-gaina-programul-manifestarii\\\/#breadcrumb\",\"itemListElement\":[{\"@type\":\"ListItem\",\"position\":1,\"name\":\"Prima pagin\u0103\",\"item\":\"https:\\\/\\\/urbeamea.ro\\\/albaiulia\\\/\"},{\"@type\":\"ListItem\",\"position\":2,\"name\":\"\u00cen weekend: Concerte Ro-Mania \u0219i Direc\u021bia 5, la T\u00e2rgul de Fete de pe Muntele G\u0103ina. Programul manifest\u0103rii\"}]},{\"@type\":\"WebSite\",\"@id\":\"https:\\\/\\\/urbeamea.ro\\\/albaiulia\\\/#website\",\"url\":\"https:\\\/\\\/urbeamea.ro\\\/albaiulia\\\/\",\"name\":\"Revista Urbea Mea, Stiri urbane\",\"description\":\"Evenimente \u0219i \u0219tiri din Alba Iulia, Sebe\u0219, Aiud, Blaj\",\"potentialAction\":[{\"@type\":\"SearchAction\",\"target\":{\"@type\":\"EntryPoint\",\"urlTemplate\":\"https:\\\/\\\/urbeamea.ro\\\/albaiulia\\\/?s={search_term_string}\"},\"query-input\":{\"@type\":\"PropertyValueSpecification\",\"valueRequired\":true,\"valueName\":\"search_term_string\"}}],\"inLanguage\":\"ro-RO\"},{\"@type\":\"Person\",\"@id\":\"https:\\\/\\\/urbeamea.ro\\\/albaiulia\\\/#\\\/schema\\\/person\\\/9700d21fae21c4f038b0b56f4506264a\",\"name\":\"Cristina Ganga\",\"image\":{\"@type\":\"ImageObject\",\"inLanguage\":\"ro-RO\",\"@id\":\"https:\\\/\\\/secure.gravatar.com\\\/avatar\\\/5a67661041f057b4a8ccaf26f5a8e86e2689372006d01faf3dd9eeb10b654bb4?s=96&d=mm&r=g\",\"url\":\"https:\\\/\\\/secure.gravatar.com\\\/avatar\\\/5a67661041f057b4a8ccaf26f5a8e86e2689372006d01faf3dd9eeb10b654bb4?s=96&d=mm&r=g\",\"contentUrl\":\"https:\\\/\\\/secure.gravatar.com\\\/avatar\\\/5a67661041f057b4a8ccaf26f5a8e86e2689372006d01faf3dd9eeb10b654bb4?s=96&d=mm&r=g\",\"caption\":\"Cristina Ganga\"},\"description\":\"Jurnalist\",\"sameAs\":[\"https:\\\/\\\/www.facebook.com\\\/cristina.nicola.587\"],\"url\":\"https:\\\/\\\/urbeamea.ro\\\/albaiulia\\\/author\\\/cristina-nicola\\\/\"}]}<\/script>\n<!-- \/ Yoast SEO plugin. -->","yoast_head_json":{"title":"\u00cen weekend: Concerte Ro-Mania \u0219i Direc\u021bia 5, la T\u00e2rgul de Fete de pe Muntele G\u0103ina. Programul manifest\u0103rii - Revista Urbea Mea - Revista de Alba","description":"T\u00e2rgul de Fete de pe Muntele G\u0103ina, cea mai mare \u015fi mai cunoscut\u0103 s\u0103rb\u0103toare popular\u0103 din Rom\u00e2nia, se va desf\u0103\u015fura la sf\u00e2r\u015fitul acestei s\u0103pt\u0103m\u00e2ni, \u00een 16","robots":{"index":"index","follow":"follow","max-snippet":"max-snippet:-1","max-image-preview":"max-image-preview:large","max-video-preview":"max-video-preview:-1"},"canonical":"https:\/\/urbeamea.ro\/albaiulia\/in-weekend-concerte-ro-mania-si-directia-5-la-targul-de-fete-de-pe-muntele-gaina-programul-manifestarii\/","twitter_card":"summary_large_image","twitter_title":"\u00cen weekend: Concerte Ro-Mania \u0219i Direc\u021bia 5, la T\u00e2rgul de Fete de pe Muntele G\u0103ina. Programul manifest\u0103rii - Revista Urbea Mea - Revista de Alba","twitter_description":"T\u00e2rgul de Fete de pe Muntele G\u0103ina, cea mai mare \u015fi mai cunoscut\u0103 s\u0103rb\u0103toare popular\u0103 din Rom\u00e2nia, se va desf\u0103\u015fura la sf\u00e2r\u015fitul acestei s\u0103pt\u0103m\u00e2ni, \u00een 16","twitter_image":"https:\/\/urbeamea.ro\/albaiulia\/wp-content\/uploads\/2016\/07\/Afis-G\u0103ina-1.jpg","twitter_creator":"@urbeameaweb","twitter_site":"@urbeameaweb","schema":{"@context":"https:\/\/schema.org","@graph":[{"@type":"Article","@id":"https:\/\/urbeamea.ro\/albaiulia\/in-weekend-concerte-ro-mania-si-directia-5-la-targul-de-fete-de-pe-muntele-gaina-programul-manifestarii\/#article","isPartOf":{"@id":"https:\/\/urbeamea.ro\/albaiulia\/in-weekend-concerte-ro-mania-si-directia-5-la-targul-de-fete-de-pe-muntele-gaina-programul-manifestarii\/"},"author":{"name":"Cristina Ganga","@id":"https:\/\/urbeamea.ro\/albaiulia\/#\/schema\/person\/9700d21fae21c4f038b0b56f4506264a"},"headline":"\u00cen weekend: Concerte Ro-Mania \u0219i Direc\u021bia 5, la T\u00e2rgul de Fete de pe Muntele G\u0103ina. Programul manifest\u0103rii","datePublished":"2016-07-12T12:24:39+00:00","mainEntityOfPage":{"@id":"https:\/\/urbeamea.ro\/albaiulia\/in-weekend-concerte-ro-mania-si-directia-5-la-targul-de-fete-de-pe-muntele-gaina-programul-manifestarii\/"},"wordCount":1180,"commentCount":0,"image":{"@id":"https:\/\/urbeamea.ro\/albaiulia\/in-weekend-concerte-ro-mania-si-directia-5-la-targul-de-fete-de-pe-muntele-gaina-programul-manifestarii\/#primaryimage"},"thumbnailUrl":"https:\/\/urbeamea.ro\/albaiulia\/wp-content\/uploads\/2016\/07\/Afis-G\u0103ina-1.jpg","keywords":["alba","avram iancu","concert","cultura pentru cultura","directia 5","finala","muntele gaina","muzica populara","parada portului popular","ro-mania","stiri","targul de fete","Urbea Mea"],"articleSection":["Evenimente"],"inLanguage":"ro-RO","potentialAction":[{"@type":"CommentAction","name":"Comment","target":["https:\/\/urbeamea.ro\/albaiulia\/in-weekend-concerte-ro-mania-si-directia-5-la-targul-de-fete-de-pe-muntele-gaina-programul-manifestarii\/#respond"]}]},{"@type":"WebPage","@id":"https:\/\/urbeamea.ro\/albaiulia\/in-weekend-concerte-ro-mania-si-directia-5-la-targul-de-fete-de-pe-muntele-gaina-programul-manifestarii\/","url":"https:\/\/urbeamea.ro\/albaiulia\/in-weekend-concerte-ro-mania-si-directia-5-la-targul-de-fete-de-pe-muntele-gaina-programul-manifestarii\/","name":"\u00cen weekend: Concerte Ro-Mania \u0219i Direc\u021bia 5, la T\u00e2rgul de Fete de pe Muntele G\u0103ina. Programul manifest\u0103rii - Revista Urbea Mea - Revista de Alba","isPartOf":{"@id":"https:\/\/urbeamea.ro\/albaiulia\/#website"},"primaryImageOfPage":{"@id":"https:\/\/urbeamea.ro\/albaiulia\/in-weekend-concerte-ro-mania-si-directia-5-la-targul-de-fete-de-pe-muntele-gaina-programul-manifestarii\/#primaryimage"},"image":{"@id":"https:\/\/urbeamea.ro\/albaiulia\/in-weekend-concerte-ro-mania-si-directia-5-la-targul-de-fete-de-pe-muntele-gaina-programul-manifestarii\/#primaryimage"},"thumbnailUrl":"https:\/\/urbeamea.ro\/albaiulia\/wp-content\/uploads\/2016\/07\/Afis-G\u0103ina-1.jpg","datePublished":"2016-07-12T12:24:39+00:00","author":{"@id":"https:\/\/urbeamea.ro\/albaiulia\/#\/schema\/person\/9700d21fae21c4f038b0b56f4506264a"},"description":"T\u00e2rgul de Fete de pe Muntele G\u0103ina, cea mai mare \u015fi mai cunoscut\u0103 s\u0103rb\u0103toare popular\u0103 din Rom\u00e2nia, se va desf\u0103\u015fura la sf\u00e2r\u015fitul acestei s\u0103pt\u0103m\u00e2ni, \u00een 16","breadcrumb":{"@id":"https:\/\/urbeamea.ro\/albaiulia\/in-weekend-concerte-ro-mania-si-directia-5-la-targul-de-fete-de-pe-muntele-gaina-programul-manifestarii\/#breadcrumb"},"inLanguage":"ro-RO","potentialAction":[{"@type":"ReadAction","target":["https:\/\/urbeamea.ro\/albaiulia\/in-weekend-concerte-ro-mania-si-directia-5-la-targul-de-fete-de-pe-muntele-gaina-programul-manifestarii\/"]}]},{"@type":"ImageObject","inLanguage":"ro-RO","@id":"https:\/\/urbeamea.ro\/albaiulia\/in-weekend-concerte-ro-mania-si-directia-5-la-targul-de-fete-de-pe-muntele-gaina-programul-manifestarii\/#primaryimage","url":"https:\/\/urbeamea.ro\/albaiulia\/wp-content\/uploads\/2016\/07\/Afis-G\u0103ina-1.jpg","contentUrl":"https:\/\/urbeamea.ro\/albaiulia\/wp-content\/uploads\/2016\/07\/Afis-G\u0103ina-1.jpg","width":906,"height":1280},{"@type":"BreadcrumbList","@id":"https:\/\/urbeamea.ro\/albaiulia\/in-weekend-concerte-ro-mania-si-directia-5-la-targul-de-fete-de-pe-muntele-gaina-programul-manifestarii\/#breadcrumb","itemListElement":[{"@type":"ListItem","position":1,"name":"Prima pagin\u0103","item":"https:\/\/urbeamea.ro\/albaiulia\/"},{"@type":"ListItem","position":2,"name":"\u00cen weekend: Concerte Ro-Mania \u0219i Direc\u021bia 5, la T\u00e2rgul de Fete de pe Muntele G\u0103ina. Programul manifest\u0103rii"}]},{"@type":"WebSite","@id":"https:\/\/urbeamea.ro\/albaiulia\/#website","url":"https:\/\/urbeamea.ro\/albaiulia\/","name":"Revista Urbea Mea, Stiri urbane","description":"Evenimente \u0219i \u0219tiri din Alba Iulia, Sebe\u0219, Aiud, Blaj","potentialAction":[{"@type":"SearchAction","target":{"@type":"EntryPoint","urlTemplate":"https:\/\/urbeamea.ro\/albaiulia\/?s={search_term_string}"},"query-input":{"@type":"PropertyValueSpecification","valueRequired":true,"valueName":"search_term_string"}}],"inLanguage":"ro-RO"},{"@type":"Person","@id":"https:\/\/urbeamea.ro\/albaiulia\/#\/schema\/person\/9700d21fae21c4f038b0b56f4506264a","name":"Cristina Ganga","image":{"@type":"ImageObject","inLanguage":"ro-RO","@id":"https:\/\/secure.gravatar.com\/avatar\/5a67661041f057b4a8ccaf26f5a8e86e2689372006d01faf3dd9eeb10b654bb4?s=96&d=mm&r=g","url":"https:\/\/secure.gravatar.com\/avatar\/5a67661041f057b4a8ccaf26f5a8e86e2689372006d01faf3dd9eeb10b654bb4?s=96&d=mm&r=g","contentUrl":"https:\/\/secure.gravatar.com\/avatar\/5a67661041f057b4a8ccaf26f5a8e86e2689372006d01faf3dd9eeb10b654bb4?s=96&d=mm&r=g","caption":"Cristina Ganga"},"description":"Jurnalist","sameAs":["https:\/\/www.facebook.com\/cristina.nicola.587"],"url":"https:\/\/urbeamea.ro\/albaiulia\/author\/cristina-nicola\/"}]}},"_links":{"self":[{"href":"https:\/\/urbeamea.ro\/albaiulia\/wp-json\/wp\/v2\/posts\/27874","targetHints":{"allow":["GET"]}}],"collection":[{"href":"https:\/\/urbeamea.ro\/albaiulia\/wp-json\/wp\/v2\/posts"}],"about":[{"href":"https:\/\/urbeamea.ro\/albaiulia\/wp-json\/wp\/v2\/types\/post"}],"author":[{"embeddable":true,"href":"https:\/\/urbeamea.ro\/albaiulia\/wp-json\/wp\/v2\/users\/17"}],"replies":[{"embeddable":true,"href":"https:\/\/urbeamea.ro\/albaiulia\/wp-json\/wp\/v2\/comments?post=27874"}],"version-history":[{"count":0,"href":"https:\/\/urbeamea.ro\/albaiulia\/wp-json\/wp\/v2\/posts\/27874\/revisions"}],"wp:featuredmedia":[{"embeddable":true,"href":"https:\/\/urbeamea.ro\/albaiulia\/wp-json\/wp\/v2\/media\/27875"}],"wp:attachment":[{"href":"https:\/\/urbeamea.ro\/albaiulia\/wp-json\/wp\/v2\/media?parent=27874"}],"wp:term":[{"taxonomy":"category","embeddable":true,"href":"https:\/\/urbeamea.ro\/albaiulia\/wp-json\/wp\/v2\/categories?post=27874"},{"taxonomy":"post_tag","embeddable":true,"href":"https:\/\/urbeamea.ro\/albaiulia\/wp-json\/wp\/v2\/tags?post=27874"}],"curies":[{"name":"wp","href":"https:\/\/api.w.org\/{rel}","templated":true}]}}