{"id":27989,"date":"2016-07-15T10:46:25","date_gmt":"2016-07-15T07:46:25","guid":{"rendered":"http:\/\/urbeamea.ro\/albaiulia\/?p=27989"},"modified":"2016-07-15T10:46:45","modified_gmt":"2016-07-15T07:46:45","slug":"amenzi-de-aproape-3000-de-lei-date-de-politistii-din-blaj","status":"publish","type":"post","link":"https:\/\/urbeamea.ro\/albaiulia\/amenzi-de-aproape-3000-de-lei-date-de-politistii-din-blaj\/","title":{"rendered":"Amenzi de aproape 3000 de lei, date de poli\u021bi\u0219tii din Blaj"},"content":{"rendered":"<p><strong><img loading=\"lazy\" decoding=\"async\" class=\"size-medium wp-image-27449 alignleft\" src=\"http:\/\/urbeamea.ro\/albaiulia\/wp-content\/uploads\/2016\/07\/radar-politist-800x600-300x225.jpg\" alt=\"radar-politist-800x600\" width=\"300\" height=\"225\" \/>Amenzi de aproape 3000 de lei au fost date de poli\u0163i\u015ftii din Blaj \u00een cadrul unei ac\u0163iuni organizate joi.<\/strong><\/p>\n<p>Aceasta a vizat prevenirea furturilor din buzunare \u015fi de pe tarabe, a infrac\u0163iunilor stradale, asigurarea climatului de ordine \u015fi siguran\u0163\u0103 public\u0103, combaterea \u00eenc\u0103lc\u0103rilor regulilor generale de comer\u0163 \u015fi circula\u0163ie rutier\u0103.<\/p>\n<p>\u00cen cadrul acestei ac\u0163iuni au fost legitimate 38 de persoane \u015fi au fost controlate 3 societ\u0103\u0163i comerciale si 22 de autoturisme\/autospeciale.<\/p>\n<p>Oamenii legii au aplicat 24 de sanc\u0163iuni contraven\u0163ionale \u00een valoare de 2.950 lei, transmite IPJ Alba.<\/p>\n","protected":false},"excerpt":{"rendered":"<p>Amenzi de aproape 3000 de lei au fost date de poli\u0163i\u015ftii din Blaj \u00een cadrul unei ac\u0163iuni organizate joi. Aceasta a vizat prevenirea furturilor din buzunare \u015fi de pe tarabe, a infrac\u0163iunilor stradale, asigurarea climatului de ordine \u015fi siguran\u0163\u0103 public\u0103, combaterea \u00eenc\u0103lc\u0103rilor regulilor generale de comer\u0163 \u015fi circula\u0163ie rutier\u0103. \u00cen cadrul acestei ac\u0163iuni au fost &hellip;<\/p>\n","protected":false},"author":16,"featured_media":27449,"comment_status":"open","ping_status":"open","sticky":false,"template":"","format":"standard","meta":{"inline_featured_image":false,"footnotes":""},"categories":[2034],"tags":[666,307,2292,170,6334,6335,458,3162,308,76],"class_list":["post-27989","post","type-post","status-publish","format-standard","has-post-thumbnail","hentry","category-social","tag-actiune","tag-alba","tag-amenzi","tag-blaj","tag-furturi-de-buzunare","tag-infractiuni-stradale","tag-politisti","tag-prevenire","tag-stiri","tag-urbea-mea"],"yoast_head":"<!-- This site is optimized with the Yoast SEO plugin v28.3 - https:\/\/yoast.com\/product\/yoast-seo-wordpress\/ -->\n<title>Amenzi de aproape 3000 de lei, date de poli\u021bi\u0219tii din Blaj - Revista Urbea Mea - Revista de Alba<\/title>\n<meta name=\"description\" content=\"Amenzi de aproape 3000 de lei au fost date de poli\u0163i\u015ftii din Blaj \u00een cadrul unei ac\u0163iuni organizate joi. Aceasta a vizat prevenirea furturilor din\" \/>\n<meta name=\"robots\" content=\"index, follow, max-snippet:-1, max-image-preview:large, max-video-preview:-1\" \/>\n<link rel=\"canonical\" href=\"https:\/\/urbeamea.ro\/albaiulia\/amenzi-de-aproape-3000-de-lei-date-de-politistii-din-blaj\/\" \/>\n<meta name=\"twitter:card\" content=\"summary_large_image\" \/>\n<meta name=\"twitter:title\" content=\"Amenzi de aproape 3000 de lei, date de poli\u021bi\u0219tii din Blaj - Revista Urbea Mea - Revista de Alba\" \/>\n<meta name=\"twitter:description\" content=\"Amenzi de aproape 3000 de lei au fost date de poli\u0163i\u015ftii din Blaj \u00een cadrul unei ac\u0163iuni organizate joi. Aceasta a vizat prevenirea furturilor din\" \/>\n<meta name=\"twitter:image\" content=\"https:\/\/urbeamea.ro\/albaiulia\/wp-content\/uploads\/2016\/07\/radar-politist-800x600.jpg\" \/>\n<meta name=\"twitter:creator\" content=\"@urbeameaweb\" \/>\n<meta name=\"twitter:site\" content=\"@urbeameaweb\" \/>\n<script type=\"application\/ld+json\" class=\"yoast-schema-graph\">{\"@context\":\"https:\\\/\\\/schema.org\",\"@graph\":[{\"@type\":\"Article\",\"@id\":\"https:\\\/\\\/urbeamea.ro\\\/albaiulia\\\/amenzi-de-aproape-3000-de-lei-date-de-politistii-din-blaj\\\/#article\",\"isPartOf\":{\"@id\":\"https:\\\/\\\/urbeamea.ro\\\/albaiulia\\\/amenzi-de-aproape-3000-de-lei-date-de-politistii-din-blaj\\\/\"},\"author\":{\"name\":\"Redac\u021bia UrbeaMea\",\"@id\":\"https:\\\/\\\/urbeamea.ro\\\/albaiulia\\\/#\\\/schema\\\/person\\\/272ae98052f8ee8980f59848df070247\"},\"headline\":\"Amenzi de aproape 3000 de lei, date de poli\u021bi\u0219tii din Blaj\",\"datePublished\":\"2016-07-15T07:46:25+00:00\",\"dateModified\":\"2016-07-15T07:46:45+00:00\",\"mainEntityOfPage\":{\"@id\":\"https:\\\/\\\/urbeamea.ro\\\/albaiulia\\\/amenzi-de-aproape-3000-de-lei-date-de-politistii-din-blaj\\\/\"},\"wordCount\":104,\"commentCount\":0,\"image\":{\"@id\":\"https:\\\/\\\/urbeamea.ro\\\/albaiulia\\\/amenzi-de-aproape-3000-de-lei-date-de-politistii-din-blaj\\\/#primaryimage\"},\"thumbnailUrl\":\"https:\\\/\\\/urbeamea.ro\\\/albaiulia\\\/wp-content\\\/uploads\\\/2016\\\/07\\\/radar-politist-800x600.jpg\",\"keywords\":[\"actiune\",\"alba\",\"amenzi\",\"blaj\",\"furturi de buzunare\",\"infractiuni stradale\",\"politisti\",\"prevenire\",\"stiri\",\"Urbea Mea\"],\"articleSection\":[\"Social\"],\"inLanguage\":\"ro-RO\",\"potentialAction\":[{\"@type\":\"CommentAction\",\"name\":\"Comment\",\"target\":[\"https:\\\/\\\/urbeamea.ro\\\/albaiulia\\\/amenzi-de-aproape-3000-de-lei-date-de-politistii-din-blaj\\\/#respond\"]}]},{\"@type\":\"WebPage\",\"@id\":\"https:\\\/\\\/urbeamea.ro\\\/albaiulia\\\/amenzi-de-aproape-3000-de-lei-date-de-politistii-din-blaj\\\/\",\"url\":\"https:\\\/\\\/urbeamea.ro\\\/albaiulia\\\/amenzi-de-aproape-3000-de-lei-date-de-politistii-din-blaj\\\/\",\"name\":\"Amenzi de aproape 3000 de lei, date de poli\u021bi\u0219tii din Blaj - Revista Urbea Mea - Revista de Alba\",\"isPartOf\":{\"@id\":\"https:\\\/\\\/urbeamea.ro\\\/albaiulia\\\/#website\"},\"primaryImageOfPage\":{\"@id\":\"https:\\\/\\\/urbeamea.ro\\\/albaiulia\\\/amenzi-de-aproape-3000-de-lei-date-de-politistii-din-blaj\\\/#primaryimage\"},\"image\":{\"@id\":\"https:\\\/\\\/urbeamea.ro\\\/albaiulia\\\/amenzi-de-aproape-3000-de-lei-date-de-politistii-din-blaj\\\/#primaryimage\"},\"thumbnailUrl\":\"https:\\\/\\\/urbeamea.ro\\\/albaiulia\\\/wp-content\\\/uploads\\\/2016\\\/07\\\/radar-politist-800x600.jpg\",\"datePublished\":\"2016-07-15T07:46:25+00:00\",\"dateModified\":\"2016-07-15T07:46:45+00:00\",\"author\":{\"@id\":\"https:\\\/\\\/urbeamea.ro\\\/albaiulia\\\/#\\\/schema\\\/person\\\/272ae98052f8ee8980f59848df070247\"},\"description\":\"Amenzi de aproape 3000 de lei au fost date de poli\u0163i\u015ftii din Blaj \u00een cadrul unei ac\u0163iuni organizate joi. Aceasta a vizat prevenirea furturilor din\",\"breadcrumb\":{\"@id\":\"https:\\\/\\\/urbeamea.ro\\\/albaiulia\\\/amenzi-de-aproape-3000-de-lei-date-de-politistii-din-blaj\\\/#breadcrumb\"},\"inLanguage\":\"ro-RO\",\"potentialAction\":[{\"@type\":\"ReadAction\",\"target\":[\"https:\\\/\\\/urbeamea.ro\\\/albaiulia\\\/amenzi-de-aproape-3000-de-lei-date-de-politistii-din-blaj\\\/\"]}]},{\"@type\":\"ImageObject\",\"inLanguage\":\"ro-RO\",\"@id\":\"https:\\\/\\\/urbeamea.ro\\\/albaiulia\\\/amenzi-de-aproape-3000-de-lei-date-de-politistii-din-blaj\\\/#primaryimage\",\"url\":\"https:\\\/\\\/urbeamea.ro\\\/albaiulia\\\/wp-content\\\/uploads\\\/2016\\\/07\\\/radar-politist-800x600.jpg\",\"contentUrl\":\"https:\\\/\\\/urbeamea.ro\\\/albaiulia\\\/wp-content\\\/uploads\\\/2016\\\/07\\\/radar-politist-800x600.jpg\",\"width\":800,\"height\":600},{\"@type\":\"BreadcrumbList\",\"@id\":\"https:\\\/\\\/urbeamea.ro\\\/albaiulia\\\/amenzi-de-aproape-3000-de-lei-date-de-politistii-din-blaj\\\/#breadcrumb\",\"itemListElement\":[{\"@type\":\"ListItem\",\"position\":1,\"name\":\"Prima pagin\u0103\",\"item\":\"https:\\\/\\\/urbeamea.ro\\\/albaiulia\\\/\"},{\"@type\":\"ListItem\",\"position\":2,\"name\":\"Amenzi de aproape 3000 de lei, date de poli\u021bi\u0219tii din Blaj\"}]},{\"@type\":\"WebSite\",\"@id\":\"https:\\\/\\\/urbeamea.ro\\\/albaiulia\\\/#website\",\"url\":\"https:\\\/\\\/urbeamea.ro\\\/albaiulia\\\/\",\"name\":\"Revista Urbea Mea, Stiri urbane\",\"description\":\"Evenimente \u0219i \u0219tiri din Alba Iulia, Sebe\u0219, Aiud, Blaj\",\"potentialAction\":[{\"@type\":\"SearchAction\",\"target\":{\"@type\":\"EntryPoint\",\"urlTemplate\":\"https:\\\/\\\/urbeamea.ro\\\/albaiulia\\\/?s={search_term_string}\"},\"query-input\":{\"@type\":\"PropertyValueSpecification\",\"valueRequired\":true,\"valueName\":\"search_term_string\"}}],\"inLanguage\":\"ro-RO\"},{\"@type\":\"Person\",\"@id\":\"https:\\\/\\\/urbeamea.ro\\\/albaiulia\\\/#\\\/schema\\\/person\\\/272ae98052f8ee8980f59848df070247\",\"name\":\"Redac\u021bia UrbeaMea\",\"image\":{\"@type\":\"ImageObject\",\"inLanguage\":\"ro-RO\",\"@id\":\"https:\\\/\\\/secure.gravatar.com\\\/avatar\\\/9ce5a9435071fa1037e8468053ead8e513dbbff59009d3069aadb85506d85a27?s=96&d=mm&r=g\",\"url\":\"https:\\\/\\\/secure.gravatar.com\\\/avatar\\\/9ce5a9435071fa1037e8468053ead8e513dbbff59009d3069aadb85506d85a27?s=96&d=mm&r=g\",\"contentUrl\":\"https:\\\/\\\/secure.gravatar.com\\\/avatar\\\/9ce5a9435071fa1037e8468053ead8e513dbbff59009d3069aadb85506d85a27?s=96&d=mm&r=g\",\"caption\":\"Redac\u021bia UrbeaMea\"},\"description\":\"contact@urbeamea.ro\",\"sameAs\":[\"https:\\\/\\\/www.urbeamea.ro\"],\"url\":\"https:\\\/\\\/urbeamea.ro\\\/albaiulia\\\/author\\\/redactia-urbeamea\\\/\"}]}<\/script>\n<!-- \/ Yoast SEO plugin. -->","yoast_head_json":{"title":"Amenzi de aproape 3000 de lei, date de poli\u021bi\u0219tii din Blaj - Revista Urbea Mea - Revista de Alba","description":"Amenzi de aproape 3000 de lei au fost date de poli\u0163i\u015ftii din Blaj \u00een cadrul unei ac\u0163iuni organizate joi. Aceasta a vizat prevenirea furturilor din","robots":{"index":"index","follow":"follow","max-snippet":"max-snippet:-1","max-image-preview":"max-image-preview:large","max-video-preview":"max-video-preview:-1"},"canonical":"https:\/\/urbeamea.ro\/albaiulia\/amenzi-de-aproape-3000-de-lei-date-de-politistii-din-blaj\/","twitter_card":"summary_large_image","twitter_title":"Amenzi de aproape 3000 de lei, date de poli\u021bi\u0219tii din Blaj - Revista Urbea Mea - Revista de Alba","twitter_description":"Amenzi de aproape 3000 de lei au fost date de poli\u0163i\u015ftii din Blaj \u00een cadrul unei ac\u0163iuni organizate joi. Aceasta a vizat prevenirea furturilor din","twitter_image":"https:\/\/urbeamea.ro\/albaiulia\/wp-content\/uploads\/2016\/07\/radar-politist-800x600.jpg","twitter_creator":"@urbeameaweb","twitter_site":"@urbeameaweb","schema":{"@context":"https:\/\/schema.org","@graph":[{"@type":"Article","@id":"https:\/\/urbeamea.ro\/albaiulia\/amenzi-de-aproape-3000-de-lei-date-de-politistii-din-blaj\/#article","isPartOf":{"@id":"https:\/\/urbeamea.ro\/albaiulia\/amenzi-de-aproape-3000-de-lei-date-de-politistii-din-blaj\/"},"author":{"name":"Redac\u021bia UrbeaMea","@id":"https:\/\/urbeamea.ro\/albaiulia\/#\/schema\/person\/272ae98052f8ee8980f59848df070247"},"headline":"Amenzi de aproape 3000 de lei, date de poli\u021bi\u0219tii din Blaj","datePublished":"2016-07-15T07:46:25+00:00","dateModified":"2016-07-15T07:46:45+00:00","mainEntityOfPage":{"@id":"https:\/\/urbeamea.ro\/albaiulia\/amenzi-de-aproape-3000-de-lei-date-de-politistii-din-blaj\/"},"wordCount":104,"commentCount":0,"image":{"@id":"https:\/\/urbeamea.ro\/albaiulia\/amenzi-de-aproape-3000-de-lei-date-de-politistii-din-blaj\/#primaryimage"},"thumbnailUrl":"https:\/\/urbeamea.ro\/albaiulia\/wp-content\/uploads\/2016\/07\/radar-politist-800x600.jpg","keywords":["actiune","alba","amenzi","blaj","furturi de buzunare","infractiuni stradale","politisti","prevenire","stiri","Urbea Mea"],"articleSection":["Social"],"inLanguage":"ro-RO","potentialAction":[{"@type":"CommentAction","name":"Comment","target":["https:\/\/urbeamea.ro\/albaiulia\/amenzi-de-aproape-3000-de-lei-date-de-politistii-din-blaj\/#respond"]}]},{"@type":"WebPage","@id":"https:\/\/urbeamea.ro\/albaiulia\/amenzi-de-aproape-3000-de-lei-date-de-politistii-din-blaj\/","url":"https:\/\/urbeamea.ro\/albaiulia\/amenzi-de-aproape-3000-de-lei-date-de-politistii-din-blaj\/","name":"Amenzi de aproape 3000 de lei, date de poli\u021bi\u0219tii din Blaj - Revista Urbea Mea - Revista de Alba","isPartOf":{"@id":"https:\/\/urbeamea.ro\/albaiulia\/#website"},"primaryImageOfPage":{"@id":"https:\/\/urbeamea.ro\/albaiulia\/amenzi-de-aproape-3000-de-lei-date-de-politistii-din-blaj\/#primaryimage"},"image":{"@id":"https:\/\/urbeamea.ro\/albaiulia\/amenzi-de-aproape-3000-de-lei-date-de-politistii-din-blaj\/#primaryimage"},"thumbnailUrl":"https:\/\/urbeamea.ro\/albaiulia\/wp-content\/uploads\/2016\/07\/radar-politist-800x600.jpg","datePublished":"2016-07-15T07:46:25+00:00","dateModified":"2016-07-15T07:46:45+00:00","author":{"@id":"https:\/\/urbeamea.ro\/albaiulia\/#\/schema\/person\/272ae98052f8ee8980f59848df070247"},"description":"Amenzi de aproape 3000 de lei au fost date de poli\u0163i\u015ftii din Blaj \u00een cadrul unei ac\u0163iuni organizate joi. Aceasta a vizat prevenirea furturilor din","breadcrumb":{"@id":"https:\/\/urbeamea.ro\/albaiulia\/amenzi-de-aproape-3000-de-lei-date-de-politistii-din-blaj\/#breadcrumb"},"inLanguage":"ro-RO","potentialAction":[{"@type":"ReadAction","target":["https:\/\/urbeamea.ro\/albaiulia\/amenzi-de-aproape-3000-de-lei-date-de-politistii-din-blaj\/"]}]},{"@type":"ImageObject","inLanguage":"ro-RO","@id":"https:\/\/urbeamea.ro\/albaiulia\/amenzi-de-aproape-3000-de-lei-date-de-politistii-din-blaj\/#primaryimage","url":"https:\/\/urbeamea.ro\/albaiulia\/wp-content\/uploads\/2016\/07\/radar-politist-800x600.jpg","contentUrl":"https:\/\/urbeamea.ro\/albaiulia\/wp-content\/uploads\/2016\/07\/radar-politist-800x600.jpg","width":800,"height":600},{"@type":"BreadcrumbList","@id":"https:\/\/urbeamea.ro\/albaiulia\/amenzi-de-aproape-3000-de-lei-date-de-politistii-din-blaj\/#breadcrumb","itemListElement":[{"@type":"ListItem","position":1,"name":"Prima pagin\u0103","item":"https:\/\/urbeamea.ro\/albaiulia\/"},{"@type":"ListItem","position":2,"name":"Amenzi de aproape 3000 de lei, date de poli\u021bi\u0219tii din Blaj"}]},{"@type":"WebSite","@id":"https:\/\/urbeamea.ro\/albaiulia\/#website","url":"https:\/\/urbeamea.ro\/albaiulia\/","name":"Revista Urbea Mea, Stiri urbane","description":"Evenimente \u0219i \u0219tiri din Alba Iulia, Sebe\u0219, Aiud, Blaj","potentialAction":[{"@type":"SearchAction","target":{"@type":"EntryPoint","urlTemplate":"https:\/\/urbeamea.ro\/albaiulia\/?s={search_term_string}"},"query-input":{"@type":"PropertyValueSpecification","valueRequired":true,"valueName":"search_term_string"}}],"inLanguage":"ro-RO"},{"@type":"Person","@id":"https:\/\/urbeamea.ro\/albaiulia\/#\/schema\/person\/272ae98052f8ee8980f59848df070247","name":"Redac\u021bia UrbeaMea","image":{"@type":"ImageObject","inLanguage":"ro-RO","@id":"https:\/\/secure.gravatar.com\/avatar\/9ce5a9435071fa1037e8468053ead8e513dbbff59009d3069aadb85506d85a27?s=96&d=mm&r=g","url":"https:\/\/secure.gravatar.com\/avatar\/9ce5a9435071fa1037e8468053ead8e513dbbff59009d3069aadb85506d85a27?s=96&d=mm&r=g","contentUrl":"https:\/\/secure.gravatar.com\/avatar\/9ce5a9435071fa1037e8468053ead8e513dbbff59009d3069aadb85506d85a27?s=96&d=mm&r=g","caption":"Redac\u021bia UrbeaMea"},"description":"contact@urbeamea.ro","sameAs":["https:\/\/www.urbeamea.ro"],"url":"https:\/\/urbeamea.ro\/albaiulia\/author\/redactia-urbeamea\/"}]}},"_links":{"self":[{"href":"https:\/\/urbeamea.ro\/albaiulia\/wp-json\/wp\/v2\/posts\/27989","targetHints":{"allow":["GET"]}}],"collection":[{"href":"https:\/\/urbeamea.ro\/albaiulia\/wp-json\/wp\/v2\/posts"}],"about":[{"href":"https:\/\/urbeamea.ro\/albaiulia\/wp-json\/wp\/v2\/types\/post"}],"author":[{"embeddable":true,"href":"https:\/\/urbeamea.ro\/albaiulia\/wp-json\/wp\/v2\/users\/16"}],"replies":[{"embeddable":true,"href":"https:\/\/urbeamea.ro\/albaiulia\/wp-json\/wp\/v2\/comments?post=27989"}],"version-history":[{"count":0,"href":"https:\/\/urbeamea.ro\/albaiulia\/wp-json\/wp\/v2\/posts\/27989\/revisions"}],"wp:featuredmedia":[{"embeddable":true,"href":"https:\/\/urbeamea.ro\/albaiulia\/wp-json\/wp\/v2\/media\/27449"}],"wp:attachment":[{"href":"https:\/\/urbeamea.ro\/albaiulia\/wp-json\/wp\/v2\/media?parent=27989"}],"wp:term":[{"taxonomy":"category","embeddable":true,"href":"https:\/\/urbeamea.ro\/albaiulia\/wp-json\/wp\/v2\/categories?post=27989"},{"taxonomy":"post_tag","embeddable":true,"href":"https:\/\/urbeamea.ro\/albaiulia\/wp-json\/wp\/v2\/tags?post=27989"}],"curies":[{"name":"wp","href":"https:\/\/api.w.org\/{rel}","templated":true}]}}