{"id":27992,"date":"2016-07-15T10:53:34","date_gmt":"2016-07-15T07:53:34","guid":{"rendered":"http:\/\/urbeamea.ro\/albaiulia\/?p=27992"},"modified":"2016-07-15T10:53:34","modified_gmt":"2016-07-15T07:53:34","slug":"foto-actiuni-de-informare-derulate-de-politisti-in-taberele-si-centrele-de-plasament-din-alba","status":"publish","type":"post","link":"https:\/\/urbeamea.ro\/albaiulia\/foto-actiuni-de-informare-derulate-de-politisti-in-taberele-si-centrele-de-plasament-din-alba\/","title":{"rendered":"FOTO: Ac\u021biuni de informare derulate de poli\u021bi\u0219ti, \u00een taberele \u0219i centrele de plasament din Alba"},"content":{"rendered":"<p><strong><img loading=\"lazy\" decoding=\"async\" class=\"size-medium wp-image-27993 alignleft\" src=\"http:\/\/urbeamea.ro\/albaiulia\/wp-content\/uploads\/2016\/07\/DSC_0550-300x200.jpg\" alt=\"vacanta\" width=\"300\" height=\"200\" srcset=\"https:\/\/urbeamea.ro\/albaiulia\/wp-content\/uploads\/2016\/07\/DSC_0550-300x200.jpg 300w, https:\/\/urbeamea.ro\/albaiulia\/wp-content\/uploads\/2016\/07\/DSC_0550-150x100.jpg 150w, https:\/\/urbeamea.ro\/albaiulia\/wp-content\/uploads\/2016\/07\/DSC_0550.jpg 600w\" sizes=\"auto, (max-width: 300px) 100vw, 300px\" \/>\u00cen perioada 04-08 iulie 2016, poli\u0163i\u015ftii Compartimentului de Analiz\u0103 \u015fi Prevenire a Criminalit\u0103\u0163ii, \u00eenso\u0163i\u0163i de poli\u0163i\u015fti din cadrul Serviciului pentru Ac\u0163iuni Speciale, ai Poli\u0163iei Ora\u015fului Cugir \u015fi ai Postului de Poli\u0163ie Pianu de Sus \u015fi de reprezentan\u0163i ai Centrului de Evaluare, Prevenire si Consiliere Antidrog Alba au desf\u0103\u015furat trei activit\u0103\u0163i \u00een Tab\u0103ra de incluziune social\u0103 de la Strungari, \u00eenfiin\u0163at\u0103 \u015fi coordonat\u0103 de c\u0103tre Asocia\u0163ia Sprijini\u0163i Copiii, la Centrul Misionar pentru Tineret Cetea, coordonat de c\u0103tre Asocia\u0163ia Filantropia Ortodox\u0103 Alba Iulia \u015fi Casa de Tip Familial \u201eSperan\u0163a Copiilor \u201d Cugir.<\/strong><\/p>\n<p>Poli\u0163i\u015ftii au discutat cu copiii \u00a0aspecte legate de riscurile la care ace\u015ftia se expun atunci c\u00e2nd p\u0103r\u0103sesc taberele \u015fi centrele de plasament, f\u0103r\u0103 \u00eencuviin\u0163area profesorului supraveghetor sau a referentului, despre consecin\u0163ele psiho-socio-juridice ale consumului de droguri sau ale comportamentului deviant, dar \u015fi despre importan\u0163a respect\u0103rii regulilor de circula\u0163ie.<\/p>\n<p>Totodat\u0103, copiii din tab\u0103r\u0103 au avut ocazia s\u0103 interac\u0163ioneze cu poli\u0163i\u015ftii de la Serviciul pentru Ac\u0163iuni Speciale, s\u0103 vad\u0103 autospeciala \u015fi echipamentele specifice aflate \u00een dotarea acestora \u015fi s\u0103 adreseze \u00eentreb\u0103ri legate de munca de poli\u0163ie.<\/p>\n<p>Pe perioada vacan\u0163ei de var\u0103, poli\u0163i\u015ftii vor continua s\u0103 desf\u0103\u015foare activit\u0103\u0163i de informare \u015fi \u00een alte locuri de agrement sau de petrecere a timpului liber din jude\u0163, adres\u00e2nd recomand\u0103ri \u015fi sfaturi antivictimale \u015fi antiinfrac\u0163ionale.<\/p>\n<p><em>Inspectoratul de Poli\u0163ie Jude\u0163ean Alba recomand\u0103:<\/em><\/p>\n<p><strong><em>Copiilor:<\/em><\/strong><\/p>\n<ul>\n<li>\u00cen drume\u0163ii, nu v\u0103 \u00eendep\u0103rta\u0163i de grup sau de persoana adult\u0103 care v\u0103 \u00eenso\u0163e\u015fte<\/li>\n<li>Nu consuma\u0163i substan\u0163e interzise \u015fi b\u0103uturi alcoolice, efectele acestora put\u00e2nd fi nocive pentru organism<\/li>\n<li>Nu primi\u0163i nimic de la persoane necunoscute sau despre care ave\u0163i pu\u0163ine informa\u0163ii!<\/li>\n<li>Nu lega\u0163i prietenii cu persoane care manifest\u0103 un comportament deviant. Nu intra\u0163i \u00een anturaje dubioase!<\/li>\n<li>Evita\u0163i frecventarea locurilor \u015fi mediilor unde se consum\u0103 alcool, droguri sau se practic\u0103 jocuri de noroc!<\/li>\n<li>Nu v\u0103 juca\u0163i pe drumurile publice sau \u00een apropierea acestora, ci doar \u00een locurile \u00a0special amenajate \u00een acest sens, unde nu circul\u0103 ma\u015fini (parcurile, terenurile de sport, curtea \u015fcolii sau a gr\u0103dini\u0163ei etc.)!<\/li>\n<li>Nu v\u0103 deplasa\u0163i cu rolele\/ skate-board-ul pe partea carosabil\u0103 a drumurilor publice!<\/li>\n<li>Dup\u0103 c\u0103derea \u00eentunericului sau \u00een alte condi\u0163ii de vizibilitate redus\u0103, folosi\u0163i \u00eembr\u0103c\u0103minte de culoare deschis\u0103, care v\u0103 face mai vizibili \u00een lumina farurilor!<\/li>\n<li>C\u00e2nd circula\u0163i cu bicicleta, evita\u0163i zonele aglomerate \u015fi arterele principale cu trafic mare!<\/li>\n<li>Traversa\u0163i strada numai pe trecerea de pietoni \u015fi doar la culoarea verde a semaforului!<\/li>\n<\/ul>\n<p><strong><em>P\u0103rin\u0163ilor: <\/em><\/strong><\/p>\n<ul>\n<li>Discuta\u0163i deschis cu copilul dumneavoastr\u0103, \u00eenv\u0103\u0163a\u0163i-l cum s\u0103 reac\u0163ioneze \u00een situa\u0163ia \u00een care se r\u0103t\u0103ce\u015fte, asigura\u0163i-v\u0103 c\u0103 acesta v\u0103 cunoa\u015fte numele complet, num\u0103rul de telefon precum \u015fi adresa!<\/li>\n<li>\u00cenv\u0103\u0163a\u0163i-l c\u0103 are voie s\u0103 plece doar cu permisiunea dumneavoastr\u0103 \u015fi c\u0103 trebuie s\u0103 spun\u0103 \u00eentotdeauna unde \u015fi cu cine pleac\u0103!<\/li>\n<li>C\u00e2nd pleca\u0163i \u00een vacan\u0163\u0103, pe litoral, la munte, sau \u00een alte zone turistice, nu l\u0103sa\u0163i copilul s\u0103 se joace nesupravegheat, mai ales \u00een zonele aglomerate!<\/li>\n<\/ul>\n<p><strong><em>\u00cen cazul \u00een care v\u0103 confrunta\u0163i cu dispari\u0163ia copilului, apela\u0163i \u00een cel mai scurt timp posibil Poli\u0163ia, la num\u0103rul unic de urgen\u0163\u0103 112.<\/em><\/strong><\/p>\n<div id='gallery-1' class='gallery galleryid-27992 gallery-columns-3 gallery-size-thumbnail'><figure class='gallery-item'>\n\t\t\t<div class='gallery-icon landscape'>\n\t\t\t\t<a href='https:\/\/urbeamea.ro\/albaiulia\/wp-content\/uploads\/2016\/07\/DSC_0550.jpg'><img decoding=\"async\" width=\"150\" height=\"100\" src=\"data:image\/png;base64,iVBORw0KGgoAAAANSUhEUgAAAYYAAADcAQMAAABOLJSDAAAAA1BMVEUAAACnej3aAAAAAXRSTlMAQObYZgAAACJJREFUaIHtwTEBAAAAwqD1T20ND6AAAAAAAAAAAAAA4N8AKvgAAUFIrrEAAAAASUVORK5CYII=\" class=\"attachment-thumbnail size-thumbnail lazy-img\" alt=\"\" srcset=\"https:\/\/urbeamea.ro\/albaiulia\/wp-content\/uploads\/2016\/07\/DSC_0550-150x100.jpg 150w, https:\/\/urbeamea.ro\/albaiulia\/wp-content\/uploads\/2016\/07\/DSC_0550-300x200.jpg 300w, https:\/\/urbeamea.ro\/albaiulia\/wp-content\/uploads\/2016\/07\/DSC_0550.jpg 600w\" sizes=\"auto, (max-width: 150px) 100vw, 150px\" data-src=\"https:\/\/urbeamea.ro\/albaiulia\/wp-content\/uploads\/2016\/07\/DSC_0550-150x100.jpg\" loading=\"lazy\" \/><\/a>\n\t\t\t<\/div><\/figure><figure class='gallery-item'>\n\t\t\t<div class='gallery-icon landscape'>\n\t\t\t\t<a href='https:\/\/urbeamea.ro\/albaiulia\/wp-content\/uploads\/2016\/07\/DSC_0555.jpg'><img decoding=\"async\" width=\"150\" height=\"100\" src=\"data:image\/png;base64,iVBORw0KGgoAAAANSUhEUgAAAYYAAADcAQMAAABOLJSDAAAAA1BMVEUAAACnej3aAAAAAXRSTlMAQObYZgAAACJJREFUaIHtwTEBAAAAwqD1T20ND6AAAAAAAAAAAAAA4N8AKvgAAUFIrrEAAAAASUVORK5CYII=\" class=\"attachment-thumbnail size-thumbnail lazy-img\" alt=\"\" srcset=\"https:\/\/urbeamea.ro\/albaiulia\/wp-content\/uploads\/2016\/07\/DSC_0555-150x100.jpg 150w, https:\/\/urbeamea.ro\/albaiulia\/wp-content\/uploads\/2016\/07\/DSC_0555-300x200.jpg 300w, https:\/\/urbeamea.ro\/albaiulia\/wp-content\/uploads\/2016\/07\/DSC_0555.jpg 600w\" sizes=\"auto, (max-width: 150px) 100vw, 150px\" data-src=\"https:\/\/urbeamea.ro\/albaiulia\/wp-content\/uploads\/2016\/07\/DSC_0555-150x100.jpg\" loading=\"lazy\" \/><\/a>\n\t\t\t<\/div><\/figure><figure class='gallery-item'>\n\t\t\t<div class='gallery-icon landscape'>\n\t\t\t\t<a href='https:\/\/urbeamea.ro\/albaiulia\/wp-content\/uploads\/2016\/07\/DSC_0561.jpg'><img decoding=\"async\" width=\"150\" height=\"100\" src=\"data:image\/png;base64,iVBORw0KGgoAAAANSUhEUgAAAYYAAADcAQMAAABOLJSDAAAAA1BMVEUAAACnej3aAAAAAXRSTlMAQObYZgAAACJJREFUaIHtwTEBAAAAwqD1T20ND6AAAAAAAAAAAAAA4N8AKvgAAUFIrrEAAAAASUVORK5CYII=\" class=\"attachment-thumbnail size-thumbnail lazy-img\" alt=\"\" srcset=\"https:\/\/urbeamea.ro\/albaiulia\/wp-content\/uploads\/2016\/07\/DSC_0561-150x100.jpg 150w, https:\/\/urbeamea.ro\/albaiulia\/wp-content\/uploads\/2016\/07\/DSC_0561-300x200.jpg 300w, https:\/\/urbeamea.ro\/albaiulia\/wp-content\/uploads\/2016\/07\/DSC_0561.jpg 600w\" sizes=\"auto, (max-width: 150px) 100vw, 150px\" data-src=\"https:\/\/urbeamea.ro\/albaiulia\/wp-content\/uploads\/2016\/07\/DSC_0561-150x100.jpg\" loading=\"lazy\" \/><\/a>\n\t\t\t<\/div><\/figure><figure class='gallery-item'>\n\t\t\t<div class='gallery-icon landscape'>\n\t\t\t\t<a href='https:\/\/urbeamea.ro\/albaiulia\/wp-content\/uploads\/2016\/07\/DSC_0571.jpg'><img decoding=\"async\" width=\"150\" height=\"100\" src=\"data:image\/png;base64,iVBORw0KGgoAAAANSUhEUgAAAYYAAADcAQMAAABOLJSDAAAAA1BMVEUAAACnej3aAAAAAXRSTlMAQObYZgAAACJJREFUaIHtwTEBAAAAwqD1T20ND6AAAAAAAAAAAAAA4N8AKvgAAUFIrrEAAAAASUVORK5CYII=\" class=\"attachment-thumbnail size-thumbnail lazy-img\" alt=\"\" srcset=\"https:\/\/urbeamea.ro\/albaiulia\/wp-content\/uploads\/2016\/07\/DSC_0571-150x100.jpg 150w, https:\/\/urbeamea.ro\/albaiulia\/wp-content\/uploads\/2016\/07\/DSC_0571-300x200.jpg 300w, https:\/\/urbeamea.ro\/albaiulia\/wp-content\/uploads\/2016\/07\/DSC_0571.jpg 600w\" sizes=\"auto, (max-width: 150px) 100vw, 150px\" data-src=\"https:\/\/urbeamea.ro\/albaiulia\/wp-content\/uploads\/2016\/07\/DSC_0571-150x100.jpg\" loading=\"lazy\" \/><\/a>\n\t\t\t<\/div><\/figure><figure class='gallery-item'>\n\t\t\t<div class='gallery-icon landscape'>\n\t\t\t\t<a href='https:\/\/urbeamea.ro\/albaiulia\/wp-content\/uploads\/2016\/07\/DSC_0636.jpg'><img decoding=\"async\" width=\"150\" height=\"100\" src=\"data:image\/png;base64,iVBORw0KGgoAAAANSUhEUgAAAYYAAADcAQMAAABOLJSDAAAAA1BMVEUAAACnej3aAAAAAXRSTlMAQObYZgAAACJJREFUaIHtwTEBAAAAwqD1T20ND6AAAAAAAAAAAAAA4N8AKvgAAUFIrrEAAAAASUVORK5CYII=\" class=\"attachment-thumbnail size-thumbnail lazy-img\" alt=\"\" srcset=\"https:\/\/urbeamea.ro\/albaiulia\/wp-content\/uploads\/2016\/07\/DSC_0636-150x100.jpg 150w, https:\/\/urbeamea.ro\/albaiulia\/wp-content\/uploads\/2016\/07\/DSC_0636-300x200.jpg 300w, https:\/\/urbeamea.ro\/albaiulia\/wp-content\/uploads\/2016\/07\/DSC_0636.jpg 600w\" sizes=\"auto, (max-width: 150px) 100vw, 150px\" data-src=\"https:\/\/urbeamea.ro\/albaiulia\/wp-content\/uploads\/2016\/07\/DSC_0636-150x100.jpg\" loading=\"lazy\" \/><\/a>\n\t\t\t<\/div><\/figure><figure class='gallery-item'>\n\t\t\t<div class='gallery-icon landscape'>\n\t\t\t\t<a href='https:\/\/urbeamea.ro\/albaiulia\/wp-content\/uploads\/2016\/07\/DSC_0641.jpg'><img decoding=\"async\" width=\"150\" height=\"100\" src=\"data:image\/png;base64,iVBORw0KGgoAAAANSUhEUgAAAYYAAADcAQMAAABOLJSDAAAAA1BMVEUAAACnej3aAAAAAXRSTlMAQObYZgAAACJJREFUaIHtwTEBAAAAwqD1T20ND6AAAAAAAAAAAAAA4N8AKvgAAUFIrrEAAAAASUVORK5CYII=\" class=\"attachment-thumbnail size-thumbnail lazy-img\" alt=\"\" srcset=\"https:\/\/urbeamea.ro\/albaiulia\/wp-content\/uploads\/2016\/07\/DSC_0641-150x100.jpg 150w, https:\/\/urbeamea.ro\/albaiulia\/wp-content\/uploads\/2016\/07\/DSC_0641-300x200.jpg 300w, https:\/\/urbeamea.ro\/albaiulia\/wp-content\/uploads\/2016\/07\/DSC_0641.jpg 600w\" sizes=\"auto, (max-width: 150px) 100vw, 150px\" data-src=\"https:\/\/urbeamea.ro\/albaiulia\/wp-content\/uploads\/2016\/07\/DSC_0641-150x100.jpg\" loading=\"lazy\" \/><\/a>\n\t\t\t<\/div><\/figure><figure class='gallery-item'>\n\t\t\t<div class='gallery-icon landscape'>\n\t\t\t\t<a href='https:\/\/urbeamea.ro\/albaiulia\/wp-content\/uploads\/2016\/07\/DSC_0647.jpg'><img decoding=\"async\" width=\"150\" height=\"100\" src=\"data:image\/png;base64,iVBORw0KGgoAAAANSUhEUgAAAYYAAADcAQMAAABOLJSDAAAAA1BMVEUAAACnej3aAAAAAXRSTlMAQObYZgAAACJJREFUaIHtwTEBAAAAwqD1T20ND6AAAAAAAAAAAAAA4N8AKvgAAUFIrrEAAAAASUVORK5CYII=\" class=\"attachment-thumbnail size-thumbnail lazy-img\" alt=\"\" srcset=\"https:\/\/urbeamea.ro\/albaiulia\/wp-content\/uploads\/2016\/07\/DSC_0647-150x100.jpg 150w, https:\/\/urbeamea.ro\/albaiulia\/wp-content\/uploads\/2016\/07\/DSC_0647-300x200.jpg 300w, https:\/\/urbeamea.ro\/albaiulia\/wp-content\/uploads\/2016\/07\/DSC_0647.jpg 600w\" sizes=\"auto, (max-width: 150px) 100vw, 150px\" data-src=\"https:\/\/urbeamea.ro\/albaiulia\/wp-content\/uploads\/2016\/07\/DSC_0647-150x100.jpg\" loading=\"lazy\" \/><\/a>\n\t\t\t<\/div><\/figure><figure class='gallery-item'>\n\t\t\t<div class='gallery-icon landscape'>\n\t\t\t\t<a href='https:\/\/urbeamea.ro\/albaiulia\/wp-content\/uploads\/2016\/07\/DSC_0662.jpg'><img decoding=\"async\" width=\"150\" height=\"100\" src=\"data:image\/png;base64,iVBORw0KGgoAAAANSUhEUgAAAYYAAADcAQMAAABOLJSDAAAAA1BMVEUAAACnej3aAAAAAXRSTlMAQObYZgAAACJJREFUaIHtwTEBAAAAwqD1T20ND6AAAAAAAAAAAAAA4N8AKvgAAUFIrrEAAAAASUVORK5CYII=\" class=\"attachment-thumbnail size-thumbnail lazy-img\" alt=\"\" srcset=\"https:\/\/urbeamea.ro\/albaiulia\/wp-content\/uploads\/2016\/07\/DSC_0662-150x100.jpg 150w, https:\/\/urbeamea.ro\/albaiulia\/wp-content\/uploads\/2016\/07\/DSC_0662-300x200.jpg 300w, https:\/\/urbeamea.ro\/albaiulia\/wp-content\/uploads\/2016\/07\/DSC_0662.jpg 600w\" sizes=\"auto, (max-width: 150px) 100vw, 150px\" data-src=\"https:\/\/urbeamea.ro\/albaiulia\/wp-content\/uploads\/2016\/07\/DSC_0662-150x100.jpg\" loading=\"lazy\" \/><\/a>\n\t\t\t<\/div><\/figure><figure class='gallery-item'>\n\t\t\t<div class='gallery-icon landscape'>\n\t\t\t\t<a href='https:\/\/urbeamea.ro\/albaiulia\/wp-content\/uploads\/2016\/07\/DSC_0667.jpg'><img decoding=\"async\" width=\"150\" height=\"100\" src=\"data:image\/png;base64,iVBORw0KGgoAAAANSUhEUgAAAYYAAADcAQMAAABOLJSDAAAAA1BMVEUAAACnej3aAAAAAXRSTlMAQObYZgAAACJJREFUaIHtwTEBAAAAwqD1T20ND6AAAAAAAAAAAAAA4N8AKvgAAUFIrrEAAAAASUVORK5CYII=\" class=\"attachment-thumbnail size-thumbnail lazy-img\" alt=\"\" srcset=\"https:\/\/urbeamea.ro\/albaiulia\/wp-content\/uploads\/2016\/07\/DSC_0667-150x100.jpg 150w, https:\/\/urbeamea.ro\/albaiulia\/wp-content\/uploads\/2016\/07\/DSC_0667-300x200.jpg 300w, https:\/\/urbeamea.ro\/albaiulia\/wp-content\/uploads\/2016\/07\/DSC_0667.jpg 600w\" sizes=\"auto, (max-width: 150px) 100vw, 150px\" data-src=\"https:\/\/urbeamea.ro\/albaiulia\/wp-content\/uploads\/2016\/07\/DSC_0667-150x100.jpg\" loading=\"lazy\" \/><\/a>\n\t\t\t<\/div><\/figure>\n\t\t<\/div>\n\n<p>&nbsp;<\/p>\n","protected":false},"excerpt":{"rendered":"<p>\u00cen perioada 04-08 iulie 2016, poli\u0163i\u015ftii Compartimentului de Analiz\u0103 \u015fi Prevenire a Criminalit\u0103\u0163ii, \u00eenso\u0163i\u0163i de poli\u0163i\u015fti din cadrul Serviciului pentru Ac\u0163iuni Speciale, ai Poli\u0163iei Ora\u015fului Cugir \u015fi ai Postului de Poli\u0163ie Pianu de Sus \u015fi de reprezentan\u0163i ai Centrului de Evaluare, Prevenire si Consiliere Antidrog Alba au desf\u0103\u015furat trei activit\u0103\u0163i \u00een Tab\u0103ra de incluziune social\u0103 &hellip;<\/p>\n","protected":false},"author":16,"featured_media":27993,"comment_status":"open","ping_status":"open","sticky":false,"template":"","format":"standard","meta":{"inline_featured_image":false,"footnotes":""},"categories":[2034],"tags":[1357,307,440,1498,6183,742,315,457,458,470,308,3214,76],"class_list":["post-27992","post","type-post","status-publish","format-standard","has-post-thumbnail","hentry","category-social","tag-actiuni","tag-alba","tag-campanie","tag-casa-de-tip-familial","tag-centre-de-plasament","tag-copii","tag-elevi","tag-ipj-alba","tag-politisti","tag-recomandari","tag-stiri","tag-tabere","tag-urbea-mea"],"yoast_head":"<!-- This site is optimized with the Yoast SEO plugin v28.3 - https:\/\/yoast.com\/product\/yoast-seo-wordpress\/ -->\n<title>FOTO: Ac\u021biuni de informare derulate de poli\u021bi\u0219ti, \u00een taberele \u0219i centrele de plasament din Alba - Revista Urbea Mea - Revista de Alba<\/title>\n<meta name=\"description\" content=\"\u00cen perioada 04-08 iulie 2016, poli\u0163i\u015ftii Compartimentului de Analiz\u0103 \u015fi Prevenire a Criminalit\u0103\u0163ii, \u00eenso\u0163i\u0163i de poli\u0163i\u015fti din cadrul Serviciului pentru\" \/>\n<meta name=\"robots\" content=\"index, follow, max-snippet:-1, max-image-preview:large, max-video-preview:-1\" \/>\n<link rel=\"canonical\" href=\"https:\/\/urbeamea.ro\/albaiulia\/foto-actiuni-de-informare-derulate-de-politisti-in-taberele-si-centrele-de-plasament-din-alba\/\" \/>\n<meta name=\"twitter:card\" content=\"summary_large_image\" \/>\n<meta name=\"twitter:title\" content=\"FOTO: Ac\u021biuni de informare derulate de poli\u021bi\u0219ti, \u00een taberele \u0219i centrele de plasament din Alba - Revista Urbea Mea - Revista de Alba\" \/>\n<meta name=\"twitter:description\" content=\"\u00cen perioada 04-08 iulie 2016, poli\u0163i\u015ftii Compartimentului de Analiz\u0103 \u015fi Prevenire a Criminalit\u0103\u0163ii, \u00eenso\u0163i\u0163i de poli\u0163i\u015fti din cadrul Serviciului pentru\" \/>\n<meta name=\"twitter:image\" content=\"https:\/\/urbeamea.ro\/albaiulia\/wp-content\/uploads\/2016\/07\/DSC_0550.jpg\" \/>\n<meta name=\"twitter:creator\" content=\"@urbeameaweb\" \/>\n<meta name=\"twitter:site\" content=\"@urbeameaweb\" \/>\n<script type=\"application\/ld+json\" class=\"yoast-schema-graph\">{\"@context\":\"https:\\\/\\\/schema.org\",\"@graph\":[{\"@type\":\"Article\",\"@id\":\"https:\\\/\\\/urbeamea.ro\\\/albaiulia\\\/foto-actiuni-de-informare-derulate-de-politisti-in-taberele-si-centrele-de-plasament-din-alba\\\/#article\",\"isPartOf\":{\"@id\":\"https:\\\/\\\/urbeamea.ro\\\/albaiulia\\\/foto-actiuni-de-informare-derulate-de-politisti-in-taberele-si-centrele-de-plasament-din-alba\\\/\"},\"author\":{\"name\":\"Redac\u021bia UrbeaMea\",\"@id\":\"https:\\\/\\\/urbeamea.ro\\\/albaiulia\\\/#\\\/schema\\\/person\\\/272ae98052f8ee8980f59848df070247\"},\"headline\":\"FOTO: Ac\u021biuni de informare derulate de poli\u021bi\u0219ti, \u00een taberele \u0219i centrele de plasament din Alba\",\"datePublished\":\"2016-07-15T07:53:34+00:00\",\"mainEntityOfPage\":{\"@id\":\"https:\\\/\\\/urbeamea.ro\\\/albaiulia\\\/foto-actiuni-de-informare-derulate-de-politisti-in-taberele-si-centrele-de-plasament-din-alba\\\/\"},\"wordCount\":604,\"commentCount\":0,\"image\":{\"@id\":\"https:\\\/\\\/urbeamea.ro\\\/albaiulia\\\/foto-actiuni-de-informare-derulate-de-politisti-in-taberele-si-centrele-de-plasament-din-alba\\\/#primaryimage\"},\"thumbnailUrl\":\"https:\\\/\\\/urbeamea.ro\\\/albaiulia\\\/wp-content\\\/uploads\\\/2016\\\/07\\\/DSC_0550.jpg\",\"keywords\":[\"actiuni\",\"alba\",\"campanie\",\"casa de tip familial\",\"centre de plasament\",\"copii\",\"elevi\",\"IPJ Alba\",\"politisti\",\"recomandari\",\"stiri\",\"tabere\",\"Urbea Mea\"],\"articleSection\":[\"Social\"],\"inLanguage\":\"ro-RO\",\"potentialAction\":[{\"@type\":\"CommentAction\",\"name\":\"Comment\",\"target\":[\"https:\\\/\\\/urbeamea.ro\\\/albaiulia\\\/foto-actiuni-de-informare-derulate-de-politisti-in-taberele-si-centrele-de-plasament-din-alba\\\/#respond\"]}]},{\"@type\":\"WebPage\",\"@id\":\"https:\\\/\\\/urbeamea.ro\\\/albaiulia\\\/foto-actiuni-de-informare-derulate-de-politisti-in-taberele-si-centrele-de-plasament-din-alba\\\/\",\"url\":\"https:\\\/\\\/urbeamea.ro\\\/albaiulia\\\/foto-actiuni-de-informare-derulate-de-politisti-in-taberele-si-centrele-de-plasament-din-alba\\\/\",\"name\":\"FOTO: Ac\u021biuni de informare derulate de poli\u021bi\u0219ti, \u00een taberele \u0219i centrele de plasament din Alba - Revista Urbea Mea - Revista de Alba\",\"isPartOf\":{\"@id\":\"https:\\\/\\\/urbeamea.ro\\\/albaiulia\\\/#website\"},\"primaryImageOfPage\":{\"@id\":\"https:\\\/\\\/urbeamea.ro\\\/albaiulia\\\/foto-actiuni-de-informare-derulate-de-politisti-in-taberele-si-centrele-de-plasament-din-alba\\\/#primaryimage\"},\"image\":{\"@id\":\"https:\\\/\\\/urbeamea.ro\\\/albaiulia\\\/foto-actiuni-de-informare-derulate-de-politisti-in-taberele-si-centrele-de-plasament-din-alba\\\/#primaryimage\"},\"thumbnailUrl\":\"https:\\\/\\\/urbeamea.ro\\\/albaiulia\\\/wp-content\\\/uploads\\\/2016\\\/07\\\/DSC_0550.jpg\",\"datePublished\":\"2016-07-15T07:53:34+00:00\",\"author\":{\"@id\":\"https:\\\/\\\/urbeamea.ro\\\/albaiulia\\\/#\\\/schema\\\/person\\\/272ae98052f8ee8980f59848df070247\"},\"description\":\"\u00cen perioada 04-08 iulie 2016, poli\u0163i\u015ftii Compartimentului de Analiz\u0103 \u015fi Prevenire a Criminalit\u0103\u0163ii, \u00eenso\u0163i\u0163i de poli\u0163i\u015fti din cadrul Serviciului pentru\",\"breadcrumb\":{\"@id\":\"https:\\\/\\\/urbeamea.ro\\\/albaiulia\\\/foto-actiuni-de-informare-derulate-de-politisti-in-taberele-si-centrele-de-plasament-din-alba\\\/#breadcrumb\"},\"inLanguage\":\"ro-RO\",\"potentialAction\":[{\"@type\":\"ReadAction\",\"target\":[\"https:\\\/\\\/urbeamea.ro\\\/albaiulia\\\/foto-actiuni-de-informare-derulate-de-politisti-in-taberele-si-centrele-de-plasament-din-alba\\\/\"]}]},{\"@type\":\"ImageObject\",\"inLanguage\":\"ro-RO\",\"@id\":\"https:\\\/\\\/urbeamea.ro\\\/albaiulia\\\/foto-actiuni-de-informare-derulate-de-politisti-in-taberele-si-centrele-de-plasament-din-alba\\\/#primaryimage\",\"url\":\"https:\\\/\\\/urbeamea.ro\\\/albaiulia\\\/wp-content\\\/uploads\\\/2016\\\/07\\\/DSC_0550.jpg\",\"contentUrl\":\"https:\\\/\\\/urbeamea.ro\\\/albaiulia\\\/wp-content\\\/uploads\\\/2016\\\/07\\\/DSC_0550.jpg\",\"width\":600,\"height\":400},{\"@type\":\"BreadcrumbList\",\"@id\":\"https:\\\/\\\/urbeamea.ro\\\/albaiulia\\\/foto-actiuni-de-informare-derulate-de-politisti-in-taberele-si-centrele-de-plasament-din-alba\\\/#breadcrumb\",\"itemListElement\":[{\"@type\":\"ListItem\",\"position\":1,\"name\":\"Prima pagin\u0103\",\"item\":\"https:\\\/\\\/urbeamea.ro\\\/albaiulia\\\/\"},{\"@type\":\"ListItem\",\"position\":2,\"name\":\"FOTO: Ac\u021biuni de informare derulate de poli\u021bi\u0219ti, \u00een taberele \u0219i centrele de plasament din Alba\"}]},{\"@type\":\"WebSite\",\"@id\":\"https:\\\/\\\/urbeamea.ro\\\/albaiulia\\\/#website\",\"url\":\"https:\\\/\\\/urbeamea.ro\\\/albaiulia\\\/\",\"name\":\"Revista Urbea Mea, Stiri urbane\",\"description\":\"Evenimente \u0219i \u0219tiri din Alba Iulia, Sebe\u0219, Aiud, Blaj\",\"potentialAction\":[{\"@type\":\"SearchAction\",\"target\":{\"@type\":\"EntryPoint\",\"urlTemplate\":\"https:\\\/\\\/urbeamea.ro\\\/albaiulia\\\/?s={search_term_string}\"},\"query-input\":{\"@type\":\"PropertyValueSpecification\",\"valueRequired\":true,\"valueName\":\"search_term_string\"}}],\"inLanguage\":\"ro-RO\"},{\"@type\":\"Person\",\"@id\":\"https:\\\/\\\/urbeamea.ro\\\/albaiulia\\\/#\\\/schema\\\/person\\\/272ae98052f8ee8980f59848df070247\",\"name\":\"Redac\u021bia UrbeaMea\",\"image\":{\"@type\":\"ImageObject\",\"inLanguage\":\"ro-RO\",\"@id\":\"https:\\\/\\\/secure.gravatar.com\\\/avatar\\\/9ce5a9435071fa1037e8468053ead8e513dbbff59009d3069aadb85506d85a27?s=96&d=mm&r=g\",\"url\":\"https:\\\/\\\/secure.gravatar.com\\\/avatar\\\/9ce5a9435071fa1037e8468053ead8e513dbbff59009d3069aadb85506d85a27?s=96&d=mm&r=g\",\"contentUrl\":\"https:\\\/\\\/secure.gravatar.com\\\/avatar\\\/9ce5a9435071fa1037e8468053ead8e513dbbff59009d3069aadb85506d85a27?s=96&d=mm&r=g\",\"caption\":\"Redac\u021bia UrbeaMea\"},\"description\":\"contact@urbeamea.ro\",\"sameAs\":[\"https:\\\/\\\/www.urbeamea.ro\"],\"url\":\"https:\\\/\\\/urbeamea.ro\\\/albaiulia\\\/author\\\/redactia-urbeamea\\\/\"}]}<\/script>\n<!-- \/ Yoast SEO plugin. -->","yoast_head_json":{"title":"FOTO: Ac\u021biuni de informare derulate de poli\u021bi\u0219ti, \u00een taberele \u0219i centrele de plasament din Alba - Revista Urbea Mea - Revista de Alba","description":"\u00cen perioada 04-08 iulie 2016, poli\u0163i\u015ftii Compartimentului de Analiz\u0103 \u015fi Prevenire a Criminalit\u0103\u0163ii, \u00eenso\u0163i\u0163i de poli\u0163i\u015fti din cadrul Serviciului pentru","robots":{"index":"index","follow":"follow","max-snippet":"max-snippet:-1","max-image-preview":"max-image-preview:large","max-video-preview":"max-video-preview:-1"},"canonical":"https:\/\/urbeamea.ro\/albaiulia\/foto-actiuni-de-informare-derulate-de-politisti-in-taberele-si-centrele-de-plasament-din-alba\/","twitter_card":"summary_large_image","twitter_title":"FOTO: Ac\u021biuni de informare derulate de poli\u021bi\u0219ti, \u00een taberele \u0219i centrele de plasament din Alba - Revista Urbea Mea - Revista de Alba","twitter_description":"\u00cen perioada 04-08 iulie 2016, poli\u0163i\u015ftii Compartimentului de Analiz\u0103 \u015fi Prevenire a Criminalit\u0103\u0163ii, \u00eenso\u0163i\u0163i de poli\u0163i\u015fti din cadrul Serviciului pentru","twitter_image":"https:\/\/urbeamea.ro\/albaiulia\/wp-content\/uploads\/2016\/07\/DSC_0550.jpg","twitter_creator":"@urbeameaweb","twitter_site":"@urbeameaweb","schema":{"@context":"https:\/\/schema.org","@graph":[{"@type":"Article","@id":"https:\/\/urbeamea.ro\/albaiulia\/foto-actiuni-de-informare-derulate-de-politisti-in-taberele-si-centrele-de-plasament-din-alba\/#article","isPartOf":{"@id":"https:\/\/urbeamea.ro\/albaiulia\/foto-actiuni-de-informare-derulate-de-politisti-in-taberele-si-centrele-de-plasament-din-alba\/"},"author":{"name":"Redac\u021bia UrbeaMea","@id":"https:\/\/urbeamea.ro\/albaiulia\/#\/schema\/person\/272ae98052f8ee8980f59848df070247"},"headline":"FOTO: Ac\u021biuni de informare derulate de poli\u021bi\u0219ti, \u00een taberele \u0219i centrele de plasament din Alba","datePublished":"2016-07-15T07:53:34+00:00","mainEntityOfPage":{"@id":"https:\/\/urbeamea.ro\/albaiulia\/foto-actiuni-de-informare-derulate-de-politisti-in-taberele-si-centrele-de-plasament-din-alba\/"},"wordCount":604,"commentCount":0,"image":{"@id":"https:\/\/urbeamea.ro\/albaiulia\/foto-actiuni-de-informare-derulate-de-politisti-in-taberele-si-centrele-de-plasament-din-alba\/#primaryimage"},"thumbnailUrl":"https:\/\/urbeamea.ro\/albaiulia\/wp-content\/uploads\/2016\/07\/DSC_0550.jpg","keywords":["actiuni","alba","campanie","casa de tip familial","centre de plasament","copii","elevi","IPJ Alba","politisti","recomandari","stiri","tabere","Urbea Mea"],"articleSection":["Social"],"inLanguage":"ro-RO","potentialAction":[{"@type":"CommentAction","name":"Comment","target":["https:\/\/urbeamea.ro\/albaiulia\/foto-actiuni-de-informare-derulate-de-politisti-in-taberele-si-centrele-de-plasament-din-alba\/#respond"]}]},{"@type":"WebPage","@id":"https:\/\/urbeamea.ro\/albaiulia\/foto-actiuni-de-informare-derulate-de-politisti-in-taberele-si-centrele-de-plasament-din-alba\/","url":"https:\/\/urbeamea.ro\/albaiulia\/foto-actiuni-de-informare-derulate-de-politisti-in-taberele-si-centrele-de-plasament-din-alba\/","name":"FOTO: Ac\u021biuni de informare derulate de poli\u021bi\u0219ti, \u00een taberele \u0219i centrele de plasament din Alba - Revista Urbea Mea - Revista de Alba","isPartOf":{"@id":"https:\/\/urbeamea.ro\/albaiulia\/#website"},"primaryImageOfPage":{"@id":"https:\/\/urbeamea.ro\/albaiulia\/foto-actiuni-de-informare-derulate-de-politisti-in-taberele-si-centrele-de-plasament-din-alba\/#primaryimage"},"image":{"@id":"https:\/\/urbeamea.ro\/albaiulia\/foto-actiuni-de-informare-derulate-de-politisti-in-taberele-si-centrele-de-plasament-din-alba\/#primaryimage"},"thumbnailUrl":"https:\/\/urbeamea.ro\/albaiulia\/wp-content\/uploads\/2016\/07\/DSC_0550.jpg","datePublished":"2016-07-15T07:53:34+00:00","author":{"@id":"https:\/\/urbeamea.ro\/albaiulia\/#\/schema\/person\/272ae98052f8ee8980f59848df070247"},"description":"\u00cen perioada 04-08 iulie 2016, poli\u0163i\u015ftii Compartimentului de Analiz\u0103 \u015fi Prevenire a Criminalit\u0103\u0163ii, \u00eenso\u0163i\u0163i de poli\u0163i\u015fti din cadrul Serviciului pentru","breadcrumb":{"@id":"https:\/\/urbeamea.ro\/albaiulia\/foto-actiuni-de-informare-derulate-de-politisti-in-taberele-si-centrele-de-plasament-din-alba\/#breadcrumb"},"inLanguage":"ro-RO","potentialAction":[{"@type":"ReadAction","target":["https:\/\/urbeamea.ro\/albaiulia\/foto-actiuni-de-informare-derulate-de-politisti-in-taberele-si-centrele-de-plasament-din-alba\/"]}]},{"@type":"ImageObject","inLanguage":"ro-RO","@id":"https:\/\/urbeamea.ro\/albaiulia\/foto-actiuni-de-informare-derulate-de-politisti-in-taberele-si-centrele-de-plasament-din-alba\/#primaryimage","url":"https:\/\/urbeamea.ro\/albaiulia\/wp-content\/uploads\/2016\/07\/DSC_0550.jpg","contentUrl":"https:\/\/urbeamea.ro\/albaiulia\/wp-content\/uploads\/2016\/07\/DSC_0550.jpg","width":600,"height":400},{"@type":"BreadcrumbList","@id":"https:\/\/urbeamea.ro\/albaiulia\/foto-actiuni-de-informare-derulate-de-politisti-in-taberele-si-centrele-de-plasament-din-alba\/#breadcrumb","itemListElement":[{"@type":"ListItem","position":1,"name":"Prima pagin\u0103","item":"https:\/\/urbeamea.ro\/albaiulia\/"},{"@type":"ListItem","position":2,"name":"FOTO: Ac\u021biuni de informare derulate de poli\u021bi\u0219ti, \u00een taberele \u0219i centrele de plasament din Alba"}]},{"@type":"WebSite","@id":"https:\/\/urbeamea.ro\/albaiulia\/#website","url":"https:\/\/urbeamea.ro\/albaiulia\/","name":"Revista Urbea Mea, Stiri urbane","description":"Evenimente \u0219i \u0219tiri din Alba Iulia, Sebe\u0219, Aiud, Blaj","potentialAction":[{"@type":"SearchAction","target":{"@type":"EntryPoint","urlTemplate":"https:\/\/urbeamea.ro\/albaiulia\/?s={search_term_string}"},"query-input":{"@type":"PropertyValueSpecification","valueRequired":true,"valueName":"search_term_string"}}],"inLanguage":"ro-RO"},{"@type":"Person","@id":"https:\/\/urbeamea.ro\/albaiulia\/#\/schema\/person\/272ae98052f8ee8980f59848df070247","name":"Redac\u021bia UrbeaMea","image":{"@type":"ImageObject","inLanguage":"ro-RO","@id":"https:\/\/secure.gravatar.com\/avatar\/9ce5a9435071fa1037e8468053ead8e513dbbff59009d3069aadb85506d85a27?s=96&d=mm&r=g","url":"https:\/\/secure.gravatar.com\/avatar\/9ce5a9435071fa1037e8468053ead8e513dbbff59009d3069aadb85506d85a27?s=96&d=mm&r=g","contentUrl":"https:\/\/secure.gravatar.com\/avatar\/9ce5a9435071fa1037e8468053ead8e513dbbff59009d3069aadb85506d85a27?s=96&d=mm&r=g","caption":"Redac\u021bia UrbeaMea"},"description":"contact@urbeamea.ro","sameAs":["https:\/\/www.urbeamea.ro"],"url":"https:\/\/urbeamea.ro\/albaiulia\/author\/redactia-urbeamea\/"}]}},"_links":{"self":[{"href":"https:\/\/urbeamea.ro\/albaiulia\/wp-json\/wp\/v2\/posts\/27992","targetHints":{"allow":["GET"]}}],"collection":[{"href":"https:\/\/urbeamea.ro\/albaiulia\/wp-json\/wp\/v2\/posts"}],"about":[{"href":"https:\/\/urbeamea.ro\/albaiulia\/wp-json\/wp\/v2\/types\/post"}],"author":[{"embeddable":true,"href":"https:\/\/urbeamea.ro\/albaiulia\/wp-json\/wp\/v2\/users\/16"}],"replies":[{"embeddable":true,"href":"https:\/\/urbeamea.ro\/albaiulia\/wp-json\/wp\/v2\/comments?post=27992"}],"version-history":[{"count":0,"href":"https:\/\/urbeamea.ro\/albaiulia\/wp-json\/wp\/v2\/posts\/27992\/revisions"}],"wp:featuredmedia":[{"embeddable":true,"href":"https:\/\/urbeamea.ro\/albaiulia\/wp-json\/wp\/v2\/media\/27993"}],"wp:attachment":[{"href":"https:\/\/urbeamea.ro\/albaiulia\/wp-json\/wp\/v2\/media?parent=27992"}],"wp:term":[{"taxonomy":"category","embeddable":true,"href":"https:\/\/urbeamea.ro\/albaiulia\/wp-json\/wp\/v2\/categories?post=27992"},{"taxonomy":"post_tag","embeddable":true,"href":"https:\/\/urbeamea.ro\/albaiulia\/wp-json\/wp\/v2\/tags?post=27992"}],"curies":[{"name":"wp","href":"https:\/\/api.w.org\/{rel}","templated":true}]}}