{"id":28031,"date":"2016-07-16T17:11:41","date_gmt":"2016-07-16T14:11:41","guid":{"rendered":"http:\/\/urbeamea.ro\/albaiulia\/?p=28031"},"modified":"2016-07-16T17:11:41","modified_gmt":"2016-07-16T14:11:41","slug":"targul-de-fete-cea-mai-mare-sarbatoare-populara-din-romania-deschis-de-tulnicaresele-din-apuseni-parada-portului-popular-si-concursul-cultura-pentru-cultura","status":"publish","type":"post","link":"https:\/\/urbeamea.ro\/albaiulia\/targul-de-fete-cea-mai-mare-sarbatoare-populara-din-romania-deschis-de-tulnicaresele-din-apuseni-parada-portului-popular-si-concursul-cultura-pentru-cultura\/","title":{"rendered":"T\u00e2rgul de Fete, cea mai mare s\u0103rb\u0103toare popular\u0103 din Rom\u00e2nia, deschis de tulnic\u0103resele din Apuseni, parada portului popular \u0219i concursul \u201eCultur\u0103 pentru Cultur\u0103\u201d"},"content":{"rendered":"<p><strong><img loading=\"lazy\" decoding=\"async\" class=\"size-medium wp-image-28032 alignleft\" src=\"http:\/\/urbeamea.ro\/albaiulia\/wp-content\/uploads\/2016\/07\/gaina-tulnicarese-2015-1-300x201.jpg\" alt=\"gaina tulnicarese 2015\" width=\"300\" height=\"201\" \/>T\u00e2rgul de Fete, cea mai mare \u015fi mai cunoscut\u0103 s\u0103rb\u0103toare popular\u0103 din Rom\u00e2nia, a fost deschis oficial, s\u00e2mb\u0103t\u0103, la Avram Iancu, localitate din apropierea Muntelui G\u0103ina, cu o parad\u0103 a portului popular. Startul s\u0103rb\u0103torii a fost \u00eens\u0103 dat de tulnic\u0103resele din Apuseni \u015fi de c\u00e2ntecul unic al tulnicelor, instrument simbol al T\u00e2rgului de Fete dar \u015fi al \u0162\u0103rii Mo\u0163ilor. Costumele populare autentice din \u0162ara Mo\u0163ilor dar \u015fi din alte zone ale Rom\u00e2niei au fost purtate cu m\u00e2ndrie de participan\u0163ii la parad\u0103.<\/strong><\/p>\n<p><strong>Timp de dou\u0103 zile manifest\u0103rile vor cuprinde spectacole folclorice cu nume mari ale muzicii populare rom\u00e2ne\u015fti, concerte sus\u0163inute de Ro-Mania \u015fi Direc\u0163ia 5, t\u00e2rgul me\u015fterilor populari, focuri de artificii \u015fi petreceri \u00een aer liber. T\u00e2rgul de Fete cuprinde \u015fi finala celui mai amplu proiect cultural din jude\u0163ul Alba \u2013 \u201eCultur\u0103 pentru cultur\u0103\u201d, o competi\u0163ie \u00een care comunele din jude\u0163 se \u00eentrec \u00een tradi\u0163ii, folclor \u015fi gastronomie.<\/strong><\/p>\n<p>T\u00e2rgul de Fete a debutat, s\u00e2mb\u0103t\u0103, \u00een Avram Iancu, cea mai apropiat\u0103 localitate de Muntele G\u0103ina, unde \u00eencep\u00e2nd cu ora 12,00 a avut loc o parad\u0103 a portului popular \u00een cadrul c\u0103reia au defilat reprezentan\u0163ii comunelor din jude\u0163ul Alba dar \u015fi Ansamblul folcloric \u201ePomn\u00eanka\u201d din Cehia.<\/p>\n<p>La ora 13,00 a \u00eenceput finala Festivalului Concurs ,,Cultur\u0103 pentru Cultur\u0103\u201d\u00a0la care particip\u0103 c\u00e2\u015ftig\u0103torii locurilor I de la toate sec\u0163iunile de concurs din zonele Blaj, Sebe\u015f, Ocna Mure\u015f \u015fi Mun\u0163ii Apuseni.<\/p>\n<p>La edi\u0163ia din acest an juriul concursului este format din: Sergiu Vitalian Vaida \u2013 realizator emisiuni folclorice, prof. univ. dr. Ilie Moise \u2013 cercet\u0103tor, prof. Mircea C\u00e2mpeanu \u2013 etnomuzicolog, Tiberiu Groza \u2013 director Ansamblul Dor Transilvan din Cluj Napoca, prof. Adam Romi \u2013 sculptor, grafician, pictor, prof. Ramona Cucea \u2013 specialist gastronom.<\/p>\n<p><em>Participan\u0163ii la finala Concursului \u201eCultur\u0103 pentru cultur\u0103\u201d:<\/em><\/p>\n<p>Zona Blajului: obicei popular \u2013 Ro\u015fia de Seca\u015f, dans b\u0103rb\u0103tesc \u2013 Mihal\u0163, dans mixt \u2013 Mihal\u0163, solist instrumental \u2013 \u015eona, solist vocal \u2013 \u015eona, grup vocal b\u0103rb\u0103tesc \u2013 S\u00e2ncel, grup vocal feminin \u2013 \u015eona, grup vocal mixt \u2013 \u015eona, grup instrumental \u2013 S\u00e2ncel, alte forma\u0163ii \u2013 Jidvei, me\u015fte\u015fuguri populare \u2013 \u015eona, gastronomie \u2013 S\u00e2ncel.<\/p>\n<p>Zona Apusenilor: obicei popular \u2013 Bistra, dans b\u0103rb\u0103tesc \u2013 Alma\u015fu Mare, dans mixt \u2013 Bucium, solist instrumental \u2013 Avram Iancu, solist vocal \u2013 Bistra, grup vocal b\u0103rb\u0103tesc \u2013 Sohodol, grup vocal feminin \u2013 Bistra, grup vocal mixt \u2013 Bistra, grup instrumental \u2013 Avram Iancu, alte forma\u0163ii \u2013 Bistra, me\u015fete\u015fuguri populare \u2013 Bistra, gastronomie \u2013 Bistra.<\/p>\n<p>Zona Valea Sebe\u015fului: obicei popular \u2013 S\u0103li\u015ftea, dans b\u0103rb\u0103tesc \u2013 Vin\u0163u de Jos, dans mixt \u2013 Vin\u0163u de Jos, solist instrumental \u2013 Cut, solist vocal \u2013 Cut, grup vocal b\u0103rb\u0103tesc \u2013 Cut, grup vocal feminin \u2013 Cut, grup vocal mixt \u2013 Cut, grup instrumental \u2013 \u015eugag, alte forma\u0163ii \u2013 Vin\u0163u de Jos, me\u015fte\u015fuguri populare \u2013 S\u0103li\u015ftea, gastronomie \u2013 Daia Rom\u00e2n\u0103.<\/p>\n<p>Zona Aiud \u2013 Ocna Mure\u015f: obicei popular \u2013 Strem\u0163, dans b\u0103rb\u0103tesc \u2013 Strem\u0163, dans mixt \u2013 Strem\u0163, solist instrumental \u2013 Strem\u0163, solist vocal \u2013 Livezile, grup vocal b\u0103rb\u0103tesc \u2013 Livezile, grup vocal feminin \u2013 Livezile, grup vocal mixt \u2013 Strem\u0163, grup instrumental \u2013 Strem\u0163, alte forma\u0163ii \u2013 Strem\u0163, me\u015fte\u015fuguri populare \u2013 Strem\u0163, gastronomie \u2013 Strem\u0163.<\/p>\n<p>De la ora 18,00 pe scena din Avram Iancu vor evolua Ansamblul Folcloric \u201eArie\u015ful\u201d din C\u00e2mpeni, dirijat de prof. Gheorghe B\u0103d\u0103u, \u015fi Ansamblul Folcloric \u201ePomn\u00eanka\u201d din Cehia.<\/p>\n<p>La ora 19,00 este programat un spectacol folcloric deschis de Ansamblul Folcloric al Jude\u0163ului Alba cu soli\u015ftii Roxana Reche, Dorina Nari\u0163a, Maria Filimon, Floricica Moga, Nicolae Tuhu\u0163, C\u0103t\u0103lin Ha\u015fa (dirijor Alexandru Pal). \u00cen spectacol sunt incluse \u015fi recitaluri sus\u0163inute de Leontina F\u0103rca\u015f, Cornel Borza, Cornelia Radocea \u015fi Nicolae Furdui Iancu.<\/p>\n<p>T\u00e2rgul de Fete de pe Muntele G\u0103ina este pe drept cuv\u00e2nt un brand al Rom\u00e2niei, manifestarea fiind cunoscut\u0103 ca fiind cea mai mare s\u0103rb\u0103toare popular\u0103 \u00een aer liber. T\u00e2rgul de Fete a st\u00e2rnit \u015fi numeroase mituri sau curiozit\u0103\u0163i, iar una dintre acestea ar fi cea a \u201ev\u00e2nz\u0103rii\u201d tinerelor pe munte a\u015fa cum s-ar deduce din numele s\u0103rb\u0103torii. Speciali\u015ftii \u00een etnografie \u015fi folclor spun \u00eens\u0103 c\u0103 pe munte niciodat\u0103 nu s-au \u201ev\u00e2ndut\u201d fete dar \u00een schimb, \u00een vechime, se puneau bazele unor c\u0103s\u0103torii \u00eentre fl\u0103c\u0103ii \u015fi fetele din zon\u0103. La T\u00e2rgul de Fete se adunau locuitorii din Mun\u0163ii Apuseni pentru a face schimb de produse dar era \u015fi un prilej pentru \u00eent\u00e2lnirea \u015fi c\u0103s\u0103toria tinerilor din zone \u00eendep\u0103rtate, care veneau aici cu p\u0103rin\u0163ii. Preg\u0103tirile pentru urcatul pe munte se f\u0103ceau cu c\u00e2teva zile \u00eenainte iar duminica cu noaptea \u00een cap se urca pe munte \u00een poiana unde avea loc t\u00e2rgul. Se spune c\u0103 fetele veneau cu zestrea \u00eenc\u0103rcat\u0103 pe cai, iar cununia se f\u0103cea pe loc de c\u0103tre preo\u0163ii care participau la acest eveniment. Ceremonia era \u00eenso\u0163it\u0103 de c\u00e2ntece \u015fi schimb de jocuri cu \u201estrig\u0103turi\u201d, iar fetele \u201ese luau\u201d, nu se cump\u0103rau.<\/p>\n<p>Aceast\u0103 manifestare etno-cultural\u0103 a fost men\u0163ionat\u0103 prima dat\u0103 \u00een documente \u00een 1816.<\/p>\n<p>\u00cen decursul timpului la T\u00e2rgul de Fete au participat, potrivit relat\u0103rilor istorice, personalit\u0103\u0163i importante precum \u00eemp\u0103ratul austriac Franz Joseph I, \u00een timpul unei vizite \u00een Transilvania, \u00een 1852, primul-ministru al Rom\u00e2niei din perioada interbelic\u0103 Ionel I. C. Br\u0103tianu, pentru vizita acestuia fiind amenajat\u0103 o tab\u0103r\u0103 de corturi, sau regele Rom\u00e2niei Ferdinand I, \u00een 1924, \u00een prezen\u0163a c\u0103ruia s-a sfin\u0163it \u201eCrucea Iancului\u201d.<\/p>\n<p>Ast\u0103zi, T\u00e2rgul de fete de la G\u0103ina s-a transformat \u00eentr-o mare s\u0103rb\u0103toare folcloric\u0103, la care \u00ee\u015fi dau concursul locuitorii din zona Mun\u0163ilor Apuseni, din jude\u0163ele apropiate \u015fi chiar din \u0163inuturi mai \u00eendep\u0103rtate ale \u0163\u0103rii. T\u00e2rgul de Fete se organizeaz\u0103, al fel ca \u015fi \u00een vechime, \u00een cea mai apropiat\u0103 duminic\u0103 de 20 iulie, ziua Sf\u00e2ntului Ilie. Deschiderea o fac vestitele tulnic\u0103rese de la Avram Iancu, dup\u0103 care urmeaz\u0103 programul artistic al participan\u0163ilor care dureaz\u0103 p\u00e2n\u0103 spre sear\u0103. \u00cencep\u00e2nd din 2006 T\u00e2rgul de Fete de pe Muntele G\u0103ina este marc\u0103 \u00eenregistrat\u0103 a Consiliului Jude\u0163ean Alba \u015fi are ca slogan chemarea: \u201eHai pe Muntele G\u0103ina, hai pe muntele dragostei!\u201d<\/p>\n","protected":false},"excerpt":{"rendered":"<p>T\u00e2rgul de Fete, cea mai mare \u015fi mai cunoscut\u0103 s\u0103rb\u0103toare popular\u0103 din Rom\u00e2nia, a fost deschis oficial, s\u00e2mb\u0103t\u0103, la Avram Iancu, localitate din apropierea Muntelui G\u0103ina, cu o parad\u0103 a portului popular. Startul s\u0103rb\u0103torii a fost \u00eens\u0103 dat de tulnic\u0103resele din Apuseni \u015fi de c\u00e2ntecul unic al tulnicelor, instrument simbol al T\u00e2rgului de Fete dar &hellip;<\/p>\n","protected":false},"author":16,"featured_media":28032,"comment_status":"open","ping_status":"open","sticky":false,"template":"","format":"standard","meta":{"inline_featured_image":false,"footnotes":""},"categories":[4],"tags":[307,6188,2391,1238,492,5692,6344,3123,6185,6264,6187,360,308,6184,6345,76],"class_list":["post-28031","post","type-post","status-publish","format-standard","has-post-thumbnail","hentry","category-eveniment","tag-alba","tag-ansambluri-folclorice","tag-avram-iancu","tag-concerte","tag-concurs","tag-cultura-pentru-cultura","tag-debut","tag-directia-5","tag-muntele-gaina","tag-parada-portului-popular","tag-ro-mania","tag-spectacol","tag-stiri","tag-targul-de-fete","tag-tulnicarese","tag-urbea-mea"],"yoast_head":"<!-- This site is optimized with the Yoast SEO plugin v27.4 - https:\/\/yoast.com\/product\/yoast-seo-wordpress\/ -->\n<title>T\u00e2rgul de Fete, cea mai mare s\u0103rb\u0103toare popular\u0103 din Rom\u00e2nia, deschis de tulnic\u0103resele din Apuseni, parada portului popular \u0219i concursul \u201eCultur\u0103 pentru Cultur\u0103\u201d - Revista Urbea Mea - Revista de Alba<\/title>\n<meta name=\"description\" content=\"T\u00e2rgul de Fete, cea mai mare \u015fi mai cunoscut\u0103 s\u0103rb\u0103toare popular\u0103 din Rom\u00e2nia, a fost deschis oficial, s\u00e2mb\u0103t\u0103, la Avram Iancu, localitate din apropierea\" \/>\n<meta name=\"robots\" content=\"index, follow, max-snippet:-1, max-image-preview:large, max-video-preview:-1\" \/>\n<link rel=\"canonical\" href=\"https:\/\/urbeamea.ro\/albaiulia\/targul-de-fete-cea-mai-mare-sarbatoare-populara-din-romania-deschis-de-tulnicaresele-din-apuseni-parada-portului-popular-si-concursul-cultura-pentru-cultura\/\" \/>\n<meta name=\"twitter:card\" content=\"summary_large_image\" \/>\n<meta name=\"twitter:title\" content=\"T\u00e2rgul de Fete, cea mai mare s\u0103rb\u0103toare popular\u0103 din Rom\u00e2nia, deschis de tulnic\u0103resele din Apuseni, parada portului popular \u0219i concursul \u201eCultur\u0103 pentru Cultur\u0103\u201d - Revista Urbea Mea - Revista de Alba\" \/>\n<meta name=\"twitter:description\" content=\"T\u00e2rgul de Fete, cea mai mare \u015fi mai cunoscut\u0103 s\u0103rb\u0103toare popular\u0103 din Rom\u00e2nia, a fost deschis oficial, s\u00e2mb\u0103t\u0103, la Avram Iancu, localitate din apropierea\" \/>\n<meta name=\"twitter:image\" content=\"https:\/\/urbeamea.ro\/albaiulia\/wp-content\/uploads\/2016\/07\/gaina-tulnicarese-2015-1.jpg\" \/>\n<meta name=\"twitter:creator\" content=\"@urbeameaweb\" \/>\n<meta name=\"twitter:site\" content=\"@urbeameaweb\" \/>\n<script type=\"application\/ld+json\" class=\"yoast-schema-graph\">{\"@context\":\"https:\\\/\\\/schema.org\",\"@graph\":[{\"@type\":\"Article\",\"@id\":\"https:\\\/\\\/urbeamea.ro\\\/albaiulia\\\/targul-de-fete-cea-mai-mare-sarbatoare-populara-din-romania-deschis-de-tulnicaresele-din-apuseni-parada-portului-popular-si-concursul-cultura-pentru-cultura\\\/#article\",\"isPartOf\":{\"@id\":\"https:\\\/\\\/urbeamea.ro\\\/albaiulia\\\/targul-de-fete-cea-mai-mare-sarbatoare-populara-din-romania-deschis-de-tulnicaresele-din-apuseni-parada-portului-popular-si-concursul-cultura-pentru-cultura\\\/\"},\"author\":{\"name\":\"Redac\u021bia UrbeaMea\",\"@id\":\"https:\\\/\\\/urbeamea.ro\\\/albaiulia\\\/#\\\/schema\\\/person\\\/272ae98052f8ee8980f59848df070247\"},\"headline\":\"T\u00e2rgul de Fete, cea mai mare s\u0103rb\u0103toare popular\u0103 din Rom\u00e2nia, deschis de tulnic\u0103resele din Apuseni, parada portului popular \u0219i concursul \u201eCultur\u0103 pentru Cultur\u0103\u201d\",\"datePublished\":\"2016-07-16T14:11:41+00:00\",\"mainEntityOfPage\":{\"@id\":\"https:\\\/\\\/urbeamea.ro\\\/albaiulia\\\/targul-de-fete-cea-mai-mare-sarbatoare-populara-din-romania-deschis-de-tulnicaresele-din-apuseni-parada-portului-popular-si-concursul-cultura-pentru-cultura\\\/\"},\"wordCount\":1088,\"commentCount\":0,\"image\":{\"@id\":\"https:\\\/\\\/urbeamea.ro\\\/albaiulia\\\/targul-de-fete-cea-mai-mare-sarbatoare-populara-din-romania-deschis-de-tulnicaresele-din-apuseni-parada-portului-popular-si-concursul-cultura-pentru-cultura\\\/#primaryimage\"},\"thumbnailUrl\":\"https:\\\/\\\/urbeamea.ro\\\/albaiulia\\\/wp-content\\\/uploads\\\/2016\\\/07\\\/gaina-tulnicarese-2015-1.jpg\",\"keywords\":[\"alba\",\"ansambluri folclorice\",\"avram iancu\",\"concerte\",\"concurs\",\"cultura pentru cultura\",\"debut\",\"directia 5\",\"muntele gaina\",\"parada portului popular\",\"ro-mania\",\"spectacol\",\"stiri\",\"targul de fete\",\"tulnicarese\",\"Urbea Mea\"],\"articleSection\":[\"Evenimente\"],\"inLanguage\":\"ro-RO\",\"potentialAction\":[{\"@type\":\"CommentAction\",\"name\":\"Comment\",\"target\":[\"https:\\\/\\\/urbeamea.ro\\\/albaiulia\\\/targul-de-fete-cea-mai-mare-sarbatoare-populara-din-romania-deschis-de-tulnicaresele-din-apuseni-parada-portului-popular-si-concursul-cultura-pentru-cultura\\\/#respond\"]}]},{\"@type\":\"WebPage\",\"@id\":\"https:\\\/\\\/urbeamea.ro\\\/albaiulia\\\/targul-de-fete-cea-mai-mare-sarbatoare-populara-din-romania-deschis-de-tulnicaresele-din-apuseni-parada-portului-popular-si-concursul-cultura-pentru-cultura\\\/\",\"url\":\"https:\\\/\\\/urbeamea.ro\\\/albaiulia\\\/targul-de-fete-cea-mai-mare-sarbatoare-populara-din-romania-deschis-de-tulnicaresele-din-apuseni-parada-portului-popular-si-concursul-cultura-pentru-cultura\\\/\",\"name\":\"T\u00e2rgul de Fete, cea mai mare s\u0103rb\u0103toare popular\u0103 din Rom\u00e2nia, deschis de tulnic\u0103resele din Apuseni, parada portului popular \u0219i concursul \u201eCultur\u0103 pentru Cultur\u0103\u201d - Revista Urbea Mea - Revista de Alba\",\"isPartOf\":{\"@id\":\"https:\\\/\\\/urbeamea.ro\\\/albaiulia\\\/#website\"},\"primaryImageOfPage\":{\"@id\":\"https:\\\/\\\/urbeamea.ro\\\/albaiulia\\\/targul-de-fete-cea-mai-mare-sarbatoare-populara-din-romania-deschis-de-tulnicaresele-din-apuseni-parada-portului-popular-si-concursul-cultura-pentru-cultura\\\/#primaryimage\"},\"image\":{\"@id\":\"https:\\\/\\\/urbeamea.ro\\\/albaiulia\\\/targul-de-fete-cea-mai-mare-sarbatoare-populara-din-romania-deschis-de-tulnicaresele-din-apuseni-parada-portului-popular-si-concursul-cultura-pentru-cultura\\\/#primaryimage\"},\"thumbnailUrl\":\"https:\\\/\\\/urbeamea.ro\\\/albaiulia\\\/wp-content\\\/uploads\\\/2016\\\/07\\\/gaina-tulnicarese-2015-1.jpg\",\"datePublished\":\"2016-07-16T14:11:41+00:00\",\"author\":{\"@id\":\"https:\\\/\\\/urbeamea.ro\\\/albaiulia\\\/#\\\/schema\\\/person\\\/272ae98052f8ee8980f59848df070247\"},\"description\":\"T\u00e2rgul de Fete, cea mai mare \u015fi mai cunoscut\u0103 s\u0103rb\u0103toare popular\u0103 din Rom\u00e2nia, a fost deschis oficial, s\u00e2mb\u0103t\u0103, la Avram Iancu, localitate din apropierea\",\"breadcrumb\":{\"@id\":\"https:\\\/\\\/urbeamea.ro\\\/albaiulia\\\/targul-de-fete-cea-mai-mare-sarbatoare-populara-din-romania-deschis-de-tulnicaresele-din-apuseni-parada-portului-popular-si-concursul-cultura-pentru-cultura\\\/#breadcrumb\"},\"inLanguage\":\"ro-RO\",\"potentialAction\":[{\"@type\":\"ReadAction\",\"target\":[\"https:\\\/\\\/urbeamea.ro\\\/albaiulia\\\/targul-de-fete-cea-mai-mare-sarbatoare-populara-din-romania-deschis-de-tulnicaresele-din-apuseni-parada-portului-popular-si-concursul-cultura-pentru-cultura\\\/\"]}]},{\"@type\":\"ImageObject\",\"inLanguage\":\"ro-RO\",\"@id\":\"https:\\\/\\\/urbeamea.ro\\\/albaiulia\\\/targul-de-fete-cea-mai-mare-sarbatoare-populara-din-romania-deschis-de-tulnicaresele-din-apuseni-parada-portului-popular-si-concursul-cultura-pentru-cultura\\\/#primaryimage\",\"url\":\"https:\\\/\\\/urbeamea.ro\\\/albaiulia\\\/wp-content\\\/uploads\\\/2016\\\/07\\\/gaina-tulnicarese-2015-1.jpg\",\"contentUrl\":\"https:\\\/\\\/urbeamea.ro\\\/albaiulia\\\/wp-content\\\/uploads\\\/2016\\\/07\\\/gaina-tulnicarese-2015-1.jpg\",\"width\":1280,\"height\":856},{\"@type\":\"BreadcrumbList\",\"@id\":\"https:\\\/\\\/urbeamea.ro\\\/albaiulia\\\/targul-de-fete-cea-mai-mare-sarbatoare-populara-din-romania-deschis-de-tulnicaresele-din-apuseni-parada-portului-popular-si-concursul-cultura-pentru-cultura\\\/#breadcrumb\",\"itemListElement\":[{\"@type\":\"ListItem\",\"position\":1,\"name\":\"Prima pagin\u0103\",\"item\":\"https:\\\/\\\/urbeamea.ro\\\/albaiulia\\\/\"},{\"@type\":\"ListItem\",\"position\":2,\"name\":\"T\u00e2rgul de Fete, cea mai mare s\u0103rb\u0103toare popular\u0103 din Rom\u00e2nia, deschis de tulnic\u0103resele din Apuseni, parada portului popular \u0219i concursul \u201eCultur\u0103 pentru Cultur\u0103\u201d\"}]},{\"@type\":\"WebSite\",\"@id\":\"https:\\\/\\\/urbeamea.ro\\\/albaiulia\\\/#website\",\"url\":\"https:\\\/\\\/urbeamea.ro\\\/albaiulia\\\/\",\"name\":\"Revista Urbea Mea, Stiri urbane\",\"description\":\"Evenimente \u0219i \u0219tiri din Alba Iulia, Sebe\u0219, Aiud, Blaj\",\"potentialAction\":[{\"@type\":\"SearchAction\",\"target\":{\"@type\":\"EntryPoint\",\"urlTemplate\":\"https:\\\/\\\/urbeamea.ro\\\/albaiulia\\\/?s={search_term_string}\"},\"query-input\":{\"@type\":\"PropertyValueSpecification\",\"valueRequired\":true,\"valueName\":\"search_term_string\"}}],\"inLanguage\":\"ro-RO\"},{\"@type\":\"Person\",\"@id\":\"https:\\\/\\\/urbeamea.ro\\\/albaiulia\\\/#\\\/schema\\\/person\\\/272ae98052f8ee8980f59848df070247\",\"name\":\"Redac\u021bia UrbeaMea\",\"image\":{\"@type\":\"ImageObject\",\"inLanguage\":\"ro-RO\",\"@id\":\"https:\\\/\\\/secure.gravatar.com\\\/avatar\\\/9ce5a9435071fa1037e8468053ead8e513dbbff59009d3069aadb85506d85a27?s=96&d=mm&r=g\",\"url\":\"https:\\\/\\\/secure.gravatar.com\\\/avatar\\\/9ce5a9435071fa1037e8468053ead8e513dbbff59009d3069aadb85506d85a27?s=96&d=mm&r=g\",\"contentUrl\":\"https:\\\/\\\/secure.gravatar.com\\\/avatar\\\/9ce5a9435071fa1037e8468053ead8e513dbbff59009d3069aadb85506d85a27?s=96&d=mm&r=g\",\"caption\":\"Redac\u021bia UrbeaMea\"},\"description\":\"contact@urbeamea.ro\",\"sameAs\":[\"https:\\\/\\\/www.urbeamea.ro\"],\"url\":\"https:\\\/\\\/urbeamea.ro\\\/albaiulia\\\/author\\\/redactia-urbeamea\\\/\"}]}<\/script>\n<!-- \/ Yoast SEO plugin. -->","yoast_head_json":{"title":"T\u00e2rgul de Fete, cea mai mare s\u0103rb\u0103toare popular\u0103 din Rom\u00e2nia, deschis de tulnic\u0103resele din Apuseni, parada portului popular \u0219i concursul \u201eCultur\u0103 pentru Cultur\u0103\u201d - Revista Urbea Mea - Revista de Alba","description":"T\u00e2rgul de Fete, cea mai mare \u015fi mai cunoscut\u0103 s\u0103rb\u0103toare popular\u0103 din Rom\u00e2nia, a fost deschis oficial, s\u00e2mb\u0103t\u0103, la Avram Iancu, localitate din apropierea","robots":{"index":"index","follow":"follow","max-snippet":"max-snippet:-1","max-image-preview":"max-image-preview:large","max-video-preview":"max-video-preview:-1"},"canonical":"https:\/\/urbeamea.ro\/albaiulia\/targul-de-fete-cea-mai-mare-sarbatoare-populara-din-romania-deschis-de-tulnicaresele-din-apuseni-parada-portului-popular-si-concursul-cultura-pentru-cultura\/","twitter_card":"summary_large_image","twitter_title":"T\u00e2rgul de Fete, cea mai mare s\u0103rb\u0103toare popular\u0103 din Rom\u00e2nia, deschis de tulnic\u0103resele din Apuseni, parada portului popular \u0219i concursul \u201eCultur\u0103 pentru Cultur\u0103\u201d - Revista Urbea Mea - Revista de Alba","twitter_description":"T\u00e2rgul de Fete, cea mai mare \u015fi mai cunoscut\u0103 s\u0103rb\u0103toare popular\u0103 din Rom\u00e2nia, a fost deschis oficial, s\u00e2mb\u0103t\u0103, la Avram Iancu, localitate din apropierea","twitter_image":"https:\/\/urbeamea.ro\/albaiulia\/wp-content\/uploads\/2016\/07\/gaina-tulnicarese-2015-1.jpg","twitter_creator":"@urbeameaweb","twitter_site":"@urbeameaweb","schema":{"@context":"https:\/\/schema.org","@graph":[{"@type":"Article","@id":"https:\/\/urbeamea.ro\/albaiulia\/targul-de-fete-cea-mai-mare-sarbatoare-populara-din-romania-deschis-de-tulnicaresele-din-apuseni-parada-portului-popular-si-concursul-cultura-pentru-cultura\/#article","isPartOf":{"@id":"https:\/\/urbeamea.ro\/albaiulia\/targul-de-fete-cea-mai-mare-sarbatoare-populara-din-romania-deschis-de-tulnicaresele-din-apuseni-parada-portului-popular-si-concursul-cultura-pentru-cultura\/"},"author":{"name":"Redac\u021bia UrbeaMea","@id":"https:\/\/urbeamea.ro\/albaiulia\/#\/schema\/person\/272ae98052f8ee8980f59848df070247"},"headline":"T\u00e2rgul de Fete, cea mai mare s\u0103rb\u0103toare popular\u0103 din Rom\u00e2nia, deschis de tulnic\u0103resele din Apuseni, parada portului popular \u0219i concursul \u201eCultur\u0103 pentru Cultur\u0103\u201d","datePublished":"2016-07-16T14:11:41+00:00","mainEntityOfPage":{"@id":"https:\/\/urbeamea.ro\/albaiulia\/targul-de-fete-cea-mai-mare-sarbatoare-populara-din-romania-deschis-de-tulnicaresele-din-apuseni-parada-portului-popular-si-concursul-cultura-pentru-cultura\/"},"wordCount":1088,"commentCount":0,"image":{"@id":"https:\/\/urbeamea.ro\/albaiulia\/targul-de-fete-cea-mai-mare-sarbatoare-populara-din-romania-deschis-de-tulnicaresele-din-apuseni-parada-portului-popular-si-concursul-cultura-pentru-cultura\/#primaryimage"},"thumbnailUrl":"https:\/\/urbeamea.ro\/albaiulia\/wp-content\/uploads\/2016\/07\/gaina-tulnicarese-2015-1.jpg","keywords":["alba","ansambluri folclorice","avram iancu","concerte","concurs","cultura pentru cultura","debut","directia 5","muntele gaina","parada portului popular","ro-mania","spectacol","stiri","targul de fete","tulnicarese","Urbea Mea"],"articleSection":["Evenimente"],"inLanguage":"ro-RO","potentialAction":[{"@type":"CommentAction","name":"Comment","target":["https:\/\/urbeamea.ro\/albaiulia\/targul-de-fete-cea-mai-mare-sarbatoare-populara-din-romania-deschis-de-tulnicaresele-din-apuseni-parada-portului-popular-si-concursul-cultura-pentru-cultura\/#respond"]}]},{"@type":"WebPage","@id":"https:\/\/urbeamea.ro\/albaiulia\/targul-de-fete-cea-mai-mare-sarbatoare-populara-din-romania-deschis-de-tulnicaresele-din-apuseni-parada-portului-popular-si-concursul-cultura-pentru-cultura\/","url":"https:\/\/urbeamea.ro\/albaiulia\/targul-de-fete-cea-mai-mare-sarbatoare-populara-din-romania-deschis-de-tulnicaresele-din-apuseni-parada-portului-popular-si-concursul-cultura-pentru-cultura\/","name":"T\u00e2rgul de Fete, cea mai mare s\u0103rb\u0103toare popular\u0103 din Rom\u00e2nia, deschis de tulnic\u0103resele din Apuseni, parada portului popular \u0219i concursul \u201eCultur\u0103 pentru Cultur\u0103\u201d - Revista Urbea Mea - Revista de Alba","isPartOf":{"@id":"https:\/\/urbeamea.ro\/albaiulia\/#website"},"primaryImageOfPage":{"@id":"https:\/\/urbeamea.ro\/albaiulia\/targul-de-fete-cea-mai-mare-sarbatoare-populara-din-romania-deschis-de-tulnicaresele-din-apuseni-parada-portului-popular-si-concursul-cultura-pentru-cultura\/#primaryimage"},"image":{"@id":"https:\/\/urbeamea.ro\/albaiulia\/targul-de-fete-cea-mai-mare-sarbatoare-populara-din-romania-deschis-de-tulnicaresele-din-apuseni-parada-portului-popular-si-concursul-cultura-pentru-cultura\/#primaryimage"},"thumbnailUrl":"https:\/\/urbeamea.ro\/albaiulia\/wp-content\/uploads\/2016\/07\/gaina-tulnicarese-2015-1.jpg","datePublished":"2016-07-16T14:11:41+00:00","author":{"@id":"https:\/\/urbeamea.ro\/albaiulia\/#\/schema\/person\/272ae98052f8ee8980f59848df070247"},"description":"T\u00e2rgul de Fete, cea mai mare \u015fi mai cunoscut\u0103 s\u0103rb\u0103toare popular\u0103 din Rom\u00e2nia, a fost deschis oficial, s\u00e2mb\u0103t\u0103, la Avram Iancu, localitate din apropierea","breadcrumb":{"@id":"https:\/\/urbeamea.ro\/albaiulia\/targul-de-fete-cea-mai-mare-sarbatoare-populara-din-romania-deschis-de-tulnicaresele-din-apuseni-parada-portului-popular-si-concursul-cultura-pentru-cultura\/#breadcrumb"},"inLanguage":"ro-RO","potentialAction":[{"@type":"ReadAction","target":["https:\/\/urbeamea.ro\/albaiulia\/targul-de-fete-cea-mai-mare-sarbatoare-populara-din-romania-deschis-de-tulnicaresele-din-apuseni-parada-portului-popular-si-concursul-cultura-pentru-cultura\/"]}]},{"@type":"ImageObject","inLanguage":"ro-RO","@id":"https:\/\/urbeamea.ro\/albaiulia\/targul-de-fete-cea-mai-mare-sarbatoare-populara-din-romania-deschis-de-tulnicaresele-din-apuseni-parada-portului-popular-si-concursul-cultura-pentru-cultura\/#primaryimage","url":"https:\/\/urbeamea.ro\/albaiulia\/wp-content\/uploads\/2016\/07\/gaina-tulnicarese-2015-1.jpg","contentUrl":"https:\/\/urbeamea.ro\/albaiulia\/wp-content\/uploads\/2016\/07\/gaina-tulnicarese-2015-1.jpg","width":1280,"height":856},{"@type":"BreadcrumbList","@id":"https:\/\/urbeamea.ro\/albaiulia\/targul-de-fete-cea-mai-mare-sarbatoare-populara-din-romania-deschis-de-tulnicaresele-din-apuseni-parada-portului-popular-si-concursul-cultura-pentru-cultura\/#breadcrumb","itemListElement":[{"@type":"ListItem","position":1,"name":"Prima pagin\u0103","item":"https:\/\/urbeamea.ro\/albaiulia\/"},{"@type":"ListItem","position":2,"name":"T\u00e2rgul de Fete, cea mai mare s\u0103rb\u0103toare popular\u0103 din Rom\u00e2nia, deschis de tulnic\u0103resele din Apuseni, parada portului popular \u0219i concursul \u201eCultur\u0103 pentru Cultur\u0103\u201d"}]},{"@type":"WebSite","@id":"https:\/\/urbeamea.ro\/albaiulia\/#website","url":"https:\/\/urbeamea.ro\/albaiulia\/","name":"Revista Urbea Mea, Stiri urbane","description":"Evenimente \u0219i \u0219tiri din Alba Iulia, Sebe\u0219, Aiud, Blaj","potentialAction":[{"@type":"SearchAction","target":{"@type":"EntryPoint","urlTemplate":"https:\/\/urbeamea.ro\/albaiulia\/?s={search_term_string}"},"query-input":{"@type":"PropertyValueSpecification","valueRequired":true,"valueName":"search_term_string"}}],"inLanguage":"ro-RO"},{"@type":"Person","@id":"https:\/\/urbeamea.ro\/albaiulia\/#\/schema\/person\/272ae98052f8ee8980f59848df070247","name":"Redac\u021bia UrbeaMea","image":{"@type":"ImageObject","inLanguage":"ro-RO","@id":"https:\/\/secure.gravatar.com\/avatar\/9ce5a9435071fa1037e8468053ead8e513dbbff59009d3069aadb85506d85a27?s=96&d=mm&r=g","url":"https:\/\/secure.gravatar.com\/avatar\/9ce5a9435071fa1037e8468053ead8e513dbbff59009d3069aadb85506d85a27?s=96&d=mm&r=g","contentUrl":"https:\/\/secure.gravatar.com\/avatar\/9ce5a9435071fa1037e8468053ead8e513dbbff59009d3069aadb85506d85a27?s=96&d=mm&r=g","caption":"Redac\u021bia UrbeaMea"},"description":"contact@urbeamea.ro","sameAs":["https:\/\/www.urbeamea.ro"],"url":"https:\/\/urbeamea.ro\/albaiulia\/author\/redactia-urbeamea\/"}]}},"_links":{"self":[{"href":"https:\/\/urbeamea.ro\/albaiulia\/wp-json\/wp\/v2\/posts\/28031","targetHints":{"allow":["GET"]}}],"collection":[{"href":"https:\/\/urbeamea.ro\/albaiulia\/wp-json\/wp\/v2\/posts"}],"about":[{"href":"https:\/\/urbeamea.ro\/albaiulia\/wp-json\/wp\/v2\/types\/post"}],"author":[{"embeddable":true,"href":"https:\/\/urbeamea.ro\/albaiulia\/wp-json\/wp\/v2\/users\/16"}],"replies":[{"embeddable":true,"href":"https:\/\/urbeamea.ro\/albaiulia\/wp-json\/wp\/v2\/comments?post=28031"}],"version-history":[{"count":0,"href":"https:\/\/urbeamea.ro\/albaiulia\/wp-json\/wp\/v2\/posts\/28031\/revisions"}],"wp:featuredmedia":[{"embeddable":true,"href":"https:\/\/urbeamea.ro\/albaiulia\/wp-json\/wp\/v2\/media\/28032"}],"wp:attachment":[{"href":"https:\/\/urbeamea.ro\/albaiulia\/wp-json\/wp\/v2\/media?parent=28031"}],"wp:term":[{"taxonomy":"category","embeddable":true,"href":"https:\/\/urbeamea.ro\/albaiulia\/wp-json\/wp\/v2\/categories?post=28031"},{"taxonomy":"post_tag","embeddable":true,"href":"https:\/\/urbeamea.ro\/albaiulia\/wp-json\/wp\/v2\/tags?post=28031"}],"curies":[{"name":"wp","href":"https:\/\/api.w.org\/{rel}","templated":true}]}}