{"id":28034,"date":"2016-07-16T20:19:10","date_gmt":"2016-07-16T17:19:10","guid":{"rendered":"http:\/\/urbeamea.ro\/albaiulia\/?p=28034"},"modified":"2016-07-16T20:19:10","modified_gmt":"2016-07-16T17:19:10","slug":"targul-de-fete-organizat-doar-la-poalele-muntelui-gaina-in-avram-iancu-din-cauza-vremii-nefavorabile","status":"publish","type":"post","link":"https:\/\/urbeamea.ro\/albaiulia\/targul-de-fete-organizat-doar-la-poalele-muntelui-gaina-in-avram-iancu-din-cauza-vremii-nefavorabile\/","title":{"rendered":"T\u00e2rgul de Fete organizat doar la poalele Muntelui G\u0103ina, \u00een Avram Iancu, din cauza vremii nefavorabile"},"content":{"rendered":"<p><strong><img loading=\"lazy\" decoding=\"async\" class=\"size-medium wp-image-27877 alignleft\" src=\"http:\/\/urbeamea.ro\/albaiulia\/wp-content\/uploads\/2016\/07\/gaina-concert-2015-300x201.jpg\" alt=\"gaina concert 2015\" width=\"300\" height=\"201\" \/>T\u00e2rgul de Fete va fi organizat \u00een acest an, din cauza vremii nefavorabile, doar la poalele Muntelui G\u0103ina, \u00een comuna Avram Iancu, \u015fi nu se va mai urca pe platoul montan aflat la aproape 1500 de metri altitudine. Organizatorii au luat aceast\u0103 decizie imediat dup\u0103 debutul s\u0103rb\u0103torii din cauza vremii nefavorabile \u015fi pentru siguran\u0163a miilor de participan\u0163i<\/strong>.<\/p>\n<p>\u00cen cursul nop\u0163ii de vineri spre s\u00e2mb\u0103t\u0103 dar \u015fi s\u00e2mb\u0103t\u0103, pe munte au avut loc mai multe ruperi de nori care au afectat tab\u0103ra de corturi dar \u015fi scena preg\u0103tit\u0103 pentru concertele \u00een aer liber. Din cauza precipita\u0163iilor abundente platoul G\u0103ina, unde ar fi urmat s\u0103 aib\u0103 loc manifest\u0103rile, nu este o zon\u0103 sigur\u0103 pentru participan\u0163i, iar drumul de urcare este dificil astfel \u00eenc\u00e2t s-a decis ca tot programul \u201eT\u00e2rgului de Fete\u201d s\u0103 se desf\u0103\u015foare \u00een comuna Avram Iancu.<\/p>\n<p>Organizatorii sper\u0103 ca, \u00een func\u0163ie de condi\u0163iile meteorologice, s\u0103 poat\u0103 organiza, duminic\u0103, cel pu\u0163in ceremonialul solemn de depuneri de coroane la Crucea Iancului de pe Muntele G\u0103ina, ceremonial prin care sunt cinsti\u0163i erorii neamului \u015fi mai ales \u201eCr\u0103i\u015forul Mun\u0163ilor\u201d Avram Iancu.<\/p>\n<p>\u00cen ciuda acestor probleme neprev\u0103zute, T\u00e2rgul de Fete va fi \u015fi \u00een acest an o s\u0103rb\u0103toare rom\u00e2neasc\u0103 de amploare care se bucur\u0103 deja de o participare foarte numeroas\u0103 \u00eenc\u0103 de la debutul manifest\u0103rilor. O dovad\u0103 \u00een acest sens este faptul c\u0103 pensiunile din zon\u0103 sunt pline de turi\u015fti veni\u0163i din toate col\u0163urile \u0163\u0103rii, iar multe dintre locurile de cazare au fost rezervate cu c\u00e2teva s\u0103pt\u0103m\u00e2ni \u00een urm\u0103.<\/p>\n<p>\u00cen concluzie, vremea nefavorabil\u0103 caracteristic\u0103 zilei Sf\u00e2ntului Ilie, a\u015fa cum spun \u015fi relat\u0103rile b\u0103tr\u00e2nilor din zon\u0103 despre perioada \u00een care are loc T\u00e2rgul de Fete, a determinat ca toate manifest\u0103rile din programul s\u0103rb\u0103torii s\u0103 se mute \u00een centrul comunei Avram Iancu, localitate situat\u0103 la poalele Muntelui G\u0103ina. Aici se vor desf\u0103\u015fura at\u00e2t concertele \u00een aer liber de muzic\u0103 popular\u0103 \u015fi u\u015foar\u0103, focurile de artificii, petrecerea popular\u0103 dar \u015fi t\u00e2rgul me\u015fterilor populari.<\/p>\n","protected":false},"excerpt":{"rendered":"<p>T\u00e2rgul de Fete va fi organizat \u00een acest an, din cauza vremii nefavorabile, doar la poalele Muntelui G\u0103ina, \u00een comuna Avram Iancu, \u015fi nu se va mai urca pe platoul montan aflat la aproape 1500 de metri altitudine. Organizatorii au luat aceast\u0103 decizie imediat dup\u0103 debutul s\u0103rb\u0103torii din cauza vremii nefavorabile \u015fi pentru siguran\u0163a miilor &hellip;<\/p>\n","protected":false},"author":16,"featured_media":27877,"comment_status":"open","ping_status":"open","sticky":false,"template":"","format":"standard","meta":{"inline_featured_image":false,"footnotes":""},"categories":[4],"tags":[2391,6348,6185,6347,1563,308,6184,76,6346],"class_list":["post-28034","post","type-post","status-publish","format-standard","has-post-thumbnail","hentry","category-eveniment","tag-avram-iancu","tag-concerte-in-aer-liber","tag-muntele-gaina","tag-poalele-muntelui","tag-sarbatoare","tag-stiri","tag-targul-de-fete","tag-urbea-mea","tag-vreme-nefavorabila"],"yoast_head":"<!-- This site is optimized with the Yoast SEO plugin v27.4 - https:\/\/yoast.com\/product\/yoast-seo-wordpress\/ -->\n<title>T\u00e2rgul de Fete organizat doar la poalele Muntelui G\u0103ina, \u00een Avram Iancu, din cauza vremii nefavorabile - Revista Urbea Mea - Revista de Alba<\/title>\n<meta name=\"description\" content=\"T\u00e2rgul de Fete va fi organizat \u00een acest an, din cauza vremii nefavorabile, doar la poalele Muntelui G\u0103ina, \u00een comuna Avram Iancu, \u015fi nu se va mai urca pe\" \/>\n<meta name=\"robots\" content=\"index, follow, max-snippet:-1, max-image-preview:large, max-video-preview:-1\" \/>\n<link rel=\"canonical\" href=\"https:\/\/urbeamea.ro\/albaiulia\/targul-de-fete-organizat-doar-la-poalele-muntelui-gaina-in-avram-iancu-din-cauza-vremii-nefavorabile\/\" \/>\n<meta name=\"twitter:card\" content=\"summary_large_image\" \/>\n<meta name=\"twitter:title\" content=\"T\u00e2rgul de Fete organizat doar la poalele Muntelui G\u0103ina, \u00een Avram Iancu, din cauza vremii nefavorabile - Revista Urbea Mea - Revista de Alba\" \/>\n<meta name=\"twitter:description\" content=\"T\u00e2rgul de Fete va fi organizat \u00een acest an, din cauza vremii nefavorabile, doar la poalele Muntelui G\u0103ina, \u00een comuna Avram Iancu, \u015fi nu se va mai urca pe\" \/>\n<meta name=\"twitter:image\" content=\"https:\/\/urbeamea.ro\/albaiulia\/wp-content\/uploads\/2016\/07\/gaina-concert-2015.jpg\" \/>\n<meta name=\"twitter:creator\" content=\"@urbeameaweb\" \/>\n<meta name=\"twitter:site\" content=\"@urbeameaweb\" \/>\n<script type=\"application\/ld+json\" class=\"yoast-schema-graph\">{\"@context\":\"https:\\\/\\\/schema.org\",\"@graph\":[{\"@type\":\"Article\",\"@id\":\"https:\\\/\\\/urbeamea.ro\\\/albaiulia\\\/targul-de-fete-organizat-doar-la-poalele-muntelui-gaina-in-avram-iancu-din-cauza-vremii-nefavorabile\\\/#article\",\"isPartOf\":{\"@id\":\"https:\\\/\\\/urbeamea.ro\\\/albaiulia\\\/targul-de-fete-organizat-doar-la-poalele-muntelui-gaina-in-avram-iancu-din-cauza-vremii-nefavorabile\\\/\"},\"author\":{\"name\":\"Redac\u021bia UrbeaMea\",\"@id\":\"https:\\\/\\\/urbeamea.ro\\\/albaiulia\\\/#\\\/schema\\\/person\\\/272ae98052f8ee8980f59848df070247\"},\"headline\":\"T\u00e2rgul de Fete organizat doar la poalele Muntelui G\u0103ina, \u00een Avram Iancu, din cauza vremii nefavorabile\",\"datePublished\":\"2016-07-16T17:19:10+00:00\",\"mainEntityOfPage\":{\"@id\":\"https:\\\/\\\/urbeamea.ro\\\/albaiulia\\\/targul-de-fete-organizat-doar-la-poalele-muntelui-gaina-in-avram-iancu-din-cauza-vremii-nefavorabile\\\/\"},\"wordCount\":388,\"commentCount\":0,\"image\":{\"@id\":\"https:\\\/\\\/urbeamea.ro\\\/albaiulia\\\/targul-de-fete-organizat-doar-la-poalele-muntelui-gaina-in-avram-iancu-din-cauza-vremii-nefavorabile\\\/#primaryimage\"},\"thumbnailUrl\":\"https:\\\/\\\/urbeamea.ro\\\/albaiulia\\\/wp-content\\\/uploads\\\/2016\\\/07\\\/gaina-concert-2015.jpg\",\"keywords\":[\"avram iancu\",\"concerte in aer liber\",\"muntele gaina\",\"poalele muntelui\",\"sarbatoare\",\"stiri\",\"targul de fete\",\"Urbea Mea\",\"vreme nefavorabila\"],\"articleSection\":[\"Evenimente\"],\"inLanguage\":\"ro-RO\",\"potentialAction\":[{\"@type\":\"CommentAction\",\"name\":\"Comment\",\"target\":[\"https:\\\/\\\/urbeamea.ro\\\/albaiulia\\\/targul-de-fete-organizat-doar-la-poalele-muntelui-gaina-in-avram-iancu-din-cauza-vremii-nefavorabile\\\/#respond\"]}]},{\"@type\":\"WebPage\",\"@id\":\"https:\\\/\\\/urbeamea.ro\\\/albaiulia\\\/targul-de-fete-organizat-doar-la-poalele-muntelui-gaina-in-avram-iancu-din-cauza-vremii-nefavorabile\\\/\",\"url\":\"https:\\\/\\\/urbeamea.ro\\\/albaiulia\\\/targul-de-fete-organizat-doar-la-poalele-muntelui-gaina-in-avram-iancu-din-cauza-vremii-nefavorabile\\\/\",\"name\":\"T\u00e2rgul de Fete organizat doar la poalele Muntelui G\u0103ina, \u00een Avram Iancu, din cauza vremii nefavorabile - Revista Urbea Mea - Revista de Alba\",\"isPartOf\":{\"@id\":\"https:\\\/\\\/urbeamea.ro\\\/albaiulia\\\/#website\"},\"primaryImageOfPage\":{\"@id\":\"https:\\\/\\\/urbeamea.ro\\\/albaiulia\\\/targul-de-fete-organizat-doar-la-poalele-muntelui-gaina-in-avram-iancu-din-cauza-vremii-nefavorabile\\\/#primaryimage\"},\"image\":{\"@id\":\"https:\\\/\\\/urbeamea.ro\\\/albaiulia\\\/targul-de-fete-organizat-doar-la-poalele-muntelui-gaina-in-avram-iancu-din-cauza-vremii-nefavorabile\\\/#primaryimage\"},\"thumbnailUrl\":\"https:\\\/\\\/urbeamea.ro\\\/albaiulia\\\/wp-content\\\/uploads\\\/2016\\\/07\\\/gaina-concert-2015.jpg\",\"datePublished\":\"2016-07-16T17:19:10+00:00\",\"author\":{\"@id\":\"https:\\\/\\\/urbeamea.ro\\\/albaiulia\\\/#\\\/schema\\\/person\\\/272ae98052f8ee8980f59848df070247\"},\"description\":\"T\u00e2rgul de Fete va fi organizat \u00een acest an, din cauza vremii nefavorabile, doar la poalele Muntelui G\u0103ina, \u00een comuna Avram Iancu, \u015fi nu se va mai urca pe\",\"breadcrumb\":{\"@id\":\"https:\\\/\\\/urbeamea.ro\\\/albaiulia\\\/targul-de-fete-organizat-doar-la-poalele-muntelui-gaina-in-avram-iancu-din-cauza-vremii-nefavorabile\\\/#breadcrumb\"},\"inLanguage\":\"ro-RO\",\"potentialAction\":[{\"@type\":\"ReadAction\",\"target\":[\"https:\\\/\\\/urbeamea.ro\\\/albaiulia\\\/targul-de-fete-organizat-doar-la-poalele-muntelui-gaina-in-avram-iancu-din-cauza-vremii-nefavorabile\\\/\"]}]},{\"@type\":\"ImageObject\",\"inLanguage\":\"ro-RO\",\"@id\":\"https:\\\/\\\/urbeamea.ro\\\/albaiulia\\\/targul-de-fete-organizat-doar-la-poalele-muntelui-gaina-in-avram-iancu-din-cauza-vremii-nefavorabile\\\/#primaryimage\",\"url\":\"https:\\\/\\\/urbeamea.ro\\\/albaiulia\\\/wp-content\\\/uploads\\\/2016\\\/07\\\/gaina-concert-2015.jpg\",\"contentUrl\":\"https:\\\/\\\/urbeamea.ro\\\/albaiulia\\\/wp-content\\\/uploads\\\/2016\\\/07\\\/gaina-concert-2015.jpg\",\"width\":1280,\"height\":857},{\"@type\":\"BreadcrumbList\",\"@id\":\"https:\\\/\\\/urbeamea.ro\\\/albaiulia\\\/targul-de-fete-organizat-doar-la-poalele-muntelui-gaina-in-avram-iancu-din-cauza-vremii-nefavorabile\\\/#breadcrumb\",\"itemListElement\":[{\"@type\":\"ListItem\",\"position\":1,\"name\":\"Prima pagin\u0103\",\"item\":\"https:\\\/\\\/urbeamea.ro\\\/albaiulia\\\/\"},{\"@type\":\"ListItem\",\"position\":2,\"name\":\"T\u00e2rgul de Fete organizat doar la poalele Muntelui G\u0103ina, \u00een Avram Iancu, din cauza vremii nefavorabile\"}]},{\"@type\":\"WebSite\",\"@id\":\"https:\\\/\\\/urbeamea.ro\\\/albaiulia\\\/#website\",\"url\":\"https:\\\/\\\/urbeamea.ro\\\/albaiulia\\\/\",\"name\":\"Revista Urbea Mea, Stiri urbane\",\"description\":\"Evenimente \u0219i \u0219tiri din Alba Iulia, Sebe\u0219, Aiud, Blaj\",\"potentialAction\":[{\"@type\":\"SearchAction\",\"target\":{\"@type\":\"EntryPoint\",\"urlTemplate\":\"https:\\\/\\\/urbeamea.ro\\\/albaiulia\\\/?s={search_term_string}\"},\"query-input\":{\"@type\":\"PropertyValueSpecification\",\"valueRequired\":true,\"valueName\":\"search_term_string\"}}],\"inLanguage\":\"ro-RO\"},{\"@type\":\"Person\",\"@id\":\"https:\\\/\\\/urbeamea.ro\\\/albaiulia\\\/#\\\/schema\\\/person\\\/272ae98052f8ee8980f59848df070247\",\"name\":\"Redac\u021bia UrbeaMea\",\"image\":{\"@type\":\"ImageObject\",\"inLanguage\":\"ro-RO\",\"@id\":\"https:\\\/\\\/secure.gravatar.com\\\/avatar\\\/9ce5a9435071fa1037e8468053ead8e513dbbff59009d3069aadb85506d85a27?s=96&d=mm&r=g\",\"url\":\"https:\\\/\\\/secure.gravatar.com\\\/avatar\\\/9ce5a9435071fa1037e8468053ead8e513dbbff59009d3069aadb85506d85a27?s=96&d=mm&r=g\",\"contentUrl\":\"https:\\\/\\\/secure.gravatar.com\\\/avatar\\\/9ce5a9435071fa1037e8468053ead8e513dbbff59009d3069aadb85506d85a27?s=96&d=mm&r=g\",\"caption\":\"Redac\u021bia UrbeaMea\"},\"description\":\"contact@urbeamea.ro\",\"sameAs\":[\"https:\\\/\\\/www.urbeamea.ro\"],\"url\":\"https:\\\/\\\/urbeamea.ro\\\/albaiulia\\\/author\\\/redactia-urbeamea\\\/\"}]}<\/script>\n<!-- \/ Yoast SEO plugin. -->","yoast_head_json":{"title":"T\u00e2rgul de Fete organizat doar la poalele Muntelui G\u0103ina, \u00een Avram Iancu, din cauza vremii nefavorabile - Revista Urbea Mea - Revista de Alba","description":"T\u00e2rgul de Fete va fi organizat \u00een acest an, din cauza vremii nefavorabile, doar la poalele Muntelui G\u0103ina, \u00een comuna Avram Iancu, \u015fi nu se va mai urca pe","robots":{"index":"index","follow":"follow","max-snippet":"max-snippet:-1","max-image-preview":"max-image-preview:large","max-video-preview":"max-video-preview:-1"},"canonical":"https:\/\/urbeamea.ro\/albaiulia\/targul-de-fete-organizat-doar-la-poalele-muntelui-gaina-in-avram-iancu-din-cauza-vremii-nefavorabile\/","twitter_card":"summary_large_image","twitter_title":"T\u00e2rgul de Fete organizat doar la poalele Muntelui G\u0103ina, \u00een Avram Iancu, din cauza vremii nefavorabile - Revista Urbea Mea - Revista de Alba","twitter_description":"T\u00e2rgul de Fete va fi organizat \u00een acest an, din cauza vremii nefavorabile, doar la poalele Muntelui G\u0103ina, \u00een comuna Avram Iancu, \u015fi nu se va mai urca pe","twitter_image":"https:\/\/urbeamea.ro\/albaiulia\/wp-content\/uploads\/2016\/07\/gaina-concert-2015.jpg","twitter_creator":"@urbeameaweb","twitter_site":"@urbeameaweb","schema":{"@context":"https:\/\/schema.org","@graph":[{"@type":"Article","@id":"https:\/\/urbeamea.ro\/albaiulia\/targul-de-fete-organizat-doar-la-poalele-muntelui-gaina-in-avram-iancu-din-cauza-vremii-nefavorabile\/#article","isPartOf":{"@id":"https:\/\/urbeamea.ro\/albaiulia\/targul-de-fete-organizat-doar-la-poalele-muntelui-gaina-in-avram-iancu-din-cauza-vremii-nefavorabile\/"},"author":{"name":"Redac\u021bia UrbeaMea","@id":"https:\/\/urbeamea.ro\/albaiulia\/#\/schema\/person\/272ae98052f8ee8980f59848df070247"},"headline":"T\u00e2rgul de Fete organizat doar la poalele Muntelui G\u0103ina, \u00een Avram Iancu, din cauza vremii nefavorabile","datePublished":"2016-07-16T17:19:10+00:00","mainEntityOfPage":{"@id":"https:\/\/urbeamea.ro\/albaiulia\/targul-de-fete-organizat-doar-la-poalele-muntelui-gaina-in-avram-iancu-din-cauza-vremii-nefavorabile\/"},"wordCount":388,"commentCount":0,"image":{"@id":"https:\/\/urbeamea.ro\/albaiulia\/targul-de-fete-organizat-doar-la-poalele-muntelui-gaina-in-avram-iancu-din-cauza-vremii-nefavorabile\/#primaryimage"},"thumbnailUrl":"https:\/\/urbeamea.ro\/albaiulia\/wp-content\/uploads\/2016\/07\/gaina-concert-2015.jpg","keywords":["avram iancu","concerte in aer liber","muntele gaina","poalele muntelui","sarbatoare","stiri","targul de fete","Urbea Mea","vreme nefavorabila"],"articleSection":["Evenimente"],"inLanguage":"ro-RO","potentialAction":[{"@type":"CommentAction","name":"Comment","target":["https:\/\/urbeamea.ro\/albaiulia\/targul-de-fete-organizat-doar-la-poalele-muntelui-gaina-in-avram-iancu-din-cauza-vremii-nefavorabile\/#respond"]}]},{"@type":"WebPage","@id":"https:\/\/urbeamea.ro\/albaiulia\/targul-de-fete-organizat-doar-la-poalele-muntelui-gaina-in-avram-iancu-din-cauza-vremii-nefavorabile\/","url":"https:\/\/urbeamea.ro\/albaiulia\/targul-de-fete-organizat-doar-la-poalele-muntelui-gaina-in-avram-iancu-din-cauza-vremii-nefavorabile\/","name":"T\u00e2rgul de Fete organizat doar la poalele Muntelui G\u0103ina, \u00een Avram Iancu, din cauza vremii nefavorabile - Revista Urbea Mea - Revista de Alba","isPartOf":{"@id":"https:\/\/urbeamea.ro\/albaiulia\/#website"},"primaryImageOfPage":{"@id":"https:\/\/urbeamea.ro\/albaiulia\/targul-de-fete-organizat-doar-la-poalele-muntelui-gaina-in-avram-iancu-din-cauza-vremii-nefavorabile\/#primaryimage"},"image":{"@id":"https:\/\/urbeamea.ro\/albaiulia\/targul-de-fete-organizat-doar-la-poalele-muntelui-gaina-in-avram-iancu-din-cauza-vremii-nefavorabile\/#primaryimage"},"thumbnailUrl":"https:\/\/urbeamea.ro\/albaiulia\/wp-content\/uploads\/2016\/07\/gaina-concert-2015.jpg","datePublished":"2016-07-16T17:19:10+00:00","author":{"@id":"https:\/\/urbeamea.ro\/albaiulia\/#\/schema\/person\/272ae98052f8ee8980f59848df070247"},"description":"T\u00e2rgul de Fete va fi organizat \u00een acest an, din cauza vremii nefavorabile, doar la poalele Muntelui G\u0103ina, \u00een comuna Avram Iancu, \u015fi nu se va mai urca pe","breadcrumb":{"@id":"https:\/\/urbeamea.ro\/albaiulia\/targul-de-fete-organizat-doar-la-poalele-muntelui-gaina-in-avram-iancu-din-cauza-vremii-nefavorabile\/#breadcrumb"},"inLanguage":"ro-RO","potentialAction":[{"@type":"ReadAction","target":["https:\/\/urbeamea.ro\/albaiulia\/targul-de-fete-organizat-doar-la-poalele-muntelui-gaina-in-avram-iancu-din-cauza-vremii-nefavorabile\/"]}]},{"@type":"ImageObject","inLanguage":"ro-RO","@id":"https:\/\/urbeamea.ro\/albaiulia\/targul-de-fete-organizat-doar-la-poalele-muntelui-gaina-in-avram-iancu-din-cauza-vremii-nefavorabile\/#primaryimage","url":"https:\/\/urbeamea.ro\/albaiulia\/wp-content\/uploads\/2016\/07\/gaina-concert-2015.jpg","contentUrl":"https:\/\/urbeamea.ro\/albaiulia\/wp-content\/uploads\/2016\/07\/gaina-concert-2015.jpg","width":1280,"height":857},{"@type":"BreadcrumbList","@id":"https:\/\/urbeamea.ro\/albaiulia\/targul-de-fete-organizat-doar-la-poalele-muntelui-gaina-in-avram-iancu-din-cauza-vremii-nefavorabile\/#breadcrumb","itemListElement":[{"@type":"ListItem","position":1,"name":"Prima pagin\u0103","item":"https:\/\/urbeamea.ro\/albaiulia\/"},{"@type":"ListItem","position":2,"name":"T\u00e2rgul de Fete organizat doar la poalele Muntelui G\u0103ina, \u00een Avram Iancu, din cauza vremii nefavorabile"}]},{"@type":"WebSite","@id":"https:\/\/urbeamea.ro\/albaiulia\/#website","url":"https:\/\/urbeamea.ro\/albaiulia\/","name":"Revista Urbea Mea, Stiri urbane","description":"Evenimente \u0219i \u0219tiri din Alba Iulia, Sebe\u0219, Aiud, Blaj","potentialAction":[{"@type":"SearchAction","target":{"@type":"EntryPoint","urlTemplate":"https:\/\/urbeamea.ro\/albaiulia\/?s={search_term_string}"},"query-input":{"@type":"PropertyValueSpecification","valueRequired":true,"valueName":"search_term_string"}}],"inLanguage":"ro-RO"},{"@type":"Person","@id":"https:\/\/urbeamea.ro\/albaiulia\/#\/schema\/person\/272ae98052f8ee8980f59848df070247","name":"Redac\u021bia UrbeaMea","image":{"@type":"ImageObject","inLanguage":"ro-RO","@id":"https:\/\/secure.gravatar.com\/avatar\/9ce5a9435071fa1037e8468053ead8e513dbbff59009d3069aadb85506d85a27?s=96&d=mm&r=g","url":"https:\/\/secure.gravatar.com\/avatar\/9ce5a9435071fa1037e8468053ead8e513dbbff59009d3069aadb85506d85a27?s=96&d=mm&r=g","contentUrl":"https:\/\/secure.gravatar.com\/avatar\/9ce5a9435071fa1037e8468053ead8e513dbbff59009d3069aadb85506d85a27?s=96&d=mm&r=g","caption":"Redac\u021bia UrbeaMea"},"description":"contact@urbeamea.ro","sameAs":["https:\/\/www.urbeamea.ro"],"url":"https:\/\/urbeamea.ro\/albaiulia\/author\/redactia-urbeamea\/"}]}},"_links":{"self":[{"href":"https:\/\/urbeamea.ro\/albaiulia\/wp-json\/wp\/v2\/posts\/28034","targetHints":{"allow":["GET"]}}],"collection":[{"href":"https:\/\/urbeamea.ro\/albaiulia\/wp-json\/wp\/v2\/posts"}],"about":[{"href":"https:\/\/urbeamea.ro\/albaiulia\/wp-json\/wp\/v2\/types\/post"}],"author":[{"embeddable":true,"href":"https:\/\/urbeamea.ro\/albaiulia\/wp-json\/wp\/v2\/users\/16"}],"replies":[{"embeddable":true,"href":"https:\/\/urbeamea.ro\/albaiulia\/wp-json\/wp\/v2\/comments?post=28034"}],"version-history":[{"count":0,"href":"https:\/\/urbeamea.ro\/albaiulia\/wp-json\/wp\/v2\/posts\/28034\/revisions"}],"wp:featuredmedia":[{"embeddable":true,"href":"https:\/\/urbeamea.ro\/albaiulia\/wp-json\/wp\/v2\/media\/27877"}],"wp:attachment":[{"href":"https:\/\/urbeamea.ro\/albaiulia\/wp-json\/wp\/v2\/media?parent=28034"}],"wp:term":[{"taxonomy":"category","embeddable":true,"href":"https:\/\/urbeamea.ro\/albaiulia\/wp-json\/wp\/v2\/categories?post=28034"},{"taxonomy":"post_tag","embeddable":true,"href":"https:\/\/urbeamea.ro\/albaiulia\/wp-json\/wp\/v2\/tags?post=28034"}],"curies":[{"name":"wp","href":"https:\/\/api.w.org\/{rel}","templated":true}]}}