{"id":28660,"date":"2016-07-18T19:15:57","date_gmt":"2016-07-18T16:15:57","guid":{"rendered":"http:\/\/urbeamea.ro\/albaiulia\/?p=28660"},"modified":"2016-07-18T18:30:19","modified_gmt":"2016-07-18T15:30:19","slug":"sindicalistii-din-administratia-publica-renunta-la-greva-au-obtinut-promisiuni-pentru-tichete-de-masa-si-vouchere-de-vacanta","status":"publish","type":"post","link":"https:\/\/urbeamea.ro\/albaiulia\/sindicalistii-din-administratia-publica-renunta-la-greva-au-obtinut-promisiuni-pentru-tichete-de-masa-si-vouchere-de-vacanta\/","title":{"rendered":"Sindicali\u0219tii din administra\u021bia public\u0103 renun\u021b\u0103 la grev\u0103. Au ob\u021binut promisiuni pentru tichete de mas\u0103 \u0219i vouchere de vacan\u021b\u0103"},"content":{"rendered":"<p><strong><img loading=\"lazy\" decoding=\"async\" class=\"alignleft size-full wp-image-28661\" src=\"http:\/\/urbeamea.ro\/albaiulia\/wp-content\/uploads\/2016\/07\/ghiseu.jpg\" alt=\"ghiseu\" width=\"287\" height=\"176\" srcset=\"https:\/\/urbeamea.ro\/albaiulia\/wp-content\/uploads\/2016\/07\/ghiseu.jpg 287w, https:\/\/urbeamea.ro\/albaiulia\/wp-content\/uploads\/2016\/07\/ghiseu-150x92.jpg 150w\" sizes=\"auto, (max-width: 287px) 100vw, 287px\" \/>Dup\u0103 ce \u00een mai multe r\u00e2nduri sindicali\u0219tii din administra\u021bia public\u0103 au \u00eentrerupt activitatea din institu\u021bii pentru a atrage aten\u021bia asupra unor revendic\u0103ri, iat\u0103 c\u0103 activitatea va fi reluat\u0103 \u00een condi\u021bii normale. Discu\u021biile avute de reprezentan\u021bii\u00a0Federa\u0163iei Na\u0163ionale a Sindicatelor din Adiministra\u0163ie cu vicepremierul Vasile D\u00e2ncu au dus la aplanarea conflictului.<\/strong><\/p>\n<p>Angaja\u021bii din administra\u021bie au cerut guvernan\u021bilor s\u0103 le acorde tichete de mas\u0103 \u0219i vouchere pentru vacan\u021b\u0103. De asemenea, ace\u0219tia au mai cerut \u0219i o m\u0103rire a salariilor, de 25%. \u00cen urma discu\u021biilor cu Vasile D\u00e2ncu, sindicali\u0219tii au ob\u021binut deocamdat\u0103 doar promisiunea c\u0103 \u00ee\u0219i vor primi tichete, \u00een func\u021bie de buget, iar voucherele de vacan\u021b\u0103 li se vor da \u021bin\u00e2ndu-se cont de anumite criterii de performan\u021b\u0103.<\/p>\n<p>\u00cen ceea ce prive\u0219te m\u0103ririle salariale, Guvernul \u0219i-a luat doar angajamentul c\u0103 \u00eei vor invita la discu\u021biile pe tema legii salariz\u0103rii \u0219i pe reprezentan\u021bii func\u021bionarilor publici.<\/p>\n","protected":false},"excerpt":{"rendered":"<p>Dup\u0103 ce \u00een mai multe r\u00e2nduri sindicali\u0219tii din administra\u021bia public\u0103 au \u00eentrerupt activitatea din institu\u021bii pentru a atrage aten\u021bia asupra unor revendic\u0103ri, iat\u0103 c\u0103 activitatea va fi reluat\u0103 \u00een condi\u021bii normale. Discu\u021biile avute de reprezentan\u021bii\u00a0Federa\u0163iei Na\u0163ionale a Sindicatelor din Adiministra\u0163ie cu vicepremierul Vasile D\u00e2ncu au dus la aplanarea conflictului. Angaja\u021bii din administra\u021bie au cerut guvernan\u021bilor &hellip;<\/p>\n","protected":false},"author":20,"featured_media":28661,"comment_status":"open","ping_status":"open","sticky":false,"template":"","format":"standard","meta":{"inline_featured_image":false,"footnotes":""},"categories":[2035,2034],"tags":[1350,2195,2955,6387,1781,3870,6390,6389,6388,6391,1787,3956,6392],"class_list":["post-28660","post","type-post","status-publish","format-standard","has-post-thumbnail","hentry","category-administratie","category-social","tag-activitate","tag-administratie","tag-conflict","tag-greva","tag-guvern","tag-protest","tag-salarii","tag-sindicalisti","tag-sindicat","tag-tichete-de-masa","tag-vacanta","tag-vicepremier","tag-voucher"],"yoast_head":"<!-- This site is optimized with the Yoast SEO plugin v27.4 - https:\/\/yoast.com\/product\/yoast-seo-wordpress\/ -->\n<title>Sindicali\u0219tii din administra\u021bia public\u0103 renun\u021b\u0103 la grev\u0103. Au ob\u021binut promisiuni pentru tichete de mas\u0103 \u0219i vouchere de vacan\u021b\u0103 - Revista Urbea Mea - Revista de Alba<\/title>\n<meta name=\"description\" content=\"Dup\u0103 ce \u00een mai multe r\u00e2nduri sindicali\u0219tii din administra\u021bia public\u0103 au \u00eentrerupt activitatea din institu\u021bii pentru a atrage aten\u021bia asupra unor\" \/>\n<meta name=\"robots\" content=\"index, follow, max-snippet:-1, max-image-preview:large, max-video-preview:-1\" \/>\n<link rel=\"canonical\" href=\"https:\/\/urbeamea.ro\/albaiulia\/sindicalistii-din-administratia-publica-renunta-la-greva-au-obtinut-promisiuni-pentru-tichete-de-masa-si-vouchere-de-vacanta\/\" \/>\n<meta name=\"twitter:card\" content=\"summary_large_image\" \/>\n<meta name=\"twitter:title\" content=\"Sindicali\u0219tii din administra\u021bia public\u0103 renun\u021b\u0103 la grev\u0103. Au ob\u021binut promisiuni pentru tichete de mas\u0103 \u0219i vouchere de vacan\u021b\u0103 - Revista Urbea Mea - Revista de Alba\" \/>\n<meta name=\"twitter:description\" content=\"Dup\u0103 ce \u00een mai multe r\u00e2nduri sindicali\u0219tii din administra\u021bia public\u0103 au \u00eentrerupt activitatea din institu\u021bii pentru a atrage aten\u021bia asupra unor\" \/>\n<meta name=\"twitter:image\" content=\"https:\/\/urbeamea.ro\/albaiulia\/wp-content\/uploads\/2016\/07\/ghiseu.jpg\" \/>\n<meta name=\"twitter:creator\" content=\"@urbeameaweb\" \/>\n<meta name=\"twitter:site\" content=\"@urbeameaweb\" \/>\n<script type=\"application\/ld+json\" class=\"yoast-schema-graph\">{\"@context\":\"https:\\\/\\\/schema.org\",\"@graph\":[{\"@type\":\"Article\",\"@id\":\"https:\\\/\\\/urbeamea.ro\\\/albaiulia\\\/sindicalistii-din-administratia-publica-renunta-la-greva-au-obtinut-promisiuni-pentru-tichete-de-masa-si-vouchere-de-vacanta\\\/#article\",\"isPartOf\":{\"@id\":\"https:\\\/\\\/urbeamea.ro\\\/albaiulia\\\/sindicalistii-din-administratia-publica-renunta-la-greva-au-obtinut-promisiuni-pentru-tichete-de-masa-si-vouchere-de-vacanta\\\/\"},\"author\":{\"name\":\"Adriana Avram\",\"@id\":\"https:\\\/\\\/urbeamea.ro\\\/albaiulia\\\/#\\\/schema\\\/person\\\/cfaa27fc3da4a9a2cf2fee3650afc5d0\"},\"headline\":\"Sindicali\u0219tii din administra\u021bia public\u0103 renun\u021b\u0103 la grev\u0103. Au ob\u021binut promisiuni pentru tichete de mas\u0103 \u0219i vouchere de vacan\u021b\u0103\",\"datePublished\":\"2016-07-18T16:15:57+00:00\",\"mainEntityOfPage\":{\"@id\":\"https:\\\/\\\/urbeamea.ro\\\/albaiulia\\\/sindicalistii-din-administratia-publica-renunta-la-greva-au-obtinut-promisiuni-pentru-tichete-de-masa-si-vouchere-de-vacanta\\\/\"},\"wordCount\":191,\"commentCount\":0,\"image\":{\"@id\":\"https:\\\/\\\/urbeamea.ro\\\/albaiulia\\\/sindicalistii-din-administratia-publica-renunta-la-greva-au-obtinut-promisiuni-pentru-tichete-de-masa-si-vouchere-de-vacanta\\\/#primaryimage\"},\"thumbnailUrl\":\"https:\\\/\\\/urbeamea.ro\\\/albaiulia\\\/wp-content\\\/uploads\\\/2016\\\/07\\\/ghiseu.jpg\",\"keywords\":[\"activitate\",\"administratie\",\"conflict\",\"greva\",\"guvern\",\"protest\",\"salarii\",\"sindicalisti\",\"sindicat\",\"tichete de masa\",\"vacanta\",\"vicepremier\",\"voucher\"],\"articleSection\":[\"Administra\u021bie\",\"Social\"],\"inLanguage\":\"ro-RO\",\"potentialAction\":[{\"@type\":\"CommentAction\",\"name\":\"Comment\",\"target\":[\"https:\\\/\\\/urbeamea.ro\\\/albaiulia\\\/sindicalistii-din-administratia-publica-renunta-la-greva-au-obtinut-promisiuni-pentru-tichete-de-masa-si-vouchere-de-vacanta\\\/#respond\"]}]},{\"@type\":\"WebPage\",\"@id\":\"https:\\\/\\\/urbeamea.ro\\\/albaiulia\\\/sindicalistii-din-administratia-publica-renunta-la-greva-au-obtinut-promisiuni-pentru-tichete-de-masa-si-vouchere-de-vacanta\\\/\",\"url\":\"https:\\\/\\\/urbeamea.ro\\\/albaiulia\\\/sindicalistii-din-administratia-publica-renunta-la-greva-au-obtinut-promisiuni-pentru-tichete-de-masa-si-vouchere-de-vacanta\\\/\",\"name\":\"Sindicali\u0219tii din administra\u021bia public\u0103 renun\u021b\u0103 la grev\u0103. Au ob\u021binut promisiuni pentru tichete de mas\u0103 \u0219i vouchere de vacan\u021b\u0103 - Revista Urbea Mea - Revista de Alba\",\"isPartOf\":{\"@id\":\"https:\\\/\\\/urbeamea.ro\\\/albaiulia\\\/#website\"},\"primaryImageOfPage\":{\"@id\":\"https:\\\/\\\/urbeamea.ro\\\/albaiulia\\\/sindicalistii-din-administratia-publica-renunta-la-greva-au-obtinut-promisiuni-pentru-tichete-de-masa-si-vouchere-de-vacanta\\\/#primaryimage\"},\"image\":{\"@id\":\"https:\\\/\\\/urbeamea.ro\\\/albaiulia\\\/sindicalistii-din-administratia-publica-renunta-la-greva-au-obtinut-promisiuni-pentru-tichete-de-masa-si-vouchere-de-vacanta\\\/#primaryimage\"},\"thumbnailUrl\":\"https:\\\/\\\/urbeamea.ro\\\/albaiulia\\\/wp-content\\\/uploads\\\/2016\\\/07\\\/ghiseu.jpg\",\"datePublished\":\"2016-07-18T16:15:57+00:00\",\"author\":{\"@id\":\"https:\\\/\\\/urbeamea.ro\\\/albaiulia\\\/#\\\/schema\\\/person\\\/cfaa27fc3da4a9a2cf2fee3650afc5d0\"},\"description\":\"Dup\u0103 ce \u00een mai multe r\u00e2nduri sindicali\u0219tii din administra\u021bia public\u0103 au \u00eentrerupt activitatea din institu\u021bii pentru a atrage aten\u021bia asupra unor\",\"breadcrumb\":{\"@id\":\"https:\\\/\\\/urbeamea.ro\\\/albaiulia\\\/sindicalistii-din-administratia-publica-renunta-la-greva-au-obtinut-promisiuni-pentru-tichete-de-masa-si-vouchere-de-vacanta\\\/#breadcrumb\"},\"inLanguage\":\"ro-RO\",\"potentialAction\":[{\"@type\":\"ReadAction\",\"target\":[\"https:\\\/\\\/urbeamea.ro\\\/albaiulia\\\/sindicalistii-din-administratia-publica-renunta-la-greva-au-obtinut-promisiuni-pentru-tichete-de-masa-si-vouchere-de-vacanta\\\/\"]}]},{\"@type\":\"ImageObject\",\"inLanguage\":\"ro-RO\",\"@id\":\"https:\\\/\\\/urbeamea.ro\\\/albaiulia\\\/sindicalistii-din-administratia-publica-renunta-la-greva-au-obtinut-promisiuni-pentru-tichete-de-masa-si-vouchere-de-vacanta\\\/#primaryimage\",\"url\":\"https:\\\/\\\/urbeamea.ro\\\/albaiulia\\\/wp-content\\\/uploads\\\/2016\\\/07\\\/ghiseu.jpg\",\"contentUrl\":\"https:\\\/\\\/urbeamea.ro\\\/albaiulia\\\/wp-content\\\/uploads\\\/2016\\\/07\\\/ghiseu.jpg\",\"width\":287,\"height\":176},{\"@type\":\"BreadcrumbList\",\"@id\":\"https:\\\/\\\/urbeamea.ro\\\/albaiulia\\\/sindicalistii-din-administratia-publica-renunta-la-greva-au-obtinut-promisiuni-pentru-tichete-de-masa-si-vouchere-de-vacanta\\\/#breadcrumb\",\"itemListElement\":[{\"@type\":\"ListItem\",\"position\":1,\"name\":\"Prima pagin\u0103\",\"item\":\"https:\\\/\\\/urbeamea.ro\\\/albaiulia\\\/\"},{\"@type\":\"ListItem\",\"position\":2,\"name\":\"Sindicali\u0219tii din administra\u021bia public\u0103 renun\u021b\u0103 la grev\u0103. Au ob\u021binut promisiuni pentru tichete de mas\u0103 \u0219i vouchere de vacan\u021b\u0103\"}]},{\"@type\":\"WebSite\",\"@id\":\"https:\\\/\\\/urbeamea.ro\\\/albaiulia\\\/#website\",\"url\":\"https:\\\/\\\/urbeamea.ro\\\/albaiulia\\\/\",\"name\":\"Revista Urbea Mea, Stiri urbane\",\"description\":\"Evenimente \u0219i \u0219tiri din Alba Iulia, Sebe\u0219, Aiud, Blaj\",\"potentialAction\":[{\"@type\":\"SearchAction\",\"target\":{\"@type\":\"EntryPoint\",\"urlTemplate\":\"https:\\\/\\\/urbeamea.ro\\\/albaiulia\\\/?s={search_term_string}\"},\"query-input\":{\"@type\":\"PropertyValueSpecification\",\"valueRequired\":true,\"valueName\":\"search_term_string\"}}],\"inLanguage\":\"ro-RO\"},{\"@type\":\"Person\",\"@id\":\"https:\\\/\\\/urbeamea.ro\\\/albaiulia\\\/#\\\/schema\\\/person\\\/cfaa27fc3da4a9a2cf2fee3650afc5d0\",\"name\":\"Adriana Avram\",\"image\":{\"@type\":\"ImageObject\",\"inLanguage\":\"ro-RO\",\"@id\":\"https:\\\/\\\/secure.gravatar.com\\\/avatar\\\/3cc61eb1584088e0099c1763903a6421c5ce6cdf45fc2d424046dc621efc21f9?s=96&d=mm&r=g\",\"url\":\"https:\\\/\\\/secure.gravatar.com\\\/avatar\\\/3cc61eb1584088e0099c1763903a6421c5ce6cdf45fc2d424046dc621efc21f9?s=96&d=mm&r=g\",\"contentUrl\":\"https:\\\/\\\/secure.gravatar.com\\\/avatar\\\/3cc61eb1584088e0099c1763903a6421c5ce6cdf45fc2d424046dc621efc21f9?s=96&d=mm&r=g\",\"caption\":\"Adriana Avram\"},\"description\":\"Jurnalist\",\"sameAs\":[\"https:\\\/\\\/www.facebook.com\\\/avram.adriana.7?fref=ts\"],\"url\":\"https:\\\/\\\/urbeamea.ro\\\/albaiulia\\\/author\\\/adriana-avram\\\/\"}]}<\/script>\n<!-- \/ Yoast SEO plugin. -->","yoast_head_json":{"title":"Sindicali\u0219tii din administra\u021bia public\u0103 renun\u021b\u0103 la grev\u0103. Au ob\u021binut promisiuni pentru tichete de mas\u0103 \u0219i vouchere de vacan\u021b\u0103 - Revista Urbea Mea - Revista de Alba","description":"Dup\u0103 ce \u00een mai multe r\u00e2nduri sindicali\u0219tii din administra\u021bia public\u0103 au \u00eentrerupt activitatea din institu\u021bii pentru a atrage aten\u021bia asupra unor","robots":{"index":"index","follow":"follow","max-snippet":"max-snippet:-1","max-image-preview":"max-image-preview:large","max-video-preview":"max-video-preview:-1"},"canonical":"https:\/\/urbeamea.ro\/albaiulia\/sindicalistii-din-administratia-publica-renunta-la-greva-au-obtinut-promisiuni-pentru-tichete-de-masa-si-vouchere-de-vacanta\/","twitter_card":"summary_large_image","twitter_title":"Sindicali\u0219tii din administra\u021bia public\u0103 renun\u021b\u0103 la grev\u0103. Au ob\u021binut promisiuni pentru tichete de mas\u0103 \u0219i vouchere de vacan\u021b\u0103 - Revista Urbea Mea - Revista de Alba","twitter_description":"Dup\u0103 ce \u00een mai multe r\u00e2nduri sindicali\u0219tii din administra\u021bia public\u0103 au \u00eentrerupt activitatea din institu\u021bii pentru a atrage aten\u021bia asupra unor","twitter_image":"https:\/\/urbeamea.ro\/albaiulia\/wp-content\/uploads\/2016\/07\/ghiseu.jpg","twitter_creator":"@urbeameaweb","twitter_site":"@urbeameaweb","schema":{"@context":"https:\/\/schema.org","@graph":[{"@type":"Article","@id":"https:\/\/urbeamea.ro\/albaiulia\/sindicalistii-din-administratia-publica-renunta-la-greva-au-obtinut-promisiuni-pentru-tichete-de-masa-si-vouchere-de-vacanta\/#article","isPartOf":{"@id":"https:\/\/urbeamea.ro\/albaiulia\/sindicalistii-din-administratia-publica-renunta-la-greva-au-obtinut-promisiuni-pentru-tichete-de-masa-si-vouchere-de-vacanta\/"},"author":{"name":"Adriana Avram","@id":"https:\/\/urbeamea.ro\/albaiulia\/#\/schema\/person\/cfaa27fc3da4a9a2cf2fee3650afc5d0"},"headline":"Sindicali\u0219tii din administra\u021bia public\u0103 renun\u021b\u0103 la grev\u0103. Au ob\u021binut promisiuni pentru tichete de mas\u0103 \u0219i vouchere de vacan\u021b\u0103","datePublished":"2016-07-18T16:15:57+00:00","mainEntityOfPage":{"@id":"https:\/\/urbeamea.ro\/albaiulia\/sindicalistii-din-administratia-publica-renunta-la-greva-au-obtinut-promisiuni-pentru-tichete-de-masa-si-vouchere-de-vacanta\/"},"wordCount":191,"commentCount":0,"image":{"@id":"https:\/\/urbeamea.ro\/albaiulia\/sindicalistii-din-administratia-publica-renunta-la-greva-au-obtinut-promisiuni-pentru-tichete-de-masa-si-vouchere-de-vacanta\/#primaryimage"},"thumbnailUrl":"https:\/\/urbeamea.ro\/albaiulia\/wp-content\/uploads\/2016\/07\/ghiseu.jpg","keywords":["activitate","administratie","conflict","greva","guvern","protest","salarii","sindicalisti","sindicat","tichete de masa","vacanta","vicepremier","voucher"],"articleSection":["Administra\u021bie","Social"],"inLanguage":"ro-RO","potentialAction":[{"@type":"CommentAction","name":"Comment","target":["https:\/\/urbeamea.ro\/albaiulia\/sindicalistii-din-administratia-publica-renunta-la-greva-au-obtinut-promisiuni-pentru-tichete-de-masa-si-vouchere-de-vacanta\/#respond"]}]},{"@type":"WebPage","@id":"https:\/\/urbeamea.ro\/albaiulia\/sindicalistii-din-administratia-publica-renunta-la-greva-au-obtinut-promisiuni-pentru-tichete-de-masa-si-vouchere-de-vacanta\/","url":"https:\/\/urbeamea.ro\/albaiulia\/sindicalistii-din-administratia-publica-renunta-la-greva-au-obtinut-promisiuni-pentru-tichete-de-masa-si-vouchere-de-vacanta\/","name":"Sindicali\u0219tii din administra\u021bia public\u0103 renun\u021b\u0103 la grev\u0103. Au ob\u021binut promisiuni pentru tichete de mas\u0103 \u0219i vouchere de vacan\u021b\u0103 - Revista Urbea Mea - Revista de Alba","isPartOf":{"@id":"https:\/\/urbeamea.ro\/albaiulia\/#website"},"primaryImageOfPage":{"@id":"https:\/\/urbeamea.ro\/albaiulia\/sindicalistii-din-administratia-publica-renunta-la-greva-au-obtinut-promisiuni-pentru-tichete-de-masa-si-vouchere-de-vacanta\/#primaryimage"},"image":{"@id":"https:\/\/urbeamea.ro\/albaiulia\/sindicalistii-din-administratia-publica-renunta-la-greva-au-obtinut-promisiuni-pentru-tichete-de-masa-si-vouchere-de-vacanta\/#primaryimage"},"thumbnailUrl":"https:\/\/urbeamea.ro\/albaiulia\/wp-content\/uploads\/2016\/07\/ghiseu.jpg","datePublished":"2016-07-18T16:15:57+00:00","author":{"@id":"https:\/\/urbeamea.ro\/albaiulia\/#\/schema\/person\/cfaa27fc3da4a9a2cf2fee3650afc5d0"},"description":"Dup\u0103 ce \u00een mai multe r\u00e2nduri sindicali\u0219tii din administra\u021bia public\u0103 au \u00eentrerupt activitatea din institu\u021bii pentru a atrage aten\u021bia asupra unor","breadcrumb":{"@id":"https:\/\/urbeamea.ro\/albaiulia\/sindicalistii-din-administratia-publica-renunta-la-greva-au-obtinut-promisiuni-pentru-tichete-de-masa-si-vouchere-de-vacanta\/#breadcrumb"},"inLanguage":"ro-RO","potentialAction":[{"@type":"ReadAction","target":["https:\/\/urbeamea.ro\/albaiulia\/sindicalistii-din-administratia-publica-renunta-la-greva-au-obtinut-promisiuni-pentru-tichete-de-masa-si-vouchere-de-vacanta\/"]}]},{"@type":"ImageObject","inLanguage":"ro-RO","@id":"https:\/\/urbeamea.ro\/albaiulia\/sindicalistii-din-administratia-publica-renunta-la-greva-au-obtinut-promisiuni-pentru-tichete-de-masa-si-vouchere-de-vacanta\/#primaryimage","url":"https:\/\/urbeamea.ro\/albaiulia\/wp-content\/uploads\/2016\/07\/ghiseu.jpg","contentUrl":"https:\/\/urbeamea.ro\/albaiulia\/wp-content\/uploads\/2016\/07\/ghiseu.jpg","width":287,"height":176},{"@type":"BreadcrumbList","@id":"https:\/\/urbeamea.ro\/albaiulia\/sindicalistii-din-administratia-publica-renunta-la-greva-au-obtinut-promisiuni-pentru-tichete-de-masa-si-vouchere-de-vacanta\/#breadcrumb","itemListElement":[{"@type":"ListItem","position":1,"name":"Prima pagin\u0103","item":"https:\/\/urbeamea.ro\/albaiulia\/"},{"@type":"ListItem","position":2,"name":"Sindicali\u0219tii din administra\u021bia public\u0103 renun\u021b\u0103 la grev\u0103. Au ob\u021binut promisiuni pentru tichete de mas\u0103 \u0219i vouchere de vacan\u021b\u0103"}]},{"@type":"WebSite","@id":"https:\/\/urbeamea.ro\/albaiulia\/#website","url":"https:\/\/urbeamea.ro\/albaiulia\/","name":"Revista Urbea Mea, Stiri urbane","description":"Evenimente \u0219i \u0219tiri din Alba Iulia, Sebe\u0219, Aiud, Blaj","potentialAction":[{"@type":"SearchAction","target":{"@type":"EntryPoint","urlTemplate":"https:\/\/urbeamea.ro\/albaiulia\/?s={search_term_string}"},"query-input":{"@type":"PropertyValueSpecification","valueRequired":true,"valueName":"search_term_string"}}],"inLanguage":"ro-RO"},{"@type":"Person","@id":"https:\/\/urbeamea.ro\/albaiulia\/#\/schema\/person\/cfaa27fc3da4a9a2cf2fee3650afc5d0","name":"Adriana Avram","image":{"@type":"ImageObject","inLanguage":"ro-RO","@id":"https:\/\/secure.gravatar.com\/avatar\/3cc61eb1584088e0099c1763903a6421c5ce6cdf45fc2d424046dc621efc21f9?s=96&d=mm&r=g","url":"https:\/\/secure.gravatar.com\/avatar\/3cc61eb1584088e0099c1763903a6421c5ce6cdf45fc2d424046dc621efc21f9?s=96&d=mm&r=g","contentUrl":"https:\/\/secure.gravatar.com\/avatar\/3cc61eb1584088e0099c1763903a6421c5ce6cdf45fc2d424046dc621efc21f9?s=96&d=mm&r=g","caption":"Adriana Avram"},"description":"Jurnalist","sameAs":["https:\/\/www.facebook.com\/avram.adriana.7?fref=ts"],"url":"https:\/\/urbeamea.ro\/albaiulia\/author\/adriana-avram\/"}]}},"_links":{"self":[{"href":"https:\/\/urbeamea.ro\/albaiulia\/wp-json\/wp\/v2\/posts\/28660","targetHints":{"allow":["GET"]}}],"collection":[{"href":"https:\/\/urbeamea.ro\/albaiulia\/wp-json\/wp\/v2\/posts"}],"about":[{"href":"https:\/\/urbeamea.ro\/albaiulia\/wp-json\/wp\/v2\/types\/post"}],"author":[{"embeddable":true,"href":"https:\/\/urbeamea.ro\/albaiulia\/wp-json\/wp\/v2\/users\/20"}],"replies":[{"embeddable":true,"href":"https:\/\/urbeamea.ro\/albaiulia\/wp-json\/wp\/v2\/comments?post=28660"}],"version-history":[{"count":0,"href":"https:\/\/urbeamea.ro\/albaiulia\/wp-json\/wp\/v2\/posts\/28660\/revisions"}],"wp:featuredmedia":[{"embeddable":true,"href":"https:\/\/urbeamea.ro\/albaiulia\/wp-json\/wp\/v2\/media\/28661"}],"wp:attachment":[{"href":"https:\/\/urbeamea.ro\/albaiulia\/wp-json\/wp\/v2\/media?parent=28660"}],"wp:term":[{"taxonomy":"category","embeddable":true,"href":"https:\/\/urbeamea.ro\/albaiulia\/wp-json\/wp\/v2\/categories?post=28660"},{"taxonomy":"post_tag","embeddable":true,"href":"https:\/\/urbeamea.ro\/albaiulia\/wp-json\/wp\/v2\/tags?post=28660"}],"curies":[{"name":"wp","href":"https:\/\/api.w.org\/{rel}","templated":true}]}}