{"id":28692,"date":"2016-07-20T09:00:36","date_gmt":"2016-07-20T06:00:36","guid":{"rendered":"http:\/\/urbeamea.ro\/albaiulia\/?p=28692"},"modified":"2016-07-19T23:34:47","modified_gmt":"2016-07-19T20:34:47","slug":"adr-centru-prima-intalnire-regionala-organizata-de-adr-centru-privind-modul-de-implementare-al-axei-prioritare-1-promovarea-transferului-tehnologic","status":"publish","type":"post","link":"https:\/\/urbeamea.ro\/albaiulia\/adr-centru-prima-intalnire-regionala-organizata-de-adr-centru-privind-modul-de-implementare-al-axei-prioritare-1-promovarea-transferului-tehnologic\/","title":{"rendered":"ADR Centru: Prima \u00eent\u00e2lnire regional\u0103 organizat\u0103 de ADR Centru privind modul de implementare al Axei Prioritare 1 \u2013 Promovarea transferului tehnologic"},"content":{"rendered":"<p><strong><img loading=\"lazy\" decoding=\"async\" class=\"size-medium wp-image-28697 alignleft\" src=\"http:\/\/urbeamea.ro\/albaiulia\/wp-content\/uploads\/2016\/07\/Foto-5-300x175.jpg\" alt=\"Foto-5\" width=\"300\" height=\"175\" \/>Peste 70 de speciali\u0219ti au participat mar\u021bii, 19 iulie, la prima \u00eent\u00e2lnire de lucru organizat\u0103 la nivel regional de Agen\u021bia pentru Dezvoltare Regional\u0103 Centru, la Hotel Parc din Alba Iulia, pentru dezbaterea modului de implementare al Axei Prioritare 1 \u2013 Promovarea transferului tehnologic prin POR 2014-2020, la nivelul Regiunii Centru. Prin intermediul acestei Axe Prioritare se vor finan\u021ba activit\u0103\u021bile specifice pentru dezvoltarea entit\u0103\u021bilor de inovare \u015fi transfer tehnologic, implicit \u0219i a centrelor de competen\u021b\u0103, \u00een concordan\u0163\u0103 cu Strategia Na\u021bional\u0103 de Cercetare, Dezvoltare \u0219i Inovare (SNCDI) \u015fi a documentelor regionale de specializare inteligent\u0103.<\/strong><\/p>\n<p>\u00cen cadrul acestei \u00eent\u00e2lniri de lucru au fost prezen\u021bi reprezentan\u021bii administra\u021biei publice locale, de la nivel jude\u021bean \u0219i municipal, ai universit\u0103\u021bilor, dar \u0219i ai structurilor de inovare \u0219i transfer tehnologic (ITT) acreditate, sau care vor fi acreditate p\u00e2n\u0103 la finalizarea proiectelor, ai parcurilor \u0219tiin\u021bifice \u0219i tehnologice acreditate conform legisla\u021biei \u00een vigoare, c\u00e2t \u0219i cele care se vor \u00eenfiin\u021ba. Inclusiv IMM-urile care ar putea dezvolta parteneriate cu ITT au fost reprezentate la \u00eent\u00e2lnirea de la Alba Iulia, al\u0103turi de exper\u021bii ADR Centru. Pentru Prioritatea de Investi\u021bii 1.1 din cadrul POR 2014-2020, Regiunea Centru dispune de o alocare financiar\u0103 de 29,10 milioane euro, din care 24,26 milioane euro din FEDR \u0219i 4,84 milioane euro contribu\u021bie na\u021bional\u0103.<\/p>\n<p>Programul Opera\u021bional Regional 2014-2020, acord\u0103 sprijin, prin intermediul acestei Axe Prioritare, pentru investi\u021bii \u00een:<\/p>\n<ul>\n<li>crearea \u015fi dezvoltarea infrastructurilor de inovare \u0219i transfer tehnologic (ITT), inclusiv parcuri \u0219tiin\u021bifice \u0219i tehnologice, respectiv construc\u0163ia, modernizarea, extinderea \u015fi dotarea cu echipamente \u0219i software necesare;<\/li>\n<li>achizi\u021bionarea de servicii tehnologice specifice, inclusiv consultan\u021b\u0103 specializat\u0103 \u00een afaceri;<\/li>\n<li>investi\u0163ii pentru IMM \u00een vederea implement\u0103rii unui rezultat al cercet\u0103rii \u2013 inov\u0103rii \u00een parteneriat cu un ITT.<\/li>\n<\/ul>\n<p>\u00cen cadrul \u00eent\u00e2lnirii de lucru au fost discutate aspecte referitoare la modul de implementare al acestei Axe Prioritare, identificarea \u0219i analizarea posibilelor inten\u021bii de proiecte de la nivel regional, precum \u0219i aspecte referitoare la planul de lucru \u0219i modul de elaborare al Concept Note-ului regional. Ata\u0219at acestui material reg\u0103si\u021bi prezent\u0103rile sus\u021binute de exper\u021bii ADR Centru \u00een cadrul \u00eent\u00e2lnirii de lucru din 19 iulie.<\/p>\n<p>Implementarea acestei Axe Prioritare se va realiza prin parcurgerea mai multor etape, una dintre cele mai importante fiind elaborarea de c\u0103tre ADR Centru a Documentului Cadru pentru Strategia de Cercetare \u0219i Inovare Regional\u0103 pentru Specializare Inteligent\u0103 (Concept Note-ul Regional). Acest document va fi realizat printr-un larg parteneriat cu actorii relevan\u0163i ai autorit\u0103\u021bilor publice locale, ai mediului academic, institutelor de cercetare, entit\u0103\u0163ilor de transfer tehnologic, mediului de afaceri etc., o mare parte dintre ace\u0219tia prezen\u021bi la seminarul de azi. Astfel, \u00een cel mai scurt timp, la nivel regional va fi creat un Consor\u021biu Regional de Inovare (CRI), care va fi o structur\u0103 consultativ\u0103, f\u0103r\u0103 personalitate juridic\u0103, coordonat de ADR Centru \u0219i care va avea rol at\u00e2t \u00een avizarea Concept Note-ului, realizarea portofoliului de proiecte aferent, c\u00e2t \u0219i \u00een monitorizarea strategiei de specializare inteligent\u0103.<\/p>\n<p>\u00cen urma actualiz\u0103rii Strategiei de Specializare Inteligent\u0103 a Regiunii Centru, Concept Note-ul regional va reflecta, \u00een rezumat, prevederile acesteia, respectiv va fundamenta domeniile de specializare inteligent\u0103, \u00een sensul orient\u0103rii acestora c\u0103tre sectoare economice clare \u0219i c\u0103tre anumite tipuri de servicii. Ulterior, structura partenerial\u0103 care va elabora Concept Note-ul (CRI) va realiza o prioritizare a proiectelor conform informa\u021biilor din scrisorile de inten\u0163ii, colectate la nivel regional. La nivel na\u021bional se va realiza corelarea \u0219i coordonarea tipurilor de interven\u021bii previzionate la nivel regional, urm\u00e2nd ca, \u00een final s\u0103 aib\u0103 loc depunerea cererilor de finan\u0163are de c\u0103tre ITT, prin procedura standard de depunere a POR 2014-2020, la nivel regional.<\/p>\n<p>Alocarea fondurilor \u00een cadrul contractelor de finan\u021bare cu ITT va fi realizat\u0103 \u00een mod etapizat, \u00een func\u021bie de atingerea \u021bintelor intermediare a indicatorilor propu\u0219i \u00een cadrul proiectului.<\/p>\n<div id='gallery-1' class='gallery galleryid-28692 gallery-columns-3 gallery-size-thumbnail'><figure class='gallery-item'>\n\t\t\t<div class='gallery-icon landscape'>\n\t\t\t\t<a href='https:\/\/urbeamea.ro\/albaiulia\/wp-content\/uploads\/2016\/07\/Foto-1.jpg'><img decoding=\"async\" width=\"150\" height=\"80\" src=\"data:image\/png;base64,iVBORw0KGgoAAAANSUhEUgAAAYYAAADcAQMAAABOLJSDAAAAA1BMVEUAAACnej3aAAAAAXRSTlMAQObYZgAAACJJREFUaIHtwTEBAAAAwqD1T20ND6AAAAAAAAAAAAAA4N8AKvgAAUFIrrEAAAAASUVORK5CYII=\" class=\"attachment-thumbnail size-thumbnail lazy-img\" alt=\"\" srcset=\"https:\/\/urbeamea.ro\/albaiulia\/wp-content\/uploads\/2016\/07\/Foto-1-150x80.jpg 150w, https:\/\/urbeamea.ro\/albaiulia\/wp-content\/uploads\/2016\/07\/Foto-1-300x160.jpg 300w, https:\/\/urbeamea.ro\/albaiulia\/wp-content\/uploads\/2016\/07\/Foto-1-768x409.jpg 768w, https:\/\/urbeamea.ro\/albaiulia\/wp-content\/uploads\/2016\/07\/Foto-1-1024x546.jpg 1024w, https:\/\/urbeamea.ro\/albaiulia\/wp-content\/uploads\/2016\/07\/Foto-1.jpg 1205w\" sizes=\"auto, (max-width: 150px) 100vw, 150px\" data-src=\"https:\/\/urbeamea.ro\/albaiulia\/wp-content\/uploads\/2016\/07\/Foto-1-150x80.jpg\" loading=\"lazy\" \/><\/a>\n\t\t\t<\/div><\/figure><figure class='gallery-item'>\n\t\t\t<div class='gallery-icon landscape'>\n\t\t\t\t<a href='https:\/\/urbeamea.ro\/albaiulia\/wp-content\/uploads\/2016\/07\/Foto-2.jpg'><img decoding=\"async\" width=\"150\" height=\"84\" src=\"data:image\/png;base64,iVBORw0KGgoAAAANSUhEUgAAAYYAAADcAQMAAABOLJSDAAAAA1BMVEUAAACnej3aAAAAAXRSTlMAQObYZgAAACJJREFUaIHtwTEBAAAAwqD1T20ND6AAAAAAAAAAAAAA4N8AKvgAAUFIrrEAAAAASUVORK5CYII=\" class=\"attachment-thumbnail size-thumbnail lazy-img\" alt=\"\" srcset=\"https:\/\/urbeamea.ro\/albaiulia\/wp-content\/uploads\/2016\/07\/Foto-2-150x84.jpg 150w, https:\/\/urbeamea.ro\/albaiulia\/wp-content\/uploads\/2016\/07\/Foto-2-300x167.jpg 300w, https:\/\/urbeamea.ro\/albaiulia\/wp-content\/uploads\/2016\/07\/Foto-2-768x428.jpg 768w, https:\/\/urbeamea.ro\/albaiulia\/wp-content\/uploads\/2016\/07\/Foto-2-1024x571.jpg 1024w, https:\/\/urbeamea.ro\/albaiulia\/wp-content\/uploads\/2016\/07\/Foto-2-819x452.jpg 819w, https:\/\/urbeamea.ro\/albaiulia\/wp-content\/uploads\/2016\/07\/Foto-2.jpg 1280w\" sizes=\"auto, (max-width: 150px) 100vw, 150px\" data-src=\"https:\/\/urbeamea.ro\/albaiulia\/wp-content\/uploads\/2016\/07\/Foto-2-150x84.jpg\" loading=\"lazy\" \/><\/a>\n\t\t\t<\/div><\/figure><figure class='gallery-item'>\n\t\t\t<div class='gallery-icon landscape'>\n\t\t\t\t<a href='https:\/\/urbeamea.ro\/albaiulia\/wp-content\/uploads\/2016\/07\/Foto-3.jpg'><img decoding=\"async\" width=\"150\" height=\"83\" src=\"data:image\/png;base64,iVBORw0KGgoAAAANSUhEUgAAAYYAAADcAQMAAABOLJSDAAAAA1BMVEUAAACnej3aAAAAAXRSTlMAQObYZgAAACJJREFUaIHtwTEBAAAAwqD1T20ND6AAAAAAAAAAAAAA4N8AKvgAAUFIrrEAAAAASUVORK5CYII=\" class=\"attachment-thumbnail size-thumbnail lazy-img\" alt=\"\" srcset=\"https:\/\/urbeamea.ro\/albaiulia\/wp-content\/uploads\/2016\/07\/Foto-3-150x83.jpg 150w, https:\/\/urbeamea.ro\/albaiulia\/wp-content\/uploads\/2016\/07\/Foto-3-300x167.jpg 300w, https:\/\/urbeamea.ro\/albaiulia\/wp-content\/uploads\/2016\/07\/Foto-3-768x427.jpg 768w, https:\/\/urbeamea.ro\/albaiulia\/wp-content\/uploads\/2016\/07\/Foto-3-1024x570.jpg 1024w, https:\/\/urbeamea.ro\/albaiulia\/wp-content\/uploads\/2016\/07\/Foto-3-819x452.jpg 819w, https:\/\/urbeamea.ro\/albaiulia\/wp-content\/uploads\/2016\/07\/Foto-3.jpg 1098w\" sizes=\"auto, (max-width: 150px) 100vw, 150px\" data-src=\"https:\/\/urbeamea.ro\/albaiulia\/wp-content\/uploads\/2016\/07\/Foto-3-150x83.jpg\" loading=\"lazy\" \/><\/a>\n\t\t\t<\/div><\/figure><figure class='gallery-item'>\n\t\t\t<div class='gallery-icon landscape'>\n\t\t\t\t<a href='https:\/\/urbeamea.ro\/albaiulia\/wp-content\/uploads\/2016\/07\/Foto-4.jpg'><img decoding=\"async\" width=\"150\" height=\"61\" src=\"data:image\/png;base64,iVBORw0KGgoAAAANSUhEUgAAAYYAAADcAQMAAABOLJSDAAAAA1BMVEUAAACnej3aAAAAAXRSTlMAQObYZgAAACJJREFUaIHtwTEBAAAAwqD1T20ND6AAAAAAAAAAAAAA4N8AKvgAAUFIrrEAAAAASUVORK5CYII=\" class=\"attachment-thumbnail size-thumbnail lazy-img\" alt=\"\" srcset=\"https:\/\/urbeamea.ro\/albaiulia\/wp-content\/uploads\/2016\/07\/Foto-4-150x61.jpg 150w, https:\/\/urbeamea.ro\/albaiulia\/wp-content\/uploads\/2016\/07\/Foto-4-300x122.jpg 300w, https:\/\/urbeamea.ro\/albaiulia\/wp-content\/uploads\/2016\/07\/Foto-4-768x311.jpg 768w, https:\/\/urbeamea.ro\/albaiulia\/wp-content\/uploads\/2016\/07\/Foto-4-1024x415.jpg 1024w, https:\/\/urbeamea.ro\/albaiulia\/wp-content\/uploads\/2016\/07\/Foto-4.jpg 1204w\" sizes=\"auto, (max-width: 150px) 100vw, 150px\" data-src=\"https:\/\/urbeamea.ro\/albaiulia\/wp-content\/uploads\/2016\/07\/Foto-4-150x61.jpg\" loading=\"lazy\" \/><\/a>\n\t\t\t<\/div><\/figure><figure class='gallery-item'>\n\t\t\t<div class='gallery-icon landscape'>\n\t\t\t\t<a href='https:\/\/urbeamea.ro\/albaiulia\/wp-content\/uploads\/2016\/07\/Foto-5.jpg'><img decoding=\"async\" width=\"150\" height=\"88\" src=\"data:image\/png;base64,iVBORw0KGgoAAAANSUhEUgAAAYYAAADcAQMAAABOLJSDAAAAA1BMVEUAAACnej3aAAAAAXRSTlMAQObYZgAAACJJREFUaIHtwTEBAAAAwqD1T20ND6AAAAAAAAAAAAAA4N8AKvgAAUFIrrEAAAAASUVORK5CYII=\" class=\"attachment-thumbnail size-thumbnail lazy-img\" alt=\"\" srcset=\"https:\/\/urbeamea.ro\/albaiulia\/wp-content\/uploads\/2016\/07\/Foto-5-150x88.jpg 150w, https:\/\/urbeamea.ro\/albaiulia\/wp-content\/uploads\/2016\/07\/Foto-5-640x373.jpg 640w, https:\/\/urbeamea.ro\/albaiulia\/wp-content\/uploads\/2016\/07\/Foto-5-768x448.jpg 768w, https:\/\/urbeamea.ro\/albaiulia\/wp-content\/uploads\/2016\/07\/Foto-5-1024x597.jpg 1024w, https:\/\/urbeamea.ro\/albaiulia\/wp-content\/uploads\/2016\/07\/Foto-5.jpg 1234w\" sizes=\"auto, (max-width: 150px) 100vw, 150px\" data-src=\"https:\/\/urbeamea.ro\/albaiulia\/wp-content\/uploads\/2016\/07\/Foto-5-150x88.jpg\" loading=\"lazy\" \/><\/a>\n\t\t\t<\/div><\/figure><figure class='gallery-item'>\n\t\t\t<div class='gallery-icon landscape'>\n\t\t\t\t<a href='https:\/\/urbeamea.ro\/albaiulia\/wp-content\/uploads\/2016\/07\/Foto-6.jpg'><img decoding=\"async\" width=\"150\" height=\"75\" src=\"data:image\/png;base64,iVBORw0KGgoAAAANSUhEUgAAAYYAAADcAQMAAABOLJSDAAAAA1BMVEUAAACnej3aAAAAAXRSTlMAQObYZgAAACJJREFUaIHtwTEBAAAAwqD1T20ND6AAAAAAAAAAAAAA4N8AKvgAAUFIrrEAAAAASUVORK5CYII=\" class=\"attachment-thumbnail size-thumbnail lazy-img\" alt=\"\" srcset=\"https:\/\/urbeamea.ro\/albaiulia\/wp-content\/uploads\/2016\/07\/Foto-6-150x75.jpg 150w, https:\/\/urbeamea.ro\/albaiulia\/wp-content\/uploads\/2016\/07\/Foto-6-300x150.jpg 300w, https:\/\/urbeamea.ro\/albaiulia\/wp-content\/uploads\/2016\/07\/Foto-6-768x383.jpg 768w, https:\/\/urbeamea.ro\/albaiulia\/wp-content\/uploads\/2016\/07\/Foto-6-1024x511.jpg 1024w, https:\/\/urbeamea.ro\/albaiulia\/wp-content\/uploads\/2016\/07\/Foto-6.jpg 1230w\" sizes=\"auto, (max-width: 150px) 100vw, 150px\" data-src=\"https:\/\/urbeamea.ro\/albaiulia\/wp-content\/uploads\/2016\/07\/Foto-6-150x75.jpg\" loading=\"lazy\" \/><\/a>\n\t\t\t<\/div><\/figure>\n\t\t<\/div>\n\n","protected":false},"excerpt":{"rendered":"<p>Peste 70 de speciali\u0219ti au participat mar\u021bii, 19 iulie, la prima \u00eent\u00e2lnire de lucru organizat\u0103 la nivel regional de Agen\u021bia pentru Dezvoltare Regional\u0103 Centru, la Hotel Parc din Alba Iulia, pentru dezbaterea modului de implementare al Axei Prioritare 1 \u2013 Promovarea transferului tehnologic prin POR 2014-2020, la nivelul Regiunii Centru. Prin intermediul acestei Axe Prioritare &hellip;<\/p>\n","protected":false},"author":16,"featured_media":28697,"comment_status":"open","ping_status":"open","sticky":false,"template":"","format":"standard","meta":{"inline_featured_image":false,"footnotes":""},"categories":[2034],"tags":[343,31,6411,1225,6409,3673,6410,1048,989,308,76],"class_list":["post-28692","post","type-post","status-publish","format-standard","has-post-thumbnail","hentry","category-social","tag-adr-centru","tag-alba-iulia","tag-decumente-regionale","tag-dezbatere","tag-entitati","tag-implementare","tag-inovare","tag-intalnire","tag-regiunea-centru","tag-stiri","tag-urbea-mea"],"yoast_head":"<!-- This site is optimized with the Yoast SEO plugin v27.4 - https:\/\/yoast.com\/product\/yoast-seo-wordpress\/ -->\n<title>ADR Centru: Prima \u00eent\u00e2lnire regional\u0103 organizat\u0103 de ADR Centru privind modul de implementare al Axei Prioritare 1 \u2013 Promovarea transferului tehnologic - Revista Urbea Mea - Revista de Alba<\/title>\n<meta name=\"description\" content=\"Peste 70 de speciali\u0219ti au participat mar\u021bii, 19 iulie, la prima \u00eent\u00e2lnire de lucru organizat\u0103 la nivel regional de Agen\u021bia pentru Dezvoltare Regional\u0103\" \/>\n<meta name=\"robots\" content=\"index, follow, max-snippet:-1, max-image-preview:large, max-video-preview:-1\" \/>\n<link rel=\"canonical\" href=\"https:\/\/urbeamea.ro\/albaiulia\/adr-centru-prima-intalnire-regionala-organizata-de-adr-centru-privind-modul-de-implementare-al-axei-prioritare-1-promovarea-transferului-tehnologic\/\" \/>\n<meta name=\"twitter:card\" content=\"summary_large_image\" \/>\n<meta name=\"twitter:title\" content=\"ADR Centru: Prima \u00eent\u00e2lnire regional\u0103 organizat\u0103 de ADR Centru privind modul de implementare al Axei Prioritare 1 \u2013 Promovarea transferului tehnologic - Revista Urbea Mea - Revista de Alba\" \/>\n<meta name=\"twitter:description\" content=\"Peste 70 de speciali\u0219ti au participat mar\u021bii, 19 iulie, la prima \u00eent\u00e2lnire de lucru organizat\u0103 la nivel regional de Agen\u021bia pentru Dezvoltare Regional\u0103\" \/>\n<meta name=\"twitter:image\" content=\"https:\/\/urbeamea.ro\/albaiulia\/wp-content\/uploads\/2016\/07\/Foto-5.jpg\" \/>\n<meta name=\"twitter:creator\" content=\"@urbeameaweb\" \/>\n<meta name=\"twitter:site\" content=\"@urbeameaweb\" \/>\n<script type=\"application\/ld+json\" class=\"yoast-schema-graph\">{\"@context\":\"https:\\\/\\\/schema.org\",\"@graph\":[{\"@type\":\"Article\",\"@id\":\"https:\\\/\\\/urbeamea.ro\\\/albaiulia\\\/adr-centru-prima-intalnire-regionala-organizata-de-adr-centru-privind-modul-de-implementare-al-axei-prioritare-1-promovarea-transferului-tehnologic\\\/#article\",\"isPartOf\":{\"@id\":\"https:\\\/\\\/urbeamea.ro\\\/albaiulia\\\/adr-centru-prima-intalnire-regionala-organizata-de-adr-centru-privind-modul-de-implementare-al-axei-prioritare-1-promovarea-transferului-tehnologic\\\/\"},\"author\":{\"name\":\"Redac\u021bia UrbeaMea\",\"@id\":\"https:\\\/\\\/urbeamea.ro\\\/albaiulia\\\/#\\\/schema\\\/person\\\/272ae98052f8ee8980f59848df070247\"},\"headline\":\"ADR Centru: Prima \u00eent\u00e2lnire regional\u0103 organizat\u0103 de ADR Centru privind modul de implementare al Axei Prioritare 1 \u2013 Promovarea transferului tehnologic\",\"datePublished\":\"2016-07-20T06:00:36+00:00\",\"mainEntityOfPage\":{\"@id\":\"https:\\\/\\\/urbeamea.ro\\\/albaiulia\\\/adr-centru-prima-intalnire-regionala-organizata-de-adr-centru-privind-modul-de-implementare-al-axei-prioritare-1-promovarea-transferului-tehnologic\\\/\"},\"wordCount\":682,\"commentCount\":0,\"image\":{\"@id\":\"https:\\\/\\\/urbeamea.ro\\\/albaiulia\\\/adr-centru-prima-intalnire-regionala-organizata-de-adr-centru-privind-modul-de-implementare-al-axei-prioritare-1-promovarea-transferului-tehnologic\\\/#primaryimage\"},\"thumbnailUrl\":\"https:\\\/\\\/urbeamea.ro\\\/albaiulia\\\/wp-content\\\/uploads\\\/2016\\\/07\\\/Foto-5.jpg\",\"keywords\":[\"ADR Centru\",\"Alba Iulia\",\"decumente regionale\",\"dezbatere\",\"entitati\",\"implementare\",\"inovare\",\"intalnire\",\"regiunea centru\",\"stiri\",\"Urbea Mea\"],\"articleSection\":[\"Social\"],\"inLanguage\":\"ro-RO\",\"potentialAction\":[{\"@type\":\"CommentAction\",\"name\":\"Comment\",\"target\":[\"https:\\\/\\\/urbeamea.ro\\\/albaiulia\\\/adr-centru-prima-intalnire-regionala-organizata-de-adr-centru-privind-modul-de-implementare-al-axei-prioritare-1-promovarea-transferului-tehnologic\\\/#respond\"]}]},{\"@type\":\"WebPage\",\"@id\":\"https:\\\/\\\/urbeamea.ro\\\/albaiulia\\\/adr-centru-prima-intalnire-regionala-organizata-de-adr-centru-privind-modul-de-implementare-al-axei-prioritare-1-promovarea-transferului-tehnologic\\\/\",\"url\":\"https:\\\/\\\/urbeamea.ro\\\/albaiulia\\\/adr-centru-prima-intalnire-regionala-organizata-de-adr-centru-privind-modul-de-implementare-al-axei-prioritare-1-promovarea-transferului-tehnologic\\\/\",\"name\":\"ADR Centru: Prima \u00eent\u00e2lnire regional\u0103 organizat\u0103 de ADR Centru privind modul de implementare al Axei Prioritare 1 \u2013 Promovarea transferului tehnologic - Revista Urbea Mea - Revista de Alba\",\"isPartOf\":{\"@id\":\"https:\\\/\\\/urbeamea.ro\\\/albaiulia\\\/#website\"},\"primaryImageOfPage\":{\"@id\":\"https:\\\/\\\/urbeamea.ro\\\/albaiulia\\\/adr-centru-prima-intalnire-regionala-organizata-de-adr-centru-privind-modul-de-implementare-al-axei-prioritare-1-promovarea-transferului-tehnologic\\\/#primaryimage\"},\"image\":{\"@id\":\"https:\\\/\\\/urbeamea.ro\\\/albaiulia\\\/adr-centru-prima-intalnire-regionala-organizata-de-adr-centru-privind-modul-de-implementare-al-axei-prioritare-1-promovarea-transferului-tehnologic\\\/#primaryimage\"},\"thumbnailUrl\":\"https:\\\/\\\/urbeamea.ro\\\/albaiulia\\\/wp-content\\\/uploads\\\/2016\\\/07\\\/Foto-5.jpg\",\"datePublished\":\"2016-07-20T06:00:36+00:00\",\"author\":{\"@id\":\"https:\\\/\\\/urbeamea.ro\\\/albaiulia\\\/#\\\/schema\\\/person\\\/272ae98052f8ee8980f59848df070247\"},\"description\":\"Peste 70 de speciali\u0219ti au participat mar\u021bii, 19 iulie, la prima \u00eent\u00e2lnire de lucru organizat\u0103 la nivel regional de Agen\u021bia pentru Dezvoltare Regional\u0103\",\"breadcrumb\":{\"@id\":\"https:\\\/\\\/urbeamea.ro\\\/albaiulia\\\/adr-centru-prima-intalnire-regionala-organizata-de-adr-centru-privind-modul-de-implementare-al-axei-prioritare-1-promovarea-transferului-tehnologic\\\/#breadcrumb\"},\"inLanguage\":\"ro-RO\",\"potentialAction\":[{\"@type\":\"ReadAction\",\"target\":[\"https:\\\/\\\/urbeamea.ro\\\/albaiulia\\\/adr-centru-prima-intalnire-regionala-organizata-de-adr-centru-privind-modul-de-implementare-al-axei-prioritare-1-promovarea-transferului-tehnologic\\\/\"]}]},{\"@type\":\"ImageObject\",\"inLanguage\":\"ro-RO\",\"@id\":\"https:\\\/\\\/urbeamea.ro\\\/albaiulia\\\/adr-centru-prima-intalnire-regionala-organizata-de-adr-centru-privind-modul-de-implementare-al-axei-prioritare-1-promovarea-transferului-tehnologic\\\/#primaryimage\",\"url\":\"https:\\\/\\\/urbeamea.ro\\\/albaiulia\\\/wp-content\\\/uploads\\\/2016\\\/07\\\/Foto-5.jpg\",\"contentUrl\":\"https:\\\/\\\/urbeamea.ro\\\/albaiulia\\\/wp-content\\\/uploads\\\/2016\\\/07\\\/Foto-5.jpg\",\"width\":1234,\"height\":720},{\"@type\":\"BreadcrumbList\",\"@id\":\"https:\\\/\\\/urbeamea.ro\\\/albaiulia\\\/adr-centru-prima-intalnire-regionala-organizata-de-adr-centru-privind-modul-de-implementare-al-axei-prioritare-1-promovarea-transferului-tehnologic\\\/#breadcrumb\",\"itemListElement\":[{\"@type\":\"ListItem\",\"position\":1,\"name\":\"Prima pagin\u0103\",\"item\":\"https:\\\/\\\/urbeamea.ro\\\/albaiulia\\\/\"},{\"@type\":\"ListItem\",\"position\":2,\"name\":\"ADR Centru: Prima \u00eent\u00e2lnire regional\u0103 organizat\u0103 de ADR Centru privind modul de implementare al Axei Prioritare 1 \u2013 Promovarea transferului tehnologic\"}]},{\"@type\":\"WebSite\",\"@id\":\"https:\\\/\\\/urbeamea.ro\\\/albaiulia\\\/#website\",\"url\":\"https:\\\/\\\/urbeamea.ro\\\/albaiulia\\\/\",\"name\":\"Revista Urbea Mea, Stiri urbane\",\"description\":\"Evenimente \u0219i \u0219tiri din Alba Iulia, Sebe\u0219, Aiud, Blaj\",\"potentialAction\":[{\"@type\":\"SearchAction\",\"target\":{\"@type\":\"EntryPoint\",\"urlTemplate\":\"https:\\\/\\\/urbeamea.ro\\\/albaiulia\\\/?s={search_term_string}\"},\"query-input\":{\"@type\":\"PropertyValueSpecification\",\"valueRequired\":true,\"valueName\":\"search_term_string\"}}],\"inLanguage\":\"ro-RO\"},{\"@type\":\"Person\",\"@id\":\"https:\\\/\\\/urbeamea.ro\\\/albaiulia\\\/#\\\/schema\\\/person\\\/272ae98052f8ee8980f59848df070247\",\"name\":\"Redac\u021bia UrbeaMea\",\"image\":{\"@type\":\"ImageObject\",\"inLanguage\":\"ro-RO\",\"@id\":\"https:\\\/\\\/secure.gravatar.com\\\/avatar\\\/9ce5a9435071fa1037e8468053ead8e513dbbff59009d3069aadb85506d85a27?s=96&d=mm&r=g\",\"url\":\"https:\\\/\\\/secure.gravatar.com\\\/avatar\\\/9ce5a9435071fa1037e8468053ead8e513dbbff59009d3069aadb85506d85a27?s=96&d=mm&r=g\",\"contentUrl\":\"https:\\\/\\\/secure.gravatar.com\\\/avatar\\\/9ce5a9435071fa1037e8468053ead8e513dbbff59009d3069aadb85506d85a27?s=96&d=mm&r=g\",\"caption\":\"Redac\u021bia UrbeaMea\"},\"description\":\"contact@urbeamea.ro\",\"sameAs\":[\"https:\\\/\\\/www.urbeamea.ro\"],\"url\":\"https:\\\/\\\/urbeamea.ro\\\/albaiulia\\\/author\\\/redactia-urbeamea\\\/\"}]}<\/script>\n<!-- \/ Yoast SEO plugin. -->","yoast_head_json":{"title":"ADR Centru: Prima \u00eent\u00e2lnire regional\u0103 organizat\u0103 de ADR Centru privind modul de implementare al Axei Prioritare 1 \u2013 Promovarea transferului tehnologic - Revista Urbea Mea - Revista de Alba","description":"Peste 70 de speciali\u0219ti au participat mar\u021bii, 19 iulie, la prima \u00eent\u00e2lnire de lucru organizat\u0103 la nivel regional de Agen\u021bia pentru Dezvoltare Regional\u0103","robots":{"index":"index","follow":"follow","max-snippet":"max-snippet:-1","max-image-preview":"max-image-preview:large","max-video-preview":"max-video-preview:-1"},"canonical":"https:\/\/urbeamea.ro\/albaiulia\/adr-centru-prima-intalnire-regionala-organizata-de-adr-centru-privind-modul-de-implementare-al-axei-prioritare-1-promovarea-transferului-tehnologic\/","twitter_card":"summary_large_image","twitter_title":"ADR Centru: Prima \u00eent\u00e2lnire regional\u0103 organizat\u0103 de ADR Centru privind modul de implementare al Axei Prioritare 1 \u2013 Promovarea transferului tehnologic - Revista Urbea Mea - Revista de Alba","twitter_description":"Peste 70 de speciali\u0219ti au participat mar\u021bii, 19 iulie, la prima \u00eent\u00e2lnire de lucru organizat\u0103 la nivel regional de Agen\u021bia pentru Dezvoltare Regional\u0103","twitter_image":"https:\/\/urbeamea.ro\/albaiulia\/wp-content\/uploads\/2016\/07\/Foto-5.jpg","twitter_creator":"@urbeameaweb","twitter_site":"@urbeameaweb","schema":{"@context":"https:\/\/schema.org","@graph":[{"@type":"Article","@id":"https:\/\/urbeamea.ro\/albaiulia\/adr-centru-prima-intalnire-regionala-organizata-de-adr-centru-privind-modul-de-implementare-al-axei-prioritare-1-promovarea-transferului-tehnologic\/#article","isPartOf":{"@id":"https:\/\/urbeamea.ro\/albaiulia\/adr-centru-prima-intalnire-regionala-organizata-de-adr-centru-privind-modul-de-implementare-al-axei-prioritare-1-promovarea-transferului-tehnologic\/"},"author":{"name":"Redac\u021bia UrbeaMea","@id":"https:\/\/urbeamea.ro\/albaiulia\/#\/schema\/person\/272ae98052f8ee8980f59848df070247"},"headline":"ADR Centru: Prima \u00eent\u00e2lnire regional\u0103 organizat\u0103 de ADR Centru privind modul de implementare al Axei Prioritare 1 \u2013 Promovarea transferului tehnologic","datePublished":"2016-07-20T06:00:36+00:00","mainEntityOfPage":{"@id":"https:\/\/urbeamea.ro\/albaiulia\/adr-centru-prima-intalnire-regionala-organizata-de-adr-centru-privind-modul-de-implementare-al-axei-prioritare-1-promovarea-transferului-tehnologic\/"},"wordCount":682,"commentCount":0,"image":{"@id":"https:\/\/urbeamea.ro\/albaiulia\/adr-centru-prima-intalnire-regionala-organizata-de-adr-centru-privind-modul-de-implementare-al-axei-prioritare-1-promovarea-transferului-tehnologic\/#primaryimage"},"thumbnailUrl":"https:\/\/urbeamea.ro\/albaiulia\/wp-content\/uploads\/2016\/07\/Foto-5.jpg","keywords":["ADR Centru","Alba Iulia","decumente regionale","dezbatere","entitati","implementare","inovare","intalnire","regiunea centru","stiri","Urbea Mea"],"articleSection":["Social"],"inLanguage":"ro-RO","potentialAction":[{"@type":"CommentAction","name":"Comment","target":["https:\/\/urbeamea.ro\/albaiulia\/adr-centru-prima-intalnire-regionala-organizata-de-adr-centru-privind-modul-de-implementare-al-axei-prioritare-1-promovarea-transferului-tehnologic\/#respond"]}]},{"@type":"WebPage","@id":"https:\/\/urbeamea.ro\/albaiulia\/adr-centru-prima-intalnire-regionala-organizata-de-adr-centru-privind-modul-de-implementare-al-axei-prioritare-1-promovarea-transferului-tehnologic\/","url":"https:\/\/urbeamea.ro\/albaiulia\/adr-centru-prima-intalnire-regionala-organizata-de-adr-centru-privind-modul-de-implementare-al-axei-prioritare-1-promovarea-transferului-tehnologic\/","name":"ADR Centru: Prima \u00eent\u00e2lnire regional\u0103 organizat\u0103 de ADR Centru privind modul de implementare al Axei Prioritare 1 \u2013 Promovarea transferului tehnologic - Revista Urbea Mea - Revista de Alba","isPartOf":{"@id":"https:\/\/urbeamea.ro\/albaiulia\/#website"},"primaryImageOfPage":{"@id":"https:\/\/urbeamea.ro\/albaiulia\/adr-centru-prima-intalnire-regionala-organizata-de-adr-centru-privind-modul-de-implementare-al-axei-prioritare-1-promovarea-transferului-tehnologic\/#primaryimage"},"image":{"@id":"https:\/\/urbeamea.ro\/albaiulia\/adr-centru-prima-intalnire-regionala-organizata-de-adr-centru-privind-modul-de-implementare-al-axei-prioritare-1-promovarea-transferului-tehnologic\/#primaryimage"},"thumbnailUrl":"https:\/\/urbeamea.ro\/albaiulia\/wp-content\/uploads\/2016\/07\/Foto-5.jpg","datePublished":"2016-07-20T06:00:36+00:00","author":{"@id":"https:\/\/urbeamea.ro\/albaiulia\/#\/schema\/person\/272ae98052f8ee8980f59848df070247"},"description":"Peste 70 de speciali\u0219ti au participat mar\u021bii, 19 iulie, la prima \u00eent\u00e2lnire de lucru organizat\u0103 la nivel regional de Agen\u021bia pentru Dezvoltare Regional\u0103","breadcrumb":{"@id":"https:\/\/urbeamea.ro\/albaiulia\/adr-centru-prima-intalnire-regionala-organizata-de-adr-centru-privind-modul-de-implementare-al-axei-prioritare-1-promovarea-transferului-tehnologic\/#breadcrumb"},"inLanguage":"ro-RO","potentialAction":[{"@type":"ReadAction","target":["https:\/\/urbeamea.ro\/albaiulia\/adr-centru-prima-intalnire-regionala-organizata-de-adr-centru-privind-modul-de-implementare-al-axei-prioritare-1-promovarea-transferului-tehnologic\/"]}]},{"@type":"ImageObject","inLanguage":"ro-RO","@id":"https:\/\/urbeamea.ro\/albaiulia\/adr-centru-prima-intalnire-regionala-organizata-de-adr-centru-privind-modul-de-implementare-al-axei-prioritare-1-promovarea-transferului-tehnologic\/#primaryimage","url":"https:\/\/urbeamea.ro\/albaiulia\/wp-content\/uploads\/2016\/07\/Foto-5.jpg","contentUrl":"https:\/\/urbeamea.ro\/albaiulia\/wp-content\/uploads\/2016\/07\/Foto-5.jpg","width":1234,"height":720},{"@type":"BreadcrumbList","@id":"https:\/\/urbeamea.ro\/albaiulia\/adr-centru-prima-intalnire-regionala-organizata-de-adr-centru-privind-modul-de-implementare-al-axei-prioritare-1-promovarea-transferului-tehnologic\/#breadcrumb","itemListElement":[{"@type":"ListItem","position":1,"name":"Prima pagin\u0103","item":"https:\/\/urbeamea.ro\/albaiulia\/"},{"@type":"ListItem","position":2,"name":"ADR Centru: Prima \u00eent\u00e2lnire regional\u0103 organizat\u0103 de ADR Centru privind modul de implementare al Axei Prioritare 1 \u2013 Promovarea transferului tehnologic"}]},{"@type":"WebSite","@id":"https:\/\/urbeamea.ro\/albaiulia\/#website","url":"https:\/\/urbeamea.ro\/albaiulia\/","name":"Revista Urbea Mea, Stiri urbane","description":"Evenimente \u0219i \u0219tiri din Alba Iulia, Sebe\u0219, Aiud, Blaj","potentialAction":[{"@type":"SearchAction","target":{"@type":"EntryPoint","urlTemplate":"https:\/\/urbeamea.ro\/albaiulia\/?s={search_term_string}"},"query-input":{"@type":"PropertyValueSpecification","valueRequired":true,"valueName":"search_term_string"}}],"inLanguage":"ro-RO"},{"@type":"Person","@id":"https:\/\/urbeamea.ro\/albaiulia\/#\/schema\/person\/272ae98052f8ee8980f59848df070247","name":"Redac\u021bia UrbeaMea","image":{"@type":"ImageObject","inLanguage":"ro-RO","@id":"https:\/\/secure.gravatar.com\/avatar\/9ce5a9435071fa1037e8468053ead8e513dbbff59009d3069aadb85506d85a27?s=96&d=mm&r=g","url":"https:\/\/secure.gravatar.com\/avatar\/9ce5a9435071fa1037e8468053ead8e513dbbff59009d3069aadb85506d85a27?s=96&d=mm&r=g","contentUrl":"https:\/\/secure.gravatar.com\/avatar\/9ce5a9435071fa1037e8468053ead8e513dbbff59009d3069aadb85506d85a27?s=96&d=mm&r=g","caption":"Redac\u021bia UrbeaMea"},"description":"contact@urbeamea.ro","sameAs":["https:\/\/www.urbeamea.ro"],"url":"https:\/\/urbeamea.ro\/albaiulia\/author\/redactia-urbeamea\/"}]}},"_links":{"self":[{"href":"https:\/\/urbeamea.ro\/albaiulia\/wp-json\/wp\/v2\/posts\/28692","targetHints":{"allow":["GET"]}}],"collection":[{"href":"https:\/\/urbeamea.ro\/albaiulia\/wp-json\/wp\/v2\/posts"}],"about":[{"href":"https:\/\/urbeamea.ro\/albaiulia\/wp-json\/wp\/v2\/types\/post"}],"author":[{"embeddable":true,"href":"https:\/\/urbeamea.ro\/albaiulia\/wp-json\/wp\/v2\/users\/16"}],"replies":[{"embeddable":true,"href":"https:\/\/urbeamea.ro\/albaiulia\/wp-json\/wp\/v2\/comments?post=28692"}],"version-history":[{"count":0,"href":"https:\/\/urbeamea.ro\/albaiulia\/wp-json\/wp\/v2\/posts\/28692\/revisions"}],"wp:featuredmedia":[{"embeddable":true,"href":"https:\/\/urbeamea.ro\/albaiulia\/wp-json\/wp\/v2\/media\/28697"}],"wp:attachment":[{"href":"https:\/\/urbeamea.ro\/albaiulia\/wp-json\/wp\/v2\/media?parent=28692"}],"wp:term":[{"taxonomy":"category","embeddable":true,"href":"https:\/\/urbeamea.ro\/albaiulia\/wp-json\/wp\/v2\/categories?post=28692"},{"taxonomy":"post_tag","embeddable":true,"href":"https:\/\/urbeamea.ro\/albaiulia\/wp-json\/wp\/v2\/tags?post=28692"}],"curies":[{"name":"wp","href":"https:\/\/api.w.org\/{rel}","templated":true}]}}