{"id":28738,"date":"2016-07-21T12:05:23","date_gmt":"2016-07-21T09:05:23","guid":{"rendered":"http:\/\/urbeamea.ro\/albaiulia\/?p=28738"},"modified":"2016-07-21T12:05:23","modified_gmt":"2016-07-21T09:05:23","slug":"accident-rutier-la-stremt-un-barbat-baut-a-intrat-cu-masina-intr-un-stalp-de-electricitate","status":"publish","type":"post","link":"https:\/\/urbeamea.ro\/albaiulia\/accident-rutier-la-stremt-un-barbat-baut-a-intrat-cu-masina-intr-un-stalp-de-electricitate\/","title":{"rendered":"Accident rutier la Strem\u021b: Un b\u0103rbat b\u0103ut a intrat cu ma\u0219ina \u00eentr-un st\u00e2lp de electricitate"},"content":{"rendered":"<p><strong><img loading=\"lazy\" decoding=\"async\" class=\"size-medium wp-image-26326 alignleft\" src=\"http:\/\/urbeamea.ro\/albaiulia\/wp-content\/uploads\/2016\/06\/masina-politie-radar_b-1-300x225.jpg\" alt=\"masina-politie-radar_b (1)\" width=\"300\" height=\"225\" srcset=\"https:\/\/urbeamea.ro\/albaiulia\/wp-content\/uploads\/2016\/06\/masina-politie-radar_b-1-300x225.jpg 300w, https:\/\/urbeamea.ro\/albaiulia\/wp-content\/uploads\/2016\/06\/masina-politie-radar_b-1-150x112.jpg 150w, https:\/\/urbeamea.ro\/albaiulia\/wp-content\/uploads\/2016\/06\/masina-politie-radar_b-1.jpg 605w\" sizes=\"auto, (max-width: 300px) 100vw, 300px\" \/>Un accident rutier s-a produs miercuri, \u00een localitatea Strem\u021b. Un b\u0103rbat de 40 de ani din localitate este cercetat penal\u00a0dup\u0103 ce, aflat sub influen\u021ba b\u0103uturilor alcoolice, a intrat cu autoturismul \u00eentr-un st\u00e2lp de electricitate.\u00a0<\/strong><\/p>\n<p><span lang=\"ro-RO\">Potrivit IPJ Alba, la data de 20 iulie, ora 05.21, poli\u0163i\u015ftii din cadrul Politiei Municipiului Aiud, au fost sesiza\u0163i de c\u0103tre S.V.D., de 40 de ani, din comuna Strem\u021b, jude\u0163ul Alba, cu privire la faptul c\u0103, \u00een timp ce conducea autoturismul prin localitatea Strem\u021b, a intrat \u00een coliziune cu un st\u00e2lp.<\/span><\/p>\n<p><span lang=\"ro-RO\">Echipa de cercetare deplasat\u0103 la fa\u0163a locului a constatat c\u0103, S.D.V., \u00een timp ce conducea autoturismul pe Drumul Jude\u021bean 750 C, a ajuns \u00een dreptul imobilului cu nr. 289, din localitatea Strem\u021b, jud. Alba, a pierdut controlul autoturismului \u0219i a intrat \u00eentr-un st\u00e2lp din beton de sus\u021binere al re\u021belei de electricitate.<\/span><\/p>\n<p><span lang=\"ro-RO\">\u00cen urma evenimentului rutier au rezultat doar pagube materiale.<\/span><\/p>\n<p><span lang=\"ro-RO\">\u00centruc\u00e2t conduc\u0103torul auto emana miros de alcool, acesta a fost testat cu aparatul etilotest, rezultatul fiind de 0,48 mg\/l alcool pur \u00een aerul expirat, motiv pentru care a fost condus la Spitalul Municipal Aiud, \u00een vederea stabilirii gradului de alcoolemie.<\/span><\/p>\n<p><span lang=\"ro-RO\">\u00cen continuare se efectueaz\u0103 cercet\u0103ri pentru comiterea infrac\u0163iunii de conducerea unui vehicul sub influen\u0163a alcoolului sau a altor substan\u0163e.<\/span><\/p>\n","protected":false},"excerpt":{"rendered":"<p>Un accident rutier s-a produs miercuri, \u00een localitatea Strem\u021b. Un b\u0103rbat de 40 de ani din localitate este cercetat penal\u00a0dup\u0103 ce, aflat sub influen\u021ba b\u0103uturilor alcoolice, a intrat cu autoturismul \u00eentr-un st\u00e2lp de electricitate.\u00a0 Potrivit IPJ Alba, la data de 20 iulie, ora 05.21, poli\u0163i\u015ftii din cadrul Politiei Municipiului Aiud, au fost sesiza\u0163i de c\u0103tre &hellip;<\/p>\n","protected":false},"author":16,"featured_media":26326,"comment_status":"open","ping_status":"open","sticky":false,"template":"","format":"standard","meta":{"inline_featured_image":false,"footnotes":""},"categories":[2034],"tags":[2443,307,3089,5233,6429,308,5693,76],"class_list":["post-28738","post","type-post","status-publish","format-standard","has-post-thumbnail","hentry","category-social","tag-accident-rutier","tag-alba","tag-cercetat-penal","tag-influenta-alcoolului","tag-stalp","tag-stiri","tag-stremt","tag-urbea-mea"],"yoast_head":"<!-- This site is optimized with the Yoast SEO plugin v28.3 - https:\/\/yoast.com\/product\/yoast-seo-wordpress\/ -->\n<title>Accident rutier la Strem\u021b: Un b\u0103rbat b\u0103ut a intrat cu ma\u0219ina \u00eentr-un st\u00e2lp de electricitate - Revista Urbea Mea - Revista de Alba<\/title>\n<meta name=\"description\" content=\"Un accident rutier s-a produs miercuri, \u00een localitatea Strem\u021b. Un b\u0103rbat de 40 de ani din localitate este cercetat penal\u00a0dup\u0103 ce, aflat sub influen\u021ba\" \/>\n<meta name=\"robots\" content=\"index, follow, max-snippet:-1, max-image-preview:large, max-video-preview:-1\" \/>\n<link rel=\"canonical\" href=\"https:\/\/urbeamea.ro\/albaiulia\/accident-rutier-la-stremt-un-barbat-baut-a-intrat-cu-masina-intr-un-stalp-de-electricitate\/\" \/>\n<meta name=\"twitter:card\" content=\"summary_large_image\" \/>\n<meta name=\"twitter:title\" content=\"Accident rutier la Strem\u021b: Un b\u0103rbat b\u0103ut a intrat cu ma\u0219ina \u00eentr-un st\u00e2lp de electricitate - Revista Urbea Mea - Revista de Alba\" \/>\n<meta name=\"twitter:description\" content=\"Un accident rutier s-a produs miercuri, \u00een localitatea Strem\u021b. Un b\u0103rbat de 40 de ani din localitate este cercetat penal\u00a0dup\u0103 ce, aflat sub influen\u021ba\" \/>\n<meta name=\"twitter:image\" content=\"https:\/\/urbeamea.ro\/albaiulia\/wp-content\/uploads\/2016\/06\/masina-politie-radar_b-1.jpg\" \/>\n<meta name=\"twitter:creator\" content=\"@urbeameaweb\" \/>\n<meta name=\"twitter:site\" content=\"@urbeameaweb\" \/>\n<script type=\"application\/ld+json\" class=\"yoast-schema-graph\">{\"@context\":\"https:\\\/\\\/schema.org\",\"@graph\":[{\"@type\":\"Article\",\"@id\":\"https:\\\/\\\/urbeamea.ro\\\/albaiulia\\\/accident-rutier-la-stremt-un-barbat-baut-a-intrat-cu-masina-intr-un-stalp-de-electricitate\\\/#article\",\"isPartOf\":{\"@id\":\"https:\\\/\\\/urbeamea.ro\\\/albaiulia\\\/accident-rutier-la-stremt-un-barbat-baut-a-intrat-cu-masina-intr-un-stalp-de-electricitate\\\/\"},\"author\":{\"name\":\"Redac\u021bia UrbeaMea\",\"@id\":\"https:\\\/\\\/urbeamea.ro\\\/albaiulia\\\/#\\\/schema\\\/person\\\/272ae98052f8ee8980f59848df070247\"},\"headline\":\"Accident rutier la Strem\u021b: Un b\u0103rbat b\u0103ut a intrat cu ma\u0219ina \u00eentr-un st\u00e2lp de electricitate\",\"datePublished\":\"2016-07-21T09:05:23+00:00\",\"mainEntityOfPage\":{\"@id\":\"https:\\\/\\\/urbeamea.ro\\\/albaiulia\\\/accident-rutier-la-stremt-un-barbat-baut-a-intrat-cu-masina-intr-un-stalp-de-electricitate\\\/\"},\"wordCount\":243,\"commentCount\":0,\"image\":{\"@id\":\"https:\\\/\\\/urbeamea.ro\\\/albaiulia\\\/accident-rutier-la-stremt-un-barbat-baut-a-intrat-cu-masina-intr-un-stalp-de-electricitate\\\/#primaryimage\"},\"thumbnailUrl\":\"https:\\\/\\\/urbeamea.ro\\\/albaiulia\\\/wp-content\\\/uploads\\\/2016\\\/06\\\/masina-politie-radar_b-1.jpg\",\"keywords\":[\"accident rutier\",\"alba\",\"cercetat penal\",\"influenta alcoolului\",\"stalp\",\"stiri\",\"stremt\",\"Urbea Mea\"],\"articleSection\":[\"Social\"],\"inLanguage\":\"ro-RO\",\"potentialAction\":[{\"@type\":\"CommentAction\",\"name\":\"Comment\",\"target\":[\"https:\\\/\\\/urbeamea.ro\\\/albaiulia\\\/accident-rutier-la-stremt-un-barbat-baut-a-intrat-cu-masina-intr-un-stalp-de-electricitate\\\/#respond\"]}]},{\"@type\":\"WebPage\",\"@id\":\"https:\\\/\\\/urbeamea.ro\\\/albaiulia\\\/accident-rutier-la-stremt-un-barbat-baut-a-intrat-cu-masina-intr-un-stalp-de-electricitate\\\/\",\"url\":\"https:\\\/\\\/urbeamea.ro\\\/albaiulia\\\/accident-rutier-la-stremt-un-barbat-baut-a-intrat-cu-masina-intr-un-stalp-de-electricitate\\\/\",\"name\":\"Accident rutier la Strem\u021b: Un b\u0103rbat b\u0103ut a intrat cu ma\u0219ina \u00eentr-un st\u00e2lp de electricitate - Revista Urbea Mea - Revista de Alba\",\"isPartOf\":{\"@id\":\"https:\\\/\\\/urbeamea.ro\\\/albaiulia\\\/#website\"},\"primaryImageOfPage\":{\"@id\":\"https:\\\/\\\/urbeamea.ro\\\/albaiulia\\\/accident-rutier-la-stremt-un-barbat-baut-a-intrat-cu-masina-intr-un-stalp-de-electricitate\\\/#primaryimage\"},\"image\":{\"@id\":\"https:\\\/\\\/urbeamea.ro\\\/albaiulia\\\/accident-rutier-la-stremt-un-barbat-baut-a-intrat-cu-masina-intr-un-stalp-de-electricitate\\\/#primaryimage\"},\"thumbnailUrl\":\"https:\\\/\\\/urbeamea.ro\\\/albaiulia\\\/wp-content\\\/uploads\\\/2016\\\/06\\\/masina-politie-radar_b-1.jpg\",\"datePublished\":\"2016-07-21T09:05:23+00:00\",\"author\":{\"@id\":\"https:\\\/\\\/urbeamea.ro\\\/albaiulia\\\/#\\\/schema\\\/person\\\/272ae98052f8ee8980f59848df070247\"},\"description\":\"Un accident rutier s-a produs miercuri, \u00een localitatea Strem\u021b. Un b\u0103rbat de 40 de ani din localitate este cercetat penal\u00a0dup\u0103 ce, aflat sub influen\u021ba\",\"breadcrumb\":{\"@id\":\"https:\\\/\\\/urbeamea.ro\\\/albaiulia\\\/accident-rutier-la-stremt-un-barbat-baut-a-intrat-cu-masina-intr-un-stalp-de-electricitate\\\/#breadcrumb\"},\"inLanguage\":\"ro-RO\",\"potentialAction\":[{\"@type\":\"ReadAction\",\"target\":[\"https:\\\/\\\/urbeamea.ro\\\/albaiulia\\\/accident-rutier-la-stremt-un-barbat-baut-a-intrat-cu-masina-intr-un-stalp-de-electricitate\\\/\"]}]},{\"@type\":\"ImageObject\",\"inLanguage\":\"ro-RO\",\"@id\":\"https:\\\/\\\/urbeamea.ro\\\/albaiulia\\\/accident-rutier-la-stremt-un-barbat-baut-a-intrat-cu-masina-intr-un-stalp-de-electricitate\\\/#primaryimage\",\"url\":\"https:\\\/\\\/urbeamea.ro\\\/albaiulia\\\/wp-content\\\/uploads\\\/2016\\\/06\\\/masina-politie-radar_b-1.jpg\",\"contentUrl\":\"https:\\\/\\\/urbeamea.ro\\\/albaiulia\\\/wp-content\\\/uploads\\\/2016\\\/06\\\/masina-politie-radar_b-1.jpg\",\"width\":605,\"height\":453},{\"@type\":\"BreadcrumbList\",\"@id\":\"https:\\\/\\\/urbeamea.ro\\\/albaiulia\\\/accident-rutier-la-stremt-un-barbat-baut-a-intrat-cu-masina-intr-un-stalp-de-electricitate\\\/#breadcrumb\",\"itemListElement\":[{\"@type\":\"ListItem\",\"position\":1,\"name\":\"Prima pagin\u0103\",\"item\":\"https:\\\/\\\/urbeamea.ro\\\/albaiulia\\\/\"},{\"@type\":\"ListItem\",\"position\":2,\"name\":\"Accident rutier la Strem\u021b: Un b\u0103rbat b\u0103ut a intrat cu ma\u0219ina \u00eentr-un st\u00e2lp de electricitate\"}]},{\"@type\":\"WebSite\",\"@id\":\"https:\\\/\\\/urbeamea.ro\\\/albaiulia\\\/#website\",\"url\":\"https:\\\/\\\/urbeamea.ro\\\/albaiulia\\\/\",\"name\":\"Revista Urbea Mea, Stiri urbane\",\"description\":\"Evenimente \u0219i \u0219tiri din Alba Iulia, Sebe\u0219, Aiud, Blaj\",\"potentialAction\":[{\"@type\":\"SearchAction\",\"target\":{\"@type\":\"EntryPoint\",\"urlTemplate\":\"https:\\\/\\\/urbeamea.ro\\\/albaiulia\\\/?s={search_term_string}\"},\"query-input\":{\"@type\":\"PropertyValueSpecification\",\"valueRequired\":true,\"valueName\":\"search_term_string\"}}],\"inLanguage\":\"ro-RO\"},{\"@type\":\"Person\",\"@id\":\"https:\\\/\\\/urbeamea.ro\\\/albaiulia\\\/#\\\/schema\\\/person\\\/272ae98052f8ee8980f59848df070247\",\"name\":\"Redac\u021bia UrbeaMea\",\"image\":{\"@type\":\"ImageObject\",\"inLanguage\":\"ro-RO\",\"@id\":\"https:\\\/\\\/secure.gravatar.com\\\/avatar\\\/9ce5a9435071fa1037e8468053ead8e513dbbff59009d3069aadb85506d85a27?s=96&d=mm&r=g\",\"url\":\"https:\\\/\\\/secure.gravatar.com\\\/avatar\\\/9ce5a9435071fa1037e8468053ead8e513dbbff59009d3069aadb85506d85a27?s=96&d=mm&r=g\",\"contentUrl\":\"https:\\\/\\\/secure.gravatar.com\\\/avatar\\\/9ce5a9435071fa1037e8468053ead8e513dbbff59009d3069aadb85506d85a27?s=96&d=mm&r=g\",\"caption\":\"Redac\u021bia UrbeaMea\"},\"description\":\"contact@urbeamea.ro\",\"sameAs\":[\"https:\\\/\\\/www.urbeamea.ro\"],\"url\":\"https:\\\/\\\/urbeamea.ro\\\/albaiulia\\\/author\\\/redactia-urbeamea\\\/\"}]}<\/script>\n<!-- \/ Yoast SEO plugin. -->","yoast_head_json":{"title":"Accident rutier la Strem\u021b: Un b\u0103rbat b\u0103ut a intrat cu ma\u0219ina \u00eentr-un st\u00e2lp de electricitate - Revista Urbea Mea - Revista de Alba","description":"Un accident rutier s-a produs miercuri, \u00een localitatea Strem\u021b. Un b\u0103rbat de 40 de ani din localitate este cercetat penal\u00a0dup\u0103 ce, aflat sub influen\u021ba","robots":{"index":"index","follow":"follow","max-snippet":"max-snippet:-1","max-image-preview":"max-image-preview:large","max-video-preview":"max-video-preview:-1"},"canonical":"https:\/\/urbeamea.ro\/albaiulia\/accident-rutier-la-stremt-un-barbat-baut-a-intrat-cu-masina-intr-un-stalp-de-electricitate\/","twitter_card":"summary_large_image","twitter_title":"Accident rutier la Strem\u021b: Un b\u0103rbat b\u0103ut a intrat cu ma\u0219ina \u00eentr-un st\u00e2lp de electricitate - Revista Urbea Mea - Revista de Alba","twitter_description":"Un accident rutier s-a produs miercuri, \u00een localitatea Strem\u021b. Un b\u0103rbat de 40 de ani din localitate este cercetat penal\u00a0dup\u0103 ce, aflat sub influen\u021ba","twitter_image":"https:\/\/urbeamea.ro\/albaiulia\/wp-content\/uploads\/2016\/06\/masina-politie-radar_b-1.jpg","twitter_creator":"@urbeameaweb","twitter_site":"@urbeameaweb","schema":{"@context":"https:\/\/schema.org","@graph":[{"@type":"Article","@id":"https:\/\/urbeamea.ro\/albaiulia\/accident-rutier-la-stremt-un-barbat-baut-a-intrat-cu-masina-intr-un-stalp-de-electricitate\/#article","isPartOf":{"@id":"https:\/\/urbeamea.ro\/albaiulia\/accident-rutier-la-stremt-un-barbat-baut-a-intrat-cu-masina-intr-un-stalp-de-electricitate\/"},"author":{"name":"Redac\u021bia UrbeaMea","@id":"https:\/\/urbeamea.ro\/albaiulia\/#\/schema\/person\/272ae98052f8ee8980f59848df070247"},"headline":"Accident rutier la Strem\u021b: Un b\u0103rbat b\u0103ut a intrat cu ma\u0219ina \u00eentr-un st\u00e2lp de electricitate","datePublished":"2016-07-21T09:05:23+00:00","mainEntityOfPage":{"@id":"https:\/\/urbeamea.ro\/albaiulia\/accident-rutier-la-stremt-un-barbat-baut-a-intrat-cu-masina-intr-un-stalp-de-electricitate\/"},"wordCount":243,"commentCount":0,"image":{"@id":"https:\/\/urbeamea.ro\/albaiulia\/accident-rutier-la-stremt-un-barbat-baut-a-intrat-cu-masina-intr-un-stalp-de-electricitate\/#primaryimage"},"thumbnailUrl":"https:\/\/urbeamea.ro\/albaiulia\/wp-content\/uploads\/2016\/06\/masina-politie-radar_b-1.jpg","keywords":["accident rutier","alba","cercetat penal","influenta alcoolului","stalp","stiri","stremt","Urbea Mea"],"articleSection":["Social"],"inLanguage":"ro-RO","potentialAction":[{"@type":"CommentAction","name":"Comment","target":["https:\/\/urbeamea.ro\/albaiulia\/accident-rutier-la-stremt-un-barbat-baut-a-intrat-cu-masina-intr-un-stalp-de-electricitate\/#respond"]}]},{"@type":"WebPage","@id":"https:\/\/urbeamea.ro\/albaiulia\/accident-rutier-la-stremt-un-barbat-baut-a-intrat-cu-masina-intr-un-stalp-de-electricitate\/","url":"https:\/\/urbeamea.ro\/albaiulia\/accident-rutier-la-stremt-un-barbat-baut-a-intrat-cu-masina-intr-un-stalp-de-electricitate\/","name":"Accident rutier la Strem\u021b: Un b\u0103rbat b\u0103ut a intrat cu ma\u0219ina \u00eentr-un st\u00e2lp de electricitate - Revista Urbea Mea - Revista de Alba","isPartOf":{"@id":"https:\/\/urbeamea.ro\/albaiulia\/#website"},"primaryImageOfPage":{"@id":"https:\/\/urbeamea.ro\/albaiulia\/accident-rutier-la-stremt-un-barbat-baut-a-intrat-cu-masina-intr-un-stalp-de-electricitate\/#primaryimage"},"image":{"@id":"https:\/\/urbeamea.ro\/albaiulia\/accident-rutier-la-stremt-un-barbat-baut-a-intrat-cu-masina-intr-un-stalp-de-electricitate\/#primaryimage"},"thumbnailUrl":"https:\/\/urbeamea.ro\/albaiulia\/wp-content\/uploads\/2016\/06\/masina-politie-radar_b-1.jpg","datePublished":"2016-07-21T09:05:23+00:00","author":{"@id":"https:\/\/urbeamea.ro\/albaiulia\/#\/schema\/person\/272ae98052f8ee8980f59848df070247"},"description":"Un accident rutier s-a produs miercuri, \u00een localitatea Strem\u021b. Un b\u0103rbat de 40 de ani din localitate este cercetat penal\u00a0dup\u0103 ce, aflat sub influen\u021ba","breadcrumb":{"@id":"https:\/\/urbeamea.ro\/albaiulia\/accident-rutier-la-stremt-un-barbat-baut-a-intrat-cu-masina-intr-un-stalp-de-electricitate\/#breadcrumb"},"inLanguage":"ro-RO","potentialAction":[{"@type":"ReadAction","target":["https:\/\/urbeamea.ro\/albaiulia\/accident-rutier-la-stremt-un-barbat-baut-a-intrat-cu-masina-intr-un-stalp-de-electricitate\/"]}]},{"@type":"ImageObject","inLanguage":"ro-RO","@id":"https:\/\/urbeamea.ro\/albaiulia\/accident-rutier-la-stremt-un-barbat-baut-a-intrat-cu-masina-intr-un-stalp-de-electricitate\/#primaryimage","url":"https:\/\/urbeamea.ro\/albaiulia\/wp-content\/uploads\/2016\/06\/masina-politie-radar_b-1.jpg","contentUrl":"https:\/\/urbeamea.ro\/albaiulia\/wp-content\/uploads\/2016\/06\/masina-politie-radar_b-1.jpg","width":605,"height":453},{"@type":"BreadcrumbList","@id":"https:\/\/urbeamea.ro\/albaiulia\/accident-rutier-la-stremt-un-barbat-baut-a-intrat-cu-masina-intr-un-stalp-de-electricitate\/#breadcrumb","itemListElement":[{"@type":"ListItem","position":1,"name":"Prima pagin\u0103","item":"https:\/\/urbeamea.ro\/albaiulia\/"},{"@type":"ListItem","position":2,"name":"Accident rutier la Strem\u021b: Un b\u0103rbat b\u0103ut a intrat cu ma\u0219ina \u00eentr-un st\u00e2lp de electricitate"}]},{"@type":"WebSite","@id":"https:\/\/urbeamea.ro\/albaiulia\/#website","url":"https:\/\/urbeamea.ro\/albaiulia\/","name":"Revista Urbea Mea, Stiri urbane","description":"Evenimente \u0219i \u0219tiri din Alba Iulia, Sebe\u0219, Aiud, Blaj","potentialAction":[{"@type":"SearchAction","target":{"@type":"EntryPoint","urlTemplate":"https:\/\/urbeamea.ro\/albaiulia\/?s={search_term_string}"},"query-input":{"@type":"PropertyValueSpecification","valueRequired":true,"valueName":"search_term_string"}}],"inLanguage":"ro-RO"},{"@type":"Person","@id":"https:\/\/urbeamea.ro\/albaiulia\/#\/schema\/person\/272ae98052f8ee8980f59848df070247","name":"Redac\u021bia UrbeaMea","image":{"@type":"ImageObject","inLanguage":"ro-RO","@id":"https:\/\/secure.gravatar.com\/avatar\/9ce5a9435071fa1037e8468053ead8e513dbbff59009d3069aadb85506d85a27?s=96&d=mm&r=g","url":"https:\/\/secure.gravatar.com\/avatar\/9ce5a9435071fa1037e8468053ead8e513dbbff59009d3069aadb85506d85a27?s=96&d=mm&r=g","contentUrl":"https:\/\/secure.gravatar.com\/avatar\/9ce5a9435071fa1037e8468053ead8e513dbbff59009d3069aadb85506d85a27?s=96&d=mm&r=g","caption":"Redac\u021bia UrbeaMea"},"description":"contact@urbeamea.ro","sameAs":["https:\/\/www.urbeamea.ro"],"url":"https:\/\/urbeamea.ro\/albaiulia\/author\/redactia-urbeamea\/"}]}},"_links":{"self":[{"href":"https:\/\/urbeamea.ro\/albaiulia\/wp-json\/wp\/v2\/posts\/28738","targetHints":{"allow":["GET"]}}],"collection":[{"href":"https:\/\/urbeamea.ro\/albaiulia\/wp-json\/wp\/v2\/posts"}],"about":[{"href":"https:\/\/urbeamea.ro\/albaiulia\/wp-json\/wp\/v2\/types\/post"}],"author":[{"embeddable":true,"href":"https:\/\/urbeamea.ro\/albaiulia\/wp-json\/wp\/v2\/users\/16"}],"replies":[{"embeddable":true,"href":"https:\/\/urbeamea.ro\/albaiulia\/wp-json\/wp\/v2\/comments?post=28738"}],"version-history":[{"count":0,"href":"https:\/\/urbeamea.ro\/albaiulia\/wp-json\/wp\/v2\/posts\/28738\/revisions"}],"wp:featuredmedia":[{"embeddable":true,"href":"https:\/\/urbeamea.ro\/albaiulia\/wp-json\/wp\/v2\/media\/26326"}],"wp:attachment":[{"href":"https:\/\/urbeamea.ro\/albaiulia\/wp-json\/wp\/v2\/media?parent=28738"}],"wp:term":[{"taxonomy":"category","embeddable":true,"href":"https:\/\/urbeamea.ro\/albaiulia\/wp-json\/wp\/v2\/categories?post=28738"},{"taxonomy":"post_tag","embeddable":true,"href":"https:\/\/urbeamea.ro\/albaiulia\/wp-json\/wp\/v2\/tags?post=28738"}],"curies":[{"name":"wp","href":"https:\/\/api.w.org\/{rel}","templated":true}]}}