{"id":28946,"date":"2016-07-26T12:09:09","date_gmt":"2016-07-26T09:09:09","guid":{"rendered":"http:\/\/urbeamea.ro\/albaiulia\/?p=28946"},"modified":"2016-07-26T12:09:09","modified_gmt":"2016-07-26T09:09:09","slug":"barbat-din-lunca-ampoitei-retinut-pentru-tulburarea-linistii-publice","status":"publish","type":"post","link":"https:\/\/urbeamea.ro\/albaiulia\/barbat-din-lunca-ampoitei-retinut-pentru-tulburarea-linistii-publice\/","title":{"rendered":"B\u0103rbat din Lunca Ampoi\u021bei, re\u021binut pentru tulburarea lini\u0219tii publice"},"content":{"rendered":"<p><strong><img loading=\"lazy\" decoding=\"async\" class=\"size-medium wp-image-17555 alignleft\" src=\"http:\/\/urbeamea.ro\/albaiulia\/wp-content\/uploads\/2016\/02\/arest-300x217.png\" alt=\"arest\" width=\"300\" height=\"217\" \/>Poli\u0163i\u015ftii Sec\u0163iei 1 Poli\u0163ie Rural\u0103 Galda de Jos au re\u0163inut un b\u0103rbat din Lunca Ampoi\u0163ei care a tulburat lini\u015ftea public\u0103 din localitate, a distrus bunurile unei familii \u015fi a amenin\u0163at mai mul\u0163i cons\u0103teni. Acesta este cunoscut \u00een comunitate cu un comportament violent \u015fi a mai fost re\u0163inut de poli\u0163i\u015fti, pentru fapte similare.<br \/>\n<\/strong><\/p>\n<p>Luni, Poli\u0163i\u015ftii Sec\u0163iei 1 Poli\u0163ie Rural\u0103 Galda de Jos au luat m\u0103sura re\u0163inerii, pentru o perioad\u0103 de 24 de ore, fa\u0163\u0103 de G.P.M., de 38 de ani, din Lunca Ampoi\u0163ei, comuna Mete\u015f, care este cercetat sub aspectul comiterii infrac\u0163iunilor de violare de domiciliu, amenin\u0163are, tulburarea ordinii \u015fi lini\u015ftii publice \u015fi distrugere.<\/p>\n<p>\u00cen sarcina acestuia s-a re\u0163inut faptul c\u0103, \u00een noaptea de 23\/24 iulie 2016, a p\u0103truns, f\u0103r\u0103 drept, \u00een curtea locuin\u0163ei unui cons\u0103tean, a distrus mai multe u\u015fi \u015fi geamuri ale casei \u015fi a amenin\u0163at cu moartea mai multe persoane.<\/p>\n<p>\u00cen aceea\u015fi noapte, b\u0103rbatul a tulburat ordinea \u015fi lini\u015ftea public\u0103 din localitate, url\u00e2nd \u015fi lovind por\u0163ile \u015fi gardurile mai multor locuin\u0163e.<\/p>\n<p>\u00cen comunitate, b\u0103rbatul este cunoscut cu un comportament violent, fiind cercetat de poli\u0163i\u015fti, sub control judiciar, \u00een mai multe dosare penale privind fapte similare.<\/p>\n<p>Va fi prezentat Parchetului de pe l\u00e2ng\u0103 Judec\u0103toria Alba Iulia, cu propunere de arestare preventiv\u0103.<\/p>\n<p>Cercet\u0103rile sunt continuate.<\/p>\n","protected":false},"excerpt":{"rendered":"<p>Poli\u0163i\u015ftii Sec\u0163iei 1 Poli\u0163ie Rural\u0103 Galda de Jos au re\u0163inut un b\u0103rbat din Lunca Ampoi\u0163ei care a tulburat lini\u015ftea public\u0103 din localitate, a distrus bunurile unei familii \u015fi a amenin\u0163at mai mul\u0163i cons\u0103teni. Acesta este cunoscut \u00een comunitate cu un comportament violent \u015fi a mai fost re\u0163inut de poli\u0163i\u015fti, pentru fapte similare. Luni, Poli\u0163i\u015ftii Sec\u0163iei &hellip;<\/p>\n","protected":false},"author":16,"featured_media":17555,"comment_status":"open","ping_status":"open","sticky":false,"template":"","format":"standard","meta":{"inline_featured_image":false,"footnotes":""},"categories":[2034],"tags":[307,4995,2466,6508,2596,308,6509,76],"class_list":["post-28946","post","type-post","status-publish","format-standard","has-post-thumbnail","hentry","category-social","tag-alba","tag-amenintat","tag-bunuri","tag-lunca-ampoitei","tag-retinut","tag-stiri","tag-tulburare","tag-urbea-mea"],"yoast_head":"<!-- This site is optimized with the Yoast SEO plugin v28.3 - https:\/\/yoast.com\/product\/yoast-seo-wordpress\/ -->\n<title>B\u0103rbat din Lunca Ampoi\u021bei, re\u021binut pentru tulburarea lini\u0219tii publice - Revista Urbea Mea - Revista de Alba<\/title>\n<meta name=\"description\" content=\"Poli\u0163i\u015ftii Sec\u0163iei 1 Poli\u0163ie Rural\u0103 Galda de Jos au re\u0163inut un b\u0103rbat din Lunca Ampoi\u0163ei care a tulburat lini\u015ftea public\u0103 din localitate, a distrus\" \/>\n<meta name=\"robots\" content=\"index, follow, max-snippet:-1, max-image-preview:large, max-video-preview:-1\" \/>\n<link rel=\"canonical\" href=\"https:\/\/urbeamea.ro\/albaiulia\/barbat-din-lunca-ampoitei-retinut-pentru-tulburarea-linistii-publice\/\" \/>\n<meta name=\"twitter:card\" content=\"summary_large_image\" \/>\n<meta name=\"twitter:title\" content=\"B\u0103rbat din Lunca Ampoi\u021bei, re\u021binut pentru tulburarea lini\u0219tii publice - Revista Urbea Mea - Revista de Alba\" \/>\n<meta name=\"twitter:description\" content=\"Poli\u0163i\u015ftii Sec\u0163iei 1 Poli\u0163ie Rural\u0103 Galda de Jos au re\u0163inut un b\u0103rbat din Lunca Ampoi\u0163ei care a tulburat lini\u015ftea public\u0103 din localitate, a distrus\" \/>\n<meta name=\"twitter:image\" content=\"https:\/\/urbeamea.ro\/albaiulia\/wp-content\/uploads\/2016\/02\/arest.png\" \/>\n<meta name=\"twitter:creator\" content=\"@urbeameaweb\" \/>\n<meta name=\"twitter:site\" content=\"@urbeameaweb\" \/>\n<script type=\"application\/ld+json\" class=\"yoast-schema-graph\">{\"@context\":\"https:\\\/\\\/schema.org\",\"@graph\":[{\"@type\":\"Article\",\"@id\":\"https:\\\/\\\/urbeamea.ro\\\/albaiulia\\\/barbat-din-lunca-ampoitei-retinut-pentru-tulburarea-linistii-publice\\\/#article\",\"isPartOf\":{\"@id\":\"https:\\\/\\\/urbeamea.ro\\\/albaiulia\\\/barbat-din-lunca-ampoitei-retinut-pentru-tulburarea-linistii-publice\\\/\"},\"author\":{\"name\":\"Redac\u021bia UrbeaMea\",\"@id\":\"https:\\\/\\\/urbeamea.ro\\\/albaiulia\\\/#\\\/schema\\\/person\\\/272ae98052f8ee8980f59848df070247\"},\"headline\":\"B\u0103rbat din Lunca Ampoi\u021bei, re\u021binut pentru tulburarea lini\u0219tii publice\",\"datePublished\":\"2016-07-26T09:09:09+00:00\",\"mainEntityOfPage\":{\"@id\":\"https:\\\/\\\/urbeamea.ro\\\/albaiulia\\\/barbat-din-lunca-ampoitei-retinut-pentru-tulburarea-linistii-publice\\\/\"},\"wordCount\":257,\"commentCount\":0,\"image\":{\"@id\":\"https:\\\/\\\/urbeamea.ro\\\/albaiulia\\\/barbat-din-lunca-ampoitei-retinut-pentru-tulburarea-linistii-publice\\\/#primaryimage\"},\"thumbnailUrl\":\"https:\\\/\\\/urbeamea.ro\\\/albaiulia\\\/wp-content\\\/uploads\\\/2016\\\/02\\\/arest.png\",\"keywords\":[\"alba\",\"amenintat\",\"bunuri\",\"lunca ampoitei\",\"retinut\",\"stiri\",\"tulburare\",\"Urbea Mea\"],\"articleSection\":[\"Social\"],\"inLanguage\":\"ro-RO\",\"potentialAction\":[{\"@type\":\"CommentAction\",\"name\":\"Comment\",\"target\":[\"https:\\\/\\\/urbeamea.ro\\\/albaiulia\\\/barbat-din-lunca-ampoitei-retinut-pentru-tulburarea-linistii-publice\\\/#respond\"]}]},{\"@type\":\"WebPage\",\"@id\":\"https:\\\/\\\/urbeamea.ro\\\/albaiulia\\\/barbat-din-lunca-ampoitei-retinut-pentru-tulburarea-linistii-publice\\\/\",\"url\":\"https:\\\/\\\/urbeamea.ro\\\/albaiulia\\\/barbat-din-lunca-ampoitei-retinut-pentru-tulburarea-linistii-publice\\\/\",\"name\":\"B\u0103rbat din Lunca Ampoi\u021bei, re\u021binut pentru tulburarea lini\u0219tii publice - Revista Urbea Mea - Revista de Alba\",\"isPartOf\":{\"@id\":\"https:\\\/\\\/urbeamea.ro\\\/albaiulia\\\/#website\"},\"primaryImageOfPage\":{\"@id\":\"https:\\\/\\\/urbeamea.ro\\\/albaiulia\\\/barbat-din-lunca-ampoitei-retinut-pentru-tulburarea-linistii-publice\\\/#primaryimage\"},\"image\":{\"@id\":\"https:\\\/\\\/urbeamea.ro\\\/albaiulia\\\/barbat-din-lunca-ampoitei-retinut-pentru-tulburarea-linistii-publice\\\/#primaryimage\"},\"thumbnailUrl\":\"https:\\\/\\\/urbeamea.ro\\\/albaiulia\\\/wp-content\\\/uploads\\\/2016\\\/02\\\/arest.png\",\"datePublished\":\"2016-07-26T09:09:09+00:00\",\"author\":{\"@id\":\"https:\\\/\\\/urbeamea.ro\\\/albaiulia\\\/#\\\/schema\\\/person\\\/272ae98052f8ee8980f59848df070247\"},\"description\":\"Poli\u0163i\u015ftii Sec\u0163iei 1 Poli\u0163ie Rural\u0103 Galda de Jos au re\u0163inut un b\u0103rbat din Lunca Ampoi\u0163ei care a tulburat lini\u015ftea public\u0103 din localitate, a distrus\",\"breadcrumb\":{\"@id\":\"https:\\\/\\\/urbeamea.ro\\\/albaiulia\\\/barbat-din-lunca-ampoitei-retinut-pentru-tulburarea-linistii-publice\\\/#breadcrumb\"},\"inLanguage\":\"ro-RO\",\"potentialAction\":[{\"@type\":\"ReadAction\",\"target\":[\"https:\\\/\\\/urbeamea.ro\\\/albaiulia\\\/barbat-din-lunca-ampoitei-retinut-pentru-tulburarea-linistii-publice\\\/\"]}]},{\"@type\":\"ImageObject\",\"inLanguage\":\"ro-RO\",\"@id\":\"https:\\\/\\\/urbeamea.ro\\\/albaiulia\\\/barbat-din-lunca-ampoitei-retinut-pentru-tulburarea-linistii-publice\\\/#primaryimage\",\"url\":\"https:\\\/\\\/urbeamea.ro\\\/albaiulia\\\/wp-content\\\/uploads\\\/2016\\\/02\\\/arest.png\",\"contentUrl\":\"https:\\\/\\\/urbeamea.ro\\\/albaiulia\\\/wp-content\\\/uploads\\\/2016\\\/02\\\/arest.png\",\"width\":700,\"height\":507},{\"@type\":\"BreadcrumbList\",\"@id\":\"https:\\\/\\\/urbeamea.ro\\\/albaiulia\\\/barbat-din-lunca-ampoitei-retinut-pentru-tulburarea-linistii-publice\\\/#breadcrumb\",\"itemListElement\":[{\"@type\":\"ListItem\",\"position\":1,\"name\":\"Prima pagin\u0103\",\"item\":\"https:\\\/\\\/urbeamea.ro\\\/albaiulia\\\/\"},{\"@type\":\"ListItem\",\"position\":2,\"name\":\"B\u0103rbat din Lunca Ampoi\u021bei, re\u021binut pentru tulburarea lini\u0219tii publice\"}]},{\"@type\":\"WebSite\",\"@id\":\"https:\\\/\\\/urbeamea.ro\\\/albaiulia\\\/#website\",\"url\":\"https:\\\/\\\/urbeamea.ro\\\/albaiulia\\\/\",\"name\":\"Revista Urbea Mea, Stiri urbane\",\"description\":\"Evenimente \u0219i \u0219tiri din Alba Iulia, Sebe\u0219, Aiud, Blaj\",\"potentialAction\":[{\"@type\":\"SearchAction\",\"target\":{\"@type\":\"EntryPoint\",\"urlTemplate\":\"https:\\\/\\\/urbeamea.ro\\\/albaiulia\\\/?s={search_term_string}\"},\"query-input\":{\"@type\":\"PropertyValueSpecification\",\"valueRequired\":true,\"valueName\":\"search_term_string\"}}],\"inLanguage\":\"ro-RO\"},{\"@type\":\"Person\",\"@id\":\"https:\\\/\\\/urbeamea.ro\\\/albaiulia\\\/#\\\/schema\\\/person\\\/272ae98052f8ee8980f59848df070247\",\"name\":\"Redac\u021bia UrbeaMea\",\"image\":{\"@type\":\"ImageObject\",\"inLanguage\":\"ro-RO\",\"@id\":\"https:\\\/\\\/secure.gravatar.com\\\/avatar\\\/9ce5a9435071fa1037e8468053ead8e513dbbff59009d3069aadb85506d85a27?s=96&d=mm&r=g\",\"url\":\"https:\\\/\\\/secure.gravatar.com\\\/avatar\\\/9ce5a9435071fa1037e8468053ead8e513dbbff59009d3069aadb85506d85a27?s=96&d=mm&r=g\",\"contentUrl\":\"https:\\\/\\\/secure.gravatar.com\\\/avatar\\\/9ce5a9435071fa1037e8468053ead8e513dbbff59009d3069aadb85506d85a27?s=96&d=mm&r=g\",\"caption\":\"Redac\u021bia UrbeaMea\"},\"description\":\"contact@urbeamea.ro\",\"sameAs\":[\"https:\\\/\\\/www.urbeamea.ro\"],\"url\":\"https:\\\/\\\/urbeamea.ro\\\/albaiulia\\\/author\\\/redactia-urbeamea\\\/\"}]}<\/script>\n<!-- \/ Yoast SEO plugin. -->","yoast_head_json":{"title":"B\u0103rbat din Lunca Ampoi\u021bei, re\u021binut pentru tulburarea lini\u0219tii publice - Revista Urbea Mea - Revista de Alba","description":"Poli\u0163i\u015ftii Sec\u0163iei 1 Poli\u0163ie Rural\u0103 Galda de Jos au re\u0163inut un b\u0103rbat din Lunca Ampoi\u0163ei care a tulburat lini\u015ftea public\u0103 din localitate, a distrus","robots":{"index":"index","follow":"follow","max-snippet":"max-snippet:-1","max-image-preview":"max-image-preview:large","max-video-preview":"max-video-preview:-1"},"canonical":"https:\/\/urbeamea.ro\/albaiulia\/barbat-din-lunca-ampoitei-retinut-pentru-tulburarea-linistii-publice\/","twitter_card":"summary_large_image","twitter_title":"B\u0103rbat din Lunca Ampoi\u021bei, re\u021binut pentru tulburarea lini\u0219tii publice - Revista Urbea Mea - Revista de Alba","twitter_description":"Poli\u0163i\u015ftii Sec\u0163iei 1 Poli\u0163ie Rural\u0103 Galda de Jos au re\u0163inut un b\u0103rbat din Lunca Ampoi\u0163ei care a tulburat lini\u015ftea public\u0103 din localitate, a distrus","twitter_image":"https:\/\/urbeamea.ro\/albaiulia\/wp-content\/uploads\/2016\/02\/arest.png","twitter_creator":"@urbeameaweb","twitter_site":"@urbeameaweb","schema":{"@context":"https:\/\/schema.org","@graph":[{"@type":"Article","@id":"https:\/\/urbeamea.ro\/albaiulia\/barbat-din-lunca-ampoitei-retinut-pentru-tulburarea-linistii-publice\/#article","isPartOf":{"@id":"https:\/\/urbeamea.ro\/albaiulia\/barbat-din-lunca-ampoitei-retinut-pentru-tulburarea-linistii-publice\/"},"author":{"name":"Redac\u021bia UrbeaMea","@id":"https:\/\/urbeamea.ro\/albaiulia\/#\/schema\/person\/272ae98052f8ee8980f59848df070247"},"headline":"B\u0103rbat din Lunca Ampoi\u021bei, re\u021binut pentru tulburarea lini\u0219tii publice","datePublished":"2016-07-26T09:09:09+00:00","mainEntityOfPage":{"@id":"https:\/\/urbeamea.ro\/albaiulia\/barbat-din-lunca-ampoitei-retinut-pentru-tulburarea-linistii-publice\/"},"wordCount":257,"commentCount":0,"image":{"@id":"https:\/\/urbeamea.ro\/albaiulia\/barbat-din-lunca-ampoitei-retinut-pentru-tulburarea-linistii-publice\/#primaryimage"},"thumbnailUrl":"https:\/\/urbeamea.ro\/albaiulia\/wp-content\/uploads\/2016\/02\/arest.png","keywords":["alba","amenintat","bunuri","lunca ampoitei","retinut","stiri","tulburare","Urbea Mea"],"articleSection":["Social"],"inLanguage":"ro-RO","potentialAction":[{"@type":"CommentAction","name":"Comment","target":["https:\/\/urbeamea.ro\/albaiulia\/barbat-din-lunca-ampoitei-retinut-pentru-tulburarea-linistii-publice\/#respond"]}]},{"@type":"WebPage","@id":"https:\/\/urbeamea.ro\/albaiulia\/barbat-din-lunca-ampoitei-retinut-pentru-tulburarea-linistii-publice\/","url":"https:\/\/urbeamea.ro\/albaiulia\/barbat-din-lunca-ampoitei-retinut-pentru-tulburarea-linistii-publice\/","name":"B\u0103rbat din Lunca Ampoi\u021bei, re\u021binut pentru tulburarea lini\u0219tii publice - Revista Urbea Mea - Revista de Alba","isPartOf":{"@id":"https:\/\/urbeamea.ro\/albaiulia\/#website"},"primaryImageOfPage":{"@id":"https:\/\/urbeamea.ro\/albaiulia\/barbat-din-lunca-ampoitei-retinut-pentru-tulburarea-linistii-publice\/#primaryimage"},"image":{"@id":"https:\/\/urbeamea.ro\/albaiulia\/barbat-din-lunca-ampoitei-retinut-pentru-tulburarea-linistii-publice\/#primaryimage"},"thumbnailUrl":"https:\/\/urbeamea.ro\/albaiulia\/wp-content\/uploads\/2016\/02\/arest.png","datePublished":"2016-07-26T09:09:09+00:00","author":{"@id":"https:\/\/urbeamea.ro\/albaiulia\/#\/schema\/person\/272ae98052f8ee8980f59848df070247"},"description":"Poli\u0163i\u015ftii Sec\u0163iei 1 Poli\u0163ie Rural\u0103 Galda de Jos au re\u0163inut un b\u0103rbat din Lunca Ampoi\u0163ei care a tulburat lini\u015ftea public\u0103 din localitate, a distrus","breadcrumb":{"@id":"https:\/\/urbeamea.ro\/albaiulia\/barbat-din-lunca-ampoitei-retinut-pentru-tulburarea-linistii-publice\/#breadcrumb"},"inLanguage":"ro-RO","potentialAction":[{"@type":"ReadAction","target":["https:\/\/urbeamea.ro\/albaiulia\/barbat-din-lunca-ampoitei-retinut-pentru-tulburarea-linistii-publice\/"]}]},{"@type":"ImageObject","inLanguage":"ro-RO","@id":"https:\/\/urbeamea.ro\/albaiulia\/barbat-din-lunca-ampoitei-retinut-pentru-tulburarea-linistii-publice\/#primaryimage","url":"https:\/\/urbeamea.ro\/albaiulia\/wp-content\/uploads\/2016\/02\/arest.png","contentUrl":"https:\/\/urbeamea.ro\/albaiulia\/wp-content\/uploads\/2016\/02\/arest.png","width":700,"height":507},{"@type":"BreadcrumbList","@id":"https:\/\/urbeamea.ro\/albaiulia\/barbat-din-lunca-ampoitei-retinut-pentru-tulburarea-linistii-publice\/#breadcrumb","itemListElement":[{"@type":"ListItem","position":1,"name":"Prima pagin\u0103","item":"https:\/\/urbeamea.ro\/albaiulia\/"},{"@type":"ListItem","position":2,"name":"B\u0103rbat din Lunca Ampoi\u021bei, re\u021binut pentru tulburarea lini\u0219tii publice"}]},{"@type":"WebSite","@id":"https:\/\/urbeamea.ro\/albaiulia\/#website","url":"https:\/\/urbeamea.ro\/albaiulia\/","name":"Revista Urbea Mea, Stiri urbane","description":"Evenimente \u0219i \u0219tiri din Alba Iulia, Sebe\u0219, Aiud, Blaj","potentialAction":[{"@type":"SearchAction","target":{"@type":"EntryPoint","urlTemplate":"https:\/\/urbeamea.ro\/albaiulia\/?s={search_term_string}"},"query-input":{"@type":"PropertyValueSpecification","valueRequired":true,"valueName":"search_term_string"}}],"inLanguage":"ro-RO"},{"@type":"Person","@id":"https:\/\/urbeamea.ro\/albaiulia\/#\/schema\/person\/272ae98052f8ee8980f59848df070247","name":"Redac\u021bia UrbeaMea","image":{"@type":"ImageObject","inLanguage":"ro-RO","@id":"https:\/\/secure.gravatar.com\/avatar\/9ce5a9435071fa1037e8468053ead8e513dbbff59009d3069aadb85506d85a27?s=96&d=mm&r=g","url":"https:\/\/secure.gravatar.com\/avatar\/9ce5a9435071fa1037e8468053ead8e513dbbff59009d3069aadb85506d85a27?s=96&d=mm&r=g","contentUrl":"https:\/\/secure.gravatar.com\/avatar\/9ce5a9435071fa1037e8468053ead8e513dbbff59009d3069aadb85506d85a27?s=96&d=mm&r=g","caption":"Redac\u021bia UrbeaMea"},"description":"contact@urbeamea.ro","sameAs":["https:\/\/www.urbeamea.ro"],"url":"https:\/\/urbeamea.ro\/albaiulia\/author\/redactia-urbeamea\/"}]}},"_links":{"self":[{"href":"https:\/\/urbeamea.ro\/albaiulia\/wp-json\/wp\/v2\/posts\/28946","targetHints":{"allow":["GET"]}}],"collection":[{"href":"https:\/\/urbeamea.ro\/albaiulia\/wp-json\/wp\/v2\/posts"}],"about":[{"href":"https:\/\/urbeamea.ro\/albaiulia\/wp-json\/wp\/v2\/types\/post"}],"author":[{"embeddable":true,"href":"https:\/\/urbeamea.ro\/albaiulia\/wp-json\/wp\/v2\/users\/16"}],"replies":[{"embeddable":true,"href":"https:\/\/urbeamea.ro\/albaiulia\/wp-json\/wp\/v2\/comments?post=28946"}],"version-history":[{"count":0,"href":"https:\/\/urbeamea.ro\/albaiulia\/wp-json\/wp\/v2\/posts\/28946\/revisions"}],"wp:featuredmedia":[{"embeddable":true,"href":"https:\/\/urbeamea.ro\/albaiulia\/wp-json\/wp\/v2\/media\/17555"}],"wp:attachment":[{"href":"https:\/\/urbeamea.ro\/albaiulia\/wp-json\/wp\/v2\/media?parent=28946"}],"wp:term":[{"taxonomy":"category","embeddable":true,"href":"https:\/\/urbeamea.ro\/albaiulia\/wp-json\/wp\/v2\/categories?post=28946"},{"taxonomy":"post_tag","embeddable":true,"href":"https:\/\/urbeamea.ro\/albaiulia\/wp-json\/wp\/v2\/tags?post=28946"}],"curies":[{"name":"wp","href":"https:\/\/api.w.org\/{rel}","templated":true}]}}