{"id":29188,"date":"2016-08-01T18:14:54","date_gmt":"2016-08-01T15:14:54","guid":{"rendered":"http:\/\/urbeamea.ro\/albaiulia\/?p=29188"},"modified":"2016-08-01T18:14:54","modified_gmt":"2016-08-01T15:14:54","slug":"miercuri-alimentatia-cu-gaz-va-fi-oprita-in-patru-localitati-din-judetul-alba","status":"publish","type":"post","link":"https:\/\/urbeamea.ro\/albaiulia\/miercuri-alimentatia-cu-gaz-va-fi-oprita-in-patru-localitati-din-judetul-alba\/","title":{"rendered":"MIERCURI: Alimenta\u021bia cu gaz va fi oprit\u0103 \u00een patru localit\u0103\u021bi din jude\u021bul Alba"},"content":{"rendered":"<p><strong><img loading=\"lazy\" decoding=\"async\" class=\"size-medium wp-image-19399 alignleft\" src=\"http:\/\/urbeamea.ro\/albaiulia\/wp-content\/uploads\/2016\/03\/gaz-300x168.jpg\" alt=\"gaz\" width=\"300\" height=\"168\" \/>Miercuri, 3 august, patru localit\u0103\u0163i din jude\u0163ul Alba vor r\u0103m\u00e2ne temporar f\u0103r\u0103 alimentare cu gaz metan, din cauza unor lucr\u0103ri la re\u0163ea, potrivit E.ON Distribu\u0163ie Rom\u00e2nia.<\/strong><\/p>\n<p><em>\u201ePentru efectuarea unor lucr\u0103ri specifice la sistemul de transport al gazelor naturale de c\u0103tre compania Transgaz, E.ON Distribu\u0163ie Rom\u00e2nia este nevoit\u0103 s\u0103 sisteze alimentarea cu gaze naturale, miercuri, 3 august, \u00eencep\u00e2nd cu ora 8.00, \u00een localit\u0103\u0163ile S\u00e2ntimbru, S\u00e2ntimbru-fabrica, Galtiu\u00a0\u015fi Co\u015flariu din jude\u0163ul Alba\u201c<\/em>, transmite companie.<\/p>\n<p>Reluarea serviciului de distribu\u0163ie a gazelor naturale se va efectua treptat, imediat dup\u0103 finalizarea acestor lucr\u0103ri, cel mai probabil \u00eencep\u00e2nd cu ora 18.00, potrivit sursei citate.<\/p>\n<p>Compania solicit\u0103 consumatorilor s\u0103 \u00eenchid\u0103 toate focurile, iar dup\u0103 reluarea distribu\u0163iei gazelor naturale s\u0103 supravegheze modul de ardere a acestora timp de 30 minute.<\/p>\n<p>\u00cen cazul \u00een care simt miros specific de gaz, consumatorii sunt ruga\u0163i s\u0103 anun\u0163e imediat dispeceratul de urgen\u0163\u0103 al E.ON Distribu\u0163ie la unul dintre numerele de telefon:<\/p>\n<p>0800.800.928 (num\u0103r gratuit, apelabil din principalele re\u0163ele de telefonie fix\u0103 \u015fi mobil\u0103)<\/p>\n<p>sau<\/p>\n<p>0265.200.928 (num\u0103r taxabil cu tarif local din re\u0163eaua Romtelecom \u015fi cu tariful operatorului din toate celelalte re\u0163ele de telefonie).<\/p>\n","protected":false},"excerpt":{"rendered":"<p>Miercuri, 3 august, patru localit\u0103\u0163i din jude\u0163ul Alba vor r\u0103m\u00e2ne temporar f\u0103r\u0103 alimentare cu gaz metan, din cauza unor lucr\u0103ri la re\u0163ea, potrivit E.ON Distribu\u0163ie Rom\u00e2nia. \u201ePentru efectuarea unor lucr\u0103ri specifice la sistemul de transport al gazelor naturale de c\u0103tre compania Transgaz, E.ON Distribu\u0163ie Rom\u00e2nia este nevoit\u0103 s\u0103 sisteze alimentarea cu gaze naturale, miercuri, 3 &hellip;<\/p>\n","protected":false},"author":17,"featured_media":19399,"comment_status":"open","ping_status":"open","sticky":false,"template":"","format":"standard","meta":{"inline_featured_image":false,"footnotes":""},"categories":[2034],"tags":[307,976,6256,5650,6641,5586,6639,5037,5253,6640,308,76],"class_list":["post-29188","post","type-post","status-publish","format-standard","has-post-thumbnail","hentry","category-social","tag-alba","tag-alimentatie","tag-companie","tag-coslariu","tag-e-on-distributie-romania","tag-galtiu","tag-gaz-metan","tag-localitati","tag-sintimbru","tag-sintimbru-fabrica","tag-stiri","tag-urbea-mea"],"yoast_head":"<!-- This site is optimized with the Yoast SEO plugin v28.3 - https:\/\/yoast.com\/product\/yoast-seo-wordpress\/ -->\n<title>MIERCURI: Alimenta\u021bia cu gaz va fi oprit\u0103 \u00een patru localit\u0103\u021bi din jude\u021bul Alba - Revista Urbea Mea - Revista de Alba<\/title>\n<meta name=\"description\" content=\"Miercuri, 3 august, patru localit\u0103\u0163i din jude\u0163ul Alba vor r\u0103m\u00e2ne temporar f\u0103r\u0103 alimentare cu gaz metan, din cauza unor lucr\u0103ri la re\u0163ea, potrivit E.ON\" \/>\n<meta name=\"robots\" content=\"index, follow, max-snippet:-1, max-image-preview:large, max-video-preview:-1\" \/>\n<link rel=\"canonical\" href=\"https:\/\/urbeamea.ro\/albaiulia\/miercuri-alimentatia-cu-gaz-va-fi-oprita-in-patru-localitati-din-judetul-alba\/\" \/>\n<meta name=\"twitter:card\" content=\"summary_large_image\" \/>\n<meta name=\"twitter:title\" content=\"MIERCURI: Alimenta\u021bia cu gaz va fi oprit\u0103 \u00een patru localit\u0103\u021bi din jude\u021bul Alba - Revista Urbea Mea - Revista de Alba\" \/>\n<meta name=\"twitter:description\" content=\"Miercuri, 3 august, patru localit\u0103\u0163i din jude\u0163ul Alba vor r\u0103m\u00e2ne temporar f\u0103r\u0103 alimentare cu gaz metan, din cauza unor lucr\u0103ri la re\u0163ea, potrivit E.ON\" \/>\n<meta name=\"twitter:image\" content=\"https:\/\/urbeamea.ro\/albaiulia\/wp-content\/uploads\/2016\/03\/gaz.jpg\" \/>\n<meta name=\"twitter:creator\" content=\"@urbeameaweb\" \/>\n<meta name=\"twitter:site\" content=\"@urbeameaweb\" \/>\n<script type=\"application\/ld+json\" class=\"yoast-schema-graph\">{\"@context\":\"https:\\\/\\\/schema.org\",\"@graph\":[{\"@type\":\"Article\",\"@id\":\"https:\\\/\\\/urbeamea.ro\\\/albaiulia\\\/miercuri-alimentatia-cu-gaz-va-fi-oprita-in-patru-localitati-din-judetul-alba\\\/#article\",\"isPartOf\":{\"@id\":\"https:\\\/\\\/urbeamea.ro\\\/albaiulia\\\/miercuri-alimentatia-cu-gaz-va-fi-oprita-in-patru-localitati-din-judetul-alba\\\/\"},\"author\":{\"name\":\"Cristina Ganga\",\"@id\":\"https:\\\/\\\/urbeamea.ro\\\/albaiulia\\\/#\\\/schema\\\/person\\\/9700d21fae21c4f038b0b56f4506264a\"},\"headline\":\"MIERCURI: Alimenta\u021bia cu gaz va fi oprit\u0103 \u00een patru localit\u0103\u021bi din jude\u021bul Alba\",\"datePublished\":\"2016-08-01T15:14:54+00:00\",\"mainEntityOfPage\":{\"@id\":\"https:\\\/\\\/urbeamea.ro\\\/albaiulia\\\/miercuri-alimentatia-cu-gaz-va-fi-oprita-in-patru-localitati-din-judetul-alba\\\/\"},\"wordCount\":224,\"commentCount\":0,\"image\":{\"@id\":\"https:\\\/\\\/urbeamea.ro\\\/albaiulia\\\/miercuri-alimentatia-cu-gaz-va-fi-oprita-in-patru-localitati-din-judetul-alba\\\/#primaryimage\"},\"thumbnailUrl\":\"https:\\\/\\\/urbeamea.ro\\\/albaiulia\\\/wp-content\\\/uploads\\\/2016\\\/03\\\/gaz.jpg\",\"keywords\":[\"alba\",\"alimentatie\",\"companie\",\"coslariu\",\"E.ON Distributie Rom\u00e2nia\",\"galtiu\",\"gaz metan\",\"localitati\",\"s\u00eentimbru\",\"s\u00eentimbru-fabrica\",\"stiri\",\"Urbea Mea\"],\"articleSection\":[\"Social\"],\"inLanguage\":\"ro-RO\",\"potentialAction\":[{\"@type\":\"CommentAction\",\"name\":\"Comment\",\"target\":[\"https:\\\/\\\/urbeamea.ro\\\/albaiulia\\\/miercuri-alimentatia-cu-gaz-va-fi-oprita-in-patru-localitati-din-judetul-alba\\\/#respond\"]}]},{\"@type\":\"WebPage\",\"@id\":\"https:\\\/\\\/urbeamea.ro\\\/albaiulia\\\/miercuri-alimentatia-cu-gaz-va-fi-oprita-in-patru-localitati-din-judetul-alba\\\/\",\"url\":\"https:\\\/\\\/urbeamea.ro\\\/albaiulia\\\/miercuri-alimentatia-cu-gaz-va-fi-oprita-in-patru-localitati-din-judetul-alba\\\/\",\"name\":\"MIERCURI: Alimenta\u021bia cu gaz va fi oprit\u0103 \u00een patru localit\u0103\u021bi din jude\u021bul Alba - Revista Urbea Mea - Revista de Alba\",\"isPartOf\":{\"@id\":\"https:\\\/\\\/urbeamea.ro\\\/albaiulia\\\/#website\"},\"primaryImageOfPage\":{\"@id\":\"https:\\\/\\\/urbeamea.ro\\\/albaiulia\\\/miercuri-alimentatia-cu-gaz-va-fi-oprita-in-patru-localitati-din-judetul-alba\\\/#primaryimage\"},\"image\":{\"@id\":\"https:\\\/\\\/urbeamea.ro\\\/albaiulia\\\/miercuri-alimentatia-cu-gaz-va-fi-oprita-in-patru-localitati-din-judetul-alba\\\/#primaryimage\"},\"thumbnailUrl\":\"https:\\\/\\\/urbeamea.ro\\\/albaiulia\\\/wp-content\\\/uploads\\\/2016\\\/03\\\/gaz.jpg\",\"datePublished\":\"2016-08-01T15:14:54+00:00\",\"author\":{\"@id\":\"https:\\\/\\\/urbeamea.ro\\\/albaiulia\\\/#\\\/schema\\\/person\\\/9700d21fae21c4f038b0b56f4506264a\"},\"description\":\"Miercuri, 3 august, patru localit\u0103\u0163i din jude\u0163ul Alba vor r\u0103m\u00e2ne temporar f\u0103r\u0103 alimentare cu gaz metan, din cauza unor lucr\u0103ri la re\u0163ea, potrivit E.ON\",\"breadcrumb\":{\"@id\":\"https:\\\/\\\/urbeamea.ro\\\/albaiulia\\\/miercuri-alimentatia-cu-gaz-va-fi-oprita-in-patru-localitati-din-judetul-alba\\\/#breadcrumb\"},\"inLanguage\":\"ro-RO\",\"potentialAction\":[{\"@type\":\"ReadAction\",\"target\":[\"https:\\\/\\\/urbeamea.ro\\\/albaiulia\\\/miercuri-alimentatia-cu-gaz-va-fi-oprita-in-patru-localitati-din-judetul-alba\\\/\"]}]},{\"@type\":\"ImageObject\",\"inLanguage\":\"ro-RO\",\"@id\":\"https:\\\/\\\/urbeamea.ro\\\/albaiulia\\\/miercuri-alimentatia-cu-gaz-va-fi-oprita-in-patru-localitati-din-judetul-alba\\\/#primaryimage\",\"url\":\"https:\\\/\\\/urbeamea.ro\\\/albaiulia\\\/wp-content\\\/uploads\\\/2016\\\/03\\\/gaz.jpg\",\"contentUrl\":\"https:\\\/\\\/urbeamea.ro\\\/albaiulia\\\/wp-content\\\/uploads\\\/2016\\\/03\\\/gaz.jpg\",\"width\":702,\"height\":394},{\"@type\":\"BreadcrumbList\",\"@id\":\"https:\\\/\\\/urbeamea.ro\\\/albaiulia\\\/miercuri-alimentatia-cu-gaz-va-fi-oprita-in-patru-localitati-din-judetul-alba\\\/#breadcrumb\",\"itemListElement\":[{\"@type\":\"ListItem\",\"position\":1,\"name\":\"Prima pagin\u0103\",\"item\":\"https:\\\/\\\/urbeamea.ro\\\/albaiulia\\\/\"},{\"@type\":\"ListItem\",\"position\":2,\"name\":\"MIERCURI: Alimenta\u021bia cu gaz va fi oprit\u0103 \u00een patru localit\u0103\u021bi din jude\u021bul Alba\"}]},{\"@type\":\"WebSite\",\"@id\":\"https:\\\/\\\/urbeamea.ro\\\/albaiulia\\\/#website\",\"url\":\"https:\\\/\\\/urbeamea.ro\\\/albaiulia\\\/\",\"name\":\"Revista Urbea Mea, Stiri urbane\",\"description\":\"Evenimente \u0219i \u0219tiri din Alba Iulia, Sebe\u0219, Aiud, Blaj\",\"potentialAction\":[{\"@type\":\"SearchAction\",\"target\":{\"@type\":\"EntryPoint\",\"urlTemplate\":\"https:\\\/\\\/urbeamea.ro\\\/albaiulia\\\/?s={search_term_string}\"},\"query-input\":{\"@type\":\"PropertyValueSpecification\",\"valueRequired\":true,\"valueName\":\"search_term_string\"}}],\"inLanguage\":\"ro-RO\"},{\"@type\":\"Person\",\"@id\":\"https:\\\/\\\/urbeamea.ro\\\/albaiulia\\\/#\\\/schema\\\/person\\\/9700d21fae21c4f038b0b56f4506264a\",\"name\":\"Cristina Ganga\",\"image\":{\"@type\":\"ImageObject\",\"inLanguage\":\"ro-RO\",\"@id\":\"https:\\\/\\\/secure.gravatar.com\\\/avatar\\\/5a67661041f057b4a8ccaf26f5a8e86e2689372006d01faf3dd9eeb10b654bb4?s=96&d=mm&r=g\",\"url\":\"https:\\\/\\\/secure.gravatar.com\\\/avatar\\\/5a67661041f057b4a8ccaf26f5a8e86e2689372006d01faf3dd9eeb10b654bb4?s=96&d=mm&r=g\",\"contentUrl\":\"https:\\\/\\\/secure.gravatar.com\\\/avatar\\\/5a67661041f057b4a8ccaf26f5a8e86e2689372006d01faf3dd9eeb10b654bb4?s=96&d=mm&r=g\",\"caption\":\"Cristina Ganga\"},\"description\":\"Jurnalist\",\"sameAs\":[\"https:\\\/\\\/www.facebook.com\\\/cristina.nicola.587\"],\"url\":\"https:\\\/\\\/urbeamea.ro\\\/albaiulia\\\/author\\\/cristina-nicola\\\/\"}]}<\/script>\n<!-- \/ Yoast SEO plugin. -->","yoast_head_json":{"title":"MIERCURI: Alimenta\u021bia cu gaz va fi oprit\u0103 \u00een patru localit\u0103\u021bi din jude\u021bul Alba - Revista Urbea Mea - Revista de Alba","description":"Miercuri, 3 august, patru localit\u0103\u0163i din jude\u0163ul Alba vor r\u0103m\u00e2ne temporar f\u0103r\u0103 alimentare cu gaz metan, din cauza unor lucr\u0103ri la re\u0163ea, potrivit E.ON","robots":{"index":"index","follow":"follow","max-snippet":"max-snippet:-1","max-image-preview":"max-image-preview:large","max-video-preview":"max-video-preview:-1"},"canonical":"https:\/\/urbeamea.ro\/albaiulia\/miercuri-alimentatia-cu-gaz-va-fi-oprita-in-patru-localitati-din-judetul-alba\/","twitter_card":"summary_large_image","twitter_title":"MIERCURI: Alimenta\u021bia cu gaz va fi oprit\u0103 \u00een patru localit\u0103\u021bi din jude\u021bul Alba - Revista Urbea Mea - Revista de Alba","twitter_description":"Miercuri, 3 august, patru localit\u0103\u0163i din jude\u0163ul Alba vor r\u0103m\u00e2ne temporar f\u0103r\u0103 alimentare cu gaz metan, din cauza unor lucr\u0103ri la re\u0163ea, potrivit E.ON","twitter_image":"https:\/\/urbeamea.ro\/albaiulia\/wp-content\/uploads\/2016\/03\/gaz.jpg","twitter_creator":"@urbeameaweb","twitter_site":"@urbeameaweb","schema":{"@context":"https:\/\/schema.org","@graph":[{"@type":"Article","@id":"https:\/\/urbeamea.ro\/albaiulia\/miercuri-alimentatia-cu-gaz-va-fi-oprita-in-patru-localitati-din-judetul-alba\/#article","isPartOf":{"@id":"https:\/\/urbeamea.ro\/albaiulia\/miercuri-alimentatia-cu-gaz-va-fi-oprita-in-patru-localitati-din-judetul-alba\/"},"author":{"name":"Cristina Ganga","@id":"https:\/\/urbeamea.ro\/albaiulia\/#\/schema\/person\/9700d21fae21c4f038b0b56f4506264a"},"headline":"MIERCURI: Alimenta\u021bia cu gaz va fi oprit\u0103 \u00een patru localit\u0103\u021bi din jude\u021bul Alba","datePublished":"2016-08-01T15:14:54+00:00","mainEntityOfPage":{"@id":"https:\/\/urbeamea.ro\/albaiulia\/miercuri-alimentatia-cu-gaz-va-fi-oprita-in-patru-localitati-din-judetul-alba\/"},"wordCount":224,"commentCount":0,"image":{"@id":"https:\/\/urbeamea.ro\/albaiulia\/miercuri-alimentatia-cu-gaz-va-fi-oprita-in-patru-localitati-din-judetul-alba\/#primaryimage"},"thumbnailUrl":"https:\/\/urbeamea.ro\/albaiulia\/wp-content\/uploads\/2016\/03\/gaz.jpg","keywords":["alba","alimentatie","companie","coslariu","E.ON Distributie Rom\u00e2nia","galtiu","gaz metan","localitati","s\u00eentimbru","s\u00eentimbru-fabrica","stiri","Urbea Mea"],"articleSection":["Social"],"inLanguage":"ro-RO","potentialAction":[{"@type":"CommentAction","name":"Comment","target":["https:\/\/urbeamea.ro\/albaiulia\/miercuri-alimentatia-cu-gaz-va-fi-oprita-in-patru-localitati-din-judetul-alba\/#respond"]}]},{"@type":"WebPage","@id":"https:\/\/urbeamea.ro\/albaiulia\/miercuri-alimentatia-cu-gaz-va-fi-oprita-in-patru-localitati-din-judetul-alba\/","url":"https:\/\/urbeamea.ro\/albaiulia\/miercuri-alimentatia-cu-gaz-va-fi-oprita-in-patru-localitati-din-judetul-alba\/","name":"MIERCURI: Alimenta\u021bia cu gaz va fi oprit\u0103 \u00een patru localit\u0103\u021bi din jude\u021bul Alba - Revista Urbea Mea - Revista de Alba","isPartOf":{"@id":"https:\/\/urbeamea.ro\/albaiulia\/#website"},"primaryImageOfPage":{"@id":"https:\/\/urbeamea.ro\/albaiulia\/miercuri-alimentatia-cu-gaz-va-fi-oprita-in-patru-localitati-din-judetul-alba\/#primaryimage"},"image":{"@id":"https:\/\/urbeamea.ro\/albaiulia\/miercuri-alimentatia-cu-gaz-va-fi-oprita-in-patru-localitati-din-judetul-alba\/#primaryimage"},"thumbnailUrl":"https:\/\/urbeamea.ro\/albaiulia\/wp-content\/uploads\/2016\/03\/gaz.jpg","datePublished":"2016-08-01T15:14:54+00:00","author":{"@id":"https:\/\/urbeamea.ro\/albaiulia\/#\/schema\/person\/9700d21fae21c4f038b0b56f4506264a"},"description":"Miercuri, 3 august, patru localit\u0103\u0163i din jude\u0163ul Alba vor r\u0103m\u00e2ne temporar f\u0103r\u0103 alimentare cu gaz metan, din cauza unor lucr\u0103ri la re\u0163ea, potrivit E.ON","breadcrumb":{"@id":"https:\/\/urbeamea.ro\/albaiulia\/miercuri-alimentatia-cu-gaz-va-fi-oprita-in-patru-localitati-din-judetul-alba\/#breadcrumb"},"inLanguage":"ro-RO","potentialAction":[{"@type":"ReadAction","target":["https:\/\/urbeamea.ro\/albaiulia\/miercuri-alimentatia-cu-gaz-va-fi-oprita-in-patru-localitati-din-judetul-alba\/"]}]},{"@type":"ImageObject","inLanguage":"ro-RO","@id":"https:\/\/urbeamea.ro\/albaiulia\/miercuri-alimentatia-cu-gaz-va-fi-oprita-in-patru-localitati-din-judetul-alba\/#primaryimage","url":"https:\/\/urbeamea.ro\/albaiulia\/wp-content\/uploads\/2016\/03\/gaz.jpg","contentUrl":"https:\/\/urbeamea.ro\/albaiulia\/wp-content\/uploads\/2016\/03\/gaz.jpg","width":702,"height":394},{"@type":"BreadcrumbList","@id":"https:\/\/urbeamea.ro\/albaiulia\/miercuri-alimentatia-cu-gaz-va-fi-oprita-in-patru-localitati-din-judetul-alba\/#breadcrumb","itemListElement":[{"@type":"ListItem","position":1,"name":"Prima pagin\u0103","item":"https:\/\/urbeamea.ro\/albaiulia\/"},{"@type":"ListItem","position":2,"name":"MIERCURI: Alimenta\u021bia cu gaz va fi oprit\u0103 \u00een patru localit\u0103\u021bi din jude\u021bul Alba"}]},{"@type":"WebSite","@id":"https:\/\/urbeamea.ro\/albaiulia\/#website","url":"https:\/\/urbeamea.ro\/albaiulia\/","name":"Revista Urbea Mea, Stiri urbane","description":"Evenimente \u0219i \u0219tiri din Alba Iulia, Sebe\u0219, Aiud, Blaj","potentialAction":[{"@type":"SearchAction","target":{"@type":"EntryPoint","urlTemplate":"https:\/\/urbeamea.ro\/albaiulia\/?s={search_term_string}"},"query-input":{"@type":"PropertyValueSpecification","valueRequired":true,"valueName":"search_term_string"}}],"inLanguage":"ro-RO"},{"@type":"Person","@id":"https:\/\/urbeamea.ro\/albaiulia\/#\/schema\/person\/9700d21fae21c4f038b0b56f4506264a","name":"Cristina Ganga","image":{"@type":"ImageObject","inLanguage":"ro-RO","@id":"https:\/\/secure.gravatar.com\/avatar\/5a67661041f057b4a8ccaf26f5a8e86e2689372006d01faf3dd9eeb10b654bb4?s=96&d=mm&r=g","url":"https:\/\/secure.gravatar.com\/avatar\/5a67661041f057b4a8ccaf26f5a8e86e2689372006d01faf3dd9eeb10b654bb4?s=96&d=mm&r=g","contentUrl":"https:\/\/secure.gravatar.com\/avatar\/5a67661041f057b4a8ccaf26f5a8e86e2689372006d01faf3dd9eeb10b654bb4?s=96&d=mm&r=g","caption":"Cristina Ganga"},"description":"Jurnalist","sameAs":["https:\/\/www.facebook.com\/cristina.nicola.587"],"url":"https:\/\/urbeamea.ro\/albaiulia\/author\/cristina-nicola\/"}]}},"_links":{"self":[{"href":"https:\/\/urbeamea.ro\/albaiulia\/wp-json\/wp\/v2\/posts\/29188","targetHints":{"allow":["GET"]}}],"collection":[{"href":"https:\/\/urbeamea.ro\/albaiulia\/wp-json\/wp\/v2\/posts"}],"about":[{"href":"https:\/\/urbeamea.ro\/albaiulia\/wp-json\/wp\/v2\/types\/post"}],"author":[{"embeddable":true,"href":"https:\/\/urbeamea.ro\/albaiulia\/wp-json\/wp\/v2\/users\/17"}],"replies":[{"embeddable":true,"href":"https:\/\/urbeamea.ro\/albaiulia\/wp-json\/wp\/v2\/comments?post=29188"}],"version-history":[{"count":0,"href":"https:\/\/urbeamea.ro\/albaiulia\/wp-json\/wp\/v2\/posts\/29188\/revisions"}],"wp:featuredmedia":[{"embeddable":true,"href":"https:\/\/urbeamea.ro\/albaiulia\/wp-json\/wp\/v2\/media\/19399"}],"wp:attachment":[{"href":"https:\/\/urbeamea.ro\/albaiulia\/wp-json\/wp\/v2\/media?parent=29188"}],"wp:term":[{"taxonomy":"category","embeddable":true,"href":"https:\/\/urbeamea.ro\/albaiulia\/wp-json\/wp\/v2\/categories?post=29188"},{"taxonomy":"post_tag","embeddable":true,"href":"https:\/\/urbeamea.ro\/albaiulia\/wp-json\/wp\/v2\/tags?post=29188"}],"curies":[{"name":"wp","href":"https:\/\/api.w.org\/{rel}","templated":true}]}}