{"id":29249,"date":"2016-08-03T09:51:29","date_gmt":"2016-08-03T06:51:29","guid":{"rendered":"http:\/\/urbeamea.ro\/albaiulia\/?p=29249"},"modified":"2016-08-03T09:51:29","modified_gmt":"2016-08-03T06:51:29","slug":"6-7-august-a-xii-a-editie-a-festivalului-alba-afroda-la-sancel-program","status":"publish","type":"post","link":"https:\/\/urbeamea.ro\/albaiulia\/6-7-august-a-xii-a-editie-a-festivalului-alba-afroda-la-sancel-program\/","title":{"rendered":"6-7 august: A XII-a edi\u0163ie a Festivalului Alba Afroda, la S\u00e2ncel. Program"},"content":{"rendered":"<p><strong><img loading=\"lazy\" decoding=\"async\" class=\"size-medium wp-image-29250 alignleft\" src=\"http:\/\/urbeamea.ro\/albaiulia\/wp-content\/uploads\/2016\/08\/program-alba-afroda-sancel-2016-212x300.jpg\" alt=\"afis afroda\" width=\"212\" height=\"300\" \/>\u00cen weekendul 6-7 august, comuna S\u00e2ncel va fi gazda celei de-a XII-a edi\u0163ie a Festivalului Alba Afroda. Campionat de fotbal, promovarea re\u0163etelor tradi\u0163ionale \u015fi program artistic cu ansambluri locale fac parte din programul edi\u021biei de anul acesta<\/strong>.<\/p>\n<p>De asemenea, organizatorii au preg\u0103tit \u015fi discotec\u0103 \u00een aer liber \u015fi foc de tab\u0103r\u0103.<\/p>\n<p><strong>Festivalul Alba Afroda 2016 \u2013 PROGRAM<\/strong>:<\/p>\n<p><strong><em>S\u00e2mb\u0103t\u0103, 6 august<\/em><\/strong><\/p>\n<p>Ora 9.00 Campiona de fotbal \u201cCupa prieteniei\u201d \u2013 terenul de fotbal din S\u00e2ncel<\/p>\n<p><strong><em>Duminic\u0103, 7 august<\/em><\/strong><\/p>\n<p>Ora 16.00 Deschiderea oficial\u0103 a Festivalului<\/p>\n<p>Program artistic sus\u0163inut de ansamblurile artistice din S\u0103sciori, R\u0103de\u015fti, S\u00e2ntimbru, Ro\u015fia de Seca\u015f, Ciugud, Cerg\u0103u, \u015epring, S\u00e2ncel, Piano<\/p>\n<p>Promovarea re\u0163etelor tradi\u0163ionale specifice \u015fi a me\u015fterilor artizanali locali<\/p>\n<p>Foc de tab\u0103r\u0103<\/p>\n<p>Discotec\u0103 \u00een aer liber.<\/p>\n<p>Asocia\u0163ia Alba Afroda cuprinde localit\u0103\u0163ile R\u0103de\u015fti, S\u00e2ncel, S\u0103sciori, S\u00e2ntimbru, Ciugud, Cenade, Ro\u015fia de Seca\u015f, Cerg\u0103u, Pianu \u015fi \u015epring \u015fi promoveaz\u0103 tradi\u0163iile \u015fi obiceiurile populare specifice fiec\u0103rei zone, inclusiv prin festivalul men\u0163ionat.<\/p>\n<p>Festivalul Alba Afroda este organizat de asocia\u0163ie, \u00een colaborare cu Prim\u0103ria S\u00e2ncel \u015fi Consiliul Jude\u0163ean Alba.<\/p>\n","protected":false},"excerpt":{"rendered":"<p>\u00cen weekendul 6-7 august, comuna S\u00e2ncel va fi gazda celei de-a XII-a edi\u0163ie a Festivalului Alba Afroda. Campionat de fotbal, promovarea re\u0163etelor tradi\u0163ionale \u015fi program artistic cu ansambluri locale fac parte din programul edi\u021biei de anul acesta. De asemenea, organizatorii au preg\u0103tit \u015fi discotec\u0103 \u00een aer liber \u015fi foc de tab\u0103r\u0103. Festivalul Alba Afroda 2016 &hellip;<\/p>\n","protected":false},"author":17,"featured_media":29250,"comment_status":"open","ping_status":"open","sticky":false,"template":"","format":"standard","meta":{"inline_featured_image":false,"footnotes":""},"categories":[4],"tags":[307,6669,6666,6667,6665,4967,346,6668,5818,308,76],"class_list":["post-29249","post","type-post","status-publish","format-standard","has-post-thumbnail","hentry","category-eveniment","tag-alba","tag-ansambluri-locale","tag-campionat-de-fotbal","tag-discoteca-in-aer-liber","tag-festivalul-alba-afroda","tag-foc-de-tabara","tag-program","tag-program-artistic","tag-sancel","tag-stiri","tag-urbea-mea"],"yoast_head":"<!-- This site is optimized with the Yoast SEO plugin v28.3 - https:\/\/yoast.com\/product\/yoast-seo-wordpress\/ -->\n<title>6-7 august: A XII-a edi\u0163ie a Festivalului Alba Afroda, la S\u00e2ncel. Program - Revista Urbea Mea - Revista de Alba<\/title>\n<meta name=\"description\" content=\"\u00cen weekendul 6-7 august, comuna S\u00e2ncel va fi gazda celei de-a XII-a edi\u0163ie a Festivalului Alba Afroda. Campionat de fotbal, promovarea re\u0163etelor\" \/>\n<meta name=\"robots\" content=\"index, follow, max-snippet:-1, max-image-preview:large, max-video-preview:-1\" \/>\n<link rel=\"canonical\" href=\"https:\/\/urbeamea.ro\/albaiulia\/6-7-august-a-xii-a-editie-a-festivalului-alba-afroda-la-sancel-program\/\" \/>\n<meta name=\"twitter:card\" content=\"summary_large_image\" \/>\n<meta name=\"twitter:title\" content=\"6-7 august: A XII-a edi\u0163ie a Festivalului Alba Afroda, la S\u00e2ncel. Program - Revista Urbea Mea - Revista de Alba\" \/>\n<meta name=\"twitter:description\" content=\"\u00cen weekendul 6-7 august, comuna S\u00e2ncel va fi gazda celei de-a XII-a edi\u0163ie a Festivalului Alba Afroda. Campionat de fotbal, promovarea re\u0163etelor\" \/>\n<meta name=\"twitter:image\" content=\"https:\/\/urbeamea.ro\/albaiulia\/wp-content\/uploads\/2016\/08\/program-alba-afroda-sancel-2016.jpg\" \/>\n<meta name=\"twitter:creator\" content=\"@urbeameaweb\" \/>\n<meta name=\"twitter:site\" content=\"@urbeameaweb\" \/>\n<script type=\"application\/ld+json\" class=\"yoast-schema-graph\">{\"@context\":\"https:\\\/\\\/schema.org\",\"@graph\":[{\"@type\":\"Article\",\"@id\":\"https:\\\/\\\/urbeamea.ro\\\/albaiulia\\\/6-7-august-a-xii-a-editie-a-festivalului-alba-afroda-la-sancel-program\\\/#article\",\"isPartOf\":{\"@id\":\"https:\\\/\\\/urbeamea.ro\\\/albaiulia\\\/6-7-august-a-xii-a-editie-a-festivalului-alba-afroda-la-sancel-program\\\/\"},\"author\":{\"name\":\"Cristina Ganga\",\"@id\":\"https:\\\/\\\/urbeamea.ro\\\/albaiulia\\\/#\\\/schema\\\/person\\\/9700d21fae21c4f038b0b56f4506264a\"},\"headline\":\"6-7 august: A XII-a edi\u0163ie a Festivalului Alba Afroda, la S\u00e2ncel. Program\",\"datePublished\":\"2016-08-03T06:51:29+00:00\",\"mainEntityOfPage\":{\"@id\":\"https:\\\/\\\/urbeamea.ro\\\/albaiulia\\\/6-7-august-a-xii-a-editie-a-festivalului-alba-afroda-la-sancel-program\\\/\"},\"wordCount\":208,\"commentCount\":0,\"image\":{\"@id\":\"https:\\\/\\\/urbeamea.ro\\\/albaiulia\\\/6-7-august-a-xii-a-editie-a-festivalului-alba-afroda-la-sancel-program\\\/#primaryimage\"},\"thumbnailUrl\":\"https:\\\/\\\/urbeamea.ro\\\/albaiulia\\\/wp-content\\\/uploads\\\/2016\\\/08\\\/program-alba-afroda-sancel-2016.jpg\",\"keywords\":[\"alba\",\"ansambluri locale\",\"campionat de fotbal\",\"discoteca in aer liber\",\"festivalul alba afroda\",\"foc de tabara\",\"program\",\"program artistic\",\"S\u00e2ncel\",\"stiri\",\"Urbea Mea\"],\"articleSection\":[\"Evenimente\"],\"inLanguage\":\"ro-RO\",\"potentialAction\":[{\"@type\":\"CommentAction\",\"name\":\"Comment\",\"target\":[\"https:\\\/\\\/urbeamea.ro\\\/albaiulia\\\/6-7-august-a-xii-a-editie-a-festivalului-alba-afroda-la-sancel-program\\\/#respond\"]}]},{\"@type\":\"WebPage\",\"@id\":\"https:\\\/\\\/urbeamea.ro\\\/albaiulia\\\/6-7-august-a-xii-a-editie-a-festivalului-alba-afroda-la-sancel-program\\\/\",\"url\":\"https:\\\/\\\/urbeamea.ro\\\/albaiulia\\\/6-7-august-a-xii-a-editie-a-festivalului-alba-afroda-la-sancel-program\\\/\",\"name\":\"6-7 august: A XII-a edi\u0163ie a Festivalului Alba Afroda, la S\u00e2ncel. Program - Revista Urbea Mea - Revista de Alba\",\"isPartOf\":{\"@id\":\"https:\\\/\\\/urbeamea.ro\\\/albaiulia\\\/#website\"},\"primaryImageOfPage\":{\"@id\":\"https:\\\/\\\/urbeamea.ro\\\/albaiulia\\\/6-7-august-a-xii-a-editie-a-festivalului-alba-afroda-la-sancel-program\\\/#primaryimage\"},\"image\":{\"@id\":\"https:\\\/\\\/urbeamea.ro\\\/albaiulia\\\/6-7-august-a-xii-a-editie-a-festivalului-alba-afroda-la-sancel-program\\\/#primaryimage\"},\"thumbnailUrl\":\"https:\\\/\\\/urbeamea.ro\\\/albaiulia\\\/wp-content\\\/uploads\\\/2016\\\/08\\\/program-alba-afroda-sancel-2016.jpg\",\"datePublished\":\"2016-08-03T06:51:29+00:00\",\"author\":{\"@id\":\"https:\\\/\\\/urbeamea.ro\\\/albaiulia\\\/#\\\/schema\\\/person\\\/9700d21fae21c4f038b0b56f4506264a\"},\"description\":\"\u00cen weekendul 6-7 august, comuna S\u00e2ncel va fi gazda celei de-a XII-a edi\u0163ie a Festivalului Alba Afroda. Campionat de fotbal, promovarea re\u0163etelor\",\"breadcrumb\":{\"@id\":\"https:\\\/\\\/urbeamea.ro\\\/albaiulia\\\/6-7-august-a-xii-a-editie-a-festivalului-alba-afroda-la-sancel-program\\\/#breadcrumb\"},\"inLanguage\":\"ro-RO\",\"potentialAction\":[{\"@type\":\"ReadAction\",\"target\":[\"https:\\\/\\\/urbeamea.ro\\\/albaiulia\\\/6-7-august-a-xii-a-editie-a-festivalului-alba-afroda-la-sancel-program\\\/\"]}]},{\"@type\":\"ImageObject\",\"inLanguage\":\"ro-RO\",\"@id\":\"https:\\\/\\\/urbeamea.ro\\\/albaiulia\\\/6-7-august-a-xii-a-editie-a-festivalului-alba-afroda-la-sancel-program\\\/#primaryimage\",\"url\":\"https:\\\/\\\/urbeamea.ro\\\/albaiulia\\\/wp-content\\\/uploads\\\/2016\\\/08\\\/program-alba-afroda-sancel-2016.jpg\",\"contentUrl\":\"https:\\\/\\\/urbeamea.ro\\\/albaiulia\\\/wp-content\\\/uploads\\\/2016\\\/08\\\/program-alba-afroda-sancel-2016.jpg\",\"width\":679,\"height\":960},{\"@type\":\"BreadcrumbList\",\"@id\":\"https:\\\/\\\/urbeamea.ro\\\/albaiulia\\\/6-7-august-a-xii-a-editie-a-festivalului-alba-afroda-la-sancel-program\\\/#breadcrumb\",\"itemListElement\":[{\"@type\":\"ListItem\",\"position\":1,\"name\":\"Prima pagin\u0103\",\"item\":\"https:\\\/\\\/urbeamea.ro\\\/albaiulia\\\/\"},{\"@type\":\"ListItem\",\"position\":2,\"name\":\"6-7 august: A XII-a edi\u0163ie a Festivalului Alba Afroda, la S\u00e2ncel. Program\"}]},{\"@type\":\"WebSite\",\"@id\":\"https:\\\/\\\/urbeamea.ro\\\/albaiulia\\\/#website\",\"url\":\"https:\\\/\\\/urbeamea.ro\\\/albaiulia\\\/\",\"name\":\"Revista Urbea Mea, Stiri urbane\",\"description\":\"Evenimente \u0219i \u0219tiri din Alba Iulia, Sebe\u0219, Aiud, Blaj\",\"potentialAction\":[{\"@type\":\"SearchAction\",\"target\":{\"@type\":\"EntryPoint\",\"urlTemplate\":\"https:\\\/\\\/urbeamea.ro\\\/albaiulia\\\/?s={search_term_string}\"},\"query-input\":{\"@type\":\"PropertyValueSpecification\",\"valueRequired\":true,\"valueName\":\"search_term_string\"}}],\"inLanguage\":\"ro-RO\"},{\"@type\":\"Person\",\"@id\":\"https:\\\/\\\/urbeamea.ro\\\/albaiulia\\\/#\\\/schema\\\/person\\\/9700d21fae21c4f038b0b56f4506264a\",\"name\":\"Cristina Ganga\",\"image\":{\"@type\":\"ImageObject\",\"inLanguage\":\"ro-RO\",\"@id\":\"https:\\\/\\\/secure.gravatar.com\\\/avatar\\\/5a67661041f057b4a8ccaf26f5a8e86e2689372006d01faf3dd9eeb10b654bb4?s=96&d=mm&r=g\",\"url\":\"https:\\\/\\\/secure.gravatar.com\\\/avatar\\\/5a67661041f057b4a8ccaf26f5a8e86e2689372006d01faf3dd9eeb10b654bb4?s=96&d=mm&r=g\",\"contentUrl\":\"https:\\\/\\\/secure.gravatar.com\\\/avatar\\\/5a67661041f057b4a8ccaf26f5a8e86e2689372006d01faf3dd9eeb10b654bb4?s=96&d=mm&r=g\",\"caption\":\"Cristina Ganga\"},\"description\":\"Jurnalist\",\"sameAs\":[\"https:\\\/\\\/www.facebook.com\\\/cristina.nicola.587\"],\"url\":\"https:\\\/\\\/urbeamea.ro\\\/albaiulia\\\/author\\\/cristina-nicola\\\/\"}]}<\/script>\n<!-- \/ Yoast SEO plugin. -->","yoast_head_json":{"title":"6-7 august: A XII-a edi\u0163ie a Festivalului Alba Afroda, la S\u00e2ncel. Program - Revista Urbea Mea - Revista de Alba","description":"\u00cen weekendul 6-7 august, comuna S\u00e2ncel va fi gazda celei de-a XII-a edi\u0163ie a Festivalului Alba Afroda. Campionat de fotbal, promovarea re\u0163etelor","robots":{"index":"index","follow":"follow","max-snippet":"max-snippet:-1","max-image-preview":"max-image-preview:large","max-video-preview":"max-video-preview:-1"},"canonical":"https:\/\/urbeamea.ro\/albaiulia\/6-7-august-a-xii-a-editie-a-festivalului-alba-afroda-la-sancel-program\/","twitter_card":"summary_large_image","twitter_title":"6-7 august: A XII-a edi\u0163ie a Festivalului Alba Afroda, la S\u00e2ncel. Program - Revista Urbea Mea - Revista de Alba","twitter_description":"\u00cen weekendul 6-7 august, comuna S\u00e2ncel va fi gazda celei de-a XII-a edi\u0163ie a Festivalului Alba Afroda. Campionat de fotbal, promovarea re\u0163etelor","twitter_image":"https:\/\/urbeamea.ro\/albaiulia\/wp-content\/uploads\/2016\/08\/program-alba-afroda-sancel-2016.jpg","twitter_creator":"@urbeameaweb","twitter_site":"@urbeameaweb","schema":{"@context":"https:\/\/schema.org","@graph":[{"@type":"Article","@id":"https:\/\/urbeamea.ro\/albaiulia\/6-7-august-a-xii-a-editie-a-festivalului-alba-afroda-la-sancel-program\/#article","isPartOf":{"@id":"https:\/\/urbeamea.ro\/albaiulia\/6-7-august-a-xii-a-editie-a-festivalului-alba-afroda-la-sancel-program\/"},"author":{"name":"Cristina Ganga","@id":"https:\/\/urbeamea.ro\/albaiulia\/#\/schema\/person\/9700d21fae21c4f038b0b56f4506264a"},"headline":"6-7 august: A XII-a edi\u0163ie a Festivalului Alba Afroda, la S\u00e2ncel. Program","datePublished":"2016-08-03T06:51:29+00:00","mainEntityOfPage":{"@id":"https:\/\/urbeamea.ro\/albaiulia\/6-7-august-a-xii-a-editie-a-festivalului-alba-afroda-la-sancel-program\/"},"wordCount":208,"commentCount":0,"image":{"@id":"https:\/\/urbeamea.ro\/albaiulia\/6-7-august-a-xii-a-editie-a-festivalului-alba-afroda-la-sancel-program\/#primaryimage"},"thumbnailUrl":"https:\/\/urbeamea.ro\/albaiulia\/wp-content\/uploads\/2016\/08\/program-alba-afroda-sancel-2016.jpg","keywords":["alba","ansambluri locale","campionat de fotbal","discoteca in aer liber","festivalul alba afroda","foc de tabara","program","program artistic","S\u00e2ncel","stiri","Urbea Mea"],"articleSection":["Evenimente"],"inLanguage":"ro-RO","potentialAction":[{"@type":"CommentAction","name":"Comment","target":["https:\/\/urbeamea.ro\/albaiulia\/6-7-august-a-xii-a-editie-a-festivalului-alba-afroda-la-sancel-program\/#respond"]}]},{"@type":"WebPage","@id":"https:\/\/urbeamea.ro\/albaiulia\/6-7-august-a-xii-a-editie-a-festivalului-alba-afroda-la-sancel-program\/","url":"https:\/\/urbeamea.ro\/albaiulia\/6-7-august-a-xii-a-editie-a-festivalului-alba-afroda-la-sancel-program\/","name":"6-7 august: A XII-a edi\u0163ie a Festivalului Alba Afroda, la S\u00e2ncel. Program - Revista Urbea Mea - Revista de Alba","isPartOf":{"@id":"https:\/\/urbeamea.ro\/albaiulia\/#website"},"primaryImageOfPage":{"@id":"https:\/\/urbeamea.ro\/albaiulia\/6-7-august-a-xii-a-editie-a-festivalului-alba-afroda-la-sancel-program\/#primaryimage"},"image":{"@id":"https:\/\/urbeamea.ro\/albaiulia\/6-7-august-a-xii-a-editie-a-festivalului-alba-afroda-la-sancel-program\/#primaryimage"},"thumbnailUrl":"https:\/\/urbeamea.ro\/albaiulia\/wp-content\/uploads\/2016\/08\/program-alba-afroda-sancel-2016.jpg","datePublished":"2016-08-03T06:51:29+00:00","author":{"@id":"https:\/\/urbeamea.ro\/albaiulia\/#\/schema\/person\/9700d21fae21c4f038b0b56f4506264a"},"description":"\u00cen weekendul 6-7 august, comuna S\u00e2ncel va fi gazda celei de-a XII-a edi\u0163ie a Festivalului Alba Afroda. Campionat de fotbal, promovarea re\u0163etelor","breadcrumb":{"@id":"https:\/\/urbeamea.ro\/albaiulia\/6-7-august-a-xii-a-editie-a-festivalului-alba-afroda-la-sancel-program\/#breadcrumb"},"inLanguage":"ro-RO","potentialAction":[{"@type":"ReadAction","target":["https:\/\/urbeamea.ro\/albaiulia\/6-7-august-a-xii-a-editie-a-festivalului-alba-afroda-la-sancel-program\/"]}]},{"@type":"ImageObject","inLanguage":"ro-RO","@id":"https:\/\/urbeamea.ro\/albaiulia\/6-7-august-a-xii-a-editie-a-festivalului-alba-afroda-la-sancel-program\/#primaryimage","url":"https:\/\/urbeamea.ro\/albaiulia\/wp-content\/uploads\/2016\/08\/program-alba-afroda-sancel-2016.jpg","contentUrl":"https:\/\/urbeamea.ro\/albaiulia\/wp-content\/uploads\/2016\/08\/program-alba-afroda-sancel-2016.jpg","width":679,"height":960},{"@type":"BreadcrumbList","@id":"https:\/\/urbeamea.ro\/albaiulia\/6-7-august-a-xii-a-editie-a-festivalului-alba-afroda-la-sancel-program\/#breadcrumb","itemListElement":[{"@type":"ListItem","position":1,"name":"Prima pagin\u0103","item":"https:\/\/urbeamea.ro\/albaiulia\/"},{"@type":"ListItem","position":2,"name":"6-7 august: A XII-a edi\u0163ie a Festivalului Alba Afroda, la S\u00e2ncel. Program"}]},{"@type":"WebSite","@id":"https:\/\/urbeamea.ro\/albaiulia\/#website","url":"https:\/\/urbeamea.ro\/albaiulia\/","name":"Revista Urbea Mea, Stiri urbane","description":"Evenimente \u0219i \u0219tiri din Alba Iulia, Sebe\u0219, Aiud, Blaj","potentialAction":[{"@type":"SearchAction","target":{"@type":"EntryPoint","urlTemplate":"https:\/\/urbeamea.ro\/albaiulia\/?s={search_term_string}"},"query-input":{"@type":"PropertyValueSpecification","valueRequired":true,"valueName":"search_term_string"}}],"inLanguage":"ro-RO"},{"@type":"Person","@id":"https:\/\/urbeamea.ro\/albaiulia\/#\/schema\/person\/9700d21fae21c4f038b0b56f4506264a","name":"Cristina Ganga","image":{"@type":"ImageObject","inLanguage":"ro-RO","@id":"https:\/\/secure.gravatar.com\/avatar\/5a67661041f057b4a8ccaf26f5a8e86e2689372006d01faf3dd9eeb10b654bb4?s=96&d=mm&r=g","url":"https:\/\/secure.gravatar.com\/avatar\/5a67661041f057b4a8ccaf26f5a8e86e2689372006d01faf3dd9eeb10b654bb4?s=96&d=mm&r=g","contentUrl":"https:\/\/secure.gravatar.com\/avatar\/5a67661041f057b4a8ccaf26f5a8e86e2689372006d01faf3dd9eeb10b654bb4?s=96&d=mm&r=g","caption":"Cristina Ganga"},"description":"Jurnalist","sameAs":["https:\/\/www.facebook.com\/cristina.nicola.587"],"url":"https:\/\/urbeamea.ro\/albaiulia\/author\/cristina-nicola\/"}]}},"_links":{"self":[{"href":"https:\/\/urbeamea.ro\/albaiulia\/wp-json\/wp\/v2\/posts\/29249","targetHints":{"allow":["GET"]}}],"collection":[{"href":"https:\/\/urbeamea.ro\/albaiulia\/wp-json\/wp\/v2\/posts"}],"about":[{"href":"https:\/\/urbeamea.ro\/albaiulia\/wp-json\/wp\/v2\/types\/post"}],"author":[{"embeddable":true,"href":"https:\/\/urbeamea.ro\/albaiulia\/wp-json\/wp\/v2\/users\/17"}],"replies":[{"embeddable":true,"href":"https:\/\/urbeamea.ro\/albaiulia\/wp-json\/wp\/v2\/comments?post=29249"}],"version-history":[{"count":0,"href":"https:\/\/urbeamea.ro\/albaiulia\/wp-json\/wp\/v2\/posts\/29249\/revisions"}],"wp:featuredmedia":[{"embeddable":true,"href":"https:\/\/urbeamea.ro\/albaiulia\/wp-json\/wp\/v2\/media\/29250"}],"wp:attachment":[{"href":"https:\/\/urbeamea.ro\/albaiulia\/wp-json\/wp\/v2\/media?parent=29249"}],"wp:term":[{"taxonomy":"category","embeddable":true,"href":"https:\/\/urbeamea.ro\/albaiulia\/wp-json\/wp\/v2\/categories?post=29249"},{"taxonomy":"post_tag","embeddable":true,"href":"https:\/\/urbeamea.ro\/albaiulia\/wp-json\/wp\/v2\/tags?post=29249"}],"curies":[{"name":"wp","href":"https:\/\/api.w.org\/{rel}","templated":true}]}}