{"id":29348,"date":"2016-08-05T13:20:02","date_gmt":"2016-08-05T10:20:02","guid":{"rendered":"http:\/\/urbeamea.ro\/albaiulia\/?p=29348"},"modified":"2016-08-05T13:20:03","modified_gmt":"2016-08-05T10:20:03","slug":"dosar-penal-pentru-un-barbat-din-salistea","status":"publish","type":"post","link":"https:\/\/urbeamea.ro\/albaiulia\/dosar-penal-pentru-un-barbat-din-salistea\/","title":{"rendered":"Dosar penal pentru un b\u0103rbat din S\u0103li\u0219tea"},"content":{"rendered":"<p><strong><img loading=\"lazy\" decoding=\"async\" class=\"size-medium wp-image-26572 alignleft\" src=\"http:\/\/urbeamea.ro\/albaiulia\/wp-content\/uploads\/2016\/06\/Politia-Rutiera-in-control-pe-DN-6-300x182.jpg\" alt=\"Politia-Rutiera-in-control-pe-DN-6\" width=\"300\" height=\"182\" \/>Un b\u0103rbat \u00een v\u00e2rst\u0103 de 57 de ani din S\u0103li\u015ftea este cercetat penal dup\u0103 ce a condus un tractor, f\u0103r\u0103 permis, pe o strad\u0103 din comun\u0103. Pentru c\u0103 a \u00eencredin\u0163at autovehiculul, \u0219i proprietarul utilajului agricol este cercetat de poli\u0163i\u015fti.<\/strong><\/p>\n<p>Potrivit IPJ Alba, joi, \u00een jurul orei 20.00, poli\u0163i\u015ftii Postului de Poli\u0163ie S\u0103li\u015ftea, \u00eempreun\u0103 cu poli\u0163i\u015ftii Postului de Poli\u0163ie Vin\u0163u de Jos au oprit pentru control, pe strada David Prodan din comun\u0103, un tractor la volanul c\u0103ruia se afla un b\u0103rbat de 57 de ani, din comun\u0103.<\/p>\n<p>\u00cen urma verific\u0103rilor efectuate, poli\u0163i\u015ftii au constatat c\u0103 b\u0103rbatul nu de\u0163ine permis de conducere pentru nicio categorie de autovehicule, iar tractorul i-a fost \u00eencredin\u0163at de un b\u0103rbat de 33 de ani, din localitate.<\/p>\n<p>Poli\u0163i\u015ftii au \u00eentocmit dosare penale \u00een care sunt efectuate cercet\u0103ri sub aspectul comiterii infrac\u021biunii de conducere f\u0103r\u0103 permis respectiv \u00eencredin\u0163area unui autovehicul, pentru care legea prevede obligativitatea de\u0163inerii permisului de conducere pentru conducere pe drumurile publice, unei persoane care despre care \u015ftie c\u0103 nu de\u0163ine permis de conducere.<\/p>\n","protected":false},"excerpt":{"rendered":"<p>Un b\u0103rbat \u00een v\u00e2rst\u0103 de 57 de ani din S\u0103li\u015ftea este cercetat penal dup\u0103 ce a condus un tractor, f\u0103r\u0103 permis, pe o strad\u0103 din comun\u0103. Pentru c\u0103 a \u00eencredin\u0163at autovehiculul, \u0219i proprietarul utilajului agricol este cercetat de poli\u0163i\u015fti. Potrivit IPJ Alba, joi, \u00een jurul orei 20.00, poli\u0163i\u015ftii Postului de Poli\u0163ie S\u0103li\u015ftea, \u00eempreun\u0103 cu poli\u0163i\u015ftii &hellip;<\/p>\n","protected":false},"author":17,"featured_media":26572,"comment_status":"open","ping_status":"open","sticky":false,"template":"","format":"standard","meta":{"inline_featured_image":false,"footnotes":""},"categories":[2034],"tags":[307,2425,401,458,3297,3499,308,3184,76],"class_list":["post-29348","post","type-post","status-publish","format-standard","has-post-thumbnail","hentry","category-social","tag-alba","tag-control","tag-permis-de-conducere","tag-politisti","tag-proprietar","tag-salistea","tag-stiri","tag-tractor","tag-urbea-mea"],"yoast_head":"<!-- This site is optimized with the Yoast SEO plugin v27.4 - https:\/\/yoast.com\/product\/yoast-seo-wordpress\/ -->\n<title>Dosar penal pentru un b\u0103rbat din S\u0103li\u0219tea - Revista Urbea Mea - Revista de Alba<\/title>\n<meta name=\"description\" content=\"Un b\u0103rbat \u00een v\u00e2rst\u0103 de 57 de ani din S\u0103li\u015ftea este cercetat penal dup\u0103 ce a condus un tractor, f\u0103r\u0103 permis, pe o strad\u0103 din comun\u0103. Pentru c\u0103 a\" \/>\n<meta name=\"robots\" content=\"index, follow, max-snippet:-1, max-image-preview:large, max-video-preview:-1\" \/>\n<link rel=\"canonical\" href=\"https:\/\/urbeamea.ro\/albaiulia\/dosar-penal-pentru-un-barbat-din-salistea\/\" \/>\n<meta name=\"twitter:card\" content=\"summary_large_image\" \/>\n<meta name=\"twitter:title\" content=\"Dosar penal pentru un b\u0103rbat din S\u0103li\u0219tea - Revista Urbea Mea - Revista de Alba\" \/>\n<meta name=\"twitter:description\" content=\"Un b\u0103rbat \u00een v\u00e2rst\u0103 de 57 de ani din S\u0103li\u015ftea este cercetat penal dup\u0103 ce a condus un tractor, f\u0103r\u0103 permis, pe o strad\u0103 din comun\u0103. Pentru c\u0103 a\" \/>\n<meta name=\"twitter:image\" content=\"https:\/\/urbeamea.ro\/albaiulia\/wp-content\/uploads\/2016\/06\/Politia-Rutiera-in-control-pe-DN-6.jpg\" \/>\n<meta name=\"twitter:creator\" content=\"@urbeameaweb\" \/>\n<meta name=\"twitter:site\" content=\"@urbeameaweb\" \/>\n<script type=\"application\/ld+json\" class=\"yoast-schema-graph\">{\"@context\":\"https:\\\/\\\/schema.org\",\"@graph\":[{\"@type\":\"Article\",\"@id\":\"https:\\\/\\\/urbeamea.ro\\\/albaiulia\\\/dosar-penal-pentru-un-barbat-din-salistea\\\/#article\",\"isPartOf\":{\"@id\":\"https:\\\/\\\/urbeamea.ro\\\/albaiulia\\\/dosar-penal-pentru-un-barbat-din-salistea\\\/\"},\"author\":{\"name\":\"Cristina Ganga\",\"@id\":\"https:\\\/\\\/urbeamea.ro\\\/albaiulia\\\/#\\\/schema\\\/person\\\/9700d21fae21c4f038b0b56f4506264a\"},\"headline\":\"Dosar penal pentru un b\u0103rbat din S\u0103li\u0219tea\",\"datePublished\":\"2016-08-05T10:20:02+00:00\",\"dateModified\":\"2016-08-05T10:20:03+00:00\",\"mainEntityOfPage\":{\"@id\":\"https:\\\/\\\/urbeamea.ro\\\/albaiulia\\\/dosar-penal-pentru-un-barbat-din-salistea\\\/\"},\"wordCount\":207,\"commentCount\":0,\"image\":{\"@id\":\"https:\\\/\\\/urbeamea.ro\\\/albaiulia\\\/dosar-penal-pentru-un-barbat-din-salistea\\\/#primaryimage\"},\"thumbnailUrl\":\"https:\\\/\\\/urbeamea.ro\\\/albaiulia\\\/wp-content\\\/uploads\\\/2016\\\/06\\\/Politia-Rutiera-in-control-pe-DN-6.jpg\",\"keywords\":[\"alba\",\"control\",\"permis de conducere\",\"politisti\",\"proprietar\",\"salistea\",\"stiri\",\"tractor\",\"Urbea Mea\"],\"articleSection\":[\"Social\"],\"inLanguage\":\"ro-RO\",\"potentialAction\":[{\"@type\":\"CommentAction\",\"name\":\"Comment\",\"target\":[\"https:\\\/\\\/urbeamea.ro\\\/albaiulia\\\/dosar-penal-pentru-un-barbat-din-salistea\\\/#respond\"]}]},{\"@type\":\"WebPage\",\"@id\":\"https:\\\/\\\/urbeamea.ro\\\/albaiulia\\\/dosar-penal-pentru-un-barbat-din-salistea\\\/\",\"url\":\"https:\\\/\\\/urbeamea.ro\\\/albaiulia\\\/dosar-penal-pentru-un-barbat-din-salistea\\\/\",\"name\":\"Dosar penal pentru un b\u0103rbat din S\u0103li\u0219tea - Revista Urbea Mea - Revista de Alba\",\"isPartOf\":{\"@id\":\"https:\\\/\\\/urbeamea.ro\\\/albaiulia\\\/#website\"},\"primaryImageOfPage\":{\"@id\":\"https:\\\/\\\/urbeamea.ro\\\/albaiulia\\\/dosar-penal-pentru-un-barbat-din-salistea\\\/#primaryimage\"},\"image\":{\"@id\":\"https:\\\/\\\/urbeamea.ro\\\/albaiulia\\\/dosar-penal-pentru-un-barbat-din-salistea\\\/#primaryimage\"},\"thumbnailUrl\":\"https:\\\/\\\/urbeamea.ro\\\/albaiulia\\\/wp-content\\\/uploads\\\/2016\\\/06\\\/Politia-Rutiera-in-control-pe-DN-6.jpg\",\"datePublished\":\"2016-08-05T10:20:02+00:00\",\"dateModified\":\"2016-08-05T10:20:03+00:00\",\"author\":{\"@id\":\"https:\\\/\\\/urbeamea.ro\\\/albaiulia\\\/#\\\/schema\\\/person\\\/9700d21fae21c4f038b0b56f4506264a\"},\"description\":\"Un b\u0103rbat \u00een v\u00e2rst\u0103 de 57 de ani din S\u0103li\u015ftea este cercetat penal dup\u0103 ce a condus un tractor, f\u0103r\u0103 permis, pe o strad\u0103 din comun\u0103. Pentru c\u0103 a\",\"breadcrumb\":{\"@id\":\"https:\\\/\\\/urbeamea.ro\\\/albaiulia\\\/dosar-penal-pentru-un-barbat-din-salistea\\\/#breadcrumb\"},\"inLanguage\":\"ro-RO\",\"potentialAction\":[{\"@type\":\"ReadAction\",\"target\":[\"https:\\\/\\\/urbeamea.ro\\\/albaiulia\\\/dosar-penal-pentru-un-barbat-din-salistea\\\/\"]}]},{\"@type\":\"ImageObject\",\"inLanguage\":\"ro-RO\",\"@id\":\"https:\\\/\\\/urbeamea.ro\\\/albaiulia\\\/dosar-penal-pentru-un-barbat-din-salistea\\\/#primaryimage\",\"url\":\"https:\\\/\\\/urbeamea.ro\\\/albaiulia\\\/wp-content\\\/uploads\\\/2016\\\/06\\\/Politia-Rutiera-in-control-pe-DN-6.jpg\",\"contentUrl\":\"https:\\\/\\\/urbeamea.ro\\\/albaiulia\\\/wp-content\\\/uploads\\\/2016\\\/06\\\/Politia-Rutiera-in-control-pe-DN-6.jpg\",\"width\":1280,\"height\":778},{\"@type\":\"BreadcrumbList\",\"@id\":\"https:\\\/\\\/urbeamea.ro\\\/albaiulia\\\/dosar-penal-pentru-un-barbat-din-salistea\\\/#breadcrumb\",\"itemListElement\":[{\"@type\":\"ListItem\",\"position\":1,\"name\":\"Prima pagin\u0103\",\"item\":\"https:\\\/\\\/urbeamea.ro\\\/albaiulia\\\/\"},{\"@type\":\"ListItem\",\"position\":2,\"name\":\"Dosar penal pentru un b\u0103rbat din S\u0103li\u0219tea\"}]},{\"@type\":\"WebSite\",\"@id\":\"https:\\\/\\\/urbeamea.ro\\\/albaiulia\\\/#website\",\"url\":\"https:\\\/\\\/urbeamea.ro\\\/albaiulia\\\/\",\"name\":\"Revista Urbea Mea, Stiri urbane\",\"description\":\"Evenimente \u0219i \u0219tiri din Alba Iulia, Sebe\u0219, Aiud, Blaj\",\"potentialAction\":[{\"@type\":\"SearchAction\",\"target\":{\"@type\":\"EntryPoint\",\"urlTemplate\":\"https:\\\/\\\/urbeamea.ro\\\/albaiulia\\\/?s={search_term_string}\"},\"query-input\":{\"@type\":\"PropertyValueSpecification\",\"valueRequired\":true,\"valueName\":\"search_term_string\"}}],\"inLanguage\":\"ro-RO\"},{\"@type\":\"Person\",\"@id\":\"https:\\\/\\\/urbeamea.ro\\\/albaiulia\\\/#\\\/schema\\\/person\\\/9700d21fae21c4f038b0b56f4506264a\",\"name\":\"Cristina Ganga\",\"image\":{\"@type\":\"ImageObject\",\"inLanguage\":\"ro-RO\",\"@id\":\"https:\\\/\\\/secure.gravatar.com\\\/avatar\\\/5a67661041f057b4a8ccaf26f5a8e86e2689372006d01faf3dd9eeb10b654bb4?s=96&d=mm&r=g\",\"url\":\"https:\\\/\\\/secure.gravatar.com\\\/avatar\\\/5a67661041f057b4a8ccaf26f5a8e86e2689372006d01faf3dd9eeb10b654bb4?s=96&d=mm&r=g\",\"contentUrl\":\"https:\\\/\\\/secure.gravatar.com\\\/avatar\\\/5a67661041f057b4a8ccaf26f5a8e86e2689372006d01faf3dd9eeb10b654bb4?s=96&d=mm&r=g\",\"caption\":\"Cristina Ganga\"},\"description\":\"Jurnalist\",\"sameAs\":[\"https:\\\/\\\/www.facebook.com\\\/cristina.nicola.587\"],\"url\":\"https:\\\/\\\/urbeamea.ro\\\/albaiulia\\\/author\\\/cristina-nicola\\\/\"}]}<\/script>\n<!-- \/ Yoast SEO plugin. -->","yoast_head_json":{"title":"Dosar penal pentru un b\u0103rbat din S\u0103li\u0219tea - Revista Urbea Mea - Revista de Alba","description":"Un b\u0103rbat \u00een v\u00e2rst\u0103 de 57 de ani din S\u0103li\u015ftea este cercetat penal dup\u0103 ce a condus un tractor, f\u0103r\u0103 permis, pe o strad\u0103 din comun\u0103. Pentru c\u0103 a","robots":{"index":"index","follow":"follow","max-snippet":"max-snippet:-1","max-image-preview":"max-image-preview:large","max-video-preview":"max-video-preview:-1"},"canonical":"https:\/\/urbeamea.ro\/albaiulia\/dosar-penal-pentru-un-barbat-din-salistea\/","twitter_card":"summary_large_image","twitter_title":"Dosar penal pentru un b\u0103rbat din S\u0103li\u0219tea - Revista Urbea Mea - Revista de Alba","twitter_description":"Un b\u0103rbat \u00een v\u00e2rst\u0103 de 57 de ani din S\u0103li\u015ftea este cercetat penal dup\u0103 ce a condus un tractor, f\u0103r\u0103 permis, pe o strad\u0103 din comun\u0103. Pentru c\u0103 a","twitter_image":"https:\/\/urbeamea.ro\/albaiulia\/wp-content\/uploads\/2016\/06\/Politia-Rutiera-in-control-pe-DN-6.jpg","twitter_creator":"@urbeameaweb","twitter_site":"@urbeameaweb","schema":{"@context":"https:\/\/schema.org","@graph":[{"@type":"Article","@id":"https:\/\/urbeamea.ro\/albaiulia\/dosar-penal-pentru-un-barbat-din-salistea\/#article","isPartOf":{"@id":"https:\/\/urbeamea.ro\/albaiulia\/dosar-penal-pentru-un-barbat-din-salistea\/"},"author":{"name":"Cristina Ganga","@id":"https:\/\/urbeamea.ro\/albaiulia\/#\/schema\/person\/9700d21fae21c4f038b0b56f4506264a"},"headline":"Dosar penal pentru un b\u0103rbat din S\u0103li\u0219tea","datePublished":"2016-08-05T10:20:02+00:00","dateModified":"2016-08-05T10:20:03+00:00","mainEntityOfPage":{"@id":"https:\/\/urbeamea.ro\/albaiulia\/dosar-penal-pentru-un-barbat-din-salistea\/"},"wordCount":207,"commentCount":0,"image":{"@id":"https:\/\/urbeamea.ro\/albaiulia\/dosar-penal-pentru-un-barbat-din-salistea\/#primaryimage"},"thumbnailUrl":"https:\/\/urbeamea.ro\/albaiulia\/wp-content\/uploads\/2016\/06\/Politia-Rutiera-in-control-pe-DN-6.jpg","keywords":["alba","control","permis de conducere","politisti","proprietar","salistea","stiri","tractor","Urbea Mea"],"articleSection":["Social"],"inLanguage":"ro-RO","potentialAction":[{"@type":"CommentAction","name":"Comment","target":["https:\/\/urbeamea.ro\/albaiulia\/dosar-penal-pentru-un-barbat-din-salistea\/#respond"]}]},{"@type":"WebPage","@id":"https:\/\/urbeamea.ro\/albaiulia\/dosar-penal-pentru-un-barbat-din-salistea\/","url":"https:\/\/urbeamea.ro\/albaiulia\/dosar-penal-pentru-un-barbat-din-salistea\/","name":"Dosar penal pentru un b\u0103rbat din S\u0103li\u0219tea - Revista Urbea Mea - Revista de Alba","isPartOf":{"@id":"https:\/\/urbeamea.ro\/albaiulia\/#website"},"primaryImageOfPage":{"@id":"https:\/\/urbeamea.ro\/albaiulia\/dosar-penal-pentru-un-barbat-din-salistea\/#primaryimage"},"image":{"@id":"https:\/\/urbeamea.ro\/albaiulia\/dosar-penal-pentru-un-barbat-din-salistea\/#primaryimage"},"thumbnailUrl":"https:\/\/urbeamea.ro\/albaiulia\/wp-content\/uploads\/2016\/06\/Politia-Rutiera-in-control-pe-DN-6.jpg","datePublished":"2016-08-05T10:20:02+00:00","dateModified":"2016-08-05T10:20:03+00:00","author":{"@id":"https:\/\/urbeamea.ro\/albaiulia\/#\/schema\/person\/9700d21fae21c4f038b0b56f4506264a"},"description":"Un b\u0103rbat \u00een v\u00e2rst\u0103 de 57 de ani din S\u0103li\u015ftea este cercetat penal dup\u0103 ce a condus un tractor, f\u0103r\u0103 permis, pe o strad\u0103 din comun\u0103. Pentru c\u0103 a","breadcrumb":{"@id":"https:\/\/urbeamea.ro\/albaiulia\/dosar-penal-pentru-un-barbat-din-salistea\/#breadcrumb"},"inLanguage":"ro-RO","potentialAction":[{"@type":"ReadAction","target":["https:\/\/urbeamea.ro\/albaiulia\/dosar-penal-pentru-un-barbat-din-salistea\/"]}]},{"@type":"ImageObject","inLanguage":"ro-RO","@id":"https:\/\/urbeamea.ro\/albaiulia\/dosar-penal-pentru-un-barbat-din-salistea\/#primaryimage","url":"https:\/\/urbeamea.ro\/albaiulia\/wp-content\/uploads\/2016\/06\/Politia-Rutiera-in-control-pe-DN-6.jpg","contentUrl":"https:\/\/urbeamea.ro\/albaiulia\/wp-content\/uploads\/2016\/06\/Politia-Rutiera-in-control-pe-DN-6.jpg","width":1280,"height":778},{"@type":"BreadcrumbList","@id":"https:\/\/urbeamea.ro\/albaiulia\/dosar-penal-pentru-un-barbat-din-salistea\/#breadcrumb","itemListElement":[{"@type":"ListItem","position":1,"name":"Prima pagin\u0103","item":"https:\/\/urbeamea.ro\/albaiulia\/"},{"@type":"ListItem","position":2,"name":"Dosar penal pentru un b\u0103rbat din S\u0103li\u0219tea"}]},{"@type":"WebSite","@id":"https:\/\/urbeamea.ro\/albaiulia\/#website","url":"https:\/\/urbeamea.ro\/albaiulia\/","name":"Revista Urbea Mea, Stiri urbane","description":"Evenimente \u0219i \u0219tiri din Alba Iulia, Sebe\u0219, Aiud, Blaj","potentialAction":[{"@type":"SearchAction","target":{"@type":"EntryPoint","urlTemplate":"https:\/\/urbeamea.ro\/albaiulia\/?s={search_term_string}"},"query-input":{"@type":"PropertyValueSpecification","valueRequired":true,"valueName":"search_term_string"}}],"inLanguage":"ro-RO"},{"@type":"Person","@id":"https:\/\/urbeamea.ro\/albaiulia\/#\/schema\/person\/9700d21fae21c4f038b0b56f4506264a","name":"Cristina Ganga","image":{"@type":"ImageObject","inLanguage":"ro-RO","@id":"https:\/\/secure.gravatar.com\/avatar\/5a67661041f057b4a8ccaf26f5a8e86e2689372006d01faf3dd9eeb10b654bb4?s=96&d=mm&r=g","url":"https:\/\/secure.gravatar.com\/avatar\/5a67661041f057b4a8ccaf26f5a8e86e2689372006d01faf3dd9eeb10b654bb4?s=96&d=mm&r=g","contentUrl":"https:\/\/secure.gravatar.com\/avatar\/5a67661041f057b4a8ccaf26f5a8e86e2689372006d01faf3dd9eeb10b654bb4?s=96&d=mm&r=g","caption":"Cristina Ganga"},"description":"Jurnalist","sameAs":["https:\/\/www.facebook.com\/cristina.nicola.587"],"url":"https:\/\/urbeamea.ro\/albaiulia\/author\/cristina-nicola\/"}]}},"_links":{"self":[{"href":"https:\/\/urbeamea.ro\/albaiulia\/wp-json\/wp\/v2\/posts\/29348","targetHints":{"allow":["GET"]}}],"collection":[{"href":"https:\/\/urbeamea.ro\/albaiulia\/wp-json\/wp\/v2\/posts"}],"about":[{"href":"https:\/\/urbeamea.ro\/albaiulia\/wp-json\/wp\/v2\/types\/post"}],"author":[{"embeddable":true,"href":"https:\/\/urbeamea.ro\/albaiulia\/wp-json\/wp\/v2\/users\/17"}],"replies":[{"embeddable":true,"href":"https:\/\/urbeamea.ro\/albaiulia\/wp-json\/wp\/v2\/comments?post=29348"}],"version-history":[{"count":0,"href":"https:\/\/urbeamea.ro\/albaiulia\/wp-json\/wp\/v2\/posts\/29348\/revisions"}],"wp:featuredmedia":[{"embeddable":true,"href":"https:\/\/urbeamea.ro\/albaiulia\/wp-json\/wp\/v2\/media\/26572"}],"wp:attachment":[{"href":"https:\/\/urbeamea.ro\/albaiulia\/wp-json\/wp\/v2\/media?parent=29348"}],"wp:term":[{"taxonomy":"category","embeddable":true,"href":"https:\/\/urbeamea.ro\/albaiulia\/wp-json\/wp\/v2\/categories?post=29348"},{"taxonomy":"post_tag","embeddable":true,"href":"https:\/\/urbeamea.ro\/albaiulia\/wp-json\/wp\/v2\/tags?post=29348"}],"curies":[{"name":"wp","href":"https:\/\/api.w.org\/{rel}","templated":true}]}}