{"id":29569,"date":"2016-08-08T11:53:04","date_gmt":"2016-08-08T08:53:04","guid":{"rendered":"http:\/\/urbeamea.ro\/albaiulia\/?p=29569"},"modified":"2016-08-08T11:53:04","modified_gmt":"2016-08-08T08:53:04","slug":"foto-avansari-in-grad-la-jandarmeria-alba-25-de-cadre-militare-au-implinit-termenul-de-inaintare-in-gradul-urmator-si-au-fost-avansate-intr-un-cadru-festiv-la-sediul-ijj-alba","status":"publish","type":"post","link":"https:\/\/urbeamea.ro\/albaiulia\/foto-avansari-in-grad-la-jandarmeria-alba-25-de-cadre-militare-au-implinit-termenul-de-inaintare-in-gradul-urmator-si-au-fost-avansate-intr-un-cadru-festiv-la-sediul-ijj-alba\/","title":{"rendered":"FOTO: Avans\u0103ri \u00een grad la Jandarmeria Alba. 25 de cadre militare au \u00eemplinit termenul de \u00eenaintare \u00een gradul urm\u0103tor \u0219i au fost avansate \u00eentr-un cadru festiv la sediul IJJ Alba"},"content":{"rendered":"<p class=\"western\" align=\"JUSTIFY\"><strong><img loading=\"lazy\" decoding=\"async\" class=\"size-medium wp-image-29572 alignleft\" src=\"http:\/\/urbeamea.ro\/albaiulia\/wp-content\/uploads\/2016\/08\/DSCN2079-300x225.jpg\" alt=\"DSCN2079\" width=\"300\" height=\"225\" \/>Luni diminea\u021ba, \u00eencep\u00e2nd cu ora 09.00, la sediul Inspectoratului de Jandarmi Jude\u021bean Alba, a avut loc o adunare festiv\u0103, \u00een cadrul c\u0103reia au fost avansa\u021bi \u00een gradul urm\u0103tor, la termen, un ofi\u021ber \u0219i 24 de subofi\u021beri.<\/strong><\/p>\n<p class=\"western\" align=\"JUSTIFY\">Ceremonia militar\u0103 a debutat cu prezentarea raportului, trecerea \u00een revist\u0103 a forma\u021biei \u0219i intonarea imnului na\u021bional. Primul adujunct al inspectorului \u0219ef, colonel Giurea Marius, a dat citire Ordinului prin care cadrele militare au fost \u00eenaintate \u00een gradul urm\u0103tor \u0219i a \u00eenm\u00e2nat celor avansa\u021bi noile grade, cu aceast\u0103 ocazie felicit\u00e2ndu-i \u0219i dorindu-le succes \u00een activitate.<\/p>\n<p class=\"western\" align=\"JUSTIFY\">Cadrele militare ale Inspectoratului de Jandarmi Jude\u021bean Alba au fost avansate astfel:<\/p>\n<ul>\n<li class=\"western\">\u00een gradul de colonel: 1 ofi\u021ber;<\/li>\n<li class=\"western\">\u00een gradul de plutonier adjutant \u0219ef: 5 subofi\u021beri;<\/li>\n<li class=\"western\">\u00een gradul de plutonier major: 16 subofi\u021beri;<\/li>\n<li class=\"western\">\u00een gradul de plutonier: 3 subofi\u021beri;<\/li>\n<\/ul>\n<p class=\"western\" align=\"JUSTIFY\">Conform prevederilor Legii nr. 80\/1995 privind statutul cadrelor militare, \u00een luna august a fiec\u0103rui an, se \u00eenainteaz\u0103 la termen, \u00een gradul urm\u0103tor, cadrele militare \u00een activitate care au \u00eemplinit sau \u00eemplinesc stagiul minim \u00een grad \u00een cursul anului \u015fi \u00eendeplinesc cumulativ celelalte condi\u0163ii legale.<\/p>\n<div id='gallery-1' class='gallery galleryid-29569 gallery-columns-3 gallery-size-thumbnail'><figure class='gallery-item'>\n\t\t\t<div class='gallery-icon landscape'>\n\t\t\t\t<a href='https:\/\/urbeamea.ro\/albaiulia\/wp-content\/uploads\/2016\/08\/DSCN2063.jpg'><img decoding=\"async\" width=\"150\" height=\"113\" src=\"data:image\/png;base64,iVBORw0KGgoAAAANSUhEUgAAAYYAAADcAQMAAABOLJSDAAAAA1BMVEUAAACnej3aAAAAAXRSTlMAQObYZgAAACJJREFUaIHtwTEBAAAAwqD1T20ND6AAAAAAAAAAAAAA4N8AKvgAAUFIrrEAAAAASUVORK5CYII=\" class=\"attachment-thumbnail size-thumbnail lazy-img\" alt=\"\" srcset=\"https:\/\/urbeamea.ro\/albaiulia\/wp-content\/uploads\/2016\/08\/DSCN2063-150x113.jpg 150w, https:\/\/urbeamea.ro\/albaiulia\/wp-content\/uploads\/2016\/08\/DSCN2063-640x480.jpg 640w, https:\/\/urbeamea.ro\/albaiulia\/wp-content\/uploads\/2016\/08\/DSCN2063-768x576.jpg 768w, https:\/\/urbeamea.ro\/albaiulia\/wp-content\/uploads\/2016\/08\/DSCN2063.jpg 800w\" sizes=\"auto, (max-width: 150px) 100vw, 150px\" data-src=\"https:\/\/urbeamea.ro\/albaiulia\/wp-content\/uploads\/2016\/08\/DSCN2063-150x113.jpg\" loading=\"lazy\" \/><\/a>\n\t\t\t<\/div><\/figure><figure class='gallery-item'>\n\t\t\t<div class='gallery-icon landscape'>\n\t\t\t\t<a href='https:\/\/urbeamea.ro\/albaiulia\/wp-content\/uploads\/2016\/08\/DSCN2071.jpg'><img decoding=\"async\" width=\"150\" height=\"113\" src=\"data:image\/png;base64,iVBORw0KGgoAAAANSUhEUgAAAYYAAADcAQMAAABOLJSDAAAAA1BMVEUAAACnej3aAAAAAXRSTlMAQObYZgAAACJJREFUaIHtwTEBAAAAwqD1T20ND6AAAAAAAAAAAAAA4N8AKvgAAUFIrrEAAAAASUVORK5CYII=\" class=\"attachment-thumbnail size-thumbnail lazy-img\" alt=\"\" srcset=\"https:\/\/urbeamea.ro\/albaiulia\/wp-content\/uploads\/2016\/08\/DSCN2071-150x113.jpg 150w, https:\/\/urbeamea.ro\/albaiulia\/wp-content\/uploads\/2016\/08\/DSCN2071-300x225.jpg 300w, https:\/\/urbeamea.ro\/albaiulia\/wp-content\/uploads\/2016\/08\/DSCN2071-768x576.jpg 768w, https:\/\/urbeamea.ro\/albaiulia\/wp-content\/uploads\/2016\/08\/DSCN2071.jpg 800w\" sizes=\"auto, (max-width: 150px) 100vw, 150px\" data-src=\"https:\/\/urbeamea.ro\/albaiulia\/wp-content\/uploads\/2016\/08\/DSCN2071-150x113.jpg\" loading=\"lazy\" \/><\/a>\n\t\t\t<\/div><\/figure><figure class='gallery-item'>\n\t\t\t<div class='gallery-icon landscape'>\n\t\t\t\t<a href='https:\/\/urbeamea.ro\/albaiulia\/wp-content\/uploads\/2016\/08\/DSCN2079.jpg'><img decoding=\"async\" width=\"150\" height=\"113\" src=\"data:image\/png;base64,iVBORw0KGgoAAAANSUhEUgAAAYYAAADcAQMAAABOLJSDAAAAA1BMVEUAAACnej3aAAAAAXRSTlMAQObYZgAAACJJREFUaIHtwTEBAAAAwqD1T20ND6AAAAAAAAAAAAAA4N8AKvgAAUFIrrEAAAAASUVORK5CYII=\" class=\"attachment-thumbnail size-thumbnail lazy-img\" alt=\"\" srcset=\"https:\/\/urbeamea.ro\/albaiulia\/wp-content\/uploads\/2016\/08\/DSCN2079-150x113.jpg 150w, https:\/\/urbeamea.ro\/albaiulia\/wp-content\/uploads\/2016\/08\/DSCN2079-640x480.jpg 640w, https:\/\/urbeamea.ro\/albaiulia\/wp-content\/uploads\/2016\/08\/DSCN2079-768x576.jpg 768w, https:\/\/urbeamea.ro\/albaiulia\/wp-content\/uploads\/2016\/08\/DSCN2079.jpg 800w\" sizes=\"auto, (max-width: 150px) 100vw, 150px\" data-src=\"https:\/\/urbeamea.ro\/albaiulia\/wp-content\/uploads\/2016\/08\/DSCN2079-150x113.jpg\" loading=\"lazy\" \/><\/a>\n\t\t\t<\/div><\/figure><figure class='gallery-item'>\n\t\t\t<div class='gallery-icon landscape'>\n\t\t\t\t<a href='https:\/\/urbeamea.ro\/albaiulia\/wp-content\/uploads\/2016\/08\/DSCN2086.jpg'><img decoding=\"async\" width=\"150\" height=\"113\" src=\"data:image\/png;base64,iVBORw0KGgoAAAANSUhEUgAAAYYAAADcAQMAAABOLJSDAAAAA1BMVEUAAACnej3aAAAAAXRSTlMAQObYZgAAACJJREFUaIHtwTEBAAAAwqD1T20ND6AAAAAAAAAAAAAA4N8AKvgAAUFIrrEAAAAASUVORK5CYII=\" class=\"attachment-thumbnail size-thumbnail lazy-img\" alt=\"\" srcset=\"https:\/\/urbeamea.ro\/albaiulia\/wp-content\/uploads\/2016\/08\/DSCN2086-150x113.jpg 150w, https:\/\/urbeamea.ro\/albaiulia\/wp-content\/uploads\/2016\/08\/DSCN2086-300x225.jpg 300w, https:\/\/urbeamea.ro\/albaiulia\/wp-content\/uploads\/2016\/08\/DSCN2086-768x576.jpg 768w, https:\/\/urbeamea.ro\/albaiulia\/wp-content\/uploads\/2016\/08\/DSCN2086.jpg 800w\" sizes=\"auto, (max-width: 150px) 100vw, 150px\" data-src=\"https:\/\/urbeamea.ro\/albaiulia\/wp-content\/uploads\/2016\/08\/DSCN2086-150x113.jpg\" loading=\"lazy\" \/><\/a>\n\t\t\t<\/div><\/figure>\n\t\t<\/div>\n\n","protected":false},"excerpt":{"rendered":"<p>Luni diminea\u021ba, \u00eencep\u00e2nd cu ora 09.00, la sediul Inspectoratului de Jandarmi Jude\u021bean Alba, a avut loc o adunare festiv\u0103, \u00een cadrul c\u0103reia au fost avansa\u021bi \u00een gradul urm\u0103tor, la termen, un ofi\u021ber \u0219i 24 de subofi\u021beri. Ceremonia militar\u0103 a debutat cu prezentarea raportului, trecerea \u00een revist\u0103 a forma\u021biei \u0219i intonarea imnului na\u021bional. Primul adujunct al &hellip;<\/p>\n","protected":false},"author":17,"featured_media":29572,"comment_status":"open","ping_status":"open","sticky":false,"template":"","format":"standard","meta":{"inline_featured_image":false,"footnotes":""},"categories":[2034],"tags":[31,6754,1314,1200,6755,6642,308,3171,76],"class_list":["post-29569","post","type-post","status-publish","format-standard","has-post-thumbnail","hentry","category-social","tag-alba-iulia","tag-avandari-in-grad","tag-cadre-militare","tag-jandarmi","tag-ofiter","tag-plutonier","tag-stiri","tag-subofiteri","tag-urbea-mea"],"yoast_head":"<!-- This site is optimized with the Yoast SEO plugin v28.3 - https:\/\/yoast.com\/product\/yoast-seo-wordpress\/ -->\n<title>FOTO: Avans\u0103ri \u00een grad la Jandarmeria Alba. 25 de cadre militare au \u00eemplinit termenul de \u00eenaintare \u00een gradul urm\u0103tor \u0219i au fost avansate \u00eentr-un cadru festiv la sediul IJJ Alba - Revista Urbea Mea - Revista de Alba<\/title>\n<meta name=\"description\" content=\"Luni diminea\u021ba, \u00eencep\u00e2nd cu ora 09.00, la sediul Inspectoratului de Jandarmi Jude\u021bean Alba, a avut loc o adunare festiv\u0103, \u00een cadrul c\u0103reia au fost\" \/>\n<meta name=\"robots\" content=\"index, follow, max-snippet:-1, max-image-preview:large, max-video-preview:-1\" \/>\n<link rel=\"canonical\" href=\"https:\/\/urbeamea.ro\/albaiulia\/foto-avansari-in-grad-la-jandarmeria-alba-25-de-cadre-militare-au-implinit-termenul-de-inaintare-in-gradul-urmator-si-au-fost-avansate-intr-un-cadru-festiv-la-sediul-ijj-alba\/\" \/>\n<meta name=\"twitter:card\" content=\"summary_large_image\" \/>\n<meta name=\"twitter:title\" content=\"FOTO: Avans\u0103ri \u00een grad la Jandarmeria Alba. 25 de cadre militare au \u00eemplinit termenul de \u00eenaintare \u00een gradul urm\u0103tor \u0219i au fost avansate \u00eentr-un cadru festiv la sediul IJJ Alba - Revista Urbea Mea - Revista de Alba\" \/>\n<meta name=\"twitter:description\" content=\"Luni diminea\u021ba, \u00eencep\u00e2nd cu ora 09.00, la sediul Inspectoratului de Jandarmi Jude\u021bean Alba, a avut loc o adunare festiv\u0103, \u00een cadrul c\u0103reia au fost\" \/>\n<meta name=\"twitter:image\" content=\"https:\/\/urbeamea.ro\/albaiulia\/wp-content\/uploads\/2016\/08\/DSCN2079.jpg\" \/>\n<meta name=\"twitter:creator\" content=\"@urbeameaweb\" \/>\n<meta name=\"twitter:site\" content=\"@urbeameaweb\" \/>\n<script type=\"application\/ld+json\" class=\"yoast-schema-graph\">{\"@context\":\"https:\\\/\\\/schema.org\",\"@graph\":[{\"@type\":\"Article\",\"@id\":\"https:\\\/\\\/urbeamea.ro\\\/albaiulia\\\/foto-avansari-in-grad-la-jandarmeria-alba-25-de-cadre-militare-au-implinit-termenul-de-inaintare-in-gradul-urmator-si-au-fost-avansate-intr-un-cadru-festiv-la-sediul-ijj-alba\\\/#article\",\"isPartOf\":{\"@id\":\"https:\\\/\\\/urbeamea.ro\\\/albaiulia\\\/foto-avansari-in-grad-la-jandarmeria-alba-25-de-cadre-militare-au-implinit-termenul-de-inaintare-in-gradul-urmator-si-au-fost-avansate-intr-un-cadru-festiv-la-sediul-ijj-alba\\\/\"},\"author\":{\"name\":\"Cristina Ganga\",\"@id\":\"https:\\\/\\\/urbeamea.ro\\\/albaiulia\\\/#\\\/schema\\\/person\\\/9700d21fae21c4f038b0b56f4506264a\"},\"headline\":\"FOTO: Avans\u0103ri \u00een grad la Jandarmeria Alba. 25 de cadre militare au \u00eemplinit termenul de \u00eenaintare \u00een gradul urm\u0103tor \u0219i au fost avansate \u00eentr-un cadru festiv la sediul IJJ Alba\",\"datePublished\":\"2016-08-08T08:53:04+00:00\",\"mainEntityOfPage\":{\"@id\":\"https:\\\/\\\/urbeamea.ro\\\/albaiulia\\\/foto-avansari-in-grad-la-jandarmeria-alba-25-de-cadre-militare-au-implinit-termenul-de-inaintare-in-gradul-urmator-si-au-fost-avansate-intr-un-cadru-festiv-la-sediul-ijj-alba\\\/\"},\"wordCount\":223,\"commentCount\":0,\"image\":{\"@id\":\"https:\\\/\\\/urbeamea.ro\\\/albaiulia\\\/foto-avansari-in-grad-la-jandarmeria-alba-25-de-cadre-militare-au-implinit-termenul-de-inaintare-in-gradul-urmator-si-au-fost-avansate-intr-un-cadru-festiv-la-sediul-ijj-alba\\\/#primaryimage\"},\"thumbnailUrl\":\"https:\\\/\\\/urbeamea.ro\\\/albaiulia\\\/wp-content\\\/uploads\\\/2016\\\/08\\\/DSCN2079.jpg\",\"keywords\":[\"Alba Iulia\",\"avandari in grad\",\"cadre militare\",\"jandarmi\",\"ofiter\",\"plutonier\",\"stiri\",\"subofiteri\",\"Urbea Mea\"],\"articleSection\":[\"Social\"],\"inLanguage\":\"ro-RO\",\"potentialAction\":[{\"@type\":\"CommentAction\",\"name\":\"Comment\",\"target\":[\"https:\\\/\\\/urbeamea.ro\\\/albaiulia\\\/foto-avansari-in-grad-la-jandarmeria-alba-25-de-cadre-militare-au-implinit-termenul-de-inaintare-in-gradul-urmator-si-au-fost-avansate-intr-un-cadru-festiv-la-sediul-ijj-alba\\\/#respond\"]}]},{\"@type\":\"WebPage\",\"@id\":\"https:\\\/\\\/urbeamea.ro\\\/albaiulia\\\/foto-avansari-in-grad-la-jandarmeria-alba-25-de-cadre-militare-au-implinit-termenul-de-inaintare-in-gradul-urmator-si-au-fost-avansate-intr-un-cadru-festiv-la-sediul-ijj-alba\\\/\",\"url\":\"https:\\\/\\\/urbeamea.ro\\\/albaiulia\\\/foto-avansari-in-grad-la-jandarmeria-alba-25-de-cadre-militare-au-implinit-termenul-de-inaintare-in-gradul-urmator-si-au-fost-avansate-intr-un-cadru-festiv-la-sediul-ijj-alba\\\/\",\"name\":\"FOTO: Avans\u0103ri \u00een grad la Jandarmeria Alba. 25 de cadre militare au \u00eemplinit termenul de \u00eenaintare \u00een gradul urm\u0103tor \u0219i au fost avansate \u00eentr-un cadru festiv la sediul IJJ Alba - Revista Urbea Mea - Revista de Alba\",\"isPartOf\":{\"@id\":\"https:\\\/\\\/urbeamea.ro\\\/albaiulia\\\/#website\"},\"primaryImageOfPage\":{\"@id\":\"https:\\\/\\\/urbeamea.ro\\\/albaiulia\\\/foto-avansari-in-grad-la-jandarmeria-alba-25-de-cadre-militare-au-implinit-termenul-de-inaintare-in-gradul-urmator-si-au-fost-avansate-intr-un-cadru-festiv-la-sediul-ijj-alba\\\/#primaryimage\"},\"image\":{\"@id\":\"https:\\\/\\\/urbeamea.ro\\\/albaiulia\\\/foto-avansari-in-grad-la-jandarmeria-alba-25-de-cadre-militare-au-implinit-termenul-de-inaintare-in-gradul-urmator-si-au-fost-avansate-intr-un-cadru-festiv-la-sediul-ijj-alba\\\/#primaryimage\"},\"thumbnailUrl\":\"https:\\\/\\\/urbeamea.ro\\\/albaiulia\\\/wp-content\\\/uploads\\\/2016\\\/08\\\/DSCN2079.jpg\",\"datePublished\":\"2016-08-08T08:53:04+00:00\",\"author\":{\"@id\":\"https:\\\/\\\/urbeamea.ro\\\/albaiulia\\\/#\\\/schema\\\/person\\\/9700d21fae21c4f038b0b56f4506264a\"},\"description\":\"Luni diminea\u021ba, \u00eencep\u00e2nd cu ora 09.00, la sediul Inspectoratului de Jandarmi Jude\u021bean Alba, a avut loc o adunare festiv\u0103, \u00een cadrul c\u0103reia au fost\",\"breadcrumb\":{\"@id\":\"https:\\\/\\\/urbeamea.ro\\\/albaiulia\\\/foto-avansari-in-grad-la-jandarmeria-alba-25-de-cadre-militare-au-implinit-termenul-de-inaintare-in-gradul-urmator-si-au-fost-avansate-intr-un-cadru-festiv-la-sediul-ijj-alba\\\/#breadcrumb\"},\"inLanguage\":\"ro-RO\",\"potentialAction\":[{\"@type\":\"ReadAction\",\"target\":[\"https:\\\/\\\/urbeamea.ro\\\/albaiulia\\\/foto-avansari-in-grad-la-jandarmeria-alba-25-de-cadre-militare-au-implinit-termenul-de-inaintare-in-gradul-urmator-si-au-fost-avansate-intr-un-cadru-festiv-la-sediul-ijj-alba\\\/\"]}]},{\"@type\":\"ImageObject\",\"inLanguage\":\"ro-RO\",\"@id\":\"https:\\\/\\\/urbeamea.ro\\\/albaiulia\\\/foto-avansari-in-grad-la-jandarmeria-alba-25-de-cadre-militare-au-implinit-termenul-de-inaintare-in-gradul-urmator-si-au-fost-avansate-intr-un-cadru-festiv-la-sediul-ijj-alba\\\/#primaryimage\",\"url\":\"https:\\\/\\\/urbeamea.ro\\\/albaiulia\\\/wp-content\\\/uploads\\\/2016\\\/08\\\/DSCN2079.jpg\",\"contentUrl\":\"https:\\\/\\\/urbeamea.ro\\\/albaiulia\\\/wp-content\\\/uploads\\\/2016\\\/08\\\/DSCN2079.jpg\",\"width\":800,\"height\":600},{\"@type\":\"BreadcrumbList\",\"@id\":\"https:\\\/\\\/urbeamea.ro\\\/albaiulia\\\/foto-avansari-in-grad-la-jandarmeria-alba-25-de-cadre-militare-au-implinit-termenul-de-inaintare-in-gradul-urmator-si-au-fost-avansate-intr-un-cadru-festiv-la-sediul-ijj-alba\\\/#breadcrumb\",\"itemListElement\":[{\"@type\":\"ListItem\",\"position\":1,\"name\":\"Prima pagin\u0103\",\"item\":\"https:\\\/\\\/urbeamea.ro\\\/albaiulia\\\/\"},{\"@type\":\"ListItem\",\"position\":2,\"name\":\"FOTO: Avans\u0103ri \u00een grad la Jandarmeria Alba. 25 de cadre militare au \u00eemplinit termenul de \u00eenaintare \u00een gradul urm\u0103tor \u0219i au fost avansate \u00eentr-un cadru festiv la sediul IJJ Alba\"}]},{\"@type\":\"WebSite\",\"@id\":\"https:\\\/\\\/urbeamea.ro\\\/albaiulia\\\/#website\",\"url\":\"https:\\\/\\\/urbeamea.ro\\\/albaiulia\\\/\",\"name\":\"Revista Urbea Mea, Stiri urbane\",\"description\":\"Evenimente \u0219i \u0219tiri din Alba Iulia, Sebe\u0219, Aiud, Blaj\",\"potentialAction\":[{\"@type\":\"SearchAction\",\"target\":{\"@type\":\"EntryPoint\",\"urlTemplate\":\"https:\\\/\\\/urbeamea.ro\\\/albaiulia\\\/?s={search_term_string}\"},\"query-input\":{\"@type\":\"PropertyValueSpecification\",\"valueRequired\":true,\"valueName\":\"search_term_string\"}}],\"inLanguage\":\"ro-RO\"},{\"@type\":\"Person\",\"@id\":\"https:\\\/\\\/urbeamea.ro\\\/albaiulia\\\/#\\\/schema\\\/person\\\/9700d21fae21c4f038b0b56f4506264a\",\"name\":\"Cristina Ganga\",\"image\":{\"@type\":\"ImageObject\",\"inLanguage\":\"ro-RO\",\"@id\":\"https:\\\/\\\/secure.gravatar.com\\\/avatar\\\/5a67661041f057b4a8ccaf26f5a8e86e2689372006d01faf3dd9eeb10b654bb4?s=96&d=mm&r=g\",\"url\":\"https:\\\/\\\/secure.gravatar.com\\\/avatar\\\/5a67661041f057b4a8ccaf26f5a8e86e2689372006d01faf3dd9eeb10b654bb4?s=96&d=mm&r=g\",\"contentUrl\":\"https:\\\/\\\/secure.gravatar.com\\\/avatar\\\/5a67661041f057b4a8ccaf26f5a8e86e2689372006d01faf3dd9eeb10b654bb4?s=96&d=mm&r=g\",\"caption\":\"Cristina Ganga\"},\"description\":\"Jurnalist\",\"sameAs\":[\"https:\\\/\\\/www.facebook.com\\\/cristina.nicola.587\"],\"url\":\"https:\\\/\\\/urbeamea.ro\\\/albaiulia\\\/author\\\/cristina-nicola\\\/\"}]}<\/script>\n<!-- \/ Yoast SEO plugin. -->","yoast_head_json":{"title":"FOTO: Avans\u0103ri \u00een grad la Jandarmeria Alba. 25 de cadre militare au \u00eemplinit termenul de \u00eenaintare \u00een gradul urm\u0103tor \u0219i au fost avansate \u00eentr-un cadru festiv la sediul IJJ Alba - Revista Urbea Mea - Revista de Alba","description":"Luni diminea\u021ba, \u00eencep\u00e2nd cu ora 09.00, la sediul Inspectoratului de Jandarmi Jude\u021bean Alba, a avut loc o adunare festiv\u0103, \u00een cadrul c\u0103reia au fost","robots":{"index":"index","follow":"follow","max-snippet":"max-snippet:-1","max-image-preview":"max-image-preview:large","max-video-preview":"max-video-preview:-1"},"canonical":"https:\/\/urbeamea.ro\/albaiulia\/foto-avansari-in-grad-la-jandarmeria-alba-25-de-cadre-militare-au-implinit-termenul-de-inaintare-in-gradul-urmator-si-au-fost-avansate-intr-un-cadru-festiv-la-sediul-ijj-alba\/","twitter_card":"summary_large_image","twitter_title":"FOTO: Avans\u0103ri \u00een grad la Jandarmeria Alba. 25 de cadre militare au \u00eemplinit termenul de \u00eenaintare \u00een gradul urm\u0103tor \u0219i au fost avansate \u00eentr-un cadru festiv la sediul IJJ Alba - Revista Urbea Mea - Revista de Alba","twitter_description":"Luni diminea\u021ba, \u00eencep\u00e2nd cu ora 09.00, la sediul Inspectoratului de Jandarmi Jude\u021bean Alba, a avut loc o adunare festiv\u0103, \u00een cadrul c\u0103reia au fost","twitter_image":"https:\/\/urbeamea.ro\/albaiulia\/wp-content\/uploads\/2016\/08\/DSCN2079.jpg","twitter_creator":"@urbeameaweb","twitter_site":"@urbeameaweb","schema":{"@context":"https:\/\/schema.org","@graph":[{"@type":"Article","@id":"https:\/\/urbeamea.ro\/albaiulia\/foto-avansari-in-grad-la-jandarmeria-alba-25-de-cadre-militare-au-implinit-termenul-de-inaintare-in-gradul-urmator-si-au-fost-avansate-intr-un-cadru-festiv-la-sediul-ijj-alba\/#article","isPartOf":{"@id":"https:\/\/urbeamea.ro\/albaiulia\/foto-avansari-in-grad-la-jandarmeria-alba-25-de-cadre-militare-au-implinit-termenul-de-inaintare-in-gradul-urmator-si-au-fost-avansate-intr-un-cadru-festiv-la-sediul-ijj-alba\/"},"author":{"name":"Cristina Ganga","@id":"https:\/\/urbeamea.ro\/albaiulia\/#\/schema\/person\/9700d21fae21c4f038b0b56f4506264a"},"headline":"FOTO: Avans\u0103ri \u00een grad la Jandarmeria Alba. 25 de cadre militare au \u00eemplinit termenul de \u00eenaintare \u00een gradul urm\u0103tor \u0219i au fost avansate \u00eentr-un cadru festiv la sediul IJJ Alba","datePublished":"2016-08-08T08:53:04+00:00","mainEntityOfPage":{"@id":"https:\/\/urbeamea.ro\/albaiulia\/foto-avansari-in-grad-la-jandarmeria-alba-25-de-cadre-militare-au-implinit-termenul-de-inaintare-in-gradul-urmator-si-au-fost-avansate-intr-un-cadru-festiv-la-sediul-ijj-alba\/"},"wordCount":223,"commentCount":0,"image":{"@id":"https:\/\/urbeamea.ro\/albaiulia\/foto-avansari-in-grad-la-jandarmeria-alba-25-de-cadre-militare-au-implinit-termenul-de-inaintare-in-gradul-urmator-si-au-fost-avansate-intr-un-cadru-festiv-la-sediul-ijj-alba\/#primaryimage"},"thumbnailUrl":"https:\/\/urbeamea.ro\/albaiulia\/wp-content\/uploads\/2016\/08\/DSCN2079.jpg","keywords":["Alba Iulia","avandari in grad","cadre militare","jandarmi","ofiter","plutonier","stiri","subofiteri","Urbea Mea"],"articleSection":["Social"],"inLanguage":"ro-RO","potentialAction":[{"@type":"CommentAction","name":"Comment","target":["https:\/\/urbeamea.ro\/albaiulia\/foto-avansari-in-grad-la-jandarmeria-alba-25-de-cadre-militare-au-implinit-termenul-de-inaintare-in-gradul-urmator-si-au-fost-avansate-intr-un-cadru-festiv-la-sediul-ijj-alba\/#respond"]}]},{"@type":"WebPage","@id":"https:\/\/urbeamea.ro\/albaiulia\/foto-avansari-in-grad-la-jandarmeria-alba-25-de-cadre-militare-au-implinit-termenul-de-inaintare-in-gradul-urmator-si-au-fost-avansate-intr-un-cadru-festiv-la-sediul-ijj-alba\/","url":"https:\/\/urbeamea.ro\/albaiulia\/foto-avansari-in-grad-la-jandarmeria-alba-25-de-cadre-militare-au-implinit-termenul-de-inaintare-in-gradul-urmator-si-au-fost-avansate-intr-un-cadru-festiv-la-sediul-ijj-alba\/","name":"FOTO: Avans\u0103ri \u00een grad la Jandarmeria Alba. 25 de cadre militare au \u00eemplinit termenul de \u00eenaintare \u00een gradul urm\u0103tor \u0219i au fost avansate \u00eentr-un cadru festiv la sediul IJJ Alba - Revista Urbea Mea - Revista de Alba","isPartOf":{"@id":"https:\/\/urbeamea.ro\/albaiulia\/#website"},"primaryImageOfPage":{"@id":"https:\/\/urbeamea.ro\/albaiulia\/foto-avansari-in-grad-la-jandarmeria-alba-25-de-cadre-militare-au-implinit-termenul-de-inaintare-in-gradul-urmator-si-au-fost-avansate-intr-un-cadru-festiv-la-sediul-ijj-alba\/#primaryimage"},"image":{"@id":"https:\/\/urbeamea.ro\/albaiulia\/foto-avansari-in-grad-la-jandarmeria-alba-25-de-cadre-militare-au-implinit-termenul-de-inaintare-in-gradul-urmator-si-au-fost-avansate-intr-un-cadru-festiv-la-sediul-ijj-alba\/#primaryimage"},"thumbnailUrl":"https:\/\/urbeamea.ro\/albaiulia\/wp-content\/uploads\/2016\/08\/DSCN2079.jpg","datePublished":"2016-08-08T08:53:04+00:00","author":{"@id":"https:\/\/urbeamea.ro\/albaiulia\/#\/schema\/person\/9700d21fae21c4f038b0b56f4506264a"},"description":"Luni diminea\u021ba, \u00eencep\u00e2nd cu ora 09.00, la sediul Inspectoratului de Jandarmi Jude\u021bean Alba, a avut loc o adunare festiv\u0103, \u00een cadrul c\u0103reia au fost","breadcrumb":{"@id":"https:\/\/urbeamea.ro\/albaiulia\/foto-avansari-in-grad-la-jandarmeria-alba-25-de-cadre-militare-au-implinit-termenul-de-inaintare-in-gradul-urmator-si-au-fost-avansate-intr-un-cadru-festiv-la-sediul-ijj-alba\/#breadcrumb"},"inLanguage":"ro-RO","potentialAction":[{"@type":"ReadAction","target":["https:\/\/urbeamea.ro\/albaiulia\/foto-avansari-in-grad-la-jandarmeria-alba-25-de-cadre-militare-au-implinit-termenul-de-inaintare-in-gradul-urmator-si-au-fost-avansate-intr-un-cadru-festiv-la-sediul-ijj-alba\/"]}]},{"@type":"ImageObject","inLanguage":"ro-RO","@id":"https:\/\/urbeamea.ro\/albaiulia\/foto-avansari-in-grad-la-jandarmeria-alba-25-de-cadre-militare-au-implinit-termenul-de-inaintare-in-gradul-urmator-si-au-fost-avansate-intr-un-cadru-festiv-la-sediul-ijj-alba\/#primaryimage","url":"https:\/\/urbeamea.ro\/albaiulia\/wp-content\/uploads\/2016\/08\/DSCN2079.jpg","contentUrl":"https:\/\/urbeamea.ro\/albaiulia\/wp-content\/uploads\/2016\/08\/DSCN2079.jpg","width":800,"height":600},{"@type":"BreadcrumbList","@id":"https:\/\/urbeamea.ro\/albaiulia\/foto-avansari-in-grad-la-jandarmeria-alba-25-de-cadre-militare-au-implinit-termenul-de-inaintare-in-gradul-urmator-si-au-fost-avansate-intr-un-cadru-festiv-la-sediul-ijj-alba\/#breadcrumb","itemListElement":[{"@type":"ListItem","position":1,"name":"Prima pagin\u0103","item":"https:\/\/urbeamea.ro\/albaiulia\/"},{"@type":"ListItem","position":2,"name":"FOTO: Avans\u0103ri \u00een grad la Jandarmeria Alba. 25 de cadre militare au \u00eemplinit termenul de \u00eenaintare \u00een gradul urm\u0103tor \u0219i au fost avansate \u00eentr-un cadru festiv la sediul IJJ Alba"}]},{"@type":"WebSite","@id":"https:\/\/urbeamea.ro\/albaiulia\/#website","url":"https:\/\/urbeamea.ro\/albaiulia\/","name":"Revista Urbea Mea, Stiri urbane","description":"Evenimente \u0219i \u0219tiri din Alba Iulia, Sebe\u0219, Aiud, Blaj","potentialAction":[{"@type":"SearchAction","target":{"@type":"EntryPoint","urlTemplate":"https:\/\/urbeamea.ro\/albaiulia\/?s={search_term_string}"},"query-input":{"@type":"PropertyValueSpecification","valueRequired":true,"valueName":"search_term_string"}}],"inLanguage":"ro-RO"},{"@type":"Person","@id":"https:\/\/urbeamea.ro\/albaiulia\/#\/schema\/person\/9700d21fae21c4f038b0b56f4506264a","name":"Cristina Ganga","image":{"@type":"ImageObject","inLanguage":"ro-RO","@id":"https:\/\/secure.gravatar.com\/avatar\/5a67661041f057b4a8ccaf26f5a8e86e2689372006d01faf3dd9eeb10b654bb4?s=96&d=mm&r=g","url":"https:\/\/secure.gravatar.com\/avatar\/5a67661041f057b4a8ccaf26f5a8e86e2689372006d01faf3dd9eeb10b654bb4?s=96&d=mm&r=g","contentUrl":"https:\/\/secure.gravatar.com\/avatar\/5a67661041f057b4a8ccaf26f5a8e86e2689372006d01faf3dd9eeb10b654bb4?s=96&d=mm&r=g","caption":"Cristina Ganga"},"description":"Jurnalist","sameAs":["https:\/\/www.facebook.com\/cristina.nicola.587"],"url":"https:\/\/urbeamea.ro\/albaiulia\/author\/cristina-nicola\/"}]}},"_links":{"self":[{"href":"https:\/\/urbeamea.ro\/albaiulia\/wp-json\/wp\/v2\/posts\/29569","targetHints":{"allow":["GET"]}}],"collection":[{"href":"https:\/\/urbeamea.ro\/albaiulia\/wp-json\/wp\/v2\/posts"}],"about":[{"href":"https:\/\/urbeamea.ro\/albaiulia\/wp-json\/wp\/v2\/types\/post"}],"author":[{"embeddable":true,"href":"https:\/\/urbeamea.ro\/albaiulia\/wp-json\/wp\/v2\/users\/17"}],"replies":[{"embeddable":true,"href":"https:\/\/urbeamea.ro\/albaiulia\/wp-json\/wp\/v2\/comments?post=29569"}],"version-history":[{"count":0,"href":"https:\/\/urbeamea.ro\/albaiulia\/wp-json\/wp\/v2\/posts\/29569\/revisions"}],"wp:featuredmedia":[{"embeddable":true,"href":"https:\/\/urbeamea.ro\/albaiulia\/wp-json\/wp\/v2\/media\/29572"}],"wp:attachment":[{"href":"https:\/\/urbeamea.ro\/albaiulia\/wp-json\/wp\/v2\/media?parent=29569"}],"wp:term":[{"taxonomy":"category","embeddable":true,"href":"https:\/\/urbeamea.ro\/albaiulia\/wp-json\/wp\/v2\/categories?post=29569"},{"taxonomy":"post_tag","embeddable":true,"href":"https:\/\/urbeamea.ro\/albaiulia\/wp-json\/wp\/v2\/tags?post=29569"}],"curies":[{"name":"wp","href":"https:\/\/api.w.org\/{rel}","templated":true}]}}