{"id":29634,"date":"2016-08-08T15:18:12","date_gmt":"2016-08-08T12:18:12","guid":{"rendered":"http:\/\/urbeamea.ro\/albaiulia\/?p=29634"},"modified":"2016-08-08T15:18:12","modified_gmt":"2016-08-08T12:18:12","slug":"un-barbat-din-carpinis-este-cercetat-penal-a-provocat-un-accident-cu-alcool-la-bord","status":"publish","type":"post","link":"https:\/\/urbeamea.ro\/albaiulia\/un-barbat-din-carpinis-este-cercetat-penal-a-provocat-un-accident-cu-alcool-la-bord\/","title":{"rendered":"Un b\u0103rbat din C\u0103rpini\u0219 este cercetat penal: A provocat un accident cu alcool \u201ela bord\u201d"},"content":{"rendered":"<p align=\"JUSTIFY\"><strong><img loading=\"lazy\" decoding=\"async\" class=\"size-medium wp-image-27476 alignleft\" src=\"http:\/\/urbeamea.ro\/albaiulia\/wp-content\/uploads\/2016\/07\/politia-rutiera-continua-sa-taie-in-carne-vie-300x187.jpg\" alt=\"politia-rutiera-continua-sa-taie-in-carne-vie\" width=\"300\" height=\"187\" \/>Un b\u0103rbat de 37 de ani din C\u0103rpini\u0219 este cercetat\u00a0penal dup\u0103 ce a fost implicat \u00eentr-un accident rutier. \u00cen timp ce conducea, cu alcool \u201ela bord\u201d, un moped ne\u00eenmatriculat, a pierdut controlul asupra acestuia \u0219i s-a r\u0103sturnat \u00een afara carosabilului.<\/strong><\/p>\n<p align=\"JUSTIFY\"><span lang=\"ro-RO\">Potrivit IPJ Alba, la data de 6 august, \u00een jurul orei 00.14, Poli\u021bia Municipiului Sebe\u0219 a fost sesizat\u0103 prin 112, cu privire la faptul c\u0103, pe raza localit\u0103\u0163ii C\u0103rpini\u015f, un mopedist s-a dezechilibrat \u015fi a suferit leziuni la un picior.<\/span><\/p>\n<p align=\"JUSTIFY\"><span lang=\"ro-RO\">Din primele cercet\u0103ri efectuate de poli\u0163i\u015ftii deplasa\u0163i la fa\u0163a locului a rezultat c\u0103 I.C., de 37 de ani, din C\u0103rpini\u0219, \u00een timp ce circula cu un moped pe strada Principal\u0103 din localitate, f\u0103r\u0103 a poseda permis de conducere \u015fi fiind sub influen\u0163a alcoolului, a pierdut controlul asupra acestuia \u015fi s-a r\u0103sturnat \u00een afara carosabilului.<\/span><\/p>\n<p align=\"JUSTIFY\"><span lang=\"ro-RO\">Cu ocazia verific\u0103rilor efectuate, poli\u0163i\u015ftii au stabilit faptul c\u0103 mopedul condus de b\u0103rbat nu este \u00eenmatriculat \u00een circula\u0163ie, iar \u00een urma test\u0103rii mopedistului cu aparatul etilotest, a rezultat valoarea de <strong>0,82 mg\/l alcool<\/strong> pur \u00een aerul expirat motiv pentru care a fost condus la spital unde i-au fost recoltate mostre de s\u00e2nge, \u00een vederea stabilirii alcoolemiei.<\/span><\/p>\n<p align=\"JUSTIFY\"><span lang=\"ro-RO\">Fa\u0163\u0103 de I.C., cercet\u0103rile sunt continuate sub aspectul comiterii infrac\u021biunilor de conducere f\u0103r\u0103 permis, conducerea unui autovehicul ne\u00eenmatriculat \u015fi conducere sub influen\u0163a alcoolului.<\/span><\/p>\n","protected":false},"excerpt":{"rendered":"<p>Un b\u0103rbat de 37 de ani din C\u0103rpini\u0219 este cercetat\u00a0penal dup\u0103 ce a fost implicat \u00eentr-un accident rutier. \u00cen timp ce conducea, cu alcool \u201ela bord\u201d, un moped ne\u00eenmatriculat, a pierdut controlul asupra acestuia \u0219i s-a r\u0103sturnat \u00een afara carosabilului. Potrivit IPJ Alba, la data de 6 august, \u00een jurul orei 00.14, Poli\u021bia Municipiului Sebe\u0219 &hellip;<\/p>\n","protected":false},"author":17,"featured_media":27476,"comment_status":"open","ping_status":"open","sticky":false,"template":"","format":"standard","meta":{"inline_featured_image":false,"footnotes":""},"categories":[2034],"tags":[307,1364,6768,3089,2669,3500,2808,308,76],"class_list":["post-29634","post","type-post","status-publish","format-standard","has-post-thumbnail","hentry","category-social","tag-alba","tag-alcool","tag-carpinis","tag-cercetat-penal","tag-moped","tag-neinmatriculat","tag-rasturnat","tag-stiri","tag-urbea-mea"],"yoast_head":"<!-- This site is optimized with the Yoast SEO plugin v28.3 - https:\/\/yoast.com\/product\/yoast-seo-wordpress\/ -->\n<title>Un b\u0103rbat din C\u0103rpini\u0219 este cercetat penal: A provocat un accident cu alcool \u201ela bord\u201d - Revista Urbea Mea - Revista de Alba<\/title>\n<meta name=\"description\" content=\"Un b\u0103rbat de 37 de ani din C\u0103rpini\u0219 este cercetat\u00a0penal dup\u0103 ce a fost implicat \u00eentr-un accident rutier. \u00cen timp ce conducea, cu alcool \u201ela bord\u201d, un\" \/>\n<meta name=\"robots\" content=\"index, follow, max-snippet:-1, max-image-preview:large, max-video-preview:-1\" \/>\n<link rel=\"canonical\" href=\"https:\/\/urbeamea.ro\/albaiulia\/un-barbat-din-carpinis-este-cercetat-penal-a-provocat-un-accident-cu-alcool-la-bord\/\" \/>\n<meta name=\"twitter:card\" content=\"summary_large_image\" \/>\n<meta name=\"twitter:title\" content=\"Un b\u0103rbat din C\u0103rpini\u0219 este cercetat penal: A provocat un accident cu alcool \u201ela bord\u201d - Revista Urbea Mea - Revista de Alba\" \/>\n<meta name=\"twitter:description\" content=\"Un b\u0103rbat de 37 de ani din C\u0103rpini\u0219 este cercetat\u00a0penal dup\u0103 ce a fost implicat \u00eentr-un accident rutier. \u00cen timp ce conducea, cu alcool \u201ela bord\u201d, un\" \/>\n<meta name=\"twitter:image\" content=\"https:\/\/urbeamea.ro\/albaiulia\/wp-content\/uploads\/2016\/07\/politia-rutiera-continua-sa-taie-in-carne-vie.jpg\" \/>\n<meta name=\"twitter:creator\" content=\"@urbeameaweb\" \/>\n<meta name=\"twitter:site\" content=\"@urbeameaweb\" \/>\n<script type=\"application\/ld+json\" class=\"yoast-schema-graph\">{\"@context\":\"https:\\\/\\\/schema.org\",\"@graph\":[{\"@type\":\"Article\",\"@id\":\"https:\\\/\\\/urbeamea.ro\\\/albaiulia\\\/un-barbat-din-carpinis-este-cercetat-penal-a-provocat-un-accident-cu-alcool-la-bord\\\/#article\",\"isPartOf\":{\"@id\":\"https:\\\/\\\/urbeamea.ro\\\/albaiulia\\\/un-barbat-din-carpinis-este-cercetat-penal-a-provocat-un-accident-cu-alcool-la-bord\\\/\"},\"author\":{\"name\":\"Cristina Ganga\",\"@id\":\"https:\\\/\\\/urbeamea.ro\\\/albaiulia\\\/#\\\/schema\\\/person\\\/9700d21fae21c4f038b0b56f4506264a\"},\"headline\":\"Un b\u0103rbat din C\u0103rpini\u0219 este cercetat penal: A provocat un accident cu alcool \u201ela bord\u201d\",\"datePublished\":\"2016-08-08T12:18:12+00:00\",\"mainEntityOfPage\":{\"@id\":\"https:\\\/\\\/urbeamea.ro\\\/albaiulia\\\/un-barbat-din-carpinis-este-cercetat-penal-a-provocat-un-accident-cu-alcool-la-bord\\\/\"},\"wordCount\":256,\"commentCount\":0,\"image\":{\"@id\":\"https:\\\/\\\/urbeamea.ro\\\/albaiulia\\\/un-barbat-din-carpinis-este-cercetat-penal-a-provocat-un-accident-cu-alcool-la-bord\\\/#primaryimage\"},\"thumbnailUrl\":\"https:\\\/\\\/urbeamea.ro\\\/albaiulia\\\/wp-content\\\/uploads\\\/2016\\\/07\\\/politia-rutiera-continua-sa-taie-in-carne-vie.jpg\",\"keywords\":[\"alba\",\"alcool\",\"carpinis\",\"cercetat penal\",\"moped\",\"neinmatriculat\",\"rasturnat\",\"stiri\",\"Urbea Mea\"],\"articleSection\":[\"Social\"],\"inLanguage\":\"ro-RO\",\"potentialAction\":[{\"@type\":\"CommentAction\",\"name\":\"Comment\",\"target\":[\"https:\\\/\\\/urbeamea.ro\\\/albaiulia\\\/un-barbat-din-carpinis-este-cercetat-penal-a-provocat-un-accident-cu-alcool-la-bord\\\/#respond\"]}]},{\"@type\":\"WebPage\",\"@id\":\"https:\\\/\\\/urbeamea.ro\\\/albaiulia\\\/un-barbat-din-carpinis-este-cercetat-penal-a-provocat-un-accident-cu-alcool-la-bord\\\/\",\"url\":\"https:\\\/\\\/urbeamea.ro\\\/albaiulia\\\/un-barbat-din-carpinis-este-cercetat-penal-a-provocat-un-accident-cu-alcool-la-bord\\\/\",\"name\":\"Un b\u0103rbat din C\u0103rpini\u0219 este cercetat penal: A provocat un accident cu alcool \u201ela bord\u201d - Revista Urbea Mea - Revista de Alba\",\"isPartOf\":{\"@id\":\"https:\\\/\\\/urbeamea.ro\\\/albaiulia\\\/#website\"},\"primaryImageOfPage\":{\"@id\":\"https:\\\/\\\/urbeamea.ro\\\/albaiulia\\\/un-barbat-din-carpinis-este-cercetat-penal-a-provocat-un-accident-cu-alcool-la-bord\\\/#primaryimage\"},\"image\":{\"@id\":\"https:\\\/\\\/urbeamea.ro\\\/albaiulia\\\/un-barbat-din-carpinis-este-cercetat-penal-a-provocat-un-accident-cu-alcool-la-bord\\\/#primaryimage\"},\"thumbnailUrl\":\"https:\\\/\\\/urbeamea.ro\\\/albaiulia\\\/wp-content\\\/uploads\\\/2016\\\/07\\\/politia-rutiera-continua-sa-taie-in-carne-vie.jpg\",\"datePublished\":\"2016-08-08T12:18:12+00:00\",\"author\":{\"@id\":\"https:\\\/\\\/urbeamea.ro\\\/albaiulia\\\/#\\\/schema\\\/person\\\/9700d21fae21c4f038b0b56f4506264a\"},\"description\":\"Un b\u0103rbat de 37 de ani din C\u0103rpini\u0219 este cercetat\u00a0penal dup\u0103 ce a fost implicat \u00eentr-un accident rutier. \u00cen timp ce conducea, cu alcool \u201ela bord\u201d, un\",\"breadcrumb\":{\"@id\":\"https:\\\/\\\/urbeamea.ro\\\/albaiulia\\\/un-barbat-din-carpinis-este-cercetat-penal-a-provocat-un-accident-cu-alcool-la-bord\\\/#breadcrumb\"},\"inLanguage\":\"ro-RO\",\"potentialAction\":[{\"@type\":\"ReadAction\",\"target\":[\"https:\\\/\\\/urbeamea.ro\\\/albaiulia\\\/un-barbat-din-carpinis-este-cercetat-penal-a-provocat-un-accident-cu-alcool-la-bord\\\/\"]}]},{\"@type\":\"ImageObject\",\"inLanguage\":\"ro-RO\",\"@id\":\"https:\\\/\\\/urbeamea.ro\\\/albaiulia\\\/un-barbat-din-carpinis-este-cercetat-penal-a-provocat-un-accident-cu-alcool-la-bord\\\/#primaryimage\",\"url\":\"https:\\\/\\\/urbeamea.ro\\\/albaiulia\\\/wp-content\\\/uploads\\\/2016\\\/07\\\/politia-rutiera-continua-sa-taie-in-carne-vie.jpg\",\"contentUrl\":\"https:\\\/\\\/urbeamea.ro\\\/albaiulia\\\/wp-content\\\/uploads\\\/2016\\\/07\\\/politia-rutiera-continua-sa-taie-in-carne-vie.jpg\",\"width\":800,\"height\":498},{\"@type\":\"BreadcrumbList\",\"@id\":\"https:\\\/\\\/urbeamea.ro\\\/albaiulia\\\/un-barbat-din-carpinis-este-cercetat-penal-a-provocat-un-accident-cu-alcool-la-bord\\\/#breadcrumb\",\"itemListElement\":[{\"@type\":\"ListItem\",\"position\":1,\"name\":\"Prima pagin\u0103\",\"item\":\"https:\\\/\\\/urbeamea.ro\\\/albaiulia\\\/\"},{\"@type\":\"ListItem\",\"position\":2,\"name\":\"Un b\u0103rbat din C\u0103rpini\u0219 este cercetat penal: A provocat un accident cu alcool \u201ela bord\u201d\"}]},{\"@type\":\"WebSite\",\"@id\":\"https:\\\/\\\/urbeamea.ro\\\/albaiulia\\\/#website\",\"url\":\"https:\\\/\\\/urbeamea.ro\\\/albaiulia\\\/\",\"name\":\"Revista Urbea Mea, Stiri urbane\",\"description\":\"Evenimente \u0219i \u0219tiri din Alba Iulia, Sebe\u0219, Aiud, Blaj\",\"potentialAction\":[{\"@type\":\"SearchAction\",\"target\":{\"@type\":\"EntryPoint\",\"urlTemplate\":\"https:\\\/\\\/urbeamea.ro\\\/albaiulia\\\/?s={search_term_string}\"},\"query-input\":{\"@type\":\"PropertyValueSpecification\",\"valueRequired\":true,\"valueName\":\"search_term_string\"}}],\"inLanguage\":\"ro-RO\"},{\"@type\":\"Person\",\"@id\":\"https:\\\/\\\/urbeamea.ro\\\/albaiulia\\\/#\\\/schema\\\/person\\\/9700d21fae21c4f038b0b56f4506264a\",\"name\":\"Cristina Ganga\",\"image\":{\"@type\":\"ImageObject\",\"inLanguage\":\"ro-RO\",\"@id\":\"https:\\\/\\\/secure.gravatar.com\\\/avatar\\\/5a67661041f057b4a8ccaf26f5a8e86e2689372006d01faf3dd9eeb10b654bb4?s=96&d=mm&r=g\",\"url\":\"https:\\\/\\\/secure.gravatar.com\\\/avatar\\\/5a67661041f057b4a8ccaf26f5a8e86e2689372006d01faf3dd9eeb10b654bb4?s=96&d=mm&r=g\",\"contentUrl\":\"https:\\\/\\\/secure.gravatar.com\\\/avatar\\\/5a67661041f057b4a8ccaf26f5a8e86e2689372006d01faf3dd9eeb10b654bb4?s=96&d=mm&r=g\",\"caption\":\"Cristina Ganga\"},\"description\":\"Jurnalist\",\"sameAs\":[\"https:\\\/\\\/www.facebook.com\\\/cristina.nicola.587\"],\"url\":\"https:\\\/\\\/urbeamea.ro\\\/albaiulia\\\/author\\\/cristina-nicola\\\/\"}]}<\/script>\n<!-- \/ Yoast SEO plugin. -->","yoast_head_json":{"title":"Un b\u0103rbat din C\u0103rpini\u0219 este cercetat penal: A provocat un accident cu alcool \u201ela bord\u201d - Revista Urbea Mea - Revista de Alba","description":"Un b\u0103rbat de 37 de ani din C\u0103rpini\u0219 este cercetat\u00a0penal dup\u0103 ce a fost implicat \u00eentr-un accident rutier. \u00cen timp ce conducea, cu alcool \u201ela bord\u201d, un","robots":{"index":"index","follow":"follow","max-snippet":"max-snippet:-1","max-image-preview":"max-image-preview:large","max-video-preview":"max-video-preview:-1"},"canonical":"https:\/\/urbeamea.ro\/albaiulia\/un-barbat-din-carpinis-este-cercetat-penal-a-provocat-un-accident-cu-alcool-la-bord\/","twitter_card":"summary_large_image","twitter_title":"Un b\u0103rbat din C\u0103rpini\u0219 este cercetat penal: A provocat un accident cu alcool \u201ela bord\u201d - Revista Urbea Mea - Revista de Alba","twitter_description":"Un b\u0103rbat de 37 de ani din C\u0103rpini\u0219 este cercetat\u00a0penal dup\u0103 ce a fost implicat \u00eentr-un accident rutier. \u00cen timp ce conducea, cu alcool \u201ela bord\u201d, un","twitter_image":"https:\/\/urbeamea.ro\/albaiulia\/wp-content\/uploads\/2016\/07\/politia-rutiera-continua-sa-taie-in-carne-vie.jpg","twitter_creator":"@urbeameaweb","twitter_site":"@urbeameaweb","schema":{"@context":"https:\/\/schema.org","@graph":[{"@type":"Article","@id":"https:\/\/urbeamea.ro\/albaiulia\/un-barbat-din-carpinis-este-cercetat-penal-a-provocat-un-accident-cu-alcool-la-bord\/#article","isPartOf":{"@id":"https:\/\/urbeamea.ro\/albaiulia\/un-barbat-din-carpinis-este-cercetat-penal-a-provocat-un-accident-cu-alcool-la-bord\/"},"author":{"name":"Cristina Ganga","@id":"https:\/\/urbeamea.ro\/albaiulia\/#\/schema\/person\/9700d21fae21c4f038b0b56f4506264a"},"headline":"Un b\u0103rbat din C\u0103rpini\u0219 este cercetat penal: A provocat un accident cu alcool \u201ela bord\u201d","datePublished":"2016-08-08T12:18:12+00:00","mainEntityOfPage":{"@id":"https:\/\/urbeamea.ro\/albaiulia\/un-barbat-din-carpinis-este-cercetat-penal-a-provocat-un-accident-cu-alcool-la-bord\/"},"wordCount":256,"commentCount":0,"image":{"@id":"https:\/\/urbeamea.ro\/albaiulia\/un-barbat-din-carpinis-este-cercetat-penal-a-provocat-un-accident-cu-alcool-la-bord\/#primaryimage"},"thumbnailUrl":"https:\/\/urbeamea.ro\/albaiulia\/wp-content\/uploads\/2016\/07\/politia-rutiera-continua-sa-taie-in-carne-vie.jpg","keywords":["alba","alcool","carpinis","cercetat penal","moped","neinmatriculat","rasturnat","stiri","Urbea Mea"],"articleSection":["Social"],"inLanguage":"ro-RO","potentialAction":[{"@type":"CommentAction","name":"Comment","target":["https:\/\/urbeamea.ro\/albaiulia\/un-barbat-din-carpinis-este-cercetat-penal-a-provocat-un-accident-cu-alcool-la-bord\/#respond"]}]},{"@type":"WebPage","@id":"https:\/\/urbeamea.ro\/albaiulia\/un-barbat-din-carpinis-este-cercetat-penal-a-provocat-un-accident-cu-alcool-la-bord\/","url":"https:\/\/urbeamea.ro\/albaiulia\/un-barbat-din-carpinis-este-cercetat-penal-a-provocat-un-accident-cu-alcool-la-bord\/","name":"Un b\u0103rbat din C\u0103rpini\u0219 este cercetat penal: A provocat un accident cu alcool \u201ela bord\u201d - Revista Urbea Mea - Revista de Alba","isPartOf":{"@id":"https:\/\/urbeamea.ro\/albaiulia\/#website"},"primaryImageOfPage":{"@id":"https:\/\/urbeamea.ro\/albaiulia\/un-barbat-din-carpinis-este-cercetat-penal-a-provocat-un-accident-cu-alcool-la-bord\/#primaryimage"},"image":{"@id":"https:\/\/urbeamea.ro\/albaiulia\/un-barbat-din-carpinis-este-cercetat-penal-a-provocat-un-accident-cu-alcool-la-bord\/#primaryimage"},"thumbnailUrl":"https:\/\/urbeamea.ro\/albaiulia\/wp-content\/uploads\/2016\/07\/politia-rutiera-continua-sa-taie-in-carne-vie.jpg","datePublished":"2016-08-08T12:18:12+00:00","author":{"@id":"https:\/\/urbeamea.ro\/albaiulia\/#\/schema\/person\/9700d21fae21c4f038b0b56f4506264a"},"description":"Un b\u0103rbat de 37 de ani din C\u0103rpini\u0219 este cercetat\u00a0penal dup\u0103 ce a fost implicat \u00eentr-un accident rutier. \u00cen timp ce conducea, cu alcool \u201ela bord\u201d, un","breadcrumb":{"@id":"https:\/\/urbeamea.ro\/albaiulia\/un-barbat-din-carpinis-este-cercetat-penal-a-provocat-un-accident-cu-alcool-la-bord\/#breadcrumb"},"inLanguage":"ro-RO","potentialAction":[{"@type":"ReadAction","target":["https:\/\/urbeamea.ro\/albaiulia\/un-barbat-din-carpinis-este-cercetat-penal-a-provocat-un-accident-cu-alcool-la-bord\/"]}]},{"@type":"ImageObject","inLanguage":"ro-RO","@id":"https:\/\/urbeamea.ro\/albaiulia\/un-barbat-din-carpinis-este-cercetat-penal-a-provocat-un-accident-cu-alcool-la-bord\/#primaryimage","url":"https:\/\/urbeamea.ro\/albaiulia\/wp-content\/uploads\/2016\/07\/politia-rutiera-continua-sa-taie-in-carne-vie.jpg","contentUrl":"https:\/\/urbeamea.ro\/albaiulia\/wp-content\/uploads\/2016\/07\/politia-rutiera-continua-sa-taie-in-carne-vie.jpg","width":800,"height":498},{"@type":"BreadcrumbList","@id":"https:\/\/urbeamea.ro\/albaiulia\/un-barbat-din-carpinis-este-cercetat-penal-a-provocat-un-accident-cu-alcool-la-bord\/#breadcrumb","itemListElement":[{"@type":"ListItem","position":1,"name":"Prima pagin\u0103","item":"https:\/\/urbeamea.ro\/albaiulia\/"},{"@type":"ListItem","position":2,"name":"Un b\u0103rbat din C\u0103rpini\u0219 este cercetat penal: A provocat un accident cu alcool \u201ela bord\u201d"}]},{"@type":"WebSite","@id":"https:\/\/urbeamea.ro\/albaiulia\/#website","url":"https:\/\/urbeamea.ro\/albaiulia\/","name":"Revista Urbea Mea, Stiri urbane","description":"Evenimente \u0219i \u0219tiri din Alba Iulia, Sebe\u0219, Aiud, Blaj","potentialAction":[{"@type":"SearchAction","target":{"@type":"EntryPoint","urlTemplate":"https:\/\/urbeamea.ro\/albaiulia\/?s={search_term_string}"},"query-input":{"@type":"PropertyValueSpecification","valueRequired":true,"valueName":"search_term_string"}}],"inLanguage":"ro-RO"},{"@type":"Person","@id":"https:\/\/urbeamea.ro\/albaiulia\/#\/schema\/person\/9700d21fae21c4f038b0b56f4506264a","name":"Cristina Ganga","image":{"@type":"ImageObject","inLanguage":"ro-RO","@id":"https:\/\/secure.gravatar.com\/avatar\/5a67661041f057b4a8ccaf26f5a8e86e2689372006d01faf3dd9eeb10b654bb4?s=96&d=mm&r=g","url":"https:\/\/secure.gravatar.com\/avatar\/5a67661041f057b4a8ccaf26f5a8e86e2689372006d01faf3dd9eeb10b654bb4?s=96&d=mm&r=g","contentUrl":"https:\/\/secure.gravatar.com\/avatar\/5a67661041f057b4a8ccaf26f5a8e86e2689372006d01faf3dd9eeb10b654bb4?s=96&d=mm&r=g","caption":"Cristina Ganga"},"description":"Jurnalist","sameAs":["https:\/\/www.facebook.com\/cristina.nicola.587"],"url":"https:\/\/urbeamea.ro\/albaiulia\/author\/cristina-nicola\/"}]}},"_links":{"self":[{"href":"https:\/\/urbeamea.ro\/albaiulia\/wp-json\/wp\/v2\/posts\/29634","targetHints":{"allow":["GET"]}}],"collection":[{"href":"https:\/\/urbeamea.ro\/albaiulia\/wp-json\/wp\/v2\/posts"}],"about":[{"href":"https:\/\/urbeamea.ro\/albaiulia\/wp-json\/wp\/v2\/types\/post"}],"author":[{"embeddable":true,"href":"https:\/\/urbeamea.ro\/albaiulia\/wp-json\/wp\/v2\/users\/17"}],"replies":[{"embeddable":true,"href":"https:\/\/urbeamea.ro\/albaiulia\/wp-json\/wp\/v2\/comments?post=29634"}],"version-history":[{"count":0,"href":"https:\/\/urbeamea.ro\/albaiulia\/wp-json\/wp\/v2\/posts\/29634\/revisions"}],"wp:featuredmedia":[{"embeddable":true,"href":"https:\/\/urbeamea.ro\/albaiulia\/wp-json\/wp\/v2\/media\/27476"}],"wp:attachment":[{"href":"https:\/\/urbeamea.ro\/albaiulia\/wp-json\/wp\/v2\/media?parent=29634"}],"wp:term":[{"taxonomy":"category","embeddable":true,"href":"https:\/\/urbeamea.ro\/albaiulia\/wp-json\/wp\/v2\/categories?post=29634"},{"taxonomy":"post_tag","embeddable":true,"href":"https:\/\/urbeamea.ro\/albaiulia\/wp-json\/wp\/v2\/tags?post=29634"}],"curies":[{"name":"wp","href":"https:\/\/api.w.org\/{rel}","templated":true}]}}