{"id":29636,"date":"2016-08-08T15:25:50","date_gmt":"2016-08-08T12:25:50","guid":{"rendered":"http:\/\/urbeamea.ro\/albaiulia\/?p=29636"},"modified":"2016-08-08T15:26:13","modified_gmt":"2016-08-08T12:26:13","slug":"barbat-din-sibot-cu-dosar-penal-pentru-mai-multe-infractiuni-rutiere","status":"publish","type":"post","link":"https:\/\/urbeamea.ro\/albaiulia\/barbat-din-sibot-cu-dosar-penal-pentru-mai-multe-infractiuni-rutiere\/","title":{"rendered":"B\u0103rbat din \u0218ibot, cu dosar penal pentru mai multe infrac\u021biuni rutiere"},"content":{"rendered":"<p><strong><img loading=\"lazy\" decoding=\"async\" class=\"size-medium wp-image-25687 alignleft\" src=\"http:\/\/urbeamea.ro\/albaiulia\/wp-content\/uploads\/2016\/05\/politia-rutiera-1-300x225.jpg\" alt=\"politia-rutiera\" width=\"300\" height=\"225\" \/>Un b\u0103rbat de 49 de ani din comuna \u0218ibot s-a ales cu dosar penal dup\u0103 ce, a condus sub influen\u0163a alcoolului \u015fi f\u0103r\u0103 permis, un moped ne\u00eenmatriculat \u0219i s-a r\u0103sturnat\u00a0\u00een afara carosabilului.<\/strong><\/p>\n<p>Potrivit IPJ Alba, la data de 7 august, \u00een jurul orei 20.10 poli\u0163i\u015ftii Serviciului Rutier Alba au intervenit pentru solu\u0163ionarea unui accident produs pe strada Principal\u0103 din localitatea \u015eibot.<\/p>\n<p>B.I., de 49 de ani, din comun\u0103, \u00een timp ce circula pe un moped, a pierdut controlul asupra acestuia \u015fi s-a r\u0103sturnat \u00een afara carosabilului. \u00cen urma accidentului, acesta a suferit leziuni corporale u\u015foare.<\/p>\n<p><span lang=\"ro-RO\">Cu ocazia verific\u0103rilor efectuate, poli\u0163i\u015ftii au constatat c\u0103 b\u0103rbatul nu posed\u0103 permis de conducere pentru nicio categorie de autovehicule, mopedul nu este \u00eenmatriculat \u00een circula\u0163ie, iar \u00een urma test\u0103rii mopedistului cu aparatul etilotest, a rezultat valoarea de<strong> 1,26 mg\/l alcool<\/strong> pur \u00een aerul expirat, motiv pentru care a fost condus la spitalul din Cugir unde i-au fost recoltate mostre de s\u00e2nge, \u00een vederea stabilirii alcoolemiei.<\/span><\/p>\n<p>Fa\u0163\u0103 de B.I., cercet\u0103rile sunt continuate sub aspectul comiterii infrac\u021biunilor de conducere sub influen\u0163a alcoolului, conducerea unui autovehicul ne\u00eenmatriculat \u015fi conducerea f\u0103r\u0103 permis.<\/p>\n","protected":false},"excerpt":{"rendered":"<p>Un b\u0103rbat de 49 de ani din comuna \u0218ibot s-a ales cu dosar penal dup\u0103 ce, a condus sub influen\u0163a alcoolului \u015fi f\u0103r\u0103 permis, un moped ne\u00eenmatriculat \u0219i s-a r\u0103sturnat\u00a0\u00een afara carosabilului. Potrivit IPJ Alba, la data de 7 august, \u00een jurul orei 20.10 poli\u0163i\u015ftii Serviciului Rutier Alba au intervenit pentru solu\u0163ionarea unui accident produs &hellip;<\/p>\n","protected":false},"author":17,"featured_media":25687,"comment_status":"open","ping_status":"open","sticky":false,"template":"","format":"standard","meta":{"inline_featured_image":false,"footnotes":""},"categories":[2034],"tags":[307,1364,2506,2669,3500,2808,2444,308,76],"class_list":["post-29636","post","type-post","status-publish","format-standard","has-post-thumbnail","hentry","category-social","tag-alba","tag-alcool","tag-dosar-penal","tag-moped","tag-neinmatriculat","tag-rasturnat","tag-sibot","tag-stiri","tag-urbea-mea"],"yoast_head":"<!-- This site is optimized with the Yoast SEO plugin v28.3 - https:\/\/yoast.com\/product\/yoast-seo-wordpress\/ -->\n<title>B\u0103rbat din \u0218ibot, cu dosar penal pentru mai multe infrac\u021biuni rutiere - Revista Urbea Mea - Revista de Alba<\/title>\n<meta name=\"description\" content=\"Un b\u0103rbat de 49 de ani din comuna \u0218ibot s-a ales cu dosar penal dup\u0103 ce, a condus sub influen\u0163a alcoolului \u015fi f\u0103r\u0103 permis, un moped ne\u00eenmatriculat \u0219i s-a\" \/>\n<meta name=\"robots\" content=\"index, follow, max-snippet:-1, max-image-preview:large, max-video-preview:-1\" \/>\n<link rel=\"canonical\" href=\"https:\/\/urbeamea.ro\/albaiulia\/barbat-din-sibot-cu-dosar-penal-pentru-mai-multe-infractiuni-rutiere\/\" \/>\n<meta name=\"twitter:card\" content=\"summary_large_image\" \/>\n<meta name=\"twitter:title\" content=\"B\u0103rbat din \u0218ibot, cu dosar penal pentru mai multe infrac\u021biuni rutiere - Revista Urbea Mea - Revista de Alba\" \/>\n<meta name=\"twitter:description\" content=\"Un b\u0103rbat de 49 de ani din comuna \u0218ibot s-a ales cu dosar penal dup\u0103 ce, a condus sub influen\u0163a alcoolului \u015fi f\u0103r\u0103 permis, un moped ne\u00eenmatriculat \u0219i s-a\" \/>\n<meta name=\"twitter:image\" content=\"https:\/\/urbeamea.ro\/albaiulia\/wp-content\/uploads\/2016\/05\/politia-rutiera-1.jpg\" \/>\n<meta name=\"twitter:creator\" content=\"@urbeameaweb\" \/>\n<meta name=\"twitter:site\" content=\"@urbeameaweb\" \/>\n<script type=\"application\/ld+json\" class=\"yoast-schema-graph\">{\"@context\":\"https:\\\/\\\/schema.org\",\"@graph\":[{\"@type\":\"Article\",\"@id\":\"https:\\\/\\\/urbeamea.ro\\\/albaiulia\\\/barbat-din-sibot-cu-dosar-penal-pentru-mai-multe-infractiuni-rutiere\\\/#article\",\"isPartOf\":{\"@id\":\"https:\\\/\\\/urbeamea.ro\\\/albaiulia\\\/barbat-din-sibot-cu-dosar-penal-pentru-mai-multe-infractiuni-rutiere\\\/\"},\"author\":{\"name\":\"Cristina Ganga\",\"@id\":\"https:\\\/\\\/urbeamea.ro\\\/albaiulia\\\/#\\\/schema\\\/person\\\/9700d21fae21c4f038b0b56f4506264a\"},\"headline\":\"B\u0103rbat din \u0218ibot, cu dosar penal pentru mai multe infrac\u021biuni rutiere\",\"datePublished\":\"2016-08-08T12:25:50+00:00\",\"dateModified\":\"2016-08-08T12:26:13+00:00\",\"mainEntityOfPage\":{\"@id\":\"https:\\\/\\\/urbeamea.ro\\\/albaiulia\\\/barbat-din-sibot-cu-dosar-penal-pentru-mai-multe-infractiuni-rutiere\\\/\"},\"wordCount\":217,\"commentCount\":0,\"image\":{\"@id\":\"https:\\\/\\\/urbeamea.ro\\\/albaiulia\\\/barbat-din-sibot-cu-dosar-penal-pentru-mai-multe-infractiuni-rutiere\\\/#primaryimage\"},\"thumbnailUrl\":\"https:\\\/\\\/urbeamea.ro\\\/albaiulia\\\/wp-content\\\/uploads\\\/2016\\\/05\\\/politia-rutiera-1.jpg\",\"keywords\":[\"alba\",\"alcool\",\"dosar penal\",\"moped\",\"neinmatriculat\",\"rasturnat\",\"sibot\",\"stiri\",\"Urbea Mea\"],\"articleSection\":[\"Social\"],\"inLanguage\":\"ro-RO\",\"potentialAction\":[{\"@type\":\"CommentAction\",\"name\":\"Comment\",\"target\":[\"https:\\\/\\\/urbeamea.ro\\\/albaiulia\\\/barbat-din-sibot-cu-dosar-penal-pentru-mai-multe-infractiuni-rutiere\\\/#respond\"]}]},{\"@type\":\"WebPage\",\"@id\":\"https:\\\/\\\/urbeamea.ro\\\/albaiulia\\\/barbat-din-sibot-cu-dosar-penal-pentru-mai-multe-infractiuni-rutiere\\\/\",\"url\":\"https:\\\/\\\/urbeamea.ro\\\/albaiulia\\\/barbat-din-sibot-cu-dosar-penal-pentru-mai-multe-infractiuni-rutiere\\\/\",\"name\":\"B\u0103rbat din \u0218ibot, cu dosar penal pentru mai multe infrac\u021biuni rutiere - Revista Urbea Mea - Revista de Alba\",\"isPartOf\":{\"@id\":\"https:\\\/\\\/urbeamea.ro\\\/albaiulia\\\/#website\"},\"primaryImageOfPage\":{\"@id\":\"https:\\\/\\\/urbeamea.ro\\\/albaiulia\\\/barbat-din-sibot-cu-dosar-penal-pentru-mai-multe-infractiuni-rutiere\\\/#primaryimage\"},\"image\":{\"@id\":\"https:\\\/\\\/urbeamea.ro\\\/albaiulia\\\/barbat-din-sibot-cu-dosar-penal-pentru-mai-multe-infractiuni-rutiere\\\/#primaryimage\"},\"thumbnailUrl\":\"https:\\\/\\\/urbeamea.ro\\\/albaiulia\\\/wp-content\\\/uploads\\\/2016\\\/05\\\/politia-rutiera-1.jpg\",\"datePublished\":\"2016-08-08T12:25:50+00:00\",\"dateModified\":\"2016-08-08T12:26:13+00:00\",\"author\":{\"@id\":\"https:\\\/\\\/urbeamea.ro\\\/albaiulia\\\/#\\\/schema\\\/person\\\/9700d21fae21c4f038b0b56f4506264a\"},\"description\":\"Un b\u0103rbat de 49 de ani din comuna \u0218ibot s-a ales cu dosar penal dup\u0103 ce, a condus sub influen\u0163a alcoolului \u015fi f\u0103r\u0103 permis, un moped ne\u00eenmatriculat \u0219i s-a\",\"breadcrumb\":{\"@id\":\"https:\\\/\\\/urbeamea.ro\\\/albaiulia\\\/barbat-din-sibot-cu-dosar-penal-pentru-mai-multe-infractiuni-rutiere\\\/#breadcrumb\"},\"inLanguage\":\"ro-RO\",\"potentialAction\":[{\"@type\":\"ReadAction\",\"target\":[\"https:\\\/\\\/urbeamea.ro\\\/albaiulia\\\/barbat-din-sibot-cu-dosar-penal-pentru-mai-multe-infractiuni-rutiere\\\/\"]}]},{\"@type\":\"ImageObject\",\"inLanguage\":\"ro-RO\",\"@id\":\"https:\\\/\\\/urbeamea.ro\\\/albaiulia\\\/barbat-din-sibot-cu-dosar-penal-pentru-mai-multe-infractiuni-rutiere\\\/#primaryimage\",\"url\":\"https:\\\/\\\/urbeamea.ro\\\/albaiulia\\\/wp-content\\\/uploads\\\/2016\\\/05\\\/politia-rutiera-1.jpg\",\"contentUrl\":\"https:\\\/\\\/urbeamea.ro\\\/albaiulia\\\/wp-content\\\/uploads\\\/2016\\\/05\\\/politia-rutiera-1.jpg\",\"width\":800,\"height\":600},{\"@type\":\"BreadcrumbList\",\"@id\":\"https:\\\/\\\/urbeamea.ro\\\/albaiulia\\\/barbat-din-sibot-cu-dosar-penal-pentru-mai-multe-infractiuni-rutiere\\\/#breadcrumb\",\"itemListElement\":[{\"@type\":\"ListItem\",\"position\":1,\"name\":\"Prima pagin\u0103\",\"item\":\"https:\\\/\\\/urbeamea.ro\\\/albaiulia\\\/\"},{\"@type\":\"ListItem\",\"position\":2,\"name\":\"B\u0103rbat din \u0218ibot, cu dosar penal pentru mai multe infrac\u021biuni rutiere\"}]},{\"@type\":\"WebSite\",\"@id\":\"https:\\\/\\\/urbeamea.ro\\\/albaiulia\\\/#website\",\"url\":\"https:\\\/\\\/urbeamea.ro\\\/albaiulia\\\/\",\"name\":\"Revista Urbea Mea, Stiri urbane\",\"description\":\"Evenimente \u0219i \u0219tiri din Alba Iulia, Sebe\u0219, Aiud, Blaj\",\"potentialAction\":[{\"@type\":\"SearchAction\",\"target\":{\"@type\":\"EntryPoint\",\"urlTemplate\":\"https:\\\/\\\/urbeamea.ro\\\/albaiulia\\\/?s={search_term_string}\"},\"query-input\":{\"@type\":\"PropertyValueSpecification\",\"valueRequired\":true,\"valueName\":\"search_term_string\"}}],\"inLanguage\":\"ro-RO\"},{\"@type\":\"Person\",\"@id\":\"https:\\\/\\\/urbeamea.ro\\\/albaiulia\\\/#\\\/schema\\\/person\\\/9700d21fae21c4f038b0b56f4506264a\",\"name\":\"Cristina Ganga\",\"image\":{\"@type\":\"ImageObject\",\"inLanguage\":\"ro-RO\",\"@id\":\"https:\\\/\\\/secure.gravatar.com\\\/avatar\\\/5a67661041f057b4a8ccaf26f5a8e86e2689372006d01faf3dd9eeb10b654bb4?s=96&d=mm&r=g\",\"url\":\"https:\\\/\\\/secure.gravatar.com\\\/avatar\\\/5a67661041f057b4a8ccaf26f5a8e86e2689372006d01faf3dd9eeb10b654bb4?s=96&d=mm&r=g\",\"contentUrl\":\"https:\\\/\\\/secure.gravatar.com\\\/avatar\\\/5a67661041f057b4a8ccaf26f5a8e86e2689372006d01faf3dd9eeb10b654bb4?s=96&d=mm&r=g\",\"caption\":\"Cristina Ganga\"},\"description\":\"Jurnalist\",\"sameAs\":[\"https:\\\/\\\/www.facebook.com\\\/cristina.nicola.587\"],\"url\":\"https:\\\/\\\/urbeamea.ro\\\/albaiulia\\\/author\\\/cristina-nicola\\\/\"}]}<\/script>\n<!-- \/ Yoast SEO plugin. -->","yoast_head_json":{"title":"B\u0103rbat din \u0218ibot, cu dosar penal pentru mai multe infrac\u021biuni rutiere - Revista Urbea Mea - Revista de Alba","description":"Un b\u0103rbat de 49 de ani din comuna \u0218ibot s-a ales cu dosar penal dup\u0103 ce, a condus sub influen\u0163a alcoolului \u015fi f\u0103r\u0103 permis, un moped ne\u00eenmatriculat \u0219i s-a","robots":{"index":"index","follow":"follow","max-snippet":"max-snippet:-1","max-image-preview":"max-image-preview:large","max-video-preview":"max-video-preview:-1"},"canonical":"https:\/\/urbeamea.ro\/albaiulia\/barbat-din-sibot-cu-dosar-penal-pentru-mai-multe-infractiuni-rutiere\/","twitter_card":"summary_large_image","twitter_title":"B\u0103rbat din \u0218ibot, cu dosar penal pentru mai multe infrac\u021biuni rutiere - Revista Urbea Mea - Revista de Alba","twitter_description":"Un b\u0103rbat de 49 de ani din comuna \u0218ibot s-a ales cu dosar penal dup\u0103 ce, a condus sub influen\u0163a alcoolului \u015fi f\u0103r\u0103 permis, un moped ne\u00eenmatriculat \u0219i s-a","twitter_image":"https:\/\/urbeamea.ro\/albaiulia\/wp-content\/uploads\/2016\/05\/politia-rutiera-1.jpg","twitter_creator":"@urbeameaweb","twitter_site":"@urbeameaweb","schema":{"@context":"https:\/\/schema.org","@graph":[{"@type":"Article","@id":"https:\/\/urbeamea.ro\/albaiulia\/barbat-din-sibot-cu-dosar-penal-pentru-mai-multe-infractiuni-rutiere\/#article","isPartOf":{"@id":"https:\/\/urbeamea.ro\/albaiulia\/barbat-din-sibot-cu-dosar-penal-pentru-mai-multe-infractiuni-rutiere\/"},"author":{"name":"Cristina Ganga","@id":"https:\/\/urbeamea.ro\/albaiulia\/#\/schema\/person\/9700d21fae21c4f038b0b56f4506264a"},"headline":"B\u0103rbat din \u0218ibot, cu dosar penal pentru mai multe infrac\u021biuni rutiere","datePublished":"2016-08-08T12:25:50+00:00","dateModified":"2016-08-08T12:26:13+00:00","mainEntityOfPage":{"@id":"https:\/\/urbeamea.ro\/albaiulia\/barbat-din-sibot-cu-dosar-penal-pentru-mai-multe-infractiuni-rutiere\/"},"wordCount":217,"commentCount":0,"image":{"@id":"https:\/\/urbeamea.ro\/albaiulia\/barbat-din-sibot-cu-dosar-penal-pentru-mai-multe-infractiuni-rutiere\/#primaryimage"},"thumbnailUrl":"https:\/\/urbeamea.ro\/albaiulia\/wp-content\/uploads\/2016\/05\/politia-rutiera-1.jpg","keywords":["alba","alcool","dosar penal","moped","neinmatriculat","rasturnat","sibot","stiri","Urbea Mea"],"articleSection":["Social"],"inLanguage":"ro-RO","potentialAction":[{"@type":"CommentAction","name":"Comment","target":["https:\/\/urbeamea.ro\/albaiulia\/barbat-din-sibot-cu-dosar-penal-pentru-mai-multe-infractiuni-rutiere\/#respond"]}]},{"@type":"WebPage","@id":"https:\/\/urbeamea.ro\/albaiulia\/barbat-din-sibot-cu-dosar-penal-pentru-mai-multe-infractiuni-rutiere\/","url":"https:\/\/urbeamea.ro\/albaiulia\/barbat-din-sibot-cu-dosar-penal-pentru-mai-multe-infractiuni-rutiere\/","name":"B\u0103rbat din \u0218ibot, cu dosar penal pentru mai multe infrac\u021biuni rutiere - Revista Urbea Mea - Revista de Alba","isPartOf":{"@id":"https:\/\/urbeamea.ro\/albaiulia\/#website"},"primaryImageOfPage":{"@id":"https:\/\/urbeamea.ro\/albaiulia\/barbat-din-sibot-cu-dosar-penal-pentru-mai-multe-infractiuni-rutiere\/#primaryimage"},"image":{"@id":"https:\/\/urbeamea.ro\/albaiulia\/barbat-din-sibot-cu-dosar-penal-pentru-mai-multe-infractiuni-rutiere\/#primaryimage"},"thumbnailUrl":"https:\/\/urbeamea.ro\/albaiulia\/wp-content\/uploads\/2016\/05\/politia-rutiera-1.jpg","datePublished":"2016-08-08T12:25:50+00:00","dateModified":"2016-08-08T12:26:13+00:00","author":{"@id":"https:\/\/urbeamea.ro\/albaiulia\/#\/schema\/person\/9700d21fae21c4f038b0b56f4506264a"},"description":"Un b\u0103rbat de 49 de ani din comuna \u0218ibot s-a ales cu dosar penal dup\u0103 ce, a condus sub influen\u0163a alcoolului \u015fi f\u0103r\u0103 permis, un moped ne\u00eenmatriculat \u0219i s-a","breadcrumb":{"@id":"https:\/\/urbeamea.ro\/albaiulia\/barbat-din-sibot-cu-dosar-penal-pentru-mai-multe-infractiuni-rutiere\/#breadcrumb"},"inLanguage":"ro-RO","potentialAction":[{"@type":"ReadAction","target":["https:\/\/urbeamea.ro\/albaiulia\/barbat-din-sibot-cu-dosar-penal-pentru-mai-multe-infractiuni-rutiere\/"]}]},{"@type":"ImageObject","inLanguage":"ro-RO","@id":"https:\/\/urbeamea.ro\/albaiulia\/barbat-din-sibot-cu-dosar-penal-pentru-mai-multe-infractiuni-rutiere\/#primaryimage","url":"https:\/\/urbeamea.ro\/albaiulia\/wp-content\/uploads\/2016\/05\/politia-rutiera-1.jpg","contentUrl":"https:\/\/urbeamea.ro\/albaiulia\/wp-content\/uploads\/2016\/05\/politia-rutiera-1.jpg","width":800,"height":600},{"@type":"BreadcrumbList","@id":"https:\/\/urbeamea.ro\/albaiulia\/barbat-din-sibot-cu-dosar-penal-pentru-mai-multe-infractiuni-rutiere\/#breadcrumb","itemListElement":[{"@type":"ListItem","position":1,"name":"Prima pagin\u0103","item":"https:\/\/urbeamea.ro\/albaiulia\/"},{"@type":"ListItem","position":2,"name":"B\u0103rbat din \u0218ibot, cu dosar penal pentru mai multe infrac\u021biuni rutiere"}]},{"@type":"WebSite","@id":"https:\/\/urbeamea.ro\/albaiulia\/#website","url":"https:\/\/urbeamea.ro\/albaiulia\/","name":"Revista Urbea Mea, Stiri urbane","description":"Evenimente \u0219i \u0219tiri din Alba Iulia, Sebe\u0219, Aiud, Blaj","potentialAction":[{"@type":"SearchAction","target":{"@type":"EntryPoint","urlTemplate":"https:\/\/urbeamea.ro\/albaiulia\/?s={search_term_string}"},"query-input":{"@type":"PropertyValueSpecification","valueRequired":true,"valueName":"search_term_string"}}],"inLanguage":"ro-RO"},{"@type":"Person","@id":"https:\/\/urbeamea.ro\/albaiulia\/#\/schema\/person\/9700d21fae21c4f038b0b56f4506264a","name":"Cristina Ganga","image":{"@type":"ImageObject","inLanguage":"ro-RO","@id":"https:\/\/secure.gravatar.com\/avatar\/5a67661041f057b4a8ccaf26f5a8e86e2689372006d01faf3dd9eeb10b654bb4?s=96&d=mm&r=g","url":"https:\/\/secure.gravatar.com\/avatar\/5a67661041f057b4a8ccaf26f5a8e86e2689372006d01faf3dd9eeb10b654bb4?s=96&d=mm&r=g","contentUrl":"https:\/\/secure.gravatar.com\/avatar\/5a67661041f057b4a8ccaf26f5a8e86e2689372006d01faf3dd9eeb10b654bb4?s=96&d=mm&r=g","caption":"Cristina Ganga"},"description":"Jurnalist","sameAs":["https:\/\/www.facebook.com\/cristina.nicola.587"],"url":"https:\/\/urbeamea.ro\/albaiulia\/author\/cristina-nicola\/"}]}},"_links":{"self":[{"href":"https:\/\/urbeamea.ro\/albaiulia\/wp-json\/wp\/v2\/posts\/29636","targetHints":{"allow":["GET"]}}],"collection":[{"href":"https:\/\/urbeamea.ro\/albaiulia\/wp-json\/wp\/v2\/posts"}],"about":[{"href":"https:\/\/urbeamea.ro\/albaiulia\/wp-json\/wp\/v2\/types\/post"}],"author":[{"embeddable":true,"href":"https:\/\/urbeamea.ro\/albaiulia\/wp-json\/wp\/v2\/users\/17"}],"replies":[{"embeddable":true,"href":"https:\/\/urbeamea.ro\/albaiulia\/wp-json\/wp\/v2\/comments?post=29636"}],"version-history":[{"count":0,"href":"https:\/\/urbeamea.ro\/albaiulia\/wp-json\/wp\/v2\/posts\/29636\/revisions"}],"wp:featuredmedia":[{"embeddable":true,"href":"https:\/\/urbeamea.ro\/albaiulia\/wp-json\/wp\/v2\/media\/25687"}],"wp:attachment":[{"href":"https:\/\/urbeamea.ro\/albaiulia\/wp-json\/wp\/v2\/media?parent=29636"}],"wp:term":[{"taxonomy":"category","embeddable":true,"href":"https:\/\/urbeamea.ro\/albaiulia\/wp-json\/wp\/v2\/categories?post=29636"},{"taxonomy":"post_tag","embeddable":true,"href":"https:\/\/urbeamea.ro\/albaiulia\/wp-json\/wp\/v2\/tags?post=29636"}],"curies":[{"name":"wp","href":"https:\/\/api.w.org\/{rel}","templated":true}]}}