{"id":29705,"date":"2016-08-10T15:58:03","date_gmt":"2016-08-10T12:58:03","guid":{"rendered":"http:\/\/urbeamea.ro\/albaiulia\/?p=29705"},"modified":"2016-08-10T15:58:48","modified_gmt":"2016-08-10T12:58:48","slug":"14-15-august-cantec-de-suflet-in-piata-cetatii-din-alba-iulia-programul-evenimentului","status":"publish","type":"post","link":"https:\/\/urbeamea.ro\/albaiulia\/14-15-august-cantec-de-suflet-in-piata-cetatii-din-alba-iulia-programul-evenimentului\/","title":{"rendered":"14-15 august: \u201eC\u00e2ntec de suflet\u201d, \u00een Pia\u021ba Cet\u0103\u021bii din Alba Iulia. Programul evenimentului"},"content":{"rendered":"<p><strong><img loading=\"lazy\" decoding=\"async\" class=\"size-medium wp-image-29706 alignleft\" src=\"http:\/\/urbeamea.ro\/albaiulia\/wp-content\/uploads\/2016\/08\/afis-201x300.jpg\" alt=\"afis\" width=\"201\" height=\"300\" \/>Alba Iulia dedic\u0103 acest sf\u00e2r\u0219it de s\u0103pt\u0103m\u00e2n\u0103 folclorului. Albaiulienii \u0219i turi\u0219tii sunt a\u0219tepta\u021bi, \u00een perioada 14-15 august, \u00een Pia\u021ba Cet\u0103\u021bii pentru a juca \u0219i a c\u00e2nta al\u0103turi de nume mari ale muzicii populare, \u00een cadrul Festivalului \u201eC\u00e2ntec de suflet\u201d.<\/strong><\/p>\n<p>Ajuns la a III-a edi\u021bie, \u201eC\u00e2ntec de suflet\u201d este un eveniment folcloric, care adun\u0103 \u00eempreun\u0103 slujitori ai c\u00e2ntecului str\u0103bun, autentic \u0219i ve\u0219nic.<\/p>\n<p>Portul, c\u00e2ntecul \u0219i jocul rom\u00e2nesc sunt d\u0103ruite din toat\u0103 inima de cei mai iubi\u021bi arti\u0219ti de muzic\u0103 popular\u0103 din Rom\u00e2nia.<\/p>\n<p>Festivalul de folclor \u201eC\u00e2ntec de suflet\u201d \u00ee\u0219i propune redescoperirea \u0219i promovarea valorilor tradi\u021bionale str\u0103mo\u0219e\u0219ti prin c\u00e2ntul autentic din zonele istorice ale Rom\u00e2niei. Este cel mai mare eveniment de folclor organizat \u00een parteneriat cu municipalitatea din Alba Iulia.<\/p>\n<p>Acest festival \u00ee\u0219i propune valorificarea tradi\u021biilor \u0219i obiceiurilor na\u021bionale, cultivarea dragostei \u0219i respectului pentru tradi\u021biile, obiceiurile \u0219i folclorul rom\u00e2nesc, receptarea frumosului din arta popular\u0103. Festivalul \u00ee\u0219i propune s\u0103 realizeze o punte \u00eentre genera\u021bii, s\u0103 aduc\u0103 \u00een aten\u021bia publicului arti\u0219ti consacra\u021bi ai folclorului rom\u00e2nesc, dar \u0219i gerena\u021bii tinere de interpre\u021bi o necesitate de revigorare \u0219i promovare a valorilor reale ale folclorului rom\u00e2nesc.<\/p>\n<p>Edi\u021bia de anul acesta\u00a0cuprinde t\u00e2rg de me\u015fteri populari, care va fi deschis de vineri, 12 august, precum \u015fi spectacole folclorice, \u00een fiecare sear\u0103, \u00eencep\u00e2nd cu ora 19.00, dansuri \u015fi obiceiuri, recitaluri \u015fi dueluri vocale.<\/p>\n<p>Arti\u015ftii care vor urca\u00a0pe scena din Pia\u0163a Cet\u0103\u0163ii, sunt Veta Biri\u015f, Nicolae Furdui Iancu, Tiberiu Ceia, Florica Bradu, Angela Baciu, Viorica Flintalu, Felicia Stoian, Maria Coman, Alexandru Pugna, Gheorghe Ro\u015foga \u015fi Mioara Velicu.<\/p>\n<p>Al\u0103turi de ace\u0219tia vor fi \u0219i\u00a0Marinela Baba, Roxana Reche Pal, C\u0103t\u0103lin Ha\u015fa, Maria Filimon, Dorina Nari\u0163a, Nicolae Tuhu\u0163, Floricica Moga, Sebastian Stan, Tudor Furdui Iancu, Victoria Mei\u0163escu, Alina Pinca, Reta Rus, Leontina F\u0103rca\u015f, Dana Jurju\u0163, Alexandru Sahlean, Livia Neag, Marian Medregoniu, Adriana Sofica, Cristian Tomoni, Narcisa B\u0103leanu, Maria Magdalena Bigea, Ioana Urs, Gabriela Vladu, Mpdplina Candrea, Georgian Schinteie, Maria Soare, Carmen \u015ete\u0163co, Cristian Bogdan, Ilie Cara\u015f.<\/p>\n<p><strong>Program Festival Folcloric \u201eC\u00e2ntec de suflet\u201d<\/strong><\/p>\n<p><em><strong>Duminic\u0103, 14 august<\/strong><\/em><\/p>\n<p>Orele 19.00 \u2013 22.30<\/p>\n<p>Suit\u0103 orchestral\u0103 din \u0162ara Mo\u0163ilor<\/p>\n<p>Orchestra Jidvei Rom\u00e2nia \u2013 Tudor V\u00e2rciu (taragot) \u0219i dansatorii de la \u201eJunii T\u00e2rnavei\u201d<\/p>\n<p>Imn de slav\u0103 pentru Alba Iulia \u2013 Ansamblul Artistic Jidvei<\/p>\n<p>Dans popular \u2013 \u201eJunii T\u00e2rnavei\u201d \u2013 coregraf Vasile Tr\u00eembi\u021bas<\/p>\n<p>Colaj de c\u00e2ntece mo\u0163e\u015fti<\/p>\n<p>Colaj de c\u00e2ntece bihorene<\/p>\n<p>Colaj de c\u00e2ntece maramure\u015fene<\/p>\n<p>Colaj de c\u00e2ntece de pe T\u00e2rnave<\/p>\n<p>Tineri interpre\u0163i din diferite zone folclorice: Dana Jurju\u021b (Bihor), Alexandru Sahlean (Moldova), Livia Neag (Maramure\u0219), Marian Medregoniu (Gorj), Adriana Sofoca (Dobrogea), Cristian Tomoni (Banat), Narcisa B\u0103leanu (Mehedin\u021bi), Maria Magdalena Bigea (Oltenia), Daniel Mara (Ardeal)<\/p>\n<p>Medalion \u201eLucre\u0163ia Ciobanu\u201d \u2013 Ansamblul Artistic Jidvei (colaj de \u00eenv\u00e2rtite \u0219i jiene)<\/p>\n<p>Microrecital Marilena Baba \u2013 Alba<\/p>\n<p>Soli\u015ftii Amsamblului artistic Jidvei: Iulian Bic, Adina Popa, Andrei Iv\u0103nu\u0219, Ioana \u0218olea, Alexandra B\u0103cil\u0103, Aurelian Adam, Daniela Popa, Nicu\u0219or\u00a0 Balu, Denisa Balu, Gabriel Bucur, Ecaterina Du\u021b\u0103, Alexandru Urs, Iulia \u0218chiau, Alexandru Popescu, Maria Stoica.<\/p>\n<p>Colaj de c\u00e2ntece b\u0103n\u0103\u0163ene, oltene\u015fti, muntene\u015fti<\/p>\n<p>\u201eCe s-ar face inima\u201d<\/p>\n<p>Suit\u0103 orchestral\u0103 de concert \u2013 Orchestra Jidvei<\/p>\n<p>Arti\u015fti consacra\u0163i \u015fi vedete din \u201eGenera\u0163ia de aur\u201d: Felicia Stoian \u0219i Maria Coman \u2013 Banat, Veta Biri\u0219 \u2013 Alba, Florica Bradu \u2013 Bihor, Angela Buciu \u2013 Maramure\u0219, Nicolae Furdui Iancu \u2013 Ardeal<\/p>\n<p>Imn de Slav\u0103 pentru Alba Iulia<\/p>\n<p>Prezentare spectacol: Marinela Baba. Acompaniaz\u0103 Orchestra Jidvei Rom\u00e2nia \u2013 dirijor Stelian Stoica<\/p>\n<p><em><strong>Luni, 15 august<\/strong><\/em><\/p>\n<p>Orele 19.00 \u2013 22.30<\/p>\n<p>Suit\u0103 orchestral\u0103 de Bihor \u2013 Orchestra Jidvei Rom\u00e2nia<\/p>\n<p>Imn de slav\u0103 pentru Alba Iulia: C\u00e2nt\u0103 soli\u0219tii Ansamblului \u201eAugustin Bena\u201d<\/p>\n<p>Tineri interpre\u0163i din diferite zone folclorice: Ioana Urs (Bihor), Vladu Gabriela (Oltenia), M\u0103d\u0103lina Candrea (Moldova), Georgian Schinteie (Banat), Maria Soare (Muntenia), Daniel Stroe (Ardeal) Carmen \u0218te\u021bco (Maramure\u0219), Cristian Bogdan (Dobrogea), Ilie Cara\u0219 (Bucovina)<\/p>\n<p>Soli\u015ftii Ansamblului \u201eAugustin Bena\u201d \u2013 ALBA : Roxana Reche Pal, C\u0103t\u0103lin Ha\u0219a, Maria Filimon, Dorina Nari\u021ba, Nicolae Tuhu\u021b si Floricica Moga<\/p>\n<p>Vedetele tinerei genera\u0163ii: Sebastian Stan, Radu Go\u021ba, \u0218tefania P\u00eerlea, Tudor\u00a0 Furdui Iancu, Ancu\u021ba Cosma<\/p>\n<p>Arti\u015ftii no\u015ftri \u2013 vedetele noastre: Emilia Muntean, Victoria Mei\u021bescu, Alina Pinca, Reta Rus, Leontina F\u0103rca\u0219,\u00a0 Ioana Ardelean.<\/p>\n<p>Suit\u0103 orchestral\u0103 de Maramure\u015f: Orchestra Jidvei Rom\u00e2nia<\/p>\n<p>Arti\u015fti consacra\u0163i \u015fi vedete din \u201eGenera\u0163ia de aur\u201d: Alexandru Pugna \u2013 Ardeal, Viorica Flinta\u0219u \u2013 Bihor, Gheorghe Ro\u0219oga \u2013 Oltenia, Tiberiu Ceia \u2013 Banat, Mioara Velicu \u2013 Moldova<\/p>\n<p>Imn de Slav\u0103 pentru Alba Iulia<\/p>\n<p>Prezentare spectacol: Elena Anghel-Coman<\/p>\n<p>Acompaniaz\u0103 Orchestra Jidvei Rom\u00e2nia \u2013 dirijor Stelian Stoica<\/p>\n","protected":false},"excerpt":{"rendered":"<p>Alba Iulia dedic\u0103 acest sf\u00e2r\u0219it de s\u0103pt\u0103m\u00e2n\u0103 folclorului. Albaiulienii \u0219i turi\u0219tii sunt a\u0219tepta\u021bi, \u00een perioada 14-15 august, \u00een Pia\u021ba Cet\u0103\u021bii pentru a juca \u0219i a c\u00e2nta al\u0103turi de nume mari ale muzicii populare, \u00een cadrul Festivalului \u201eC\u00e2ntec de suflet\u201d. Ajuns la a III-a edi\u021bie, \u201eC\u00e2ntec de suflet\u201d este un eveniment folcloric, care adun\u0103 \u00eempreun\u0103 slujitori &hellip;<\/p>\n","protected":false},"author":17,"featured_media":29706,"comment_status":"open","ping_status":"open","sticky":false,"template":"","format":"standard","meta":{"inline_featured_image":false,"footnotes":""},"categories":[4],"tags":[31,1506,6810,1692,507,966,1733,565,6811,308,6812,76],"class_list":["post-29705","post","type-post","status-publish","format-standard","has-post-thumbnail","hentry","category-eveniment","tag-alba-iulia","tag-artisti","tag-cantec-de-suflet","tag-dansuri","tag-festival","tag-muzica-populara","tag-obiceiuri","tag-piata-cetatii","tag-spectacole-folclorice","tag-stiri","tag-targ-de-mesteri-populari","tag-urbea-mea"],"yoast_head":"<!-- This site is optimized with the Yoast SEO plugin v28.3 - https:\/\/yoast.com\/product\/yoast-seo-wordpress\/ -->\n<title>14-15 august: \u201eC\u00e2ntec de suflet\u201d, \u00een Pia\u021ba Cet\u0103\u021bii din Alba Iulia. Programul evenimentului - Revista Urbea Mea - Revista de Alba<\/title>\n<meta name=\"description\" content=\"Alba Iulia dedic\u0103 acest sf\u00e2r\u0219it de s\u0103pt\u0103m\u00e2n\u0103 folclorului. Albaiulienii \u0219i turi\u0219tii sunt a\u0219tepta\u021bi, \u00een perioada 14-15 august, \u00een Pia\u021ba Cet\u0103\u021bii pentru a\" \/>\n<meta name=\"robots\" content=\"index, follow, max-snippet:-1, max-image-preview:large, max-video-preview:-1\" \/>\n<link rel=\"canonical\" href=\"https:\/\/urbeamea.ro\/albaiulia\/14-15-august-cantec-de-suflet-in-piata-cetatii-din-alba-iulia-programul-evenimentului\/\" \/>\n<meta name=\"twitter:card\" content=\"summary_large_image\" \/>\n<meta name=\"twitter:title\" content=\"14-15 august: \u201eC\u00e2ntec de suflet\u201d, \u00een Pia\u021ba Cet\u0103\u021bii din Alba Iulia. Programul evenimentului - Revista Urbea Mea - Revista de Alba\" \/>\n<meta name=\"twitter:description\" content=\"Alba Iulia dedic\u0103 acest sf\u00e2r\u0219it de s\u0103pt\u0103m\u00e2n\u0103 folclorului. Albaiulienii \u0219i turi\u0219tii sunt a\u0219tepta\u021bi, \u00een perioada 14-15 august, \u00een Pia\u021ba Cet\u0103\u021bii pentru a\" \/>\n<meta name=\"twitter:image\" content=\"https:\/\/urbeamea.ro\/albaiulia\/wp-content\/uploads\/2016\/08\/afis.jpg\" \/>\n<meta name=\"twitter:creator\" content=\"@urbeameaweb\" \/>\n<meta name=\"twitter:site\" content=\"@urbeameaweb\" \/>\n<script type=\"application\/ld+json\" class=\"yoast-schema-graph\">{\"@context\":\"https:\\\/\\\/schema.org\",\"@graph\":[{\"@type\":\"Article\",\"@id\":\"https:\\\/\\\/urbeamea.ro\\\/albaiulia\\\/14-15-august-cantec-de-suflet-in-piata-cetatii-din-alba-iulia-programul-evenimentului\\\/#article\",\"isPartOf\":{\"@id\":\"https:\\\/\\\/urbeamea.ro\\\/albaiulia\\\/14-15-august-cantec-de-suflet-in-piata-cetatii-din-alba-iulia-programul-evenimentului\\\/\"},\"author\":{\"name\":\"Cristina Ganga\",\"@id\":\"https:\\\/\\\/urbeamea.ro\\\/albaiulia\\\/#\\\/schema\\\/person\\\/9700d21fae21c4f038b0b56f4506264a\"},\"headline\":\"14-15 august: \u201eC\u00e2ntec de suflet\u201d, \u00een Pia\u021ba Cet\u0103\u021bii din Alba Iulia. Programul evenimentului\",\"datePublished\":\"2016-08-10T12:58:03+00:00\",\"dateModified\":\"2016-08-10T12:58:48+00:00\",\"mainEntityOfPage\":{\"@id\":\"https:\\\/\\\/urbeamea.ro\\\/albaiulia\\\/14-15-august-cantec-de-suflet-in-piata-cetatii-din-alba-iulia-programul-evenimentului\\\/\"},\"wordCount\":804,\"commentCount\":0,\"image\":{\"@id\":\"https:\\\/\\\/urbeamea.ro\\\/albaiulia\\\/14-15-august-cantec-de-suflet-in-piata-cetatii-din-alba-iulia-programul-evenimentului\\\/#primaryimage\"},\"thumbnailUrl\":\"https:\\\/\\\/urbeamea.ro\\\/albaiulia\\\/wp-content\\\/uploads\\\/2016\\\/08\\\/afis.jpg\",\"keywords\":[\"Alba Iulia\",\"artisti\",\"cantec de suflet\",\"dansuri\",\"festival\",\"muzica populara\",\"obiceiuri\",\"piata cetatii\",\"spectacole folclorice\",\"stiri\",\"targ de mesteri populari\",\"Urbea Mea\"],\"articleSection\":[\"Evenimente\"],\"inLanguage\":\"ro-RO\",\"potentialAction\":[{\"@type\":\"CommentAction\",\"name\":\"Comment\",\"target\":[\"https:\\\/\\\/urbeamea.ro\\\/albaiulia\\\/14-15-august-cantec-de-suflet-in-piata-cetatii-din-alba-iulia-programul-evenimentului\\\/#respond\"]}]},{\"@type\":\"WebPage\",\"@id\":\"https:\\\/\\\/urbeamea.ro\\\/albaiulia\\\/14-15-august-cantec-de-suflet-in-piata-cetatii-din-alba-iulia-programul-evenimentului\\\/\",\"url\":\"https:\\\/\\\/urbeamea.ro\\\/albaiulia\\\/14-15-august-cantec-de-suflet-in-piata-cetatii-din-alba-iulia-programul-evenimentului\\\/\",\"name\":\"14-15 august: \u201eC\u00e2ntec de suflet\u201d, \u00een Pia\u021ba Cet\u0103\u021bii din Alba Iulia. Programul evenimentului - Revista Urbea Mea - Revista de Alba\",\"isPartOf\":{\"@id\":\"https:\\\/\\\/urbeamea.ro\\\/albaiulia\\\/#website\"},\"primaryImageOfPage\":{\"@id\":\"https:\\\/\\\/urbeamea.ro\\\/albaiulia\\\/14-15-august-cantec-de-suflet-in-piata-cetatii-din-alba-iulia-programul-evenimentului\\\/#primaryimage\"},\"image\":{\"@id\":\"https:\\\/\\\/urbeamea.ro\\\/albaiulia\\\/14-15-august-cantec-de-suflet-in-piata-cetatii-din-alba-iulia-programul-evenimentului\\\/#primaryimage\"},\"thumbnailUrl\":\"https:\\\/\\\/urbeamea.ro\\\/albaiulia\\\/wp-content\\\/uploads\\\/2016\\\/08\\\/afis.jpg\",\"datePublished\":\"2016-08-10T12:58:03+00:00\",\"dateModified\":\"2016-08-10T12:58:48+00:00\",\"author\":{\"@id\":\"https:\\\/\\\/urbeamea.ro\\\/albaiulia\\\/#\\\/schema\\\/person\\\/9700d21fae21c4f038b0b56f4506264a\"},\"description\":\"Alba Iulia dedic\u0103 acest sf\u00e2r\u0219it de s\u0103pt\u0103m\u00e2n\u0103 folclorului. Albaiulienii \u0219i turi\u0219tii sunt a\u0219tepta\u021bi, \u00een perioada 14-15 august, \u00een Pia\u021ba Cet\u0103\u021bii pentru a\",\"breadcrumb\":{\"@id\":\"https:\\\/\\\/urbeamea.ro\\\/albaiulia\\\/14-15-august-cantec-de-suflet-in-piata-cetatii-din-alba-iulia-programul-evenimentului\\\/#breadcrumb\"},\"inLanguage\":\"ro-RO\",\"potentialAction\":[{\"@type\":\"ReadAction\",\"target\":[\"https:\\\/\\\/urbeamea.ro\\\/albaiulia\\\/14-15-august-cantec-de-suflet-in-piata-cetatii-din-alba-iulia-programul-evenimentului\\\/\"]}]},{\"@type\":\"ImageObject\",\"inLanguage\":\"ro-RO\",\"@id\":\"https:\\\/\\\/urbeamea.ro\\\/albaiulia\\\/14-15-august-cantec-de-suflet-in-piata-cetatii-din-alba-iulia-programul-evenimentului\\\/#primaryimage\",\"url\":\"https:\\\/\\\/urbeamea.ro\\\/albaiulia\\\/wp-content\\\/uploads\\\/2016\\\/08\\\/afis.jpg\",\"contentUrl\":\"https:\\\/\\\/urbeamea.ro\\\/albaiulia\\\/wp-content\\\/uploads\\\/2016\\\/08\\\/afis.jpg\",\"width\":497,\"height\":740},{\"@type\":\"BreadcrumbList\",\"@id\":\"https:\\\/\\\/urbeamea.ro\\\/albaiulia\\\/14-15-august-cantec-de-suflet-in-piata-cetatii-din-alba-iulia-programul-evenimentului\\\/#breadcrumb\",\"itemListElement\":[{\"@type\":\"ListItem\",\"position\":1,\"name\":\"Prima pagin\u0103\",\"item\":\"https:\\\/\\\/urbeamea.ro\\\/albaiulia\\\/\"},{\"@type\":\"ListItem\",\"position\":2,\"name\":\"14-15 august: \u201eC\u00e2ntec de suflet\u201d, \u00een Pia\u021ba Cet\u0103\u021bii din Alba Iulia. Programul evenimentului\"}]},{\"@type\":\"WebSite\",\"@id\":\"https:\\\/\\\/urbeamea.ro\\\/albaiulia\\\/#website\",\"url\":\"https:\\\/\\\/urbeamea.ro\\\/albaiulia\\\/\",\"name\":\"Revista Urbea Mea, Stiri urbane\",\"description\":\"Evenimente \u0219i \u0219tiri din Alba Iulia, Sebe\u0219, Aiud, Blaj\",\"potentialAction\":[{\"@type\":\"SearchAction\",\"target\":{\"@type\":\"EntryPoint\",\"urlTemplate\":\"https:\\\/\\\/urbeamea.ro\\\/albaiulia\\\/?s={search_term_string}\"},\"query-input\":{\"@type\":\"PropertyValueSpecification\",\"valueRequired\":true,\"valueName\":\"search_term_string\"}}],\"inLanguage\":\"ro-RO\"},{\"@type\":\"Person\",\"@id\":\"https:\\\/\\\/urbeamea.ro\\\/albaiulia\\\/#\\\/schema\\\/person\\\/9700d21fae21c4f038b0b56f4506264a\",\"name\":\"Cristina Ganga\",\"image\":{\"@type\":\"ImageObject\",\"inLanguage\":\"ro-RO\",\"@id\":\"https:\\\/\\\/secure.gravatar.com\\\/avatar\\\/5a67661041f057b4a8ccaf26f5a8e86e2689372006d01faf3dd9eeb10b654bb4?s=96&d=mm&r=g\",\"url\":\"https:\\\/\\\/secure.gravatar.com\\\/avatar\\\/5a67661041f057b4a8ccaf26f5a8e86e2689372006d01faf3dd9eeb10b654bb4?s=96&d=mm&r=g\",\"contentUrl\":\"https:\\\/\\\/secure.gravatar.com\\\/avatar\\\/5a67661041f057b4a8ccaf26f5a8e86e2689372006d01faf3dd9eeb10b654bb4?s=96&d=mm&r=g\",\"caption\":\"Cristina Ganga\"},\"description\":\"Jurnalist\",\"sameAs\":[\"https:\\\/\\\/www.facebook.com\\\/cristina.nicola.587\"],\"url\":\"https:\\\/\\\/urbeamea.ro\\\/albaiulia\\\/author\\\/cristina-nicola\\\/\"}]}<\/script>\n<!-- \/ Yoast SEO plugin. -->","yoast_head_json":{"title":"14-15 august: \u201eC\u00e2ntec de suflet\u201d, \u00een Pia\u021ba Cet\u0103\u021bii din Alba Iulia. Programul evenimentului - Revista Urbea Mea - Revista de Alba","description":"Alba Iulia dedic\u0103 acest sf\u00e2r\u0219it de s\u0103pt\u0103m\u00e2n\u0103 folclorului. Albaiulienii \u0219i turi\u0219tii sunt a\u0219tepta\u021bi, \u00een perioada 14-15 august, \u00een Pia\u021ba Cet\u0103\u021bii pentru a","robots":{"index":"index","follow":"follow","max-snippet":"max-snippet:-1","max-image-preview":"max-image-preview:large","max-video-preview":"max-video-preview:-1"},"canonical":"https:\/\/urbeamea.ro\/albaiulia\/14-15-august-cantec-de-suflet-in-piata-cetatii-din-alba-iulia-programul-evenimentului\/","twitter_card":"summary_large_image","twitter_title":"14-15 august: \u201eC\u00e2ntec de suflet\u201d, \u00een Pia\u021ba Cet\u0103\u021bii din Alba Iulia. Programul evenimentului - Revista Urbea Mea - Revista de Alba","twitter_description":"Alba Iulia dedic\u0103 acest sf\u00e2r\u0219it de s\u0103pt\u0103m\u00e2n\u0103 folclorului. Albaiulienii \u0219i turi\u0219tii sunt a\u0219tepta\u021bi, \u00een perioada 14-15 august, \u00een Pia\u021ba Cet\u0103\u021bii pentru a","twitter_image":"https:\/\/urbeamea.ro\/albaiulia\/wp-content\/uploads\/2016\/08\/afis.jpg","twitter_creator":"@urbeameaweb","twitter_site":"@urbeameaweb","schema":{"@context":"https:\/\/schema.org","@graph":[{"@type":"Article","@id":"https:\/\/urbeamea.ro\/albaiulia\/14-15-august-cantec-de-suflet-in-piata-cetatii-din-alba-iulia-programul-evenimentului\/#article","isPartOf":{"@id":"https:\/\/urbeamea.ro\/albaiulia\/14-15-august-cantec-de-suflet-in-piata-cetatii-din-alba-iulia-programul-evenimentului\/"},"author":{"name":"Cristina Ganga","@id":"https:\/\/urbeamea.ro\/albaiulia\/#\/schema\/person\/9700d21fae21c4f038b0b56f4506264a"},"headline":"14-15 august: \u201eC\u00e2ntec de suflet\u201d, \u00een Pia\u021ba Cet\u0103\u021bii din Alba Iulia. Programul evenimentului","datePublished":"2016-08-10T12:58:03+00:00","dateModified":"2016-08-10T12:58:48+00:00","mainEntityOfPage":{"@id":"https:\/\/urbeamea.ro\/albaiulia\/14-15-august-cantec-de-suflet-in-piata-cetatii-din-alba-iulia-programul-evenimentului\/"},"wordCount":804,"commentCount":0,"image":{"@id":"https:\/\/urbeamea.ro\/albaiulia\/14-15-august-cantec-de-suflet-in-piata-cetatii-din-alba-iulia-programul-evenimentului\/#primaryimage"},"thumbnailUrl":"https:\/\/urbeamea.ro\/albaiulia\/wp-content\/uploads\/2016\/08\/afis.jpg","keywords":["Alba Iulia","artisti","cantec de suflet","dansuri","festival","muzica populara","obiceiuri","piata cetatii","spectacole folclorice","stiri","targ de mesteri populari","Urbea Mea"],"articleSection":["Evenimente"],"inLanguage":"ro-RO","potentialAction":[{"@type":"CommentAction","name":"Comment","target":["https:\/\/urbeamea.ro\/albaiulia\/14-15-august-cantec-de-suflet-in-piata-cetatii-din-alba-iulia-programul-evenimentului\/#respond"]}]},{"@type":"WebPage","@id":"https:\/\/urbeamea.ro\/albaiulia\/14-15-august-cantec-de-suflet-in-piata-cetatii-din-alba-iulia-programul-evenimentului\/","url":"https:\/\/urbeamea.ro\/albaiulia\/14-15-august-cantec-de-suflet-in-piata-cetatii-din-alba-iulia-programul-evenimentului\/","name":"14-15 august: \u201eC\u00e2ntec de suflet\u201d, \u00een Pia\u021ba Cet\u0103\u021bii din Alba Iulia. Programul evenimentului - Revista Urbea Mea - Revista de Alba","isPartOf":{"@id":"https:\/\/urbeamea.ro\/albaiulia\/#website"},"primaryImageOfPage":{"@id":"https:\/\/urbeamea.ro\/albaiulia\/14-15-august-cantec-de-suflet-in-piata-cetatii-din-alba-iulia-programul-evenimentului\/#primaryimage"},"image":{"@id":"https:\/\/urbeamea.ro\/albaiulia\/14-15-august-cantec-de-suflet-in-piata-cetatii-din-alba-iulia-programul-evenimentului\/#primaryimage"},"thumbnailUrl":"https:\/\/urbeamea.ro\/albaiulia\/wp-content\/uploads\/2016\/08\/afis.jpg","datePublished":"2016-08-10T12:58:03+00:00","dateModified":"2016-08-10T12:58:48+00:00","author":{"@id":"https:\/\/urbeamea.ro\/albaiulia\/#\/schema\/person\/9700d21fae21c4f038b0b56f4506264a"},"description":"Alba Iulia dedic\u0103 acest sf\u00e2r\u0219it de s\u0103pt\u0103m\u00e2n\u0103 folclorului. Albaiulienii \u0219i turi\u0219tii sunt a\u0219tepta\u021bi, \u00een perioada 14-15 august, \u00een Pia\u021ba Cet\u0103\u021bii pentru a","breadcrumb":{"@id":"https:\/\/urbeamea.ro\/albaiulia\/14-15-august-cantec-de-suflet-in-piata-cetatii-din-alba-iulia-programul-evenimentului\/#breadcrumb"},"inLanguage":"ro-RO","potentialAction":[{"@type":"ReadAction","target":["https:\/\/urbeamea.ro\/albaiulia\/14-15-august-cantec-de-suflet-in-piata-cetatii-din-alba-iulia-programul-evenimentului\/"]}]},{"@type":"ImageObject","inLanguage":"ro-RO","@id":"https:\/\/urbeamea.ro\/albaiulia\/14-15-august-cantec-de-suflet-in-piata-cetatii-din-alba-iulia-programul-evenimentului\/#primaryimage","url":"https:\/\/urbeamea.ro\/albaiulia\/wp-content\/uploads\/2016\/08\/afis.jpg","contentUrl":"https:\/\/urbeamea.ro\/albaiulia\/wp-content\/uploads\/2016\/08\/afis.jpg","width":497,"height":740},{"@type":"BreadcrumbList","@id":"https:\/\/urbeamea.ro\/albaiulia\/14-15-august-cantec-de-suflet-in-piata-cetatii-din-alba-iulia-programul-evenimentului\/#breadcrumb","itemListElement":[{"@type":"ListItem","position":1,"name":"Prima pagin\u0103","item":"https:\/\/urbeamea.ro\/albaiulia\/"},{"@type":"ListItem","position":2,"name":"14-15 august: \u201eC\u00e2ntec de suflet\u201d, \u00een Pia\u021ba Cet\u0103\u021bii din Alba Iulia. Programul evenimentului"}]},{"@type":"WebSite","@id":"https:\/\/urbeamea.ro\/albaiulia\/#website","url":"https:\/\/urbeamea.ro\/albaiulia\/","name":"Revista Urbea Mea, Stiri urbane","description":"Evenimente \u0219i \u0219tiri din Alba Iulia, Sebe\u0219, Aiud, Blaj","potentialAction":[{"@type":"SearchAction","target":{"@type":"EntryPoint","urlTemplate":"https:\/\/urbeamea.ro\/albaiulia\/?s={search_term_string}"},"query-input":{"@type":"PropertyValueSpecification","valueRequired":true,"valueName":"search_term_string"}}],"inLanguage":"ro-RO"},{"@type":"Person","@id":"https:\/\/urbeamea.ro\/albaiulia\/#\/schema\/person\/9700d21fae21c4f038b0b56f4506264a","name":"Cristina Ganga","image":{"@type":"ImageObject","inLanguage":"ro-RO","@id":"https:\/\/secure.gravatar.com\/avatar\/5a67661041f057b4a8ccaf26f5a8e86e2689372006d01faf3dd9eeb10b654bb4?s=96&d=mm&r=g","url":"https:\/\/secure.gravatar.com\/avatar\/5a67661041f057b4a8ccaf26f5a8e86e2689372006d01faf3dd9eeb10b654bb4?s=96&d=mm&r=g","contentUrl":"https:\/\/secure.gravatar.com\/avatar\/5a67661041f057b4a8ccaf26f5a8e86e2689372006d01faf3dd9eeb10b654bb4?s=96&d=mm&r=g","caption":"Cristina Ganga"},"description":"Jurnalist","sameAs":["https:\/\/www.facebook.com\/cristina.nicola.587"],"url":"https:\/\/urbeamea.ro\/albaiulia\/author\/cristina-nicola\/"}]}},"_links":{"self":[{"href":"https:\/\/urbeamea.ro\/albaiulia\/wp-json\/wp\/v2\/posts\/29705","targetHints":{"allow":["GET"]}}],"collection":[{"href":"https:\/\/urbeamea.ro\/albaiulia\/wp-json\/wp\/v2\/posts"}],"about":[{"href":"https:\/\/urbeamea.ro\/albaiulia\/wp-json\/wp\/v2\/types\/post"}],"author":[{"embeddable":true,"href":"https:\/\/urbeamea.ro\/albaiulia\/wp-json\/wp\/v2\/users\/17"}],"replies":[{"embeddable":true,"href":"https:\/\/urbeamea.ro\/albaiulia\/wp-json\/wp\/v2\/comments?post=29705"}],"version-history":[{"count":0,"href":"https:\/\/urbeamea.ro\/albaiulia\/wp-json\/wp\/v2\/posts\/29705\/revisions"}],"wp:featuredmedia":[{"embeddable":true,"href":"https:\/\/urbeamea.ro\/albaiulia\/wp-json\/wp\/v2\/media\/29706"}],"wp:attachment":[{"href":"https:\/\/urbeamea.ro\/albaiulia\/wp-json\/wp\/v2\/media?parent=29705"}],"wp:term":[{"taxonomy":"category","embeddable":true,"href":"https:\/\/urbeamea.ro\/albaiulia\/wp-json\/wp\/v2\/categories?post=29705"},{"taxonomy":"post_tag","embeddable":true,"href":"https:\/\/urbeamea.ro\/albaiulia\/wp-json\/wp\/v2\/tags?post=29705"}],"curies":[{"name":"wp","href":"https:\/\/api.w.org\/{rel}","templated":true}]}}