{"id":29750,"date":"2016-08-11T11:42:17","date_gmt":"2016-08-11T08:42:17","guid":{"rendered":"http:\/\/urbeamea.ro\/albaiulia\/?p=29750"},"modified":"2016-08-11T11:42:17","modified_gmt":"2016-08-11T08:42:17","slug":"barbat-din-alba-iulia-cercetat-de-politisti-pentru-conducere-cu-alcool-la-bord","status":"publish","type":"post","link":"https:\/\/urbeamea.ro\/albaiulia\/barbat-din-alba-iulia-cercetat-de-politisti-pentru-conducere-cu-alcool-la-bord\/","title":{"rendered":"B\u0103rbat din Alba Iulia, cercetat de poli\u021bi\u0219ti pentru conducere cu alcool \u201ela bord\u201d"},"content":{"rendered":"<p><strong><img loading=\"lazy\" decoding=\"async\" class=\"size-medium wp-image-24297 alignleft\" src=\"http:\/\/urbeamea.ro\/albaiulia\/wp-content\/uploads\/2016\/05\/radare-politie1-300x225.jpg\" alt=\"radare-politie1\" width=\"300\" height=\"225\" srcset=\"https:\/\/urbeamea.ro\/albaiulia\/wp-content\/uploads\/2016\/05\/radare-politie1-300x225.jpg 300w, https:\/\/urbeamea.ro\/albaiulia\/wp-content\/uploads\/2016\/05\/radare-politie1-150x113.jpg 150w, https:\/\/urbeamea.ro\/albaiulia\/wp-content\/uploads\/2016\/05\/radare-politie1.jpg 600w\" sizes=\"auto, (max-width: 300px) 100vw, 300px\" \/>Un b\u0103rbat \u00een v\u00e2rst\u0103 de 36 de ani din Alba Iulia este cercetat de poli\u021bi\u0219ti dup\u0103 ce a fost prins b\u0103ut la volan. Acesta a fost prins cu 0,72 mg\/l alcool pur \u00een aerul expirat.<\/strong><\/p>\n<p>Poli\u0163i\u015ftii rutieri din cadrul Poli\u0163iei Municipiului Alba Iulia l-au depistat, miercuri \u00een jurul orei 18.25, pe V.I.R., de 36 de ani, din municipiu, \u00een timp ce conducea un autoturism, fiind sub influen\u0163a b\u0103uturilor alcoolice.<\/p>\n<p>\u00cen urma test\u0103rii acestuia cu aparatul etilotest, a rezultat valoarea de 0,72 mg\/l alcool pur \u00een aerul expirat, motiv pentru care a fost condus la spitalul din Alba Iulia unde i-au fost recoltate mostre de s\u00e2nge, \u00een vederea stabilirii alcoolemiei.<\/p>\n<p>Fa\u0163\u0103 de V.I.R., cercet\u0103rile sunt continuate sub aspectul comiterii infrac\u021biunii de conducere sub influen\u0163a alcoolului.<\/p>\n","protected":false},"excerpt":{"rendered":"<p>Un b\u0103rbat \u00een v\u00e2rst\u0103 de 36 de ani din Alba Iulia este cercetat de poli\u021bi\u0219ti dup\u0103 ce a fost prins b\u0103ut la volan. Acesta a fost prins cu 0,72 mg\/l alcool pur \u00een aerul expirat. Poli\u0163i\u015ftii rutieri din cadrul Poli\u0163iei Municipiului Alba Iulia l-au depistat, miercuri \u00een jurul orei 18.25, pe V.I.R., de 36 de &hellip;<\/p>\n","protected":false},"author":17,"featured_media":24297,"comment_status":"open","ping_status":"open","sticky":false,"template":"","format":"standard","meta":{"inline_featured_image":false,"footnotes":""},"categories":[2034],"tags":[307,2987,2684,2416,2604,458,308,76],"class_list":["post-29750","post","type-post","status-publish","format-standard","has-post-thumbnail","hentry","category-social","tag-alba","tag-alcoolemie","tag-aparat-etilotest","tag-autoturism","tag-cercetat","tag-politisti","tag-stiri","tag-urbea-mea"],"yoast_head":"<!-- This site is optimized with the Yoast SEO plugin v28.3 - https:\/\/yoast.com\/product\/yoast-seo-wordpress\/ -->\n<title>B\u0103rbat din Alba Iulia, cercetat de poli\u021bi\u0219ti pentru conducere cu alcool \u201ela bord\u201d - Revista Urbea Mea - Revista de Alba<\/title>\n<meta name=\"description\" content=\"Un b\u0103rbat \u00een v\u00e2rst\u0103 de 36 de ani din Alba Iulia este cercetat de poli\u021bi\u0219ti dup\u0103 ce a fost prins b\u0103ut la volan. Acesta a fost prins cu 0,72 mg\/l alcool pur\" \/>\n<meta name=\"robots\" content=\"index, follow, max-snippet:-1, max-image-preview:large, max-video-preview:-1\" \/>\n<link rel=\"canonical\" href=\"https:\/\/urbeamea.ro\/albaiulia\/barbat-din-alba-iulia-cercetat-de-politisti-pentru-conducere-cu-alcool-la-bord\/\" \/>\n<meta name=\"twitter:card\" content=\"summary_large_image\" \/>\n<meta name=\"twitter:title\" content=\"B\u0103rbat din Alba Iulia, cercetat de poli\u021bi\u0219ti pentru conducere cu alcool \u201ela bord\u201d - Revista Urbea Mea - Revista de Alba\" \/>\n<meta name=\"twitter:description\" content=\"Un b\u0103rbat \u00een v\u00e2rst\u0103 de 36 de ani din Alba Iulia este cercetat de poli\u021bi\u0219ti dup\u0103 ce a fost prins b\u0103ut la volan. Acesta a fost prins cu 0,72 mg\/l alcool pur\" \/>\n<meta name=\"twitter:image\" content=\"https:\/\/urbeamea.ro\/albaiulia\/wp-content\/uploads\/2016\/05\/radare-politie1.jpg\" \/>\n<meta name=\"twitter:creator\" content=\"@urbeameaweb\" \/>\n<meta name=\"twitter:site\" content=\"@urbeameaweb\" \/>\n<script type=\"application\/ld+json\" class=\"yoast-schema-graph\">{\"@context\":\"https:\\\/\\\/schema.org\",\"@graph\":[{\"@type\":\"Article\",\"@id\":\"https:\\\/\\\/urbeamea.ro\\\/albaiulia\\\/barbat-din-alba-iulia-cercetat-de-politisti-pentru-conducere-cu-alcool-la-bord\\\/#article\",\"isPartOf\":{\"@id\":\"https:\\\/\\\/urbeamea.ro\\\/albaiulia\\\/barbat-din-alba-iulia-cercetat-de-politisti-pentru-conducere-cu-alcool-la-bord\\\/\"},\"author\":{\"name\":\"Cristina Ganga\",\"@id\":\"https:\\\/\\\/urbeamea.ro\\\/albaiulia\\\/#\\\/schema\\\/person\\\/9700d21fae21c4f038b0b56f4506264a\"},\"headline\":\"B\u0103rbat din Alba Iulia, cercetat de poli\u021bi\u0219ti pentru conducere cu alcool \u201ela bord\u201d\",\"datePublished\":\"2016-08-11T08:42:17+00:00\",\"mainEntityOfPage\":{\"@id\":\"https:\\\/\\\/urbeamea.ro\\\/albaiulia\\\/barbat-din-alba-iulia-cercetat-de-politisti-pentru-conducere-cu-alcool-la-bord\\\/\"},\"wordCount\":156,\"commentCount\":0,\"image\":{\"@id\":\"https:\\\/\\\/urbeamea.ro\\\/albaiulia\\\/barbat-din-alba-iulia-cercetat-de-politisti-pentru-conducere-cu-alcool-la-bord\\\/#primaryimage\"},\"thumbnailUrl\":\"https:\\\/\\\/urbeamea.ro\\\/albaiulia\\\/wp-content\\\/uploads\\\/2016\\\/05\\\/radare-politie1.jpg\",\"keywords\":[\"alba\",\"alcoolemie\",\"aparat etilotest\",\"autoturism\",\"cercetat\",\"politisti\",\"stiri\",\"Urbea Mea\"],\"articleSection\":[\"Social\"],\"inLanguage\":\"ro-RO\",\"potentialAction\":[{\"@type\":\"CommentAction\",\"name\":\"Comment\",\"target\":[\"https:\\\/\\\/urbeamea.ro\\\/albaiulia\\\/barbat-din-alba-iulia-cercetat-de-politisti-pentru-conducere-cu-alcool-la-bord\\\/#respond\"]}]},{\"@type\":\"WebPage\",\"@id\":\"https:\\\/\\\/urbeamea.ro\\\/albaiulia\\\/barbat-din-alba-iulia-cercetat-de-politisti-pentru-conducere-cu-alcool-la-bord\\\/\",\"url\":\"https:\\\/\\\/urbeamea.ro\\\/albaiulia\\\/barbat-din-alba-iulia-cercetat-de-politisti-pentru-conducere-cu-alcool-la-bord\\\/\",\"name\":\"B\u0103rbat din Alba Iulia, cercetat de poli\u021bi\u0219ti pentru conducere cu alcool \u201ela bord\u201d - Revista Urbea Mea - Revista de Alba\",\"isPartOf\":{\"@id\":\"https:\\\/\\\/urbeamea.ro\\\/albaiulia\\\/#website\"},\"primaryImageOfPage\":{\"@id\":\"https:\\\/\\\/urbeamea.ro\\\/albaiulia\\\/barbat-din-alba-iulia-cercetat-de-politisti-pentru-conducere-cu-alcool-la-bord\\\/#primaryimage\"},\"image\":{\"@id\":\"https:\\\/\\\/urbeamea.ro\\\/albaiulia\\\/barbat-din-alba-iulia-cercetat-de-politisti-pentru-conducere-cu-alcool-la-bord\\\/#primaryimage\"},\"thumbnailUrl\":\"https:\\\/\\\/urbeamea.ro\\\/albaiulia\\\/wp-content\\\/uploads\\\/2016\\\/05\\\/radare-politie1.jpg\",\"datePublished\":\"2016-08-11T08:42:17+00:00\",\"author\":{\"@id\":\"https:\\\/\\\/urbeamea.ro\\\/albaiulia\\\/#\\\/schema\\\/person\\\/9700d21fae21c4f038b0b56f4506264a\"},\"description\":\"Un b\u0103rbat \u00een v\u00e2rst\u0103 de 36 de ani din Alba Iulia este cercetat de poli\u021bi\u0219ti dup\u0103 ce a fost prins b\u0103ut la volan. Acesta a fost prins cu 0,72 mg\\\/l alcool pur\",\"breadcrumb\":{\"@id\":\"https:\\\/\\\/urbeamea.ro\\\/albaiulia\\\/barbat-din-alba-iulia-cercetat-de-politisti-pentru-conducere-cu-alcool-la-bord\\\/#breadcrumb\"},\"inLanguage\":\"ro-RO\",\"potentialAction\":[{\"@type\":\"ReadAction\",\"target\":[\"https:\\\/\\\/urbeamea.ro\\\/albaiulia\\\/barbat-din-alba-iulia-cercetat-de-politisti-pentru-conducere-cu-alcool-la-bord\\\/\"]}]},{\"@type\":\"ImageObject\",\"inLanguage\":\"ro-RO\",\"@id\":\"https:\\\/\\\/urbeamea.ro\\\/albaiulia\\\/barbat-din-alba-iulia-cercetat-de-politisti-pentru-conducere-cu-alcool-la-bord\\\/#primaryimage\",\"url\":\"https:\\\/\\\/urbeamea.ro\\\/albaiulia\\\/wp-content\\\/uploads\\\/2016\\\/05\\\/radare-politie1.jpg\",\"contentUrl\":\"https:\\\/\\\/urbeamea.ro\\\/albaiulia\\\/wp-content\\\/uploads\\\/2016\\\/05\\\/radare-politie1.jpg\",\"width\":600,\"height\":450},{\"@type\":\"BreadcrumbList\",\"@id\":\"https:\\\/\\\/urbeamea.ro\\\/albaiulia\\\/barbat-din-alba-iulia-cercetat-de-politisti-pentru-conducere-cu-alcool-la-bord\\\/#breadcrumb\",\"itemListElement\":[{\"@type\":\"ListItem\",\"position\":1,\"name\":\"Prima pagin\u0103\",\"item\":\"https:\\\/\\\/urbeamea.ro\\\/albaiulia\\\/\"},{\"@type\":\"ListItem\",\"position\":2,\"name\":\"B\u0103rbat din Alba Iulia, cercetat de poli\u021bi\u0219ti pentru conducere cu alcool \u201ela bord\u201d\"}]},{\"@type\":\"WebSite\",\"@id\":\"https:\\\/\\\/urbeamea.ro\\\/albaiulia\\\/#website\",\"url\":\"https:\\\/\\\/urbeamea.ro\\\/albaiulia\\\/\",\"name\":\"Revista Urbea Mea, Stiri urbane\",\"description\":\"Evenimente \u0219i \u0219tiri din Alba Iulia, Sebe\u0219, Aiud, Blaj\",\"potentialAction\":[{\"@type\":\"SearchAction\",\"target\":{\"@type\":\"EntryPoint\",\"urlTemplate\":\"https:\\\/\\\/urbeamea.ro\\\/albaiulia\\\/?s={search_term_string}\"},\"query-input\":{\"@type\":\"PropertyValueSpecification\",\"valueRequired\":true,\"valueName\":\"search_term_string\"}}],\"inLanguage\":\"ro-RO\"},{\"@type\":\"Person\",\"@id\":\"https:\\\/\\\/urbeamea.ro\\\/albaiulia\\\/#\\\/schema\\\/person\\\/9700d21fae21c4f038b0b56f4506264a\",\"name\":\"Cristina Ganga\",\"image\":{\"@type\":\"ImageObject\",\"inLanguage\":\"ro-RO\",\"@id\":\"https:\\\/\\\/secure.gravatar.com\\\/avatar\\\/5a67661041f057b4a8ccaf26f5a8e86e2689372006d01faf3dd9eeb10b654bb4?s=96&d=mm&r=g\",\"url\":\"https:\\\/\\\/secure.gravatar.com\\\/avatar\\\/5a67661041f057b4a8ccaf26f5a8e86e2689372006d01faf3dd9eeb10b654bb4?s=96&d=mm&r=g\",\"contentUrl\":\"https:\\\/\\\/secure.gravatar.com\\\/avatar\\\/5a67661041f057b4a8ccaf26f5a8e86e2689372006d01faf3dd9eeb10b654bb4?s=96&d=mm&r=g\",\"caption\":\"Cristina Ganga\"},\"description\":\"Jurnalist\",\"sameAs\":[\"https:\\\/\\\/www.facebook.com\\\/cristina.nicola.587\"],\"url\":\"https:\\\/\\\/urbeamea.ro\\\/albaiulia\\\/author\\\/cristina-nicola\\\/\"}]}<\/script>\n<!-- \/ Yoast SEO plugin. -->","yoast_head_json":{"title":"B\u0103rbat din Alba Iulia, cercetat de poli\u021bi\u0219ti pentru conducere cu alcool \u201ela bord\u201d - Revista Urbea Mea - Revista de Alba","description":"Un b\u0103rbat \u00een v\u00e2rst\u0103 de 36 de ani din Alba Iulia este cercetat de poli\u021bi\u0219ti dup\u0103 ce a fost prins b\u0103ut la volan. Acesta a fost prins cu 0,72 mg\/l alcool pur","robots":{"index":"index","follow":"follow","max-snippet":"max-snippet:-1","max-image-preview":"max-image-preview:large","max-video-preview":"max-video-preview:-1"},"canonical":"https:\/\/urbeamea.ro\/albaiulia\/barbat-din-alba-iulia-cercetat-de-politisti-pentru-conducere-cu-alcool-la-bord\/","twitter_card":"summary_large_image","twitter_title":"B\u0103rbat din Alba Iulia, cercetat de poli\u021bi\u0219ti pentru conducere cu alcool \u201ela bord\u201d - Revista Urbea Mea - Revista de Alba","twitter_description":"Un b\u0103rbat \u00een v\u00e2rst\u0103 de 36 de ani din Alba Iulia este cercetat de poli\u021bi\u0219ti dup\u0103 ce a fost prins b\u0103ut la volan. Acesta a fost prins cu 0,72 mg\/l alcool pur","twitter_image":"https:\/\/urbeamea.ro\/albaiulia\/wp-content\/uploads\/2016\/05\/radare-politie1.jpg","twitter_creator":"@urbeameaweb","twitter_site":"@urbeameaweb","schema":{"@context":"https:\/\/schema.org","@graph":[{"@type":"Article","@id":"https:\/\/urbeamea.ro\/albaiulia\/barbat-din-alba-iulia-cercetat-de-politisti-pentru-conducere-cu-alcool-la-bord\/#article","isPartOf":{"@id":"https:\/\/urbeamea.ro\/albaiulia\/barbat-din-alba-iulia-cercetat-de-politisti-pentru-conducere-cu-alcool-la-bord\/"},"author":{"name":"Cristina Ganga","@id":"https:\/\/urbeamea.ro\/albaiulia\/#\/schema\/person\/9700d21fae21c4f038b0b56f4506264a"},"headline":"B\u0103rbat din Alba Iulia, cercetat de poli\u021bi\u0219ti pentru conducere cu alcool \u201ela bord\u201d","datePublished":"2016-08-11T08:42:17+00:00","mainEntityOfPage":{"@id":"https:\/\/urbeamea.ro\/albaiulia\/barbat-din-alba-iulia-cercetat-de-politisti-pentru-conducere-cu-alcool-la-bord\/"},"wordCount":156,"commentCount":0,"image":{"@id":"https:\/\/urbeamea.ro\/albaiulia\/barbat-din-alba-iulia-cercetat-de-politisti-pentru-conducere-cu-alcool-la-bord\/#primaryimage"},"thumbnailUrl":"https:\/\/urbeamea.ro\/albaiulia\/wp-content\/uploads\/2016\/05\/radare-politie1.jpg","keywords":["alba","alcoolemie","aparat etilotest","autoturism","cercetat","politisti","stiri","Urbea Mea"],"articleSection":["Social"],"inLanguage":"ro-RO","potentialAction":[{"@type":"CommentAction","name":"Comment","target":["https:\/\/urbeamea.ro\/albaiulia\/barbat-din-alba-iulia-cercetat-de-politisti-pentru-conducere-cu-alcool-la-bord\/#respond"]}]},{"@type":"WebPage","@id":"https:\/\/urbeamea.ro\/albaiulia\/barbat-din-alba-iulia-cercetat-de-politisti-pentru-conducere-cu-alcool-la-bord\/","url":"https:\/\/urbeamea.ro\/albaiulia\/barbat-din-alba-iulia-cercetat-de-politisti-pentru-conducere-cu-alcool-la-bord\/","name":"B\u0103rbat din Alba Iulia, cercetat de poli\u021bi\u0219ti pentru conducere cu alcool \u201ela bord\u201d - Revista Urbea Mea - Revista de Alba","isPartOf":{"@id":"https:\/\/urbeamea.ro\/albaiulia\/#website"},"primaryImageOfPage":{"@id":"https:\/\/urbeamea.ro\/albaiulia\/barbat-din-alba-iulia-cercetat-de-politisti-pentru-conducere-cu-alcool-la-bord\/#primaryimage"},"image":{"@id":"https:\/\/urbeamea.ro\/albaiulia\/barbat-din-alba-iulia-cercetat-de-politisti-pentru-conducere-cu-alcool-la-bord\/#primaryimage"},"thumbnailUrl":"https:\/\/urbeamea.ro\/albaiulia\/wp-content\/uploads\/2016\/05\/radare-politie1.jpg","datePublished":"2016-08-11T08:42:17+00:00","author":{"@id":"https:\/\/urbeamea.ro\/albaiulia\/#\/schema\/person\/9700d21fae21c4f038b0b56f4506264a"},"description":"Un b\u0103rbat \u00een v\u00e2rst\u0103 de 36 de ani din Alba Iulia este cercetat de poli\u021bi\u0219ti dup\u0103 ce a fost prins b\u0103ut la volan. Acesta a fost prins cu 0,72 mg\/l alcool pur","breadcrumb":{"@id":"https:\/\/urbeamea.ro\/albaiulia\/barbat-din-alba-iulia-cercetat-de-politisti-pentru-conducere-cu-alcool-la-bord\/#breadcrumb"},"inLanguage":"ro-RO","potentialAction":[{"@type":"ReadAction","target":["https:\/\/urbeamea.ro\/albaiulia\/barbat-din-alba-iulia-cercetat-de-politisti-pentru-conducere-cu-alcool-la-bord\/"]}]},{"@type":"ImageObject","inLanguage":"ro-RO","@id":"https:\/\/urbeamea.ro\/albaiulia\/barbat-din-alba-iulia-cercetat-de-politisti-pentru-conducere-cu-alcool-la-bord\/#primaryimage","url":"https:\/\/urbeamea.ro\/albaiulia\/wp-content\/uploads\/2016\/05\/radare-politie1.jpg","contentUrl":"https:\/\/urbeamea.ro\/albaiulia\/wp-content\/uploads\/2016\/05\/radare-politie1.jpg","width":600,"height":450},{"@type":"BreadcrumbList","@id":"https:\/\/urbeamea.ro\/albaiulia\/barbat-din-alba-iulia-cercetat-de-politisti-pentru-conducere-cu-alcool-la-bord\/#breadcrumb","itemListElement":[{"@type":"ListItem","position":1,"name":"Prima pagin\u0103","item":"https:\/\/urbeamea.ro\/albaiulia\/"},{"@type":"ListItem","position":2,"name":"B\u0103rbat din Alba Iulia, cercetat de poli\u021bi\u0219ti pentru conducere cu alcool \u201ela bord\u201d"}]},{"@type":"WebSite","@id":"https:\/\/urbeamea.ro\/albaiulia\/#website","url":"https:\/\/urbeamea.ro\/albaiulia\/","name":"Revista Urbea Mea, Stiri urbane","description":"Evenimente \u0219i \u0219tiri din Alba Iulia, Sebe\u0219, Aiud, Blaj","potentialAction":[{"@type":"SearchAction","target":{"@type":"EntryPoint","urlTemplate":"https:\/\/urbeamea.ro\/albaiulia\/?s={search_term_string}"},"query-input":{"@type":"PropertyValueSpecification","valueRequired":true,"valueName":"search_term_string"}}],"inLanguage":"ro-RO"},{"@type":"Person","@id":"https:\/\/urbeamea.ro\/albaiulia\/#\/schema\/person\/9700d21fae21c4f038b0b56f4506264a","name":"Cristina Ganga","image":{"@type":"ImageObject","inLanguage":"ro-RO","@id":"https:\/\/secure.gravatar.com\/avatar\/5a67661041f057b4a8ccaf26f5a8e86e2689372006d01faf3dd9eeb10b654bb4?s=96&d=mm&r=g","url":"https:\/\/secure.gravatar.com\/avatar\/5a67661041f057b4a8ccaf26f5a8e86e2689372006d01faf3dd9eeb10b654bb4?s=96&d=mm&r=g","contentUrl":"https:\/\/secure.gravatar.com\/avatar\/5a67661041f057b4a8ccaf26f5a8e86e2689372006d01faf3dd9eeb10b654bb4?s=96&d=mm&r=g","caption":"Cristina Ganga"},"description":"Jurnalist","sameAs":["https:\/\/www.facebook.com\/cristina.nicola.587"],"url":"https:\/\/urbeamea.ro\/albaiulia\/author\/cristina-nicola\/"}]}},"_links":{"self":[{"href":"https:\/\/urbeamea.ro\/albaiulia\/wp-json\/wp\/v2\/posts\/29750","targetHints":{"allow":["GET"]}}],"collection":[{"href":"https:\/\/urbeamea.ro\/albaiulia\/wp-json\/wp\/v2\/posts"}],"about":[{"href":"https:\/\/urbeamea.ro\/albaiulia\/wp-json\/wp\/v2\/types\/post"}],"author":[{"embeddable":true,"href":"https:\/\/urbeamea.ro\/albaiulia\/wp-json\/wp\/v2\/users\/17"}],"replies":[{"embeddable":true,"href":"https:\/\/urbeamea.ro\/albaiulia\/wp-json\/wp\/v2\/comments?post=29750"}],"version-history":[{"count":0,"href":"https:\/\/urbeamea.ro\/albaiulia\/wp-json\/wp\/v2\/posts\/29750\/revisions"}],"wp:featuredmedia":[{"embeddable":true,"href":"https:\/\/urbeamea.ro\/albaiulia\/wp-json\/wp\/v2\/media\/24297"}],"wp:attachment":[{"href":"https:\/\/urbeamea.ro\/albaiulia\/wp-json\/wp\/v2\/media?parent=29750"}],"wp:term":[{"taxonomy":"category","embeddable":true,"href":"https:\/\/urbeamea.ro\/albaiulia\/wp-json\/wp\/v2\/categories?post=29750"},{"taxonomy":"post_tag","embeddable":true,"href":"https:\/\/urbeamea.ro\/albaiulia\/wp-json\/wp\/v2\/tags?post=29750"}],"curies":[{"name":"wp","href":"https:\/\/api.w.org\/{rel}","templated":true}]}}