{"id":29800,"date":"2016-08-12T13:44:10","date_gmt":"2016-08-12T10:44:10","guid":{"rendered":"http:\/\/urbeamea.ro\/albaiulia\/?p=29800"},"modified":"2016-08-12T13:44:10","modified_gmt":"2016-08-12T10:44:10","slug":"97-metri-cubi-de-cherestea-confiscati-de-politistii-din-cimpeni","status":"publish","type":"post","link":"https:\/\/urbeamea.ro\/albaiulia\/97-metri-cubi-de-cherestea-confiscati-de-politistii-din-cimpeni\/","title":{"rendered":"9,7 metri cubi de cherestea, confisca\u021bi de poli\u021bi\u0219tii din C\u00eempeni"},"content":{"rendered":"<p><strong><img loading=\"lazy\" decoding=\"async\" class=\"size-medium wp-image-17560 alignleft\" src=\"http:\/\/urbeamea.ro\/albaiulia\/wp-content\/uploads\/2016\/02\/lemn-300x263.jpg\" alt=\"lemn\" width=\"300\" height=\"263\" \/>Poli\u0163i\u015ftii din C\u00eempeni au oprit pentru control o autoutilitar\u0103 condus\u0103 de un b\u0103rbat din Horea care efectua un transport ilegal de lemn, pe DN75, \u00een Apuseni. Acesta\u00a0nu avea acte corespunz\u0103toare pentru materialul lemnos transportat.<\/strong><\/p>\n<p>Potrivit IPJ Alba, joi, 11 august, la ora 14.50, poli\u0163i\u015ftii din C\u00eempeni au oprit pentru control, pe DN 75, pe raza ora\u015fului C\u00eempeni, o autoutilitar\u0103 condus\u0103 de un b\u0103rbat de 57 de ani, din comuna Horea.<\/p>\n<p>\u00cen urma verific\u0103rilor efectuate, poli\u0163i\u015ftii au constatat c\u0103 datele consemnate \u00een documentele de \u00eenso\u0163ire a materialului lemnos nu corespundeau, din punct de vedere cantitativ, cu realitatea.<\/p>\n<p>Cantitatea de 9,7 metri cubi de cherestea de esen\u0163\u0103 r\u0103\u015finoas\u0103 a fost confiscat\u0103 \u015fi predat\u0103 Ocolului Silvic Valea Arie\u015fului.<\/p>\n","protected":false},"excerpt":{"rendered":"<p>Poli\u0163i\u015ftii din C\u00eempeni au oprit pentru control o autoutilitar\u0103 condus\u0103 de un b\u0103rbat din Horea care efectua un transport ilegal de lemn, pe DN75, \u00een Apuseni. Acesta\u00a0nu avea acte corespunz\u0103toare pentru materialul lemnos transportat. Potrivit IPJ Alba, joi, 11 august, la ora 14.50, poli\u0163i\u015ftii din C\u00eempeni au oprit pentru control, pe DN 75, pe raza &hellip;<\/p>\n","protected":false},"author":17,"featured_media":17560,"comment_status":"open","ping_status":"open","sticky":false,"template":"","format":"standard","meta":{"inline_featured_image":false,"footnotes":""},"categories":[2034],"tags":[2424,2655,4034,2425,3495,458,308,2763,76],"class_list":["post-29800","post","type-post","status-publish","format-standard","has-post-thumbnail","hentry","category-social","tag-acte","tag-apuseni","tag-autoutilitara","tag-control","tag-lemn","tag-politisti","tag-stiri","tag-transport-ilegal","tag-urbea-mea"],"yoast_head":"<!-- This site is optimized with the Yoast SEO plugin v28.3 - https:\/\/yoast.com\/product\/yoast-seo-wordpress\/ -->\n<title>9,7 metri cubi de cherestea, confisca\u021bi de poli\u021bi\u0219tii din C\u00eempeni - Revista Urbea Mea - Revista de Alba<\/title>\n<meta name=\"description\" content=\"Poli\u0163i\u015ftii din C\u00eempeni au oprit pentru control o autoutilitar\u0103 condus\u0103 de un b\u0103rbat din Horea care efectua un transport ilegal de lemn, pe DN75, \u00een\" \/>\n<meta name=\"robots\" content=\"index, follow, max-snippet:-1, max-image-preview:large, max-video-preview:-1\" \/>\n<link rel=\"canonical\" href=\"https:\/\/urbeamea.ro\/albaiulia\/97-metri-cubi-de-cherestea-confiscati-de-politistii-din-cimpeni\/\" \/>\n<meta name=\"twitter:card\" content=\"summary_large_image\" \/>\n<meta name=\"twitter:title\" content=\"9,7 metri cubi de cherestea, confisca\u021bi de poli\u021bi\u0219tii din C\u00eempeni - Revista Urbea Mea - Revista de Alba\" \/>\n<meta name=\"twitter:description\" content=\"Poli\u0163i\u015ftii din C\u00eempeni au oprit pentru control o autoutilitar\u0103 condus\u0103 de un b\u0103rbat din Horea care efectua un transport ilegal de lemn, pe DN75, \u00een\" \/>\n<meta name=\"twitter:image\" content=\"https:\/\/urbeamea.ro\/albaiulia\/wp-content\/uploads\/2016\/02\/lemn.jpg\" \/>\n<meta name=\"twitter:creator\" content=\"@urbeameaweb\" \/>\n<meta name=\"twitter:site\" content=\"@urbeameaweb\" \/>\n<script type=\"application\/ld+json\" class=\"yoast-schema-graph\">{\"@context\":\"https:\\\/\\\/schema.org\",\"@graph\":[{\"@type\":\"Article\",\"@id\":\"https:\\\/\\\/urbeamea.ro\\\/albaiulia\\\/97-metri-cubi-de-cherestea-confiscati-de-politistii-din-cimpeni\\\/#article\",\"isPartOf\":{\"@id\":\"https:\\\/\\\/urbeamea.ro\\\/albaiulia\\\/97-metri-cubi-de-cherestea-confiscati-de-politistii-din-cimpeni\\\/\"},\"author\":{\"name\":\"Cristina Ganga\",\"@id\":\"https:\\\/\\\/urbeamea.ro\\\/albaiulia\\\/#\\\/schema\\\/person\\\/9700d21fae21c4f038b0b56f4506264a\"},\"headline\":\"9,7 metri cubi de cherestea, confisca\u021bi de poli\u021bi\u0219tii din C\u00eempeni\",\"datePublished\":\"2016-08-12T10:44:10+00:00\",\"mainEntityOfPage\":{\"@id\":\"https:\\\/\\\/urbeamea.ro\\\/albaiulia\\\/97-metri-cubi-de-cherestea-confiscati-de-politistii-din-cimpeni\\\/\"},\"wordCount\":141,\"commentCount\":0,\"image\":{\"@id\":\"https:\\\/\\\/urbeamea.ro\\\/albaiulia\\\/97-metri-cubi-de-cherestea-confiscati-de-politistii-din-cimpeni\\\/#primaryimage\"},\"thumbnailUrl\":\"https:\\\/\\\/urbeamea.ro\\\/albaiulia\\\/wp-content\\\/uploads\\\/2016\\\/02\\\/lemn.jpg\",\"keywords\":[\"acte\",\"apuseni\",\"autoutilitara\",\"control\",\"lemn\",\"politisti\",\"stiri\",\"transport ilegal\",\"Urbea Mea\"],\"articleSection\":[\"Social\"],\"inLanguage\":\"ro-RO\",\"potentialAction\":[{\"@type\":\"CommentAction\",\"name\":\"Comment\",\"target\":[\"https:\\\/\\\/urbeamea.ro\\\/albaiulia\\\/97-metri-cubi-de-cherestea-confiscati-de-politistii-din-cimpeni\\\/#respond\"]}]},{\"@type\":\"WebPage\",\"@id\":\"https:\\\/\\\/urbeamea.ro\\\/albaiulia\\\/97-metri-cubi-de-cherestea-confiscati-de-politistii-din-cimpeni\\\/\",\"url\":\"https:\\\/\\\/urbeamea.ro\\\/albaiulia\\\/97-metri-cubi-de-cherestea-confiscati-de-politistii-din-cimpeni\\\/\",\"name\":\"9,7 metri cubi de cherestea, confisca\u021bi de poli\u021bi\u0219tii din C\u00eempeni - Revista Urbea Mea - Revista de Alba\",\"isPartOf\":{\"@id\":\"https:\\\/\\\/urbeamea.ro\\\/albaiulia\\\/#website\"},\"primaryImageOfPage\":{\"@id\":\"https:\\\/\\\/urbeamea.ro\\\/albaiulia\\\/97-metri-cubi-de-cherestea-confiscati-de-politistii-din-cimpeni\\\/#primaryimage\"},\"image\":{\"@id\":\"https:\\\/\\\/urbeamea.ro\\\/albaiulia\\\/97-metri-cubi-de-cherestea-confiscati-de-politistii-din-cimpeni\\\/#primaryimage\"},\"thumbnailUrl\":\"https:\\\/\\\/urbeamea.ro\\\/albaiulia\\\/wp-content\\\/uploads\\\/2016\\\/02\\\/lemn.jpg\",\"datePublished\":\"2016-08-12T10:44:10+00:00\",\"author\":{\"@id\":\"https:\\\/\\\/urbeamea.ro\\\/albaiulia\\\/#\\\/schema\\\/person\\\/9700d21fae21c4f038b0b56f4506264a\"},\"description\":\"Poli\u0163i\u015ftii din C\u00eempeni au oprit pentru control o autoutilitar\u0103 condus\u0103 de un b\u0103rbat din Horea care efectua un transport ilegal de lemn, pe DN75, \u00een\",\"breadcrumb\":{\"@id\":\"https:\\\/\\\/urbeamea.ro\\\/albaiulia\\\/97-metri-cubi-de-cherestea-confiscati-de-politistii-din-cimpeni\\\/#breadcrumb\"},\"inLanguage\":\"ro-RO\",\"potentialAction\":[{\"@type\":\"ReadAction\",\"target\":[\"https:\\\/\\\/urbeamea.ro\\\/albaiulia\\\/97-metri-cubi-de-cherestea-confiscati-de-politistii-din-cimpeni\\\/\"]}]},{\"@type\":\"ImageObject\",\"inLanguage\":\"ro-RO\",\"@id\":\"https:\\\/\\\/urbeamea.ro\\\/albaiulia\\\/97-metri-cubi-de-cherestea-confiscati-de-politistii-din-cimpeni\\\/#primaryimage\",\"url\":\"https:\\\/\\\/urbeamea.ro\\\/albaiulia\\\/wp-content\\\/uploads\\\/2016\\\/02\\\/lemn.jpg\",\"contentUrl\":\"https:\\\/\\\/urbeamea.ro\\\/albaiulia\\\/wp-content\\\/uploads\\\/2016\\\/02\\\/lemn.jpg\",\"width\":640,\"height\":560},{\"@type\":\"BreadcrumbList\",\"@id\":\"https:\\\/\\\/urbeamea.ro\\\/albaiulia\\\/97-metri-cubi-de-cherestea-confiscati-de-politistii-din-cimpeni\\\/#breadcrumb\",\"itemListElement\":[{\"@type\":\"ListItem\",\"position\":1,\"name\":\"Prima pagin\u0103\",\"item\":\"https:\\\/\\\/urbeamea.ro\\\/albaiulia\\\/\"},{\"@type\":\"ListItem\",\"position\":2,\"name\":\"9,7 metri cubi de cherestea, confisca\u021bi de poli\u021bi\u0219tii din C\u00eempeni\"}]},{\"@type\":\"WebSite\",\"@id\":\"https:\\\/\\\/urbeamea.ro\\\/albaiulia\\\/#website\",\"url\":\"https:\\\/\\\/urbeamea.ro\\\/albaiulia\\\/\",\"name\":\"Revista Urbea Mea, Stiri urbane\",\"description\":\"Evenimente \u0219i \u0219tiri din Alba Iulia, Sebe\u0219, Aiud, Blaj\",\"potentialAction\":[{\"@type\":\"SearchAction\",\"target\":{\"@type\":\"EntryPoint\",\"urlTemplate\":\"https:\\\/\\\/urbeamea.ro\\\/albaiulia\\\/?s={search_term_string}\"},\"query-input\":{\"@type\":\"PropertyValueSpecification\",\"valueRequired\":true,\"valueName\":\"search_term_string\"}}],\"inLanguage\":\"ro-RO\"},{\"@type\":\"Person\",\"@id\":\"https:\\\/\\\/urbeamea.ro\\\/albaiulia\\\/#\\\/schema\\\/person\\\/9700d21fae21c4f038b0b56f4506264a\",\"name\":\"Cristina Ganga\",\"image\":{\"@type\":\"ImageObject\",\"inLanguage\":\"ro-RO\",\"@id\":\"https:\\\/\\\/secure.gravatar.com\\\/avatar\\\/5a67661041f057b4a8ccaf26f5a8e86e2689372006d01faf3dd9eeb10b654bb4?s=96&d=mm&r=g\",\"url\":\"https:\\\/\\\/secure.gravatar.com\\\/avatar\\\/5a67661041f057b4a8ccaf26f5a8e86e2689372006d01faf3dd9eeb10b654bb4?s=96&d=mm&r=g\",\"contentUrl\":\"https:\\\/\\\/secure.gravatar.com\\\/avatar\\\/5a67661041f057b4a8ccaf26f5a8e86e2689372006d01faf3dd9eeb10b654bb4?s=96&d=mm&r=g\",\"caption\":\"Cristina Ganga\"},\"description\":\"Jurnalist\",\"sameAs\":[\"https:\\\/\\\/www.facebook.com\\\/cristina.nicola.587\"],\"url\":\"https:\\\/\\\/urbeamea.ro\\\/albaiulia\\\/author\\\/cristina-nicola\\\/\"}]}<\/script>\n<!-- \/ Yoast SEO plugin. -->","yoast_head_json":{"title":"9,7 metri cubi de cherestea, confisca\u021bi de poli\u021bi\u0219tii din C\u00eempeni - Revista Urbea Mea - Revista de Alba","description":"Poli\u0163i\u015ftii din C\u00eempeni au oprit pentru control o autoutilitar\u0103 condus\u0103 de un b\u0103rbat din Horea care efectua un transport ilegal de lemn, pe DN75, \u00een","robots":{"index":"index","follow":"follow","max-snippet":"max-snippet:-1","max-image-preview":"max-image-preview:large","max-video-preview":"max-video-preview:-1"},"canonical":"https:\/\/urbeamea.ro\/albaiulia\/97-metri-cubi-de-cherestea-confiscati-de-politistii-din-cimpeni\/","twitter_card":"summary_large_image","twitter_title":"9,7 metri cubi de cherestea, confisca\u021bi de poli\u021bi\u0219tii din C\u00eempeni - Revista Urbea Mea - Revista de Alba","twitter_description":"Poli\u0163i\u015ftii din C\u00eempeni au oprit pentru control o autoutilitar\u0103 condus\u0103 de un b\u0103rbat din Horea care efectua un transport ilegal de lemn, pe DN75, \u00een","twitter_image":"https:\/\/urbeamea.ro\/albaiulia\/wp-content\/uploads\/2016\/02\/lemn.jpg","twitter_creator":"@urbeameaweb","twitter_site":"@urbeameaweb","schema":{"@context":"https:\/\/schema.org","@graph":[{"@type":"Article","@id":"https:\/\/urbeamea.ro\/albaiulia\/97-metri-cubi-de-cherestea-confiscati-de-politistii-din-cimpeni\/#article","isPartOf":{"@id":"https:\/\/urbeamea.ro\/albaiulia\/97-metri-cubi-de-cherestea-confiscati-de-politistii-din-cimpeni\/"},"author":{"name":"Cristina Ganga","@id":"https:\/\/urbeamea.ro\/albaiulia\/#\/schema\/person\/9700d21fae21c4f038b0b56f4506264a"},"headline":"9,7 metri cubi de cherestea, confisca\u021bi de poli\u021bi\u0219tii din C\u00eempeni","datePublished":"2016-08-12T10:44:10+00:00","mainEntityOfPage":{"@id":"https:\/\/urbeamea.ro\/albaiulia\/97-metri-cubi-de-cherestea-confiscati-de-politistii-din-cimpeni\/"},"wordCount":141,"commentCount":0,"image":{"@id":"https:\/\/urbeamea.ro\/albaiulia\/97-metri-cubi-de-cherestea-confiscati-de-politistii-din-cimpeni\/#primaryimage"},"thumbnailUrl":"https:\/\/urbeamea.ro\/albaiulia\/wp-content\/uploads\/2016\/02\/lemn.jpg","keywords":["acte","apuseni","autoutilitara","control","lemn","politisti","stiri","transport ilegal","Urbea Mea"],"articleSection":["Social"],"inLanguage":"ro-RO","potentialAction":[{"@type":"CommentAction","name":"Comment","target":["https:\/\/urbeamea.ro\/albaiulia\/97-metri-cubi-de-cherestea-confiscati-de-politistii-din-cimpeni\/#respond"]}]},{"@type":"WebPage","@id":"https:\/\/urbeamea.ro\/albaiulia\/97-metri-cubi-de-cherestea-confiscati-de-politistii-din-cimpeni\/","url":"https:\/\/urbeamea.ro\/albaiulia\/97-metri-cubi-de-cherestea-confiscati-de-politistii-din-cimpeni\/","name":"9,7 metri cubi de cherestea, confisca\u021bi de poli\u021bi\u0219tii din C\u00eempeni - Revista Urbea Mea - Revista de Alba","isPartOf":{"@id":"https:\/\/urbeamea.ro\/albaiulia\/#website"},"primaryImageOfPage":{"@id":"https:\/\/urbeamea.ro\/albaiulia\/97-metri-cubi-de-cherestea-confiscati-de-politistii-din-cimpeni\/#primaryimage"},"image":{"@id":"https:\/\/urbeamea.ro\/albaiulia\/97-metri-cubi-de-cherestea-confiscati-de-politistii-din-cimpeni\/#primaryimage"},"thumbnailUrl":"https:\/\/urbeamea.ro\/albaiulia\/wp-content\/uploads\/2016\/02\/lemn.jpg","datePublished":"2016-08-12T10:44:10+00:00","author":{"@id":"https:\/\/urbeamea.ro\/albaiulia\/#\/schema\/person\/9700d21fae21c4f038b0b56f4506264a"},"description":"Poli\u0163i\u015ftii din C\u00eempeni au oprit pentru control o autoutilitar\u0103 condus\u0103 de un b\u0103rbat din Horea care efectua un transport ilegal de lemn, pe DN75, \u00een","breadcrumb":{"@id":"https:\/\/urbeamea.ro\/albaiulia\/97-metri-cubi-de-cherestea-confiscati-de-politistii-din-cimpeni\/#breadcrumb"},"inLanguage":"ro-RO","potentialAction":[{"@type":"ReadAction","target":["https:\/\/urbeamea.ro\/albaiulia\/97-metri-cubi-de-cherestea-confiscati-de-politistii-din-cimpeni\/"]}]},{"@type":"ImageObject","inLanguage":"ro-RO","@id":"https:\/\/urbeamea.ro\/albaiulia\/97-metri-cubi-de-cherestea-confiscati-de-politistii-din-cimpeni\/#primaryimage","url":"https:\/\/urbeamea.ro\/albaiulia\/wp-content\/uploads\/2016\/02\/lemn.jpg","contentUrl":"https:\/\/urbeamea.ro\/albaiulia\/wp-content\/uploads\/2016\/02\/lemn.jpg","width":640,"height":560},{"@type":"BreadcrumbList","@id":"https:\/\/urbeamea.ro\/albaiulia\/97-metri-cubi-de-cherestea-confiscati-de-politistii-din-cimpeni\/#breadcrumb","itemListElement":[{"@type":"ListItem","position":1,"name":"Prima pagin\u0103","item":"https:\/\/urbeamea.ro\/albaiulia\/"},{"@type":"ListItem","position":2,"name":"9,7 metri cubi de cherestea, confisca\u021bi de poli\u021bi\u0219tii din C\u00eempeni"}]},{"@type":"WebSite","@id":"https:\/\/urbeamea.ro\/albaiulia\/#website","url":"https:\/\/urbeamea.ro\/albaiulia\/","name":"Revista Urbea Mea, Stiri urbane","description":"Evenimente \u0219i \u0219tiri din Alba Iulia, Sebe\u0219, Aiud, Blaj","potentialAction":[{"@type":"SearchAction","target":{"@type":"EntryPoint","urlTemplate":"https:\/\/urbeamea.ro\/albaiulia\/?s={search_term_string}"},"query-input":{"@type":"PropertyValueSpecification","valueRequired":true,"valueName":"search_term_string"}}],"inLanguage":"ro-RO"},{"@type":"Person","@id":"https:\/\/urbeamea.ro\/albaiulia\/#\/schema\/person\/9700d21fae21c4f038b0b56f4506264a","name":"Cristina Ganga","image":{"@type":"ImageObject","inLanguage":"ro-RO","@id":"https:\/\/secure.gravatar.com\/avatar\/5a67661041f057b4a8ccaf26f5a8e86e2689372006d01faf3dd9eeb10b654bb4?s=96&d=mm&r=g","url":"https:\/\/secure.gravatar.com\/avatar\/5a67661041f057b4a8ccaf26f5a8e86e2689372006d01faf3dd9eeb10b654bb4?s=96&d=mm&r=g","contentUrl":"https:\/\/secure.gravatar.com\/avatar\/5a67661041f057b4a8ccaf26f5a8e86e2689372006d01faf3dd9eeb10b654bb4?s=96&d=mm&r=g","caption":"Cristina Ganga"},"description":"Jurnalist","sameAs":["https:\/\/www.facebook.com\/cristina.nicola.587"],"url":"https:\/\/urbeamea.ro\/albaiulia\/author\/cristina-nicola\/"}]}},"_links":{"self":[{"href":"https:\/\/urbeamea.ro\/albaiulia\/wp-json\/wp\/v2\/posts\/29800","targetHints":{"allow":["GET"]}}],"collection":[{"href":"https:\/\/urbeamea.ro\/albaiulia\/wp-json\/wp\/v2\/posts"}],"about":[{"href":"https:\/\/urbeamea.ro\/albaiulia\/wp-json\/wp\/v2\/types\/post"}],"author":[{"embeddable":true,"href":"https:\/\/urbeamea.ro\/albaiulia\/wp-json\/wp\/v2\/users\/17"}],"replies":[{"embeddable":true,"href":"https:\/\/urbeamea.ro\/albaiulia\/wp-json\/wp\/v2\/comments?post=29800"}],"version-history":[{"count":0,"href":"https:\/\/urbeamea.ro\/albaiulia\/wp-json\/wp\/v2\/posts\/29800\/revisions"}],"wp:featuredmedia":[{"embeddable":true,"href":"https:\/\/urbeamea.ro\/albaiulia\/wp-json\/wp\/v2\/media\/17560"}],"wp:attachment":[{"href":"https:\/\/urbeamea.ro\/albaiulia\/wp-json\/wp\/v2\/media?parent=29800"}],"wp:term":[{"taxonomy":"category","embeddable":true,"href":"https:\/\/urbeamea.ro\/albaiulia\/wp-json\/wp\/v2\/categories?post=29800"},{"taxonomy":"post_tag","embeddable":true,"href":"https:\/\/urbeamea.ro\/albaiulia\/wp-json\/wp\/v2\/tags?post=29800"}],"curies":[{"name":"wp","href":"https:\/\/api.w.org\/{rel}","templated":true}]}}