{"id":30868,"date":"2016-09-03T09:00:10","date_gmt":"2016-09-03T06:00:10","guid":{"rendered":"http:\/\/urbeamea.ro\/albaiulia\/?p=30868"},"modified":"2016-09-03T09:07:42","modified_gmt":"2016-09-03T06:07:42","slug":"astazi-caravana-minimax-ajunge-la-alba-iulia-curiosul-george-pompierul-sam-fratii-kratt-mia-si-bibi-blocksberg-ii-invita-pe-cei-mici-in-piata-cetatii","status":"publish","type":"post","link":"https:\/\/urbeamea.ro\/albaiulia\/astazi-caravana-minimax-ajunge-la-alba-iulia-curiosul-george-pompierul-sam-fratii-kratt-mia-si-bibi-blocksberg-ii-invita-pe-cei-mici-in-piata-cetatii\/","title":{"rendered":"Ast\u0103zi: Caravana Minimax ajunge la Alba Iulia. Curiosul George, pompierul Sam, fra\u021bii Kratt, Mia \u0219i Bibi Blocksberg \u00eei invit\u0103 pe cei mici \u00een Pia\u021ba Cet\u0103\u021bii"},"content":{"rendered":"<p><strong><img loading=\"lazy\" decoding=\"async\" class=\"size-medium wp-image-30869 alignleft\" src=\"http:\/\/urbeamea.ro\/albaiulia\/wp-content\/uploads\/2016\/08\/afis-Minimax-211x300.jpg\" alt=\"afis-Minimax\" width=\"211\" height=\"300\" \/>Ziua Campionilor Minimax se opre\u0219te, \u00een 3 septembrie, la Alba Iulia, transform\u00e2nd Cetatea \u00een cea mai atractiv\u0103 \u0219i \u00eenc\u0103rcat\u0103 sta\u021bie de joac\u0103. Copiii se pot juca \u0219i \u00ee\u0219i pot \u00eent\u00e2lni personajele preferate din desenele animate: Zorro, Patru prieteni \u0219i jum\u0103tate, Curiosul George, Pompierul Sam, Fra\u021bii Kratt, Mia \u0219i Bibi Blocksberg. Fiecare participant va primi un permis de c\u0103l\u0103torie cu care va putea colec\u021biona diverse \u0219tampile, iar din or\u0103 \u00een or\u0103 va participa la o tragere la sor\u021bi cu multe premii.<\/strong><\/p>\n<p>\u201eNoi credem c\u0103 fiecare copil este un campion! Fiecare din noi are cel pu\u021bin o calitate care ne face s\u0103 fim excep\u021bionali \u0219i nu e nevoie s\u0103 avem puteri supra-naturale, ci este suficient s\u0103 lupt\u0103m cu mult curaj, precum Zorro, s\u0103 ne salv\u0103m prietenii cu o vraj\u0103 bun\u0103 precum Bibi, ori s\u0103 ac\u021bion\u0103m cu mult\u0103 vitejie, precum Pompierul Sam\u201d, precizeaz\u0103 reprezentan\u0163ii televiziunii Minimax.<\/p>\n<p>\u00cen Pia\u021ba \u00a0Cet\u0103\u021bii vor fi prezente \u0219i mascotele Minimax care vor \u00eemp\u0103r\u021bi cadouri \u0219i vor avea multe surprize pentru to\u021bi copiii.<\/p>\n<p>Ora de \u00eent\u00e2lnire este 13.00, iar \u00a0taloanele de tombol\u0103 vor fi distribuite \u00een timpul evenimentului.<\/p>\n","protected":false},"excerpt":{"rendered":"<p>Ziua Campionilor Minimax se opre\u0219te, \u00een 3 septembrie, la Alba Iulia, transform\u00e2nd Cetatea \u00een cea mai atractiv\u0103 \u0219i \u00eenc\u0103rcat\u0103 sta\u021bie de joac\u0103. Copiii se pot juca \u0219i \u00ee\u0219i pot \u00eent\u00e2lni personajele preferate din desenele animate: Zorro, Patru prieteni \u0219i jum\u0103tate, Curiosul George, Pompierul Sam, Fra\u021bii Kratt, Mia \u0219i Bibi Blocksberg. Fiecare participant va primi un &hellip;<\/p>\n","protected":false},"author":17,"featured_media":30869,"comment_status":"open","ping_status":"open","sticky":false,"template":"","format":"standard","meta":{"inline_featured_image":false,"footnotes":""},"categories":[4],"tags":[31,7190,7192,742,7186,7188,7189,565,7187,309,7191,308,5796,76],"class_list":["post-30868","post","type-post","status-publish","format-standard","has-post-thumbnail","hentry","category-eveniment","tag-alba-iulia","tag-bibi-blocksberg","tag-caravana-minimax","tag-copii","tag-curiosul-george","tag-fratii-kratt","tag-mia","tag-piata-cetatii","tag-pompierul-sam","tag-premii","tag-stampile","tag-stiri","tag-tragere-la-sorti","tag-urbea-mea"],"yoast_head":"<!-- This site is optimized with the Yoast SEO plugin v28.3 - https:\/\/yoast.com\/product\/yoast-seo-wordpress\/ -->\n<title>Ast\u0103zi: Caravana Minimax ajunge la Alba Iulia. Curiosul George, pompierul Sam, fra\u021bii Kratt, Mia \u0219i Bibi Blocksberg \u00eei invit\u0103 pe cei mici \u00een Pia\u021ba Cet\u0103\u021bii - Revista Urbea Mea - Revista de Alba<\/title>\n<meta name=\"description\" content=\"Ziua Campionilor Minimax se opre\u0219te, \u00een 3 septembrie, la Alba Iulia, transform\u00e2nd Cetatea \u00een cea mai atractiv\u0103 \u0219i \u00eenc\u0103rcat\u0103 sta\u021bie de joac\u0103. Copiii se pot\" \/>\n<meta name=\"robots\" content=\"index, follow, max-snippet:-1, max-image-preview:large, max-video-preview:-1\" \/>\n<link rel=\"canonical\" href=\"https:\/\/urbeamea.ro\/albaiulia\/astazi-caravana-minimax-ajunge-la-alba-iulia-curiosul-george-pompierul-sam-fratii-kratt-mia-si-bibi-blocksberg-ii-invita-pe-cei-mici-in-piata-cetatii\/\" \/>\n<meta name=\"twitter:card\" content=\"summary_large_image\" \/>\n<meta name=\"twitter:title\" content=\"Ast\u0103zi: Caravana Minimax ajunge la Alba Iulia. Curiosul George, pompierul Sam, fra\u021bii Kratt, Mia \u0219i Bibi Blocksberg \u00eei invit\u0103 pe cei mici \u00een Pia\u021ba Cet\u0103\u021bii - Revista Urbea Mea - Revista de Alba\" \/>\n<meta name=\"twitter:description\" content=\"Ziua Campionilor Minimax se opre\u0219te, \u00een 3 septembrie, la Alba Iulia, transform\u00e2nd Cetatea \u00een cea mai atractiv\u0103 \u0219i \u00eenc\u0103rcat\u0103 sta\u021bie de joac\u0103. Copiii se pot\" \/>\n<meta name=\"twitter:image\" content=\"https:\/\/urbeamea.ro\/albaiulia\/wp-content\/uploads\/2016\/08\/afis-Minimax.jpg\" \/>\n<meta name=\"twitter:creator\" content=\"@urbeameaweb\" \/>\n<meta name=\"twitter:site\" content=\"@urbeameaweb\" \/>\n<script type=\"application\/ld+json\" class=\"yoast-schema-graph\">{\"@context\":\"https:\\\/\\\/schema.org\",\"@graph\":[{\"@type\":\"Article\",\"@id\":\"https:\\\/\\\/urbeamea.ro\\\/albaiulia\\\/astazi-caravana-minimax-ajunge-la-alba-iulia-curiosul-george-pompierul-sam-fratii-kratt-mia-si-bibi-blocksberg-ii-invita-pe-cei-mici-in-piata-cetatii\\\/#article\",\"isPartOf\":{\"@id\":\"https:\\\/\\\/urbeamea.ro\\\/albaiulia\\\/astazi-caravana-minimax-ajunge-la-alba-iulia-curiosul-george-pompierul-sam-fratii-kratt-mia-si-bibi-blocksberg-ii-invita-pe-cei-mici-in-piata-cetatii\\\/\"},\"author\":{\"name\":\"Cristina Ganga\",\"@id\":\"https:\\\/\\\/urbeamea.ro\\\/albaiulia\\\/#\\\/schema\\\/person\\\/9700d21fae21c4f038b0b56f4506264a\"},\"headline\":\"Ast\u0103zi: Caravana Minimax ajunge la Alba Iulia. Curiosul George, pompierul Sam, fra\u021bii Kratt, Mia \u0219i Bibi Blocksberg \u00eei invit\u0103 pe cei mici \u00een Pia\u021ba Cet\u0103\u021bii\",\"datePublished\":\"2016-09-03T06:00:10+00:00\",\"dateModified\":\"2016-09-03T06:07:42+00:00\",\"mainEntityOfPage\":{\"@id\":\"https:\\\/\\\/urbeamea.ro\\\/albaiulia\\\/astazi-caravana-minimax-ajunge-la-alba-iulia-curiosul-george-pompierul-sam-fratii-kratt-mia-si-bibi-blocksberg-ii-invita-pe-cei-mici-in-piata-cetatii\\\/\"},\"wordCount\":230,\"commentCount\":0,\"image\":{\"@id\":\"https:\\\/\\\/urbeamea.ro\\\/albaiulia\\\/astazi-caravana-minimax-ajunge-la-alba-iulia-curiosul-george-pompierul-sam-fratii-kratt-mia-si-bibi-blocksberg-ii-invita-pe-cei-mici-in-piata-cetatii\\\/#primaryimage\"},\"thumbnailUrl\":\"https:\\\/\\\/urbeamea.ro\\\/albaiulia\\\/wp-content\\\/uploads\\\/2016\\\/08\\\/afis-Minimax.jpg\",\"keywords\":[\"Alba Iulia\",\"Bibi Blocksberg\",\"caravana minimax\",\"copii\",\"Curiosul George\",\"fra\u021bii Kratt\",\"Mia\",\"piata cetatii\",\"pompierul Sam\",\"premii\",\"stampile\",\"stiri\",\"tragere la sorti\",\"Urbea Mea\"],\"articleSection\":[\"Evenimente\"],\"inLanguage\":\"ro-RO\",\"potentialAction\":[{\"@type\":\"CommentAction\",\"name\":\"Comment\",\"target\":[\"https:\\\/\\\/urbeamea.ro\\\/albaiulia\\\/astazi-caravana-minimax-ajunge-la-alba-iulia-curiosul-george-pompierul-sam-fratii-kratt-mia-si-bibi-blocksberg-ii-invita-pe-cei-mici-in-piata-cetatii\\\/#respond\"]}]},{\"@type\":\"WebPage\",\"@id\":\"https:\\\/\\\/urbeamea.ro\\\/albaiulia\\\/astazi-caravana-minimax-ajunge-la-alba-iulia-curiosul-george-pompierul-sam-fratii-kratt-mia-si-bibi-blocksberg-ii-invita-pe-cei-mici-in-piata-cetatii\\\/\",\"url\":\"https:\\\/\\\/urbeamea.ro\\\/albaiulia\\\/astazi-caravana-minimax-ajunge-la-alba-iulia-curiosul-george-pompierul-sam-fratii-kratt-mia-si-bibi-blocksberg-ii-invita-pe-cei-mici-in-piata-cetatii\\\/\",\"name\":\"Ast\u0103zi: Caravana Minimax ajunge la Alba Iulia. Curiosul George, pompierul Sam, fra\u021bii Kratt, Mia \u0219i Bibi Blocksberg \u00eei invit\u0103 pe cei mici \u00een Pia\u021ba Cet\u0103\u021bii - Revista Urbea Mea - Revista de Alba\",\"isPartOf\":{\"@id\":\"https:\\\/\\\/urbeamea.ro\\\/albaiulia\\\/#website\"},\"primaryImageOfPage\":{\"@id\":\"https:\\\/\\\/urbeamea.ro\\\/albaiulia\\\/astazi-caravana-minimax-ajunge-la-alba-iulia-curiosul-george-pompierul-sam-fratii-kratt-mia-si-bibi-blocksberg-ii-invita-pe-cei-mici-in-piata-cetatii\\\/#primaryimage\"},\"image\":{\"@id\":\"https:\\\/\\\/urbeamea.ro\\\/albaiulia\\\/astazi-caravana-minimax-ajunge-la-alba-iulia-curiosul-george-pompierul-sam-fratii-kratt-mia-si-bibi-blocksberg-ii-invita-pe-cei-mici-in-piata-cetatii\\\/#primaryimage\"},\"thumbnailUrl\":\"https:\\\/\\\/urbeamea.ro\\\/albaiulia\\\/wp-content\\\/uploads\\\/2016\\\/08\\\/afis-Minimax.jpg\",\"datePublished\":\"2016-09-03T06:00:10+00:00\",\"dateModified\":\"2016-09-03T06:07:42+00:00\",\"author\":{\"@id\":\"https:\\\/\\\/urbeamea.ro\\\/albaiulia\\\/#\\\/schema\\\/person\\\/9700d21fae21c4f038b0b56f4506264a\"},\"description\":\"Ziua Campionilor Minimax se opre\u0219te, \u00een 3 septembrie, la Alba Iulia, transform\u00e2nd Cetatea \u00een cea mai atractiv\u0103 \u0219i \u00eenc\u0103rcat\u0103 sta\u021bie de joac\u0103. Copiii se pot\",\"breadcrumb\":{\"@id\":\"https:\\\/\\\/urbeamea.ro\\\/albaiulia\\\/astazi-caravana-minimax-ajunge-la-alba-iulia-curiosul-george-pompierul-sam-fratii-kratt-mia-si-bibi-blocksberg-ii-invita-pe-cei-mici-in-piata-cetatii\\\/#breadcrumb\"},\"inLanguage\":\"ro-RO\",\"potentialAction\":[{\"@type\":\"ReadAction\",\"target\":[\"https:\\\/\\\/urbeamea.ro\\\/albaiulia\\\/astazi-caravana-minimax-ajunge-la-alba-iulia-curiosul-george-pompierul-sam-fratii-kratt-mia-si-bibi-blocksberg-ii-invita-pe-cei-mici-in-piata-cetatii\\\/\"]}]},{\"@type\":\"ImageObject\",\"inLanguage\":\"ro-RO\",\"@id\":\"https:\\\/\\\/urbeamea.ro\\\/albaiulia\\\/astazi-caravana-minimax-ajunge-la-alba-iulia-curiosul-george-pompierul-sam-fratii-kratt-mia-si-bibi-blocksberg-ii-invita-pe-cei-mici-in-piata-cetatii\\\/#primaryimage\",\"url\":\"https:\\\/\\\/urbeamea.ro\\\/albaiulia\\\/wp-content\\\/uploads\\\/2016\\\/08\\\/afis-Minimax.jpg\",\"contentUrl\":\"https:\\\/\\\/urbeamea.ro\\\/albaiulia\\\/wp-content\\\/uploads\\\/2016\\\/08\\\/afis-Minimax.jpg\",\"width\":900,\"height\":1280},{\"@type\":\"BreadcrumbList\",\"@id\":\"https:\\\/\\\/urbeamea.ro\\\/albaiulia\\\/astazi-caravana-minimax-ajunge-la-alba-iulia-curiosul-george-pompierul-sam-fratii-kratt-mia-si-bibi-blocksberg-ii-invita-pe-cei-mici-in-piata-cetatii\\\/#breadcrumb\",\"itemListElement\":[{\"@type\":\"ListItem\",\"position\":1,\"name\":\"Prima pagin\u0103\",\"item\":\"https:\\\/\\\/urbeamea.ro\\\/albaiulia\\\/\"},{\"@type\":\"ListItem\",\"position\":2,\"name\":\"Ast\u0103zi: Caravana Minimax ajunge la Alba Iulia. Curiosul George, pompierul Sam, fra\u021bii Kratt, Mia \u0219i Bibi Blocksberg \u00eei invit\u0103 pe cei mici \u00een Pia\u021ba Cet\u0103\u021bii\"}]},{\"@type\":\"WebSite\",\"@id\":\"https:\\\/\\\/urbeamea.ro\\\/albaiulia\\\/#website\",\"url\":\"https:\\\/\\\/urbeamea.ro\\\/albaiulia\\\/\",\"name\":\"Revista Urbea Mea, Stiri urbane\",\"description\":\"Evenimente \u0219i \u0219tiri din Alba Iulia, Sebe\u0219, Aiud, Blaj\",\"potentialAction\":[{\"@type\":\"SearchAction\",\"target\":{\"@type\":\"EntryPoint\",\"urlTemplate\":\"https:\\\/\\\/urbeamea.ro\\\/albaiulia\\\/?s={search_term_string}\"},\"query-input\":{\"@type\":\"PropertyValueSpecification\",\"valueRequired\":true,\"valueName\":\"search_term_string\"}}],\"inLanguage\":\"ro-RO\"},{\"@type\":\"Person\",\"@id\":\"https:\\\/\\\/urbeamea.ro\\\/albaiulia\\\/#\\\/schema\\\/person\\\/9700d21fae21c4f038b0b56f4506264a\",\"name\":\"Cristina Ganga\",\"image\":{\"@type\":\"ImageObject\",\"inLanguage\":\"ro-RO\",\"@id\":\"https:\\\/\\\/secure.gravatar.com\\\/avatar\\\/5a67661041f057b4a8ccaf26f5a8e86e2689372006d01faf3dd9eeb10b654bb4?s=96&d=mm&r=g\",\"url\":\"https:\\\/\\\/secure.gravatar.com\\\/avatar\\\/5a67661041f057b4a8ccaf26f5a8e86e2689372006d01faf3dd9eeb10b654bb4?s=96&d=mm&r=g\",\"contentUrl\":\"https:\\\/\\\/secure.gravatar.com\\\/avatar\\\/5a67661041f057b4a8ccaf26f5a8e86e2689372006d01faf3dd9eeb10b654bb4?s=96&d=mm&r=g\",\"caption\":\"Cristina Ganga\"},\"description\":\"Jurnalist\",\"sameAs\":[\"https:\\\/\\\/www.facebook.com\\\/cristina.nicola.587\"],\"url\":\"https:\\\/\\\/urbeamea.ro\\\/albaiulia\\\/author\\\/cristina-nicola\\\/\"}]}<\/script>\n<!-- \/ Yoast SEO plugin. -->","yoast_head_json":{"title":"Ast\u0103zi: Caravana Minimax ajunge la Alba Iulia. Curiosul George, pompierul Sam, fra\u021bii Kratt, Mia \u0219i Bibi Blocksberg \u00eei invit\u0103 pe cei mici \u00een Pia\u021ba Cet\u0103\u021bii - Revista Urbea Mea - Revista de Alba","description":"Ziua Campionilor Minimax se opre\u0219te, \u00een 3 septembrie, la Alba Iulia, transform\u00e2nd Cetatea \u00een cea mai atractiv\u0103 \u0219i \u00eenc\u0103rcat\u0103 sta\u021bie de joac\u0103. Copiii se pot","robots":{"index":"index","follow":"follow","max-snippet":"max-snippet:-1","max-image-preview":"max-image-preview:large","max-video-preview":"max-video-preview:-1"},"canonical":"https:\/\/urbeamea.ro\/albaiulia\/astazi-caravana-minimax-ajunge-la-alba-iulia-curiosul-george-pompierul-sam-fratii-kratt-mia-si-bibi-blocksberg-ii-invita-pe-cei-mici-in-piata-cetatii\/","twitter_card":"summary_large_image","twitter_title":"Ast\u0103zi: Caravana Minimax ajunge la Alba Iulia. Curiosul George, pompierul Sam, fra\u021bii Kratt, Mia \u0219i Bibi Blocksberg \u00eei invit\u0103 pe cei mici \u00een Pia\u021ba Cet\u0103\u021bii - Revista Urbea Mea - Revista de Alba","twitter_description":"Ziua Campionilor Minimax se opre\u0219te, \u00een 3 septembrie, la Alba Iulia, transform\u00e2nd Cetatea \u00een cea mai atractiv\u0103 \u0219i \u00eenc\u0103rcat\u0103 sta\u021bie de joac\u0103. Copiii se pot","twitter_image":"https:\/\/urbeamea.ro\/albaiulia\/wp-content\/uploads\/2016\/08\/afis-Minimax.jpg","twitter_creator":"@urbeameaweb","twitter_site":"@urbeameaweb","schema":{"@context":"https:\/\/schema.org","@graph":[{"@type":"Article","@id":"https:\/\/urbeamea.ro\/albaiulia\/astazi-caravana-minimax-ajunge-la-alba-iulia-curiosul-george-pompierul-sam-fratii-kratt-mia-si-bibi-blocksberg-ii-invita-pe-cei-mici-in-piata-cetatii\/#article","isPartOf":{"@id":"https:\/\/urbeamea.ro\/albaiulia\/astazi-caravana-minimax-ajunge-la-alba-iulia-curiosul-george-pompierul-sam-fratii-kratt-mia-si-bibi-blocksberg-ii-invita-pe-cei-mici-in-piata-cetatii\/"},"author":{"name":"Cristina Ganga","@id":"https:\/\/urbeamea.ro\/albaiulia\/#\/schema\/person\/9700d21fae21c4f038b0b56f4506264a"},"headline":"Ast\u0103zi: Caravana Minimax ajunge la Alba Iulia. Curiosul George, pompierul Sam, fra\u021bii Kratt, Mia \u0219i Bibi Blocksberg \u00eei invit\u0103 pe cei mici \u00een Pia\u021ba Cet\u0103\u021bii","datePublished":"2016-09-03T06:00:10+00:00","dateModified":"2016-09-03T06:07:42+00:00","mainEntityOfPage":{"@id":"https:\/\/urbeamea.ro\/albaiulia\/astazi-caravana-minimax-ajunge-la-alba-iulia-curiosul-george-pompierul-sam-fratii-kratt-mia-si-bibi-blocksberg-ii-invita-pe-cei-mici-in-piata-cetatii\/"},"wordCount":230,"commentCount":0,"image":{"@id":"https:\/\/urbeamea.ro\/albaiulia\/astazi-caravana-minimax-ajunge-la-alba-iulia-curiosul-george-pompierul-sam-fratii-kratt-mia-si-bibi-blocksberg-ii-invita-pe-cei-mici-in-piata-cetatii\/#primaryimage"},"thumbnailUrl":"https:\/\/urbeamea.ro\/albaiulia\/wp-content\/uploads\/2016\/08\/afis-Minimax.jpg","keywords":["Alba Iulia","Bibi Blocksberg","caravana minimax","copii","Curiosul George","fra\u021bii Kratt","Mia","piata cetatii","pompierul Sam","premii","stampile","stiri","tragere la sorti","Urbea Mea"],"articleSection":["Evenimente"],"inLanguage":"ro-RO","potentialAction":[{"@type":"CommentAction","name":"Comment","target":["https:\/\/urbeamea.ro\/albaiulia\/astazi-caravana-minimax-ajunge-la-alba-iulia-curiosul-george-pompierul-sam-fratii-kratt-mia-si-bibi-blocksberg-ii-invita-pe-cei-mici-in-piata-cetatii\/#respond"]}]},{"@type":"WebPage","@id":"https:\/\/urbeamea.ro\/albaiulia\/astazi-caravana-minimax-ajunge-la-alba-iulia-curiosul-george-pompierul-sam-fratii-kratt-mia-si-bibi-blocksberg-ii-invita-pe-cei-mici-in-piata-cetatii\/","url":"https:\/\/urbeamea.ro\/albaiulia\/astazi-caravana-minimax-ajunge-la-alba-iulia-curiosul-george-pompierul-sam-fratii-kratt-mia-si-bibi-blocksberg-ii-invita-pe-cei-mici-in-piata-cetatii\/","name":"Ast\u0103zi: Caravana Minimax ajunge la Alba Iulia. Curiosul George, pompierul Sam, fra\u021bii Kratt, Mia \u0219i Bibi Blocksberg \u00eei invit\u0103 pe cei mici \u00een Pia\u021ba Cet\u0103\u021bii - Revista Urbea Mea - Revista de Alba","isPartOf":{"@id":"https:\/\/urbeamea.ro\/albaiulia\/#website"},"primaryImageOfPage":{"@id":"https:\/\/urbeamea.ro\/albaiulia\/astazi-caravana-minimax-ajunge-la-alba-iulia-curiosul-george-pompierul-sam-fratii-kratt-mia-si-bibi-blocksberg-ii-invita-pe-cei-mici-in-piata-cetatii\/#primaryimage"},"image":{"@id":"https:\/\/urbeamea.ro\/albaiulia\/astazi-caravana-minimax-ajunge-la-alba-iulia-curiosul-george-pompierul-sam-fratii-kratt-mia-si-bibi-blocksberg-ii-invita-pe-cei-mici-in-piata-cetatii\/#primaryimage"},"thumbnailUrl":"https:\/\/urbeamea.ro\/albaiulia\/wp-content\/uploads\/2016\/08\/afis-Minimax.jpg","datePublished":"2016-09-03T06:00:10+00:00","dateModified":"2016-09-03T06:07:42+00:00","author":{"@id":"https:\/\/urbeamea.ro\/albaiulia\/#\/schema\/person\/9700d21fae21c4f038b0b56f4506264a"},"description":"Ziua Campionilor Minimax se opre\u0219te, \u00een 3 septembrie, la Alba Iulia, transform\u00e2nd Cetatea \u00een cea mai atractiv\u0103 \u0219i \u00eenc\u0103rcat\u0103 sta\u021bie de joac\u0103. Copiii se pot","breadcrumb":{"@id":"https:\/\/urbeamea.ro\/albaiulia\/astazi-caravana-minimax-ajunge-la-alba-iulia-curiosul-george-pompierul-sam-fratii-kratt-mia-si-bibi-blocksberg-ii-invita-pe-cei-mici-in-piata-cetatii\/#breadcrumb"},"inLanguage":"ro-RO","potentialAction":[{"@type":"ReadAction","target":["https:\/\/urbeamea.ro\/albaiulia\/astazi-caravana-minimax-ajunge-la-alba-iulia-curiosul-george-pompierul-sam-fratii-kratt-mia-si-bibi-blocksberg-ii-invita-pe-cei-mici-in-piata-cetatii\/"]}]},{"@type":"ImageObject","inLanguage":"ro-RO","@id":"https:\/\/urbeamea.ro\/albaiulia\/astazi-caravana-minimax-ajunge-la-alba-iulia-curiosul-george-pompierul-sam-fratii-kratt-mia-si-bibi-blocksberg-ii-invita-pe-cei-mici-in-piata-cetatii\/#primaryimage","url":"https:\/\/urbeamea.ro\/albaiulia\/wp-content\/uploads\/2016\/08\/afis-Minimax.jpg","contentUrl":"https:\/\/urbeamea.ro\/albaiulia\/wp-content\/uploads\/2016\/08\/afis-Minimax.jpg","width":900,"height":1280},{"@type":"BreadcrumbList","@id":"https:\/\/urbeamea.ro\/albaiulia\/astazi-caravana-minimax-ajunge-la-alba-iulia-curiosul-george-pompierul-sam-fratii-kratt-mia-si-bibi-blocksberg-ii-invita-pe-cei-mici-in-piata-cetatii\/#breadcrumb","itemListElement":[{"@type":"ListItem","position":1,"name":"Prima pagin\u0103","item":"https:\/\/urbeamea.ro\/albaiulia\/"},{"@type":"ListItem","position":2,"name":"Ast\u0103zi: Caravana Minimax ajunge la Alba Iulia. Curiosul George, pompierul Sam, fra\u021bii Kratt, Mia \u0219i Bibi Blocksberg \u00eei invit\u0103 pe cei mici \u00een Pia\u021ba Cet\u0103\u021bii"}]},{"@type":"WebSite","@id":"https:\/\/urbeamea.ro\/albaiulia\/#website","url":"https:\/\/urbeamea.ro\/albaiulia\/","name":"Revista Urbea Mea, Stiri urbane","description":"Evenimente \u0219i \u0219tiri din Alba Iulia, Sebe\u0219, Aiud, Blaj","potentialAction":[{"@type":"SearchAction","target":{"@type":"EntryPoint","urlTemplate":"https:\/\/urbeamea.ro\/albaiulia\/?s={search_term_string}"},"query-input":{"@type":"PropertyValueSpecification","valueRequired":true,"valueName":"search_term_string"}}],"inLanguage":"ro-RO"},{"@type":"Person","@id":"https:\/\/urbeamea.ro\/albaiulia\/#\/schema\/person\/9700d21fae21c4f038b0b56f4506264a","name":"Cristina Ganga","image":{"@type":"ImageObject","inLanguage":"ro-RO","@id":"https:\/\/secure.gravatar.com\/avatar\/5a67661041f057b4a8ccaf26f5a8e86e2689372006d01faf3dd9eeb10b654bb4?s=96&d=mm&r=g","url":"https:\/\/secure.gravatar.com\/avatar\/5a67661041f057b4a8ccaf26f5a8e86e2689372006d01faf3dd9eeb10b654bb4?s=96&d=mm&r=g","contentUrl":"https:\/\/secure.gravatar.com\/avatar\/5a67661041f057b4a8ccaf26f5a8e86e2689372006d01faf3dd9eeb10b654bb4?s=96&d=mm&r=g","caption":"Cristina Ganga"},"description":"Jurnalist","sameAs":["https:\/\/www.facebook.com\/cristina.nicola.587"],"url":"https:\/\/urbeamea.ro\/albaiulia\/author\/cristina-nicola\/"}]}},"_links":{"self":[{"href":"https:\/\/urbeamea.ro\/albaiulia\/wp-json\/wp\/v2\/posts\/30868","targetHints":{"allow":["GET"]}}],"collection":[{"href":"https:\/\/urbeamea.ro\/albaiulia\/wp-json\/wp\/v2\/posts"}],"about":[{"href":"https:\/\/urbeamea.ro\/albaiulia\/wp-json\/wp\/v2\/types\/post"}],"author":[{"embeddable":true,"href":"https:\/\/urbeamea.ro\/albaiulia\/wp-json\/wp\/v2\/users\/17"}],"replies":[{"embeddable":true,"href":"https:\/\/urbeamea.ro\/albaiulia\/wp-json\/wp\/v2\/comments?post=30868"}],"version-history":[{"count":0,"href":"https:\/\/urbeamea.ro\/albaiulia\/wp-json\/wp\/v2\/posts\/30868\/revisions"}],"wp:featuredmedia":[{"embeddable":true,"href":"https:\/\/urbeamea.ro\/albaiulia\/wp-json\/wp\/v2\/media\/30869"}],"wp:attachment":[{"href":"https:\/\/urbeamea.ro\/albaiulia\/wp-json\/wp\/v2\/media?parent=30868"}],"wp:term":[{"taxonomy":"category","embeddable":true,"href":"https:\/\/urbeamea.ro\/albaiulia\/wp-json\/wp\/v2\/categories?post=30868"},{"taxonomy":"post_tag","embeddable":true,"href":"https:\/\/urbeamea.ro\/albaiulia\/wp-json\/wp\/v2\/tags?post=30868"}],"curies":[{"name":"wp","href":"https:\/\/api.w.org\/{rel}","templated":true}]}}