{"id":30886,"date":"2016-08-31T11:48:52","date_gmt":"2016-08-31T08:48:52","guid":{"rendered":"http:\/\/urbeamea.ro\/albaiulia\/?p=30886"},"modified":"2016-08-31T11:48:52","modified_gmt":"2016-08-31T08:48:52","slug":"31-august-ziua-limbii-romane-semnificatia-acestei-zile","status":"publish","type":"post","link":"https:\/\/urbeamea.ro\/albaiulia\/31-august-ziua-limbii-romane-semnificatia-acestei-zile\/","title":{"rendered":"31 august: Ziua Limbii Rom\u00e2ne. Semnifica\u021bia acestei zile"},"content":{"rendered":"<p><strong><img loading=\"lazy\" decoding=\"async\" class=\"size-medium wp-image-30887 alignleft\" src=\"http:\/\/urbeamea.ro\/albaiulia\/wp-content\/uploads\/2016\/08\/ziua-limbii-romane-300x200.jpg\" alt=\"ziua limbii romane\" width=\"300\" height=\"200\" \/>La data de 31 august se s\u0103rb\u0103tore\u0219te Ziua limbii rom\u00e2ne. Plenul Camerei Deputa\u021bilor a adoptat, la 19 februarie 2013, cu 312 pentru, dou\u0103 \u00eempotriv\u0103 \u0219i cinci ab\u021bineri, un proiect de lege, prin care se instituie ziua de 31 august ca &#8221;Ziua limbii rom\u00e2ne&#8221;.\u00a0Legea a fost promulgat\u0103 de pre\u0219edintele Traian B\u0103sescu la 13 martie 2013 \u0219i publicat\u0103 \u00een Monitorul Oficial la 19 martie 2013, potrivit Agerpres.<\/strong><\/p>\n<p>Propunerea legislativ\u0103 a fost ini\u021biat\u0103 \u00een 2011, c\u00e2nd 166 de parlamentari din toate grupurile politice au depus la Senat un proiect de lege \u00een care solicit\u0103 proclamarea zilei de 31 august drept Ziua limbii rom\u00e2ne.\u00a0Acesta a fost aprobat de Senat \u00een \u0219edin\u021ba din 6 decembrie 2011, Camera Deputa\u021bilor fiind Camer\u0103 decizional\u0103.<\/p>\n<p>\u00cen proiect se arat\u0103 c\u0103 Ziua limbii rom\u00e2ne urmeaz\u0103 s\u0103 fie s\u0103rb\u0103torit\u0103 de c\u0103tre autorit\u0103\u021bile publice din Rom\u00e2nia \u0219i de c\u0103tre reprezentan\u021bele diplomatice din str\u0103in\u0103tate, inclusiv de Institutele Culturale ale Rom\u00e2niei sau de alte institu\u021bii rom\u00e2ne\u0219ti din str\u0103in\u0103tate, \u201eprin organizarea unor programe \u0219i manifest\u0103ri cultural-educative \u0219i artistice cu caracter evocator sau \u0219tiin\u021bific, consacrate istoriei limbii rom\u00e2ne\u201d.<\/p>\n<p>De asemenea, proiectul de lege prevede ca \u00een ziua de 31 august s\u0103 fie arborat Drapelul Rom\u00e2niei, iar Societatea Rom\u00e2n\u0103 de Televiziune \u0219i Societatea Rom\u00e2n\u0103 de Radiodifuziune s\u0103 reflecte, \u00een cadrul programelor lor, manifest\u0103rile dedicate acestei zile.<\/p>\n<p>Ziua limbii rom\u00e2ne se s\u0103rb\u0103tore\u0219te \u00een Republica Moldova \u00eencep\u00e2nd cu 31 august 1989, dup\u0103 ce, pe fundalul &#8221;perestroik\u0103i&#8221; din fosta URSS \u0219i \u00een urma Marii Adun\u0103ri Na\u021bionale de la 27 august 1989, fostul Soviet Suprem a decretat limba rom\u00e2n\u0103 ca limb\u0103 de stat \u0219i trecerea la grafia latin\u0103.<\/p>\n<p>\u00cen timpul perioadei sovietice, popula\u021biei i se impusese s\u0103 vorbeasc\u0103 \u00een &#8221;limba moldoveneasc\u0103&#8221; \u0219i s\u0103 utilizeze grafia chirilic\u0103. Rolul limbii rom\u00e2ne \u00een calitate de limb\u0103 de stat a Republicii Moldova a fost consfin\u021bit \u0219i \u00een Declara\u021bia de independen\u021b\u0103 adoptat\u0103 la 27 august 1991. Ulterior, \u00eens\u0103, \u00een Constitu\u021bia din 1994 s-a statuat drept limb\u0103 de stat &#8221;limba moldoveneasc\u0103&#8221;.<\/p>\n<p>\u00cen 2011, mai multe asocia\u021bii \u0219i organiza\u021bii rom\u00e2ne\u0219ti din Serbia, Bulgaria, Ungaria \u0219i Ucraina au stabilit ziua de 31 august ca Zi a limbii rom\u00e2ne, urm\u00e2nd ca, \u00eencep\u00e2nd cu anul 2012, aceasta s\u0103 fie s\u0103rb\u0103toare na\u021bional\u0103. De asemenea, au cerut autorit\u0103\u021bilor rom\u00e2ne decretarea Zilei limbii rom\u00e2ne pentru rom\u00e2nii de pretutindeni.<\/p>\n<p><em>sursa: Agerpres.ro<\/em><\/p>\n","protected":false},"excerpt":{"rendered":"<p>La data de 31 august se s\u0103rb\u0103tore\u0219te Ziua limbii rom\u00e2ne. Plenul Camerei Deputa\u021bilor a adoptat, la 19 februarie 2013, cu 312 pentru, dou\u0103 \u00eempotriv\u0103 \u0219i cinci ab\u021bineri, un proiect de lege, prin care se instituie ziua de 31 august ca &#8221;Ziua limbii rom\u00e2ne&#8221;.\u00a0Legea a fost promulgat\u0103 de pre\u0219edintele Traian B\u0103sescu la 13 martie 2013 \u0219i &hellip;<\/p>\n","protected":false},"author":17,"featured_media":30887,"comment_status":"open","ping_status":"open","sticky":false,"template":"","format":"standard","meta":{"inline_featured_image":false,"footnotes":""},"categories":[1],"tags":[307,2330,7206,7207,308,76,7205],"class_list":["post-30886","post","type-post","status-publish","format-standard","has-post-thumbnail","hentry","category-stiri-urbane","tag-alba","tag-monitorul-oficial","tag-plenul-camerei-deputatilor","tag-proiect-de-lege","tag-stiri","tag-urbea-mea","tag-ziua-limbii-romane"],"yoast_head":"<!-- This site is optimized with the Yoast SEO plugin v27.4 - https:\/\/yoast.com\/product\/yoast-seo-wordpress\/ -->\n<title>31 august: Ziua Limbii Rom\u00e2ne. Semnifica\u021bia acestei zile - Revista Urbea Mea - Revista de Alba<\/title>\n<meta name=\"description\" content=\"La data de 31 august se s\u0103rb\u0103tore\u0219te Ziua limbii rom\u00e2ne. Plenul Camerei Deputa\u021bilor a adoptat, la 19 februarie 2013, cu 312 pentru, dou\u0103 \u00eempotriv\u0103 \u0219i\" \/>\n<meta name=\"robots\" content=\"index, follow, max-snippet:-1, max-image-preview:large, max-video-preview:-1\" \/>\n<link rel=\"canonical\" href=\"https:\/\/urbeamea.ro\/albaiulia\/31-august-ziua-limbii-romane-semnificatia-acestei-zile\/\" \/>\n<meta name=\"twitter:card\" content=\"summary_large_image\" \/>\n<meta name=\"twitter:title\" content=\"31 august: Ziua Limbii Rom\u00e2ne. Semnifica\u021bia acestei zile - Revista Urbea Mea - Revista de Alba\" \/>\n<meta name=\"twitter:description\" content=\"La data de 31 august se s\u0103rb\u0103tore\u0219te Ziua limbii rom\u00e2ne. Plenul Camerei Deputa\u021bilor a adoptat, la 19 februarie 2013, cu 312 pentru, dou\u0103 \u00eempotriv\u0103 \u0219i\" \/>\n<meta name=\"twitter:image\" content=\"https:\/\/urbeamea.ro\/albaiulia\/wp-content\/uploads\/2016\/08\/ziua-limbii-romane.jpg\" \/>\n<meta name=\"twitter:creator\" content=\"@urbeameaweb\" \/>\n<meta name=\"twitter:site\" content=\"@urbeameaweb\" \/>\n<script type=\"application\/ld+json\" class=\"yoast-schema-graph\">{\"@context\":\"https:\\\/\\\/schema.org\",\"@graph\":[{\"@type\":\"Article\",\"@id\":\"https:\\\/\\\/urbeamea.ro\\\/albaiulia\\\/31-august-ziua-limbii-romane-semnificatia-acestei-zile\\\/#article\",\"isPartOf\":{\"@id\":\"https:\\\/\\\/urbeamea.ro\\\/albaiulia\\\/31-august-ziua-limbii-romane-semnificatia-acestei-zile\\\/\"},\"author\":{\"name\":\"Cristina Ganga\",\"@id\":\"https:\\\/\\\/urbeamea.ro\\\/albaiulia\\\/#\\\/schema\\\/person\\\/9700d21fae21c4f038b0b56f4506264a\"},\"headline\":\"31 august: Ziua Limbii Rom\u00e2ne. Semnifica\u021bia acestei zile\",\"datePublished\":\"2016-08-31T08:48:52+00:00\",\"mainEntityOfPage\":{\"@id\":\"https:\\\/\\\/urbeamea.ro\\\/albaiulia\\\/31-august-ziua-limbii-romane-semnificatia-acestei-zile\\\/\"},\"wordCount\":418,\"commentCount\":0,\"image\":{\"@id\":\"https:\\\/\\\/urbeamea.ro\\\/albaiulia\\\/31-august-ziua-limbii-romane-semnificatia-acestei-zile\\\/#primaryimage\"},\"thumbnailUrl\":\"https:\\\/\\\/urbeamea.ro\\\/albaiulia\\\/wp-content\\\/uploads\\\/2016\\\/08\\\/ziua-limbii-romane.jpg\",\"keywords\":[\"alba\",\"monitorul oficial\",\"plenul camerei deputatilor\",\"proiect de lege\",\"stiri\",\"Urbea Mea\",\"ziua limbii romane\"],\"articleSection\":[\"\u015etiri Urbane\"],\"inLanguage\":\"ro-RO\",\"potentialAction\":[{\"@type\":\"CommentAction\",\"name\":\"Comment\",\"target\":[\"https:\\\/\\\/urbeamea.ro\\\/albaiulia\\\/31-august-ziua-limbii-romane-semnificatia-acestei-zile\\\/#respond\"]}]},{\"@type\":\"WebPage\",\"@id\":\"https:\\\/\\\/urbeamea.ro\\\/albaiulia\\\/31-august-ziua-limbii-romane-semnificatia-acestei-zile\\\/\",\"url\":\"https:\\\/\\\/urbeamea.ro\\\/albaiulia\\\/31-august-ziua-limbii-romane-semnificatia-acestei-zile\\\/\",\"name\":\"31 august: Ziua Limbii Rom\u00e2ne. Semnifica\u021bia acestei zile - Revista Urbea Mea - Revista de Alba\",\"isPartOf\":{\"@id\":\"https:\\\/\\\/urbeamea.ro\\\/albaiulia\\\/#website\"},\"primaryImageOfPage\":{\"@id\":\"https:\\\/\\\/urbeamea.ro\\\/albaiulia\\\/31-august-ziua-limbii-romane-semnificatia-acestei-zile\\\/#primaryimage\"},\"image\":{\"@id\":\"https:\\\/\\\/urbeamea.ro\\\/albaiulia\\\/31-august-ziua-limbii-romane-semnificatia-acestei-zile\\\/#primaryimage\"},\"thumbnailUrl\":\"https:\\\/\\\/urbeamea.ro\\\/albaiulia\\\/wp-content\\\/uploads\\\/2016\\\/08\\\/ziua-limbii-romane.jpg\",\"datePublished\":\"2016-08-31T08:48:52+00:00\",\"author\":{\"@id\":\"https:\\\/\\\/urbeamea.ro\\\/albaiulia\\\/#\\\/schema\\\/person\\\/9700d21fae21c4f038b0b56f4506264a\"},\"description\":\"La data de 31 august se s\u0103rb\u0103tore\u0219te Ziua limbii rom\u00e2ne. Plenul Camerei Deputa\u021bilor a adoptat, la 19 februarie 2013, cu 312 pentru, dou\u0103 \u00eempotriv\u0103 \u0219i\",\"breadcrumb\":{\"@id\":\"https:\\\/\\\/urbeamea.ro\\\/albaiulia\\\/31-august-ziua-limbii-romane-semnificatia-acestei-zile\\\/#breadcrumb\"},\"inLanguage\":\"ro-RO\",\"potentialAction\":[{\"@type\":\"ReadAction\",\"target\":[\"https:\\\/\\\/urbeamea.ro\\\/albaiulia\\\/31-august-ziua-limbii-romane-semnificatia-acestei-zile\\\/\"]}]},{\"@type\":\"ImageObject\",\"inLanguage\":\"ro-RO\",\"@id\":\"https:\\\/\\\/urbeamea.ro\\\/albaiulia\\\/31-august-ziua-limbii-romane-semnificatia-acestei-zile\\\/#primaryimage\",\"url\":\"https:\\\/\\\/urbeamea.ro\\\/albaiulia\\\/wp-content\\\/uploads\\\/2016\\\/08\\\/ziua-limbii-romane.jpg\",\"contentUrl\":\"https:\\\/\\\/urbeamea.ro\\\/albaiulia\\\/wp-content\\\/uploads\\\/2016\\\/08\\\/ziua-limbii-romane.jpg\",\"width\":1150,\"height\":766},{\"@type\":\"BreadcrumbList\",\"@id\":\"https:\\\/\\\/urbeamea.ro\\\/albaiulia\\\/31-august-ziua-limbii-romane-semnificatia-acestei-zile\\\/#breadcrumb\",\"itemListElement\":[{\"@type\":\"ListItem\",\"position\":1,\"name\":\"Prima pagin\u0103\",\"item\":\"https:\\\/\\\/urbeamea.ro\\\/albaiulia\\\/\"},{\"@type\":\"ListItem\",\"position\":2,\"name\":\"31 august: Ziua Limbii Rom\u00e2ne. Semnifica\u021bia acestei zile\"}]},{\"@type\":\"WebSite\",\"@id\":\"https:\\\/\\\/urbeamea.ro\\\/albaiulia\\\/#website\",\"url\":\"https:\\\/\\\/urbeamea.ro\\\/albaiulia\\\/\",\"name\":\"Revista Urbea Mea, Stiri urbane\",\"description\":\"Evenimente \u0219i \u0219tiri din Alba Iulia, Sebe\u0219, Aiud, Blaj\",\"potentialAction\":[{\"@type\":\"SearchAction\",\"target\":{\"@type\":\"EntryPoint\",\"urlTemplate\":\"https:\\\/\\\/urbeamea.ro\\\/albaiulia\\\/?s={search_term_string}\"},\"query-input\":{\"@type\":\"PropertyValueSpecification\",\"valueRequired\":true,\"valueName\":\"search_term_string\"}}],\"inLanguage\":\"ro-RO\"},{\"@type\":\"Person\",\"@id\":\"https:\\\/\\\/urbeamea.ro\\\/albaiulia\\\/#\\\/schema\\\/person\\\/9700d21fae21c4f038b0b56f4506264a\",\"name\":\"Cristina Ganga\",\"image\":{\"@type\":\"ImageObject\",\"inLanguage\":\"ro-RO\",\"@id\":\"https:\\\/\\\/secure.gravatar.com\\\/avatar\\\/5a67661041f057b4a8ccaf26f5a8e86e2689372006d01faf3dd9eeb10b654bb4?s=96&d=mm&r=g\",\"url\":\"https:\\\/\\\/secure.gravatar.com\\\/avatar\\\/5a67661041f057b4a8ccaf26f5a8e86e2689372006d01faf3dd9eeb10b654bb4?s=96&d=mm&r=g\",\"contentUrl\":\"https:\\\/\\\/secure.gravatar.com\\\/avatar\\\/5a67661041f057b4a8ccaf26f5a8e86e2689372006d01faf3dd9eeb10b654bb4?s=96&d=mm&r=g\",\"caption\":\"Cristina Ganga\"},\"description\":\"Jurnalist\",\"sameAs\":[\"https:\\\/\\\/www.facebook.com\\\/cristina.nicola.587\"],\"url\":\"https:\\\/\\\/urbeamea.ro\\\/albaiulia\\\/author\\\/cristina-nicola\\\/\"}]}<\/script>\n<!-- \/ Yoast SEO plugin. -->","yoast_head_json":{"title":"31 august: Ziua Limbii Rom\u00e2ne. Semnifica\u021bia acestei zile - Revista Urbea Mea - Revista de Alba","description":"La data de 31 august se s\u0103rb\u0103tore\u0219te Ziua limbii rom\u00e2ne. Plenul Camerei Deputa\u021bilor a adoptat, la 19 februarie 2013, cu 312 pentru, dou\u0103 \u00eempotriv\u0103 \u0219i","robots":{"index":"index","follow":"follow","max-snippet":"max-snippet:-1","max-image-preview":"max-image-preview:large","max-video-preview":"max-video-preview:-1"},"canonical":"https:\/\/urbeamea.ro\/albaiulia\/31-august-ziua-limbii-romane-semnificatia-acestei-zile\/","twitter_card":"summary_large_image","twitter_title":"31 august: Ziua Limbii Rom\u00e2ne. Semnifica\u021bia acestei zile - Revista Urbea Mea - Revista de Alba","twitter_description":"La data de 31 august se s\u0103rb\u0103tore\u0219te Ziua limbii rom\u00e2ne. Plenul Camerei Deputa\u021bilor a adoptat, la 19 februarie 2013, cu 312 pentru, dou\u0103 \u00eempotriv\u0103 \u0219i","twitter_image":"https:\/\/urbeamea.ro\/albaiulia\/wp-content\/uploads\/2016\/08\/ziua-limbii-romane.jpg","twitter_creator":"@urbeameaweb","twitter_site":"@urbeameaweb","schema":{"@context":"https:\/\/schema.org","@graph":[{"@type":"Article","@id":"https:\/\/urbeamea.ro\/albaiulia\/31-august-ziua-limbii-romane-semnificatia-acestei-zile\/#article","isPartOf":{"@id":"https:\/\/urbeamea.ro\/albaiulia\/31-august-ziua-limbii-romane-semnificatia-acestei-zile\/"},"author":{"name":"Cristina Ganga","@id":"https:\/\/urbeamea.ro\/albaiulia\/#\/schema\/person\/9700d21fae21c4f038b0b56f4506264a"},"headline":"31 august: Ziua Limbii Rom\u00e2ne. Semnifica\u021bia acestei zile","datePublished":"2016-08-31T08:48:52+00:00","mainEntityOfPage":{"@id":"https:\/\/urbeamea.ro\/albaiulia\/31-august-ziua-limbii-romane-semnificatia-acestei-zile\/"},"wordCount":418,"commentCount":0,"image":{"@id":"https:\/\/urbeamea.ro\/albaiulia\/31-august-ziua-limbii-romane-semnificatia-acestei-zile\/#primaryimage"},"thumbnailUrl":"https:\/\/urbeamea.ro\/albaiulia\/wp-content\/uploads\/2016\/08\/ziua-limbii-romane.jpg","keywords":["alba","monitorul oficial","plenul camerei deputatilor","proiect de lege","stiri","Urbea Mea","ziua limbii romane"],"articleSection":["\u015etiri Urbane"],"inLanguage":"ro-RO","potentialAction":[{"@type":"CommentAction","name":"Comment","target":["https:\/\/urbeamea.ro\/albaiulia\/31-august-ziua-limbii-romane-semnificatia-acestei-zile\/#respond"]}]},{"@type":"WebPage","@id":"https:\/\/urbeamea.ro\/albaiulia\/31-august-ziua-limbii-romane-semnificatia-acestei-zile\/","url":"https:\/\/urbeamea.ro\/albaiulia\/31-august-ziua-limbii-romane-semnificatia-acestei-zile\/","name":"31 august: Ziua Limbii Rom\u00e2ne. Semnifica\u021bia acestei zile - Revista Urbea Mea - Revista de Alba","isPartOf":{"@id":"https:\/\/urbeamea.ro\/albaiulia\/#website"},"primaryImageOfPage":{"@id":"https:\/\/urbeamea.ro\/albaiulia\/31-august-ziua-limbii-romane-semnificatia-acestei-zile\/#primaryimage"},"image":{"@id":"https:\/\/urbeamea.ro\/albaiulia\/31-august-ziua-limbii-romane-semnificatia-acestei-zile\/#primaryimage"},"thumbnailUrl":"https:\/\/urbeamea.ro\/albaiulia\/wp-content\/uploads\/2016\/08\/ziua-limbii-romane.jpg","datePublished":"2016-08-31T08:48:52+00:00","author":{"@id":"https:\/\/urbeamea.ro\/albaiulia\/#\/schema\/person\/9700d21fae21c4f038b0b56f4506264a"},"description":"La data de 31 august se s\u0103rb\u0103tore\u0219te Ziua limbii rom\u00e2ne. Plenul Camerei Deputa\u021bilor a adoptat, la 19 februarie 2013, cu 312 pentru, dou\u0103 \u00eempotriv\u0103 \u0219i","breadcrumb":{"@id":"https:\/\/urbeamea.ro\/albaiulia\/31-august-ziua-limbii-romane-semnificatia-acestei-zile\/#breadcrumb"},"inLanguage":"ro-RO","potentialAction":[{"@type":"ReadAction","target":["https:\/\/urbeamea.ro\/albaiulia\/31-august-ziua-limbii-romane-semnificatia-acestei-zile\/"]}]},{"@type":"ImageObject","inLanguage":"ro-RO","@id":"https:\/\/urbeamea.ro\/albaiulia\/31-august-ziua-limbii-romane-semnificatia-acestei-zile\/#primaryimage","url":"https:\/\/urbeamea.ro\/albaiulia\/wp-content\/uploads\/2016\/08\/ziua-limbii-romane.jpg","contentUrl":"https:\/\/urbeamea.ro\/albaiulia\/wp-content\/uploads\/2016\/08\/ziua-limbii-romane.jpg","width":1150,"height":766},{"@type":"BreadcrumbList","@id":"https:\/\/urbeamea.ro\/albaiulia\/31-august-ziua-limbii-romane-semnificatia-acestei-zile\/#breadcrumb","itemListElement":[{"@type":"ListItem","position":1,"name":"Prima pagin\u0103","item":"https:\/\/urbeamea.ro\/albaiulia\/"},{"@type":"ListItem","position":2,"name":"31 august: Ziua Limbii Rom\u00e2ne. Semnifica\u021bia acestei zile"}]},{"@type":"WebSite","@id":"https:\/\/urbeamea.ro\/albaiulia\/#website","url":"https:\/\/urbeamea.ro\/albaiulia\/","name":"Revista Urbea Mea, Stiri urbane","description":"Evenimente \u0219i \u0219tiri din Alba Iulia, Sebe\u0219, Aiud, Blaj","potentialAction":[{"@type":"SearchAction","target":{"@type":"EntryPoint","urlTemplate":"https:\/\/urbeamea.ro\/albaiulia\/?s={search_term_string}"},"query-input":{"@type":"PropertyValueSpecification","valueRequired":true,"valueName":"search_term_string"}}],"inLanguage":"ro-RO"},{"@type":"Person","@id":"https:\/\/urbeamea.ro\/albaiulia\/#\/schema\/person\/9700d21fae21c4f038b0b56f4506264a","name":"Cristina Ganga","image":{"@type":"ImageObject","inLanguage":"ro-RO","@id":"https:\/\/secure.gravatar.com\/avatar\/5a67661041f057b4a8ccaf26f5a8e86e2689372006d01faf3dd9eeb10b654bb4?s=96&d=mm&r=g","url":"https:\/\/secure.gravatar.com\/avatar\/5a67661041f057b4a8ccaf26f5a8e86e2689372006d01faf3dd9eeb10b654bb4?s=96&d=mm&r=g","contentUrl":"https:\/\/secure.gravatar.com\/avatar\/5a67661041f057b4a8ccaf26f5a8e86e2689372006d01faf3dd9eeb10b654bb4?s=96&d=mm&r=g","caption":"Cristina Ganga"},"description":"Jurnalist","sameAs":["https:\/\/www.facebook.com\/cristina.nicola.587"],"url":"https:\/\/urbeamea.ro\/albaiulia\/author\/cristina-nicola\/"}]}},"_links":{"self":[{"href":"https:\/\/urbeamea.ro\/albaiulia\/wp-json\/wp\/v2\/posts\/30886","targetHints":{"allow":["GET"]}}],"collection":[{"href":"https:\/\/urbeamea.ro\/albaiulia\/wp-json\/wp\/v2\/posts"}],"about":[{"href":"https:\/\/urbeamea.ro\/albaiulia\/wp-json\/wp\/v2\/types\/post"}],"author":[{"embeddable":true,"href":"https:\/\/urbeamea.ro\/albaiulia\/wp-json\/wp\/v2\/users\/17"}],"replies":[{"embeddable":true,"href":"https:\/\/urbeamea.ro\/albaiulia\/wp-json\/wp\/v2\/comments?post=30886"}],"version-history":[{"count":0,"href":"https:\/\/urbeamea.ro\/albaiulia\/wp-json\/wp\/v2\/posts\/30886\/revisions"}],"wp:featuredmedia":[{"embeddable":true,"href":"https:\/\/urbeamea.ro\/albaiulia\/wp-json\/wp\/v2\/media\/30887"}],"wp:attachment":[{"href":"https:\/\/urbeamea.ro\/albaiulia\/wp-json\/wp\/v2\/media?parent=30886"}],"wp:term":[{"taxonomy":"category","embeddable":true,"href":"https:\/\/urbeamea.ro\/albaiulia\/wp-json\/wp\/v2\/categories?post=30886"},{"taxonomy":"post_tag","embeddable":true,"href":"https:\/\/urbeamea.ro\/albaiulia\/wp-json\/wp\/v2\/tags?post=30886"}],"curies":[{"name":"wp","href":"https:\/\/api.w.org\/{rel}","templated":true}]}}