{"id":31282,"date":"2016-09-07T11:48:46","date_gmt":"2016-09-07T08:48:46","guid":{"rendered":"http:\/\/urbeamea.ro\/albaiulia\/?p=31282"},"modified":"2016-09-07T11:48:46","modified_gmt":"2016-09-07T08:48:46","slug":"accident-rutier-langa-salistea-un-sofer-a-fost-ranit-dupa-ce-doua-masini-s-au-lovit","status":"publish","type":"post","link":"https:\/\/urbeamea.ro\/albaiulia\/accident-rutier-langa-salistea-un-sofer-a-fost-ranit-dupa-ce-doua-masini-s-au-lovit\/","title":{"rendered":"Accident rutier l\u00e2ng\u0103 S\u0103li\u0219tea: Un \u0219ofer a fost r\u0103nit dup\u0103 ce dou\u0103 ma\u015fini s-au lovit"},"content":{"rendered":"<p><strong><img loading=\"lazy\" decoding=\"async\" class=\"size-medium wp-image-30861 alignleft\" src=\"http:\/\/urbeamea.ro\/albaiulia\/wp-content\/uploads\/2016\/08\/Politisti-1-300x169.jpg\" alt=\"Politisti-1\" width=\"300\" height=\"169\" srcset=\"https:\/\/urbeamea.ro\/albaiulia\/wp-content\/uploads\/2016\/08\/Politisti-1-300x169.jpg 300w, https:\/\/urbeamea.ro\/albaiulia\/wp-content\/uploads\/2016\/08\/Politisti-1-150x84.jpg 150w, https:\/\/urbeamea.ro\/albaiulia\/wp-content\/uploads\/2016\/08\/Politisti-1.jpg 630w\" sizes=\"auto, (max-width: 300px) 100vw, 300px\" \/>Un b\u0103rbat \u00een v\u00e2rst\u0103 de 43 de ani din Alba Iulia a fost r\u0103nit, mar\u0163i, \u00een urma unui accident rutier pe DN7, l\u00e2ng\u0103 S\u0103li\u015ftea. Aflat la volanul unui autoturism, acesta nu a p\u0103strat distan\u0163a corespunz\u0103toare fa\u0163\u0103 de autoutilitara din fa\u0163a sa, iar cele dou\u0103 ma\u015fini s-au lovit.<\/strong><\/p>\n<p>Potrivit IPJ Alba, \u00een 6 septembrie, \u00een jurul orei 9.30, pe\u00a0 DN 7, la kilometrul 343, \u00een afara localit\u0103\u021bii S\u0103li\u0219tea, B.D.F., de 43 de ani, din Alba Iulia, \u00een timp ce a condus un autoturism, nu a p\u0103strat o distan\u0163\u0103 corespunz\u0103toare fa\u0163\u0103 de o autoutilitar\u0103 care circula \u00een fa\u0163a sa, intr\u00e2nd \u00een coliziune cu aceasta.<\/p>\n<p>\u00cen urma accidentului, \u015foferul autoturismului a suferit leziuni corporale u\u015foare \u015fi a fost transportat la spitalul din Alba Iulia.<\/p>\n","protected":false},"excerpt":{"rendered":"<p>Un b\u0103rbat \u00een v\u00e2rst\u0103 de 43 de ani din Alba Iulia a fost r\u0103nit, mar\u0163i, \u00een urma unui accident rutier pe DN7, l\u00e2ng\u0103 S\u0103li\u015ftea. Aflat la volanul unui autoturism, acesta nu a p\u0103strat distan\u0163a corespunz\u0103toare fa\u0163\u0103 de autoutilitara din fa\u0163a sa, iar cele dou\u0103 ma\u015fini s-au lovit. Potrivit IPJ Alba, \u00een 6 septembrie, \u00een jurul &hellip;<\/p>\n","protected":false},"author":17,"featured_media":30861,"comment_status":"open","ping_status":"open","sticky":false,"template":"","format":"standard","meta":{"inline_featured_image":false,"footnotes":""},"categories":[2034],"tags":[83,307,4034,4935,3499,308,76],"class_list":["post-31282","post","type-post","status-publish","format-standard","has-post-thumbnail","hentry","category-social","tag-accident","tag-alba","tag-autoutilitara","tag-distanta","tag-salistea","tag-stiri","tag-urbea-mea"],"yoast_head":"<!-- This site is optimized with the Yoast SEO plugin v27.4 - https:\/\/yoast.com\/product\/yoast-seo-wordpress\/ -->\n<title>Accident rutier l\u00e2ng\u0103 S\u0103li\u0219tea: Un \u0219ofer a fost r\u0103nit dup\u0103 ce dou\u0103 ma\u015fini s-au lovit - Revista Urbea Mea - Revista de Alba<\/title>\n<meta name=\"description\" content=\"Un b\u0103rbat \u00een v\u00e2rst\u0103 de 43 de ani din Alba Iulia a fost r\u0103nit, mar\u0163i, \u00een urma unui accident rutier pe DN7, l\u00e2ng\u0103 S\u0103li\u015ftea. Aflat la volanul unui\" \/>\n<meta name=\"robots\" content=\"index, follow, max-snippet:-1, max-image-preview:large, max-video-preview:-1\" \/>\n<link rel=\"canonical\" href=\"https:\/\/urbeamea.ro\/albaiulia\/accident-rutier-langa-salistea-un-sofer-a-fost-ranit-dupa-ce-doua-masini-s-au-lovit\/\" \/>\n<meta name=\"twitter:card\" content=\"summary_large_image\" \/>\n<meta name=\"twitter:title\" content=\"Accident rutier l\u00e2ng\u0103 S\u0103li\u0219tea: Un \u0219ofer a fost r\u0103nit dup\u0103 ce dou\u0103 ma\u015fini s-au lovit - Revista Urbea Mea - Revista de Alba\" \/>\n<meta name=\"twitter:description\" content=\"Un b\u0103rbat \u00een v\u00e2rst\u0103 de 43 de ani din Alba Iulia a fost r\u0103nit, mar\u0163i, \u00een urma unui accident rutier pe DN7, l\u00e2ng\u0103 S\u0103li\u015ftea. Aflat la volanul unui\" \/>\n<meta name=\"twitter:image\" content=\"https:\/\/urbeamea.ro\/albaiulia\/wp-content\/uploads\/2016\/08\/Politisti-1.jpg\" \/>\n<meta name=\"twitter:creator\" content=\"@urbeameaweb\" \/>\n<meta name=\"twitter:site\" content=\"@urbeameaweb\" \/>\n<script type=\"application\/ld+json\" class=\"yoast-schema-graph\">{\"@context\":\"https:\\\/\\\/schema.org\",\"@graph\":[{\"@type\":\"Article\",\"@id\":\"https:\\\/\\\/urbeamea.ro\\\/albaiulia\\\/accident-rutier-langa-salistea-un-sofer-a-fost-ranit-dupa-ce-doua-masini-s-au-lovit\\\/#article\",\"isPartOf\":{\"@id\":\"https:\\\/\\\/urbeamea.ro\\\/albaiulia\\\/accident-rutier-langa-salistea-un-sofer-a-fost-ranit-dupa-ce-doua-masini-s-au-lovit\\\/\"},\"author\":{\"name\":\"Cristina Ganga\",\"@id\":\"https:\\\/\\\/urbeamea.ro\\\/albaiulia\\\/#\\\/schema\\\/person\\\/9700d21fae21c4f038b0b56f4506264a\"},\"headline\":\"Accident rutier l\u00e2ng\u0103 S\u0103li\u0219tea: Un \u0219ofer a fost r\u0103nit dup\u0103 ce dou\u0103 ma\u015fini s-au lovit\",\"datePublished\":\"2016-09-07T08:48:46+00:00\",\"mainEntityOfPage\":{\"@id\":\"https:\\\/\\\/urbeamea.ro\\\/albaiulia\\\/accident-rutier-langa-salistea-un-sofer-a-fost-ranit-dupa-ce-doua-masini-s-au-lovit\\\/\"},\"wordCount\":157,\"commentCount\":0,\"image\":{\"@id\":\"https:\\\/\\\/urbeamea.ro\\\/albaiulia\\\/accident-rutier-langa-salistea-un-sofer-a-fost-ranit-dupa-ce-doua-masini-s-au-lovit\\\/#primaryimage\"},\"thumbnailUrl\":\"https:\\\/\\\/urbeamea.ro\\\/albaiulia\\\/wp-content\\\/uploads\\\/2016\\\/08\\\/Politisti-1.jpg\",\"keywords\":[\"accident\",\"alba\",\"autoutilitara\",\"distanta\",\"salistea\",\"stiri\",\"Urbea Mea\"],\"articleSection\":[\"Social\"],\"inLanguage\":\"ro-RO\",\"potentialAction\":[{\"@type\":\"CommentAction\",\"name\":\"Comment\",\"target\":[\"https:\\\/\\\/urbeamea.ro\\\/albaiulia\\\/accident-rutier-langa-salistea-un-sofer-a-fost-ranit-dupa-ce-doua-masini-s-au-lovit\\\/#respond\"]}]},{\"@type\":\"WebPage\",\"@id\":\"https:\\\/\\\/urbeamea.ro\\\/albaiulia\\\/accident-rutier-langa-salistea-un-sofer-a-fost-ranit-dupa-ce-doua-masini-s-au-lovit\\\/\",\"url\":\"https:\\\/\\\/urbeamea.ro\\\/albaiulia\\\/accident-rutier-langa-salistea-un-sofer-a-fost-ranit-dupa-ce-doua-masini-s-au-lovit\\\/\",\"name\":\"Accident rutier l\u00e2ng\u0103 S\u0103li\u0219tea: Un \u0219ofer a fost r\u0103nit dup\u0103 ce dou\u0103 ma\u015fini s-au lovit - Revista Urbea Mea - Revista de Alba\",\"isPartOf\":{\"@id\":\"https:\\\/\\\/urbeamea.ro\\\/albaiulia\\\/#website\"},\"primaryImageOfPage\":{\"@id\":\"https:\\\/\\\/urbeamea.ro\\\/albaiulia\\\/accident-rutier-langa-salistea-un-sofer-a-fost-ranit-dupa-ce-doua-masini-s-au-lovit\\\/#primaryimage\"},\"image\":{\"@id\":\"https:\\\/\\\/urbeamea.ro\\\/albaiulia\\\/accident-rutier-langa-salistea-un-sofer-a-fost-ranit-dupa-ce-doua-masini-s-au-lovit\\\/#primaryimage\"},\"thumbnailUrl\":\"https:\\\/\\\/urbeamea.ro\\\/albaiulia\\\/wp-content\\\/uploads\\\/2016\\\/08\\\/Politisti-1.jpg\",\"datePublished\":\"2016-09-07T08:48:46+00:00\",\"author\":{\"@id\":\"https:\\\/\\\/urbeamea.ro\\\/albaiulia\\\/#\\\/schema\\\/person\\\/9700d21fae21c4f038b0b56f4506264a\"},\"description\":\"Un b\u0103rbat \u00een v\u00e2rst\u0103 de 43 de ani din Alba Iulia a fost r\u0103nit, mar\u0163i, \u00een urma unui accident rutier pe DN7, l\u00e2ng\u0103 S\u0103li\u015ftea. Aflat la volanul unui\",\"breadcrumb\":{\"@id\":\"https:\\\/\\\/urbeamea.ro\\\/albaiulia\\\/accident-rutier-langa-salistea-un-sofer-a-fost-ranit-dupa-ce-doua-masini-s-au-lovit\\\/#breadcrumb\"},\"inLanguage\":\"ro-RO\",\"potentialAction\":[{\"@type\":\"ReadAction\",\"target\":[\"https:\\\/\\\/urbeamea.ro\\\/albaiulia\\\/accident-rutier-langa-salistea-un-sofer-a-fost-ranit-dupa-ce-doua-masini-s-au-lovit\\\/\"]}]},{\"@type\":\"ImageObject\",\"inLanguage\":\"ro-RO\",\"@id\":\"https:\\\/\\\/urbeamea.ro\\\/albaiulia\\\/accident-rutier-langa-salistea-un-sofer-a-fost-ranit-dupa-ce-doua-masini-s-au-lovit\\\/#primaryimage\",\"url\":\"https:\\\/\\\/urbeamea.ro\\\/albaiulia\\\/wp-content\\\/uploads\\\/2016\\\/08\\\/Politisti-1.jpg\",\"contentUrl\":\"https:\\\/\\\/urbeamea.ro\\\/albaiulia\\\/wp-content\\\/uploads\\\/2016\\\/08\\\/Politisti-1.jpg\",\"width\":630,\"height\":354},{\"@type\":\"BreadcrumbList\",\"@id\":\"https:\\\/\\\/urbeamea.ro\\\/albaiulia\\\/accident-rutier-langa-salistea-un-sofer-a-fost-ranit-dupa-ce-doua-masini-s-au-lovit\\\/#breadcrumb\",\"itemListElement\":[{\"@type\":\"ListItem\",\"position\":1,\"name\":\"Prima pagin\u0103\",\"item\":\"https:\\\/\\\/urbeamea.ro\\\/albaiulia\\\/\"},{\"@type\":\"ListItem\",\"position\":2,\"name\":\"Accident rutier l\u00e2ng\u0103 S\u0103li\u0219tea: Un \u0219ofer a fost r\u0103nit dup\u0103 ce dou\u0103 ma\u015fini s-au lovit\"}]},{\"@type\":\"WebSite\",\"@id\":\"https:\\\/\\\/urbeamea.ro\\\/albaiulia\\\/#website\",\"url\":\"https:\\\/\\\/urbeamea.ro\\\/albaiulia\\\/\",\"name\":\"Revista Urbea Mea, Stiri urbane\",\"description\":\"Evenimente \u0219i \u0219tiri din Alba Iulia, Sebe\u0219, Aiud, Blaj\",\"potentialAction\":[{\"@type\":\"SearchAction\",\"target\":{\"@type\":\"EntryPoint\",\"urlTemplate\":\"https:\\\/\\\/urbeamea.ro\\\/albaiulia\\\/?s={search_term_string}\"},\"query-input\":{\"@type\":\"PropertyValueSpecification\",\"valueRequired\":true,\"valueName\":\"search_term_string\"}}],\"inLanguage\":\"ro-RO\"},{\"@type\":\"Person\",\"@id\":\"https:\\\/\\\/urbeamea.ro\\\/albaiulia\\\/#\\\/schema\\\/person\\\/9700d21fae21c4f038b0b56f4506264a\",\"name\":\"Cristina Ganga\",\"image\":{\"@type\":\"ImageObject\",\"inLanguage\":\"ro-RO\",\"@id\":\"https:\\\/\\\/secure.gravatar.com\\\/avatar\\\/5a67661041f057b4a8ccaf26f5a8e86e2689372006d01faf3dd9eeb10b654bb4?s=96&d=mm&r=g\",\"url\":\"https:\\\/\\\/secure.gravatar.com\\\/avatar\\\/5a67661041f057b4a8ccaf26f5a8e86e2689372006d01faf3dd9eeb10b654bb4?s=96&d=mm&r=g\",\"contentUrl\":\"https:\\\/\\\/secure.gravatar.com\\\/avatar\\\/5a67661041f057b4a8ccaf26f5a8e86e2689372006d01faf3dd9eeb10b654bb4?s=96&d=mm&r=g\",\"caption\":\"Cristina Ganga\"},\"description\":\"Jurnalist\",\"sameAs\":[\"https:\\\/\\\/www.facebook.com\\\/cristina.nicola.587\"],\"url\":\"https:\\\/\\\/urbeamea.ro\\\/albaiulia\\\/author\\\/cristina-nicola\\\/\"}]}<\/script>\n<!-- \/ Yoast SEO plugin. -->","yoast_head_json":{"title":"Accident rutier l\u00e2ng\u0103 S\u0103li\u0219tea: Un \u0219ofer a fost r\u0103nit dup\u0103 ce dou\u0103 ma\u015fini s-au lovit - Revista Urbea Mea - Revista de Alba","description":"Un b\u0103rbat \u00een v\u00e2rst\u0103 de 43 de ani din Alba Iulia a fost r\u0103nit, mar\u0163i, \u00een urma unui accident rutier pe DN7, l\u00e2ng\u0103 S\u0103li\u015ftea. Aflat la volanul unui","robots":{"index":"index","follow":"follow","max-snippet":"max-snippet:-1","max-image-preview":"max-image-preview:large","max-video-preview":"max-video-preview:-1"},"canonical":"https:\/\/urbeamea.ro\/albaiulia\/accident-rutier-langa-salistea-un-sofer-a-fost-ranit-dupa-ce-doua-masini-s-au-lovit\/","twitter_card":"summary_large_image","twitter_title":"Accident rutier l\u00e2ng\u0103 S\u0103li\u0219tea: Un \u0219ofer a fost r\u0103nit dup\u0103 ce dou\u0103 ma\u015fini s-au lovit - Revista Urbea Mea - Revista de Alba","twitter_description":"Un b\u0103rbat \u00een v\u00e2rst\u0103 de 43 de ani din Alba Iulia a fost r\u0103nit, mar\u0163i, \u00een urma unui accident rutier pe DN7, l\u00e2ng\u0103 S\u0103li\u015ftea. Aflat la volanul unui","twitter_image":"https:\/\/urbeamea.ro\/albaiulia\/wp-content\/uploads\/2016\/08\/Politisti-1.jpg","twitter_creator":"@urbeameaweb","twitter_site":"@urbeameaweb","schema":{"@context":"https:\/\/schema.org","@graph":[{"@type":"Article","@id":"https:\/\/urbeamea.ro\/albaiulia\/accident-rutier-langa-salistea-un-sofer-a-fost-ranit-dupa-ce-doua-masini-s-au-lovit\/#article","isPartOf":{"@id":"https:\/\/urbeamea.ro\/albaiulia\/accident-rutier-langa-salistea-un-sofer-a-fost-ranit-dupa-ce-doua-masini-s-au-lovit\/"},"author":{"name":"Cristina Ganga","@id":"https:\/\/urbeamea.ro\/albaiulia\/#\/schema\/person\/9700d21fae21c4f038b0b56f4506264a"},"headline":"Accident rutier l\u00e2ng\u0103 S\u0103li\u0219tea: Un \u0219ofer a fost r\u0103nit dup\u0103 ce dou\u0103 ma\u015fini s-au lovit","datePublished":"2016-09-07T08:48:46+00:00","mainEntityOfPage":{"@id":"https:\/\/urbeamea.ro\/albaiulia\/accident-rutier-langa-salistea-un-sofer-a-fost-ranit-dupa-ce-doua-masini-s-au-lovit\/"},"wordCount":157,"commentCount":0,"image":{"@id":"https:\/\/urbeamea.ro\/albaiulia\/accident-rutier-langa-salistea-un-sofer-a-fost-ranit-dupa-ce-doua-masini-s-au-lovit\/#primaryimage"},"thumbnailUrl":"https:\/\/urbeamea.ro\/albaiulia\/wp-content\/uploads\/2016\/08\/Politisti-1.jpg","keywords":["accident","alba","autoutilitara","distanta","salistea","stiri","Urbea Mea"],"articleSection":["Social"],"inLanguage":"ro-RO","potentialAction":[{"@type":"CommentAction","name":"Comment","target":["https:\/\/urbeamea.ro\/albaiulia\/accident-rutier-langa-salistea-un-sofer-a-fost-ranit-dupa-ce-doua-masini-s-au-lovit\/#respond"]}]},{"@type":"WebPage","@id":"https:\/\/urbeamea.ro\/albaiulia\/accident-rutier-langa-salistea-un-sofer-a-fost-ranit-dupa-ce-doua-masini-s-au-lovit\/","url":"https:\/\/urbeamea.ro\/albaiulia\/accident-rutier-langa-salistea-un-sofer-a-fost-ranit-dupa-ce-doua-masini-s-au-lovit\/","name":"Accident rutier l\u00e2ng\u0103 S\u0103li\u0219tea: Un \u0219ofer a fost r\u0103nit dup\u0103 ce dou\u0103 ma\u015fini s-au lovit - Revista Urbea Mea - Revista de Alba","isPartOf":{"@id":"https:\/\/urbeamea.ro\/albaiulia\/#website"},"primaryImageOfPage":{"@id":"https:\/\/urbeamea.ro\/albaiulia\/accident-rutier-langa-salistea-un-sofer-a-fost-ranit-dupa-ce-doua-masini-s-au-lovit\/#primaryimage"},"image":{"@id":"https:\/\/urbeamea.ro\/albaiulia\/accident-rutier-langa-salistea-un-sofer-a-fost-ranit-dupa-ce-doua-masini-s-au-lovit\/#primaryimage"},"thumbnailUrl":"https:\/\/urbeamea.ro\/albaiulia\/wp-content\/uploads\/2016\/08\/Politisti-1.jpg","datePublished":"2016-09-07T08:48:46+00:00","author":{"@id":"https:\/\/urbeamea.ro\/albaiulia\/#\/schema\/person\/9700d21fae21c4f038b0b56f4506264a"},"description":"Un b\u0103rbat \u00een v\u00e2rst\u0103 de 43 de ani din Alba Iulia a fost r\u0103nit, mar\u0163i, \u00een urma unui accident rutier pe DN7, l\u00e2ng\u0103 S\u0103li\u015ftea. Aflat la volanul unui","breadcrumb":{"@id":"https:\/\/urbeamea.ro\/albaiulia\/accident-rutier-langa-salistea-un-sofer-a-fost-ranit-dupa-ce-doua-masini-s-au-lovit\/#breadcrumb"},"inLanguage":"ro-RO","potentialAction":[{"@type":"ReadAction","target":["https:\/\/urbeamea.ro\/albaiulia\/accident-rutier-langa-salistea-un-sofer-a-fost-ranit-dupa-ce-doua-masini-s-au-lovit\/"]}]},{"@type":"ImageObject","inLanguage":"ro-RO","@id":"https:\/\/urbeamea.ro\/albaiulia\/accident-rutier-langa-salistea-un-sofer-a-fost-ranit-dupa-ce-doua-masini-s-au-lovit\/#primaryimage","url":"https:\/\/urbeamea.ro\/albaiulia\/wp-content\/uploads\/2016\/08\/Politisti-1.jpg","contentUrl":"https:\/\/urbeamea.ro\/albaiulia\/wp-content\/uploads\/2016\/08\/Politisti-1.jpg","width":630,"height":354},{"@type":"BreadcrumbList","@id":"https:\/\/urbeamea.ro\/albaiulia\/accident-rutier-langa-salistea-un-sofer-a-fost-ranit-dupa-ce-doua-masini-s-au-lovit\/#breadcrumb","itemListElement":[{"@type":"ListItem","position":1,"name":"Prima pagin\u0103","item":"https:\/\/urbeamea.ro\/albaiulia\/"},{"@type":"ListItem","position":2,"name":"Accident rutier l\u00e2ng\u0103 S\u0103li\u0219tea: Un \u0219ofer a fost r\u0103nit dup\u0103 ce dou\u0103 ma\u015fini s-au lovit"}]},{"@type":"WebSite","@id":"https:\/\/urbeamea.ro\/albaiulia\/#website","url":"https:\/\/urbeamea.ro\/albaiulia\/","name":"Revista Urbea Mea, Stiri urbane","description":"Evenimente \u0219i \u0219tiri din Alba Iulia, Sebe\u0219, Aiud, Blaj","potentialAction":[{"@type":"SearchAction","target":{"@type":"EntryPoint","urlTemplate":"https:\/\/urbeamea.ro\/albaiulia\/?s={search_term_string}"},"query-input":{"@type":"PropertyValueSpecification","valueRequired":true,"valueName":"search_term_string"}}],"inLanguage":"ro-RO"},{"@type":"Person","@id":"https:\/\/urbeamea.ro\/albaiulia\/#\/schema\/person\/9700d21fae21c4f038b0b56f4506264a","name":"Cristina Ganga","image":{"@type":"ImageObject","inLanguage":"ro-RO","@id":"https:\/\/secure.gravatar.com\/avatar\/5a67661041f057b4a8ccaf26f5a8e86e2689372006d01faf3dd9eeb10b654bb4?s=96&d=mm&r=g","url":"https:\/\/secure.gravatar.com\/avatar\/5a67661041f057b4a8ccaf26f5a8e86e2689372006d01faf3dd9eeb10b654bb4?s=96&d=mm&r=g","contentUrl":"https:\/\/secure.gravatar.com\/avatar\/5a67661041f057b4a8ccaf26f5a8e86e2689372006d01faf3dd9eeb10b654bb4?s=96&d=mm&r=g","caption":"Cristina Ganga"},"description":"Jurnalist","sameAs":["https:\/\/www.facebook.com\/cristina.nicola.587"],"url":"https:\/\/urbeamea.ro\/albaiulia\/author\/cristina-nicola\/"}]}},"_links":{"self":[{"href":"https:\/\/urbeamea.ro\/albaiulia\/wp-json\/wp\/v2\/posts\/31282","targetHints":{"allow":["GET"]}}],"collection":[{"href":"https:\/\/urbeamea.ro\/albaiulia\/wp-json\/wp\/v2\/posts"}],"about":[{"href":"https:\/\/urbeamea.ro\/albaiulia\/wp-json\/wp\/v2\/types\/post"}],"author":[{"embeddable":true,"href":"https:\/\/urbeamea.ro\/albaiulia\/wp-json\/wp\/v2\/users\/17"}],"replies":[{"embeddable":true,"href":"https:\/\/urbeamea.ro\/albaiulia\/wp-json\/wp\/v2\/comments?post=31282"}],"version-history":[{"count":0,"href":"https:\/\/urbeamea.ro\/albaiulia\/wp-json\/wp\/v2\/posts\/31282\/revisions"}],"wp:featuredmedia":[{"embeddable":true,"href":"https:\/\/urbeamea.ro\/albaiulia\/wp-json\/wp\/v2\/media\/30861"}],"wp:attachment":[{"href":"https:\/\/urbeamea.ro\/albaiulia\/wp-json\/wp\/v2\/media?parent=31282"}],"wp:term":[{"taxonomy":"category","embeddable":true,"href":"https:\/\/urbeamea.ro\/albaiulia\/wp-json\/wp\/v2\/categories?post=31282"},{"taxonomy":"post_tag","embeddable":true,"href":"https:\/\/urbeamea.ro\/albaiulia\/wp-json\/wp\/v2\/tags?post=31282"}],"curies":[{"name":"wp","href":"https:\/\/api.w.org\/{rel}","templated":true}]}}