{"id":31340,"date":"2016-09-08T16:14:23","date_gmt":"2016-09-08T13:14:23","guid":{"rendered":"http:\/\/urbeamea.ro\/albaiulia\/?p=31340"},"modified":"2016-09-08T16:15:37","modified_gmt":"2016-09-08T13:15:37","slug":"primaria-alba-iulia-anunta-efectuarea-unor-treceri-de-pietoni-inaltate-in-zona-ipj-si-casa-de-pensii","status":"publish","type":"post","link":"https:\/\/urbeamea.ro\/albaiulia\/primaria-alba-iulia-anunta-efectuarea-unor-treceri-de-pietoni-inaltate-in-zona-ipj-si-casa-de-pensii\/","title":{"rendered":"Prim\u0103ria Alba Iulia anun\u021b\u0103 efectuarea unor treceri de pietoni \u00een\u0103l\u021bate \u00een zona IPJ \u0219i Casa de Pensii"},"content":{"rendered":"<p><strong><img loading=\"lazy\" decoding=\"async\" class=\"size-medium wp-image-31342 alignleft\" src=\"http:\/\/urbeamea.ro\/albaiulia\/wp-content\/uploads\/2016\/09\/trecere-de-pietoni-1-1-300x225.jpg\" alt=\"trecere-de-pietoni-1-1\" width=\"300\" height=\"225\" \/>Reprezentan\u021bii Prim\u0103riei Alba Iulia anun\u021b\u0103\u00a0c\u0103 de joi se efectueaz\u0103 modific\u0103ri la trecerile de pietoni situate \u00een dreptul sediului IPJ Alba \u0219i cel al Casei de Pensii, dup\u0103 modelul celor realizate \u00een zona Colegiului Economic \u0219i a sediului Electrica.<\/strong><\/p>\n<p>Potrivit reprezentan\u021bilor Prim\u0103riei, de joi, 8 septembrie, a \u00eenceput realizarea unor modific\u0103ri la trecerile de pietoni situate \u00een dreptul Inspectoratului de Poli\u021bie Jude\u021bean Alba (Pia\u021ba Ion I.C. Br\u0103tianu) \u0219i Casei Jude\u021bene de Pensii Alba (strada Tudor Vladimirescu). Practic, respect\u00e2nd acela\u0219i model de \u00een\u0103l\u021bare de la Colegiul Economic (strada Octavian Goga) \u0219i Electrica (strada Nicolae B\u0103lcescu), acestea vor asigura un plus de vizibilitate \u0219i siguran\u021ba pietonilor, fiind presemnalizate \u0219oferilor pentru reducerea vitezei.<\/p>\n<p>De asemenea, \u00een aceast\u0103 perioad\u0103 se vor reface marcajele pentru trecerile de pietoni din dreptul institu\u021biilor de \u00eenv\u0103\u021b\u0103m\u00e2nt.<\/p>\n<p>Av\u00e2nd \u00een vedere faptul c\u0103 \u00een a treia decad\u0103 a lunii septembrie vor \u00eencepe lucr\u0103rile de modernizare a str\u0103zii Ponor (Mice\u015fti), de\u021bin\u0103torii de imobile persoane fizice \u0219i juridice de pe aceast\u0103 strad\u0103 sunt ruga\u021bi s\u0103 efectueze de urgen\u021b\u0103 racordurile \u0219i bran\u0219amentele imobilelor la re\u021belele de utilit\u0103\u021bi (ap\u0103, gaz, canal, electrice) p\u00e2n\u0103 la sf\u00e2r\u0219itul lunii septembrie.<\/p>\n<p>&nbsp;<\/p>\n","protected":false},"excerpt":{"rendered":"<p>Reprezentan\u021bii Prim\u0103riei Alba Iulia anun\u021b\u0103\u00a0c\u0103 de joi se efectueaz\u0103 modific\u0103ri la trecerile de pietoni situate \u00een dreptul sediului IPJ Alba \u0219i cel al Casei de Pensii, dup\u0103 modelul celor realizate \u00een zona Colegiului Economic \u0219i a sediului Electrica. Potrivit reprezentan\u021bilor Prim\u0103riei, de joi, 8 septembrie, a \u00eenceput realizarea unor modific\u0103ri la trecerile de pietoni situate &hellip;<\/p>\n","protected":false},"author":17,"featured_media":31342,"comment_status":"open","ping_status":"open","sticky":false,"template":"","format":"standard","meta":{"inline_featured_image":false,"footnotes":""},"categories":[1],"tags":[31,7372,457,7371,2091,308,7373,1232,7370,76],"class_list":["post-31340","post","type-post","status-publish","format-standard","has-post-thumbnail","hentry","category-stiri-urbane","tag-alba-iulia","tag-casa-judeteana-de-pensii","tag-ipj-alba","tag-piata-ion-i-c-bratianu","tag-primarie","tag-stiri","tag-strada-tudor-vladimirescu","tag-strazi","tag-treceri-de-pietoni-inaltate","tag-urbea-mea"],"yoast_head":"<!-- This site is optimized with the Yoast SEO plugin v27.4 - https:\/\/yoast.com\/product\/yoast-seo-wordpress\/ -->\n<title>Prim\u0103ria Alba Iulia anun\u021b\u0103 efectuarea unor treceri de pietoni \u00een\u0103l\u021bate \u00een zona IPJ \u0219i Casa de Pensii - Revista Urbea Mea - Revista de Alba<\/title>\n<meta name=\"description\" content=\"Reprezentan\u021bii Prim\u0103riei Alba Iulia anun\u021b\u0103\u00a0c\u0103 de joi se efectueaz\u0103 modific\u0103ri la trecerile de pietoni situate \u00een dreptul sediului IPJ Alba \u0219i cel al Casei\" \/>\n<meta name=\"robots\" content=\"index, follow, max-snippet:-1, max-image-preview:large, max-video-preview:-1\" \/>\n<link rel=\"canonical\" href=\"https:\/\/urbeamea.ro\/albaiulia\/primaria-alba-iulia-anunta-efectuarea-unor-treceri-de-pietoni-inaltate-in-zona-ipj-si-casa-de-pensii\/\" \/>\n<meta name=\"twitter:card\" content=\"summary_large_image\" \/>\n<meta name=\"twitter:title\" content=\"Prim\u0103ria Alba Iulia anun\u021b\u0103 efectuarea unor treceri de pietoni \u00een\u0103l\u021bate \u00een zona IPJ \u0219i Casa de Pensii - Revista Urbea Mea - Revista de Alba\" \/>\n<meta name=\"twitter:description\" content=\"Reprezentan\u021bii Prim\u0103riei Alba Iulia anun\u021b\u0103\u00a0c\u0103 de joi se efectueaz\u0103 modific\u0103ri la trecerile de pietoni situate \u00een dreptul sediului IPJ Alba \u0219i cel al Casei\" \/>\n<meta name=\"twitter:image\" content=\"https:\/\/urbeamea.ro\/albaiulia\/wp-content\/uploads\/2016\/09\/trecere-de-pietoni-1-1.jpg\" \/>\n<meta name=\"twitter:creator\" content=\"@urbeameaweb\" \/>\n<meta name=\"twitter:site\" content=\"@urbeameaweb\" \/>\n<script type=\"application\/ld+json\" class=\"yoast-schema-graph\">{\"@context\":\"https:\\\/\\\/schema.org\",\"@graph\":[{\"@type\":\"Article\",\"@id\":\"https:\\\/\\\/urbeamea.ro\\\/albaiulia\\\/primaria-alba-iulia-anunta-efectuarea-unor-treceri-de-pietoni-inaltate-in-zona-ipj-si-casa-de-pensii\\\/#article\",\"isPartOf\":{\"@id\":\"https:\\\/\\\/urbeamea.ro\\\/albaiulia\\\/primaria-alba-iulia-anunta-efectuarea-unor-treceri-de-pietoni-inaltate-in-zona-ipj-si-casa-de-pensii\\\/\"},\"author\":{\"name\":\"Cristina Ganga\",\"@id\":\"https:\\\/\\\/urbeamea.ro\\\/albaiulia\\\/#\\\/schema\\\/person\\\/9700d21fae21c4f038b0b56f4506264a\"},\"headline\":\"Prim\u0103ria Alba Iulia anun\u021b\u0103 efectuarea unor treceri de pietoni \u00een\u0103l\u021bate \u00een zona IPJ \u0219i Casa de Pensii\",\"datePublished\":\"2016-09-08T13:14:23+00:00\",\"dateModified\":\"2016-09-08T13:15:37+00:00\",\"mainEntityOfPage\":{\"@id\":\"https:\\\/\\\/urbeamea.ro\\\/albaiulia\\\/primaria-alba-iulia-anunta-efectuarea-unor-treceri-de-pietoni-inaltate-in-zona-ipj-si-casa-de-pensii\\\/\"},\"wordCount\":237,\"commentCount\":0,\"image\":{\"@id\":\"https:\\\/\\\/urbeamea.ro\\\/albaiulia\\\/primaria-alba-iulia-anunta-efectuarea-unor-treceri-de-pietoni-inaltate-in-zona-ipj-si-casa-de-pensii\\\/#primaryimage\"},\"thumbnailUrl\":\"https:\\\/\\\/urbeamea.ro\\\/albaiulia\\\/wp-content\\\/uploads\\\/2016\\\/09\\\/trecere-de-pietoni-1-1.jpg\",\"keywords\":[\"Alba Iulia\",\"casa judeteana de pensii\",\"IPJ Alba\",\"piata ion i.c. bratianu\",\"primarie\",\"stiri\",\"strada tudor vladimirescu\",\"strazi\",\"treceri de pietoni inaltate\",\"Urbea Mea\"],\"articleSection\":[\"\u015etiri Urbane\"],\"inLanguage\":\"ro-RO\",\"potentialAction\":[{\"@type\":\"CommentAction\",\"name\":\"Comment\",\"target\":[\"https:\\\/\\\/urbeamea.ro\\\/albaiulia\\\/primaria-alba-iulia-anunta-efectuarea-unor-treceri-de-pietoni-inaltate-in-zona-ipj-si-casa-de-pensii\\\/#respond\"]}]},{\"@type\":\"WebPage\",\"@id\":\"https:\\\/\\\/urbeamea.ro\\\/albaiulia\\\/primaria-alba-iulia-anunta-efectuarea-unor-treceri-de-pietoni-inaltate-in-zona-ipj-si-casa-de-pensii\\\/\",\"url\":\"https:\\\/\\\/urbeamea.ro\\\/albaiulia\\\/primaria-alba-iulia-anunta-efectuarea-unor-treceri-de-pietoni-inaltate-in-zona-ipj-si-casa-de-pensii\\\/\",\"name\":\"Prim\u0103ria Alba Iulia anun\u021b\u0103 efectuarea unor treceri de pietoni \u00een\u0103l\u021bate \u00een zona IPJ \u0219i Casa de Pensii - Revista Urbea Mea - Revista de Alba\",\"isPartOf\":{\"@id\":\"https:\\\/\\\/urbeamea.ro\\\/albaiulia\\\/#website\"},\"primaryImageOfPage\":{\"@id\":\"https:\\\/\\\/urbeamea.ro\\\/albaiulia\\\/primaria-alba-iulia-anunta-efectuarea-unor-treceri-de-pietoni-inaltate-in-zona-ipj-si-casa-de-pensii\\\/#primaryimage\"},\"image\":{\"@id\":\"https:\\\/\\\/urbeamea.ro\\\/albaiulia\\\/primaria-alba-iulia-anunta-efectuarea-unor-treceri-de-pietoni-inaltate-in-zona-ipj-si-casa-de-pensii\\\/#primaryimage\"},\"thumbnailUrl\":\"https:\\\/\\\/urbeamea.ro\\\/albaiulia\\\/wp-content\\\/uploads\\\/2016\\\/09\\\/trecere-de-pietoni-1-1.jpg\",\"datePublished\":\"2016-09-08T13:14:23+00:00\",\"dateModified\":\"2016-09-08T13:15:37+00:00\",\"author\":{\"@id\":\"https:\\\/\\\/urbeamea.ro\\\/albaiulia\\\/#\\\/schema\\\/person\\\/9700d21fae21c4f038b0b56f4506264a\"},\"description\":\"Reprezentan\u021bii Prim\u0103riei Alba Iulia anun\u021b\u0103\u00a0c\u0103 de joi se efectueaz\u0103 modific\u0103ri la trecerile de pietoni situate \u00een dreptul sediului IPJ Alba \u0219i cel al Casei\",\"breadcrumb\":{\"@id\":\"https:\\\/\\\/urbeamea.ro\\\/albaiulia\\\/primaria-alba-iulia-anunta-efectuarea-unor-treceri-de-pietoni-inaltate-in-zona-ipj-si-casa-de-pensii\\\/#breadcrumb\"},\"inLanguage\":\"ro-RO\",\"potentialAction\":[{\"@type\":\"ReadAction\",\"target\":[\"https:\\\/\\\/urbeamea.ro\\\/albaiulia\\\/primaria-alba-iulia-anunta-efectuarea-unor-treceri-de-pietoni-inaltate-in-zona-ipj-si-casa-de-pensii\\\/\"]}]},{\"@type\":\"ImageObject\",\"inLanguage\":\"ro-RO\",\"@id\":\"https:\\\/\\\/urbeamea.ro\\\/albaiulia\\\/primaria-alba-iulia-anunta-efectuarea-unor-treceri-de-pietoni-inaltate-in-zona-ipj-si-casa-de-pensii\\\/#primaryimage\",\"url\":\"https:\\\/\\\/urbeamea.ro\\\/albaiulia\\\/wp-content\\\/uploads\\\/2016\\\/09\\\/trecere-de-pietoni-1-1.jpg\",\"contentUrl\":\"https:\\\/\\\/urbeamea.ro\\\/albaiulia\\\/wp-content\\\/uploads\\\/2016\\\/09\\\/trecere-de-pietoni-1-1.jpg\",\"width\":1024,\"height\":768},{\"@type\":\"BreadcrumbList\",\"@id\":\"https:\\\/\\\/urbeamea.ro\\\/albaiulia\\\/primaria-alba-iulia-anunta-efectuarea-unor-treceri-de-pietoni-inaltate-in-zona-ipj-si-casa-de-pensii\\\/#breadcrumb\",\"itemListElement\":[{\"@type\":\"ListItem\",\"position\":1,\"name\":\"Prima pagin\u0103\",\"item\":\"https:\\\/\\\/urbeamea.ro\\\/albaiulia\\\/\"},{\"@type\":\"ListItem\",\"position\":2,\"name\":\"Prim\u0103ria Alba Iulia anun\u021b\u0103 efectuarea unor treceri de pietoni \u00een\u0103l\u021bate \u00een zona IPJ \u0219i Casa de Pensii\"}]},{\"@type\":\"WebSite\",\"@id\":\"https:\\\/\\\/urbeamea.ro\\\/albaiulia\\\/#website\",\"url\":\"https:\\\/\\\/urbeamea.ro\\\/albaiulia\\\/\",\"name\":\"Revista Urbea Mea, Stiri urbane\",\"description\":\"Evenimente \u0219i \u0219tiri din Alba Iulia, Sebe\u0219, Aiud, Blaj\",\"potentialAction\":[{\"@type\":\"SearchAction\",\"target\":{\"@type\":\"EntryPoint\",\"urlTemplate\":\"https:\\\/\\\/urbeamea.ro\\\/albaiulia\\\/?s={search_term_string}\"},\"query-input\":{\"@type\":\"PropertyValueSpecification\",\"valueRequired\":true,\"valueName\":\"search_term_string\"}}],\"inLanguage\":\"ro-RO\"},{\"@type\":\"Person\",\"@id\":\"https:\\\/\\\/urbeamea.ro\\\/albaiulia\\\/#\\\/schema\\\/person\\\/9700d21fae21c4f038b0b56f4506264a\",\"name\":\"Cristina Ganga\",\"image\":{\"@type\":\"ImageObject\",\"inLanguage\":\"ro-RO\",\"@id\":\"https:\\\/\\\/secure.gravatar.com\\\/avatar\\\/5a67661041f057b4a8ccaf26f5a8e86e2689372006d01faf3dd9eeb10b654bb4?s=96&d=mm&r=g\",\"url\":\"https:\\\/\\\/secure.gravatar.com\\\/avatar\\\/5a67661041f057b4a8ccaf26f5a8e86e2689372006d01faf3dd9eeb10b654bb4?s=96&d=mm&r=g\",\"contentUrl\":\"https:\\\/\\\/secure.gravatar.com\\\/avatar\\\/5a67661041f057b4a8ccaf26f5a8e86e2689372006d01faf3dd9eeb10b654bb4?s=96&d=mm&r=g\",\"caption\":\"Cristina Ganga\"},\"description\":\"Jurnalist\",\"sameAs\":[\"https:\\\/\\\/www.facebook.com\\\/cristina.nicola.587\"],\"url\":\"https:\\\/\\\/urbeamea.ro\\\/albaiulia\\\/author\\\/cristina-nicola\\\/\"}]}<\/script>\n<!-- \/ Yoast SEO plugin. -->","yoast_head_json":{"title":"Prim\u0103ria Alba Iulia anun\u021b\u0103 efectuarea unor treceri de pietoni \u00een\u0103l\u021bate \u00een zona IPJ \u0219i Casa de Pensii - Revista Urbea Mea - Revista de Alba","description":"Reprezentan\u021bii Prim\u0103riei Alba Iulia anun\u021b\u0103\u00a0c\u0103 de joi se efectueaz\u0103 modific\u0103ri la trecerile de pietoni situate \u00een dreptul sediului IPJ Alba \u0219i cel al Casei","robots":{"index":"index","follow":"follow","max-snippet":"max-snippet:-1","max-image-preview":"max-image-preview:large","max-video-preview":"max-video-preview:-1"},"canonical":"https:\/\/urbeamea.ro\/albaiulia\/primaria-alba-iulia-anunta-efectuarea-unor-treceri-de-pietoni-inaltate-in-zona-ipj-si-casa-de-pensii\/","twitter_card":"summary_large_image","twitter_title":"Prim\u0103ria Alba Iulia anun\u021b\u0103 efectuarea unor treceri de pietoni \u00een\u0103l\u021bate \u00een zona IPJ \u0219i Casa de Pensii - Revista Urbea Mea - Revista de Alba","twitter_description":"Reprezentan\u021bii Prim\u0103riei Alba Iulia anun\u021b\u0103\u00a0c\u0103 de joi se efectueaz\u0103 modific\u0103ri la trecerile de pietoni situate \u00een dreptul sediului IPJ Alba \u0219i cel al Casei","twitter_image":"https:\/\/urbeamea.ro\/albaiulia\/wp-content\/uploads\/2016\/09\/trecere-de-pietoni-1-1.jpg","twitter_creator":"@urbeameaweb","twitter_site":"@urbeameaweb","schema":{"@context":"https:\/\/schema.org","@graph":[{"@type":"Article","@id":"https:\/\/urbeamea.ro\/albaiulia\/primaria-alba-iulia-anunta-efectuarea-unor-treceri-de-pietoni-inaltate-in-zona-ipj-si-casa-de-pensii\/#article","isPartOf":{"@id":"https:\/\/urbeamea.ro\/albaiulia\/primaria-alba-iulia-anunta-efectuarea-unor-treceri-de-pietoni-inaltate-in-zona-ipj-si-casa-de-pensii\/"},"author":{"name":"Cristina Ganga","@id":"https:\/\/urbeamea.ro\/albaiulia\/#\/schema\/person\/9700d21fae21c4f038b0b56f4506264a"},"headline":"Prim\u0103ria Alba Iulia anun\u021b\u0103 efectuarea unor treceri de pietoni \u00een\u0103l\u021bate \u00een zona IPJ \u0219i Casa de Pensii","datePublished":"2016-09-08T13:14:23+00:00","dateModified":"2016-09-08T13:15:37+00:00","mainEntityOfPage":{"@id":"https:\/\/urbeamea.ro\/albaiulia\/primaria-alba-iulia-anunta-efectuarea-unor-treceri-de-pietoni-inaltate-in-zona-ipj-si-casa-de-pensii\/"},"wordCount":237,"commentCount":0,"image":{"@id":"https:\/\/urbeamea.ro\/albaiulia\/primaria-alba-iulia-anunta-efectuarea-unor-treceri-de-pietoni-inaltate-in-zona-ipj-si-casa-de-pensii\/#primaryimage"},"thumbnailUrl":"https:\/\/urbeamea.ro\/albaiulia\/wp-content\/uploads\/2016\/09\/trecere-de-pietoni-1-1.jpg","keywords":["Alba Iulia","casa judeteana de pensii","IPJ Alba","piata ion i.c. bratianu","primarie","stiri","strada tudor vladimirescu","strazi","treceri de pietoni inaltate","Urbea Mea"],"articleSection":["\u015etiri Urbane"],"inLanguage":"ro-RO","potentialAction":[{"@type":"CommentAction","name":"Comment","target":["https:\/\/urbeamea.ro\/albaiulia\/primaria-alba-iulia-anunta-efectuarea-unor-treceri-de-pietoni-inaltate-in-zona-ipj-si-casa-de-pensii\/#respond"]}]},{"@type":"WebPage","@id":"https:\/\/urbeamea.ro\/albaiulia\/primaria-alba-iulia-anunta-efectuarea-unor-treceri-de-pietoni-inaltate-in-zona-ipj-si-casa-de-pensii\/","url":"https:\/\/urbeamea.ro\/albaiulia\/primaria-alba-iulia-anunta-efectuarea-unor-treceri-de-pietoni-inaltate-in-zona-ipj-si-casa-de-pensii\/","name":"Prim\u0103ria Alba Iulia anun\u021b\u0103 efectuarea unor treceri de pietoni \u00een\u0103l\u021bate \u00een zona IPJ \u0219i Casa de Pensii - Revista Urbea Mea - Revista de Alba","isPartOf":{"@id":"https:\/\/urbeamea.ro\/albaiulia\/#website"},"primaryImageOfPage":{"@id":"https:\/\/urbeamea.ro\/albaiulia\/primaria-alba-iulia-anunta-efectuarea-unor-treceri-de-pietoni-inaltate-in-zona-ipj-si-casa-de-pensii\/#primaryimage"},"image":{"@id":"https:\/\/urbeamea.ro\/albaiulia\/primaria-alba-iulia-anunta-efectuarea-unor-treceri-de-pietoni-inaltate-in-zona-ipj-si-casa-de-pensii\/#primaryimage"},"thumbnailUrl":"https:\/\/urbeamea.ro\/albaiulia\/wp-content\/uploads\/2016\/09\/trecere-de-pietoni-1-1.jpg","datePublished":"2016-09-08T13:14:23+00:00","dateModified":"2016-09-08T13:15:37+00:00","author":{"@id":"https:\/\/urbeamea.ro\/albaiulia\/#\/schema\/person\/9700d21fae21c4f038b0b56f4506264a"},"description":"Reprezentan\u021bii Prim\u0103riei Alba Iulia anun\u021b\u0103\u00a0c\u0103 de joi se efectueaz\u0103 modific\u0103ri la trecerile de pietoni situate \u00een dreptul sediului IPJ Alba \u0219i cel al Casei","breadcrumb":{"@id":"https:\/\/urbeamea.ro\/albaiulia\/primaria-alba-iulia-anunta-efectuarea-unor-treceri-de-pietoni-inaltate-in-zona-ipj-si-casa-de-pensii\/#breadcrumb"},"inLanguage":"ro-RO","potentialAction":[{"@type":"ReadAction","target":["https:\/\/urbeamea.ro\/albaiulia\/primaria-alba-iulia-anunta-efectuarea-unor-treceri-de-pietoni-inaltate-in-zona-ipj-si-casa-de-pensii\/"]}]},{"@type":"ImageObject","inLanguage":"ro-RO","@id":"https:\/\/urbeamea.ro\/albaiulia\/primaria-alba-iulia-anunta-efectuarea-unor-treceri-de-pietoni-inaltate-in-zona-ipj-si-casa-de-pensii\/#primaryimage","url":"https:\/\/urbeamea.ro\/albaiulia\/wp-content\/uploads\/2016\/09\/trecere-de-pietoni-1-1.jpg","contentUrl":"https:\/\/urbeamea.ro\/albaiulia\/wp-content\/uploads\/2016\/09\/trecere-de-pietoni-1-1.jpg","width":1024,"height":768},{"@type":"BreadcrumbList","@id":"https:\/\/urbeamea.ro\/albaiulia\/primaria-alba-iulia-anunta-efectuarea-unor-treceri-de-pietoni-inaltate-in-zona-ipj-si-casa-de-pensii\/#breadcrumb","itemListElement":[{"@type":"ListItem","position":1,"name":"Prima pagin\u0103","item":"https:\/\/urbeamea.ro\/albaiulia\/"},{"@type":"ListItem","position":2,"name":"Prim\u0103ria Alba Iulia anun\u021b\u0103 efectuarea unor treceri de pietoni \u00een\u0103l\u021bate \u00een zona IPJ \u0219i Casa de Pensii"}]},{"@type":"WebSite","@id":"https:\/\/urbeamea.ro\/albaiulia\/#website","url":"https:\/\/urbeamea.ro\/albaiulia\/","name":"Revista Urbea Mea, Stiri urbane","description":"Evenimente \u0219i \u0219tiri din Alba Iulia, Sebe\u0219, Aiud, Blaj","potentialAction":[{"@type":"SearchAction","target":{"@type":"EntryPoint","urlTemplate":"https:\/\/urbeamea.ro\/albaiulia\/?s={search_term_string}"},"query-input":{"@type":"PropertyValueSpecification","valueRequired":true,"valueName":"search_term_string"}}],"inLanguage":"ro-RO"},{"@type":"Person","@id":"https:\/\/urbeamea.ro\/albaiulia\/#\/schema\/person\/9700d21fae21c4f038b0b56f4506264a","name":"Cristina Ganga","image":{"@type":"ImageObject","inLanguage":"ro-RO","@id":"https:\/\/secure.gravatar.com\/avatar\/5a67661041f057b4a8ccaf26f5a8e86e2689372006d01faf3dd9eeb10b654bb4?s=96&d=mm&r=g","url":"https:\/\/secure.gravatar.com\/avatar\/5a67661041f057b4a8ccaf26f5a8e86e2689372006d01faf3dd9eeb10b654bb4?s=96&d=mm&r=g","contentUrl":"https:\/\/secure.gravatar.com\/avatar\/5a67661041f057b4a8ccaf26f5a8e86e2689372006d01faf3dd9eeb10b654bb4?s=96&d=mm&r=g","caption":"Cristina Ganga"},"description":"Jurnalist","sameAs":["https:\/\/www.facebook.com\/cristina.nicola.587"],"url":"https:\/\/urbeamea.ro\/albaiulia\/author\/cristina-nicola\/"}]}},"_links":{"self":[{"href":"https:\/\/urbeamea.ro\/albaiulia\/wp-json\/wp\/v2\/posts\/31340","targetHints":{"allow":["GET"]}}],"collection":[{"href":"https:\/\/urbeamea.ro\/albaiulia\/wp-json\/wp\/v2\/posts"}],"about":[{"href":"https:\/\/urbeamea.ro\/albaiulia\/wp-json\/wp\/v2\/types\/post"}],"author":[{"embeddable":true,"href":"https:\/\/urbeamea.ro\/albaiulia\/wp-json\/wp\/v2\/users\/17"}],"replies":[{"embeddable":true,"href":"https:\/\/urbeamea.ro\/albaiulia\/wp-json\/wp\/v2\/comments?post=31340"}],"version-history":[{"count":0,"href":"https:\/\/urbeamea.ro\/albaiulia\/wp-json\/wp\/v2\/posts\/31340\/revisions"}],"wp:featuredmedia":[{"embeddable":true,"href":"https:\/\/urbeamea.ro\/albaiulia\/wp-json\/wp\/v2\/media\/31342"}],"wp:attachment":[{"href":"https:\/\/urbeamea.ro\/albaiulia\/wp-json\/wp\/v2\/media?parent=31340"}],"wp:term":[{"taxonomy":"category","embeddable":true,"href":"https:\/\/urbeamea.ro\/albaiulia\/wp-json\/wp\/v2\/categories?post=31340"},{"taxonomy":"post_tag","embeddable":true,"href":"https:\/\/urbeamea.ro\/albaiulia\/wp-json\/wp\/v2\/tags?post=31340"}],"curies":[{"name":"wp","href":"https:\/\/api.w.org\/{rel}","templated":true}]}}