{"id":31461,"date":"2016-09-10T11:07:03","date_gmt":"2016-09-10T08:07:03","guid":{"rendered":"http:\/\/urbeamea.ro\/albaiulia\/?p=31461"},"modified":"2016-09-10T11:07:03","modified_gmt":"2016-09-10T08:07:03","slug":"foto-seara-magica-in-catedrala-romano-catolica-vioara-marelui-george-enescu-a-emotionat-zeci-de-albaiulieni","status":"publish","type":"post","link":"https:\/\/urbeamea.ro\/albaiulia\/foto-seara-magica-in-catedrala-romano-catolica-vioara-marelui-george-enescu-a-emotionat-zeci-de-albaiulieni\/","title":{"rendered":"FOTO: Sear\u0103 magic\u0103 \u00een Catedrala Romano-Catolic\u0103. Vioara marelui George Enescu a emo\u021bionat zeci de albaiulieni"},"content":{"rendered":"<p><strong><img loading=\"lazy\" decoding=\"async\" class=\"alignleft size-medium wp-image-31471\" src=\"http:\/\/urbeamea.ro\/albaiulia\/wp-content\/uploads\/2016\/09\/IMG_3637-300x200.jpg\" alt=\"IMG_3637\" width=\"300\" height=\"200\" \/>Vioara Guarnieri, ce a apar\u021binut marelui George Enescu, a r\u0103sunat, vineri, \u00een Catedrala \u201dSf\u00e2ntul Mihail\u201d din Alba Iulia. Zeci de albaiulieni au vibrat pe acordurile pline de emo\u021bie, ale muzicii clasice, \u00eentr-o interpretare de excep\u021bie a violonistului George Croitoru \u0219i a pianistului Horia Mihail.<\/strong><\/p>\n<p>Vioara Guarneri, numit\u0103 \u0219i \u201cCatedrala\u201d, \u0219i-a etalat acordurile impun\u0103toare, \u00eentr-un spectacol care a dep\u0103\u0219it deja ca faim\u0103 grani\u021bele Rom\u00e2niei. Gabriel Croitoru al\u0103turi de pianistul Horia Mihail, au tradus sunetul viorii lui Enescu la Alba Iulia \u00een acorduri seduc\u0103toare \u0219i emo\u021bionante.<\/p>\n<p>\u201eVioara Guarnieri \u2013 cunoscuta si sub numele de \u201eCatedrala\u201d, pentru acordurile sale impunatoare \u2013 dateaza din 1731 \u0219i poart\u0103 semn\u0103tura lui Giuseppe Antonio Guarnieri (del Gesu), unul dintre cei mai notorii lutieri cremonezi. Aceast\u0103 origine \u00eei justific\u0103 valoarea, comparabila doar cu instrumentele realizate de Stradivari. Vioara a fost cump\u0103rat\u0103 de George Enescu, din fonduri proprii, marele compozitor \u0219i violonist rom\u00e2n prefer\u00e2nd instrumentul Guarnieri unui Stradivarius, cumpar\u0103t \u00een 1898 de Ministerul Instructiunii Publice, condus, pa atunci, de Spiru Haret.<\/p>\n<p>Dup\u0103 moartea lui Enescu, so\u021bia sa, Maria Cantacuzino Enescu, a donat statului rom\u00e2n at\u00e2t Palatul Cantacuzino, c\u00e2t \u0219i obiectele personale care au apar\u021binut maestrului, \u0219i care pot fi v\u0103zute la muzeul de pe Calea Victoriei. Printre acestea se num\u0103r\u0103 \u0219i cele cinci instrumente cu corzi, dintre care cea mai valoroas\u0103 este vioara Guarnieri. Trei dintre cele cinci viori, au at\u00e2t o valoare deosebita ca instrumente de excep\u021bie, c\u00e2t \u0219i o valoare istorica, recunoscuta, \u0219i reprezint\u0103 bunuri ale patrimoniului na\u021bional. \u00cen chip de omagiu simbolic, toate aceste instrumente au fost donate de c\u0103tre so\u021bia muzicianului, Maria Cantacuzino Enescu, odat\u0103 a cu \u00eenfiin\u021barea muzeului \u201eGeorge Enescu\u201d, \u00een 1956.<\/p>\n<p>De la moartea lui George Enescu, niciun alt violonist nu a mai c\u00e2ntat la vioara Guarnieri, aceasta fiind p\u0103strata \u00een condi\u021bii de siguran\u021b\u0103, la Bucure\u0219ti, p\u00e2n\u0103 \u00een anul 2008 c\u00e2nd magnificul instrument, \u201eCatedrala\u201d, a revenit \u00een circuitul concertistic, fiind data \u00een folosin\u021b\u0103, pentru o perioada de trei ani, violonistului Gabriel Croitoru. Evenimentul a avut loc \u00een urma unui concurs al Ministerului Culturii \u0219i Cultelor, organizat \u00eempreun\u0103 cu\u00a0Muzeul National \u201eGeorge Enescu\u201d. Organizatorii au \u00een\u021beles importanta valorific\u0103rii Viorii Guarnieri, las\u00e2nd-o s\u0103-\u0219i continue destinul nobil pentru care a fost proiectata.<\/p>\n<p>\u00cenainte de a fi intrat \u00een cirsuitul artistic \u0219i, implicit, \u00een posesia lui Gabriel Croitoru, vioara Guarnieri a fost reparata la Cluj, de lutierul Pavel Onoaie, care a atestat ca instrumentul nu \u0219i-a pierdut niciun\u0103 din calit\u0103\u021bile ini\u021biale. Totodat\u0103, evaluatorul agreat de Ministerul Culturii, Cezar Marin, a estimat valoarea viorii la dou\u0103 milioane de dolari.<\/p>\n<p>Concursul organizat pentru c\u00e2\u0219tigarea viorii Guarnieri s-a adresat violoni\u0219tilor rom\u00e2ni, cu v\u00e2rsta de p\u00e2n\u0103 \u00een 45 de ani, absolven\u021bi ai institu\u021biilor de \u00eenv\u0103\u021bam\u00e2nt superior de specialitate, care au putut face dovada unei importante cariere solistice na\u021bionale \u0219i interna\u021bionale. Repertoriul impus \u00een concurs, care s-a vrut a fi un omagiu adus lui Enescu, a cuprins \u201eSonata a III-a pentru pian \u0219i vioara\u201d de George Enescu, \u201eSonata\u201d de C. Franck, \u201eSonata no. 3\u201d de E. Ysaye, \u201ePoemul\u201d de E. Chausson, \u201eConcertul pentru vioara si orchestra\u201d de Beethoven, \u201eConcertul pentru vioara si orchestra\u201d de Brahms, \u201eConcertul pentru vioara si orchestra\u201d de Ceaikovski, \u201eConcertul pentru vioara si orchestra\u201d de Sibelius.<\/p>\n<p>Gabriel Croitoru a fost audiat de un juriu format din: violonistul \u0218tefan Gheorghiu, violonistul Daniel Podlovschi, violoncelistul Marin Cazacu, dirijorul Horia Andreescu si Laura Manolache, directorul Muzeului \u201eGeorge Enescu\u201d. El a impresionat juriul, c\u00e2stig\u00e2nd concursul organizat la Palatul Cantacuzino, actualul sediu al Muzeului \u201eGeorge Enescu\u201d din Bucuresti, cu unanimitate de voturi, si a primit spre folosinta vioara Guarnieri, \u00een baza unui contract si a unui Regulament, pentru o perioada de trei ani.<\/p>\n<p>&nbsp;<\/p>\n<p>Foto: <a href=\"https:\/\/www.facebook.com\/ionut.vaidean?fref=ts\">Ionu\u021b V\u0103idean<\/a><\/p>\n<div id='gallery-1' class='gallery galleryid-31461 gallery-columns-3 gallery-size-thumbnail'><figure class='gallery-item'>\n\t\t\t<div class='gallery-icon landscape'>\n\t\t\t\t<a href='https:\/\/urbeamea.ro\/albaiulia\/foto-seara-magica-in-catedrala-romano-catolica-vioara-marelui-george-enescu-a-emotionat-zeci-de-albaiulieni\/img_3606\/'><img decoding=\"async\" width=\"150\" height=\"100\" src=\"data:image\/png;base64,iVBORw0KGgoAAAANSUhEUgAAAYYAAADcAQMAAABOLJSDAAAAA1BMVEUAAACnej3aAAAAAXRSTlMAQObYZgAAACJJREFUaIHtwTEBAAAAwqD1T20ND6AAAAAAAAAAAAAA4N8AKvgAAUFIrrEAAAAASUVORK5CYII=\" class=\"attachment-thumbnail size-thumbnail lazy-img\" alt=\"\" srcset=\"https:\/\/urbeamea.ro\/albaiulia\/wp-content\/uploads\/2016\/09\/IMG_3606-150x100.jpg 150w, https:\/\/urbeamea.ro\/albaiulia\/wp-content\/uploads\/2016\/09\/IMG_3606-300x200.jpg 300w, https:\/\/urbeamea.ro\/albaiulia\/wp-content\/uploads\/2016\/09\/IMG_3606-768x512.jpg 768w, https:\/\/urbeamea.ro\/albaiulia\/wp-content\/uploads\/2016\/09\/IMG_3606.jpg 1024w\" sizes=\"auto, (max-width: 150px) 100vw, 150px\" data-src=\"https:\/\/urbeamea.ro\/albaiulia\/wp-content\/uploads\/2016\/09\/IMG_3606-150x100.jpg\" loading=\"lazy\" \/><\/a>\n\t\t\t<\/div><\/figure><figure class='gallery-item'>\n\t\t\t<div class='gallery-icon landscape'>\n\t\t\t\t<a href='https:\/\/urbeamea.ro\/albaiulia\/foto-seara-magica-in-catedrala-romano-catolica-vioara-marelui-george-enescu-a-emotionat-zeci-de-albaiulieni\/img_3610\/'><img decoding=\"async\" width=\"150\" height=\"100\" src=\"data:image\/png;base64,iVBORw0KGgoAAAANSUhEUgAAAYYAAADcAQMAAABOLJSDAAAAA1BMVEUAAACnej3aAAAAAXRSTlMAQObYZgAAACJJREFUaIHtwTEBAAAAwqD1T20ND6AAAAAAAAAAAAAA4N8AKvgAAUFIrrEAAAAASUVORK5CYII=\" class=\"attachment-thumbnail size-thumbnail lazy-img\" alt=\"\" srcset=\"https:\/\/urbeamea.ro\/albaiulia\/wp-content\/uploads\/2016\/09\/IMG_3610-150x100.jpg 150w, https:\/\/urbeamea.ro\/albaiulia\/wp-content\/uploads\/2016\/09\/IMG_3610-300x200.jpg 300w, https:\/\/urbeamea.ro\/albaiulia\/wp-content\/uploads\/2016\/09\/IMG_3610-768x512.jpg 768w, https:\/\/urbeamea.ro\/albaiulia\/wp-content\/uploads\/2016\/09\/IMG_3610.jpg 1024w\" sizes=\"auto, (max-width: 150px) 100vw, 150px\" data-src=\"https:\/\/urbeamea.ro\/albaiulia\/wp-content\/uploads\/2016\/09\/IMG_3610-150x100.jpg\" loading=\"lazy\" \/><\/a>\n\t\t\t<\/div><\/figure><figure class='gallery-item'>\n\t\t\t<div class='gallery-icon landscape'>\n\t\t\t\t<a href='https:\/\/urbeamea.ro\/albaiulia\/foto-seara-magica-in-catedrala-romano-catolica-vioara-marelui-george-enescu-a-emotionat-zeci-de-albaiulieni\/img_3617\/'><img decoding=\"async\" width=\"150\" height=\"100\" src=\"data:image\/png;base64,iVBORw0KGgoAAAANSUhEUgAAAYYAAADcAQMAAABOLJSDAAAAA1BMVEUAAACnej3aAAAAAXRSTlMAQObYZgAAACJJREFUaIHtwTEBAAAAwqD1T20ND6AAAAAAAAAAAAAA4N8AKvgAAUFIrrEAAAAASUVORK5CYII=\" class=\"attachment-thumbnail size-thumbnail lazy-img\" alt=\"\" srcset=\"https:\/\/urbeamea.ro\/albaiulia\/wp-content\/uploads\/2016\/09\/IMG_3617-150x100.jpg 150w, https:\/\/urbeamea.ro\/albaiulia\/wp-content\/uploads\/2016\/09\/IMG_3617-300x200.jpg 300w, https:\/\/urbeamea.ro\/albaiulia\/wp-content\/uploads\/2016\/09\/IMG_3617-768x512.jpg 768w, https:\/\/urbeamea.ro\/albaiulia\/wp-content\/uploads\/2016\/09\/IMG_3617.jpg 1024w\" sizes=\"auto, (max-width: 150px) 100vw, 150px\" data-src=\"https:\/\/urbeamea.ro\/albaiulia\/wp-content\/uploads\/2016\/09\/IMG_3617-150x100.jpg\" loading=\"lazy\" \/><\/a>\n\t\t\t<\/div><\/figure><figure class='gallery-item'>\n\t\t\t<div class='gallery-icon landscape'>\n\t\t\t\t<a href='https:\/\/urbeamea.ro\/albaiulia\/foto-seara-magica-in-catedrala-romano-catolica-vioara-marelui-george-enescu-a-emotionat-zeci-de-albaiulieni\/img_3620\/'><img decoding=\"async\" width=\"150\" height=\"100\" src=\"data:image\/png;base64,iVBORw0KGgoAAAANSUhEUgAAAYYAAADcAQMAAABOLJSDAAAAA1BMVEUAAACnej3aAAAAAXRSTlMAQObYZgAAACJJREFUaIHtwTEBAAAAwqD1T20ND6AAAAAAAAAAAAAA4N8AKvgAAUFIrrEAAAAASUVORK5CYII=\" class=\"attachment-thumbnail size-thumbnail lazy-img\" alt=\"\" srcset=\"https:\/\/urbeamea.ro\/albaiulia\/wp-content\/uploads\/2016\/09\/IMG_3620-150x100.jpg 150w, https:\/\/urbeamea.ro\/albaiulia\/wp-content\/uploads\/2016\/09\/IMG_3620-300x200.jpg 300w, https:\/\/urbeamea.ro\/albaiulia\/wp-content\/uploads\/2016\/09\/IMG_3620-768x512.jpg 768w, https:\/\/urbeamea.ro\/albaiulia\/wp-content\/uploads\/2016\/09\/IMG_3620.jpg 1024w\" sizes=\"auto, (max-width: 150px) 100vw, 150px\" data-src=\"https:\/\/urbeamea.ro\/albaiulia\/wp-content\/uploads\/2016\/09\/IMG_3620-150x100.jpg\" loading=\"lazy\" \/><\/a>\n\t\t\t<\/div><\/figure><figure class='gallery-item'>\n\t\t\t<div class='gallery-icon landscape'>\n\t\t\t\t<a href='https:\/\/urbeamea.ro\/albaiulia\/foto-seara-magica-in-catedrala-romano-catolica-vioara-marelui-george-enescu-a-emotionat-zeci-de-albaiulieni\/img_3625\/'><img decoding=\"async\" width=\"150\" height=\"100\" src=\"data:image\/png;base64,iVBORw0KGgoAAAANSUhEUgAAAYYAAADcAQMAAABOLJSDAAAAA1BMVEUAAACnej3aAAAAAXRSTlMAQObYZgAAACJJREFUaIHtwTEBAAAAwqD1T20ND6AAAAAAAAAAAAAA4N8AKvgAAUFIrrEAAAAASUVORK5CYII=\" class=\"attachment-thumbnail size-thumbnail lazy-img\" alt=\"\" srcset=\"https:\/\/urbeamea.ro\/albaiulia\/wp-content\/uploads\/2016\/09\/IMG_3625-150x100.jpg 150w, https:\/\/urbeamea.ro\/albaiulia\/wp-content\/uploads\/2016\/09\/IMG_3625-300x200.jpg 300w, https:\/\/urbeamea.ro\/albaiulia\/wp-content\/uploads\/2016\/09\/IMG_3625-768x512.jpg 768w, https:\/\/urbeamea.ro\/albaiulia\/wp-content\/uploads\/2016\/09\/IMG_3625.jpg 1024w\" sizes=\"auto, (max-width: 150px) 100vw, 150px\" data-src=\"https:\/\/urbeamea.ro\/albaiulia\/wp-content\/uploads\/2016\/09\/IMG_3625-150x100.jpg\" loading=\"lazy\" \/><\/a>\n\t\t\t<\/div><\/figure><figure class='gallery-item'>\n\t\t\t<div class='gallery-icon portrait'>\n\t\t\t\t<a href='https:\/\/urbeamea.ro\/albaiulia\/foto-seara-magica-in-catedrala-romano-catolica-vioara-marelui-george-enescu-a-emotionat-zeci-de-albaiulieni\/img_3628\/'><img decoding=\"async\" width=\"100\" height=\"150\" src=\"data:image\/png;base64,iVBORw0KGgoAAAANSUhEUgAAAYYAAADcAQMAAABOLJSDAAAAA1BMVEUAAACnej3aAAAAAXRSTlMAQObYZgAAACJJREFUaIHtwTEBAAAAwqD1T20ND6AAAAAAAAAAAAAA4N8AKvgAAUFIrrEAAAAASUVORK5CYII=\" class=\"attachment-thumbnail size-thumbnail lazy-img\" alt=\"\" srcset=\"https:\/\/urbeamea.ro\/albaiulia\/wp-content\/uploads\/2016\/09\/IMG_3628-100x150.jpg 100w, https:\/\/urbeamea.ro\/albaiulia\/wp-content\/uploads\/2016\/09\/IMG_3628-200x300.jpg 200w, https:\/\/urbeamea.ro\/albaiulia\/wp-content\/uploads\/2016\/09\/IMG_3628-768x1152.jpg 768w, https:\/\/urbeamea.ro\/albaiulia\/wp-content\/uploads\/2016\/09\/IMG_3628-682x1024.jpg 682w, https:\/\/urbeamea.ro\/albaiulia\/wp-content\/uploads\/2016\/09\/IMG_3628.jpg 853w\" sizes=\"auto, (max-width: 100px) 100vw, 100px\" data-src=\"https:\/\/urbeamea.ro\/albaiulia\/wp-content\/uploads\/2016\/09\/IMG_3628-100x150.jpg\" loading=\"lazy\" \/><\/a>\n\t\t\t<\/div><\/figure><figure class='gallery-item'>\n\t\t\t<div class='gallery-icon landscape'>\n\t\t\t\t<a href='https:\/\/urbeamea.ro\/albaiulia\/foto-seara-magica-in-catedrala-romano-catolica-vioara-marelui-george-enescu-a-emotionat-zeci-de-albaiulieni\/img_3629\/'><img decoding=\"async\" width=\"150\" height=\"100\" src=\"data:image\/png;base64,iVBORw0KGgoAAAANSUhEUgAAAYYAAADcAQMAAABOLJSDAAAAA1BMVEUAAACnej3aAAAAAXRSTlMAQObYZgAAACJJREFUaIHtwTEBAAAAwqD1T20ND6AAAAAAAAAAAAAA4N8AKvgAAUFIrrEAAAAASUVORK5CYII=\" class=\"attachment-thumbnail size-thumbnail lazy-img\" alt=\"\" srcset=\"https:\/\/urbeamea.ro\/albaiulia\/wp-content\/uploads\/2016\/09\/IMG_3629-150x100.jpg 150w, https:\/\/urbeamea.ro\/albaiulia\/wp-content\/uploads\/2016\/09\/IMG_3629-300x200.jpg 300w, https:\/\/urbeamea.ro\/albaiulia\/wp-content\/uploads\/2016\/09\/IMG_3629-768x512.jpg 768w, https:\/\/urbeamea.ro\/albaiulia\/wp-content\/uploads\/2016\/09\/IMG_3629.jpg 1024w\" sizes=\"auto, (max-width: 150px) 100vw, 150px\" data-src=\"https:\/\/urbeamea.ro\/albaiulia\/wp-content\/uploads\/2016\/09\/IMG_3629-150x100.jpg\" loading=\"lazy\" \/><\/a>\n\t\t\t<\/div><\/figure><figure class='gallery-item'>\n\t\t\t<div class='gallery-icon landscape'>\n\t\t\t\t<a href='https:\/\/urbeamea.ro\/albaiulia\/foto-seara-magica-in-catedrala-romano-catolica-vioara-marelui-george-enescu-a-emotionat-zeci-de-albaiulieni\/img_3630\/'><img decoding=\"async\" width=\"150\" height=\"100\" src=\"data:image\/png;base64,iVBORw0KGgoAAAANSUhEUgAAAYYAAADcAQMAAABOLJSDAAAAA1BMVEUAAACnej3aAAAAAXRSTlMAQObYZgAAACJJREFUaIHtwTEBAAAAwqD1T20ND6AAAAAAAAAAAAAA4N8AKvgAAUFIrrEAAAAASUVORK5CYII=\" class=\"attachment-thumbnail size-thumbnail lazy-img\" alt=\"\" srcset=\"https:\/\/urbeamea.ro\/albaiulia\/wp-content\/uploads\/2016\/09\/IMG_3630-150x100.jpg 150w, https:\/\/urbeamea.ro\/albaiulia\/wp-content\/uploads\/2016\/09\/IMG_3630-300x200.jpg 300w, https:\/\/urbeamea.ro\/albaiulia\/wp-content\/uploads\/2016\/09\/IMG_3630-768x512.jpg 768w, https:\/\/urbeamea.ro\/albaiulia\/wp-content\/uploads\/2016\/09\/IMG_3630.jpg 1024w\" sizes=\"auto, (max-width: 150px) 100vw, 150px\" data-src=\"https:\/\/urbeamea.ro\/albaiulia\/wp-content\/uploads\/2016\/09\/IMG_3630-150x100.jpg\" loading=\"lazy\" \/><\/a>\n\t\t\t<\/div><\/figure><figure class='gallery-item'>\n\t\t\t<div class='gallery-icon landscape'>\n\t\t\t\t<a href='https:\/\/urbeamea.ro\/albaiulia\/foto-seara-magica-in-catedrala-romano-catolica-vioara-marelui-george-enescu-a-emotionat-zeci-de-albaiulieni\/img_3637\/'><img decoding=\"async\" width=\"150\" height=\"100\" src=\"data:image\/png;base64,iVBORw0KGgoAAAANSUhEUgAAAYYAAADcAQMAAABOLJSDAAAAA1BMVEUAAACnej3aAAAAAXRSTlMAQObYZgAAACJJREFUaIHtwTEBAAAAwqD1T20ND6AAAAAAAAAAAAAA4N8AKvgAAUFIrrEAAAAASUVORK5CYII=\" class=\"attachment-thumbnail size-thumbnail lazy-img\" alt=\"\" srcset=\"https:\/\/urbeamea.ro\/albaiulia\/wp-content\/uploads\/2016\/09\/IMG_3637-150x100.jpg 150w, https:\/\/urbeamea.ro\/albaiulia\/wp-content\/uploads\/2016\/09\/IMG_3637-640x427.jpg 640w, https:\/\/urbeamea.ro\/albaiulia\/wp-content\/uploads\/2016\/09\/IMG_3637-768x512.jpg 768w, https:\/\/urbeamea.ro\/albaiulia\/wp-content\/uploads\/2016\/09\/IMG_3637.jpg 1024w\" sizes=\"auto, (max-width: 150px) 100vw, 150px\" data-src=\"https:\/\/urbeamea.ro\/albaiulia\/wp-content\/uploads\/2016\/09\/IMG_3637-150x100.jpg\" loading=\"lazy\" \/><\/a>\n\t\t\t<\/div><\/figure><figure class='gallery-item'>\n\t\t\t<div class='gallery-icon landscape'>\n\t\t\t\t<a href='https:\/\/urbeamea.ro\/albaiulia\/foto-seara-magica-in-catedrala-romano-catolica-vioara-marelui-george-enescu-a-emotionat-zeci-de-albaiulieni\/img_3638\/'><img decoding=\"async\" width=\"150\" height=\"100\" src=\"data:image\/png;base64,iVBORw0KGgoAAAANSUhEUgAAAYYAAADcAQMAAABOLJSDAAAAA1BMVEUAAACnej3aAAAAAXRSTlMAQObYZgAAACJJREFUaIHtwTEBAAAAwqD1T20ND6AAAAAAAAAAAAAA4N8AKvgAAUFIrrEAAAAASUVORK5CYII=\" class=\"attachment-thumbnail size-thumbnail lazy-img\" alt=\"\" srcset=\"https:\/\/urbeamea.ro\/albaiulia\/wp-content\/uploads\/2016\/09\/IMG_3638-150x100.jpg 150w, https:\/\/urbeamea.ro\/albaiulia\/wp-content\/uploads\/2016\/09\/IMG_3638-300x200.jpg 300w, https:\/\/urbeamea.ro\/albaiulia\/wp-content\/uploads\/2016\/09\/IMG_3638-768x512.jpg 768w, https:\/\/urbeamea.ro\/albaiulia\/wp-content\/uploads\/2016\/09\/IMG_3638.jpg 1024w\" sizes=\"auto, (max-width: 150px) 100vw, 150px\" data-src=\"https:\/\/urbeamea.ro\/albaiulia\/wp-content\/uploads\/2016\/09\/IMG_3638-150x100.jpg\" loading=\"lazy\" \/><\/a>\n\t\t\t<\/div><\/figure><figure class='gallery-item'>\n\t\t\t<div class='gallery-icon landscape'>\n\t\t\t\t<a href='https:\/\/urbeamea.ro\/albaiulia\/foto-seara-magica-in-catedrala-romano-catolica-vioara-marelui-george-enescu-a-emotionat-zeci-de-albaiulieni\/img_3647\/'><img decoding=\"async\" width=\"150\" height=\"100\" src=\"data:image\/png;base64,iVBORw0KGgoAAAANSUhEUgAAAYYAAADcAQMAAABOLJSDAAAAA1BMVEUAAACnej3aAAAAAXRSTlMAQObYZgAAACJJREFUaIHtwTEBAAAAwqD1T20ND6AAAAAAAAAAAAAA4N8AKvgAAUFIrrEAAAAASUVORK5CYII=\" class=\"attachment-thumbnail size-thumbnail lazy-img\" alt=\"\" srcset=\"https:\/\/urbeamea.ro\/albaiulia\/wp-content\/uploads\/2016\/09\/IMG_3647-150x100.jpg 150w, https:\/\/urbeamea.ro\/albaiulia\/wp-content\/uploads\/2016\/09\/IMG_3647-300x200.jpg 300w, https:\/\/urbeamea.ro\/albaiulia\/wp-content\/uploads\/2016\/09\/IMG_3647-768x512.jpg 768w, https:\/\/urbeamea.ro\/albaiulia\/wp-content\/uploads\/2016\/09\/IMG_3647.jpg 1024w\" sizes=\"auto, (max-width: 150px) 100vw, 150px\" data-src=\"https:\/\/urbeamea.ro\/albaiulia\/wp-content\/uploads\/2016\/09\/IMG_3647-150x100.jpg\" loading=\"lazy\" \/><\/a>\n\t\t\t<\/div><\/figure><figure class='gallery-item'>\n\t\t\t<div class='gallery-icon landscape'>\n\t\t\t\t<a href='https:\/\/urbeamea.ro\/albaiulia\/foto-seara-magica-in-catedrala-romano-catolica-vioara-marelui-george-enescu-a-emotionat-zeci-de-albaiulieni\/img_3648\/'><img decoding=\"async\" width=\"150\" height=\"100\" src=\"data:image\/png;base64,iVBORw0KGgoAAAANSUhEUgAAAYYAAADcAQMAAABOLJSDAAAAA1BMVEUAAACnej3aAAAAAXRSTlMAQObYZgAAACJJREFUaIHtwTEBAAAAwqD1T20ND6AAAAAAAAAAAAAA4N8AKvgAAUFIrrEAAAAASUVORK5CYII=\" class=\"attachment-thumbnail size-thumbnail lazy-img\" alt=\"\" srcset=\"https:\/\/urbeamea.ro\/albaiulia\/wp-content\/uploads\/2016\/09\/IMG_3648-150x100.jpg 150w, https:\/\/urbeamea.ro\/albaiulia\/wp-content\/uploads\/2016\/09\/IMG_3648-300x200.jpg 300w, https:\/\/urbeamea.ro\/albaiulia\/wp-content\/uploads\/2016\/09\/IMG_3648-768x512.jpg 768w, https:\/\/urbeamea.ro\/albaiulia\/wp-content\/uploads\/2016\/09\/IMG_3648.jpg 1024w\" sizes=\"auto, (max-width: 150px) 100vw, 150px\" data-src=\"https:\/\/urbeamea.ro\/albaiulia\/wp-content\/uploads\/2016\/09\/IMG_3648-150x100.jpg\" loading=\"lazy\" \/><\/a>\n\t\t\t<\/div><\/figure><figure class='gallery-item'>\n\t\t\t<div class='gallery-icon portrait'>\n\t\t\t\t<a href='https:\/\/urbeamea.ro\/albaiulia\/foto-seara-magica-in-catedrala-romano-catolica-vioara-marelui-george-enescu-a-emotionat-zeci-de-albaiulieni\/img_3649\/'><img decoding=\"async\" width=\"100\" height=\"150\" src=\"data:image\/png;base64,iVBORw0KGgoAAAANSUhEUgAAAYYAAADcAQMAAABOLJSDAAAAA1BMVEUAAACnej3aAAAAAXRSTlMAQObYZgAAACJJREFUaIHtwTEBAAAAwqD1T20ND6AAAAAAAAAAAAAA4N8AKvgAAUFIrrEAAAAASUVORK5CYII=\" class=\"attachment-thumbnail size-thumbnail lazy-img\" alt=\"\" srcset=\"https:\/\/urbeamea.ro\/albaiulia\/wp-content\/uploads\/2016\/09\/IMG_3649-100x150.jpg 100w, https:\/\/urbeamea.ro\/albaiulia\/wp-content\/uploads\/2016\/09\/IMG_3649-200x300.jpg 200w, https:\/\/urbeamea.ro\/albaiulia\/wp-content\/uploads\/2016\/09\/IMG_3649-768x1152.jpg 768w, https:\/\/urbeamea.ro\/albaiulia\/wp-content\/uploads\/2016\/09\/IMG_3649-682x1024.jpg 682w, https:\/\/urbeamea.ro\/albaiulia\/wp-content\/uploads\/2016\/09\/IMG_3649.jpg 853w\" sizes=\"auto, (max-width: 100px) 100vw, 100px\" data-src=\"https:\/\/urbeamea.ro\/albaiulia\/wp-content\/uploads\/2016\/09\/IMG_3649-100x150.jpg\" loading=\"lazy\" \/><\/a>\n\t\t\t<\/div><\/figure><figure class='gallery-item'>\n\t\t\t<div class='gallery-icon landscape'>\n\t\t\t\t<a href='https:\/\/urbeamea.ro\/albaiulia\/foto-seara-magica-in-catedrala-romano-catolica-vioara-marelui-george-enescu-a-emotionat-zeci-de-albaiulieni\/img_3654\/'><img decoding=\"async\" width=\"150\" height=\"100\" src=\"data:image\/png;base64,iVBORw0KGgoAAAANSUhEUgAAAYYAAADcAQMAAABOLJSDAAAAA1BMVEUAAACnej3aAAAAAXRSTlMAQObYZgAAACJJREFUaIHtwTEBAAAAwqD1T20ND6AAAAAAAAAAAAAA4N8AKvgAAUFIrrEAAAAASUVORK5CYII=\" class=\"attachment-thumbnail size-thumbnail lazy-img\" alt=\"\" srcset=\"https:\/\/urbeamea.ro\/albaiulia\/wp-content\/uploads\/2016\/09\/IMG_3654-150x100.jpg 150w, https:\/\/urbeamea.ro\/albaiulia\/wp-content\/uploads\/2016\/09\/IMG_3654-300x200.jpg 300w, https:\/\/urbeamea.ro\/albaiulia\/wp-content\/uploads\/2016\/09\/IMG_3654-768x512.jpg 768w, https:\/\/urbeamea.ro\/albaiulia\/wp-content\/uploads\/2016\/09\/IMG_3654.jpg 1024w\" sizes=\"auto, (max-width: 150px) 100vw, 150px\" data-src=\"https:\/\/urbeamea.ro\/albaiulia\/wp-content\/uploads\/2016\/09\/IMG_3654-150x100.jpg\" loading=\"lazy\" \/><\/a>\n\t\t\t<\/div><\/figure><figure class='gallery-item'>\n\t\t\t<div class='gallery-icon landscape'>\n\t\t\t\t<a href='https:\/\/urbeamea.ro\/albaiulia\/foto-seara-magica-in-catedrala-romano-catolica-vioara-marelui-george-enescu-a-emotionat-zeci-de-albaiulieni\/img_3656\/'><img decoding=\"async\" width=\"150\" height=\"100\" src=\"data:image\/png;base64,iVBORw0KGgoAAAANSUhEUgAAAYYAAADcAQMAAABOLJSDAAAAA1BMVEUAAACnej3aAAAAAXRSTlMAQObYZgAAACJJREFUaIHtwTEBAAAAwqD1T20ND6AAAAAAAAAAAAAA4N8AKvgAAUFIrrEAAAAASUVORK5CYII=\" class=\"attachment-thumbnail size-thumbnail lazy-img\" alt=\"\" srcset=\"https:\/\/urbeamea.ro\/albaiulia\/wp-content\/uploads\/2016\/09\/IMG_3656-150x100.jpg 150w, https:\/\/urbeamea.ro\/albaiulia\/wp-content\/uploads\/2016\/09\/IMG_3656-300x200.jpg 300w, https:\/\/urbeamea.ro\/albaiulia\/wp-content\/uploads\/2016\/09\/IMG_3656-768x512.jpg 768w, https:\/\/urbeamea.ro\/albaiulia\/wp-content\/uploads\/2016\/09\/IMG_3656.jpg 1024w\" sizes=\"auto, (max-width: 150px) 100vw, 150px\" data-src=\"https:\/\/urbeamea.ro\/albaiulia\/wp-content\/uploads\/2016\/09\/IMG_3656-150x100.jpg\" loading=\"lazy\" \/><\/a>\n\t\t\t<\/div><\/figure><figure class='gallery-item'>\n\t\t\t<div class='gallery-icon landscape'>\n\t\t\t\t<a href='https:\/\/urbeamea.ro\/albaiulia\/foto-seara-magica-in-catedrala-romano-catolica-vioara-marelui-george-enescu-a-emotionat-zeci-de-albaiulieni\/img_3661\/'><img decoding=\"async\" width=\"150\" height=\"100\" src=\"data:image\/png;base64,iVBORw0KGgoAAAANSUhEUgAAAYYAAADcAQMAAABOLJSDAAAAA1BMVEUAAACnej3aAAAAAXRSTlMAQObYZgAAACJJREFUaIHtwTEBAAAAwqD1T20ND6AAAAAAAAAAAAAA4N8AKvgAAUFIrrEAAAAASUVORK5CYII=\" class=\"attachment-thumbnail size-thumbnail lazy-img\" alt=\"\" srcset=\"https:\/\/urbeamea.ro\/albaiulia\/wp-content\/uploads\/2016\/09\/IMG_3661-150x100.jpg 150w, https:\/\/urbeamea.ro\/albaiulia\/wp-content\/uploads\/2016\/09\/IMG_3661-300x200.jpg 300w, https:\/\/urbeamea.ro\/albaiulia\/wp-content\/uploads\/2016\/09\/IMG_3661-768x512.jpg 768w, https:\/\/urbeamea.ro\/albaiulia\/wp-content\/uploads\/2016\/09\/IMG_3661.jpg 1024w\" sizes=\"auto, (max-width: 150px) 100vw, 150px\" data-src=\"https:\/\/urbeamea.ro\/albaiulia\/wp-content\/uploads\/2016\/09\/IMG_3661-150x100.jpg\" loading=\"lazy\" \/><\/a>\n\t\t\t<\/div><\/figure><figure class='gallery-item'>\n\t\t\t<div class='gallery-icon portrait'>\n\t\t\t\t<a href='https:\/\/urbeamea.ro\/albaiulia\/foto-seara-magica-in-catedrala-romano-catolica-vioara-marelui-george-enescu-a-emotionat-zeci-de-albaiulieni\/img_3664\/'><img decoding=\"async\" width=\"100\" height=\"150\" src=\"data:image\/png;base64,iVBORw0KGgoAAAANSUhEUgAAAYYAAADcAQMAAABOLJSDAAAAA1BMVEUAAACnej3aAAAAAXRSTlMAQObYZgAAACJJREFUaIHtwTEBAAAAwqD1T20ND6AAAAAAAAAAAAAA4N8AKvgAAUFIrrEAAAAASUVORK5CYII=\" class=\"attachment-thumbnail size-thumbnail lazy-img\" alt=\"\" srcset=\"https:\/\/urbeamea.ro\/albaiulia\/wp-content\/uploads\/2016\/09\/IMG_3664-100x150.jpg 100w, https:\/\/urbeamea.ro\/albaiulia\/wp-content\/uploads\/2016\/09\/IMG_3664-200x300.jpg 200w, https:\/\/urbeamea.ro\/albaiulia\/wp-content\/uploads\/2016\/09\/IMG_3664-768x1152.jpg 768w, https:\/\/urbeamea.ro\/albaiulia\/wp-content\/uploads\/2016\/09\/IMG_3664-682x1024.jpg 682w, https:\/\/urbeamea.ro\/albaiulia\/wp-content\/uploads\/2016\/09\/IMG_3664.jpg 853w\" sizes=\"auto, (max-width: 100px) 100vw, 100px\" data-src=\"https:\/\/urbeamea.ro\/albaiulia\/wp-content\/uploads\/2016\/09\/IMG_3664-100x150.jpg\" loading=\"lazy\" \/><\/a>\n\t\t\t<\/div><\/figure>\n\t\t<\/div>\n\n","protected":false},"excerpt":{"rendered":"<p>Vioara Guarnieri, ce a apar\u021binut marelui George Enescu, a r\u0103sunat, vineri, \u00een Catedrala \u201dSf\u00e2ntul Mihail\u201d din Alba Iulia. Zeci de albaiulieni au vibrat pe acordurile pline de emo\u021bie, ale muzicii clasice, \u00eentr-o interpretare de excep\u021bie a violonistului George Croitoru \u0219i a pianistului Horia Mihail. Vioara Guarneri, numit\u0103 \u0219i \u201cCatedrala\u201d, \u0219i-a etalat acordurile impun\u0103toare, \u00eentr-un spectacol &hellip;<\/p>\n","protected":false},"author":20,"featured_media":31471,"comment_status":"open","ping_status":"open","sticky":false,"template":"","format":"standard","meta":{"inline_featured_image":false,"footnotes":""},"categories":[4],"tags":[31,1278,2248,7419,7418,652,360,76,4129],"class_list":["post-31461","post","type-post","status-publish","format-standard","has-post-thumbnail","hentry","category-eveniment","tag-alba-iulia","tag-catedrala-romano-catolica","tag-cultura","tag-george-croitoru","tag-guarnieri","tag-muzica","tag-spectacol","tag-urbea-mea","tag-vioara"],"yoast_head":"<!-- This site is optimized with the Yoast SEO plugin v28.3 - https:\/\/yoast.com\/product\/yoast-seo-wordpress\/ -->\n<title>FOTO: Sear\u0103 magic\u0103 \u00een Catedrala Romano-Catolic\u0103. Vioara marelui George Enescu a emo\u021bionat zeci de albaiulieni - Revista Urbea Mea - Revista de Alba<\/title>\n<meta name=\"description\" content=\"Vioara Guarnieri, ce a apar\u021binut marelui George Enescu, a r\u0103sunat, vineri, \u00een Catedrala \u201dSf\u00e2ntul Mihail\u201d din Alba Iulia. Zeci de albaiulieni au vibrat pe\" \/>\n<meta name=\"robots\" content=\"index, follow, max-snippet:-1, max-image-preview:large, max-video-preview:-1\" \/>\n<link rel=\"canonical\" href=\"https:\/\/urbeamea.ro\/albaiulia\/foto-seara-magica-in-catedrala-romano-catolica-vioara-marelui-george-enescu-a-emotionat-zeci-de-albaiulieni\/\" \/>\n<meta name=\"twitter:card\" content=\"summary_large_image\" \/>\n<meta name=\"twitter:title\" content=\"FOTO: Sear\u0103 magic\u0103 \u00een Catedrala Romano-Catolic\u0103. Vioara marelui George Enescu a emo\u021bionat zeci de albaiulieni - Revista Urbea Mea - Revista de Alba\" \/>\n<meta name=\"twitter:description\" content=\"Vioara Guarnieri, ce a apar\u021binut marelui George Enescu, a r\u0103sunat, vineri, \u00een Catedrala \u201dSf\u00e2ntul Mihail\u201d din Alba Iulia. Zeci de albaiulieni au vibrat pe\" \/>\n<meta name=\"twitter:image\" content=\"https:\/\/urbeamea.ro\/albaiulia\/wp-content\/uploads\/2016\/09\/IMG_3637.jpg\" \/>\n<meta name=\"twitter:creator\" content=\"@urbeameaweb\" \/>\n<meta name=\"twitter:site\" content=\"@urbeameaweb\" \/>\n<script type=\"application\/ld+json\" class=\"yoast-schema-graph\">{\"@context\":\"https:\\\/\\\/schema.org\",\"@graph\":[{\"@type\":\"Article\",\"@id\":\"https:\\\/\\\/urbeamea.ro\\\/albaiulia\\\/foto-seara-magica-in-catedrala-romano-catolica-vioara-marelui-george-enescu-a-emotionat-zeci-de-albaiulieni\\\/#article\",\"isPartOf\":{\"@id\":\"https:\\\/\\\/urbeamea.ro\\\/albaiulia\\\/foto-seara-magica-in-catedrala-romano-catolica-vioara-marelui-george-enescu-a-emotionat-zeci-de-albaiulieni\\\/\"},\"author\":{\"name\":\"Adriana Avram\",\"@id\":\"https:\\\/\\\/urbeamea.ro\\\/albaiulia\\\/#\\\/schema\\\/person\\\/cfaa27fc3da4a9a2cf2fee3650afc5d0\"},\"headline\":\"FOTO: Sear\u0103 magic\u0103 \u00een Catedrala Romano-Catolic\u0103. Vioara marelui George Enescu a emo\u021bionat zeci de albaiulieni\",\"datePublished\":\"2016-09-10T08:07:03+00:00\",\"mainEntityOfPage\":{\"@id\":\"https:\\\/\\\/urbeamea.ro\\\/albaiulia\\\/foto-seara-magica-in-catedrala-romano-catolica-vioara-marelui-george-enescu-a-emotionat-zeci-de-albaiulieni\\\/\"},\"wordCount\":661,\"commentCount\":0,\"image\":{\"@id\":\"https:\\\/\\\/urbeamea.ro\\\/albaiulia\\\/foto-seara-magica-in-catedrala-romano-catolica-vioara-marelui-george-enescu-a-emotionat-zeci-de-albaiulieni\\\/#primaryimage\"},\"thumbnailUrl\":\"https:\\\/\\\/urbeamea.ro\\\/albaiulia\\\/wp-content\\\/uploads\\\/2016\\\/09\\\/IMG_3637.jpg\",\"keywords\":[\"Alba Iulia\",\"catedrala romano-catolica\",\"cultura\",\"George Croitoru\",\"guarnieri\",\"muzica\",\"spectacol\",\"Urbea Mea\",\"vioara\"],\"articleSection\":[\"Evenimente\"],\"inLanguage\":\"ro-RO\",\"potentialAction\":[{\"@type\":\"CommentAction\",\"name\":\"Comment\",\"target\":[\"https:\\\/\\\/urbeamea.ro\\\/albaiulia\\\/foto-seara-magica-in-catedrala-romano-catolica-vioara-marelui-george-enescu-a-emotionat-zeci-de-albaiulieni\\\/#respond\"]}]},{\"@type\":\"WebPage\",\"@id\":\"https:\\\/\\\/urbeamea.ro\\\/albaiulia\\\/foto-seara-magica-in-catedrala-romano-catolica-vioara-marelui-george-enescu-a-emotionat-zeci-de-albaiulieni\\\/\",\"url\":\"https:\\\/\\\/urbeamea.ro\\\/albaiulia\\\/foto-seara-magica-in-catedrala-romano-catolica-vioara-marelui-george-enescu-a-emotionat-zeci-de-albaiulieni\\\/\",\"name\":\"FOTO: Sear\u0103 magic\u0103 \u00een Catedrala Romano-Catolic\u0103. Vioara marelui George Enescu a emo\u021bionat zeci de albaiulieni - Revista Urbea Mea - Revista de Alba\",\"isPartOf\":{\"@id\":\"https:\\\/\\\/urbeamea.ro\\\/albaiulia\\\/#website\"},\"primaryImageOfPage\":{\"@id\":\"https:\\\/\\\/urbeamea.ro\\\/albaiulia\\\/foto-seara-magica-in-catedrala-romano-catolica-vioara-marelui-george-enescu-a-emotionat-zeci-de-albaiulieni\\\/#primaryimage\"},\"image\":{\"@id\":\"https:\\\/\\\/urbeamea.ro\\\/albaiulia\\\/foto-seara-magica-in-catedrala-romano-catolica-vioara-marelui-george-enescu-a-emotionat-zeci-de-albaiulieni\\\/#primaryimage\"},\"thumbnailUrl\":\"https:\\\/\\\/urbeamea.ro\\\/albaiulia\\\/wp-content\\\/uploads\\\/2016\\\/09\\\/IMG_3637.jpg\",\"datePublished\":\"2016-09-10T08:07:03+00:00\",\"author\":{\"@id\":\"https:\\\/\\\/urbeamea.ro\\\/albaiulia\\\/#\\\/schema\\\/person\\\/cfaa27fc3da4a9a2cf2fee3650afc5d0\"},\"description\":\"Vioara Guarnieri, ce a apar\u021binut marelui George Enescu, a r\u0103sunat, vineri, \u00een Catedrala \u201dSf\u00e2ntul Mihail\u201d din Alba Iulia. Zeci de albaiulieni au vibrat pe\",\"breadcrumb\":{\"@id\":\"https:\\\/\\\/urbeamea.ro\\\/albaiulia\\\/foto-seara-magica-in-catedrala-romano-catolica-vioara-marelui-george-enescu-a-emotionat-zeci-de-albaiulieni\\\/#breadcrumb\"},\"inLanguage\":\"ro-RO\",\"potentialAction\":[{\"@type\":\"ReadAction\",\"target\":[\"https:\\\/\\\/urbeamea.ro\\\/albaiulia\\\/foto-seara-magica-in-catedrala-romano-catolica-vioara-marelui-george-enescu-a-emotionat-zeci-de-albaiulieni\\\/\"]}]},{\"@type\":\"ImageObject\",\"inLanguage\":\"ro-RO\",\"@id\":\"https:\\\/\\\/urbeamea.ro\\\/albaiulia\\\/foto-seara-magica-in-catedrala-romano-catolica-vioara-marelui-george-enescu-a-emotionat-zeci-de-albaiulieni\\\/#primaryimage\",\"url\":\"https:\\\/\\\/urbeamea.ro\\\/albaiulia\\\/wp-content\\\/uploads\\\/2016\\\/09\\\/IMG_3637.jpg\",\"contentUrl\":\"https:\\\/\\\/urbeamea.ro\\\/albaiulia\\\/wp-content\\\/uploads\\\/2016\\\/09\\\/IMG_3637.jpg\",\"width\":1024,\"height\":683},{\"@type\":\"BreadcrumbList\",\"@id\":\"https:\\\/\\\/urbeamea.ro\\\/albaiulia\\\/foto-seara-magica-in-catedrala-romano-catolica-vioara-marelui-george-enescu-a-emotionat-zeci-de-albaiulieni\\\/#breadcrumb\",\"itemListElement\":[{\"@type\":\"ListItem\",\"position\":1,\"name\":\"Prima pagin\u0103\",\"item\":\"https:\\\/\\\/urbeamea.ro\\\/albaiulia\\\/\"},{\"@type\":\"ListItem\",\"position\":2,\"name\":\"FOTO: Sear\u0103 magic\u0103 \u00een Catedrala Romano-Catolic\u0103. Vioara marelui George Enescu a emo\u021bionat zeci de albaiulieni\"}]},{\"@type\":\"WebSite\",\"@id\":\"https:\\\/\\\/urbeamea.ro\\\/albaiulia\\\/#website\",\"url\":\"https:\\\/\\\/urbeamea.ro\\\/albaiulia\\\/\",\"name\":\"Revista Urbea Mea, Stiri urbane\",\"description\":\"Evenimente \u0219i \u0219tiri din Alba Iulia, Sebe\u0219, Aiud, Blaj\",\"potentialAction\":[{\"@type\":\"SearchAction\",\"target\":{\"@type\":\"EntryPoint\",\"urlTemplate\":\"https:\\\/\\\/urbeamea.ro\\\/albaiulia\\\/?s={search_term_string}\"},\"query-input\":{\"@type\":\"PropertyValueSpecification\",\"valueRequired\":true,\"valueName\":\"search_term_string\"}}],\"inLanguage\":\"ro-RO\"},{\"@type\":\"Person\",\"@id\":\"https:\\\/\\\/urbeamea.ro\\\/albaiulia\\\/#\\\/schema\\\/person\\\/cfaa27fc3da4a9a2cf2fee3650afc5d0\",\"name\":\"Adriana Avram\",\"image\":{\"@type\":\"ImageObject\",\"inLanguage\":\"ro-RO\",\"@id\":\"https:\\\/\\\/secure.gravatar.com\\\/avatar\\\/3cc61eb1584088e0099c1763903a6421c5ce6cdf45fc2d424046dc621efc21f9?s=96&d=mm&r=g\",\"url\":\"https:\\\/\\\/secure.gravatar.com\\\/avatar\\\/3cc61eb1584088e0099c1763903a6421c5ce6cdf45fc2d424046dc621efc21f9?s=96&d=mm&r=g\",\"contentUrl\":\"https:\\\/\\\/secure.gravatar.com\\\/avatar\\\/3cc61eb1584088e0099c1763903a6421c5ce6cdf45fc2d424046dc621efc21f9?s=96&d=mm&r=g\",\"caption\":\"Adriana Avram\"},\"description\":\"Jurnalist\",\"sameAs\":[\"https:\\\/\\\/www.facebook.com\\\/avram.adriana.7?fref=ts\"],\"url\":\"https:\\\/\\\/urbeamea.ro\\\/albaiulia\\\/author\\\/adriana-avram\\\/\"}]}<\/script>\n<!-- \/ Yoast SEO plugin. -->","yoast_head_json":{"title":"FOTO: Sear\u0103 magic\u0103 \u00een Catedrala Romano-Catolic\u0103. Vioara marelui George Enescu a emo\u021bionat zeci de albaiulieni - Revista Urbea Mea - Revista de Alba","description":"Vioara Guarnieri, ce a apar\u021binut marelui George Enescu, a r\u0103sunat, vineri, \u00een Catedrala \u201dSf\u00e2ntul Mihail\u201d din Alba Iulia. Zeci de albaiulieni au vibrat pe","robots":{"index":"index","follow":"follow","max-snippet":"max-snippet:-1","max-image-preview":"max-image-preview:large","max-video-preview":"max-video-preview:-1"},"canonical":"https:\/\/urbeamea.ro\/albaiulia\/foto-seara-magica-in-catedrala-romano-catolica-vioara-marelui-george-enescu-a-emotionat-zeci-de-albaiulieni\/","twitter_card":"summary_large_image","twitter_title":"FOTO: Sear\u0103 magic\u0103 \u00een Catedrala Romano-Catolic\u0103. Vioara marelui George Enescu a emo\u021bionat zeci de albaiulieni - Revista Urbea Mea - Revista de Alba","twitter_description":"Vioara Guarnieri, ce a apar\u021binut marelui George Enescu, a r\u0103sunat, vineri, \u00een Catedrala \u201dSf\u00e2ntul Mihail\u201d din Alba Iulia. Zeci de albaiulieni au vibrat pe","twitter_image":"https:\/\/urbeamea.ro\/albaiulia\/wp-content\/uploads\/2016\/09\/IMG_3637.jpg","twitter_creator":"@urbeameaweb","twitter_site":"@urbeameaweb","schema":{"@context":"https:\/\/schema.org","@graph":[{"@type":"Article","@id":"https:\/\/urbeamea.ro\/albaiulia\/foto-seara-magica-in-catedrala-romano-catolica-vioara-marelui-george-enescu-a-emotionat-zeci-de-albaiulieni\/#article","isPartOf":{"@id":"https:\/\/urbeamea.ro\/albaiulia\/foto-seara-magica-in-catedrala-romano-catolica-vioara-marelui-george-enescu-a-emotionat-zeci-de-albaiulieni\/"},"author":{"name":"Adriana Avram","@id":"https:\/\/urbeamea.ro\/albaiulia\/#\/schema\/person\/cfaa27fc3da4a9a2cf2fee3650afc5d0"},"headline":"FOTO: Sear\u0103 magic\u0103 \u00een Catedrala Romano-Catolic\u0103. Vioara marelui George Enescu a emo\u021bionat zeci de albaiulieni","datePublished":"2016-09-10T08:07:03+00:00","mainEntityOfPage":{"@id":"https:\/\/urbeamea.ro\/albaiulia\/foto-seara-magica-in-catedrala-romano-catolica-vioara-marelui-george-enescu-a-emotionat-zeci-de-albaiulieni\/"},"wordCount":661,"commentCount":0,"image":{"@id":"https:\/\/urbeamea.ro\/albaiulia\/foto-seara-magica-in-catedrala-romano-catolica-vioara-marelui-george-enescu-a-emotionat-zeci-de-albaiulieni\/#primaryimage"},"thumbnailUrl":"https:\/\/urbeamea.ro\/albaiulia\/wp-content\/uploads\/2016\/09\/IMG_3637.jpg","keywords":["Alba Iulia","catedrala romano-catolica","cultura","George Croitoru","guarnieri","muzica","spectacol","Urbea Mea","vioara"],"articleSection":["Evenimente"],"inLanguage":"ro-RO","potentialAction":[{"@type":"CommentAction","name":"Comment","target":["https:\/\/urbeamea.ro\/albaiulia\/foto-seara-magica-in-catedrala-romano-catolica-vioara-marelui-george-enescu-a-emotionat-zeci-de-albaiulieni\/#respond"]}]},{"@type":"WebPage","@id":"https:\/\/urbeamea.ro\/albaiulia\/foto-seara-magica-in-catedrala-romano-catolica-vioara-marelui-george-enescu-a-emotionat-zeci-de-albaiulieni\/","url":"https:\/\/urbeamea.ro\/albaiulia\/foto-seara-magica-in-catedrala-romano-catolica-vioara-marelui-george-enescu-a-emotionat-zeci-de-albaiulieni\/","name":"FOTO: Sear\u0103 magic\u0103 \u00een Catedrala Romano-Catolic\u0103. Vioara marelui George Enescu a emo\u021bionat zeci de albaiulieni - Revista Urbea Mea - Revista de Alba","isPartOf":{"@id":"https:\/\/urbeamea.ro\/albaiulia\/#website"},"primaryImageOfPage":{"@id":"https:\/\/urbeamea.ro\/albaiulia\/foto-seara-magica-in-catedrala-romano-catolica-vioara-marelui-george-enescu-a-emotionat-zeci-de-albaiulieni\/#primaryimage"},"image":{"@id":"https:\/\/urbeamea.ro\/albaiulia\/foto-seara-magica-in-catedrala-romano-catolica-vioara-marelui-george-enescu-a-emotionat-zeci-de-albaiulieni\/#primaryimage"},"thumbnailUrl":"https:\/\/urbeamea.ro\/albaiulia\/wp-content\/uploads\/2016\/09\/IMG_3637.jpg","datePublished":"2016-09-10T08:07:03+00:00","author":{"@id":"https:\/\/urbeamea.ro\/albaiulia\/#\/schema\/person\/cfaa27fc3da4a9a2cf2fee3650afc5d0"},"description":"Vioara Guarnieri, ce a apar\u021binut marelui George Enescu, a r\u0103sunat, vineri, \u00een Catedrala \u201dSf\u00e2ntul Mihail\u201d din Alba Iulia. Zeci de albaiulieni au vibrat pe","breadcrumb":{"@id":"https:\/\/urbeamea.ro\/albaiulia\/foto-seara-magica-in-catedrala-romano-catolica-vioara-marelui-george-enescu-a-emotionat-zeci-de-albaiulieni\/#breadcrumb"},"inLanguage":"ro-RO","potentialAction":[{"@type":"ReadAction","target":["https:\/\/urbeamea.ro\/albaiulia\/foto-seara-magica-in-catedrala-romano-catolica-vioara-marelui-george-enescu-a-emotionat-zeci-de-albaiulieni\/"]}]},{"@type":"ImageObject","inLanguage":"ro-RO","@id":"https:\/\/urbeamea.ro\/albaiulia\/foto-seara-magica-in-catedrala-romano-catolica-vioara-marelui-george-enescu-a-emotionat-zeci-de-albaiulieni\/#primaryimage","url":"https:\/\/urbeamea.ro\/albaiulia\/wp-content\/uploads\/2016\/09\/IMG_3637.jpg","contentUrl":"https:\/\/urbeamea.ro\/albaiulia\/wp-content\/uploads\/2016\/09\/IMG_3637.jpg","width":1024,"height":683},{"@type":"BreadcrumbList","@id":"https:\/\/urbeamea.ro\/albaiulia\/foto-seara-magica-in-catedrala-romano-catolica-vioara-marelui-george-enescu-a-emotionat-zeci-de-albaiulieni\/#breadcrumb","itemListElement":[{"@type":"ListItem","position":1,"name":"Prima pagin\u0103","item":"https:\/\/urbeamea.ro\/albaiulia\/"},{"@type":"ListItem","position":2,"name":"FOTO: Sear\u0103 magic\u0103 \u00een Catedrala Romano-Catolic\u0103. Vioara marelui George Enescu a emo\u021bionat zeci de albaiulieni"}]},{"@type":"WebSite","@id":"https:\/\/urbeamea.ro\/albaiulia\/#website","url":"https:\/\/urbeamea.ro\/albaiulia\/","name":"Revista Urbea Mea, Stiri urbane","description":"Evenimente \u0219i \u0219tiri din Alba Iulia, Sebe\u0219, Aiud, Blaj","potentialAction":[{"@type":"SearchAction","target":{"@type":"EntryPoint","urlTemplate":"https:\/\/urbeamea.ro\/albaiulia\/?s={search_term_string}"},"query-input":{"@type":"PropertyValueSpecification","valueRequired":true,"valueName":"search_term_string"}}],"inLanguage":"ro-RO"},{"@type":"Person","@id":"https:\/\/urbeamea.ro\/albaiulia\/#\/schema\/person\/cfaa27fc3da4a9a2cf2fee3650afc5d0","name":"Adriana Avram","image":{"@type":"ImageObject","inLanguage":"ro-RO","@id":"https:\/\/secure.gravatar.com\/avatar\/3cc61eb1584088e0099c1763903a6421c5ce6cdf45fc2d424046dc621efc21f9?s=96&d=mm&r=g","url":"https:\/\/secure.gravatar.com\/avatar\/3cc61eb1584088e0099c1763903a6421c5ce6cdf45fc2d424046dc621efc21f9?s=96&d=mm&r=g","contentUrl":"https:\/\/secure.gravatar.com\/avatar\/3cc61eb1584088e0099c1763903a6421c5ce6cdf45fc2d424046dc621efc21f9?s=96&d=mm&r=g","caption":"Adriana Avram"},"description":"Jurnalist","sameAs":["https:\/\/www.facebook.com\/avram.adriana.7?fref=ts"],"url":"https:\/\/urbeamea.ro\/albaiulia\/author\/adriana-avram\/"}]}},"_links":{"self":[{"href":"https:\/\/urbeamea.ro\/albaiulia\/wp-json\/wp\/v2\/posts\/31461","targetHints":{"allow":["GET"]}}],"collection":[{"href":"https:\/\/urbeamea.ro\/albaiulia\/wp-json\/wp\/v2\/posts"}],"about":[{"href":"https:\/\/urbeamea.ro\/albaiulia\/wp-json\/wp\/v2\/types\/post"}],"author":[{"embeddable":true,"href":"https:\/\/urbeamea.ro\/albaiulia\/wp-json\/wp\/v2\/users\/20"}],"replies":[{"embeddable":true,"href":"https:\/\/urbeamea.ro\/albaiulia\/wp-json\/wp\/v2\/comments?post=31461"}],"version-history":[{"count":0,"href":"https:\/\/urbeamea.ro\/albaiulia\/wp-json\/wp\/v2\/posts\/31461\/revisions"}],"wp:featuredmedia":[{"embeddable":true,"href":"https:\/\/urbeamea.ro\/albaiulia\/wp-json\/wp\/v2\/media\/31471"}],"wp:attachment":[{"href":"https:\/\/urbeamea.ro\/albaiulia\/wp-json\/wp\/v2\/media?parent=31461"}],"wp:term":[{"taxonomy":"category","embeddable":true,"href":"https:\/\/urbeamea.ro\/albaiulia\/wp-json\/wp\/v2\/categories?post=31461"},{"taxonomy":"post_tag","embeddable":true,"href":"https:\/\/urbeamea.ro\/albaiulia\/wp-json\/wp\/v2\/tags?post=31461"}],"curies":[{"name":"wp","href":"https:\/\/api.w.org\/{rel}","templated":true}]}}