{"id":31624,"date":"2016-09-12T18:59:52","date_gmt":"2016-09-12T15:59:52","guid":{"rendered":"http:\/\/urbeamea.ro\/albaiulia\/?p=31624"},"modified":"2016-09-12T18:59:52","modified_gmt":"2016-09-12T15:59:52","slug":"temperaturi-de-vara-si-in-urmatoarele-zile-meteorologii-anunta-totusi-cateva-ploi","status":"publish","type":"post","link":"https:\/\/urbeamea.ro\/albaiulia\/temperaturi-de-vara-si-in-urmatoarele-zile-meteorologii-anunta-totusi-cateva-ploi\/","title":{"rendered":"Temperaturi de var\u0103 \u0219i \u00een urm\u0103toarele zile. Meteorologii anun\u021b\u0103 totu\u0219i c\u00e2teva ploi"},"content":{"rendered":"<p><b><img loading=\"lazy\" decoding=\"async\" class=\"alignleft size-medium wp-image-31625\" src=\"http:\/\/urbeamea.ro\/albaiulia\/wp-content\/uploads\/2016\/09\/cer-senin-300x168.jpg\" alt=\"cer senin\" width=\"300\" height=\"168\" srcset=\"https:\/\/urbeamea.ro\/albaiulia\/wp-content\/uploads\/2016\/09\/cer-senin.jpg 300w, https:\/\/urbeamea.ro\/albaiulia\/wp-content\/uploads\/2016\/09\/cer-senin-150x84.jpg 150w\" sizes=\"auto, (max-width: 300px) 100vw, 300px\" \/>De\u015fi \u00een u\u015foar\u0103 sc\u0103dere \u00een jum\u0103tatea de nord-vest, valorile termice se vor situa \u00een continuare peste cele normale \u00een aceast\u0103 perioad\u0103 din an \u00een toat\u0103 \u0163ara, astfel c\u0103 cele maxime se vor \u00eencadra \u00eentre 24 \u015fi 32 de grade, iar cele minime \u00eentre 7 grade \u00een depresiuni \u015fi 21 de grade pe litoral, informeaza ANM.<\/b><\/p>\n<p><strong>Mar\u021bi<\/strong><\/p>\n<p>De\u015fi \u00een u\u015foar\u0103 sc\u0103dere \u00een jum\u0103tatea de nord-vest, valorile termice se vor situa \u00een continuare peste cele normale \u00een aceast\u0103 perioad\u0103 din an \u00een toat\u0103 \u0163ara, astfel c\u0103 cele maxime se vor \u00eencadra \u00eentre 24 \u015fi 32 de grade, iar cele minime \u00eentre 7 grade \u00een depresiuni \u015fi 21 de grade pe litoral.<\/p>\n<p>Cerul va fi variabil, cu \u00eennor\u0103ri temporar accentuate, averse \u015fi desc\u0103rc\u0103ri electrice, \u00eendeosebi dup\u0103-amiaza \u015fi seara, local \u00een regiunile vestice, nord-vestice, precum \u015fi \u00een zonele montane \u015fi pe arii mai restr\u00e2nse \u00een Transilvania, nordul Olteniei \u015fi al Munteniei. Punctiform cantit\u0103\u0163ile de ap\u0103 vor dep\u0103\u015fi 25&#8230;30 l\/mp \u015fi izolat se va semnala grindin\u0103. V\u00e2ntul va sufla slab \u015fi moderat, cu intensific\u0103ri de scurt\u0103 durat\u0103 \u00een timpul ploilor. Diminea\u0163a \u015fi noaptea, \u00een depresiuni vor fi condi\u0163ii de cea\u0163\u0103.<\/p>\n<p><strong>Miercuri<\/strong><\/p>\n<p>Valorile termice vor marca o sc\u0103dere u\u015foar\u0103 \u00een partea de est \u015fi sud-est a teritoriului, dar vremea va r\u0103m\u00e2ne cald\u0103 pentru aceast\u0103 dat\u0103, \u00een timp ce \u00een restul teritoriului se va men\u0163ine deosebit de cald\u0103. Cerul va fi variabil, cu \u00eennor\u0103ri temporar accentuate, mai ales ziua \u00een regiunile estice \u015fi \u00een zonele montane, iar seara \u015fi la \u00eenceputul nop\u0163ii \u00eendeosebi \u00een sud-vestul teritoriului, unde pe arii restr\u00e2nse vor fi averse \u015fi desc\u0103rc\u0103ri electrice. V\u00e2ntul va sufla slab \u015fi moderat, cu unele intensificari \u00een Moldova, Dobrogea, estul Munteniei \u015fi la munte. Temperaturile maxime vor fi cuprinse \u00eentre 24 \u015fi 32 de grade, iar cele minime se vor situa, \u00een general, \u00eentre 9 \u015fi 19 grade. Diminea\u0163a \u015fi noaptea vor fi condi\u0163ii de cea\u0163\u0103 \u00een zonele joase de relief.<\/p>\n<div id=\"ihmlzqonounoowiljprhgrmrnm\">\n<div id=\"gemiusvideohmlzqonounoowiljprhgrmrnm\">\n<div id=\"gemiusvideomlzqonounoowiljprhgrmrnm\" class=\"video-js vjs-default-skin vjs-big-play-centered vjs-controls-disabled vjs-has-started vjs-user-inactive vjs-playing\" data-setup=\"{&quot;techOrder&quot;: [&quot;html5&quot;, &quot;flash&quot;]}\">\n<div class=\"vjs-control-bar\"><\/div>\n<p><em>Sursa: Mediafax<\/em><\/div>\n<\/div>\n<\/div>\n","protected":false},"excerpt":{"rendered":"<p>De\u015fi \u00een u\u015foar\u0103 sc\u0103dere \u00een jum\u0103tatea de nord-vest, valorile termice se vor situa \u00een continuare peste cele normale \u00een aceast\u0103 perioad\u0103 din an \u00een toat\u0103 \u0163ara, astfel c\u0103 cele maxime se vor \u00eencadra \u00eentre 24 \u015fi 32 de grade, iar cele minime \u00eentre 7 grade \u00een depresiuni \u015fi 21 de grade pe litoral, informeaza ANM. &hellip;<\/p>\n","protected":false},"author":20,"featured_media":31625,"comment_status":"open","ping_status":"open","sticky":false,"template":"","format":"standard","meta":{"inline_featured_image":false,"footnotes":""},"categories":[2034],"tags":[7460,392,7461,391,341,339,7459,76,1774,2078],"class_list":["post-31624","post","type-post","status-publish","format-standard","has-post-thumbnail","hentry","category-social","tag-maxime","tag-meteorologi","tag-minime","tag-ploi","tag-septembrie","tag-temperaturi","tag-termic","tag-urbea-mea","tag-vant","tag-vreme"],"yoast_head":"<!-- This site is optimized with the Yoast SEO plugin v27.4 - https:\/\/yoast.com\/product\/yoast-seo-wordpress\/ -->\n<title>Temperaturi de var\u0103 \u0219i \u00een urm\u0103toarele zile. Meteorologii anun\u021b\u0103 totu\u0219i c\u00e2teva ploi - Revista Urbea Mea - Revista de Alba<\/title>\n<meta name=\"description\" content=\"De\u015fi \u00een u\u015foar\u0103 sc\u0103dere \u00een jum\u0103tatea de nord-vest, valorile termice se vor situa \u00een continuare peste cele normale \u00een aceast\u0103 perioad\u0103 din an \u00een toat\u0103 \u0163ara,\" \/>\n<meta name=\"robots\" content=\"index, follow, max-snippet:-1, max-image-preview:large, max-video-preview:-1\" \/>\n<link rel=\"canonical\" href=\"https:\/\/urbeamea.ro\/albaiulia\/temperaturi-de-vara-si-in-urmatoarele-zile-meteorologii-anunta-totusi-cateva-ploi\/\" \/>\n<meta name=\"twitter:card\" content=\"summary_large_image\" \/>\n<meta name=\"twitter:title\" content=\"Temperaturi de var\u0103 \u0219i \u00een urm\u0103toarele zile. Meteorologii anun\u021b\u0103 totu\u0219i c\u00e2teva ploi - Revista Urbea Mea - Revista de Alba\" \/>\n<meta name=\"twitter:description\" content=\"De\u015fi \u00een u\u015foar\u0103 sc\u0103dere \u00een jum\u0103tatea de nord-vest, valorile termice se vor situa \u00een continuare peste cele normale \u00een aceast\u0103 perioad\u0103 din an \u00een toat\u0103 \u0163ara,\" \/>\n<meta name=\"twitter:image\" content=\"https:\/\/urbeamea.ro\/albaiulia\/wp-content\/uploads\/2016\/09\/cer-senin.jpg\" \/>\n<meta name=\"twitter:creator\" content=\"@urbeameaweb\" \/>\n<meta name=\"twitter:site\" content=\"@urbeameaweb\" \/>\n<script type=\"application\/ld+json\" class=\"yoast-schema-graph\">{\"@context\":\"https:\\\/\\\/schema.org\",\"@graph\":[{\"@type\":\"Article\",\"@id\":\"https:\\\/\\\/urbeamea.ro\\\/albaiulia\\\/temperaturi-de-vara-si-in-urmatoarele-zile-meteorologii-anunta-totusi-cateva-ploi\\\/#article\",\"isPartOf\":{\"@id\":\"https:\\\/\\\/urbeamea.ro\\\/albaiulia\\\/temperaturi-de-vara-si-in-urmatoarele-zile-meteorologii-anunta-totusi-cateva-ploi\\\/\"},\"author\":{\"name\":\"Adriana Avram\",\"@id\":\"https:\\\/\\\/urbeamea.ro\\\/albaiulia\\\/#\\\/schema\\\/person\\\/cfaa27fc3da4a9a2cf2fee3650afc5d0\"},\"headline\":\"Temperaturi de var\u0103 \u0219i \u00een urm\u0103toarele zile. Meteorologii anun\u021b\u0103 totu\u0219i c\u00e2teva ploi\",\"datePublished\":\"2016-09-12T15:59:52+00:00\",\"mainEntityOfPage\":{\"@id\":\"https:\\\/\\\/urbeamea.ro\\\/albaiulia\\\/temperaturi-de-vara-si-in-urmatoarele-zile-meteorologii-anunta-totusi-cateva-ploi\\\/\"},\"wordCount\":351,\"commentCount\":0,\"image\":{\"@id\":\"https:\\\/\\\/urbeamea.ro\\\/albaiulia\\\/temperaturi-de-vara-si-in-urmatoarele-zile-meteorologii-anunta-totusi-cateva-ploi\\\/#primaryimage\"},\"thumbnailUrl\":\"https:\\\/\\\/urbeamea.ro\\\/albaiulia\\\/wp-content\\\/uploads\\\/2016\\\/09\\\/cer-senin.jpg\",\"keywords\":[\"maxime\",\"meteorologi\",\"minime\",\"ploi\",\"septembrie\",\"temperaturi\",\"termic\",\"Urbea Mea\",\"vant\",\"vreme\"],\"articleSection\":[\"Social\"],\"inLanguage\":\"ro-RO\",\"potentialAction\":[{\"@type\":\"CommentAction\",\"name\":\"Comment\",\"target\":[\"https:\\\/\\\/urbeamea.ro\\\/albaiulia\\\/temperaturi-de-vara-si-in-urmatoarele-zile-meteorologii-anunta-totusi-cateva-ploi\\\/#respond\"]}]},{\"@type\":\"WebPage\",\"@id\":\"https:\\\/\\\/urbeamea.ro\\\/albaiulia\\\/temperaturi-de-vara-si-in-urmatoarele-zile-meteorologii-anunta-totusi-cateva-ploi\\\/\",\"url\":\"https:\\\/\\\/urbeamea.ro\\\/albaiulia\\\/temperaturi-de-vara-si-in-urmatoarele-zile-meteorologii-anunta-totusi-cateva-ploi\\\/\",\"name\":\"Temperaturi de var\u0103 \u0219i \u00een urm\u0103toarele zile. Meteorologii anun\u021b\u0103 totu\u0219i c\u00e2teva ploi - Revista Urbea Mea - Revista de Alba\",\"isPartOf\":{\"@id\":\"https:\\\/\\\/urbeamea.ro\\\/albaiulia\\\/#website\"},\"primaryImageOfPage\":{\"@id\":\"https:\\\/\\\/urbeamea.ro\\\/albaiulia\\\/temperaturi-de-vara-si-in-urmatoarele-zile-meteorologii-anunta-totusi-cateva-ploi\\\/#primaryimage\"},\"image\":{\"@id\":\"https:\\\/\\\/urbeamea.ro\\\/albaiulia\\\/temperaturi-de-vara-si-in-urmatoarele-zile-meteorologii-anunta-totusi-cateva-ploi\\\/#primaryimage\"},\"thumbnailUrl\":\"https:\\\/\\\/urbeamea.ro\\\/albaiulia\\\/wp-content\\\/uploads\\\/2016\\\/09\\\/cer-senin.jpg\",\"datePublished\":\"2016-09-12T15:59:52+00:00\",\"author\":{\"@id\":\"https:\\\/\\\/urbeamea.ro\\\/albaiulia\\\/#\\\/schema\\\/person\\\/cfaa27fc3da4a9a2cf2fee3650afc5d0\"},\"description\":\"De\u015fi \u00een u\u015foar\u0103 sc\u0103dere \u00een jum\u0103tatea de nord-vest, valorile termice se vor situa \u00een continuare peste cele normale \u00een aceast\u0103 perioad\u0103 din an \u00een toat\u0103 \u0163ara,\",\"breadcrumb\":{\"@id\":\"https:\\\/\\\/urbeamea.ro\\\/albaiulia\\\/temperaturi-de-vara-si-in-urmatoarele-zile-meteorologii-anunta-totusi-cateva-ploi\\\/#breadcrumb\"},\"inLanguage\":\"ro-RO\",\"potentialAction\":[{\"@type\":\"ReadAction\",\"target\":[\"https:\\\/\\\/urbeamea.ro\\\/albaiulia\\\/temperaturi-de-vara-si-in-urmatoarele-zile-meteorologii-anunta-totusi-cateva-ploi\\\/\"]}]},{\"@type\":\"ImageObject\",\"inLanguage\":\"ro-RO\",\"@id\":\"https:\\\/\\\/urbeamea.ro\\\/albaiulia\\\/temperaturi-de-vara-si-in-urmatoarele-zile-meteorologii-anunta-totusi-cateva-ploi\\\/#primaryimage\",\"url\":\"https:\\\/\\\/urbeamea.ro\\\/albaiulia\\\/wp-content\\\/uploads\\\/2016\\\/09\\\/cer-senin.jpg\",\"contentUrl\":\"https:\\\/\\\/urbeamea.ro\\\/albaiulia\\\/wp-content\\\/uploads\\\/2016\\\/09\\\/cer-senin.jpg\",\"width\":300,\"height\":168},{\"@type\":\"BreadcrumbList\",\"@id\":\"https:\\\/\\\/urbeamea.ro\\\/albaiulia\\\/temperaturi-de-vara-si-in-urmatoarele-zile-meteorologii-anunta-totusi-cateva-ploi\\\/#breadcrumb\",\"itemListElement\":[{\"@type\":\"ListItem\",\"position\":1,\"name\":\"Prima pagin\u0103\",\"item\":\"https:\\\/\\\/urbeamea.ro\\\/albaiulia\\\/\"},{\"@type\":\"ListItem\",\"position\":2,\"name\":\"Temperaturi de var\u0103 \u0219i \u00een urm\u0103toarele zile. Meteorologii anun\u021b\u0103 totu\u0219i c\u00e2teva ploi\"}]},{\"@type\":\"WebSite\",\"@id\":\"https:\\\/\\\/urbeamea.ro\\\/albaiulia\\\/#website\",\"url\":\"https:\\\/\\\/urbeamea.ro\\\/albaiulia\\\/\",\"name\":\"Revista Urbea Mea, Stiri urbane\",\"description\":\"Evenimente \u0219i \u0219tiri din Alba Iulia, Sebe\u0219, Aiud, Blaj\",\"potentialAction\":[{\"@type\":\"SearchAction\",\"target\":{\"@type\":\"EntryPoint\",\"urlTemplate\":\"https:\\\/\\\/urbeamea.ro\\\/albaiulia\\\/?s={search_term_string}\"},\"query-input\":{\"@type\":\"PropertyValueSpecification\",\"valueRequired\":true,\"valueName\":\"search_term_string\"}}],\"inLanguage\":\"ro-RO\"},{\"@type\":\"Person\",\"@id\":\"https:\\\/\\\/urbeamea.ro\\\/albaiulia\\\/#\\\/schema\\\/person\\\/cfaa27fc3da4a9a2cf2fee3650afc5d0\",\"name\":\"Adriana Avram\",\"image\":{\"@type\":\"ImageObject\",\"inLanguage\":\"ro-RO\",\"@id\":\"https:\\\/\\\/secure.gravatar.com\\\/avatar\\\/3cc61eb1584088e0099c1763903a6421c5ce6cdf45fc2d424046dc621efc21f9?s=96&d=mm&r=g\",\"url\":\"https:\\\/\\\/secure.gravatar.com\\\/avatar\\\/3cc61eb1584088e0099c1763903a6421c5ce6cdf45fc2d424046dc621efc21f9?s=96&d=mm&r=g\",\"contentUrl\":\"https:\\\/\\\/secure.gravatar.com\\\/avatar\\\/3cc61eb1584088e0099c1763903a6421c5ce6cdf45fc2d424046dc621efc21f9?s=96&d=mm&r=g\",\"caption\":\"Adriana Avram\"},\"description\":\"Jurnalist\",\"sameAs\":[\"https:\\\/\\\/www.facebook.com\\\/avram.adriana.7?fref=ts\"],\"url\":\"https:\\\/\\\/urbeamea.ro\\\/albaiulia\\\/author\\\/adriana-avram\\\/\"}]}<\/script>\n<!-- \/ Yoast SEO plugin. -->","yoast_head_json":{"title":"Temperaturi de var\u0103 \u0219i \u00een urm\u0103toarele zile. Meteorologii anun\u021b\u0103 totu\u0219i c\u00e2teva ploi - Revista Urbea Mea - Revista de Alba","description":"De\u015fi \u00een u\u015foar\u0103 sc\u0103dere \u00een jum\u0103tatea de nord-vest, valorile termice se vor situa \u00een continuare peste cele normale \u00een aceast\u0103 perioad\u0103 din an \u00een toat\u0103 \u0163ara,","robots":{"index":"index","follow":"follow","max-snippet":"max-snippet:-1","max-image-preview":"max-image-preview:large","max-video-preview":"max-video-preview:-1"},"canonical":"https:\/\/urbeamea.ro\/albaiulia\/temperaturi-de-vara-si-in-urmatoarele-zile-meteorologii-anunta-totusi-cateva-ploi\/","twitter_card":"summary_large_image","twitter_title":"Temperaturi de var\u0103 \u0219i \u00een urm\u0103toarele zile. Meteorologii anun\u021b\u0103 totu\u0219i c\u00e2teva ploi - Revista Urbea Mea - Revista de Alba","twitter_description":"De\u015fi \u00een u\u015foar\u0103 sc\u0103dere \u00een jum\u0103tatea de nord-vest, valorile termice se vor situa \u00een continuare peste cele normale \u00een aceast\u0103 perioad\u0103 din an \u00een toat\u0103 \u0163ara,","twitter_image":"https:\/\/urbeamea.ro\/albaiulia\/wp-content\/uploads\/2016\/09\/cer-senin.jpg","twitter_creator":"@urbeameaweb","twitter_site":"@urbeameaweb","schema":{"@context":"https:\/\/schema.org","@graph":[{"@type":"Article","@id":"https:\/\/urbeamea.ro\/albaiulia\/temperaturi-de-vara-si-in-urmatoarele-zile-meteorologii-anunta-totusi-cateva-ploi\/#article","isPartOf":{"@id":"https:\/\/urbeamea.ro\/albaiulia\/temperaturi-de-vara-si-in-urmatoarele-zile-meteorologii-anunta-totusi-cateva-ploi\/"},"author":{"name":"Adriana Avram","@id":"https:\/\/urbeamea.ro\/albaiulia\/#\/schema\/person\/cfaa27fc3da4a9a2cf2fee3650afc5d0"},"headline":"Temperaturi de var\u0103 \u0219i \u00een urm\u0103toarele zile. Meteorologii anun\u021b\u0103 totu\u0219i c\u00e2teva ploi","datePublished":"2016-09-12T15:59:52+00:00","mainEntityOfPage":{"@id":"https:\/\/urbeamea.ro\/albaiulia\/temperaturi-de-vara-si-in-urmatoarele-zile-meteorologii-anunta-totusi-cateva-ploi\/"},"wordCount":351,"commentCount":0,"image":{"@id":"https:\/\/urbeamea.ro\/albaiulia\/temperaturi-de-vara-si-in-urmatoarele-zile-meteorologii-anunta-totusi-cateva-ploi\/#primaryimage"},"thumbnailUrl":"https:\/\/urbeamea.ro\/albaiulia\/wp-content\/uploads\/2016\/09\/cer-senin.jpg","keywords":["maxime","meteorologi","minime","ploi","septembrie","temperaturi","termic","Urbea Mea","vant","vreme"],"articleSection":["Social"],"inLanguage":"ro-RO","potentialAction":[{"@type":"CommentAction","name":"Comment","target":["https:\/\/urbeamea.ro\/albaiulia\/temperaturi-de-vara-si-in-urmatoarele-zile-meteorologii-anunta-totusi-cateva-ploi\/#respond"]}]},{"@type":"WebPage","@id":"https:\/\/urbeamea.ro\/albaiulia\/temperaturi-de-vara-si-in-urmatoarele-zile-meteorologii-anunta-totusi-cateva-ploi\/","url":"https:\/\/urbeamea.ro\/albaiulia\/temperaturi-de-vara-si-in-urmatoarele-zile-meteorologii-anunta-totusi-cateva-ploi\/","name":"Temperaturi de var\u0103 \u0219i \u00een urm\u0103toarele zile. Meteorologii anun\u021b\u0103 totu\u0219i c\u00e2teva ploi - Revista Urbea Mea - Revista de Alba","isPartOf":{"@id":"https:\/\/urbeamea.ro\/albaiulia\/#website"},"primaryImageOfPage":{"@id":"https:\/\/urbeamea.ro\/albaiulia\/temperaturi-de-vara-si-in-urmatoarele-zile-meteorologii-anunta-totusi-cateva-ploi\/#primaryimage"},"image":{"@id":"https:\/\/urbeamea.ro\/albaiulia\/temperaturi-de-vara-si-in-urmatoarele-zile-meteorologii-anunta-totusi-cateva-ploi\/#primaryimage"},"thumbnailUrl":"https:\/\/urbeamea.ro\/albaiulia\/wp-content\/uploads\/2016\/09\/cer-senin.jpg","datePublished":"2016-09-12T15:59:52+00:00","author":{"@id":"https:\/\/urbeamea.ro\/albaiulia\/#\/schema\/person\/cfaa27fc3da4a9a2cf2fee3650afc5d0"},"description":"De\u015fi \u00een u\u015foar\u0103 sc\u0103dere \u00een jum\u0103tatea de nord-vest, valorile termice se vor situa \u00een continuare peste cele normale \u00een aceast\u0103 perioad\u0103 din an \u00een toat\u0103 \u0163ara,","breadcrumb":{"@id":"https:\/\/urbeamea.ro\/albaiulia\/temperaturi-de-vara-si-in-urmatoarele-zile-meteorologii-anunta-totusi-cateva-ploi\/#breadcrumb"},"inLanguage":"ro-RO","potentialAction":[{"@type":"ReadAction","target":["https:\/\/urbeamea.ro\/albaiulia\/temperaturi-de-vara-si-in-urmatoarele-zile-meteorologii-anunta-totusi-cateva-ploi\/"]}]},{"@type":"ImageObject","inLanguage":"ro-RO","@id":"https:\/\/urbeamea.ro\/albaiulia\/temperaturi-de-vara-si-in-urmatoarele-zile-meteorologii-anunta-totusi-cateva-ploi\/#primaryimage","url":"https:\/\/urbeamea.ro\/albaiulia\/wp-content\/uploads\/2016\/09\/cer-senin.jpg","contentUrl":"https:\/\/urbeamea.ro\/albaiulia\/wp-content\/uploads\/2016\/09\/cer-senin.jpg","width":300,"height":168},{"@type":"BreadcrumbList","@id":"https:\/\/urbeamea.ro\/albaiulia\/temperaturi-de-vara-si-in-urmatoarele-zile-meteorologii-anunta-totusi-cateva-ploi\/#breadcrumb","itemListElement":[{"@type":"ListItem","position":1,"name":"Prima pagin\u0103","item":"https:\/\/urbeamea.ro\/albaiulia\/"},{"@type":"ListItem","position":2,"name":"Temperaturi de var\u0103 \u0219i \u00een urm\u0103toarele zile. Meteorologii anun\u021b\u0103 totu\u0219i c\u00e2teva ploi"}]},{"@type":"WebSite","@id":"https:\/\/urbeamea.ro\/albaiulia\/#website","url":"https:\/\/urbeamea.ro\/albaiulia\/","name":"Revista Urbea Mea, Stiri urbane","description":"Evenimente \u0219i \u0219tiri din Alba Iulia, Sebe\u0219, Aiud, Blaj","potentialAction":[{"@type":"SearchAction","target":{"@type":"EntryPoint","urlTemplate":"https:\/\/urbeamea.ro\/albaiulia\/?s={search_term_string}"},"query-input":{"@type":"PropertyValueSpecification","valueRequired":true,"valueName":"search_term_string"}}],"inLanguage":"ro-RO"},{"@type":"Person","@id":"https:\/\/urbeamea.ro\/albaiulia\/#\/schema\/person\/cfaa27fc3da4a9a2cf2fee3650afc5d0","name":"Adriana Avram","image":{"@type":"ImageObject","inLanguage":"ro-RO","@id":"https:\/\/secure.gravatar.com\/avatar\/3cc61eb1584088e0099c1763903a6421c5ce6cdf45fc2d424046dc621efc21f9?s=96&d=mm&r=g","url":"https:\/\/secure.gravatar.com\/avatar\/3cc61eb1584088e0099c1763903a6421c5ce6cdf45fc2d424046dc621efc21f9?s=96&d=mm&r=g","contentUrl":"https:\/\/secure.gravatar.com\/avatar\/3cc61eb1584088e0099c1763903a6421c5ce6cdf45fc2d424046dc621efc21f9?s=96&d=mm&r=g","caption":"Adriana Avram"},"description":"Jurnalist","sameAs":["https:\/\/www.facebook.com\/avram.adriana.7?fref=ts"],"url":"https:\/\/urbeamea.ro\/albaiulia\/author\/adriana-avram\/"}]}},"_links":{"self":[{"href":"https:\/\/urbeamea.ro\/albaiulia\/wp-json\/wp\/v2\/posts\/31624","targetHints":{"allow":["GET"]}}],"collection":[{"href":"https:\/\/urbeamea.ro\/albaiulia\/wp-json\/wp\/v2\/posts"}],"about":[{"href":"https:\/\/urbeamea.ro\/albaiulia\/wp-json\/wp\/v2\/types\/post"}],"author":[{"embeddable":true,"href":"https:\/\/urbeamea.ro\/albaiulia\/wp-json\/wp\/v2\/users\/20"}],"replies":[{"embeddable":true,"href":"https:\/\/urbeamea.ro\/albaiulia\/wp-json\/wp\/v2\/comments?post=31624"}],"version-history":[{"count":0,"href":"https:\/\/urbeamea.ro\/albaiulia\/wp-json\/wp\/v2\/posts\/31624\/revisions"}],"wp:featuredmedia":[{"embeddable":true,"href":"https:\/\/urbeamea.ro\/albaiulia\/wp-json\/wp\/v2\/media\/31625"}],"wp:attachment":[{"href":"https:\/\/urbeamea.ro\/albaiulia\/wp-json\/wp\/v2\/media?parent=31624"}],"wp:term":[{"taxonomy":"category","embeddable":true,"href":"https:\/\/urbeamea.ro\/albaiulia\/wp-json\/wp\/v2\/categories?post=31624"},{"taxonomy":"post_tag","embeddable":true,"href":"https:\/\/urbeamea.ro\/albaiulia\/wp-json\/wp\/v2\/tags?post=31624"}],"curies":[{"name":"wp","href":"https:\/\/api.w.org\/{rel}","templated":true}]}}