{"id":31728,"date":"2016-09-14T13:53:05","date_gmt":"2016-09-14T10:53:05","guid":{"rendered":"http:\/\/urbeamea.ro\/albaiulia\/?p=31728"},"modified":"2016-09-14T13:53:05","modified_gmt":"2016-09-14T10:53:05","slug":"sprijin-pentru-primarii-in-implementarea-solutiilor-de-pe-piata-energiei-regenerabile","status":"publish","type":"post","link":"https:\/\/urbeamea.ro\/albaiulia\/sprijin-pentru-primarii-in-implementarea-solutiilor-de-pe-piata-energiei-regenerabile\/","title":{"rendered":"Sprijin pentru prim\u0103rii \u00een implementarea solu\u0163iilor de pe pia\u0163a energiei regenerabile"},"content":{"rendered":"<p><strong><img loading=\"lazy\" decoding=\"async\" class=\"alignleft size-medium wp-image-31729\" src=\"http:\/\/urbeamea.ro\/albaiulia\/wp-content\/uploads\/2016\/09\/intalnire-ALEA-300x170.jpg\" alt=\"intalnire ALEA\" width=\"300\" height=\"170\" \/>Mai mul\u0163i primari \u015fi reprezentan\u0163i ai autorit\u0103\u0163ilor publice locale au luat parte ast\u0103zi la discu\u0163ii pe tema solu\u0163iilor \u015fi proiectelor pe care le pot implementa \u00een ceea ce prive\u015fte energia verde.\u00a0<\/strong><\/p>\n<p>\u00cent\u00e2lnirea a fost organizat\u0103 de Agen\u0163ia Local\u0103 a Energiei Alba \u015fi a reprezentat un bun prilej pentru administra\u0163iile locale s\u0103 fac\u0103 un schimb de bune priactici, \u015fi s\u0103 afle detalii despre solu\u0163iile existente pe pia\u0163a energiei regenerabile, care pot fi implementate la nivelul localit\u0103\u0163ilor pentru mic\u015forarea costurilor \u015fi \u00eembun\u0103t\u0103\u0163irea calit\u0103\u0163ii vie\u0163ii cet\u0103\u0163enilor.<\/p>\n<p>Au luat parte la discu\u0163ii speciali\u015fti \u00een implementarea proiectelor pe fonduri europene care au explicat procedurile \u015fi condi\u0163iile \u00een care autorit\u0103\u0163ile locale pot accesa bani pentru reabilitarea termic\u0103 a blocurilor de locuin\u0163e. De asemenea, a fost explicat \u015fi stadiul \u00een care se afl\u0103 Programul Casa Verde. \u00cen acest an, prin intermediul acestui program, persoanele fizice pot beneficia de o finan\u0163are de p\u00e2n\u0103 la 6000 de lei pentru achizi\u0163ia unor panouri solare care s\u0103 asigure ap\u0103 cald\u0103 menajer\u0103, sum\u0103 care acoper\u0103 aproape 100% din costuri, \u00een func\u0163ie de dot\u0103ri.<\/p>\n","protected":false},"excerpt":{"rendered":"<p>Mai mul\u0163i primari \u015fi reprezentan\u0163i ai autorit\u0103\u0163ilor publice locale au luat parte ast\u0103zi la discu\u0163ii pe tema solu\u0163iilor \u015fi proiectelor pe care le pot implementa \u00een ceea ce prive\u015fte energia verde.\u00a0 \u00cent\u00e2lnirea a fost organizat\u0103 de Agen\u0163ia Local\u0103 a Energiei Alba \u015fi a reprezentat un bun prilej pentru administra\u0163iile locale s\u0103 fac\u0103 un schimb de &hellip;<\/p>\n","protected":false},"author":20,"featured_media":31729,"comment_status":"open","ping_status":"open","sticky":false,"template":"","format":"standard","meta":{"inline_featured_image":false,"footnotes":""},"categories":[2034],"tags":[7033,7490,5015,4476,1802,839,625,7489,3872,76],"class_list":["post-31728","post","type-post","status-publish","format-standard","has-post-thumbnail","hentry","category-social","tag-alea","tag-anvelopare","tag-energie","tag-fonduri-europene","tag-locuinte","tag-primari","tag-proiecte","tag-regenerabila","tag-solutii","tag-urbea-mea"],"yoast_head":"<!-- This site is optimized with the Yoast SEO plugin v28.3 - https:\/\/yoast.com\/product\/yoast-seo-wordpress\/ -->\n<title>Sprijin pentru prim\u0103rii \u00een implementarea solu\u0163iilor de pe pia\u0163a energiei regenerabile - Revista Urbea Mea - Revista de Alba<\/title>\n<meta name=\"description\" content=\"Mai mul\u0163i primari \u015fi reprezentan\u0163i ai autorit\u0103\u0163ilor publice locale au luat parte ast\u0103zi la discu\u0163ii pe tema solu\u0163iilor \u015fi proiectelor pe care le pot\" \/>\n<meta name=\"robots\" content=\"index, follow, max-snippet:-1, max-image-preview:large, max-video-preview:-1\" \/>\n<link rel=\"canonical\" href=\"https:\/\/urbeamea.ro\/albaiulia\/sprijin-pentru-primarii-in-implementarea-solutiilor-de-pe-piata-energiei-regenerabile\/\" \/>\n<meta name=\"twitter:card\" content=\"summary_large_image\" \/>\n<meta name=\"twitter:title\" content=\"Sprijin pentru prim\u0103rii \u00een implementarea solu\u0163iilor de pe pia\u0163a energiei regenerabile - Revista Urbea Mea - Revista de Alba\" \/>\n<meta name=\"twitter:description\" content=\"Mai mul\u0163i primari \u015fi reprezentan\u0163i ai autorit\u0103\u0163ilor publice locale au luat parte ast\u0103zi la discu\u0163ii pe tema solu\u0163iilor \u015fi proiectelor pe care le pot\" \/>\n<meta name=\"twitter:image\" content=\"https:\/\/urbeamea.ro\/albaiulia\/wp-content\/uploads\/2016\/09\/intalnire-ALEA.jpg\" \/>\n<meta name=\"twitter:creator\" content=\"@urbeameaweb\" \/>\n<meta name=\"twitter:site\" content=\"@urbeameaweb\" \/>\n<script type=\"application\/ld+json\" class=\"yoast-schema-graph\">{\"@context\":\"https:\\\/\\\/schema.org\",\"@graph\":[{\"@type\":\"Article\",\"@id\":\"https:\\\/\\\/urbeamea.ro\\\/albaiulia\\\/sprijin-pentru-primarii-in-implementarea-solutiilor-de-pe-piata-energiei-regenerabile\\\/#article\",\"isPartOf\":{\"@id\":\"https:\\\/\\\/urbeamea.ro\\\/albaiulia\\\/sprijin-pentru-primarii-in-implementarea-solutiilor-de-pe-piata-energiei-regenerabile\\\/\"},\"author\":{\"name\":\"Adriana Avram\",\"@id\":\"https:\\\/\\\/urbeamea.ro\\\/albaiulia\\\/#\\\/schema\\\/person\\\/cfaa27fc3da4a9a2cf2fee3650afc5d0\"},\"headline\":\"Sprijin pentru prim\u0103rii \u00een implementarea solu\u0163iilor de pe pia\u0163a energiei regenerabile\",\"datePublished\":\"2016-09-14T10:53:05+00:00\",\"mainEntityOfPage\":{\"@id\":\"https:\\\/\\\/urbeamea.ro\\\/albaiulia\\\/sprijin-pentru-primarii-in-implementarea-solutiilor-de-pe-piata-energiei-regenerabile\\\/\"},\"wordCount\":212,\"commentCount\":0,\"image\":{\"@id\":\"https:\\\/\\\/urbeamea.ro\\\/albaiulia\\\/sprijin-pentru-primarii-in-implementarea-solutiilor-de-pe-piata-energiei-regenerabile\\\/#primaryimage\"},\"thumbnailUrl\":\"https:\\\/\\\/urbeamea.ro\\\/albaiulia\\\/wp-content\\\/uploads\\\/2016\\\/09\\\/intalnire-ALEA.jpg\",\"keywords\":[\"ALEA\",\"anvelopare\",\"energie\",\"fonduri europene\",\"locuinte\",\"primari\",\"proiecte\",\"regenerabila\",\"solutii\",\"Urbea Mea\"],\"articleSection\":[\"Social\"],\"inLanguage\":\"ro-RO\",\"potentialAction\":[{\"@type\":\"CommentAction\",\"name\":\"Comment\",\"target\":[\"https:\\\/\\\/urbeamea.ro\\\/albaiulia\\\/sprijin-pentru-primarii-in-implementarea-solutiilor-de-pe-piata-energiei-regenerabile\\\/#respond\"]}]},{\"@type\":\"WebPage\",\"@id\":\"https:\\\/\\\/urbeamea.ro\\\/albaiulia\\\/sprijin-pentru-primarii-in-implementarea-solutiilor-de-pe-piata-energiei-regenerabile\\\/\",\"url\":\"https:\\\/\\\/urbeamea.ro\\\/albaiulia\\\/sprijin-pentru-primarii-in-implementarea-solutiilor-de-pe-piata-energiei-regenerabile\\\/\",\"name\":\"Sprijin pentru prim\u0103rii \u00een implementarea solu\u0163iilor de pe pia\u0163a energiei regenerabile - Revista Urbea Mea - Revista de Alba\",\"isPartOf\":{\"@id\":\"https:\\\/\\\/urbeamea.ro\\\/albaiulia\\\/#website\"},\"primaryImageOfPage\":{\"@id\":\"https:\\\/\\\/urbeamea.ro\\\/albaiulia\\\/sprijin-pentru-primarii-in-implementarea-solutiilor-de-pe-piata-energiei-regenerabile\\\/#primaryimage\"},\"image\":{\"@id\":\"https:\\\/\\\/urbeamea.ro\\\/albaiulia\\\/sprijin-pentru-primarii-in-implementarea-solutiilor-de-pe-piata-energiei-regenerabile\\\/#primaryimage\"},\"thumbnailUrl\":\"https:\\\/\\\/urbeamea.ro\\\/albaiulia\\\/wp-content\\\/uploads\\\/2016\\\/09\\\/intalnire-ALEA.jpg\",\"datePublished\":\"2016-09-14T10:53:05+00:00\",\"author\":{\"@id\":\"https:\\\/\\\/urbeamea.ro\\\/albaiulia\\\/#\\\/schema\\\/person\\\/cfaa27fc3da4a9a2cf2fee3650afc5d0\"},\"description\":\"Mai mul\u0163i primari \u015fi reprezentan\u0163i ai autorit\u0103\u0163ilor publice locale au luat parte ast\u0103zi la discu\u0163ii pe tema solu\u0163iilor \u015fi proiectelor pe care le pot\",\"breadcrumb\":{\"@id\":\"https:\\\/\\\/urbeamea.ro\\\/albaiulia\\\/sprijin-pentru-primarii-in-implementarea-solutiilor-de-pe-piata-energiei-regenerabile\\\/#breadcrumb\"},\"inLanguage\":\"ro-RO\",\"potentialAction\":[{\"@type\":\"ReadAction\",\"target\":[\"https:\\\/\\\/urbeamea.ro\\\/albaiulia\\\/sprijin-pentru-primarii-in-implementarea-solutiilor-de-pe-piata-energiei-regenerabile\\\/\"]}]},{\"@type\":\"ImageObject\",\"inLanguage\":\"ro-RO\",\"@id\":\"https:\\\/\\\/urbeamea.ro\\\/albaiulia\\\/sprijin-pentru-primarii-in-implementarea-solutiilor-de-pe-piata-energiei-regenerabile\\\/#primaryimage\",\"url\":\"https:\\\/\\\/urbeamea.ro\\\/albaiulia\\\/wp-content\\\/uploads\\\/2016\\\/09\\\/intalnire-ALEA.jpg\",\"contentUrl\":\"https:\\\/\\\/urbeamea.ro\\\/albaiulia\\\/wp-content\\\/uploads\\\/2016\\\/09\\\/intalnire-ALEA.jpg\",\"width\":1088,\"height\":616},{\"@type\":\"BreadcrumbList\",\"@id\":\"https:\\\/\\\/urbeamea.ro\\\/albaiulia\\\/sprijin-pentru-primarii-in-implementarea-solutiilor-de-pe-piata-energiei-regenerabile\\\/#breadcrumb\",\"itemListElement\":[{\"@type\":\"ListItem\",\"position\":1,\"name\":\"Prima pagin\u0103\",\"item\":\"https:\\\/\\\/urbeamea.ro\\\/albaiulia\\\/\"},{\"@type\":\"ListItem\",\"position\":2,\"name\":\"Sprijin pentru prim\u0103rii \u00een implementarea solu\u0163iilor de pe pia\u0163a energiei regenerabile\"}]},{\"@type\":\"WebSite\",\"@id\":\"https:\\\/\\\/urbeamea.ro\\\/albaiulia\\\/#website\",\"url\":\"https:\\\/\\\/urbeamea.ro\\\/albaiulia\\\/\",\"name\":\"Revista Urbea Mea, Stiri urbane\",\"description\":\"Evenimente \u0219i \u0219tiri din Alba Iulia, Sebe\u0219, Aiud, Blaj\",\"potentialAction\":[{\"@type\":\"SearchAction\",\"target\":{\"@type\":\"EntryPoint\",\"urlTemplate\":\"https:\\\/\\\/urbeamea.ro\\\/albaiulia\\\/?s={search_term_string}\"},\"query-input\":{\"@type\":\"PropertyValueSpecification\",\"valueRequired\":true,\"valueName\":\"search_term_string\"}}],\"inLanguage\":\"ro-RO\"},{\"@type\":\"Person\",\"@id\":\"https:\\\/\\\/urbeamea.ro\\\/albaiulia\\\/#\\\/schema\\\/person\\\/cfaa27fc3da4a9a2cf2fee3650afc5d0\",\"name\":\"Adriana Avram\",\"image\":{\"@type\":\"ImageObject\",\"inLanguage\":\"ro-RO\",\"@id\":\"https:\\\/\\\/secure.gravatar.com\\\/avatar\\\/3cc61eb1584088e0099c1763903a6421c5ce6cdf45fc2d424046dc621efc21f9?s=96&d=mm&r=g\",\"url\":\"https:\\\/\\\/secure.gravatar.com\\\/avatar\\\/3cc61eb1584088e0099c1763903a6421c5ce6cdf45fc2d424046dc621efc21f9?s=96&d=mm&r=g\",\"contentUrl\":\"https:\\\/\\\/secure.gravatar.com\\\/avatar\\\/3cc61eb1584088e0099c1763903a6421c5ce6cdf45fc2d424046dc621efc21f9?s=96&d=mm&r=g\",\"caption\":\"Adriana Avram\"},\"description\":\"Jurnalist\",\"sameAs\":[\"https:\\\/\\\/www.facebook.com\\\/avram.adriana.7?fref=ts\"],\"url\":\"https:\\\/\\\/urbeamea.ro\\\/albaiulia\\\/author\\\/adriana-avram\\\/\"}]}<\/script>\n<!-- \/ Yoast SEO plugin. -->","yoast_head_json":{"title":"Sprijin pentru prim\u0103rii \u00een implementarea solu\u0163iilor de pe pia\u0163a energiei regenerabile - Revista Urbea Mea - Revista de Alba","description":"Mai mul\u0163i primari \u015fi reprezentan\u0163i ai autorit\u0103\u0163ilor publice locale au luat parte ast\u0103zi la discu\u0163ii pe tema solu\u0163iilor \u015fi proiectelor pe care le pot","robots":{"index":"index","follow":"follow","max-snippet":"max-snippet:-1","max-image-preview":"max-image-preview:large","max-video-preview":"max-video-preview:-1"},"canonical":"https:\/\/urbeamea.ro\/albaiulia\/sprijin-pentru-primarii-in-implementarea-solutiilor-de-pe-piata-energiei-regenerabile\/","twitter_card":"summary_large_image","twitter_title":"Sprijin pentru prim\u0103rii \u00een implementarea solu\u0163iilor de pe pia\u0163a energiei regenerabile - Revista Urbea Mea - Revista de Alba","twitter_description":"Mai mul\u0163i primari \u015fi reprezentan\u0163i ai autorit\u0103\u0163ilor publice locale au luat parte ast\u0103zi la discu\u0163ii pe tema solu\u0163iilor \u015fi proiectelor pe care le pot","twitter_image":"https:\/\/urbeamea.ro\/albaiulia\/wp-content\/uploads\/2016\/09\/intalnire-ALEA.jpg","twitter_creator":"@urbeameaweb","twitter_site":"@urbeameaweb","schema":{"@context":"https:\/\/schema.org","@graph":[{"@type":"Article","@id":"https:\/\/urbeamea.ro\/albaiulia\/sprijin-pentru-primarii-in-implementarea-solutiilor-de-pe-piata-energiei-regenerabile\/#article","isPartOf":{"@id":"https:\/\/urbeamea.ro\/albaiulia\/sprijin-pentru-primarii-in-implementarea-solutiilor-de-pe-piata-energiei-regenerabile\/"},"author":{"name":"Adriana Avram","@id":"https:\/\/urbeamea.ro\/albaiulia\/#\/schema\/person\/cfaa27fc3da4a9a2cf2fee3650afc5d0"},"headline":"Sprijin pentru prim\u0103rii \u00een implementarea solu\u0163iilor de pe pia\u0163a energiei regenerabile","datePublished":"2016-09-14T10:53:05+00:00","mainEntityOfPage":{"@id":"https:\/\/urbeamea.ro\/albaiulia\/sprijin-pentru-primarii-in-implementarea-solutiilor-de-pe-piata-energiei-regenerabile\/"},"wordCount":212,"commentCount":0,"image":{"@id":"https:\/\/urbeamea.ro\/albaiulia\/sprijin-pentru-primarii-in-implementarea-solutiilor-de-pe-piata-energiei-regenerabile\/#primaryimage"},"thumbnailUrl":"https:\/\/urbeamea.ro\/albaiulia\/wp-content\/uploads\/2016\/09\/intalnire-ALEA.jpg","keywords":["ALEA","anvelopare","energie","fonduri europene","locuinte","primari","proiecte","regenerabila","solutii","Urbea Mea"],"articleSection":["Social"],"inLanguage":"ro-RO","potentialAction":[{"@type":"CommentAction","name":"Comment","target":["https:\/\/urbeamea.ro\/albaiulia\/sprijin-pentru-primarii-in-implementarea-solutiilor-de-pe-piata-energiei-regenerabile\/#respond"]}]},{"@type":"WebPage","@id":"https:\/\/urbeamea.ro\/albaiulia\/sprijin-pentru-primarii-in-implementarea-solutiilor-de-pe-piata-energiei-regenerabile\/","url":"https:\/\/urbeamea.ro\/albaiulia\/sprijin-pentru-primarii-in-implementarea-solutiilor-de-pe-piata-energiei-regenerabile\/","name":"Sprijin pentru prim\u0103rii \u00een implementarea solu\u0163iilor de pe pia\u0163a energiei regenerabile - Revista Urbea Mea - Revista de Alba","isPartOf":{"@id":"https:\/\/urbeamea.ro\/albaiulia\/#website"},"primaryImageOfPage":{"@id":"https:\/\/urbeamea.ro\/albaiulia\/sprijin-pentru-primarii-in-implementarea-solutiilor-de-pe-piata-energiei-regenerabile\/#primaryimage"},"image":{"@id":"https:\/\/urbeamea.ro\/albaiulia\/sprijin-pentru-primarii-in-implementarea-solutiilor-de-pe-piata-energiei-regenerabile\/#primaryimage"},"thumbnailUrl":"https:\/\/urbeamea.ro\/albaiulia\/wp-content\/uploads\/2016\/09\/intalnire-ALEA.jpg","datePublished":"2016-09-14T10:53:05+00:00","author":{"@id":"https:\/\/urbeamea.ro\/albaiulia\/#\/schema\/person\/cfaa27fc3da4a9a2cf2fee3650afc5d0"},"description":"Mai mul\u0163i primari \u015fi reprezentan\u0163i ai autorit\u0103\u0163ilor publice locale au luat parte ast\u0103zi la discu\u0163ii pe tema solu\u0163iilor \u015fi proiectelor pe care le pot","breadcrumb":{"@id":"https:\/\/urbeamea.ro\/albaiulia\/sprijin-pentru-primarii-in-implementarea-solutiilor-de-pe-piata-energiei-regenerabile\/#breadcrumb"},"inLanguage":"ro-RO","potentialAction":[{"@type":"ReadAction","target":["https:\/\/urbeamea.ro\/albaiulia\/sprijin-pentru-primarii-in-implementarea-solutiilor-de-pe-piata-energiei-regenerabile\/"]}]},{"@type":"ImageObject","inLanguage":"ro-RO","@id":"https:\/\/urbeamea.ro\/albaiulia\/sprijin-pentru-primarii-in-implementarea-solutiilor-de-pe-piata-energiei-regenerabile\/#primaryimage","url":"https:\/\/urbeamea.ro\/albaiulia\/wp-content\/uploads\/2016\/09\/intalnire-ALEA.jpg","contentUrl":"https:\/\/urbeamea.ro\/albaiulia\/wp-content\/uploads\/2016\/09\/intalnire-ALEA.jpg","width":1088,"height":616},{"@type":"BreadcrumbList","@id":"https:\/\/urbeamea.ro\/albaiulia\/sprijin-pentru-primarii-in-implementarea-solutiilor-de-pe-piata-energiei-regenerabile\/#breadcrumb","itemListElement":[{"@type":"ListItem","position":1,"name":"Prima pagin\u0103","item":"https:\/\/urbeamea.ro\/albaiulia\/"},{"@type":"ListItem","position":2,"name":"Sprijin pentru prim\u0103rii \u00een implementarea solu\u0163iilor de pe pia\u0163a energiei regenerabile"}]},{"@type":"WebSite","@id":"https:\/\/urbeamea.ro\/albaiulia\/#website","url":"https:\/\/urbeamea.ro\/albaiulia\/","name":"Revista Urbea Mea, Stiri urbane","description":"Evenimente \u0219i \u0219tiri din Alba Iulia, Sebe\u0219, Aiud, Blaj","potentialAction":[{"@type":"SearchAction","target":{"@type":"EntryPoint","urlTemplate":"https:\/\/urbeamea.ro\/albaiulia\/?s={search_term_string}"},"query-input":{"@type":"PropertyValueSpecification","valueRequired":true,"valueName":"search_term_string"}}],"inLanguage":"ro-RO"},{"@type":"Person","@id":"https:\/\/urbeamea.ro\/albaiulia\/#\/schema\/person\/cfaa27fc3da4a9a2cf2fee3650afc5d0","name":"Adriana Avram","image":{"@type":"ImageObject","inLanguage":"ro-RO","@id":"https:\/\/secure.gravatar.com\/avatar\/3cc61eb1584088e0099c1763903a6421c5ce6cdf45fc2d424046dc621efc21f9?s=96&d=mm&r=g","url":"https:\/\/secure.gravatar.com\/avatar\/3cc61eb1584088e0099c1763903a6421c5ce6cdf45fc2d424046dc621efc21f9?s=96&d=mm&r=g","contentUrl":"https:\/\/secure.gravatar.com\/avatar\/3cc61eb1584088e0099c1763903a6421c5ce6cdf45fc2d424046dc621efc21f9?s=96&d=mm&r=g","caption":"Adriana Avram"},"description":"Jurnalist","sameAs":["https:\/\/www.facebook.com\/avram.adriana.7?fref=ts"],"url":"https:\/\/urbeamea.ro\/albaiulia\/author\/adriana-avram\/"}]}},"_links":{"self":[{"href":"https:\/\/urbeamea.ro\/albaiulia\/wp-json\/wp\/v2\/posts\/31728","targetHints":{"allow":["GET"]}}],"collection":[{"href":"https:\/\/urbeamea.ro\/albaiulia\/wp-json\/wp\/v2\/posts"}],"about":[{"href":"https:\/\/urbeamea.ro\/albaiulia\/wp-json\/wp\/v2\/types\/post"}],"author":[{"embeddable":true,"href":"https:\/\/urbeamea.ro\/albaiulia\/wp-json\/wp\/v2\/users\/20"}],"replies":[{"embeddable":true,"href":"https:\/\/urbeamea.ro\/albaiulia\/wp-json\/wp\/v2\/comments?post=31728"}],"version-history":[{"count":0,"href":"https:\/\/urbeamea.ro\/albaiulia\/wp-json\/wp\/v2\/posts\/31728\/revisions"}],"wp:featuredmedia":[{"embeddable":true,"href":"https:\/\/urbeamea.ro\/albaiulia\/wp-json\/wp\/v2\/media\/31729"}],"wp:attachment":[{"href":"https:\/\/urbeamea.ro\/albaiulia\/wp-json\/wp\/v2\/media?parent=31728"}],"wp:term":[{"taxonomy":"category","embeddable":true,"href":"https:\/\/urbeamea.ro\/albaiulia\/wp-json\/wp\/v2\/categories?post=31728"},{"taxonomy":"post_tag","embeddable":true,"href":"https:\/\/urbeamea.ro\/albaiulia\/wp-json\/wp\/v2\/tags?post=31728"}],"curies":[{"name":"wp","href":"https:\/\/api.w.org\/{rel}","templated":true}]}}