{"id":31755,"date":"2016-09-15T13:23:51","date_gmt":"2016-09-15T10:23:51","guid":{"rendered":"http:\/\/urbeamea.ro\/albaiulia\/?p=31755"},"modified":"2016-09-15T13:23:51","modified_gmt":"2016-09-15T10:23:51","slug":"mancarea-din-spitale-va-fi-mai-consistenta-guvernul-a-decis-cresterea-alocatiei-pentru-hrana","status":"publish","type":"post","link":"https:\/\/urbeamea.ro\/albaiulia\/mancarea-din-spitale-va-fi-mai-consistenta-guvernul-a-decis-cresterea-alocatiei-pentru-hrana\/","title":{"rendered":"M\u00e2ncarea din spitale va fi mai consistent\u0103. Guvernul a decis cre\u0219terea aloca\u021biei pentru hran\u0103"},"content":{"rendered":"<p><strong><img loading=\"lazy\" decoding=\"async\" class=\"alignleft size-medium wp-image-31758\" src=\"http:\/\/urbeamea.ro\/albaiulia\/wp-content\/uploads\/2016\/09\/bucatarie-spital-alba.jpg.pagespeed.ce_.NmCu8Otqiw-300x225.jpg\" alt=\"bucatarie-spital-alba-jpg-pagespeed-ce-nmcu8otqiw\" width=\"300\" height=\"225\" \/>M\u00e2ncarea oferit\u0103 pacien\u021bilor \u00een spitalele de stat va fi ceva mai consistent\u0103. Guvernul a aprobat cre\u0219terea aloca\u021biei pentru hran\u0103 p\u00e2n\u0103 la 19 lei. Ultima modificare a fost f\u0103cut\u0103 \u00een 2008.<\/strong><\/p>\n<p>\u021ain\u00e2nd cont de evolu\u021bia pre\u021burilor din 2008 p\u00e2n\u0103 \u00een prezent, Guvernul a luat decizia de a adapta aloca\u021bia pentru hran\u0103 \u00een spitale. Potrivit statisticilor, \u00een aceast\u0103 perioad\u0103, pre\u021burile de consum au crescut cu 108%. Ultima ini\u021biativ\u0103 de acest gen a fost f\u0103cut\u0103 \u00een 2014, \u00eens\u0103 atunci a r\u0103mas neconcretizat\u0103.<\/p>\n<p>Acum au fost ad\u0103uga\u0163i pentru prima oar\u0103 \u0219i bolnavi \u00een regim de hemodializ\u0103 pentru aceast\u0103 hran\u0103. Spitalele ar urma s\u0103 suporte din bugetele proprii aceste major\u0103ri, \u00eens\u0103 vor beneficia de sprijinul CNAS. Institu\u021bia va deconta aceste cheltuieli, pentru a \u00eenl\u0103tura povara costurilor suplimentare. M\u0103sura ar urma s\u0103 intre \u00een vigoare \u00eencep\u00e2nd de luna viitoare.<\/p>\n","protected":false},"excerpt":{"rendered":"<p>M\u00e2ncarea oferit\u0103 pacien\u021bilor \u00een spitalele de stat va fi ceva mai consistent\u0103. Guvernul a aprobat cre\u0219terea aloca\u021biei pentru hran\u0103 p\u00e2n\u0103 la 19 lei. Ultima modificare a fost f\u0103cut\u0103 \u00een 2008. \u021ain\u00e2nd cont de evolu\u021bia pre\u021burilor din 2008 p\u00e2n\u0103 \u00een prezent, Guvernul a luat decizia de a adapta aloca\u021bia pentru hran\u0103 \u00een spitale. Potrivit statisticilor, \u00een &hellip;<\/p>\n","protected":false},"author":20,"featured_media":31758,"comment_status":"open","ping_status":"open","sticky":false,"template":"","format":"standard","meta":{"inline_featured_image":false,"footnotes":""},"categories":[255,2034],"tags":[7506,7196,1781,7508,7507,5921,1335,144,1068,76],"class_list":["post-31755","post","type-post","status-publish","format-standard","has-post-thumbnail","hentry","category-sanatate","category-social","tag-alocatie","tag-costuri","tag-guvern","tag-hemodializa","tag-hrana","tag-norma","tag-pacienti","tag-preturi","tag-spitale","tag-urbea-mea"],"yoast_head":"<!-- This site is optimized with the Yoast SEO plugin v28.3 - https:\/\/yoast.com\/product\/yoast-seo-wordpress\/ -->\n<title>M\u00e2ncarea din spitale va fi mai consistent\u0103. Guvernul a decis cre\u0219terea aloca\u021biei pentru hran\u0103 - Revista Urbea Mea - Revista de Alba<\/title>\n<meta name=\"description\" content=\"M\u00e2ncarea oferit\u0103 pacien\u021bilor \u00een spitalele de stat va fi ceva mai consistent\u0103. Guvernul a aprobat cre\u0219terea aloca\u021biei pentru hran\u0103 p\u00e2n\u0103 la 19 lei. Ultima\" \/>\n<meta name=\"robots\" content=\"index, follow, max-snippet:-1, max-image-preview:large, max-video-preview:-1\" \/>\n<link rel=\"canonical\" href=\"https:\/\/urbeamea.ro\/albaiulia\/mancarea-din-spitale-va-fi-mai-consistenta-guvernul-a-decis-cresterea-alocatiei-pentru-hrana\/\" \/>\n<meta name=\"twitter:card\" content=\"summary_large_image\" \/>\n<meta name=\"twitter:title\" content=\"M\u00e2ncarea din spitale va fi mai consistent\u0103. Guvernul a decis cre\u0219terea aloca\u021biei pentru hran\u0103 - Revista Urbea Mea - Revista de Alba\" \/>\n<meta name=\"twitter:description\" content=\"M\u00e2ncarea oferit\u0103 pacien\u021bilor \u00een spitalele de stat va fi ceva mai consistent\u0103. Guvernul a aprobat cre\u0219terea aloca\u021biei pentru hran\u0103 p\u00e2n\u0103 la 19 lei. Ultima\" \/>\n<meta name=\"twitter:image\" content=\"https:\/\/urbeamea.ro\/albaiulia\/wp-content\/uploads\/2016\/09\/bucatarie-spital-alba.jpg.pagespeed.ce_.NmCu8Otqiw.jpg\" \/>\n<meta name=\"twitter:creator\" content=\"@urbeameaweb\" \/>\n<meta name=\"twitter:site\" content=\"@urbeameaweb\" \/>\n<script type=\"application\/ld+json\" class=\"yoast-schema-graph\">{\"@context\":\"https:\\\/\\\/schema.org\",\"@graph\":[{\"@type\":\"Article\",\"@id\":\"https:\\\/\\\/urbeamea.ro\\\/albaiulia\\\/mancarea-din-spitale-va-fi-mai-consistenta-guvernul-a-decis-cresterea-alocatiei-pentru-hrana\\\/#article\",\"isPartOf\":{\"@id\":\"https:\\\/\\\/urbeamea.ro\\\/albaiulia\\\/mancarea-din-spitale-va-fi-mai-consistenta-guvernul-a-decis-cresterea-alocatiei-pentru-hrana\\\/\"},\"author\":{\"name\":\"Adriana Avram\",\"@id\":\"https:\\\/\\\/urbeamea.ro\\\/albaiulia\\\/#\\\/schema\\\/person\\\/cfaa27fc3da4a9a2cf2fee3650afc5d0\"},\"headline\":\"M\u00e2ncarea din spitale va fi mai consistent\u0103. Guvernul a decis cre\u0219terea aloca\u021biei pentru hran\u0103\",\"datePublished\":\"2016-09-15T10:23:51+00:00\",\"mainEntityOfPage\":{\"@id\":\"https:\\\/\\\/urbeamea.ro\\\/albaiulia\\\/mancarea-din-spitale-va-fi-mai-consistenta-guvernul-a-decis-cresterea-alocatiei-pentru-hrana\\\/\"},\"wordCount\":167,\"commentCount\":0,\"image\":{\"@id\":\"https:\\\/\\\/urbeamea.ro\\\/albaiulia\\\/mancarea-din-spitale-va-fi-mai-consistenta-guvernul-a-decis-cresterea-alocatiei-pentru-hrana\\\/#primaryimage\"},\"thumbnailUrl\":\"https:\\\/\\\/urbeamea.ro\\\/albaiulia\\\/wp-content\\\/uploads\\\/2016\\\/09\\\/bucatarie-spital-alba.jpg.pagespeed.ce_.NmCu8Otqiw.jpg\",\"keywords\":[\"alocatie\",\"costuri\",\"guvern\",\"hemodializa\",\"hrana\",\"norma\",\"pacienti\",\"preturi\",\"spitale\",\"Urbea Mea\"],\"articleSection\":[\"S\u0103n\u0103tate\",\"Social\"],\"inLanguage\":\"ro-RO\",\"potentialAction\":[{\"@type\":\"CommentAction\",\"name\":\"Comment\",\"target\":[\"https:\\\/\\\/urbeamea.ro\\\/albaiulia\\\/mancarea-din-spitale-va-fi-mai-consistenta-guvernul-a-decis-cresterea-alocatiei-pentru-hrana\\\/#respond\"]}]},{\"@type\":\"WebPage\",\"@id\":\"https:\\\/\\\/urbeamea.ro\\\/albaiulia\\\/mancarea-din-spitale-va-fi-mai-consistenta-guvernul-a-decis-cresterea-alocatiei-pentru-hrana\\\/\",\"url\":\"https:\\\/\\\/urbeamea.ro\\\/albaiulia\\\/mancarea-din-spitale-va-fi-mai-consistenta-guvernul-a-decis-cresterea-alocatiei-pentru-hrana\\\/\",\"name\":\"M\u00e2ncarea din spitale va fi mai consistent\u0103. Guvernul a decis cre\u0219terea aloca\u021biei pentru hran\u0103 - Revista Urbea Mea - Revista de Alba\",\"isPartOf\":{\"@id\":\"https:\\\/\\\/urbeamea.ro\\\/albaiulia\\\/#website\"},\"primaryImageOfPage\":{\"@id\":\"https:\\\/\\\/urbeamea.ro\\\/albaiulia\\\/mancarea-din-spitale-va-fi-mai-consistenta-guvernul-a-decis-cresterea-alocatiei-pentru-hrana\\\/#primaryimage\"},\"image\":{\"@id\":\"https:\\\/\\\/urbeamea.ro\\\/albaiulia\\\/mancarea-din-spitale-va-fi-mai-consistenta-guvernul-a-decis-cresterea-alocatiei-pentru-hrana\\\/#primaryimage\"},\"thumbnailUrl\":\"https:\\\/\\\/urbeamea.ro\\\/albaiulia\\\/wp-content\\\/uploads\\\/2016\\\/09\\\/bucatarie-spital-alba.jpg.pagespeed.ce_.NmCu8Otqiw.jpg\",\"datePublished\":\"2016-09-15T10:23:51+00:00\",\"author\":{\"@id\":\"https:\\\/\\\/urbeamea.ro\\\/albaiulia\\\/#\\\/schema\\\/person\\\/cfaa27fc3da4a9a2cf2fee3650afc5d0\"},\"description\":\"M\u00e2ncarea oferit\u0103 pacien\u021bilor \u00een spitalele de stat va fi ceva mai consistent\u0103. Guvernul a aprobat cre\u0219terea aloca\u021biei pentru hran\u0103 p\u00e2n\u0103 la 19 lei. Ultima\",\"breadcrumb\":{\"@id\":\"https:\\\/\\\/urbeamea.ro\\\/albaiulia\\\/mancarea-din-spitale-va-fi-mai-consistenta-guvernul-a-decis-cresterea-alocatiei-pentru-hrana\\\/#breadcrumb\"},\"inLanguage\":\"ro-RO\",\"potentialAction\":[{\"@type\":\"ReadAction\",\"target\":[\"https:\\\/\\\/urbeamea.ro\\\/albaiulia\\\/mancarea-din-spitale-va-fi-mai-consistenta-guvernul-a-decis-cresterea-alocatiei-pentru-hrana\\\/\"]}]},{\"@type\":\"ImageObject\",\"inLanguage\":\"ro-RO\",\"@id\":\"https:\\\/\\\/urbeamea.ro\\\/albaiulia\\\/mancarea-din-spitale-va-fi-mai-consistenta-guvernul-a-decis-cresterea-alocatiei-pentru-hrana\\\/#primaryimage\",\"url\":\"https:\\\/\\\/urbeamea.ro\\\/albaiulia\\\/wp-content\\\/uploads\\\/2016\\\/09\\\/bucatarie-spital-alba.jpg.pagespeed.ce_.NmCu8Otqiw.jpg\",\"contentUrl\":\"https:\\\/\\\/urbeamea.ro\\\/albaiulia\\\/wp-content\\\/uploads\\\/2016\\\/09\\\/bucatarie-spital-alba.jpg.pagespeed.ce_.NmCu8Otqiw.jpg\",\"width\":960,\"height\":720},{\"@type\":\"BreadcrumbList\",\"@id\":\"https:\\\/\\\/urbeamea.ro\\\/albaiulia\\\/mancarea-din-spitale-va-fi-mai-consistenta-guvernul-a-decis-cresterea-alocatiei-pentru-hrana\\\/#breadcrumb\",\"itemListElement\":[{\"@type\":\"ListItem\",\"position\":1,\"name\":\"Prima pagin\u0103\",\"item\":\"https:\\\/\\\/urbeamea.ro\\\/albaiulia\\\/\"},{\"@type\":\"ListItem\",\"position\":2,\"name\":\"M\u00e2ncarea din spitale va fi mai consistent\u0103. Guvernul a decis cre\u0219terea aloca\u021biei pentru hran\u0103\"}]},{\"@type\":\"WebSite\",\"@id\":\"https:\\\/\\\/urbeamea.ro\\\/albaiulia\\\/#website\",\"url\":\"https:\\\/\\\/urbeamea.ro\\\/albaiulia\\\/\",\"name\":\"Revista Urbea Mea, Stiri urbane\",\"description\":\"Evenimente \u0219i \u0219tiri din Alba Iulia, Sebe\u0219, Aiud, Blaj\",\"potentialAction\":[{\"@type\":\"SearchAction\",\"target\":{\"@type\":\"EntryPoint\",\"urlTemplate\":\"https:\\\/\\\/urbeamea.ro\\\/albaiulia\\\/?s={search_term_string}\"},\"query-input\":{\"@type\":\"PropertyValueSpecification\",\"valueRequired\":true,\"valueName\":\"search_term_string\"}}],\"inLanguage\":\"ro-RO\"},{\"@type\":\"Person\",\"@id\":\"https:\\\/\\\/urbeamea.ro\\\/albaiulia\\\/#\\\/schema\\\/person\\\/cfaa27fc3da4a9a2cf2fee3650afc5d0\",\"name\":\"Adriana Avram\",\"image\":{\"@type\":\"ImageObject\",\"inLanguage\":\"ro-RO\",\"@id\":\"https:\\\/\\\/secure.gravatar.com\\\/avatar\\\/3cc61eb1584088e0099c1763903a6421c5ce6cdf45fc2d424046dc621efc21f9?s=96&d=mm&r=g\",\"url\":\"https:\\\/\\\/secure.gravatar.com\\\/avatar\\\/3cc61eb1584088e0099c1763903a6421c5ce6cdf45fc2d424046dc621efc21f9?s=96&d=mm&r=g\",\"contentUrl\":\"https:\\\/\\\/secure.gravatar.com\\\/avatar\\\/3cc61eb1584088e0099c1763903a6421c5ce6cdf45fc2d424046dc621efc21f9?s=96&d=mm&r=g\",\"caption\":\"Adriana Avram\"},\"description\":\"Jurnalist\",\"sameAs\":[\"https:\\\/\\\/www.facebook.com\\\/avram.adriana.7?fref=ts\"],\"url\":\"https:\\\/\\\/urbeamea.ro\\\/albaiulia\\\/author\\\/adriana-avram\\\/\"}]}<\/script>\n<!-- \/ Yoast SEO plugin. -->","yoast_head_json":{"title":"M\u00e2ncarea din spitale va fi mai consistent\u0103. Guvernul a decis cre\u0219terea aloca\u021biei pentru hran\u0103 - Revista Urbea Mea - Revista de Alba","description":"M\u00e2ncarea oferit\u0103 pacien\u021bilor \u00een spitalele de stat va fi ceva mai consistent\u0103. Guvernul a aprobat cre\u0219terea aloca\u021biei pentru hran\u0103 p\u00e2n\u0103 la 19 lei. Ultima","robots":{"index":"index","follow":"follow","max-snippet":"max-snippet:-1","max-image-preview":"max-image-preview:large","max-video-preview":"max-video-preview:-1"},"canonical":"https:\/\/urbeamea.ro\/albaiulia\/mancarea-din-spitale-va-fi-mai-consistenta-guvernul-a-decis-cresterea-alocatiei-pentru-hrana\/","twitter_card":"summary_large_image","twitter_title":"M\u00e2ncarea din spitale va fi mai consistent\u0103. Guvernul a decis cre\u0219terea aloca\u021biei pentru hran\u0103 - Revista Urbea Mea - Revista de Alba","twitter_description":"M\u00e2ncarea oferit\u0103 pacien\u021bilor \u00een spitalele de stat va fi ceva mai consistent\u0103. Guvernul a aprobat cre\u0219terea aloca\u021biei pentru hran\u0103 p\u00e2n\u0103 la 19 lei. Ultima","twitter_image":"https:\/\/urbeamea.ro\/albaiulia\/wp-content\/uploads\/2016\/09\/bucatarie-spital-alba.jpg.pagespeed.ce_.NmCu8Otqiw.jpg","twitter_creator":"@urbeameaweb","twitter_site":"@urbeameaweb","schema":{"@context":"https:\/\/schema.org","@graph":[{"@type":"Article","@id":"https:\/\/urbeamea.ro\/albaiulia\/mancarea-din-spitale-va-fi-mai-consistenta-guvernul-a-decis-cresterea-alocatiei-pentru-hrana\/#article","isPartOf":{"@id":"https:\/\/urbeamea.ro\/albaiulia\/mancarea-din-spitale-va-fi-mai-consistenta-guvernul-a-decis-cresterea-alocatiei-pentru-hrana\/"},"author":{"name":"Adriana Avram","@id":"https:\/\/urbeamea.ro\/albaiulia\/#\/schema\/person\/cfaa27fc3da4a9a2cf2fee3650afc5d0"},"headline":"M\u00e2ncarea din spitale va fi mai consistent\u0103. Guvernul a decis cre\u0219terea aloca\u021biei pentru hran\u0103","datePublished":"2016-09-15T10:23:51+00:00","mainEntityOfPage":{"@id":"https:\/\/urbeamea.ro\/albaiulia\/mancarea-din-spitale-va-fi-mai-consistenta-guvernul-a-decis-cresterea-alocatiei-pentru-hrana\/"},"wordCount":167,"commentCount":0,"image":{"@id":"https:\/\/urbeamea.ro\/albaiulia\/mancarea-din-spitale-va-fi-mai-consistenta-guvernul-a-decis-cresterea-alocatiei-pentru-hrana\/#primaryimage"},"thumbnailUrl":"https:\/\/urbeamea.ro\/albaiulia\/wp-content\/uploads\/2016\/09\/bucatarie-spital-alba.jpg.pagespeed.ce_.NmCu8Otqiw.jpg","keywords":["alocatie","costuri","guvern","hemodializa","hrana","norma","pacienti","preturi","spitale","Urbea Mea"],"articleSection":["S\u0103n\u0103tate","Social"],"inLanguage":"ro-RO","potentialAction":[{"@type":"CommentAction","name":"Comment","target":["https:\/\/urbeamea.ro\/albaiulia\/mancarea-din-spitale-va-fi-mai-consistenta-guvernul-a-decis-cresterea-alocatiei-pentru-hrana\/#respond"]}]},{"@type":"WebPage","@id":"https:\/\/urbeamea.ro\/albaiulia\/mancarea-din-spitale-va-fi-mai-consistenta-guvernul-a-decis-cresterea-alocatiei-pentru-hrana\/","url":"https:\/\/urbeamea.ro\/albaiulia\/mancarea-din-spitale-va-fi-mai-consistenta-guvernul-a-decis-cresterea-alocatiei-pentru-hrana\/","name":"M\u00e2ncarea din spitale va fi mai consistent\u0103. Guvernul a decis cre\u0219terea aloca\u021biei pentru hran\u0103 - Revista Urbea Mea - Revista de Alba","isPartOf":{"@id":"https:\/\/urbeamea.ro\/albaiulia\/#website"},"primaryImageOfPage":{"@id":"https:\/\/urbeamea.ro\/albaiulia\/mancarea-din-spitale-va-fi-mai-consistenta-guvernul-a-decis-cresterea-alocatiei-pentru-hrana\/#primaryimage"},"image":{"@id":"https:\/\/urbeamea.ro\/albaiulia\/mancarea-din-spitale-va-fi-mai-consistenta-guvernul-a-decis-cresterea-alocatiei-pentru-hrana\/#primaryimage"},"thumbnailUrl":"https:\/\/urbeamea.ro\/albaiulia\/wp-content\/uploads\/2016\/09\/bucatarie-spital-alba.jpg.pagespeed.ce_.NmCu8Otqiw.jpg","datePublished":"2016-09-15T10:23:51+00:00","author":{"@id":"https:\/\/urbeamea.ro\/albaiulia\/#\/schema\/person\/cfaa27fc3da4a9a2cf2fee3650afc5d0"},"description":"M\u00e2ncarea oferit\u0103 pacien\u021bilor \u00een spitalele de stat va fi ceva mai consistent\u0103. Guvernul a aprobat cre\u0219terea aloca\u021biei pentru hran\u0103 p\u00e2n\u0103 la 19 lei. Ultima","breadcrumb":{"@id":"https:\/\/urbeamea.ro\/albaiulia\/mancarea-din-spitale-va-fi-mai-consistenta-guvernul-a-decis-cresterea-alocatiei-pentru-hrana\/#breadcrumb"},"inLanguage":"ro-RO","potentialAction":[{"@type":"ReadAction","target":["https:\/\/urbeamea.ro\/albaiulia\/mancarea-din-spitale-va-fi-mai-consistenta-guvernul-a-decis-cresterea-alocatiei-pentru-hrana\/"]}]},{"@type":"ImageObject","inLanguage":"ro-RO","@id":"https:\/\/urbeamea.ro\/albaiulia\/mancarea-din-spitale-va-fi-mai-consistenta-guvernul-a-decis-cresterea-alocatiei-pentru-hrana\/#primaryimage","url":"https:\/\/urbeamea.ro\/albaiulia\/wp-content\/uploads\/2016\/09\/bucatarie-spital-alba.jpg.pagespeed.ce_.NmCu8Otqiw.jpg","contentUrl":"https:\/\/urbeamea.ro\/albaiulia\/wp-content\/uploads\/2016\/09\/bucatarie-spital-alba.jpg.pagespeed.ce_.NmCu8Otqiw.jpg","width":960,"height":720},{"@type":"BreadcrumbList","@id":"https:\/\/urbeamea.ro\/albaiulia\/mancarea-din-spitale-va-fi-mai-consistenta-guvernul-a-decis-cresterea-alocatiei-pentru-hrana\/#breadcrumb","itemListElement":[{"@type":"ListItem","position":1,"name":"Prima pagin\u0103","item":"https:\/\/urbeamea.ro\/albaiulia\/"},{"@type":"ListItem","position":2,"name":"M\u00e2ncarea din spitale va fi mai consistent\u0103. Guvernul a decis cre\u0219terea aloca\u021biei pentru hran\u0103"}]},{"@type":"WebSite","@id":"https:\/\/urbeamea.ro\/albaiulia\/#website","url":"https:\/\/urbeamea.ro\/albaiulia\/","name":"Revista Urbea Mea, Stiri urbane","description":"Evenimente \u0219i \u0219tiri din Alba Iulia, Sebe\u0219, Aiud, Blaj","potentialAction":[{"@type":"SearchAction","target":{"@type":"EntryPoint","urlTemplate":"https:\/\/urbeamea.ro\/albaiulia\/?s={search_term_string}"},"query-input":{"@type":"PropertyValueSpecification","valueRequired":true,"valueName":"search_term_string"}}],"inLanguage":"ro-RO"},{"@type":"Person","@id":"https:\/\/urbeamea.ro\/albaiulia\/#\/schema\/person\/cfaa27fc3da4a9a2cf2fee3650afc5d0","name":"Adriana Avram","image":{"@type":"ImageObject","inLanguage":"ro-RO","@id":"https:\/\/secure.gravatar.com\/avatar\/3cc61eb1584088e0099c1763903a6421c5ce6cdf45fc2d424046dc621efc21f9?s=96&d=mm&r=g","url":"https:\/\/secure.gravatar.com\/avatar\/3cc61eb1584088e0099c1763903a6421c5ce6cdf45fc2d424046dc621efc21f9?s=96&d=mm&r=g","contentUrl":"https:\/\/secure.gravatar.com\/avatar\/3cc61eb1584088e0099c1763903a6421c5ce6cdf45fc2d424046dc621efc21f9?s=96&d=mm&r=g","caption":"Adriana Avram"},"description":"Jurnalist","sameAs":["https:\/\/www.facebook.com\/avram.adriana.7?fref=ts"],"url":"https:\/\/urbeamea.ro\/albaiulia\/author\/adriana-avram\/"}]}},"_links":{"self":[{"href":"https:\/\/urbeamea.ro\/albaiulia\/wp-json\/wp\/v2\/posts\/31755","targetHints":{"allow":["GET"]}}],"collection":[{"href":"https:\/\/urbeamea.ro\/albaiulia\/wp-json\/wp\/v2\/posts"}],"about":[{"href":"https:\/\/urbeamea.ro\/albaiulia\/wp-json\/wp\/v2\/types\/post"}],"author":[{"embeddable":true,"href":"https:\/\/urbeamea.ro\/albaiulia\/wp-json\/wp\/v2\/users\/20"}],"replies":[{"embeddable":true,"href":"https:\/\/urbeamea.ro\/albaiulia\/wp-json\/wp\/v2\/comments?post=31755"}],"version-history":[{"count":0,"href":"https:\/\/urbeamea.ro\/albaiulia\/wp-json\/wp\/v2\/posts\/31755\/revisions"}],"wp:featuredmedia":[{"embeddable":true,"href":"https:\/\/urbeamea.ro\/albaiulia\/wp-json\/wp\/v2\/media\/31758"}],"wp:attachment":[{"href":"https:\/\/urbeamea.ro\/albaiulia\/wp-json\/wp\/v2\/media?parent=31755"}],"wp:term":[{"taxonomy":"category","embeddable":true,"href":"https:\/\/urbeamea.ro\/albaiulia\/wp-json\/wp\/v2\/categories?post=31755"},{"taxonomy":"post_tag","embeddable":true,"href":"https:\/\/urbeamea.ro\/albaiulia\/wp-json\/wp\/v2\/tags?post=31755"}],"curies":[{"name":"wp","href":"https:\/\/api.w.org\/{rel}","templated":true}]}}