{"id":31790,"date":"2016-09-16T12:48:11","date_gmt":"2016-09-16T09:48:11","guid":{"rendered":"http:\/\/urbeamea.ro\/albaiulia\/?p=31790"},"modified":"2016-11-29T20:25:07","modified_gmt":"2016-11-29T18:25:07","slug":"sambata-muzeul-de-stiintele-naturii-din-aiud-isi-redeschide-portile","status":"publish","type":"post","link":"https:\/\/urbeamea.ro\/albaiulia\/sambata-muzeul-de-stiintele-naturii-din-aiud-isi-redeschide-portile\/","title":{"rendered":"S\u00c2MB\u0102T\u0102: Muzeul de \u0218tiin\u021bele Naturii din Aiud \u00ee\u0219i redeschide por\u021bile"},"content":{"rendered":"<p><strong><img loading=\"lazy\" decoding=\"async\" class=\"size-medium wp-image-31792 alignleft\" src=\"http:\/\/urbeamea.ro\/albaiulia\/wp-content\/uploads\/2016\/09\/DSC00311-300x200.jpg\" alt=\"dsc00311\" width=\"300\" height=\"200\" \/>Muzeul de \u0218tiin\u021bele Naturii din municipiul Aiud \u00ee\u0219i redeschide por\u021bile vizitatorilor aiudeni \u0219i nu numai, dup\u0103 mai bine de trei ani, perioad\u0103 \u00een care institu\u021bia a fost \u00eenchis\u0103 pentru renovare. S\u00e2mb\u0103t\u0103, \u00a0\u00eencep\u00e2nd cu ora 14.30, aiudeni de toate v\u00e2rstele sunt invita\u021bi s\u0103 viziteze cea mai veche institu\u021bie de acest gen din \u021bara noastr\u0103, transmit reprezentan\u0163ii Prim\u0103riei.<br \/>\n<\/strong><\/p>\n<p>Luni, \u00een ziua deschiderii, intrarea va fi liber\u0103 p\u00e2n\u0103 la ora 18.00. Ulterior, Muzeul de \u0218tiin\u021bele Naturii va fi deschis publicului de mar\u021bi p\u00e2n\u0103 duminic\u0103, \u00eentre orele 8.00 \u2013 16.00.<\/p>\n<p><em>\u201eO plimbare prin s\u0103lile muzeului poart\u0103 vizitatorii de la cele mai primitive forme de via\u0163\u0103 p\u00e2n\u0103 la marea diversitate a lumii animale din zilele noastre\u201d<\/em>, precizeaz\u0103 reprezentan\u0163ii Prim\u0103riei Aiud.<\/p>\n<div id='gallery-1' class='gallery galleryid-31790 gallery-columns-3 gallery-size-thumbnail'><figure class='gallery-item'>\n\t\t\t<div class='gallery-icon landscape'>\n\t\t\t\t<a href='https:\/\/urbeamea.ro\/albaiulia\/wp-content\/uploads\/2016\/09\/DSC00302.jpg'><img decoding=\"async\" width=\"150\" height=\"100\" src=\"data:image\/png;base64,iVBORw0KGgoAAAANSUhEUgAAAYYAAADcAQMAAABOLJSDAAAAA1BMVEUAAACnej3aAAAAAXRSTlMAQObYZgAAACJJREFUaIHtwTEBAAAAwqD1T20ND6AAAAAAAAAAAAAA4N8AKvgAAUFIrrEAAAAASUVORK5CYII=\" class=\"attachment-thumbnail size-thumbnail lazy-img\" alt=\"\" srcset=\"https:\/\/urbeamea.ro\/albaiulia\/wp-content\/uploads\/2016\/09\/DSC00302-150x100.jpg 150w, https:\/\/urbeamea.ro\/albaiulia\/wp-content\/uploads\/2016\/09\/DSC00302-300x200.jpg 300w, https:\/\/urbeamea.ro\/albaiulia\/wp-content\/uploads\/2016\/09\/DSC00302-768x511.jpg 768w, https:\/\/urbeamea.ro\/albaiulia\/wp-content\/uploads\/2016\/09\/DSC00302-1024x682.jpg 1024w, https:\/\/urbeamea.ro\/albaiulia\/wp-content\/uploads\/2016\/09\/DSC00302.jpg 1280w\" sizes=\"auto, (max-width: 150px) 100vw, 150px\" data-src=\"https:\/\/urbeamea.ro\/albaiulia\/wp-content\/uploads\/2016\/09\/DSC00302-150x100.jpg\" loading=\"lazy\" \/><\/a>\n\t\t\t<\/div><\/figure><figure class='gallery-item'>\n\t\t\t<div class='gallery-icon landscape'>\n\t\t\t\t<a href='https:\/\/urbeamea.ro\/albaiulia\/wp-content\/uploads\/2016\/09\/DSC00311.jpg'><img decoding=\"async\" width=\"150\" height=\"100\" src=\"data:image\/png;base64,iVBORw0KGgoAAAANSUhEUgAAAYYAAADcAQMAAABOLJSDAAAAA1BMVEUAAACnej3aAAAAAXRSTlMAQObYZgAAACJJREFUaIHtwTEBAAAAwqD1T20ND6AAAAAAAAAAAAAA4N8AKvgAAUFIrrEAAAAASUVORK5CYII=\" class=\"attachment-thumbnail size-thumbnail lazy-img\" alt=\"\" srcset=\"https:\/\/urbeamea.ro\/albaiulia\/wp-content\/uploads\/2016\/09\/DSC00311-150x100.jpg 150w, https:\/\/urbeamea.ro\/albaiulia\/wp-content\/uploads\/2016\/09\/DSC00311-640x426.jpg 640w, https:\/\/urbeamea.ro\/albaiulia\/wp-content\/uploads\/2016\/09\/DSC00311-768x511.jpg 768w, https:\/\/urbeamea.ro\/albaiulia\/wp-content\/uploads\/2016\/09\/DSC00311-1024x682.jpg 1024w, https:\/\/urbeamea.ro\/albaiulia\/wp-content\/uploads\/2016\/09\/DSC00311-1200x800.jpg 1200w, https:\/\/urbeamea.ro\/albaiulia\/wp-content\/uploads\/2016\/09\/DSC00311.jpg 1280w\" sizes=\"auto, (max-width: 150px) 100vw, 150px\" data-src=\"https:\/\/urbeamea.ro\/albaiulia\/wp-content\/uploads\/2016\/09\/DSC00311-150x100.jpg\" loading=\"lazy\" \/><\/a>\n\t\t\t<\/div><\/figure>\n\t\t<\/div>\n\n","protected":false},"excerpt":{"rendered":"<p>Muzeul de \u0218tiin\u021bele Naturii din municipiul Aiud \u00ee\u0219i redeschide por\u021bile vizitatorilor aiudeni \u0219i nu numai, dup\u0103 mai bine de trei ani, perioad\u0103 \u00een care institu\u021bia a fost \u00eenchis\u0103 pentru renovare. S\u00e2mb\u0103t\u0103, \u00a0\u00eencep\u00e2nd cu ora 14.30, aiudeni de toate v\u00e2rstele sunt invita\u021bi s\u0103 viziteze cea mai veche institu\u021bie de acest gen din \u021bara noastr\u0103, transmit reprezentan\u0163ii &hellip;<\/p>\n","protected":false},"author":17,"featured_media":31792,"comment_status":"open","ping_status":"open","sticky":false,"template":"","format":"standard","meta":{"inline_featured_image":false,"footnotes":""},"categories":[8857],"tags":[385,307,7524,4189,2177,308,76,836],"class_list":["post-31790","post","type-post","status-publish","format-standard","has-post-thumbnail","hentry","category-istorie","tag-aiud","tag-alba","tag-muzeul-de-stiintele-naturii","tag-primaria-aiud","tag-renovare","tag-stiri","tag-urbea-mea","tag-vizitatori"],"yoast_head":"<!-- This site is optimized with the Yoast SEO plugin v27.4 - https:\/\/yoast.com\/product\/yoast-seo-wordpress\/ -->\n<title>S\u00c2MB\u0102T\u0102: Muzeul de \u0218tiin\u021bele Naturii din Aiud \u00ee\u0219i redeschide por\u021bile - Revista Urbea Mea - Revista de Alba<\/title>\n<meta name=\"description\" content=\"Muzeul de \u0218tiin\u021bele Naturii din municipiul Aiud \u00ee\u0219i redeschide por\u021bile vizitatorilor aiudeni \u0219i nu numai, dup\u0103 mai bine de trei ani, perioad\u0103 \u00een care\" \/>\n<meta name=\"robots\" content=\"index, follow, max-snippet:-1, max-image-preview:large, max-video-preview:-1\" \/>\n<link rel=\"canonical\" href=\"https:\/\/urbeamea.ro\/albaiulia\/sambata-muzeul-de-stiintele-naturii-din-aiud-isi-redeschide-portile\/\" \/>\n<meta name=\"twitter:card\" content=\"summary_large_image\" \/>\n<meta name=\"twitter:title\" content=\"S\u00c2MB\u0102T\u0102: Muzeul de \u0218tiin\u021bele Naturii din Aiud \u00ee\u0219i redeschide por\u021bile - Revista Urbea Mea - Revista de Alba\" \/>\n<meta name=\"twitter:description\" content=\"Muzeul de \u0218tiin\u021bele Naturii din municipiul Aiud \u00ee\u0219i redeschide por\u021bile vizitatorilor aiudeni \u0219i nu numai, dup\u0103 mai bine de trei ani, perioad\u0103 \u00een care\" \/>\n<meta name=\"twitter:image\" content=\"https:\/\/urbeamea.ro\/albaiulia\/wp-content\/uploads\/2016\/09\/DSC00311.jpg\" \/>\n<meta name=\"twitter:creator\" content=\"@urbeameaweb\" \/>\n<meta name=\"twitter:site\" content=\"@urbeameaweb\" \/>\n<script type=\"application\/ld+json\" class=\"yoast-schema-graph\">{\"@context\":\"https:\\\/\\\/schema.org\",\"@graph\":[{\"@type\":\"Article\",\"@id\":\"https:\\\/\\\/urbeamea.ro\\\/albaiulia\\\/sambata-muzeul-de-stiintele-naturii-din-aiud-isi-redeschide-portile\\\/#article\",\"isPartOf\":{\"@id\":\"https:\\\/\\\/urbeamea.ro\\\/albaiulia\\\/sambata-muzeul-de-stiintele-naturii-din-aiud-isi-redeschide-portile\\\/\"},\"author\":{\"name\":\"Cristina Ganga\",\"@id\":\"https:\\\/\\\/urbeamea.ro\\\/albaiulia\\\/#\\\/schema\\\/person\\\/9700d21fae21c4f038b0b56f4506264a\"},\"headline\":\"S\u00c2MB\u0102T\u0102: Muzeul de \u0218tiin\u021bele Naturii din Aiud \u00ee\u0219i redeschide por\u021bile\",\"datePublished\":\"2016-09-16T09:48:11+00:00\",\"dateModified\":\"2016-11-29T18:25:07+00:00\",\"mainEntityOfPage\":{\"@id\":\"https:\\\/\\\/urbeamea.ro\\\/albaiulia\\\/sambata-muzeul-de-stiintele-naturii-din-aiud-isi-redeschide-portile\\\/\"},\"wordCount\":147,\"commentCount\":0,\"image\":{\"@id\":\"https:\\\/\\\/urbeamea.ro\\\/albaiulia\\\/sambata-muzeul-de-stiintele-naturii-din-aiud-isi-redeschide-portile\\\/#primaryimage\"},\"thumbnailUrl\":\"https:\\\/\\\/urbeamea.ro\\\/albaiulia\\\/wp-content\\\/uploads\\\/2016\\\/09\\\/DSC00311.jpg\",\"keywords\":[\"aiud\",\"alba\",\"muzeul de stiintele naturii\",\"primaria aiud\",\"renovare\",\"stiri\",\"Urbea Mea\",\"vizitatori\"],\"articleSection\":[\"Istorie\"],\"inLanguage\":\"ro-RO\",\"potentialAction\":[{\"@type\":\"CommentAction\",\"name\":\"Comment\",\"target\":[\"https:\\\/\\\/urbeamea.ro\\\/albaiulia\\\/sambata-muzeul-de-stiintele-naturii-din-aiud-isi-redeschide-portile\\\/#respond\"]}]},{\"@type\":\"WebPage\",\"@id\":\"https:\\\/\\\/urbeamea.ro\\\/albaiulia\\\/sambata-muzeul-de-stiintele-naturii-din-aiud-isi-redeschide-portile\\\/\",\"url\":\"https:\\\/\\\/urbeamea.ro\\\/albaiulia\\\/sambata-muzeul-de-stiintele-naturii-din-aiud-isi-redeschide-portile\\\/\",\"name\":\"S\u00c2MB\u0102T\u0102: Muzeul de \u0218tiin\u021bele Naturii din Aiud \u00ee\u0219i redeschide por\u021bile - Revista Urbea Mea - Revista de Alba\",\"isPartOf\":{\"@id\":\"https:\\\/\\\/urbeamea.ro\\\/albaiulia\\\/#website\"},\"primaryImageOfPage\":{\"@id\":\"https:\\\/\\\/urbeamea.ro\\\/albaiulia\\\/sambata-muzeul-de-stiintele-naturii-din-aiud-isi-redeschide-portile\\\/#primaryimage\"},\"image\":{\"@id\":\"https:\\\/\\\/urbeamea.ro\\\/albaiulia\\\/sambata-muzeul-de-stiintele-naturii-din-aiud-isi-redeschide-portile\\\/#primaryimage\"},\"thumbnailUrl\":\"https:\\\/\\\/urbeamea.ro\\\/albaiulia\\\/wp-content\\\/uploads\\\/2016\\\/09\\\/DSC00311.jpg\",\"datePublished\":\"2016-09-16T09:48:11+00:00\",\"dateModified\":\"2016-11-29T18:25:07+00:00\",\"author\":{\"@id\":\"https:\\\/\\\/urbeamea.ro\\\/albaiulia\\\/#\\\/schema\\\/person\\\/9700d21fae21c4f038b0b56f4506264a\"},\"description\":\"Muzeul de \u0218tiin\u021bele Naturii din municipiul Aiud \u00ee\u0219i redeschide por\u021bile vizitatorilor aiudeni \u0219i nu numai, dup\u0103 mai bine de trei ani, perioad\u0103 \u00een care\",\"breadcrumb\":{\"@id\":\"https:\\\/\\\/urbeamea.ro\\\/albaiulia\\\/sambata-muzeul-de-stiintele-naturii-din-aiud-isi-redeschide-portile\\\/#breadcrumb\"},\"inLanguage\":\"ro-RO\",\"potentialAction\":[{\"@type\":\"ReadAction\",\"target\":[\"https:\\\/\\\/urbeamea.ro\\\/albaiulia\\\/sambata-muzeul-de-stiintele-naturii-din-aiud-isi-redeschide-portile\\\/\"]}]},{\"@type\":\"ImageObject\",\"inLanguage\":\"ro-RO\",\"@id\":\"https:\\\/\\\/urbeamea.ro\\\/albaiulia\\\/sambata-muzeul-de-stiintele-naturii-din-aiud-isi-redeschide-portile\\\/#primaryimage\",\"url\":\"https:\\\/\\\/urbeamea.ro\\\/albaiulia\\\/wp-content\\\/uploads\\\/2016\\\/09\\\/DSC00311.jpg\",\"contentUrl\":\"https:\\\/\\\/urbeamea.ro\\\/albaiulia\\\/wp-content\\\/uploads\\\/2016\\\/09\\\/DSC00311.jpg\",\"width\":1280,\"height\":852},{\"@type\":\"BreadcrumbList\",\"@id\":\"https:\\\/\\\/urbeamea.ro\\\/albaiulia\\\/sambata-muzeul-de-stiintele-naturii-din-aiud-isi-redeschide-portile\\\/#breadcrumb\",\"itemListElement\":[{\"@type\":\"ListItem\",\"position\":1,\"name\":\"Prima pagin\u0103\",\"item\":\"https:\\\/\\\/urbeamea.ro\\\/albaiulia\\\/\"},{\"@type\":\"ListItem\",\"position\":2,\"name\":\"S\u00c2MB\u0102T\u0102: Muzeul de \u0218tiin\u021bele Naturii din Aiud \u00ee\u0219i redeschide por\u021bile\"}]},{\"@type\":\"WebSite\",\"@id\":\"https:\\\/\\\/urbeamea.ro\\\/albaiulia\\\/#website\",\"url\":\"https:\\\/\\\/urbeamea.ro\\\/albaiulia\\\/\",\"name\":\"Revista Urbea Mea, Stiri urbane\",\"description\":\"Evenimente \u0219i \u0219tiri din Alba Iulia, Sebe\u0219, Aiud, Blaj\",\"potentialAction\":[{\"@type\":\"SearchAction\",\"target\":{\"@type\":\"EntryPoint\",\"urlTemplate\":\"https:\\\/\\\/urbeamea.ro\\\/albaiulia\\\/?s={search_term_string}\"},\"query-input\":{\"@type\":\"PropertyValueSpecification\",\"valueRequired\":true,\"valueName\":\"search_term_string\"}}],\"inLanguage\":\"ro-RO\"},{\"@type\":\"Person\",\"@id\":\"https:\\\/\\\/urbeamea.ro\\\/albaiulia\\\/#\\\/schema\\\/person\\\/9700d21fae21c4f038b0b56f4506264a\",\"name\":\"Cristina Ganga\",\"image\":{\"@type\":\"ImageObject\",\"inLanguage\":\"ro-RO\",\"@id\":\"https:\\\/\\\/secure.gravatar.com\\\/avatar\\\/5a67661041f057b4a8ccaf26f5a8e86e2689372006d01faf3dd9eeb10b654bb4?s=96&d=mm&r=g\",\"url\":\"https:\\\/\\\/secure.gravatar.com\\\/avatar\\\/5a67661041f057b4a8ccaf26f5a8e86e2689372006d01faf3dd9eeb10b654bb4?s=96&d=mm&r=g\",\"contentUrl\":\"https:\\\/\\\/secure.gravatar.com\\\/avatar\\\/5a67661041f057b4a8ccaf26f5a8e86e2689372006d01faf3dd9eeb10b654bb4?s=96&d=mm&r=g\",\"caption\":\"Cristina Ganga\"},\"description\":\"Jurnalist\",\"sameAs\":[\"https:\\\/\\\/www.facebook.com\\\/cristina.nicola.587\"],\"url\":\"https:\\\/\\\/urbeamea.ro\\\/albaiulia\\\/author\\\/cristina-nicola\\\/\"}]}<\/script>\n<!-- \/ Yoast SEO plugin. -->","yoast_head_json":{"title":"S\u00c2MB\u0102T\u0102: Muzeul de \u0218tiin\u021bele Naturii din Aiud \u00ee\u0219i redeschide por\u021bile - Revista Urbea Mea - Revista de Alba","description":"Muzeul de \u0218tiin\u021bele Naturii din municipiul Aiud \u00ee\u0219i redeschide por\u021bile vizitatorilor aiudeni \u0219i nu numai, dup\u0103 mai bine de trei ani, perioad\u0103 \u00een care","robots":{"index":"index","follow":"follow","max-snippet":"max-snippet:-1","max-image-preview":"max-image-preview:large","max-video-preview":"max-video-preview:-1"},"canonical":"https:\/\/urbeamea.ro\/albaiulia\/sambata-muzeul-de-stiintele-naturii-din-aiud-isi-redeschide-portile\/","twitter_card":"summary_large_image","twitter_title":"S\u00c2MB\u0102T\u0102: Muzeul de \u0218tiin\u021bele Naturii din Aiud \u00ee\u0219i redeschide por\u021bile - Revista Urbea Mea - Revista de Alba","twitter_description":"Muzeul de \u0218tiin\u021bele Naturii din municipiul Aiud \u00ee\u0219i redeschide por\u021bile vizitatorilor aiudeni \u0219i nu numai, dup\u0103 mai bine de trei ani, perioad\u0103 \u00een care","twitter_image":"https:\/\/urbeamea.ro\/albaiulia\/wp-content\/uploads\/2016\/09\/DSC00311.jpg","twitter_creator":"@urbeameaweb","twitter_site":"@urbeameaweb","schema":{"@context":"https:\/\/schema.org","@graph":[{"@type":"Article","@id":"https:\/\/urbeamea.ro\/albaiulia\/sambata-muzeul-de-stiintele-naturii-din-aiud-isi-redeschide-portile\/#article","isPartOf":{"@id":"https:\/\/urbeamea.ro\/albaiulia\/sambata-muzeul-de-stiintele-naturii-din-aiud-isi-redeschide-portile\/"},"author":{"name":"Cristina Ganga","@id":"https:\/\/urbeamea.ro\/albaiulia\/#\/schema\/person\/9700d21fae21c4f038b0b56f4506264a"},"headline":"S\u00c2MB\u0102T\u0102: Muzeul de \u0218tiin\u021bele Naturii din Aiud \u00ee\u0219i redeschide por\u021bile","datePublished":"2016-09-16T09:48:11+00:00","dateModified":"2016-11-29T18:25:07+00:00","mainEntityOfPage":{"@id":"https:\/\/urbeamea.ro\/albaiulia\/sambata-muzeul-de-stiintele-naturii-din-aiud-isi-redeschide-portile\/"},"wordCount":147,"commentCount":0,"image":{"@id":"https:\/\/urbeamea.ro\/albaiulia\/sambata-muzeul-de-stiintele-naturii-din-aiud-isi-redeschide-portile\/#primaryimage"},"thumbnailUrl":"https:\/\/urbeamea.ro\/albaiulia\/wp-content\/uploads\/2016\/09\/DSC00311.jpg","keywords":["aiud","alba","muzeul de stiintele naturii","primaria aiud","renovare","stiri","Urbea Mea","vizitatori"],"articleSection":["Istorie"],"inLanguage":"ro-RO","potentialAction":[{"@type":"CommentAction","name":"Comment","target":["https:\/\/urbeamea.ro\/albaiulia\/sambata-muzeul-de-stiintele-naturii-din-aiud-isi-redeschide-portile\/#respond"]}]},{"@type":"WebPage","@id":"https:\/\/urbeamea.ro\/albaiulia\/sambata-muzeul-de-stiintele-naturii-din-aiud-isi-redeschide-portile\/","url":"https:\/\/urbeamea.ro\/albaiulia\/sambata-muzeul-de-stiintele-naturii-din-aiud-isi-redeschide-portile\/","name":"S\u00c2MB\u0102T\u0102: Muzeul de \u0218tiin\u021bele Naturii din Aiud \u00ee\u0219i redeschide por\u021bile - Revista Urbea Mea - Revista de Alba","isPartOf":{"@id":"https:\/\/urbeamea.ro\/albaiulia\/#website"},"primaryImageOfPage":{"@id":"https:\/\/urbeamea.ro\/albaiulia\/sambata-muzeul-de-stiintele-naturii-din-aiud-isi-redeschide-portile\/#primaryimage"},"image":{"@id":"https:\/\/urbeamea.ro\/albaiulia\/sambata-muzeul-de-stiintele-naturii-din-aiud-isi-redeschide-portile\/#primaryimage"},"thumbnailUrl":"https:\/\/urbeamea.ro\/albaiulia\/wp-content\/uploads\/2016\/09\/DSC00311.jpg","datePublished":"2016-09-16T09:48:11+00:00","dateModified":"2016-11-29T18:25:07+00:00","author":{"@id":"https:\/\/urbeamea.ro\/albaiulia\/#\/schema\/person\/9700d21fae21c4f038b0b56f4506264a"},"description":"Muzeul de \u0218tiin\u021bele Naturii din municipiul Aiud \u00ee\u0219i redeschide por\u021bile vizitatorilor aiudeni \u0219i nu numai, dup\u0103 mai bine de trei ani, perioad\u0103 \u00een care","breadcrumb":{"@id":"https:\/\/urbeamea.ro\/albaiulia\/sambata-muzeul-de-stiintele-naturii-din-aiud-isi-redeschide-portile\/#breadcrumb"},"inLanguage":"ro-RO","potentialAction":[{"@type":"ReadAction","target":["https:\/\/urbeamea.ro\/albaiulia\/sambata-muzeul-de-stiintele-naturii-din-aiud-isi-redeschide-portile\/"]}]},{"@type":"ImageObject","inLanguage":"ro-RO","@id":"https:\/\/urbeamea.ro\/albaiulia\/sambata-muzeul-de-stiintele-naturii-din-aiud-isi-redeschide-portile\/#primaryimage","url":"https:\/\/urbeamea.ro\/albaiulia\/wp-content\/uploads\/2016\/09\/DSC00311.jpg","contentUrl":"https:\/\/urbeamea.ro\/albaiulia\/wp-content\/uploads\/2016\/09\/DSC00311.jpg","width":1280,"height":852},{"@type":"BreadcrumbList","@id":"https:\/\/urbeamea.ro\/albaiulia\/sambata-muzeul-de-stiintele-naturii-din-aiud-isi-redeschide-portile\/#breadcrumb","itemListElement":[{"@type":"ListItem","position":1,"name":"Prima pagin\u0103","item":"https:\/\/urbeamea.ro\/albaiulia\/"},{"@type":"ListItem","position":2,"name":"S\u00c2MB\u0102T\u0102: Muzeul de \u0218tiin\u021bele Naturii din Aiud \u00ee\u0219i redeschide por\u021bile"}]},{"@type":"WebSite","@id":"https:\/\/urbeamea.ro\/albaiulia\/#website","url":"https:\/\/urbeamea.ro\/albaiulia\/","name":"Revista Urbea Mea, Stiri urbane","description":"Evenimente \u0219i \u0219tiri din Alba Iulia, Sebe\u0219, Aiud, Blaj","potentialAction":[{"@type":"SearchAction","target":{"@type":"EntryPoint","urlTemplate":"https:\/\/urbeamea.ro\/albaiulia\/?s={search_term_string}"},"query-input":{"@type":"PropertyValueSpecification","valueRequired":true,"valueName":"search_term_string"}}],"inLanguage":"ro-RO"},{"@type":"Person","@id":"https:\/\/urbeamea.ro\/albaiulia\/#\/schema\/person\/9700d21fae21c4f038b0b56f4506264a","name":"Cristina Ganga","image":{"@type":"ImageObject","inLanguage":"ro-RO","@id":"https:\/\/secure.gravatar.com\/avatar\/5a67661041f057b4a8ccaf26f5a8e86e2689372006d01faf3dd9eeb10b654bb4?s=96&d=mm&r=g","url":"https:\/\/secure.gravatar.com\/avatar\/5a67661041f057b4a8ccaf26f5a8e86e2689372006d01faf3dd9eeb10b654bb4?s=96&d=mm&r=g","contentUrl":"https:\/\/secure.gravatar.com\/avatar\/5a67661041f057b4a8ccaf26f5a8e86e2689372006d01faf3dd9eeb10b654bb4?s=96&d=mm&r=g","caption":"Cristina Ganga"},"description":"Jurnalist","sameAs":["https:\/\/www.facebook.com\/cristina.nicola.587"],"url":"https:\/\/urbeamea.ro\/albaiulia\/author\/cristina-nicola\/"}]}},"_links":{"self":[{"href":"https:\/\/urbeamea.ro\/albaiulia\/wp-json\/wp\/v2\/posts\/31790","targetHints":{"allow":["GET"]}}],"collection":[{"href":"https:\/\/urbeamea.ro\/albaiulia\/wp-json\/wp\/v2\/posts"}],"about":[{"href":"https:\/\/urbeamea.ro\/albaiulia\/wp-json\/wp\/v2\/types\/post"}],"author":[{"embeddable":true,"href":"https:\/\/urbeamea.ro\/albaiulia\/wp-json\/wp\/v2\/users\/17"}],"replies":[{"embeddable":true,"href":"https:\/\/urbeamea.ro\/albaiulia\/wp-json\/wp\/v2\/comments?post=31790"}],"version-history":[{"count":0,"href":"https:\/\/urbeamea.ro\/albaiulia\/wp-json\/wp\/v2\/posts\/31790\/revisions"}],"wp:featuredmedia":[{"embeddable":true,"href":"https:\/\/urbeamea.ro\/albaiulia\/wp-json\/wp\/v2\/media\/31792"}],"wp:attachment":[{"href":"https:\/\/urbeamea.ro\/albaiulia\/wp-json\/wp\/v2\/media?parent=31790"}],"wp:term":[{"taxonomy":"category","embeddable":true,"href":"https:\/\/urbeamea.ro\/albaiulia\/wp-json\/wp\/v2\/categories?post=31790"},{"taxonomy":"post_tag","embeddable":true,"href":"https:\/\/urbeamea.ro\/albaiulia\/wp-json\/wp\/v2\/tags?post=31790"}],"curies":[{"name":"wp","href":"https:\/\/api.w.org\/{rel}","templated":true}]}}