{"id":31795,"date":"2016-09-16T13:32:04","date_gmt":"2016-09-16T10:32:04","guid":{"rendered":"http:\/\/urbeamea.ro\/albaiulia\/?p=31795"},"modified":"2016-09-16T13:32:05","modified_gmt":"2016-09-16T10:32:05","slug":"festivalul-toamna-cugireana-2016-spectacole-folclorice-concerte-sustinute-de-cargo-bere-gratis-just-duty-free-subcarpati-si-millenium-programul-complet","status":"publish","type":"post","link":"https:\/\/urbeamea.ro\/albaiulia\/festivalul-toamna-cugireana-2016-spectacole-folclorice-concerte-sustinute-de-cargo-bere-gratis-just-duty-free-subcarpati-si-millenium-programul-complet\/","title":{"rendered":"Festivalul \u201eToamna Cugirean\u0103\u201d 2016: Spectacole folclorice, concerte sus\u021binute de Cargo, Bere Gratis, Just Duty Free, SubCarpa\u021bi \u0219i Millenium. Programul complet"},"content":{"rendered":"<p><strong><img loading=\"lazy\" decoding=\"async\" class=\"size-medium wp-image-31796 alignleft\" src=\"http:\/\/urbeamea.ro\/albaiulia\/wp-content\/uploads\/2016\/09\/afis-toamna-cugireana-2016-212x300.jpg\" alt=\"afis-toamna-cugireana-2016\" width=\"212\" height=\"300\" \/>\u00cen acest sf\u00e2r\u0219it de s\u0103pt\u0103m\u00e2n\u0103 cugirenii \u0219i nu numai sunt a\u0219tepta\u021bi s\u0103 participe la un eveniment cu tradi\u021bie, festivalul \u201dToamna Cugirean\u0103\u201d, care a ajuns la cea de-a XIX-a edi\u021bie. A\u0219a cum ne-am obi\u0219nuit p\u00e2n\u0103 acum,\u00a0\u0219i anul acesta festivalul aduce la Cugir spectacole artistice, tradi\u0163ionala parad\u0103 a portului popular, competi\u0163ii sportive, expozi\u0163ii de art\u0103 \u015fi tehnic\u0103 militar\u0103.<\/strong><\/p>\n<p>\u00cen perioada 12-18 septembrie, pe Arena Cugir se desf\u0103\u0219oar\u0103 diferite competi\u021bii sportive. Ca noutate, edi\u021bia de anul acesta aduce\u00a0 teatru, at\u00e2t la Casa de Cultur\u0103, c\u00e2t \u0219i la reprezenta\u0163ii stradale. Piese de teatru de bun\u0103 calitate vor fi oferite de cercul Casei de Cultur\u0103 Cugir \u0219i Skepsis din Alba Iulia. Pe tot parcursul festivalului, agentii economici din ora\u015f, produc\u0103torii locali, precum \u0219i creatorii \u015fi arti\u0219ti locali \u00ee\u0219i vor expune, \u00een incinta Casei de Cultur\u0103 Cugir, rodul pasiunii lor.<\/p>\n<p>Debutul festivalului va fi marcat, ca de obicei, prin startul cursei de off-road, s\u00e2mb\u0103t\u0103, 17 septembrie, la ora 10.30, din fa\u021ba Prim\u0103riei Cugir. Pe tot parcursul zilei se vor derula programe interactive destinate copiilor \u0219i tinerilor, culmin\u00e2nd seara cu concertul sus\u021binut de trupele Just Duty Free, SubCarpa\u021bi, Cargo.<\/p>\n<p>Duminic\u0103, 18 septembrie, va fi tradi\u0163ionala parad\u0103 a portului popular, pe traseul dinspre partea de sus a ora\u0219ului, din zona UMC, p\u00e2n\u0103 \u00een fa\u021ba prim\u0103riei. Aici, fiecare ansamblu participant va face o scurta demonstra\u021bie \u00een fa\u021ba oamenilor prezen\u021bi \u0219i a oficialit\u0103\u021bilor locale \u0219i jude\u021bene a\u0219teptate la festival.<\/p>\n<p>Spectacol folcloric la scen\u0103 va \u00eencepe la ora 13.00 \u0219i va fi sus\u021binut de Ionela Popa, Daniel Olaru, Raluca Pa\u0219tiu, M\u0103d\u0103lina C\u00e2rje, Ansamblurile Ampelum\u00a0 \u2013 Zlatna, Ighielul Ighiu, Vasile Lucaciu \u0218i\u0219e\u0219ti, C\u00e2mpul P\u00e2inii \u2013 Vinerea, M\u0103gura Codlea, Sveti Nikola \u2013 Deta, Mugurelul \u2013 Cluj Napoca, Mese\u0219ul \u2013 Zal\u0103u. Vor fi prezenti \u0219i Junii Sibiului, cu solistii Nelu Albu, Camelia Cosma Stoi\u0163\u0103, Robert T\u00e2rn\u0103veanu \u0219i Mariana Anghel.<\/p>\n<p>Invita\u021bi speciali ai festivalului sunt cunoscu\u0163ii \u0219i \u00eendr\u0103gi\u0163ii soli\u015fti de muzic\u0103 popular\u0103, Cornelia \u0219i Lupu Rednic. Vor face jonglerii cu foc cei de la Juggling Cluj. Concertele de sear\u0103 vor fi oferite de arti\u0219tii de la Millenium C \u0219i Bere Gratis. Focul de artificii va \u00eencheia apoteotic seara de duminic\u0103 \u0219i festivalul care ia calea astfel c\u0103tre cel de-al doilea deceniu de existen\u021b\u0103.<\/p>\n","protected":false},"excerpt":{"rendered":"<p>\u00cen acest sf\u00e2r\u0219it de s\u0103pt\u0103m\u00e2n\u0103 cugirenii \u0219i nu numai sunt a\u0219tepta\u021bi s\u0103 participe la un eveniment cu tradi\u021bie, festivalul \u201dToamna Cugirean\u0103\u201d, care a ajuns la cea de-a XIX-a edi\u021bie. A\u0219a cum ne-am obi\u0219nuit p\u00e2n\u0103 acum,\u00a0\u0219i anul acesta festivalul aduce la Cugir spectacole artistice, tradi\u0163ionala parad\u0103 a portului popular, competi\u0163ii sportive, expozi\u0163ii de art\u0103 \u015fi tehnic\u0103 &hellip;<\/p>\n","protected":false},"author":17,"featured_media":31796,"comment_status":"open","ping_status":"open","sticky":false,"template":"","format":"standard","meta":{"inline_featured_image":false,"footnotes":""},"categories":[4],"tags":[307,7528,4378,1424,7527,507,6264,378,7526,308,359,7529,7525,76],"class_list":["post-31795","post","type-post","status-publish","format-standard","has-post-thumbnail","hentry","category-eveniment","tag-alba","tag-arena-cugir","tag-competitii-sportive","tag-cugir","tag-expozitii-de-arta","tag-festival","tag-parada-portului-popular","tag-skepsis","tag-spectacole-artistice","tag-stiri","tag-teatru","tag-tehnica-militara","tag-toamna-cugireana","tag-urbea-mea"],"yoast_head":"<!-- This site is optimized with the Yoast SEO plugin v27.4 - https:\/\/yoast.com\/product\/yoast-seo-wordpress\/ -->\n<title>Festivalul \u201eToamna Cugirean\u0103\u201d 2016: Spectacole folclorice, concerte sus\u021binute de Cargo, Bere Gratis, Just Duty Free, SubCarpa\u021bi \u0219i Millenium. Programul complet - Revista Urbea Mea - Revista de Alba<\/title>\n<meta name=\"description\" content=\"\u00cen acest sf\u00e2r\u0219it de s\u0103pt\u0103m\u00e2n\u0103 cugirenii \u0219i nu numai sunt a\u0219tepta\u021bi s\u0103 participe la un eveniment cu tradi\u021bie, festivalul \u201dToamna Cugirean\u0103\u201d, care a ajuns\" \/>\n<meta name=\"robots\" content=\"index, follow, max-snippet:-1, max-image-preview:large, max-video-preview:-1\" \/>\n<link rel=\"canonical\" href=\"https:\/\/urbeamea.ro\/albaiulia\/festivalul-toamna-cugireana-2016-spectacole-folclorice-concerte-sustinute-de-cargo-bere-gratis-just-duty-free-subcarpati-si-millenium-programul-complet\/\" \/>\n<meta name=\"twitter:card\" content=\"summary_large_image\" \/>\n<meta name=\"twitter:title\" content=\"Festivalul \u201eToamna Cugirean\u0103\u201d 2016: Spectacole folclorice, concerte sus\u021binute de Cargo, Bere Gratis, Just Duty Free, SubCarpa\u021bi \u0219i Millenium. Programul complet - Revista Urbea Mea - Revista de Alba\" \/>\n<meta name=\"twitter:description\" content=\"\u00cen acest sf\u00e2r\u0219it de s\u0103pt\u0103m\u00e2n\u0103 cugirenii \u0219i nu numai sunt a\u0219tepta\u021bi s\u0103 participe la un eveniment cu tradi\u021bie, festivalul \u201dToamna Cugirean\u0103\u201d, care a ajuns\" \/>\n<meta name=\"twitter:image\" content=\"https:\/\/urbeamea.ro\/albaiulia\/wp-content\/uploads\/2016\/09\/afis-toamna-cugireana-2016.jpg\" \/>\n<meta name=\"twitter:creator\" content=\"@urbeameaweb\" \/>\n<meta name=\"twitter:site\" content=\"@urbeameaweb\" \/>\n<script type=\"application\/ld+json\" class=\"yoast-schema-graph\">{\"@context\":\"https:\\\/\\\/schema.org\",\"@graph\":[{\"@type\":\"Article\",\"@id\":\"https:\\\/\\\/urbeamea.ro\\\/albaiulia\\\/festivalul-toamna-cugireana-2016-spectacole-folclorice-concerte-sustinute-de-cargo-bere-gratis-just-duty-free-subcarpati-si-millenium-programul-complet\\\/#article\",\"isPartOf\":{\"@id\":\"https:\\\/\\\/urbeamea.ro\\\/albaiulia\\\/festivalul-toamna-cugireana-2016-spectacole-folclorice-concerte-sustinute-de-cargo-bere-gratis-just-duty-free-subcarpati-si-millenium-programul-complet\\\/\"},\"author\":{\"name\":\"Cristina Ganga\",\"@id\":\"https:\\\/\\\/urbeamea.ro\\\/albaiulia\\\/#\\\/schema\\\/person\\\/9700d21fae21c4f038b0b56f4506264a\"},\"headline\":\"Festivalul \u201eToamna Cugirean\u0103\u201d 2016: Spectacole folclorice, concerte sus\u021binute de Cargo, Bere Gratis, Just Duty Free, SubCarpa\u021bi \u0219i Millenium. Programul complet\",\"datePublished\":\"2016-09-16T10:32:04+00:00\",\"dateModified\":\"2016-09-16T10:32:05+00:00\",\"mainEntityOfPage\":{\"@id\":\"https:\\\/\\\/urbeamea.ro\\\/albaiulia\\\/festivalul-toamna-cugireana-2016-spectacole-folclorice-concerte-sustinute-de-cargo-bere-gratis-just-duty-free-subcarpati-si-millenium-programul-complet\\\/\"},\"wordCount\":433,\"commentCount\":0,\"image\":{\"@id\":\"https:\\\/\\\/urbeamea.ro\\\/albaiulia\\\/festivalul-toamna-cugireana-2016-spectacole-folclorice-concerte-sustinute-de-cargo-bere-gratis-just-duty-free-subcarpati-si-millenium-programul-complet\\\/#primaryimage\"},\"thumbnailUrl\":\"https:\\\/\\\/urbeamea.ro\\\/albaiulia\\\/wp-content\\\/uploads\\\/2016\\\/09\\\/afis-toamna-cugireana-2016.jpg\",\"keywords\":[\"alba\",\"arena cugir\",\"competitii sportive\",\"cugir\",\"expozitii de arta\",\"festival\",\"parada portului popular\",\"skepsis\",\"spectacole artistice\",\"stiri\",\"teatru\",\"tehnica militara\",\"toamna cugireana\",\"Urbea Mea\"],\"articleSection\":[\"Evenimente\"],\"inLanguage\":\"ro-RO\",\"potentialAction\":[{\"@type\":\"CommentAction\",\"name\":\"Comment\",\"target\":[\"https:\\\/\\\/urbeamea.ro\\\/albaiulia\\\/festivalul-toamna-cugireana-2016-spectacole-folclorice-concerte-sustinute-de-cargo-bere-gratis-just-duty-free-subcarpati-si-millenium-programul-complet\\\/#respond\"]}]},{\"@type\":\"WebPage\",\"@id\":\"https:\\\/\\\/urbeamea.ro\\\/albaiulia\\\/festivalul-toamna-cugireana-2016-spectacole-folclorice-concerte-sustinute-de-cargo-bere-gratis-just-duty-free-subcarpati-si-millenium-programul-complet\\\/\",\"url\":\"https:\\\/\\\/urbeamea.ro\\\/albaiulia\\\/festivalul-toamna-cugireana-2016-spectacole-folclorice-concerte-sustinute-de-cargo-bere-gratis-just-duty-free-subcarpati-si-millenium-programul-complet\\\/\",\"name\":\"Festivalul \u201eToamna Cugirean\u0103\u201d 2016: Spectacole folclorice, concerte sus\u021binute de Cargo, Bere Gratis, Just Duty Free, SubCarpa\u021bi \u0219i Millenium. Programul complet - Revista Urbea Mea - Revista de Alba\",\"isPartOf\":{\"@id\":\"https:\\\/\\\/urbeamea.ro\\\/albaiulia\\\/#website\"},\"primaryImageOfPage\":{\"@id\":\"https:\\\/\\\/urbeamea.ro\\\/albaiulia\\\/festivalul-toamna-cugireana-2016-spectacole-folclorice-concerte-sustinute-de-cargo-bere-gratis-just-duty-free-subcarpati-si-millenium-programul-complet\\\/#primaryimage\"},\"image\":{\"@id\":\"https:\\\/\\\/urbeamea.ro\\\/albaiulia\\\/festivalul-toamna-cugireana-2016-spectacole-folclorice-concerte-sustinute-de-cargo-bere-gratis-just-duty-free-subcarpati-si-millenium-programul-complet\\\/#primaryimage\"},\"thumbnailUrl\":\"https:\\\/\\\/urbeamea.ro\\\/albaiulia\\\/wp-content\\\/uploads\\\/2016\\\/09\\\/afis-toamna-cugireana-2016.jpg\",\"datePublished\":\"2016-09-16T10:32:04+00:00\",\"dateModified\":\"2016-09-16T10:32:05+00:00\",\"author\":{\"@id\":\"https:\\\/\\\/urbeamea.ro\\\/albaiulia\\\/#\\\/schema\\\/person\\\/9700d21fae21c4f038b0b56f4506264a\"},\"description\":\"\u00cen acest sf\u00e2r\u0219it de s\u0103pt\u0103m\u00e2n\u0103 cugirenii \u0219i nu numai sunt a\u0219tepta\u021bi s\u0103 participe la un eveniment cu tradi\u021bie, festivalul \u201dToamna Cugirean\u0103\u201d, care a ajuns\",\"breadcrumb\":{\"@id\":\"https:\\\/\\\/urbeamea.ro\\\/albaiulia\\\/festivalul-toamna-cugireana-2016-spectacole-folclorice-concerte-sustinute-de-cargo-bere-gratis-just-duty-free-subcarpati-si-millenium-programul-complet\\\/#breadcrumb\"},\"inLanguage\":\"ro-RO\",\"potentialAction\":[{\"@type\":\"ReadAction\",\"target\":[\"https:\\\/\\\/urbeamea.ro\\\/albaiulia\\\/festivalul-toamna-cugireana-2016-spectacole-folclorice-concerte-sustinute-de-cargo-bere-gratis-just-duty-free-subcarpati-si-millenium-programul-complet\\\/\"]}]},{\"@type\":\"ImageObject\",\"inLanguage\":\"ro-RO\",\"@id\":\"https:\\\/\\\/urbeamea.ro\\\/albaiulia\\\/festivalul-toamna-cugireana-2016-spectacole-folclorice-concerte-sustinute-de-cargo-bere-gratis-just-duty-free-subcarpati-si-millenium-programul-complet\\\/#primaryimage\",\"url\":\"https:\\\/\\\/urbeamea.ro\\\/albaiulia\\\/wp-content\\\/uploads\\\/2016\\\/09\\\/afis-toamna-cugireana-2016.jpg\",\"contentUrl\":\"https:\\\/\\\/urbeamea.ro\\\/albaiulia\\\/wp-content\\\/uploads\\\/2016\\\/09\\\/afis-toamna-cugireana-2016.jpg\",\"width\":565,\"height\":800},{\"@type\":\"BreadcrumbList\",\"@id\":\"https:\\\/\\\/urbeamea.ro\\\/albaiulia\\\/festivalul-toamna-cugireana-2016-spectacole-folclorice-concerte-sustinute-de-cargo-bere-gratis-just-duty-free-subcarpati-si-millenium-programul-complet\\\/#breadcrumb\",\"itemListElement\":[{\"@type\":\"ListItem\",\"position\":1,\"name\":\"Prima pagin\u0103\",\"item\":\"https:\\\/\\\/urbeamea.ro\\\/albaiulia\\\/\"},{\"@type\":\"ListItem\",\"position\":2,\"name\":\"Festivalul \u201eToamna Cugirean\u0103\u201d 2016: Spectacole folclorice, concerte sus\u021binute de Cargo, Bere Gratis, Just Duty Free, SubCarpa\u021bi \u0219i Millenium. Programul complet\"}]},{\"@type\":\"WebSite\",\"@id\":\"https:\\\/\\\/urbeamea.ro\\\/albaiulia\\\/#website\",\"url\":\"https:\\\/\\\/urbeamea.ro\\\/albaiulia\\\/\",\"name\":\"Revista Urbea Mea, Stiri urbane\",\"description\":\"Evenimente \u0219i \u0219tiri din Alba Iulia, Sebe\u0219, Aiud, Blaj\",\"potentialAction\":[{\"@type\":\"SearchAction\",\"target\":{\"@type\":\"EntryPoint\",\"urlTemplate\":\"https:\\\/\\\/urbeamea.ro\\\/albaiulia\\\/?s={search_term_string}\"},\"query-input\":{\"@type\":\"PropertyValueSpecification\",\"valueRequired\":true,\"valueName\":\"search_term_string\"}}],\"inLanguage\":\"ro-RO\"},{\"@type\":\"Person\",\"@id\":\"https:\\\/\\\/urbeamea.ro\\\/albaiulia\\\/#\\\/schema\\\/person\\\/9700d21fae21c4f038b0b56f4506264a\",\"name\":\"Cristina Ganga\",\"image\":{\"@type\":\"ImageObject\",\"inLanguage\":\"ro-RO\",\"@id\":\"https:\\\/\\\/secure.gravatar.com\\\/avatar\\\/5a67661041f057b4a8ccaf26f5a8e86e2689372006d01faf3dd9eeb10b654bb4?s=96&d=mm&r=g\",\"url\":\"https:\\\/\\\/secure.gravatar.com\\\/avatar\\\/5a67661041f057b4a8ccaf26f5a8e86e2689372006d01faf3dd9eeb10b654bb4?s=96&d=mm&r=g\",\"contentUrl\":\"https:\\\/\\\/secure.gravatar.com\\\/avatar\\\/5a67661041f057b4a8ccaf26f5a8e86e2689372006d01faf3dd9eeb10b654bb4?s=96&d=mm&r=g\",\"caption\":\"Cristina Ganga\"},\"description\":\"Jurnalist\",\"sameAs\":[\"https:\\\/\\\/www.facebook.com\\\/cristina.nicola.587\"],\"url\":\"https:\\\/\\\/urbeamea.ro\\\/albaiulia\\\/author\\\/cristina-nicola\\\/\"}]}<\/script>\n<!-- \/ Yoast SEO plugin. -->","yoast_head_json":{"title":"Festivalul \u201eToamna Cugirean\u0103\u201d 2016: Spectacole folclorice, concerte sus\u021binute de Cargo, Bere Gratis, Just Duty Free, SubCarpa\u021bi \u0219i Millenium. Programul complet - Revista Urbea Mea - Revista de Alba","description":"\u00cen acest sf\u00e2r\u0219it de s\u0103pt\u0103m\u00e2n\u0103 cugirenii \u0219i nu numai sunt a\u0219tepta\u021bi s\u0103 participe la un eveniment cu tradi\u021bie, festivalul \u201dToamna Cugirean\u0103\u201d, care a ajuns","robots":{"index":"index","follow":"follow","max-snippet":"max-snippet:-1","max-image-preview":"max-image-preview:large","max-video-preview":"max-video-preview:-1"},"canonical":"https:\/\/urbeamea.ro\/albaiulia\/festivalul-toamna-cugireana-2016-spectacole-folclorice-concerte-sustinute-de-cargo-bere-gratis-just-duty-free-subcarpati-si-millenium-programul-complet\/","twitter_card":"summary_large_image","twitter_title":"Festivalul \u201eToamna Cugirean\u0103\u201d 2016: Spectacole folclorice, concerte sus\u021binute de Cargo, Bere Gratis, Just Duty Free, SubCarpa\u021bi \u0219i Millenium. Programul complet - Revista Urbea Mea - Revista de Alba","twitter_description":"\u00cen acest sf\u00e2r\u0219it de s\u0103pt\u0103m\u00e2n\u0103 cugirenii \u0219i nu numai sunt a\u0219tepta\u021bi s\u0103 participe la un eveniment cu tradi\u021bie, festivalul \u201dToamna Cugirean\u0103\u201d, care a ajuns","twitter_image":"https:\/\/urbeamea.ro\/albaiulia\/wp-content\/uploads\/2016\/09\/afis-toamna-cugireana-2016.jpg","twitter_creator":"@urbeameaweb","twitter_site":"@urbeameaweb","schema":{"@context":"https:\/\/schema.org","@graph":[{"@type":"Article","@id":"https:\/\/urbeamea.ro\/albaiulia\/festivalul-toamna-cugireana-2016-spectacole-folclorice-concerte-sustinute-de-cargo-bere-gratis-just-duty-free-subcarpati-si-millenium-programul-complet\/#article","isPartOf":{"@id":"https:\/\/urbeamea.ro\/albaiulia\/festivalul-toamna-cugireana-2016-spectacole-folclorice-concerte-sustinute-de-cargo-bere-gratis-just-duty-free-subcarpati-si-millenium-programul-complet\/"},"author":{"name":"Cristina Ganga","@id":"https:\/\/urbeamea.ro\/albaiulia\/#\/schema\/person\/9700d21fae21c4f038b0b56f4506264a"},"headline":"Festivalul \u201eToamna Cugirean\u0103\u201d 2016: Spectacole folclorice, concerte sus\u021binute de Cargo, Bere Gratis, Just Duty Free, SubCarpa\u021bi \u0219i Millenium. Programul complet","datePublished":"2016-09-16T10:32:04+00:00","dateModified":"2016-09-16T10:32:05+00:00","mainEntityOfPage":{"@id":"https:\/\/urbeamea.ro\/albaiulia\/festivalul-toamna-cugireana-2016-spectacole-folclorice-concerte-sustinute-de-cargo-bere-gratis-just-duty-free-subcarpati-si-millenium-programul-complet\/"},"wordCount":433,"commentCount":0,"image":{"@id":"https:\/\/urbeamea.ro\/albaiulia\/festivalul-toamna-cugireana-2016-spectacole-folclorice-concerte-sustinute-de-cargo-bere-gratis-just-duty-free-subcarpati-si-millenium-programul-complet\/#primaryimage"},"thumbnailUrl":"https:\/\/urbeamea.ro\/albaiulia\/wp-content\/uploads\/2016\/09\/afis-toamna-cugireana-2016.jpg","keywords":["alba","arena cugir","competitii sportive","cugir","expozitii de arta","festival","parada portului popular","skepsis","spectacole artistice","stiri","teatru","tehnica militara","toamna cugireana","Urbea Mea"],"articleSection":["Evenimente"],"inLanguage":"ro-RO","potentialAction":[{"@type":"CommentAction","name":"Comment","target":["https:\/\/urbeamea.ro\/albaiulia\/festivalul-toamna-cugireana-2016-spectacole-folclorice-concerte-sustinute-de-cargo-bere-gratis-just-duty-free-subcarpati-si-millenium-programul-complet\/#respond"]}]},{"@type":"WebPage","@id":"https:\/\/urbeamea.ro\/albaiulia\/festivalul-toamna-cugireana-2016-spectacole-folclorice-concerte-sustinute-de-cargo-bere-gratis-just-duty-free-subcarpati-si-millenium-programul-complet\/","url":"https:\/\/urbeamea.ro\/albaiulia\/festivalul-toamna-cugireana-2016-spectacole-folclorice-concerte-sustinute-de-cargo-bere-gratis-just-duty-free-subcarpati-si-millenium-programul-complet\/","name":"Festivalul \u201eToamna Cugirean\u0103\u201d 2016: Spectacole folclorice, concerte sus\u021binute de Cargo, Bere Gratis, Just Duty Free, SubCarpa\u021bi \u0219i Millenium. Programul complet - Revista Urbea Mea - Revista de Alba","isPartOf":{"@id":"https:\/\/urbeamea.ro\/albaiulia\/#website"},"primaryImageOfPage":{"@id":"https:\/\/urbeamea.ro\/albaiulia\/festivalul-toamna-cugireana-2016-spectacole-folclorice-concerte-sustinute-de-cargo-bere-gratis-just-duty-free-subcarpati-si-millenium-programul-complet\/#primaryimage"},"image":{"@id":"https:\/\/urbeamea.ro\/albaiulia\/festivalul-toamna-cugireana-2016-spectacole-folclorice-concerte-sustinute-de-cargo-bere-gratis-just-duty-free-subcarpati-si-millenium-programul-complet\/#primaryimage"},"thumbnailUrl":"https:\/\/urbeamea.ro\/albaiulia\/wp-content\/uploads\/2016\/09\/afis-toamna-cugireana-2016.jpg","datePublished":"2016-09-16T10:32:04+00:00","dateModified":"2016-09-16T10:32:05+00:00","author":{"@id":"https:\/\/urbeamea.ro\/albaiulia\/#\/schema\/person\/9700d21fae21c4f038b0b56f4506264a"},"description":"\u00cen acest sf\u00e2r\u0219it de s\u0103pt\u0103m\u00e2n\u0103 cugirenii \u0219i nu numai sunt a\u0219tepta\u021bi s\u0103 participe la un eveniment cu tradi\u021bie, festivalul \u201dToamna Cugirean\u0103\u201d, care a ajuns","breadcrumb":{"@id":"https:\/\/urbeamea.ro\/albaiulia\/festivalul-toamna-cugireana-2016-spectacole-folclorice-concerte-sustinute-de-cargo-bere-gratis-just-duty-free-subcarpati-si-millenium-programul-complet\/#breadcrumb"},"inLanguage":"ro-RO","potentialAction":[{"@type":"ReadAction","target":["https:\/\/urbeamea.ro\/albaiulia\/festivalul-toamna-cugireana-2016-spectacole-folclorice-concerte-sustinute-de-cargo-bere-gratis-just-duty-free-subcarpati-si-millenium-programul-complet\/"]}]},{"@type":"ImageObject","inLanguage":"ro-RO","@id":"https:\/\/urbeamea.ro\/albaiulia\/festivalul-toamna-cugireana-2016-spectacole-folclorice-concerte-sustinute-de-cargo-bere-gratis-just-duty-free-subcarpati-si-millenium-programul-complet\/#primaryimage","url":"https:\/\/urbeamea.ro\/albaiulia\/wp-content\/uploads\/2016\/09\/afis-toamna-cugireana-2016.jpg","contentUrl":"https:\/\/urbeamea.ro\/albaiulia\/wp-content\/uploads\/2016\/09\/afis-toamna-cugireana-2016.jpg","width":565,"height":800},{"@type":"BreadcrumbList","@id":"https:\/\/urbeamea.ro\/albaiulia\/festivalul-toamna-cugireana-2016-spectacole-folclorice-concerte-sustinute-de-cargo-bere-gratis-just-duty-free-subcarpati-si-millenium-programul-complet\/#breadcrumb","itemListElement":[{"@type":"ListItem","position":1,"name":"Prima pagin\u0103","item":"https:\/\/urbeamea.ro\/albaiulia\/"},{"@type":"ListItem","position":2,"name":"Festivalul \u201eToamna Cugirean\u0103\u201d 2016: Spectacole folclorice, concerte sus\u021binute de Cargo, Bere Gratis, Just Duty Free, SubCarpa\u021bi \u0219i Millenium. Programul complet"}]},{"@type":"WebSite","@id":"https:\/\/urbeamea.ro\/albaiulia\/#website","url":"https:\/\/urbeamea.ro\/albaiulia\/","name":"Revista Urbea Mea, Stiri urbane","description":"Evenimente \u0219i \u0219tiri din Alba Iulia, Sebe\u0219, Aiud, Blaj","potentialAction":[{"@type":"SearchAction","target":{"@type":"EntryPoint","urlTemplate":"https:\/\/urbeamea.ro\/albaiulia\/?s={search_term_string}"},"query-input":{"@type":"PropertyValueSpecification","valueRequired":true,"valueName":"search_term_string"}}],"inLanguage":"ro-RO"},{"@type":"Person","@id":"https:\/\/urbeamea.ro\/albaiulia\/#\/schema\/person\/9700d21fae21c4f038b0b56f4506264a","name":"Cristina Ganga","image":{"@type":"ImageObject","inLanguage":"ro-RO","@id":"https:\/\/secure.gravatar.com\/avatar\/5a67661041f057b4a8ccaf26f5a8e86e2689372006d01faf3dd9eeb10b654bb4?s=96&d=mm&r=g","url":"https:\/\/secure.gravatar.com\/avatar\/5a67661041f057b4a8ccaf26f5a8e86e2689372006d01faf3dd9eeb10b654bb4?s=96&d=mm&r=g","contentUrl":"https:\/\/secure.gravatar.com\/avatar\/5a67661041f057b4a8ccaf26f5a8e86e2689372006d01faf3dd9eeb10b654bb4?s=96&d=mm&r=g","caption":"Cristina Ganga"},"description":"Jurnalist","sameAs":["https:\/\/www.facebook.com\/cristina.nicola.587"],"url":"https:\/\/urbeamea.ro\/albaiulia\/author\/cristina-nicola\/"}]}},"_links":{"self":[{"href":"https:\/\/urbeamea.ro\/albaiulia\/wp-json\/wp\/v2\/posts\/31795","targetHints":{"allow":["GET"]}}],"collection":[{"href":"https:\/\/urbeamea.ro\/albaiulia\/wp-json\/wp\/v2\/posts"}],"about":[{"href":"https:\/\/urbeamea.ro\/albaiulia\/wp-json\/wp\/v2\/types\/post"}],"author":[{"embeddable":true,"href":"https:\/\/urbeamea.ro\/albaiulia\/wp-json\/wp\/v2\/users\/17"}],"replies":[{"embeddable":true,"href":"https:\/\/urbeamea.ro\/albaiulia\/wp-json\/wp\/v2\/comments?post=31795"}],"version-history":[{"count":0,"href":"https:\/\/urbeamea.ro\/albaiulia\/wp-json\/wp\/v2\/posts\/31795\/revisions"}],"wp:featuredmedia":[{"embeddable":true,"href":"https:\/\/urbeamea.ro\/albaiulia\/wp-json\/wp\/v2\/media\/31796"}],"wp:attachment":[{"href":"https:\/\/urbeamea.ro\/albaiulia\/wp-json\/wp\/v2\/media?parent=31795"}],"wp:term":[{"taxonomy":"category","embeddable":true,"href":"https:\/\/urbeamea.ro\/albaiulia\/wp-json\/wp\/v2\/categories?post=31795"},{"taxonomy":"post_tag","embeddable":true,"href":"https:\/\/urbeamea.ro\/albaiulia\/wp-json\/wp\/v2\/tags?post=31795"}],"curies":[{"name":"wp","href":"https:\/\/api.w.org\/{rel}","templated":true}]}}