{"id":31803,"date":"2016-09-16T15:59:03","date_gmt":"2016-09-16T12:59:03","guid":{"rendered":"http:\/\/urbeamea.ro\/albaiulia\/?p=31803"},"modified":"2016-09-16T16:30:55","modified_gmt":"2016-09-16T13:30:55","slug":"viteza-maxima-legala-ar-putea-creste-la-70-kmh-propunerea-a-fost-inaintata-in-parlament","status":"publish","type":"post","link":"https:\/\/urbeamea.ro\/albaiulia\/viteza-maxima-legala-ar-putea-creste-la-70-kmh-propunerea-a-fost-inaintata-in-parlament\/","title":{"rendered":"Viteza maxim\u0103 legal\u0103 ar putea cre\u0219te la 70 km\/h. Propunerea a fost \u00eenaintat\u0103 \u00een Parlament"},"content":{"rendered":"<p><strong><img loading=\"lazy\" decoding=\"async\" class=\"alignleft size-medium wp-image-17057\" src=\"http:\/\/urbeamea.ro\/albaiulia\/wp-content\/uploads\/2016\/01\/masina-politie-radar-monitorizare-trafic-300x174.jpg\" alt=\"masina-politie-radar-monitorizare-trafic\" width=\"300\" height=\"174\" \/>Codul Rutier ar putea suferi noi modific\u0103ri, de aceast\u0103 dat\u0103 destul de mari, privind limita de vitez\u0103 ale autoturismelor \u0219i vehiculelor \u00een localit\u0103\u021bi.<\/strong><\/p>\n<p>Senatorul Sorin Bota a introdus un amendament cu privire la propunerea legislativ\u0103 L187\/2016, Lege privind Codul Rutier, arat\u0103 dcnews.ro.<\/p>\n<p>Acesta se refer\u0103 la viteza de circula\u021bie pe drumurile na\u021bionale \u00een interiorul localit\u0103\u021bilor care, conform amendamentului propus, va fi de 70 km\/h pentru autoturisme \u0219i 60 km\/h pentru celelalte categorii de autovehicule, urm\u00e2nd ca \u00een zonele trecerilor de pietoni s\u0103 existe restric\u021bii de vitez\u0103.<\/p>\n<p>Aceast\u0103 schimbare se dore\u0219te a fi f\u0103cut\u0103 pentru o fluidizare a traficului pe drumurile aglomerate, dar \u0219i reducerea timpilor de condus pentru \u0219oferi.<\/p>\n<p>&nbsp;<\/p>\n<p><em>Sursa: evz.ro<\/em><\/p>\n","protected":false},"excerpt":{"rendered":"<p>Codul Rutier ar putea suferi noi modific\u0103ri, de aceast\u0103 dat\u0103 destul de mari, privind limita de vitez\u0103 ale autoturismelor \u0219i vehiculelor \u00een localit\u0103\u021bi. Senatorul Sorin Bota a introdus un amendament cu privire la propunerea legislativ\u0103 L187\/2016, Lege privind Codul Rutier, arat\u0103 dcnews.ro. Acesta se refer\u0103 la viteza de circula\u021bie pe drumurile na\u021bionale \u00een interiorul localit\u0103\u021bilor &hellip;<\/p>\n","protected":false},"author":20,"featured_media":17057,"comment_status":"open","ping_status":"open","sticky":false,"template":"","format":"standard","meta":{"inline_featured_image":false,"footnotes":""},"categories":[2034],"tags":[7535,1837,7534,955,7533,2329,6722,957,76,1742],"class_list":["post-31803","post","type-post","status-publish","format-standard","has-post-thumbnail","hentry","category-social","tag-aglomerate","tag-drumuri","tag-legala","tag-masini","tag-maxima","tag-parlament","tag-propunere","tag-trafic","tag-urbea-mea","tag-viteza"],"yoast_head":"<!-- This site is optimized with the Yoast SEO plugin v28.3 - https:\/\/yoast.com\/product\/yoast-seo-wordpress\/ -->\n<title>Viteza maxim\u0103 legal\u0103 ar putea cre\u0219te la 70 km\/h. Propunerea a fost \u00eenaintat\u0103 \u00een Parlament - Revista Urbea Mea - Revista de Alba<\/title>\n<meta name=\"description\" content=\"Codul Rutier ar putea suferi noi modific\u0103ri, de aceast\u0103 dat\u0103 destul de mari, privind limita de vitez\u0103 ale autoturismelor \u0219i vehiculelor \u00een localit\u0103\u021bi.\" \/>\n<meta name=\"robots\" content=\"index, follow, max-snippet:-1, max-image-preview:large, max-video-preview:-1\" \/>\n<link rel=\"canonical\" href=\"https:\/\/urbeamea.ro\/albaiulia\/viteza-maxima-legala-ar-putea-creste-la-70-kmh-propunerea-a-fost-inaintata-in-parlament\/\" \/>\n<meta name=\"twitter:card\" content=\"summary_large_image\" \/>\n<meta name=\"twitter:title\" content=\"Viteza maxim\u0103 legal\u0103 ar putea cre\u0219te la 70 km\/h. Propunerea a fost \u00eenaintat\u0103 \u00een Parlament - Revista Urbea Mea - Revista de Alba\" \/>\n<meta name=\"twitter:description\" content=\"Codul Rutier ar putea suferi noi modific\u0103ri, de aceast\u0103 dat\u0103 destul de mari, privind limita de vitez\u0103 ale autoturismelor \u0219i vehiculelor \u00een localit\u0103\u021bi.\" \/>\n<meta name=\"twitter:image\" content=\"https:\/\/urbeamea.ro\/albaiulia\/wp-content\/uploads\/2016\/01\/masina-politie-radar-monitorizare-trafic.jpg\" \/>\n<meta name=\"twitter:creator\" content=\"@urbeameaweb\" \/>\n<meta name=\"twitter:site\" content=\"@urbeameaweb\" \/>\n<script type=\"application\/ld+json\" class=\"yoast-schema-graph\">{\"@context\":\"https:\\\/\\\/schema.org\",\"@graph\":[{\"@type\":\"Article\",\"@id\":\"https:\\\/\\\/urbeamea.ro\\\/albaiulia\\\/viteza-maxima-legala-ar-putea-creste-la-70-kmh-propunerea-a-fost-inaintata-in-parlament\\\/#article\",\"isPartOf\":{\"@id\":\"https:\\\/\\\/urbeamea.ro\\\/albaiulia\\\/viteza-maxima-legala-ar-putea-creste-la-70-kmh-propunerea-a-fost-inaintata-in-parlament\\\/\"},\"author\":{\"name\":\"Adriana Avram\",\"@id\":\"https:\\\/\\\/urbeamea.ro\\\/albaiulia\\\/#\\\/schema\\\/person\\\/cfaa27fc3da4a9a2cf2fee3650afc5d0\"},\"headline\":\"Viteza maxim\u0103 legal\u0103 ar putea cre\u0219te la 70 km\\\/h. Propunerea a fost \u00eenaintat\u0103 \u00een Parlament\",\"datePublished\":\"2016-09-16T12:59:03+00:00\",\"dateModified\":\"2016-09-16T13:30:55+00:00\",\"mainEntityOfPage\":{\"@id\":\"https:\\\/\\\/urbeamea.ro\\\/albaiulia\\\/viteza-maxima-legala-ar-putea-creste-la-70-kmh-propunerea-a-fost-inaintata-in-parlament\\\/\"},\"wordCount\":139,\"commentCount\":0,\"image\":{\"@id\":\"https:\\\/\\\/urbeamea.ro\\\/albaiulia\\\/viteza-maxima-legala-ar-putea-creste-la-70-kmh-propunerea-a-fost-inaintata-in-parlament\\\/#primaryimage\"},\"thumbnailUrl\":\"https:\\\/\\\/urbeamea.ro\\\/albaiulia\\\/wp-content\\\/uploads\\\/2016\\\/01\\\/masina-politie-radar-monitorizare-trafic.jpg\",\"keywords\":[\"aglomerate\",\"drumuri\",\"legala\",\"masini\",\"maxima\",\"parlament\",\"propunere\",\"trafic\",\"Urbea Mea\",\"viteza\"],\"articleSection\":[\"Social\"],\"inLanguage\":\"ro-RO\",\"potentialAction\":[{\"@type\":\"CommentAction\",\"name\":\"Comment\",\"target\":[\"https:\\\/\\\/urbeamea.ro\\\/albaiulia\\\/viteza-maxima-legala-ar-putea-creste-la-70-kmh-propunerea-a-fost-inaintata-in-parlament\\\/#respond\"]}]},{\"@type\":\"WebPage\",\"@id\":\"https:\\\/\\\/urbeamea.ro\\\/albaiulia\\\/viteza-maxima-legala-ar-putea-creste-la-70-kmh-propunerea-a-fost-inaintata-in-parlament\\\/\",\"url\":\"https:\\\/\\\/urbeamea.ro\\\/albaiulia\\\/viteza-maxima-legala-ar-putea-creste-la-70-kmh-propunerea-a-fost-inaintata-in-parlament\\\/\",\"name\":\"Viteza maxim\u0103 legal\u0103 ar putea cre\u0219te la 70 km\\\/h. Propunerea a fost \u00eenaintat\u0103 \u00een Parlament - Revista Urbea Mea - Revista de Alba\",\"isPartOf\":{\"@id\":\"https:\\\/\\\/urbeamea.ro\\\/albaiulia\\\/#website\"},\"primaryImageOfPage\":{\"@id\":\"https:\\\/\\\/urbeamea.ro\\\/albaiulia\\\/viteza-maxima-legala-ar-putea-creste-la-70-kmh-propunerea-a-fost-inaintata-in-parlament\\\/#primaryimage\"},\"image\":{\"@id\":\"https:\\\/\\\/urbeamea.ro\\\/albaiulia\\\/viteza-maxima-legala-ar-putea-creste-la-70-kmh-propunerea-a-fost-inaintata-in-parlament\\\/#primaryimage\"},\"thumbnailUrl\":\"https:\\\/\\\/urbeamea.ro\\\/albaiulia\\\/wp-content\\\/uploads\\\/2016\\\/01\\\/masina-politie-radar-monitorizare-trafic.jpg\",\"datePublished\":\"2016-09-16T12:59:03+00:00\",\"dateModified\":\"2016-09-16T13:30:55+00:00\",\"author\":{\"@id\":\"https:\\\/\\\/urbeamea.ro\\\/albaiulia\\\/#\\\/schema\\\/person\\\/cfaa27fc3da4a9a2cf2fee3650afc5d0\"},\"description\":\"Codul Rutier ar putea suferi noi modific\u0103ri, de aceast\u0103 dat\u0103 destul de mari, privind limita de vitez\u0103 ale autoturismelor \u0219i vehiculelor \u00een localit\u0103\u021bi.\",\"breadcrumb\":{\"@id\":\"https:\\\/\\\/urbeamea.ro\\\/albaiulia\\\/viteza-maxima-legala-ar-putea-creste-la-70-kmh-propunerea-a-fost-inaintata-in-parlament\\\/#breadcrumb\"},\"inLanguage\":\"ro-RO\",\"potentialAction\":[{\"@type\":\"ReadAction\",\"target\":[\"https:\\\/\\\/urbeamea.ro\\\/albaiulia\\\/viteza-maxima-legala-ar-putea-creste-la-70-kmh-propunerea-a-fost-inaintata-in-parlament\\\/\"]}]},{\"@type\":\"ImageObject\",\"inLanguage\":\"ro-RO\",\"@id\":\"https:\\\/\\\/urbeamea.ro\\\/albaiulia\\\/viteza-maxima-legala-ar-putea-creste-la-70-kmh-propunerea-a-fost-inaintata-in-parlament\\\/#primaryimage\",\"url\":\"https:\\\/\\\/urbeamea.ro\\\/albaiulia\\\/wp-content\\\/uploads\\\/2016\\\/01\\\/masina-politie-radar-monitorizare-trafic.jpg\",\"contentUrl\":\"https:\\\/\\\/urbeamea.ro\\\/albaiulia\\\/wp-content\\\/uploads\\\/2016\\\/01\\\/masina-politie-radar-monitorizare-trafic.jpg\",\"width\":800,\"height\":465},{\"@type\":\"BreadcrumbList\",\"@id\":\"https:\\\/\\\/urbeamea.ro\\\/albaiulia\\\/viteza-maxima-legala-ar-putea-creste-la-70-kmh-propunerea-a-fost-inaintata-in-parlament\\\/#breadcrumb\",\"itemListElement\":[{\"@type\":\"ListItem\",\"position\":1,\"name\":\"Prima pagin\u0103\",\"item\":\"https:\\\/\\\/urbeamea.ro\\\/albaiulia\\\/\"},{\"@type\":\"ListItem\",\"position\":2,\"name\":\"Viteza maxim\u0103 legal\u0103 ar putea cre\u0219te la 70 km\\\/h. Propunerea a fost \u00eenaintat\u0103 \u00een Parlament\"}]},{\"@type\":\"WebSite\",\"@id\":\"https:\\\/\\\/urbeamea.ro\\\/albaiulia\\\/#website\",\"url\":\"https:\\\/\\\/urbeamea.ro\\\/albaiulia\\\/\",\"name\":\"Revista Urbea Mea, Stiri urbane\",\"description\":\"Evenimente \u0219i \u0219tiri din Alba Iulia, Sebe\u0219, Aiud, Blaj\",\"potentialAction\":[{\"@type\":\"SearchAction\",\"target\":{\"@type\":\"EntryPoint\",\"urlTemplate\":\"https:\\\/\\\/urbeamea.ro\\\/albaiulia\\\/?s={search_term_string}\"},\"query-input\":{\"@type\":\"PropertyValueSpecification\",\"valueRequired\":true,\"valueName\":\"search_term_string\"}}],\"inLanguage\":\"ro-RO\"},{\"@type\":\"Person\",\"@id\":\"https:\\\/\\\/urbeamea.ro\\\/albaiulia\\\/#\\\/schema\\\/person\\\/cfaa27fc3da4a9a2cf2fee3650afc5d0\",\"name\":\"Adriana Avram\",\"image\":{\"@type\":\"ImageObject\",\"inLanguage\":\"ro-RO\",\"@id\":\"https:\\\/\\\/secure.gravatar.com\\\/avatar\\\/3cc61eb1584088e0099c1763903a6421c5ce6cdf45fc2d424046dc621efc21f9?s=96&d=mm&r=g\",\"url\":\"https:\\\/\\\/secure.gravatar.com\\\/avatar\\\/3cc61eb1584088e0099c1763903a6421c5ce6cdf45fc2d424046dc621efc21f9?s=96&d=mm&r=g\",\"contentUrl\":\"https:\\\/\\\/secure.gravatar.com\\\/avatar\\\/3cc61eb1584088e0099c1763903a6421c5ce6cdf45fc2d424046dc621efc21f9?s=96&d=mm&r=g\",\"caption\":\"Adriana Avram\"},\"description\":\"Jurnalist\",\"sameAs\":[\"https:\\\/\\\/www.facebook.com\\\/avram.adriana.7?fref=ts\"],\"url\":\"https:\\\/\\\/urbeamea.ro\\\/albaiulia\\\/author\\\/adriana-avram\\\/\"}]}<\/script>\n<!-- \/ Yoast SEO plugin. -->","yoast_head_json":{"title":"Viteza maxim\u0103 legal\u0103 ar putea cre\u0219te la 70 km\/h. Propunerea a fost \u00eenaintat\u0103 \u00een Parlament - Revista Urbea Mea - Revista de Alba","description":"Codul Rutier ar putea suferi noi modific\u0103ri, de aceast\u0103 dat\u0103 destul de mari, privind limita de vitez\u0103 ale autoturismelor \u0219i vehiculelor \u00een localit\u0103\u021bi.","robots":{"index":"index","follow":"follow","max-snippet":"max-snippet:-1","max-image-preview":"max-image-preview:large","max-video-preview":"max-video-preview:-1"},"canonical":"https:\/\/urbeamea.ro\/albaiulia\/viteza-maxima-legala-ar-putea-creste-la-70-kmh-propunerea-a-fost-inaintata-in-parlament\/","twitter_card":"summary_large_image","twitter_title":"Viteza maxim\u0103 legal\u0103 ar putea cre\u0219te la 70 km\/h. Propunerea a fost \u00eenaintat\u0103 \u00een Parlament - Revista Urbea Mea - Revista de Alba","twitter_description":"Codul Rutier ar putea suferi noi modific\u0103ri, de aceast\u0103 dat\u0103 destul de mari, privind limita de vitez\u0103 ale autoturismelor \u0219i vehiculelor \u00een localit\u0103\u021bi.","twitter_image":"https:\/\/urbeamea.ro\/albaiulia\/wp-content\/uploads\/2016\/01\/masina-politie-radar-monitorizare-trafic.jpg","twitter_creator":"@urbeameaweb","twitter_site":"@urbeameaweb","schema":{"@context":"https:\/\/schema.org","@graph":[{"@type":"Article","@id":"https:\/\/urbeamea.ro\/albaiulia\/viteza-maxima-legala-ar-putea-creste-la-70-kmh-propunerea-a-fost-inaintata-in-parlament\/#article","isPartOf":{"@id":"https:\/\/urbeamea.ro\/albaiulia\/viteza-maxima-legala-ar-putea-creste-la-70-kmh-propunerea-a-fost-inaintata-in-parlament\/"},"author":{"name":"Adriana Avram","@id":"https:\/\/urbeamea.ro\/albaiulia\/#\/schema\/person\/cfaa27fc3da4a9a2cf2fee3650afc5d0"},"headline":"Viteza maxim\u0103 legal\u0103 ar putea cre\u0219te la 70 km\/h. Propunerea a fost \u00eenaintat\u0103 \u00een Parlament","datePublished":"2016-09-16T12:59:03+00:00","dateModified":"2016-09-16T13:30:55+00:00","mainEntityOfPage":{"@id":"https:\/\/urbeamea.ro\/albaiulia\/viteza-maxima-legala-ar-putea-creste-la-70-kmh-propunerea-a-fost-inaintata-in-parlament\/"},"wordCount":139,"commentCount":0,"image":{"@id":"https:\/\/urbeamea.ro\/albaiulia\/viteza-maxima-legala-ar-putea-creste-la-70-kmh-propunerea-a-fost-inaintata-in-parlament\/#primaryimage"},"thumbnailUrl":"https:\/\/urbeamea.ro\/albaiulia\/wp-content\/uploads\/2016\/01\/masina-politie-radar-monitorizare-trafic.jpg","keywords":["aglomerate","drumuri","legala","masini","maxima","parlament","propunere","trafic","Urbea Mea","viteza"],"articleSection":["Social"],"inLanguage":"ro-RO","potentialAction":[{"@type":"CommentAction","name":"Comment","target":["https:\/\/urbeamea.ro\/albaiulia\/viteza-maxima-legala-ar-putea-creste-la-70-kmh-propunerea-a-fost-inaintata-in-parlament\/#respond"]}]},{"@type":"WebPage","@id":"https:\/\/urbeamea.ro\/albaiulia\/viteza-maxima-legala-ar-putea-creste-la-70-kmh-propunerea-a-fost-inaintata-in-parlament\/","url":"https:\/\/urbeamea.ro\/albaiulia\/viteza-maxima-legala-ar-putea-creste-la-70-kmh-propunerea-a-fost-inaintata-in-parlament\/","name":"Viteza maxim\u0103 legal\u0103 ar putea cre\u0219te la 70 km\/h. Propunerea a fost \u00eenaintat\u0103 \u00een Parlament - Revista Urbea Mea - Revista de Alba","isPartOf":{"@id":"https:\/\/urbeamea.ro\/albaiulia\/#website"},"primaryImageOfPage":{"@id":"https:\/\/urbeamea.ro\/albaiulia\/viteza-maxima-legala-ar-putea-creste-la-70-kmh-propunerea-a-fost-inaintata-in-parlament\/#primaryimage"},"image":{"@id":"https:\/\/urbeamea.ro\/albaiulia\/viteza-maxima-legala-ar-putea-creste-la-70-kmh-propunerea-a-fost-inaintata-in-parlament\/#primaryimage"},"thumbnailUrl":"https:\/\/urbeamea.ro\/albaiulia\/wp-content\/uploads\/2016\/01\/masina-politie-radar-monitorizare-trafic.jpg","datePublished":"2016-09-16T12:59:03+00:00","dateModified":"2016-09-16T13:30:55+00:00","author":{"@id":"https:\/\/urbeamea.ro\/albaiulia\/#\/schema\/person\/cfaa27fc3da4a9a2cf2fee3650afc5d0"},"description":"Codul Rutier ar putea suferi noi modific\u0103ri, de aceast\u0103 dat\u0103 destul de mari, privind limita de vitez\u0103 ale autoturismelor \u0219i vehiculelor \u00een localit\u0103\u021bi.","breadcrumb":{"@id":"https:\/\/urbeamea.ro\/albaiulia\/viteza-maxima-legala-ar-putea-creste-la-70-kmh-propunerea-a-fost-inaintata-in-parlament\/#breadcrumb"},"inLanguage":"ro-RO","potentialAction":[{"@type":"ReadAction","target":["https:\/\/urbeamea.ro\/albaiulia\/viteza-maxima-legala-ar-putea-creste-la-70-kmh-propunerea-a-fost-inaintata-in-parlament\/"]}]},{"@type":"ImageObject","inLanguage":"ro-RO","@id":"https:\/\/urbeamea.ro\/albaiulia\/viteza-maxima-legala-ar-putea-creste-la-70-kmh-propunerea-a-fost-inaintata-in-parlament\/#primaryimage","url":"https:\/\/urbeamea.ro\/albaiulia\/wp-content\/uploads\/2016\/01\/masina-politie-radar-monitorizare-trafic.jpg","contentUrl":"https:\/\/urbeamea.ro\/albaiulia\/wp-content\/uploads\/2016\/01\/masina-politie-radar-monitorizare-trafic.jpg","width":800,"height":465},{"@type":"BreadcrumbList","@id":"https:\/\/urbeamea.ro\/albaiulia\/viteza-maxima-legala-ar-putea-creste-la-70-kmh-propunerea-a-fost-inaintata-in-parlament\/#breadcrumb","itemListElement":[{"@type":"ListItem","position":1,"name":"Prima pagin\u0103","item":"https:\/\/urbeamea.ro\/albaiulia\/"},{"@type":"ListItem","position":2,"name":"Viteza maxim\u0103 legal\u0103 ar putea cre\u0219te la 70 km\/h. Propunerea a fost \u00eenaintat\u0103 \u00een Parlament"}]},{"@type":"WebSite","@id":"https:\/\/urbeamea.ro\/albaiulia\/#website","url":"https:\/\/urbeamea.ro\/albaiulia\/","name":"Revista Urbea Mea, Stiri urbane","description":"Evenimente \u0219i \u0219tiri din Alba Iulia, Sebe\u0219, Aiud, Blaj","potentialAction":[{"@type":"SearchAction","target":{"@type":"EntryPoint","urlTemplate":"https:\/\/urbeamea.ro\/albaiulia\/?s={search_term_string}"},"query-input":{"@type":"PropertyValueSpecification","valueRequired":true,"valueName":"search_term_string"}}],"inLanguage":"ro-RO"},{"@type":"Person","@id":"https:\/\/urbeamea.ro\/albaiulia\/#\/schema\/person\/cfaa27fc3da4a9a2cf2fee3650afc5d0","name":"Adriana Avram","image":{"@type":"ImageObject","inLanguage":"ro-RO","@id":"https:\/\/secure.gravatar.com\/avatar\/3cc61eb1584088e0099c1763903a6421c5ce6cdf45fc2d424046dc621efc21f9?s=96&d=mm&r=g","url":"https:\/\/secure.gravatar.com\/avatar\/3cc61eb1584088e0099c1763903a6421c5ce6cdf45fc2d424046dc621efc21f9?s=96&d=mm&r=g","contentUrl":"https:\/\/secure.gravatar.com\/avatar\/3cc61eb1584088e0099c1763903a6421c5ce6cdf45fc2d424046dc621efc21f9?s=96&d=mm&r=g","caption":"Adriana Avram"},"description":"Jurnalist","sameAs":["https:\/\/www.facebook.com\/avram.adriana.7?fref=ts"],"url":"https:\/\/urbeamea.ro\/albaiulia\/author\/adriana-avram\/"}]}},"_links":{"self":[{"href":"https:\/\/urbeamea.ro\/albaiulia\/wp-json\/wp\/v2\/posts\/31803","targetHints":{"allow":["GET"]}}],"collection":[{"href":"https:\/\/urbeamea.ro\/albaiulia\/wp-json\/wp\/v2\/posts"}],"about":[{"href":"https:\/\/urbeamea.ro\/albaiulia\/wp-json\/wp\/v2\/types\/post"}],"author":[{"embeddable":true,"href":"https:\/\/urbeamea.ro\/albaiulia\/wp-json\/wp\/v2\/users\/20"}],"replies":[{"embeddable":true,"href":"https:\/\/urbeamea.ro\/albaiulia\/wp-json\/wp\/v2\/comments?post=31803"}],"version-history":[{"count":0,"href":"https:\/\/urbeamea.ro\/albaiulia\/wp-json\/wp\/v2\/posts\/31803\/revisions"}],"wp:featuredmedia":[{"embeddable":true,"href":"https:\/\/urbeamea.ro\/albaiulia\/wp-json\/wp\/v2\/media\/17057"}],"wp:attachment":[{"href":"https:\/\/urbeamea.ro\/albaiulia\/wp-json\/wp\/v2\/media?parent=31803"}],"wp:term":[{"taxonomy":"category","embeddable":true,"href":"https:\/\/urbeamea.ro\/albaiulia\/wp-json\/wp\/v2\/categories?post=31803"},{"taxonomy":"post_tag","embeddable":true,"href":"https:\/\/urbeamea.ro\/albaiulia\/wp-json\/wp\/v2\/tags?post=31803"}],"curies":[{"name":"wp","href":"https:\/\/api.w.org\/{rel}","templated":true}]}}