{"id":31948,"date":"2016-09-20T15:32:47","date_gmt":"2016-09-20T12:32:47","guid":{"rendered":"http:\/\/urbeamea.ro\/albaiulia\/?p=31948"},"modified":"2016-09-20T15:32:47","modified_gmt":"2016-09-20T12:32:47","slug":"protest-spontan-la-judecatoria-alba-iulia-si-la-tribunalul-alba-personalul-auxiliar-a-blocat-activitatea-timp-de-doua-ore","status":"publish","type":"post","link":"https:\/\/urbeamea.ro\/albaiulia\/protest-spontan-la-judecatoria-alba-iulia-si-la-tribunalul-alba-personalul-auxiliar-a-blocat-activitatea-timp-de-doua-ore\/","title":{"rendered":"Protest spontan la Judec\u0103toria Alba Iulia \u0219i la Tribunalul Alba. Personalul auxiliar a blocat activitatea timp de dou\u0103 ore"},"content":{"rendered":"<p class=\"western\" align=\"JUSTIFY\"><strong><img loading=\"lazy\" decoding=\"async\" class=\"alignleft size-medium wp-image-31950\" src=\"http:\/\/urbeamea.ro\/albaiulia\/wp-content\/uploads\/2016\/09\/IMG_9113-300x200.jpg\" alt=\"img_9113\" width=\"300\" height=\"200\" \/>Personalul auxiliar \u0219i cel conex, din cadrul Judec\u0103toriei Alba Iulia \u0219i al Tribunalului Alba au declan\u0219at mar\u021bi, 20 septembrie, un protest spontan, la care au participat circa 50 de angaja\u021bi.<\/strong><\/p>\n<p class=\"western\" align=\"JUSTIFY\">Timp de dou\u0103 ore, \u00een intervalul 10:30 &#8211; 12:30, activitatea cestora a fost sistat\u0103, al\u0103tur\u00e2ndu-se astfel, protestelor organizate \u0219i \u00een alte instan\u021be din \u021bar\u0103. Dup\u0103 ac\u021biunea de ast\u0103zi, p\u00e2n\u0103 pe data de 25 septembrie, sindicali\u0219tii vor purta \u00een timpul \u0219edin\u021belor de judecat\u0103, banderole albe.<\/p>\n<p class=\"western\" align=\"JUSTIFY\">Principalele nemul\u021bumiri ale angaja\u021bilor, potrivit Judec\u0103toriei Alba Iulia sunt\u00a0lipsa unei legisla\u0163ii \u015fi a unor reglement\u0103ri adaptate la realit\u0103\u0163ile din instan\u0163e \u015fi parchete;\u00a0neadoptarea unui nou statut al personalului de specialitate din instan\u0163e \u015fi parchete care s\u0103 contribuie la eficientizarea activit\u0103\u0163ii \u015fi implementarea treptat\u0103 a reglement\u0103rilor privind func\u0163ia de grefier judiciar, prin transferul unor atribu\u0163ii administrative de la magistra\u0163i;\u00a0cre\u015fterea continu\u0103 \u015fi alarmant\u0103 a volumului de activitate \u00eenregistrat\u0103 \u00een perioada ultimilor ani urmare intr\u0103rii \u00een vigoare a noilor Coduri;\u00a0sporirea atribu\u0163iilor \u015fi a responsabilit\u0103\u0163ilor acestei categorii de personal;\u00a0existen\u0163a unor scheme de personal auxiliar \u015fi conex neadaptate volumului de activitate, responsabilit\u0103\u0163ilor \u015fi atribu\u0163iilor;\u00a0lipsa unor sedii corespunz\u0103toare desf\u0103\u015fur\u0103rii activit\u0103\u0163ii profesionale \u015fi a dot\u0103rilor necesare acesteia \u00een multe dintre instan\u0163e \u015fi parchete;\u00a0inechit\u0103\u0163ile salariale existente \u00een r\u00e2ndul acestor categorii de personal, chiar \u00eentre salaria\u0163i afla\u0163i \u00een situa\u0163ii identice, precum \u015fi necorelarea veniturilor salariale cu atribu\u0163iile, responsabilit\u0103\u0163ile \u015fi importan\u0163a muncii;\u00a0imposibilitatea compens\u0103rii orelor suplimentare efectuate peste orele de program legal de c\u0103tre personalul auxiliar de specialitate, prin raportare la volumul de activitate \u015fi complexitatea atribu\u0163iilor.<\/p>\n<p class=\"western\" align=\"JUSTIFY\">\u00centr-un comunicat al Judec\u0103toriei Alba Iulia, se arat\u0103 c\u0103 Adunarea General\u0103 a Judec\u0103torilor din data de 19 septembrie a hot\u0103r\u00e2t urm\u0103toarele:<\/p>\n<p class=\"western\" align=\"JUSTIFY\">\u201e1. Solicit\u0103 public puterii executive s\u0103 aplice hot\u0103r\u00e2rile date de Instan\u0163a Suprem\u0103 \u00een Recurs \u00cen interesul legii \u015fi \u00een procedura dezleg\u0103rii unor chestiuni de drept, \u00een concordan\u0163\u0103 cu normele legale \u00een vigoare \u015fi s\u0103 pun\u0103 \u00een executare hot\u0103r\u00e2rile judec\u0103tore\u015fti;<\/p>\n<p class=\"western\" align=\"JUSTIFY\">2. Puterea executiv\u0103 s\u0103 transpun\u0103 de \u00eendat\u0103 \u00een acte normative \u015fi \u00een m\u0103suri administrative Hot\u0103r\u00e2rile Cur\u0163ii Europene de Justi\u0163ie pentru a pre\u00eent\u00e2mpina \u201cvalurile\u201d de litigii generate de neexecutarea de c\u0103tre executiv a acestor hot\u0103r\u00e2ri;<\/p>\n<p class=\"western\" align=\"JUSTIFY\">3. Solicit\u0103 public Guvernului s\u0103 emit\u0103 acte normative doar cu respectarea normelor constitu\u0163ionale;<\/p>\n<p class=\"western\" align=\"JUSTIFY\">4. Solicit\u0103 aplicarea nediscriminatorie a actelor normative pentru to\u0163i destinatarii lor;<\/p>\n<p class=\"western\" align=\"JUSTIFY\">5. Aprob\u0103 memoriul formulat de Asocia\u0163ia Forumul Judec\u0103torilor din Rom\u00e2nia, Uniunea Na\u0163ional\u0103 a Judec\u0103torilor din Rom\u00e2nia, Asocia\u0163ia Magistra\u0163ilor din Rom\u00e2nia \u015fi Asocia\u0163ia Procurorilor din Rom\u00e2nia \u015fi solicit\u0103 public Avocatului Poporului s\u0103 ini\u0163ieze controlul de constitu\u0163ionalitate a OUG 43\/2016;<\/p>\n<p class=\"western\" align=\"JUSTIFY\">6. Solicit\u0103 public demisia ministrului Justi\u0163iei;<\/p>\n<p class=\"western\" align=\"JUSTIFY\">7. Aprob\u0103 Memorandumul adresat Guvernului, \u00eentocmit de Uniunea Na\u0163ional\u0103 a Judec\u0103torilor din Rom\u00e2nia \u015fi de Asocia\u0163ia Magistra\u0163ilor din Rom\u00e2nia;<\/p>\n<p align=\"JUSTIFY\">8. \u00cencep\u00e2nd cu data de 20 septembrie \u015fi p\u00e2n\u0103 la data de 25 septembrie, adoptarea unei forme de protest public const\u00e2nd \u00een participarea la \u0219edin\u021bele de judecat\u0103 cu purtarea la bra\u021b a unei banderole albe;<\/p>\n<p align=\"JUSTIFY\">9. \u00cencep\u00e2nd cu data de 26 septembrie \u0219i p\u00e2n\u0103 la dispozi\u021bii contrare, adoptarea unei forme de protest public const\u00e2nd \u00een solu\u0163ionarea numai a cauzelor de tip urgent\u201d.<\/p>\n","protected":false},"excerpt":{"rendered":"<p>Personalul auxiliar \u0219i cel conex, din cadrul Judec\u0103toriei Alba Iulia \u0219i al Tribunalului Alba au declan\u0219at mar\u021bi, 20 septembrie, un protest spontan, la care au participat circa 50 de angaja\u021bi. Timp de dou\u0103 ore, \u00een intervalul 10:30 &#8211; 12:30, activitatea cestora a fost sistat\u0103, al\u0103tur\u00e2ndu-se astfel, protestelor organizate \u0219i \u00een alte instan\u021be din \u021bar\u0103. Dup\u0103 &hellip;<\/p>\n","protected":false},"author":20,"featured_media":31950,"comment_status":"open","ping_status":"open","sticky":false,"template":"","format":"standard","meta":{"inline_featured_image":false,"footnotes":""},"categories":[2034],"tags":[1350,307,31,7580,7579,3025,7581,3236,3870,7578,3024,76],"class_list":["post-31948","post","type-post","status-publish","format-standard","has-post-thumbnail","hentry","category-social","tag-activitate","tag-alba","tag-alba-iulia","tag-auxiliar","tag-grefieri","tag-judecatorie","tag-ore-suplimentare","tag-personal","tag-protest","tag-spontan","tag-tribunal","tag-urbea-mea"],"yoast_head":"<!-- This site is optimized with the Yoast SEO plugin v28.3 - https:\/\/yoast.com\/product\/yoast-seo-wordpress\/ -->\n<title>Protest spontan la Judec\u0103toria Alba Iulia \u0219i la Tribunalul Alba. Personalul auxiliar a blocat activitatea timp de dou\u0103 ore - Revista Urbea Mea - Revista de Alba<\/title>\n<meta name=\"description\" content=\"Personalul auxiliar \u0219i cel conex, din cadrul Judec\u0103toriei Alba Iulia \u0219i al Tribunalului Alba au declan\u0219at mar\u021bi, 20 septembrie, un protest spontan, la\" \/>\n<meta name=\"robots\" content=\"index, follow, max-snippet:-1, max-image-preview:large, max-video-preview:-1\" \/>\n<link rel=\"canonical\" href=\"https:\/\/urbeamea.ro\/albaiulia\/protest-spontan-la-judecatoria-alba-iulia-si-la-tribunalul-alba-personalul-auxiliar-a-blocat-activitatea-timp-de-doua-ore\/\" \/>\n<meta name=\"twitter:card\" content=\"summary_large_image\" \/>\n<meta name=\"twitter:title\" content=\"Protest spontan la Judec\u0103toria Alba Iulia \u0219i la Tribunalul Alba. Personalul auxiliar a blocat activitatea timp de dou\u0103 ore - Revista Urbea Mea - Revista de Alba\" \/>\n<meta name=\"twitter:description\" content=\"Personalul auxiliar \u0219i cel conex, din cadrul Judec\u0103toriei Alba Iulia \u0219i al Tribunalului Alba au declan\u0219at mar\u021bi, 20 septembrie, un protest spontan, la\" \/>\n<meta name=\"twitter:image\" content=\"https:\/\/urbeamea.ro\/albaiulia\/wp-content\/uploads\/2016\/09\/IMG_9113.jpg\" \/>\n<meta name=\"twitter:creator\" content=\"@urbeameaweb\" \/>\n<meta name=\"twitter:site\" content=\"@urbeameaweb\" \/>\n<script type=\"application\/ld+json\" class=\"yoast-schema-graph\">{\"@context\":\"https:\\\/\\\/schema.org\",\"@graph\":[{\"@type\":\"Article\",\"@id\":\"https:\\\/\\\/urbeamea.ro\\\/albaiulia\\\/protest-spontan-la-judecatoria-alba-iulia-si-la-tribunalul-alba-personalul-auxiliar-a-blocat-activitatea-timp-de-doua-ore\\\/#article\",\"isPartOf\":{\"@id\":\"https:\\\/\\\/urbeamea.ro\\\/albaiulia\\\/protest-spontan-la-judecatoria-alba-iulia-si-la-tribunalul-alba-personalul-auxiliar-a-blocat-activitatea-timp-de-doua-ore\\\/\"},\"author\":{\"name\":\"Adriana Avram\",\"@id\":\"https:\\\/\\\/urbeamea.ro\\\/albaiulia\\\/#\\\/schema\\\/person\\\/cfaa27fc3da4a9a2cf2fee3650afc5d0\"},\"headline\":\"Protest spontan la Judec\u0103toria Alba Iulia \u0219i la Tribunalul Alba. Personalul auxiliar a blocat activitatea timp de dou\u0103 ore\",\"datePublished\":\"2016-09-20T12:32:47+00:00\",\"mainEntityOfPage\":{\"@id\":\"https:\\\/\\\/urbeamea.ro\\\/albaiulia\\\/protest-spontan-la-judecatoria-alba-iulia-si-la-tribunalul-alba-personalul-auxiliar-a-blocat-activitatea-timp-de-doua-ore\\\/\"},\"wordCount\":594,\"commentCount\":0,\"image\":{\"@id\":\"https:\\\/\\\/urbeamea.ro\\\/albaiulia\\\/protest-spontan-la-judecatoria-alba-iulia-si-la-tribunalul-alba-personalul-auxiliar-a-blocat-activitatea-timp-de-doua-ore\\\/#primaryimage\"},\"thumbnailUrl\":\"https:\\\/\\\/urbeamea.ro\\\/albaiulia\\\/wp-content\\\/uploads\\\/2016\\\/09\\\/IMG_9113.jpg\",\"keywords\":[\"activitate\",\"alba\",\"Alba Iulia\",\"auxiliar\",\"grefieri\",\"judecatorie\",\"ore suplimentare\",\"personal\",\"protest\",\"spontan\",\"tribunal\",\"Urbea Mea\"],\"articleSection\":[\"Social\"],\"inLanguage\":\"ro-RO\",\"potentialAction\":[{\"@type\":\"CommentAction\",\"name\":\"Comment\",\"target\":[\"https:\\\/\\\/urbeamea.ro\\\/albaiulia\\\/protest-spontan-la-judecatoria-alba-iulia-si-la-tribunalul-alba-personalul-auxiliar-a-blocat-activitatea-timp-de-doua-ore\\\/#respond\"]}]},{\"@type\":\"WebPage\",\"@id\":\"https:\\\/\\\/urbeamea.ro\\\/albaiulia\\\/protest-spontan-la-judecatoria-alba-iulia-si-la-tribunalul-alba-personalul-auxiliar-a-blocat-activitatea-timp-de-doua-ore\\\/\",\"url\":\"https:\\\/\\\/urbeamea.ro\\\/albaiulia\\\/protest-spontan-la-judecatoria-alba-iulia-si-la-tribunalul-alba-personalul-auxiliar-a-blocat-activitatea-timp-de-doua-ore\\\/\",\"name\":\"Protest spontan la Judec\u0103toria Alba Iulia \u0219i la Tribunalul Alba. Personalul auxiliar a blocat activitatea timp de dou\u0103 ore - Revista Urbea Mea - Revista de Alba\",\"isPartOf\":{\"@id\":\"https:\\\/\\\/urbeamea.ro\\\/albaiulia\\\/#website\"},\"primaryImageOfPage\":{\"@id\":\"https:\\\/\\\/urbeamea.ro\\\/albaiulia\\\/protest-spontan-la-judecatoria-alba-iulia-si-la-tribunalul-alba-personalul-auxiliar-a-blocat-activitatea-timp-de-doua-ore\\\/#primaryimage\"},\"image\":{\"@id\":\"https:\\\/\\\/urbeamea.ro\\\/albaiulia\\\/protest-spontan-la-judecatoria-alba-iulia-si-la-tribunalul-alba-personalul-auxiliar-a-blocat-activitatea-timp-de-doua-ore\\\/#primaryimage\"},\"thumbnailUrl\":\"https:\\\/\\\/urbeamea.ro\\\/albaiulia\\\/wp-content\\\/uploads\\\/2016\\\/09\\\/IMG_9113.jpg\",\"datePublished\":\"2016-09-20T12:32:47+00:00\",\"author\":{\"@id\":\"https:\\\/\\\/urbeamea.ro\\\/albaiulia\\\/#\\\/schema\\\/person\\\/cfaa27fc3da4a9a2cf2fee3650afc5d0\"},\"description\":\"Personalul auxiliar \u0219i cel conex, din cadrul Judec\u0103toriei Alba Iulia \u0219i al Tribunalului Alba au declan\u0219at mar\u021bi, 20 septembrie, un protest spontan, la\",\"breadcrumb\":{\"@id\":\"https:\\\/\\\/urbeamea.ro\\\/albaiulia\\\/protest-spontan-la-judecatoria-alba-iulia-si-la-tribunalul-alba-personalul-auxiliar-a-blocat-activitatea-timp-de-doua-ore\\\/#breadcrumb\"},\"inLanguage\":\"ro-RO\",\"potentialAction\":[{\"@type\":\"ReadAction\",\"target\":[\"https:\\\/\\\/urbeamea.ro\\\/albaiulia\\\/protest-spontan-la-judecatoria-alba-iulia-si-la-tribunalul-alba-personalul-auxiliar-a-blocat-activitatea-timp-de-doua-ore\\\/\"]}]},{\"@type\":\"ImageObject\",\"inLanguage\":\"ro-RO\",\"@id\":\"https:\\\/\\\/urbeamea.ro\\\/albaiulia\\\/protest-spontan-la-judecatoria-alba-iulia-si-la-tribunalul-alba-personalul-auxiliar-a-blocat-activitatea-timp-de-doua-ore\\\/#primaryimage\",\"url\":\"https:\\\/\\\/urbeamea.ro\\\/albaiulia\\\/wp-content\\\/uploads\\\/2016\\\/09\\\/IMG_9113.jpg\",\"contentUrl\":\"https:\\\/\\\/urbeamea.ro\\\/albaiulia\\\/wp-content\\\/uploads\\\/2016\\\/09\\\/IMG_9113.jpg\",\"width\":1200,\"height\":798},{\"@type\":\"BreadcrumbList\",\"@id\":\"https:\\\/\\\/urbeamea.ro\\\/albaiulia\\\/protest-spontan-la-judecatoria-alba-iulia-si-la-tribunalul-alba-personalul-auxiliar-a-blocat-activitatea-timp-de-doua-ore\\\/#breadcrumb\",\"itemListElement\":[{\"@type\":\"ListItem\",\"position\":1,\"name\":\"Prima pagin\u0103\",\"item\":\"https:\\\/\\\/urbeamea.ro\\\/albaiulia\\\/\"},{\"@type\":\"ListItem\",\"position\":2,\"name\":\"Protest spontan la Judec\u0103toria Alba Iulia \u0219i la Tribunalul Alba. Personalul auxiliar a blocat activitatea timp de dou\u0103 ore\"}]},{\"@type\":\"WebSite\",\"@id\":\"https:\\\/\\\/urbeamea.ro\\\/albaiulia\\\/#website\",\"url\":\"https:\\\/\\\/urbeamea.ro\\\/albaiulia\\\/\",\"name\":\"Revista Urbea Mea, Stiri urbane\",\"description\":\"Evenimente \u0219i \u0219tiri din Alba Iulia, Sebe\u0219, Aiud, Blaj\",\"potentialAction\":[{\"@type\":\"SearchAction\",\"target\":{\"@type\":\"EntryPoint\",\"urlTemplate\":\"https:\\\/\\\/urbeamea.ro\\\/albaiulia\\\/?s={search_term_string}\"},\"query-input\":{\"@type\":\"PropertyValueSpecification\",\"valueRequired\":true,\"valueName\":\"search_term_string\"}}],\"inLanguage\":\"ro-RO\"},{\"@type\":\"Person\",\"@id\":\"https:\\\/\\\/urbeamea.ro\\\/albaiulia\\\/#\\\/schema\\\/person\\\/cfaa27fc3da4a9a2cf2fee3650afc5d0\",\"name\":\"Adriana Avram\",\"image\":{\"@type\":\"ImageObject\",\"inLanguage\":\"ro-RO\",\"@id\":\"https:\\\/\\\/secure.gravatar.com\\\/avatar\\\/3cc61eb1584088e0099c1763903a6421c5ce6cdf45fc2d424046dc621efc21f9?s=96&d=mm&r=g\",\"url\":\"https:\\\/\\\/secure.gravatar.com\\\/avatar\\\/3cc61eb1584088e0099c1763903a6421c5ce6cdf45fc2d424046dc621efc21f9?s=96&d=mm&r=g\",\"contentUrl\":\"https:\\\/\\\/secure.gravatar.com\\\/avatar\\\/3cc61eb1584088e0099c1763903a6421c5ce6cdf45fc2d424046dc621efc21f9?s=96&d=mm&r=g\",\"caption\":\"Adriana Avram\"},\"description\":\"Jurnalist\",\"sameAs\":[\"https:\\\/\\\/www.facebook.com\\\/avram.adriana.7?fref=ts\"],\"url\":\"https:\\\/\\\/urbeamea.ro\\\/albaiulia\\\/author\\\/adriana-avram\\\/\"}]}<\/script>\n<!-- \/ Yoast SEO plugin. -->","yoast_head_json":{"title":"Protest spontan la Judec\u0103toria Alba Iulia \u0219i la Tribunalul Alba. Personalul auxiliar a blocat activitatea timp de dou\u0103 ore - Revista Urbea Mea - Revista de Alba","description":"Personalul auxiliar \u0219i cel conex, din cadrul Judec\u0103toriei Alba Iulia \u0219i al Tribunalului Alba au declan\u0219at mar\u021bi, 20 septembrie, un protest spontan, la","robots":{"index":"index","follow":"follow","max-snippet":"max-snippet:-1","max-image-preview":"max-image-preview:large","max-video-preview":"max-video-preview:-1"},"canonical":"https:\/\/urbeamea.ro\/albaiulia\/protest-spontan-la-judecatoria-alba-iulia-si-la-tribunalul-alba-personalul-auxiliar-a-blocat-activitatea-timp-de-doua-ore\/","twitter_card":"summary_large_image","twitter_title":"Protest spontan la Judec\u0103toria Alba Iulia \u0219i la Tribunalul Alba. Personalul auxiliar a blocat activitatea timp de dou\u0103 ore - Revista Urbea Mea - Revista de Alba","twitter_description":"Personalul auxiliar \u0219i cel conex, din cadrul Judec\u0103toriei Alba Iulia \u0219i al Tribunalului Alba au declan\u0219at mar\u021bi, 20 septembrie, un protest spontan, la","twitter_image":"https:\/\/urbeamea.ro\/albaiulia\/wp-content\/uploads\/2016\/09\/IMG_9113.jpg","twitter_creator":"@urbeameaweb","twitter_site":"@urbeameaweb","schema":{"@context":"https:\/\/schema.org","@graph":[{"@type":"Article","@id":"https:\/\/urbeamea.ro\/albaiulia\/protest-spontan-la-judecatoria-alba-iulia-si-la-tribunalul-alba-personalul-auxiliar-a-blocat-activitatea-timp-de-doua-ore\/#article","isPartOf":{"@id":"https:\/\/urbeamea.ro\/albaiulia\/protest-spontan-la-judecatoria-alba-iulia-si-la-tribunalul-alba-personalul-auxiliar-a-blocat-activitatea-timp-de-doua-ore\/"},"author":{"name":"Adriana Avram","@id":"https:\/\/urbeamea.ro\/albaiulia\/#\/schema\/person\/cfaa27fc3da4a9a2cf2fee3650afc5d0"},"headline":"Protest spontan la Judec\u0103toria Alba Iulia \u0219i la Tribunalul Alba. Personalul auxiliar a blocat activitatea timp de dou\u0103 ore","datePublished":"2016-09-20T12:32:47+00:00","mainEntityOfPage":{"@id":"https:\/\/urbeamea.ro\/albaiulia\/protest-spontan-la-judecatoria-alba-iulia-si-la-tribunalul-alba-personalul-auxiliar-a-blocat-activitatea-timp-de-doua-ore\/"},"wordCount":594,"commentCount":0,"image":{"@id":"https:\/\/urbeamea.ro\/albaiulia\/protest-spontan-la-judecatoria-alba-iulia-si-la-tribunalul-alba-personalul-auxiliar-a-blocat-activitatea-timp-de-doua-ore\/#primaryimage"},"thumbnailUrl":"https:\/\/urbeamea.ro\/albaiulia\/wp-content\/uploads\/2016\/09\/IMG_9113.jpg","keywords":["activitate","alba","Alba Iulia","auxiliar","grefieri","judecatorie","ore suplimentare","personal","protest","spontan","tribunal","Urbea Mea"],"articleSection":["Social"],"inLanguage":"ro-RO","potentialAction":[{"@type":"CommentAction","name":"Comment","target":["https:\/\/urbeamea.ro\/albaiulia\/protest-spontan-la-judecatoria-alba-iulia-si-la-tribunalul-alba-personalul-auxiliar-a-blocat-activitatea-timp-de-doua-ore\/#respond"]}]},{"@type":"WebPage","@id":"https:\/\/urbeamea.ro\/albaiulia\/protest-spontan-la-judecatoria-alba-iulia-si-la-tribunalul-alba-personalul-auxiliar-a-blocat-activitatea-timp-de-doua-ore\/","url":"https:\/\/urbeamea.ro\/albaiulia\/protest-spontan-la-judecatoria-alba-iulia-si-la-tribunalul-alba-personalul-auxiliar-a-blocat-activitatea-timp-de-doua-ore\/","name":"Protest spontan la Judec\u0103toria Alba Iulia \u0219i la Tribunalul Alba. Personalul auxiliar a blocat activitatea timp de dou\u0103 ore - Revista Urbea Mea - Revista de Alba","isPartOf":{"@id":"https:\/\/urbeamea.ro\/albaiulia\/#website"},"primaryImageOfPage":{"@id":"https:\/\/urbeamea.ro\/albaiulia\/protest-spontan-la-judecatoria-alba-iulia-si-la-tribunalul-alba-personalul-auxiliar-a-blocat-activitatea-timp-de-doua-ore\/#primaryimage"},"image":{"@id":"https:\/\/urbeamea.ro\/albaiulia\/protest-spontan-la-judecatoria-alba-iulia-si-la-tribunalul-alba-personalul-auxiliar-a-blocat-activitatea-timp-de-doua-ore\/#primaryimage"},"thumbnailUrl":"https:\/\/urbeamea.ro\/albaiulia\/wp-content\/uploads\/2016\/09\/IMG_9113.jpg","datePublished":"2016-09-20T12:32:47+00:00","author":{"@id":"https:\/\/urbeamea.ro\/albaiulia\/#\/schema\/person\/cfaa27fc3da4a9a2cf2fee3650afc5d0"},"description":"Personalul auxiliar \u0219i cel conex, din cadrul Judec\u0103toriei Alba Iulia \u0219i al Tribunalului Alba au declan\u0219at mar\u021bi, 20 septembrie, un protest spontan, la","breadcrumb":{"@id":"https:\/\/urbeamea.ro\/albaiulia\/protest-spontan-la-judecatoria-alba-iulia-si-la-tribunalul-alba-personalul-auxiliar-a-blocat-activitatea-timp-de-doua-ore\/#breadcrumb"},"inLanguage":"ro-RO","potentialAction":[{"@type":"ReadAction","target":["https:\/\/urbeamea.ro\/albaiulia\/protest-spontan-la-judecatoria-alba-iulia-si-la-tribunalul-alba-personalul-auxiliar-a-blocat-activitatea-timp-de-doua-ore\/"]}]},{"@type":"ImageObject","inLanguage":"ro-RO","@id":"https:\/\/urbeamea.ro\/albaiulia\/protest-spontan-la-judecatoria-alba-iulia-si-la-tribunalul-alba-personalul-auxiliar-a-blocat-activitatea-timp-de-doua-ore\/#primaryimage","url":"https:\/\/urbeamea.ro\/albaiulia\/wp-content\/uploads\/2016\/09\/IMG_9113.jpg","contentUrl":"https:\/\/urbeamea.ro\/albaiulia\/wp-content\/uploads\/2016\/09\/IMG_9113.jpg","width":1200,"height":798},{"@type":"BreadcrumbList","@id":"https:\/\/urbeamea.ro\/albaiulia\/protest-spontan-la-judecatoria-alba-iulia-si-la-tribunalul-alba-personalul-auxiliar-a-blocat-activitatea-timp-de-doua-ore\/#breadcrumb","itemListElement":[{"@type":"ListItem","position":1,"name":"Prima pagin\u0103","item":"https:\/\/urbeamea.ro\/albaiulia\/"},{"@type":"ListItem","position":2,"name":"Protest spontan la Judec\u0103toria Alba Iulia \u0219i la Tribunalul Alba. Personalul auxiliar a blocat activitatea timp de dou\u0103 ore"}]},{"@type":"WebSite","@id":"https:\/\/urbeamea.ro\/albaiulia\/#website","url":"https:\/\/urbeamea.ro\/albaiulia\/","name":"Revista Urbea Mea, Stiri urbane","description":"Evenimente \u0219i \u0219tiri din Alba Iulia, Sebe\u0219, Aiud, Blaj","potentialAction":[{"@type":"SearchAction","target":{"@type":"EntryPoint","urlTemplate":"https:\/\/urbeamea.ro\/albaiulia\/?s={search_term_string}"},"query-input":{"@type":"PropertyValueSpecification","valueRequired":true,"valueName":"search_term_string"}}],"inLanguage":"ro-RO"},{"@type":"Person","@id":"https:\/\/urbeamea.ro\/albaiulia\/#\/schema\/person\/cfaa27fc3da4a9a2cf2fee3650afc5d0","name":"Adriana Avram","image":{"@type":"ImageObject","inLanguage":"ro-RO","@id":"https:\/\/secure.gravatar.com\/avatar\/3cc61eb1584088e0099c1763903a6421c5ce6cdf45fc2d424046dc621efc21f9?s=96&d=mm&r=g","url":"https:\/\/secure.gravatar.com\/avatar\/3cc61eb1584088e0099c1763903a6421c5ce6cdf45fc2d424046dc621efc21f9?s=96&d=mm&r=g","contentUrl":"https:\/\/secure.gravatar.com\/avatar\/3cc61eb1584088e0099c1763903a6421c5ce6cdf45fc2d424046dc621efc21f9?s=96&d=mm&r=g","caption":"Adriana Avram"},"description":"Jurnalist","sameAs":["https:\/\/www.facebook.com\/avram.adriana.7?fref=ts"],"url":"https:\/\/urbeamea.ro\/albaiulia\/author\/adriana-avram\/"}]}},"_links":{"self":[{"href":"https:\/\/urbeamea.ro\/albaiulia\/wp-json\/wp\/v2\/posts\/31948","targetHints":{"allow":["GET"]}}],"collection":[{"href":"https:\/\/urbeamea.ro\/albaiulia\/wp-json\/wp\/v2\/posts"}],"about":[{"href":"https:\/\/urbeamea.ro\/albaiulia\/wp-json\/wp\/v2\/types\/post"}],"author":[{"embeddable":true,"href":"https:\/\/urbeamea.ro\/albaiulia\/wp-json\/wp\/v2\/users\/20"}],"replies":[{"embeddable":true,"href":"https:\/\/urbeamea.ro\/albaiulia\/wp-json\/wp\/v2\/comments?post=31948"}],"version-history":[{"count":0,"href":"https:\/\/urbeamea.ro\/albaiulia\/wp-json\/wp\/v2\/posts\/31948\/revisions"}],"wp:featuredmedia":[{"embeddable":true,"href":"https:\/\/urbeamea.ro\/albaiulia\/wp-json\/wp\/v2\/media\/31950"}],"wp:attachment":[{"href":"https:\/\/urbeamea.ro\/albaiulia\/wp-json\/wp\/v2\/media?parent=31948"}],"wp:term":[{"taxonomy":"category","embeddable":true,"href":"https:\/\/urbeamea.ro\/albaiulia\/wp-json\/wp\/v2\/categories?post=31948"},{"taxonomy":"post_tag","embeddable":true,"href":"https:\/\/urbeamea.ro\/albaiulia\/wp-json\/wp\/v2\/tags?post=31948"}],"curies":[{"name":"wp","href":"https:\/\/api.w.org\/{rel}","templated":true}]}}