{"id":31982,"date":"2016-09-21T13:52:23","date_gmt":"2016-09-21T10:52:23","guid":{"rendered":"http:\/\/urbeamea.ro\/albaiulia\/?p=31982"},"modified":"2016-09-21T13:52:23","modified_gmt":"2016-09-21T10:52:23","slug":"un-tanar-din-mihalt-a-fost-retinut-de-politisti-pentru-furt-dintr-o-banca-din-alba-iulia","status":"publish","type":"post","link":"https:\/\/urbeamea.ro\/albaiulia\/un-tanar-din-mihalt-a-fost-retinut-de-politisti-pentru-furt-dintr-o-banca-din-alba-iulia\/","title":{"rendered":"Un t\u00e2n\u0103r din Mihal\u021b a fost re\u021binut de poli\u021bi\u0219ti pentru furt dintr-o banc\u0103 din Alba Iulia"},"content":{"rendered":"<p><strong><img loading=\"lazy\" decoding=\"async\" class=\"size-medium wp-image-17555 alignleft\" src=\"http:\/\/urbeamea.ro\/albaiulia\/wp-content\/uploads\/2016\/02\/arest-300x217.png\" alt=\"arest\" width=\"300\" height=\"217\" \/>Un t\u00e2n\u0103r \u00een v\u00e2rst\u0103 de 25 de ani din comuna Mihal\u0163 a fost re\u021binut de poli\u021bi\u0219ti. Aflat \u00een stare de ebrietate, acesta a spart geamul unei b\u0103nci din cartierul Cetate al ora\u015fului Alba Iulia \u015fi a furat mai multe carduri \u015fi un aparat de citit carduri. Anterior acestei fapte, t\u00e2n\u0103rul a distrus \u015fi un aparat instalat \u00eentr-o sal\u0103 de jocuri.<\/strong><\/p>\n<p>Potrivit IPJ Alba, \u00een noaptea de mar\u0163i spre miercuri, poli\u0163i\u015ftii de investiga\u021bii criminale din cadrul Poli\u0163iei Municipiului Alba Iulia l-au identificat pe C.E., de 25 de ani, din comuna Mihal\u0163, jude\u0163ul Alba, ca persoana b\u0103nuit\u0103 de comiterea furtului.<\/p>\n<p>\u00cen jurul orei 0.00, fiind \u00een stare de ebrietate, t\u00e2n\u0103rul ar fi spart geamul unei b\u0103nci situat\u0103 \u00een cartierul Cetate al municipiului Alba Iulia \u015fi ar fi sustras mai multe carduri bancare precum \u015fi un aparat electronic de tip \u201eCard Reader\u201d.<\/p>\n<p>Din cercet\u0103ri a rezultat c\u0103, \u00een aceea\u015fi noapte, anterior comiterii furtului, t\u00e2n\u0103rul a distrus ecranul unui aparat electronic de jocuri de noroc, amplasat \u00eentr-o sal\u0103 de jocuri din acela\u015fi cartier al municipiului Alba Iulia.<\/p>\n<p>Poli\u0163i\u015ftii au luat fa\u0163\u0103 de C.E. m\u0103sura re\u0163inerii, pentru o perioad\u0103 de 24 de ore, sub aspectul comiterii infrac\u0163iunilor de furt calificat \u015fi distrugere, urm\u00e2nd s\u0103-l prezinte Parchetului de pe l\u00e2ng\u0103 Judec\u0103toria Alba Iulia, cu propunere de punere \u00een mi\u015fcare a ac\u0163iunii penale \u015fi arestare preventiv\u0103.<\/p>\n","protected":false},"excerpt":{"rendered":"<p>Un t\u00e2n\u0103r \u00een v\u00e2rst\u0103 de 25 de ani din comuna Mihal\u0163 a fost re\u021binut de poli\u021bi\u0219ti. Aflat \u00een stare de ebrietate, acesta a spart geamul unei b\u0103nci din cartierul Cetate al ora\u015fului Alba Iulia \u015fi a furat mai multe carduri \u015fi un aparat de citit carduri. Anterior acestei fapte, t\u00e2n\u0103rul a distrus \u015fi un aparat &hellip;<\/p>\n","protected":false},"author":17,"featured_media":17555,"comment_status":"open","ping_status":"open","sticky":false,"template":"","format":"standard","meta":{"inline_featured_image":false,"footnotes":""},"categories":[2034],"tags":[31,7608,7398,7607,2465,4247,458,2596,4227,308,76],"class_list":["post-31982","post","type-post","status-publish","format-standard","has-post-thumbnail","hentry","category-social","tag-alba-iulia","tag-aparat-de-citit-carduri","tag-banca","tag-carduri","tag-furt","tag-mihalt","tag-politisti","tag-retinut","tag-stare-de-ebrietate","tag-stiri","tag-urbea-mea"],"yoast_head":"<!-- This site is optimized with the Yoast SEO plugin v28.3 - https:\/\/yoast.com\/product\/yoast-seo-wordpress\/ -->\n<title>Un t\u00e2n\u0103r din Mihal\u021b a fost re\u021binut de poli\u021bi\u0219ti pentru furt dintr-o banc\u0103 din Alba Iulia - Revista Urbea Mea - Revista de Alba<\/title>\n<meta name=\"description\" content=\"Un t\u00e2n\u0103r \u00een v\u00e2rst\u0103 de 25 de ani din comuna Mihal\u0163 a fost re\u021binut de poli\u021bi\u0219ti. Aflat \u00een stare de ebrietate, acesta a spart geamul unei b\u0103nci din cartierul\" \/>\n<meta name=\"robots\" content=\"index, follow, max-snippet:-1, max-image-preview:large, max-video-preview:-1\" \/>\n<link rel=\"canonical\" href=\"https:\/\/urbeamea.ro\/albaiulia\/un-tanar-din-mihalt-a-fost-retinut-de-politisti-pentru-furt-dintr-o-banca-din-alba-iulia\/\" \/>\n<meta name=\"twitter:card\" content=\"summary_large_image\" \/>\n<meta name=\"twitter:title\" content=\"Un t\u00e2n\u0103r din Mihal\u021b a fost re\u021binut de poli\u021bi\u0219ti pentru furt dintr-o banc\u0103 din Alba Iulia - Revista Urbea Mea - Revista de Alba\" \/>\n<meta name=\"twitter:description\" content=\"Un t\u00e2n\u0103r \u00een v\u00e2rst\u0103 de 25 de ani din comuna Mihal\u0163 a fost re\u021binut de poli\u021bi\u0219ti. Aflat \u00een stare de ebrietate, acesta a spart geamul unei b\u0103nci din cartierul\" \/>\n<meta name=\"twitter:image\" content=\"https:\/\/urbeamea.ro\/albaiulia\/wp-content\/uploads\/2016\/02\/arest.png\" \/>\n<meta name=\"twitter:creator\" content=\"@urbeameaweb\" \/>\n<meta name=\"twitter:site\" content=\"@urbeameaweb\" \/>\n<script type=\"application\/ld+json\" class=\"yoast-schema-graph\">{\"@context\":\"https:\\\/\\\/schema.org\",\"@graph\":[{\"@type\":\"Article\",\"@id\":\"https:\\\/\\\/urbeamea.ro\\\/albaiulia\\\/un-tanar-din-mihalt-a-fost-retinut-de-politisti-pentru-furt-dintr-o-banca-din-alba-iulia\\\/#article\",\"isPartOf\":{\"@id\":\"https:\\\/\\\/urbeamea.ro\\\/albaiulia\\\/un-tanar-din-mihalt-a-fost-retinut-de-politisti-pentru-furt-dintr-o-banca-din-alba-iulia\\\/\"},\"author\":{\"name\":\"Cristina Ganga\",\"@id\":\"https:\\\/\\\/urbeamea.ro\\\/albaiulia\\\/#\\\/schema\\\/person\\\/9700d21fae21c4f038b0b56f4506264a\"},\"headline\":\"Un t\u00e2n\u0103r din Mihal\u021b a fost re\u021binut de poli\u021bi\u0219ti pentru furt dintr-o banc\u0103 din Alba Iulia\",\"datePublished\":\"2016-09-21T10:52:23+00:00\",\"mainEntityOfPage\":{\"@id\":\"https:\\\/\\\/urbeamea.ro\\\/albaiulia\\\/un-tanar-din-mihalt-a-fost-retinut-de-politisti-pentru-furt-dintr-o-banca-din-alba-iulia\\\/\"},\"wordCount\":274,\"commentCount\":0,\"image\":{\"@id\":\"https:\\\/\\\/urbeamea.ro\\\/albaiulia\\\/un-tanar-din-mihalt-a-fost-retinut-de-politisti-pentru-furt-dintr-o-banca-din-alba-iulia\\\/#primaryimage\"},\"thumbnailUrl\":\"https:\\\/\\\/urbeamea.ro\\\/albaiulia\\\/wp-content\\\/uploads\\\/2016\\\/02\\\/arest.png\",\"keywords\":[\"Alba Iulia\",\"aparat de citit carduri\",\"banca\",\"carduri\",\"furt\",\"mihalt\",\"politisti\",\"retinut\",\"stare de ebrietate\",\"stiri\",\"Urbea Mea\"],\"articleSection\":[\"Social\"],\"inLanguage\":\"ro-RO\",\"potentialAction\":[{\"@type\":\"CommentAction\",\"name\":\"Comment\",\"target\":[\"https:\\\/\\\/urbeamea.ro\\\/albaiulia\\\/un-tanar-din-mihalt-a-fost-retinut-de-politisti-pentru-furt-dintr-o-banca-din-alba-iulia\\\/#respond\"]}]},{\"@type\":\"WebPage\",\"@id\":\"https:\\\/\\\/urbeamea.ro\\\/albaiulia\\\/un-tanar-din-mihalt-a-fost-retinut-de-politisti-pentru-furt-dintr-o-banca-din-alba-iulia\\\/\",\"url\":\"https:\\\/\\\/urbeamea.ro\\\/albaiulia\\\/un-tanar-din-mihalt-a-fost-retinut-de-politisti-pentru-furt-dintr-o-banca-din-alba-iulia\\\/\",\"name\":\"Un t\u00e2n\u0103r din Mihal\u021b a fost re\u021binut de poli\u021bi\u0219ti pentru furt dintr-o banc\u0103 din Alba Iulia - Revista Urbea Mea - Revista de Alba\",\"isPartOf\":{\"@id\":\"https:\\\/\\\/urbeamea.ro\\\/albaiulia\\\/#website\"},\"primaryImageOfPage\":{\"@id\":\"https:\\\/\\\/urbeamea.ro\\\/albaiulia\\\/un-tanar-din-mihalt-a-fost-retinut-de-politisti-pentru-furt-dintr-o-banca-din-alba-iulia\\\/#primaryimage\"},\"image\":{\"@id\":\"https:\\\/\\\/urbeamea.ro\\\/albaiulia\\\/un-tanar-din-mihalt-a-fost-retinut-de-politisti-pentru-furt-dintr-o-banca-din-alba-iulia\\\/#primaryimage\"},\"thumbnailUrl\":\"https:\\\/\\\/urbeamea.ro\\\/albaiulia\\\/wp-content\\\/uploads\\\/2016\\\/02\\\/arest.png\",\"datePublished\":\"2016-09-21T10:52:23+00:00\",\"author\":{\"@id\":\"https:\\\/\\\/urbeamea.ro\\\/albaiulia\\\/#\\\/schema\\\/person\\\/9700d21fae21c4f038b0b56f4506264a\"},\"description\":\"Un t\u00e2n\u0103r \u00een v\u00e2rst\u0103 de 25 de ani din comuna Mihal\u0163 a fost re\u021binut de poli\u021bi\u0219ti. Aflat \u00een stare de ebrietate, acesta a spart geamul unei b\u0103nci din cartierul\",\"breadcrumb\":{\"@id\":\"https:\\\/\\\/urbeamea.ro\\\/albaiulia\\\/un-tanar-din-mihalt-a-fost-retinut-de-politisti-pentru-furt-dintr-o-banca-din-alba-iulia\\\/#breadcrumb\"},\"inLanguage\":\"ro-RO\",\"potentialAction\":[{\"@type\":\"ReadAction\",\"target\":[\"https:\\\/\\\/urbeamea.ro\\\/albaiulia\\\/un-tanar-din-mihalt-a-fost-retinut-de-politisti-pentru-furt-dintr-o-banca-din-alba-iulia\\\/\"]}]},{\"@type\":\"ImageObject\",\"inLanguage\":\"ro-RO\",\"@id\":\"https:\\\/\\\/urbeamea.ro\\\/albaiulia\\\/un-tanar-din-mihalt-a-fost-retinut-de-politisti-pentru-furt-dintr-o-banca-din-alba-iulia\\\/#primaryimage\",\"url\":\"https:\\\/\\\/urbeamea.ro\\\/albaiulia\\\/wp-content\\\/uploads\\\/2016\\\/02\\\/arest.png\",\"contentUrl\":\"https:\\\/\\\/urbeamea.ro\\\/albaiulia\\\/wp-content\\\/uploads\\\/2016\\\/02\\\/arest.png\",\"width\":700,\"height\":507},{\"@type\":\"BreadcrumbList\",\"@id\":\"https:\\\/\\\/urbeamea.ro\\\/albaiulia\\\/un-tanar-din-mihalt-a-fost-retinut-de-politisti-pentru-furt-dintr-o-banca-din-alba-iulia\\\/#breadcrumb\",\"itemListElement\":[{\"@type\":\"ListItem\",\"position\":1,\"name\":\"Prima pagin\u0103\",\"item\":\"https:\\\/\\\/urbeamea.ro\\\/albaiulia\\\/\"},{\"@type\":\"ListItem\",\"position\":2,\"name\":\"Un t\u00e2n\u0103r din Mihal\u021b a fost re\u021binut de poli\u021bi\u0219ti pentru furt dintr-o banc\u0103 din Alba Iulia\"}]},{\"@type\":\"WebSite\",\"@id\":\"https:\\\/\\\/urbeamea.ro\\\/albaiulia\\\/#website\",\"url\":\"https:\\\/\\\/urbeamea.ro\\\/albaiulia\\\/\",\"name\":\"Revista Urbea Mea, Stiri urbane\",\"description\":\"Evenimente \u0219i \u0219tiri din Alba Iulia, Sebe\u0219, Aiud, Blaj\",\"potentialAction\":[{\"@type\":\"SearchAction\",\"target\":{\"@type\":\"EntryPoint\",\"urlTemplate\":\"https:\\\/\\\/urbeamea.ro\\\/albaiulia\\\/?s={search_term_string}\"},\"query-input\":{\"@type\":\"PropertyValueSpecification\",\"valueRequired\":true,\"valueName\":\"search_term_string\"}}],\"inLanguage\":\"ro-RO\"},{\"@type\":\"Person\",\"@id\":\"https:\\\/\\\/urbeamea.ro\\\/albaiulia\\\/#\\\/schema\\\/person\\\/9700d21fae21c4f038b0b56f4506264a\",\"name\":\"Cristina Ganga\",\"image\":{\"@type\":\"ImageObject\",\"inLanguage\":\"ro-RO\",\"@id\":\"https:\\\/\\\/secure.gravatar.com\\\/avatar\\\/5a67661041f057b4a8ccaf26f5a8e86e2689372006d01faf3dd9eeb10b654bb4?s=96&d=mm&r=g\",\"url\":\"https:\\\/\\\/secure.gravatar.com\\\/avatar\\\/5a67661041f057b4a8ccaf26f5a8e86e2689372006d01faf3dd9eeb10b654bb4?s=96&d=mm&r=g\",\"contentUrl\":\"https:\\\/\\\/secure.gravatar.com\\\/avatar\\\/5a67661041f057b4a8ccaf26f5a8e86e2689372006d01faf3dd9eeb10b654bb4?s=96&d=mm&r=g\",\"caption\":\"Cristina Ganga\"},\"description\":\"Jurnalist\",\"sameAs\":[\"https:\\\/\\\/www.facebook.com\\\/cristina.nicola.587\"],\"url\":\"https:\\\/\\\/urbeamea.ro\\\/albaiulia\\\/author\\\/cristina-nicola\\\/\"}]}<\/script>\n<!-- \/ Yoast SEO plugin. -->","yoast_head_json":{"title":"Un t\u00e2n\u0103r din Mihal\u021b a fost re\u021binut de poli\u021bi\u0219ti pentru furt dintr-o banc\u0103 din Alba Iulia - Revista Urbea Mea - Revista de Alba","description":"Un t\u00e2n\u0103r \u00een v\u00e2rst\u0103 de 25 de ani din comuna Mihal\u0163 a fost re\u021binut de poli\u021bi\u0219ti. Aflat \u00een stare de ebrietate, acesta a spart geamul unei b\u0103nci din cartierul","robots":{"index":"index","follow":"follow","max-snippet":"max-snippet:-1","max-image-preview":"max-image-preview:large","max-video-preview":"max-video-preview:-1"},"canonical":"https:\/\/urbeamea.ro\/albaiulia\/un-tanar-din-mihalt-a-fost-retinut-de-politisti-pentru-furt-dintr-o-banca-din-alba-iulia\/","twitter_card":"summary_large_image","twitter_title":"Un t\u00e2n\u0103r din Mihal\u021b a fost re\u021binut de poli\u021bi\u0219ti pentru furt dintr-o banc\u0103 din Alba Iulia - Revista Urbea Mea - Revista de Alba","twitter_description":"Un t\u00e2n\u0103r \u00een v\u00e2rst\u0103 de 25 de ani din comuna Mihal\u0163 a fost re\u021binut de poli\u021bi\u0219ti. Aflat \u00een stare de ebrietate, acesta a spart geamul unei b\u0103nci din cartierul","twitter_image":"https:\/\/urbeamea.ro\/albaiulia\/wp-content\/uploads\/2016\/02\/arest.png","twitter_creator":"@urbeameaweb","twitter_site":"@urbeameaweb","schema":{"@context":"https:\/\/schema.org","@graph":[{"@type":"Article","@id":"https:\/\/urbeamea.ro\/albaiulia\/un-tanar-din-mihalt-a-fost-retinut-de-politisti-pentru-furt-dintr-o-banca-din-alba-iulia\/#article","isPartOf":{"@id":"https:\/\/urbeamea.ro\/albaiulia\/un-tanar-din-mihalt-a-fost-retinut-de-politisti-pentru-furt-dintr-o-banca-din-alba-iulia\/"},"author":{"name":"Cristina Ganga","@id":"https:\/\/urbeamea.ro\/albaiulia\/#\/schema\/person\/9700d21fae21c4f038b0b56f4506264a"},"headline":"Un t\u00e2n\u0103r din Mihal\u021b a fost re\u021binut de poli\u021bi\u0219ti pentru furt dintr-o banc\u0103 din Alba Iulia","datePublished":"2016-09-21T10:52:23+00:00","mainEntityOfPage":{"@id":"https:\/\/urbeamea.ro\/albaiulia\/un-tanar-din-mihalt-a-fost-retinut-de-politisti-pentru-furt-dintr-o-banca-din-alba-iulia\/"},"wordCount":274,"commentCount":0,"image":{"@id":"https:\/\/urbeamea.ro\/albaiulia\/un-tanar-din-mihalt-a-fost-retinut-de-politisti-pentru-furt-dintr-o-banca-din-alba-iulia\/#primaryimage"},"thumbnailUrl":"https:\/\/urbeamea.ro\/albaiulia\/wp-content\/uploads\/2016\/02\/arest.png","keywords":["Alba Iulia","aparat de citit carduri","banca","carduri","furt","mihalt","politisti","retinut","stare de ebrietate","stiri","Urbea Mea"],"articleSection":["Social"],"inLanguage":"ro-RO","potentialAction":[{"@type":"CommentAction","name":"Comment","target":["https:\/\/urbeamea.ro\/albaiulia\/un-tanar-din-mihalt-a-fost-retinut-de-politisti-pentru-furt-dintr-o-banca-din-alba-iulia\/#respond"]}]},{"@type":"WebPage","@id":"https:\/\/urbeamea.ro\/albaiulia\/un-tanar-din-mihalt-a-fost-retinut-de-politisti-pentru-furt-dintr-o-banca-din-alba-iulia\/","url":"https:\/\/urbeamea.ro\/albaiulia\/un-tanar-din-mihalt-a-fost-retinut-de-politisti-pentru-furt-dintr-o-banca-din-alba-iulia\/","name":"Un t\u00e2n\u0103r din Mihal\u021b a fost re\u021binut de poli\u021bi\u0219ti pentru furt dintr-o banc\u0103 din Alba Iulia - Revista Urbea Mea - Revista de Alba","isPartOf":{"@id":"https:\/\/urbeamea.ro\/albaiulia\/#website"},"primaryImageOfPage":{"@id":"https:\/\/urbeamea.ro\/albaiulia\/un-tanar-din-mihalt-a-fost-retinut-de-politisti-pentru-furt-dintr-o-banca-din-alba-iulia\/#primaryimage"},"image":{"@id":"https:\/\/urbeamea.ro\/albaiulia\/un-tanar-din-mihalt-a-fost-retinut-de-politisti-pentru-furt-dintr-o-banca-din-alba-iulia\/#primaryimage"},"thumbnailUrl":"https:\/\/urbeamea.ro\/albaiulia\/wp-content\/uploads\/2016\/02\/arest.png","datePublished":"2016-09-21T10:52:23+00:00","author":{"@id":"https:\/\/urbeamea.ro\/albaiulia\/#\/schema\/person\/9700d21fae21c4f038b0b56f4506264a"},"description":"Un t\u00e2n\u0103r \u00een v\u00e2rst\u0103 de 25 de ani din comuna Mihal\u0163 a fost re\u021binut de poli\u021bi\u0219ti. Aflat \u00een stare de ebrietate, acesta a spart geamul unei b\u0103nci din cartierul","breadcrumb":{"@id":"https:\/\/urbeamea.ro\/albaiulia\/un-tanar-din-mihalt-a-fost-retinut-de-politisti-pentru-furt-dintr-o-banca-din-alba-iulia\/#breadcrumb"},"inLanguage":"ro-RO","potentialAction":[{"@type":"ReadAction","target":["https:\/\/urbeamea.ro\/albaiulia\/un-tanar-din-mihalt-a-fost-retinut-de-politisti-pentru-furt-dintr-o-banca-din-alba-iulia\/"]}]},{"@type":"ImageObject","inLanguage":"ro-RO","@id":"https:\/\/urbeamea.ro\/albaiulia\/un-tanar-din-mihalt-a-fost-retinut-de-politisti-pentru-furt-dintr-o-banca-din-alba-iulia\/#primaryimage","url":"https:\/\/urbeamea.ro\/albaiulia\/wp-content\/uploads\/2016\/02\/arest.png","contentUrl":"https:\/\/urbeamea.ro\/albaiulia\/wp-content\/uploads\/2016\/02\/arest.png","width":700,"height":507},{"@type":"BreadcrumbList","@id":"https:\/\/urbeamea.ro\/albaiulia\/un-tanar-din-mihalt-a-fost-retinut-de-politisti-pentru-furt-dintr-o-banca-din-alba-iulia\/#breadcrumb","itemListElement":[{"@type":"ListItem","position":1,"name":"Prima pagin\u0103","item":"https:\/\/urbeamea.ro\/albaiulia\/"},{"@type":"ListItem","position":2,"name":"Un t\u00e2n\u0103r din Mihal\u021b a fost re\u021binut de poli\u021bi\u0219ti pentru furt dintr-o banc\u0103 din Alba Iulia"}]},{"@type":"WebSite","@id":"https:\/\/urbeamea.ro\/albaiulia\/#website","url":"https:\/\/urbeamea.ro\/albaiulia\/","name":"Revista Urbea Mea, Stiri urbane","description":"Evenimente \u0219i \u0219tiri din Alba Iulia, Sebe\u0219, Aiud, Blaj","potentialAction":[{"@type":"SearchAction","target":{"@type":"EntryPoint","urlTemplate":"https:\/\/urbeamea.ro\/albaiulia\/?s={search_term_string}"},"query-input":{"@type":"PropertyValueSpecification","valueRequired":true,"valueName":"search_term_string"}}],"inLanguage":"ro-RO"},{"@type":"Person","@id":"https:\/\/urbeamea.ro\/albaiulia\/#\/schema\/person\/9700d21fae21c4f038b0b56f4506264a","name":"Cristina Ganga","image":{"@type":"ImageObject","inLanguage":"ro-RO","@id":"https:\/\/secure.gravatar.com\/avatar\/5a67661041f057b4a8ccaf26f5a8e86e2689372006d01faf3dd9eeb10b654bb4?s=96&d=mm&r=g","url":"https:\/\/secure.gravatar.com\/avatar\/5a67661041f057b4a8ccaf26f5a8e86e2689372006d01faf3dd9eeb10b654bb4?s=96&d=mm&r=g","contentUrl":"https:\/\/secure.gravatar.com\/avatar\/5a67661041f057b4a8ccaf26f5a8e86e2689372006d01faf3dd9eeb10b654bb4?s=96&d=mm&r=g","caption":"Cristina Ganga"},"description":"Jurnalist","sameAs":["https:\/\/www.facebook.com\/cristina.nicola.587"],"url":"https:\/\/urbeamea.ro\/albaiulia\/author\/cristina-nicola\/"}]}},"_links":{"self":[{"href":"https:\/\/urbeamea.ro\/albaiulia\/wp-json\/wp\/v2\/posts\/31982","targetHints":{"allow":["GET"]}}],"collection":[{"href":"https:\/\/urbeamea.ro\/albaiulia\/wp-json\/wp\/v2\/posts"}],"about":[{"href":"https:\/\/urbeamea.ro\/albaiulia\/wp-json\/wp\/v2\/types\/post"}],"author":[{"embeddable":true,"href":"https:\/\/urbeamea.ro\/albaiulia\/wp-json\/wp\/v2\/users\/17"}],"replies":[{"embeddable":true,"href":"https:\/\/urbeamea.ro\/albaiulia\/wp-json\/wp\/v2\/comments?post=31982"}],"version-history":[{"count":0,"href":"https:\/\/urbeamea.ro\/albaiulia\/wp-json\/wp\/v2\/posts\/31982\/revisions"}],"wp:featuredmedia":[{"embeddable":true,"href":"https:\/\/urbeamea.ro\/albaiulia\/wp-json\/wp\/v2\/media\/17555"}],"wp:attachment":[{"href":"https:\/\/urbeamea.ro\/albaiulia\/wp-json\/wp\/v2\/media?parent=31982"}],"wp:term":[{"taxonomy":"category","embeddable":true,"href":"https:\/\/urbeamea.ro\/albaiulia\/wp-json\/wp\/v2\/categories?post=31982"},{"taxonomy":"post_tag","embeddable":true,"href":"https:\/\/urbeamea.ro\/albaiulia\/wp-json\/wp\/v2\/tags?post=31982"}],"curies":[{"name":"wp","href":"https:\/\/api.w.org\/{rel}","templated":true}]}}