{"id":31984,"date":"2016-09-21T13:58:27","date_gmt":"2016-09-21T10:58:27","guid":{"rendered":"http:\/\/urbeamea.ro\/albaiulia\/?p=31984"},"modified":"2016-09-21T13:58:27","modified_gmt":"2016-09-21T10:58:27","slug":"foto-actiune-a-politistilor-din-alba-pentru-sustinerea-proiectului-edward-peste-200-de-amenzi-pentru-soferi-si-pietoni","status":"publish","type":"post","link":"https:\/\/urbeamea.ro\/albaiulia\/foto-actiune-a-politistilor-din-alba-pentru-sustinerea-proiectului-edward-peste-200-de-amenzi-pentru-soferi-si-pietoni\/","title":{"rendered":"(FOTO) Ac\u021biune a poli\u021bi\u0219tilor din Alba pentru sus\u021binerea proiectului Edward: Peste 200 de amenzi pentru \u015foferi \u015fi pietoni"},"content":{"rendered":"<p><strong><img loading=\"lazy\" decoding=\"async\" class=\"size-medium wp-image-31985 alignleft\" src=\"http:\/\/urbeamea.ro\/albaiulia\/wp-content\/uploads\/2016\/09\/14409004_1182049661865656_1906647478_n-300x225.jpg\" alt=\"politie\" width=\"300\" height=\"225\" \/>Peste 200 \u0219oferi \u0219i pietoni amenda\u021bi, 17 permise re\u0163inute \u015fi filtre rutiere. Acesta este rezultatul unei ac\u021biuni cu efective m\u0103rite, pentru sus\u0163inerea proiectului Edward: 21 Septembrie \u2013 Ziua European\u0103 f\u0103r\u0103 deceda\u0163i \u00een accidente rutiere, \u00een cadrul campaniei na\u0163ionale de educa\u0163ie rutier\u0103 \u201cAlege Via\u0163a!\u201d.<\/strong><\/p>\n<p>Ac\u0163iunile au \u00eenceput de luni \u015fi continu\u0103 p\u00e2n\u0103 duminic\u0103, 25 septembrie. Se urm\u0103re\u015fte respectarea regimului legal de vitez\u0103, combaterea indisciplinei pietonale \u015fi acordarea priorit\u0103\u0163ii de trecere pietonilor, \u00a0verificarea legalit\u0103\u0163ii transporturilor de m\u0103rfuri \u015fi persoane, combaterea indisciplinei rutiere \u015fi \u00een r\u00e2ndul bicicli\u015ftilor \u015fi conduc\u0103torilor de atelaje.<\/p>\n<p><img loading=\"lazy\" decoding=\"async\" class=\"size-medium wp-image-31986 alignleft\" src=\"http:\/\/urbeamea.ro\/albaiulia\/wp-content\/uploads\/2016\/09\/14445311_1182049728532316_99109802_n-300x225.jpg\" alt=\"politie\" width=\"300\" height=\"225\" \/>\u00cen primele dou\u0103 zile de ac\u0163iune au fost aplicate 227 de sanc\u0163iuni contraven\u0163ionale, cele mai multe (59) pietonilor care s-au angajat \u00een travers\u0103ri neregulamentare, urmate de 51 de sanc\u0163iuni aplicate \u015foferilor ce au dep\u0103\u015fit limita legal\u0103 de vitez\u0103.<\/p>\n<p><strong><\/strong>Au fost re\u0163inute 17 permise de conducere, retrase 12 certificate de \u00eenmatriculare \u015fi au fost constatate dou\u0103 infrac\u021biuni la regimul circula\u0163iei pe drumurile publice.<\/p>\n<p>Miercuri, 21 septembrie, \u00een Ziua european\u0103 f\u0103r\u0103 deceda\u0163i \u00een accidente rutiere, poli\u0163i\u015ftii rutieri, sprijini\u0163i de cei de la ordine public\u0103, vor fi prezen\u0163i 24 ore din 24, pe principalele artere rutiere ale jude\u0163ului \u015fi vor desf\u0103\u015fura activit\u0103\u0163i specifice de combatere a \u00eenc\u0103lc\u0103rii tuturor normelor rutiere.<\/p>\n<p>Obiectivul proiectului \u201cEdward \u2013 The European Day Without A Road Death\u201d presupune adoptarea de c\u0103tre toate categoriile de participan\u0163i la traficul rutier a unei conduite responsabile atunci c\u00e2nd se deplaseaz\u0103 pe drumurile publice. Ini\u0163iativa a fost lansat\u0103 \u00een cadrul Conferin\u0163ei Organiza\u0163iei Poli\u0163iilor Rutiere din Europa \u2013 TISPOL, desf\u0103\u015furat\u0103 la Dublin.<\/p>\n","protected":false},"excerpt":{"rendered":"<p>Peste 200 \u0219oferi \u0219i pietoni amenda\u021bi, 17 permise re\u0163inute \u015fi filtre rutiere. Acesta este rezultatul unei ac\u021biuni cu efective m\u0103rite, pentru sus\u0163inerea proiectului Edward: 21 Septembrie \u2013 Ziua European\u0103 f\u0103r\u0103 deceda\u0163i \u00een accidente rutiere, \u00een cadrul campaniei na\u0163ionale de educa\u0163ie rutier\u0103 \u201cAlege Via\u0163a!\u201d. Ac\u0163iunile au \u00eenceput de luni \u015fi continu\u0103 p\u00e2n\u0103 duminic\u0103, 25 septembrie. Se &hellip;<\/p>\n","protected":false},"author":17,"featured_media":31985,"comment_status":"open","ping_status":"open","sticky":false,"template":"","format":"standard","meta":{"inline_featured_image":false,"footnotes":""},"categories":[2034],"tags":[307,440,7610,7609,2540,1176,458,380,1115,308,76],"class_list":["post-31984","post","type-post","status-publish","format-standard","has-post-thumbnail","hentry","category-social","tag-alba","tag-campanie","tag-eduatie-rutiera","tag-edward-the-european-day-without-a-road-death","tag-permise-de-conducere","tag-pietoni","tag-politisti","tag-proiect","tag-soferi","tag-stiri","tag-urbea-mea"],"yoast_head":"<!-- This site is optimized with the Yoast SEO plugin v28.3 - https:\/\/yoast.com\/product\/yoast-seo-wordpress\/ -->\n<title>(FOTO) Ac\u021biune a poli\u021bi\u0219tilor din Alba pentru sus\u021binerea proiectului Edward: Peste 200 de amenzi pentru \u015foferi \u015fi pietoni - Revista Urbea Mea - Revista de Alba<\/title>\n<meta name=\"description\" content=\"Peste 200 \u0219oferi \u0219i pietoni amenda\u021bi, 17 permise re\u0163inute \u015fi filtre rutiere. Acesta este rezultatul unei ac\u021biuni cu efective m\u0103rite, pentru sus\u0163inerea\" \/>\n<meta name=\"robots\" content=\"index, follow, max-snippet:-1, max-image-preview:large, max-video-preview:-1\" \/>\n<link rel=\"canonical\" href=\"https:\/\/urbeamea.ro\/albaiulia\/foto-actiune-a-politistilor-din-alba-pentru-sustinerea-proiectului-edward-peste-200-de-amenzi-pentru-soferi-si-pietoni\/\" \/>\n<meta name=\"twitter:card\" content=\"summary_large_image\" \/>\n<meta name=\"twitter:title\" content=\"(FOTO) Ac\u021biune a poli\u021bi\u0219tilor din Alba pentru sus\u021binerea proiectului Edward: Peste 200 de amenzi pentru \u015foferi \u015fi pietoni - Revista Urbea Mea - Revista de Alba\" \/>\n<meta name=\"twitter:description\" content=\"Peste 200 \u0219oferi \u0219i pietoni amenda\u021bi, 17 permise re\u0163inute \u015fi filtre rutiere. Acesta este rezultatul unei ac\u021biuni cu efective m\u0103rite, pentru sus\u0163inerea\" \/>\n<meta name=\"twitter:image\" content=\"https:\/\/urbeamea.ro\/albaiulia\/wp-content\/uploads\/2016\/09\/14409004_1182049661865656_1906647478_n.jpg\" \/>\n<meta name=\"twitter:creator\" content=\"@urbeameaweb\" \/>\n<meta name=\"twitter:site\" content=\"@urbeameaweb\" \/>\n<script type=\"application\/ld+json\" class=\"yoast-schema-graph\">{\"@context\":\"https:\\\/\\\/schema.org\",\"@graph\":[{\"@type\":\"Article\",\"@id\":\"https:\\\/\\\/urbeamea.ro\\\/albaiulia\\\/foto-actiune-a-politistilor-din-alba-pentru-sustinerea-proiectului-edward-peste-200-de-amenzi-pentru-soferi-si-pietoni\\\/#article\",\"isPartOf\":{\"@id\":\"https:\\\/\\\/urbeamea.ro\\\/albaiulia\\\/foto-actiune-a-politistilor-din-alba-pentru-sustinerea-proiectului-edward-peste-200-de-amenzi-pentru-soferi-si-pietoni\\\/\"},\"author\":{\"name\":\"Cristina Ganga\",\"@id\":\"https:\\\/\\\/urbeamea.ro\\\/albaiulia\\\/#\\\/schema\\\/person\\\/9700d21fae21c4f038b0b56f4506264a\"},\"headline\":\"(FOTO) Ac\u021biune a poli\u021bi\u0219tilor din Alba pentru sus\u021binerea proiectului Edward: Peste 200 de amenzi pentru \u015foferi \u015fi pietoni\",\"datePublished\":\"2016-09-21T10:58:27+00:00\",\"mainEntityOfPage\":{\"@id\":\"https:\\\/\\\/urbeamea.ro\\\/albaiulia\\\/foto-actiune-a-politistilor-din-alba-pentru-sustinerea-proiectului-edward-peste-200-de-amenzi-pentru-soferi-si-pietoni\\\/\"},\"wordCount\":299,\"commentCount\":0,\"image\":{\"@id\":\"https:\\\/\\\/urbeamea.ro\\\/albaiulia\\\/foto-actiune-a-politistilor-din-alba-pentru-sustinerea-proiectului-edward-peste-200-de-amenzi-pentru-soferi-si-pietoni\\\/#primaryimage\"},\"thumbnailUrl\":\"https:\\\/\\\/urbeamea.ro\\\/albaiulia\\\/wp-content\\\/uploads\\\/2016\\\/09\\\/14409004_1182049661865656_1906647478_n.jpg\",\"keywords\":[\"alba\",\"campanie\",\"eduatie rutiera\",\"Edward \u2013 The European Day Without A Road Death\",\"permise de conducere\",\"pietoni\",\"politisti\",\"proiect\",\"soferi\",\"stiri\",\"Urbea Mea\"],\"articleSection\":[\"Social\"],\"inLanguage\":\"ro-RO\",\"potentialAction\":[{\"@type\":\"CommentAction\",\"name\":\"Comment\",\"target\":[\"https:\\\/\\\/urbeamea.ro\\\/albaiulia\\\/foto-actiune-a-politistilor-din-alba-pentru-sustinerea-proiectului-edward-peste-200-de-amenzi-pentru-soferi-si-pietoni\\\/#respond\"]}]},{\"@type\":\"WebPage\",\"@id\":\"https:\\\/\\\/urbeamea.ro\\\/albaiulia\\\/foto-actiune-a-politistilor-din-alba-pentru-sustinerea-proiectului-edward-peste-200-de-amenzi-pentru-soferi-si-pietoni\\\/\",\"url\":\"https:\\\/\\\/urbeamea.ro\\\/albaiulia\\\/foto-actiune-a-politistilor-din-alba-pentru-sustinerea-proiectului-edward-peste-200-de-amenzi-pentru-soferi-si-pietoni\\\/\",\"name\":\"(FOTO) Ac\u021biune a poli\u021bi\u0219tilor din Alba pentru sus\u021binerea proiectului Edward: Peste 200 de amenzi pentru \u015foferi \u015fi pietoni - Revista Urbea Mea - Revista de Alba\",\"isPartOf\":{\"@id\":\"https:\\\/\\\/urbeamea.ro\\\/albaiulia\\\/#website\"},\"primaryImageOfPage\":{\"@id\":\"https:\\\/\\\/urbeamea.ro\\\/albaiulia\\\/foto-actiune-a-politistilor-din-alba-pentru-sustinerea-proiectului-edward-peste-200-de-amenzi-pentru-soferi-si-pietoni\\\/#primaryimage\"},\"image\":{\"@id\":\"https:\\\/\\\/urbeamea.ro\\\/albaiulia\\\/foto-actiune-a-politistilor-din-alba-pentru-sustinerea-proiectului-edward-peste-200-de-amenzi-pentru-soferi-si-pietoni\\\/#primaryimage\"},\"thumbnailUrl\":\"https:\\\/\\\/urbeamea.ro\\\/albaiulia\\\/wp-content\\\/uploads\\\/2016\\\/09\\\/14409004_1182049661865656_1906647478_n.jpg\",\"datePublished\":\"2016-09-21T10:58:27+00:00\",\"author\":{\"@id\":\"https:\\\/\\\/urbeamea.ro\\\/albaiulia\\\/#\\\/schema\\\/person\\\/9700d21fae21c4f038b0b56f4506264a\"},\"description\":\"Peste 200 \u0219oferi \u0219i pietoni amenda\u021bi, 17 permise re\u0163inute \u015fi filtre rutiere. Acesta este rezultatul unei ac\u021biuni cu efective m\u0103rite, pentru sus\u0163inerea\",\"breadcrumb\":{\"@id\":\"https:\\\/\\\/urbeamea.ro\\\/albaiulia\\\/foto-actiune-a-politistilor-din-alba-pentru-sustinerea-proiectului-edward-peste-200-de-amenzi-pentru-soferi-si-pietoni\\\/#breadcrumb\"},\"inLanguage\":\"ro-RO\",\"potentialAction\":[{\"@type\":\"ReadAction\",\"target\":[\"https:\\\/\\\/urbeamea.ro\\\/albaiulia\\\/foto-actiune-a-politistilor-din-alba-pentru-sustinerea-proiectului-edward-peste-200-de-amenzi-pentru-soferi-si-pietoni\\\/\"]}]},{\"@type\":\"ImageObject\",\"inLanguage\":\"ro-RO\",\"@id\":\"https:\\\/\\\/urbeamea.ro\\\/albaiulia\\\/foto-actiune-a-politistilor-din-alba-pentru-sustinerea-proiectului-edward-peste-200-de-amenzi-pentru-soferi-si-pietoni\\\/#primaryimage\",\"url\":\"https:\\\/\\\/urbeamea.ro\\\/albaiulia\\\/wp-content\\\/uploads\\\/2016\\\/09\\\/14409004_1182049661865656_1906647478_n.jpg\",\"contentUrl\":\"https:\\\/\\\/urbeamea.ro\\\/albaiulia\\\/wp-content\\\/uploads\\\/2016\\\/09\\\/14409004_1182049661865656_1906647478_n.jpg\",\"width\":800,\"height\":600},{\"@type\":\"BreadcrumbList\",\"@id\":\"https:\\\/\\\/urbeamea.ro\\\/albaiulia\\\/foto-actiune-a-politistilor-din-alba-pentru-sustinerea-proiectului-edward-peste-200-de-amenzi-pentru-soferi-si-pietoni\\\/#breadcrumb\",\"itemListElement\":[{\"@type\":\"ListItem\",\"position\":1,\"name\":\"Prima pagin\u0103\",\"item\":\"https:\\\/\\\/urbeamea.ro\\\/albaiulia\\\/\"},{\"@type\":\"ListItem\",\"position\":2,\"name\":\"(FOTO) Ac\u021biune a poli\u021bi\u0219tilor din Alba pentru sus\u021binerea proiectului Edward: Peste 200 de amenzi pentru \u015foferi \u015fi pietoni\"}]},{\"@type\":\"WebSite\",\"@id\":\"https:\\\/\\\/urbeamea.ro\\\/albaiulia\\\/#website\",\"url\":\"https:\\\/\\\/urbeamea.ro\\\/albaiulia\\\/\",\"name\":\"Revista Urbea Mea, Stiri urbane\",\"description\":\"Evenimente \u0219i \u0219tiri din Alba Iulia, Sebe\u0219, Aiud, Blaj\",\"potentialAction\":[{\"@type\":\"SearchAction\",\"target\":{\"@type\":\"EntryPoint\",\"urlTemplate\":\"https:\\\/\\\/urbeamea.ro\\\/albaiulia\\\/?s={search_term_string}\"},\"query-input\":{\"@type\":\"PropertyValueSpecification\",\"valueRequired\":true,\"valueName\":\"search_term_string\"}}],\"inLanguage\":\"ro-RO\"},{\"@type\":\"Person\",\"@id\":\"https:\\\/\\\/urbeamea.ro\\\/albaiulia\\\/#\\\/schema\\\/person\\\/9700d21fae21c4f038b0b56f4506264a\",\"name\":\"Cristina Ganga\",\"image\":{\"@type\":\"ImageObject\",\"inLanguage\":\"ro-RO\",\"@id\":\"https:\\\/\\\/secure.gravatar.com\\\/avatar\\\/5a67661041f057b4a8ccaf26f5a8e86e2689372006d01faf3dd9eeb10b654bb4?s=96&d=mm&r=g\",\"url\":\"https:\\\/\\\/secure.gravatar.com\\\/avatar\\\/5a67661041f057b4a8ccaf26f5a8e86e2689372006d01faf3dd9eeb10b654bb4?s=96&d=mm&r=g\",\"contentUrl\":\"https:\\\/\\\/secure.gravatar.com\\\/avatar\\\/5a67661041f057b4a8ccaf26f5a8e86e2689372006d01faf3dd9eeb10b654bb4?s=96&d=mm&r=g\",\"caption\":\"Cristina Ganga\"},\"description\":\"Jurnalist\",\"sameAs\":[\"https:\\\/\\\/www.facebook.com\\\/cristina.nicola.587\"],\"url\":\"https:\\\/\\\/urbeamea.ro\\\/albaiulia\\\/author\\\/cristina-nicola\\\/\"}]}<\/script>\n<!-- \/ Yoast SEO plugin. -->","yoast_head_json":{"title":"(FOTO) Ac\u021biune a poli\u021bi\u0219tilor din Alba pentru sus\u021binerea proiectului Edward: Peste 200 de amenzi pentru \u015foferi \u015fi pietoni - Revista Urbea Mea - Revista de Alba","description":"Peste 200 \u0219oferi \u0219i pietoni amenda\u021bi, 17 permise re\u0163inute \u015fi filtre rutiere. Acesta este rezultatul unei ac\u021biuni cu efective m\u0103rite, pentru sus\u0163inerea","robots":{"index":"index","follow":"follow","max-snippet":"max-snippet:-1","max-image-preview":"max-image-preview:large","max-video-preview":"max-video-preview:-1"},"canonical":"https:\/\/urbeamea.ro\/albaiulia\/foto-actiune-a-politistilor-din-alba-pentru-sustinerea-proiectului-edward-peste-200-de-amenzi-pentru-soferi-si-pietoni\/","twitter_card":"summary_large_image","twitter_title":"(FOTO) Ac\u021biune a poli\u021bi\u0219tilor din Alba pentru sus\u021binerea proiectului Edward: Peste 200 de amenzi pentru \u015foferi \u015fi pietoni - Revista Urbea Mea - Revista de Alba","twitter_description":"Peste 200 \u0219oferi \u0219i pietoni amenda\u021bi, 17 permise re\u0163inute \u015fi filtre rutiere. Acesta este rezultatul unei ac\u021biuni cu efective m\u0103rite, pentru sus\u0163inerea","twitter_image":"https:\/\/urbeamea.ro\/albaiulia\/wp-content\/uploads\/2016\/09\/14409004_1182049661865656_1906647478_n.jpg","twitter_creator":"@urbeameaweb","twitter_site":"@urbeameaweb","schema":{"@context":"https:\/\/schema.org","@graph":[{"@type":"Article","@id":"https:\/\/urbeamea.ro\/albaiulia\/foto-actiune-a-politistilor-din-alba-pentru-sustinerea-proiectului-edward-peste-200-de-amenzi-pentru-soferi-si-pietoni\/#article","isPartOf":{"@id":"https:\/\/urbeamea.ro\/albaiulia\/foto-actiune-a-politistilor-din-alba-pentru-sustinerea-proiectului-edward-peste-200-de-amenzi-pentru-soferi-si-pietoni\/"},"author":{"name":"Cristina Ganga","@id":"https:\/\/urbeamea.ro\/albaiulia\/#\/schema\/person\/9700d21fae21c4f038b0b56f4506264a"},"headline":"(FOTO) Ac\u021biune a poli\u021bi\u0219tilor din Alba pentru sus\u021binerea proiectului Edward: Peste 200 de amenzi pentru \u015foferi \u015fi pietoni","datePublished":"2016-09-21T10:58:27+00:00","mainEntityOfPage":{"@id":"https:\/\/urbeamea.ro\/albaiulia\/foto-actiune-a-politistilor-din-alba-pentru-sustinerea-proiectului-edward-peste-200-de-amenzi-pentru-soferi-si-pietoni\/"},"wordCount":299,"commentCount":0,"image":{"@id":"https:\/\/urbeamea.ro\/albaiulia\/foto-actiune-a-politistilor-din-alba-pentru-sustinerea-proiectului-edward-peste-200-de-amenzi-pentru-soferi-si-pietoni\/#primaryimage"},"thumbnailUrl":"https:\/\/urbeamea.ro\/albaiulia\/wp-content\/uploads\/2016\/09\/14409004_1182049661865656_1906647478_n.jpg","keywords":["alba","campanie","eduatie rutiera","Edward \u2013 The European Day Without A Road Death","permise de conducere","pietoni","politisti","proiect","soferi","stiri","Urbea Mea"],"articleSection":["Social"],"inLanguage":"ro-RO","potentialAction":[{"@type":"CommentAction","name":"Comment","target":["https:\/\/urbeamea.ro\/albaiulia\/foto-actiune-a-politistilor-din-alba-pentru-sustinerea-proiectului-edward-peste-200-de-amenzi-pentru-soferi-si-pietoni\/#respond"]}]},{"@type":"WebPage","@id":"https:\/\/urbeamea.ro\/albaiulia\/foto-actiune-a-politistilor-din-alba-pentru-sustinerea-proiectului-edward-peste-200-de-amenzi-pentru-soferi-si-pietoni\/","url":"https:\/\/urbeamea.ro\/albaiulia\/foto-actiune-a-politistilor-din-alba-pentru-sustinerea-proiectului-edward-peste-200-de-amenzi-pentru-soferi-si-pietoni\/","name":"(FOTO) Ac\u021biune a poli\u021bi\u0219tilor din Alba pentru sus\u021binerea proiectului Edward: Peste 200 de amenzi pentru \u015foferi \u015fi pietoni - Revista Urbea Mea - Revista de Alba","isPartOf":{"@id":"https:\/\/urbeamea.ro\/albaiulia\/#website"},"primaryImageOfPage":{"@id":"https:\/\/urbeamea.ro\/albaiulia\/foto-actiune-a-politistilor-din-alba-pentru-sustinerea-proiectului-edward-peste-200-de-amenzi-pentru-soferi-si-pietoni\/#primaryimage"},"image":{"@id":"https:\/\/urbeamea.ro\/albaiulia\/foto-actiune-a-politistilor-din-alba-pentru-sustinerea-proiectului-edward-peste-200-de-amenzi-pentru-soferi-si-pietoni\/#primaryimage"},"thumbnailUrl":"https:\/\/urbeamea.ro\/albaiulia\/wp-content\/uploads\/2016\/09\/14409004_1182049661865656_1906647478_n.jpg","datePublished":"2016-09-21T10:58:27+00:00","author":{"@id":"https:\/\/urbeamea.ro\/albaiulia\/#\/schema\/person\/9700d21fae21c4f038b0b56f4506264a"},"description":"Peste 200 \u0219oferi \u0219i pietoni amenda\u021bi, 17 permise re\u0163inute \u015fi filtre rutiere. Acesta este rezultatul unei ac\u021biuni cu efective m\u0103rite, pentru sus\u0163inerea","breadcrumb":{"@id":"https:\/\/urbeamea.ro\/albaiulia\/foto-actiune-a-politistilor-din-alba-pentru-sustinerea-proiectului-edward-peste-200-de-amenzi-pentru-soferi-si-pietoni\/#breadcrumb"},"inLanguage":"ro-RO","potentialAction":[{"@type":"ReadAction","target":["https:\/\/urbeamea.ro\/albaiulia\/foto-actiune-a-politistilor-din-alba-pentru-sustinerea-proiectului-edward-peste-200-de-amenzi-pentru-soferi-si-pietoni\/"]}]},{"@type":"ImageObject","inLanguage":"ro-RO","@id":"https:\/\/urbeamea.ro\/albaiulia\/foto-actiune-a-politistilor-din-alba-pentru-sustinerea-proiectului-edward-peste-200-de-amenzi-pentru-soferi-si-pietoni\/#primaryimage","url":"https:\/\/urbeamea.ro\/albaiulia\/wp-content\/uploads\/2016\/09\/14409004_1182049661865656_1906647478_n.jpg","contentUrl":"https:\/\/urbeamea.ro\/albaiulia\/wp-content\/uploads\/2016\/09\/14409004_1182049661865656_1906647478_n.jpg","width":800,"height":600},{"@type":"BreadcrumbList","@id":"https:\/\/urbeamea.ro\/albaiulia\/foto-actiune-a-politistilor-din-alba-pentru-sustinerea-proiectului-edward-peste-200-de-amenzi-pentru-soferi-si-pietoni\/#breadcrumb","itemListElement":[{"@type":"ListItem","position":1,"name":"Prima pagin\u0103","item":"https:\/\/urbeamea.ro\/albaiulia\/"},{"@type":"ListItem","position":2,"name":"(FOTO) Ac\u021biune a poli\u021bi\u0219tilor din Alba pentru sus\u021binerea proiectului Edward: Peste 200 de amenzi pentru \u015foferi \u015fi pietoni"}]},{"@type":"WebSite","@id":"https:\/\/urbeamea.ro\/albaiulia\/#website","url":"https:\/\/urbeamea.ro\/albaiulia\/","name":"Revista Urbea Mea, Stiri urbane","description":"Evenimente \u0219i \u0219tiri din Alba Iulia, Sebe\u0219, Aiud, Blaj","potentialAction":[{"@type":"SearchAction","target":{"@type":"EntryPoint","urlTemplate":"https:\/\/urbeamea.ro\/albaiulia\/?s={search_term_string}"},"query-input":{"@type":"PropertyValueSpecification","valueRequired":true,"valueName":"search_term_string"}}],"inLanguage":"ro-RO"},{"@type":"Person","@id":"https:\/\/urbeamea.ro\/albaiulia\/#\/schema\/person\/9700d21fae21c4f038b0b56f4506264a","name":"Cristina Ganga","image":{"@type":"ImageObject","inLanguage":"ro-RO","@id":"https:\/\/secure.gravatar.com\/avatar\/5a67661041f057b4a8ccaf26f5a8e86e2689372006d01faf3dd9eeb10b654bb4?s=96&d=mm&r=g","url":"https:\/\/secure.gravatar.com\/avatar\/5a67661041f057b4a8ccaf26f5a8e86e2689372006d01faf3dd9eeb10b654bb4?s=96&d=mm&r=g","contentUrl":"https:\/\/secure.gravatar.com\/avatar\/5a67661041f057b4a8ccaf26f5a8e86e2689372006d01faf3dd9eeb10b654bb4?s=96&d=mm&r=g","caption":"Cristina Ganga"},"description":"Jurnalist","sameAs":["https:\/\/www.facebook.com\/cristina.nicola.587"],"url":"https:\/\/urbeamea.ro\/albaiulia\/author\/cristina-nicola\/"}]}},"_links":{"self":[{"href":"https:\/\/urbeamea.ro\/albaiulia\/wp-json\/wp\/v2\/posts\/31984","targetHints":{"allow":["GET"]}}],"collection":[{"href":"https:\/\/urbeamea.ro\/albaiulia\/wp-json\/wp\/v2\/posts"}],"about":[{"href":"https:\/\/urbeamea.ro\/albaiulia\/wp-json\/wp\/v2\/types\/post"}],"author":[{"embeddable":true,"href":"https:\/\/urbeamea.ro\/albaiulia\/wp-json\/wp\/v2\/users\/17"}],"replies":[{"embeddable":true,"href":"https:\/\/urbeamea.ro\/albaiulia\/wp-json\/wp\/v2\/comments?post=31984"}],"version-history":[{"count":0,"href":"https:\/\/urbeamea.ro\/albaiulia\/wp-json\/wp\/v2\/posts\/31984\/revisions"}],"wp:featuredmedia":[{"embeddable":true,"href":"https:\/\/urbeamea.ro\/albaiulia\/wp-json\/wp\/v2\/media\/31985"}],"wp:attachment":[{"href":"https:\/\/urbeamea.ro\/albaiulia\/wp-json\/wp\/v2\/media?parent=31984"}],"wp:term":[{"taxonomy":"category","embeddable":true,"href":"https:\/\/urbeamea.ro\/albaiulia\/wp-json\/wp\/v2\/categories?post=31984"},{"taxonomy":"post_tag","embeddable":true,"href":"https:\/\/urbeamea.ro\/albaiulia\/wp-json\/wp\/v2\/tags?post=31984"}],"curies":[{"name":"wp","href":"https:\/\/api.w.org\/{rel}","templated":true}]}}