{"id":32188,"date":"2016-09-23T15:09:43","date_gmt":"2016-09-23T12:09:43","guid":{"rendered":"http:\/\/urbeamea.ro\/albaiulia\/?p=32188"},"modified":"2016-09-23T15:09:43","modified_gmt":"2016-09-23T12:09:43","slug":"foto-peste-600-de-alergatori-au-facut-turul-cetatii-la-crosul-europei","status":"publish","type":"post","link":"https:\/\/urbeamea.ro\/albaiulia\/foto-peste-600-de-alergatori-au-facut-turul-cetatii-la-crosul-europei\/","title":{"rendered":"FOTO: Peste 600 de alerg\u0103tori au f\u0103cut turul Cet\u0103\u021bii la Crosul Europei"},"content":{"rendered":"<p><strong><img loading=\"lazy\" decoding=\"async\" class=\"alignleft size-medium wp-image-32192\" src=\"http:\/\/urbeamea.ro\/albaiulia\/wp-content\/uploads\/2016\/09\/cros-4-300x176.jpg\" alt=\"cros-4\" width=\"300\" height=\"176\" \/>Crosul Europei, organizat la Alba Iulia, devine o tradi\u021bie pentru ora\u0219, reu\u0219ind ca de la an la an s\u0103 aduc\u0103 la linia de start tot mai mul\u021bi oameni, \u00een special tineri, care s\u0103 promoveze mi\u0219carea \u00een aer liber \u0219i un stil de via\u021b\u0103 s\u0103n\u0103tos. Pe l\u00e2ng\u0103 elevi de la mai multe \u0219coli \u0219i licee, au pornit \u00een alergare \u0219i persoane trecute de prima tinere\u021be demonstr\u00e2nd c\u0103 la orice v\u00e2rst\u0103 se poate duce o via\u021b\u0103 activ\u0103. Evenimentul a f\u0103cut parte din manifest\u0103rile dedicate S\u0103pt\u0103m\u00e2nii Europene a Sportului.<\/strong><\/p>\n<p>Peste 600 de albaiulieni au participat la cea de-a treia edi\u021bie a Crosului Europei, organizat \u00een Cealalt\u0103 Capital\u0103. Alerg\u0103torii au parcurs 5,5 km, pe traseul \u0218an\u021burilor Cet\u0103\u021bii, iar c\u00e2\u0219tig\u0103torii au fost recompensa\u021bi pe m\u0103sura eforturilor depuse, cu premii \u00eensum\u00e2nd 600 de euro, cupe, diplome \u0219i obiecte promo\u021bionale.<\/p>\n<p>Alerg\u0103torii au putut alege fie pentru un singur tur al Cet\u0103\u021bii, fie pentru dou\u0103 \u0219i s\u0103 concureze astfel pentru podium. La final, c\u00e2\u0219tig\u0103tori au fost trei tineri, pentru care sportul reprezint\u0103 \u00een mod cert un mod de via\u021b\u0103.<\/p>\n<p>C\u00e2\u0219tig\u0103torii primelor locuri sunt:<\/p>\n<p>\u2013 categoria b\u0103ie\u021bi: George Fle\u0219er (locul I), Claudiu Davida\u0219 (locul II) \u0219i Alexandru Lupea (locul III)<\/p>\n<p>\u2013 categoria fete: Alina Bohol\u021ban (locul I), Bianca Molnar (locul II) \u0219i Roxana Pan\u021ba (locul III).<\/p>\n<p>Crosul Europei a fost organizat de Agen\u0163ia pentru Dezvoltare Regional\u0103 Centru, prin Centrul Europe Direct Regiunea Centru, al\u0103turi de Funda\u0163ia PAEM \u015fi Prim\u0103ria Municipiului Alba Iulia, prin Centrul Europe Direct Alba Iulia, \u00een parteneriat cu firme private din municipiu.<\/p>\n<div id='gallery-1' class='gallery galleryid-32188 gallery-columns-3 gallery-size-thumbnail'><figure class='gallery-item'>\n\t\t\t<div class='gallery-icon landscape'>\n\t\t\t\t<a href='https:\/\/urbeamea.ro\/albaiulia\/foto-peste-600-de-alergatori-au-facut-turul-cetatii-la-crosul-europei\/cros-1\/'><img decoding=\"async\" width=\"150\" height=\"86\" src=\"data:image\/png;base64,iVBORw0KGgoAAAANSUhEUgAAAYYAAADcAQMAAABOLJSDAAAAA1BMVEUAAACnej3aAAAAAXRSTlMAQObYZgAAACJJREFUaIHtwTEBAAAAwqD1T20ND6AAAAAAAAAAAAAA4N8AKvgAAUFIrrEAAAAASUVORK5CYII=\" class=\"attachment-thumbnail size-thumbnail lazy-img\" alt=\"\" srcset=\"https:\/\/urbeamea.ro\/albaiulia\/wp-content\/uploads\/2016\/09\/cros-1-150x86.jpg 150w, https:\/\/urbeamea.ro\/albaiulia\/wp-content\/uploads\/2016\/09\/cros-1-640x367.jpg 640w, https:\/\/urbeamea.ro\/albaiulia\/wp-content\/uploads\/2016\/09\/cros-1-768x440.jpg 768w, https:\/\/urbeamea.ro\/albaiulia\/wp-content\/uploads\/2016\/09\/cros-1-1024x586.jpg 1024w, https:\/\/urbeamea.ro\/albaiulia\/wp-content\/uploads\/2016\/09\/cros-1.jpg 1245w\" sizes=\"auto, (max-width: 150px) 100vw, 150px\" data-src=\"https:\/\/urbeamea.ro\/albaiulia\/wp-content\/uploads\/2016\/09\/cros-1-150x86.jpg\" loading=\"lazy\" \/><\/a>\n\t\t\t<\/div><\/figure><figure class='gallery-item'>\n\t\t\t<div class='gallery-icon landscape'>\n\t\t\t\t<a href='https:\/\/urbeamea.ro\/albaiulia\/foto-peste-600-de-alergatori-au-facut-turul-cetatii-la-crosul-europei\/cros-2\/'><img decoding=\"async\" width=\"150\" height=\"87\" src=\"data:image\/png;base64,iVBORw0KGgoAAAANSUhEUgAAAYYAAADcAQMAAABOLJSDAAAAA1BMVEUAAACnej3aAAAAAXRSTlMAQObYZgAAACJJREFUaIHtwTEBAAAAwqD1T20ND6AAAAAAAAAAAAAA4N8AKvgAAUFIrrEAAAAASUVORK5CYII=\" class=\"attachment-thumbnail size-thumbnail lazy-img\" alt=\"\" srcset=\"https:\/\/urbeamea.ro\/albaiulia\/wp-content\/uploads\/2016\/09\/cros-2-150x87.jpg 150w, https:\/\/urbeamea.ro\/albaiulia\/wp-content\/uploads\/2016\/09\/cros-2-640x373.jpg 640w, https:\/\/urbeamea.ro\/albaiulia\/wp-content\/uploads\/2016\/09\/cros-2-768x448.jpg 768w, https:\/\/urbeamea.ro\/albaiulia\/wp-content\/uploads\/2016\/09\/cros-2-1024x597.jpg 1024w, https:\/\/urbeamea.ro\/albaiulia\/wp-content\/uploads\/2016\/09\/cros-2.jpg 1227w\" sizes=\"auto, (max-width: 150px) 100vw, 150px\" data-src=\"https:\/\/urbeamea.ro\/albaiulia\/wp-content\/uploads\/2016\/09\/cros-2-150x87.jpg\" loading=\"lazy\" \/><\/a>\n\t\t\t<\/div><\/figure><figure class='gallery-item'>\n\t\t\t<div class='gallery-icon landscape'>\n\t\t\t\t<a href='https:\/\/urbeamea.ro\/albaiulia\/foto-peste-600-de-alergatori-au-facut-turul-cetatii-la-crosul-europei\/cros-3\/'><img decoding=\"async\" width=\"150\" height=\"86\" src=\"data:image\/png;base64,iVBORw0KGgoAAAANSUhEUgAAAYYAAADcAQMAAABOLJSDAAAAA1BMVEUAAACnej3aAAAAAXRSTlMAQObYZgAAACJJREFUaIHtwTEBAAAAwqD1T20ND6AAAAAAAAAAAAAA4N8AKvgAAUFIrrEAAAAASUVORK5CYII=\" class=\"attachment-thumbnail size-thumbnail lazy-img\" alt=\"\" srcset=\"https:\/\/urbeamea.ro\/albaiulia\/wp-content\/uploads\/2016\/09\/cros-3-150x86.jpg 150w, https:\/\/urbeamea.ro\/albaiulia\/wp-content\/uploads\/2016\/09\/cros-3-640x367.jpg 640w, https:\/\/urbeamea.ro\/albaiulia\/wp-content\/uploads\/2016\/09\/cros-3-768x440.jpg 768w, https:\/\/urbeamea.ro\/albaiulia\/wp-content\/uploads\/2016\/09\/cros-3-1024x587.jpg 1024w, https:\/\/urbeamea.ro\/albaiulia\/wp-content\/uploads\/2016\/09\/cros-3.jpg 1230w\" sizes=\"auto, (max-width: 150px) 100vw, 150px\" data-src=\"https:\/\/urbeamea.ro\/albaiulia\/wp-content\/uploads\/2016\/09\/cros-3-150x86.jpg\" loading=\"lazy\" \/><\/a>\n\t\t\t<\/div><\/figure><figure class='gallery-item'>\n\t\t\t<div class='gallery-icon landscape'>\n\t\t\t\t<a href='https:\/\/urbeamea.ro\/albaiulia\/foto-peste-600-de-alergatori-au-facut-turul-cetatii-la-crosul-europei\/cros-4\/'><img decoding=\"async\" width=\"150\" height=\"88\" src=\"data:image\/png;base64,iVBORw0KGgoAAAANSUhEUgAAAYYAAADcAQMAAABOLJSDAAAAA1BMVEUAAACnej3aAAAAAXRSTlMAQObYZgAAACJJREFUaIHtwTEBAAAAwqD1T20ND6AAAAAAAAAAAAAA4N8AKvgAAUFIrrEAAAAASUVORK5CYII=\" class=\"attachment-thumbnail size-thumbnail lazy-img\" alt=\"\" srcset=\"https:\/\/urbeamea.ro\/albaiulia\/wp-content\/uploads\/2016\/09\/cros-4-150x88.jpg 150w, https:\/\/urbeamea.ro\/albaiulia\/wp-content\/uploads\/2016\/09\/cros-4-640x376.jpg 640w, https:\/\/urbeamea.ro\/albaiulia\/wp-content\/uploads\/2016\/09\/cros-4-768x451.jpg 768w, https:\/\/urbeamea.ro\/albaiulia\/wp-content\/uploads\/2016\/09\/cros-4-1024x601.jpg 1024w, https:\/\/urbeamea.ro\/albaiulia\/wp-content\/uploads\/2016\/09\/cros-4-1200x711.jpg 1200w, https:\/\/urbeamea.ro\/albaiulia\/wp-content\/uploads\/2016\/09\/cros-4.jpg 1211w\" sizes=\"auto, (max-width: 150px) 100vw, 150px\" data-src=\"https:\/\/urbeamea.ro\/albaiulia\/wp-content\/uploads\/2016\/09\/cros-4-150x88.jpg\" loading=\"lazy\" \/><\/a>\n\t\t\t<\/div><\/figure><figure class='gallery-item'>\n\t\t\t<div class='gallery-icon landscape'>\n\t\t\t\t<a href='https:\/\/urbeamea.ro\/albaiulia\/foto-peste-600-de-alergatori-au-facut-turul-cetatii-la-crosul-europei\/cros-5\/'><img decoding=\"async\" width=\"150\" height=\"87\" src=\"data:image\/png;base64,iVBORw0KGgoAAAANSUhEUgAAAYYAAADcAQMAAABOLJSDAAAAA1BMVEUAAACnej3aAAAAAXRSTlMAQObYZgAAACJJREFUaIHtwTEBAAAAwqD1T20ND6AAAAAAAAAAAAAA4N8AKvgAAUFIrrEAAAAASUVORK5CYII=\" class=\"attachment-thumbnail size-thumbnail lazy-img\" alt=\"\" srcset=\"https:\/\/urbeamea.ro\/albaiulia\/wp-content\/uploads\/2016\/09\/cros-5-150x87.jpg 150w, https:\/\/urbeamea.ro\/albaiulia\/wp-content\/uploads\/2016\/09\/cros-5-640x373.jpg 640w, https:\/\/urbeamea.ro\/albaiulia\/wp-content\/uploads\/2016\/09\/cros-5-768x448.jpg 768w, https:\/\/urbeamea.ro\/albaiulia\/wp-content\/uploads\/2016\/09\/cros-5-1024x597.jpg 1024w, https:\/\/urbeamea.ro\/albaiulia\/wp-content\/uploads\/2016\/09\/cros-5.jpg 1225w\" sizes=\"auto, (max-width: 150px) 100vw, 150px\" data-src=\"https:\/\/urbeamea.ro\/albaiulia\/wp-content\/uploads\/2016\/09\/cros-5-150x87.jpg\" loading=\"lazy\" \/><\/a>\n\t\t\t<\/div><\/figure><figure class='gallery-item'>\n\t\t\t<div class='gallery-icon landscape'>\n\t\t\t\t<a href='https:\/\/urbeamea.ro\/albaiulia\/foto-peste-600-de-alergatori-au-facut-turul-cetatii-la-crosul-europei\/cros-6\/'><img decoding=\"async\" width=\"150\" height=\"96\" src=\"data:image\/png;base64,iVBORw0KGgoAAAANSUhEUgAAAYYAAADcAQMAAABOLJSDAAAAA1BMVEUAAACnej3aAAAAAXRSTlMAQObYZgAAACJJREFUaIHtwTEBAAAAwqD1T20ND6AAAAAAAAAAAAAA4N8AKvgAAUFIrrEAAAAASUVORK5CYII=\" class=\"attachment-thumbnail size-thumbnail lazy-img\" alt=\"\" srcset=\"https:\/\/urbeamea.ro\/albaiulia\/wp-content\/uploads\/2016\/09\/cros-6-150x96.jpg 150w, https:\/\/urbeamea.ro\/albaiulia\/wp-content\/uploads\/2016\/09\/cros-6-640x411.jpg 640w, https:\/\/urbeamea.ro\/albaiulia\/wp-content\/uploads\/2016\/09\/cros-6-768x493.jpg 768w, https:\/\/urbeamea.ro\/albaiulia\/wp-content\/uploads\/2016\/09\/cros-6-1024x658.jpg 1024w, https:\/\/urbeamea.ro\/albaiulia\/wp-content\/uploads\/2016\/09\/cros-6.jpg 1113w\" sizes=\"auto, (max-width: 150px) 100vw, 150px\" data-src=\"https:\/\/urbeamea.ro\/albaiulia\/wp-content\/uploads\/2016\/09\/cros-6-150x96.jpg\" loading=\"lazy\" \/><\/a>\n\t\t\t<\/div><\/figure><figure class='gallery-item'>\n\t\t\t<div class='gallery-icon landscape'>\n\t\t\t\t<a href='https:\/\/urbeamea.ro\/albaiulia\/foto-peste-600-de-alergatori-au-facut-turul-cetatii-la-crosul-europei\/cros-7\/'><img decoding=\"async\" width=\"150\" height=\"91\" src=\"data:image\/png;base64,iVBORw0KGgoAAAANSUhEUgAAAYYAAADcAQMAAABOLJSDAAAAA1BMVEUAAACnej3aAAAAAXRSTlMAQObYZgAAACJJREFUaIHtwTEBAAAAwqD1T20ND6AAAAAAAAAAAAAA4N8AKvgAAUFIrrEAAAAASUVORK5CYII=\" class=\"attachment-thumbnail size-thumbnail lazy-img\" alt=\"\" srcset=\"https:\/\/urbeamea.ro\/albaiulia\/wp-content\/uploads\/2016\/09\/cros-7-150x91.jpg 150w, https:\/\/urbeamea.ro\/albaiulia\/wp-content\/uploads\/2016\/09\/cros-7-640x389.jpg 640w, https:\/\/urbeamea.ro\/albaiulia\/wp-content\/uploads\/2016\/09\/cros-7-768x467.jpg 768w, https:\/\/urbeamea.ro\/albaiulia\/wp-content\/uploads\/2016\/09\/cros-7-1024x622.jpg 1024w, https:\/\/urbeamea.ro\/albaiulia\/wp-content\/uploads\/2016\/09\/cros-7-770x470.jpg 770w, https:\/\/urbeamea.ro\/albaiulia\/wp-content\/uploads\/2016\/09\/cros-7-265x160.jpg 265w, https:\/\/urbeamea.ro\/albaiulia\/wp-content\/uploads\/2016\/09\/cros-7-370x223.jpg 370w, https:\/\/urbeamea.ro\/albaiulia\/wp-content\/uploads\/2016\/09\/cros-7.jpg 1172w\" sizes=\"auto, (max-width: 150px) 100vw, 150px\" data-src=\"https:\/\/urbeamea.ro\/albaiulia\/wp-content\/uploads\/2016\/09\/cros-7-150x91.jpg\" loading=\"lazy\" \/><\/a>\n\t\t\t<\/div><\/figure><figure class='gallery-item'>\n\t\t\t<div class='gallery-icon landscape'>\n\t\t\t\t<a href='https:\/\/urbeamea.ro\/albaiulia\/foto-peste-600-de-alergatori-au-facut-turul-cetatii-la-crosul-europei\/cros-8\/'><img decoding=\"async\" width=\"150\" height=\"87\" src=\"data:image\/png;base64,iVBORw0KGgoAAAANSUhEUgAAAYYAAADcAQMAAABOLJSDAAAAA1BMVEUAAACnej3aAAAAAXRSTlMAQObYZgAAACJJREFUaIHtwTEBAAAAwqD1T20ND6AAAAAAAAAAAAAA4N8AKvgAAUFIrrEAAAAASUVORK5CYII=\" class=\"attachment-thumbnail size-thumbnail lazy-img\" alt=\"\" srcset=\"https:\/\/urbeamea.ro\/albaiulia\/wp-content\/uploads\/2016\/09\/cros-8-150x87.jpg 150w, https:\/\/urbeamea.ro\/albaiulia\/wp-content\/uploads\/2016\/09\/cros-8-640x371.jpg 640w, https:\/\/urbeamea.ro\/albaiulia\/wp-content\/uploads\/2016\/09\/cros-8-768x446.jpg 768w, https:\/\/urbeamea.ro\/albaiulia\/wp-content\/uploads\/2016\/09\/cros-8-1024x594.jpg 1024w, https:\/\/urbeamea.ro\/albaiulia\/wp-content\/uploads\/2016\/09\/cros-8.jpg 1225w\" sizes=\"auto, (max-width: 150px) 100vw, 150px\" data-src=\"https:\/\/urbeamea.ro\/albaiulia\/wp-content\/uploads\/2016\/09\/cros-8-150x87.jpg\" loading=\"lazy\" \/><\/a>\n\t\t\t<\/div><\/figure><figure class='gallery-item'>\n\t\t\t<div class='gallery-icon landscape'>\n\t\t\t\t<a href='https:\/\/urbeamea.ro\/albaiulia\/foto-peste-600-de-alergatori-au-facut-turul-cetatii-la-crosul-europei\/cros-9\/'><img decoding=\"async\" width=\"150\" height=\"104\" src=\"data:image\/png;base64,iVBORw0KGgoAAAANSUhEUgAAAYYAAADcAQMAAABOLJSDAAAAA1BMVEUAAACnej3aAAAAAXRSTlMAQObYZgAAACJJREFUaIHtwTEBAAAAwqD1T20ND6AAAAAAAAAAAAAA4N8AKvgAAUFIrrEAAAAASUVORK5CYII=\" class=\"attachment-thumbnail size-thumbnail lazy-img\" alt=\"\" srcset=\"https:\/\/urbeamea.ro\/albaiulia\/wp-content\/uploads\/2016\/09\/cros-9-150x104.jpg 150w, https:\/\/urbeamea.ro\/albaiulia\/wp-content\/uploads\/2016\/09\/cros-9-640x443.jpg 640w, https:\/\/urbeamea.ro\/albaiulia\/wp-content\/uploads\/2016\/09\/cros-9-768x531.jpg 768w, https:\/\/urbeamea.ro\/albaiulia\/wp-content\/uploads\/2016\/09\/cros-9-1024x709.jpg 1024w, https:\/\/urbeamea.ro\/albaiulia\/wp-content\/uploads\/2016\/09\/cros-9-560x390.jpg 560w, https:\/\/urbeamea.ro\/albaiulia\/wp-content\/uploads\/2016\/09\/cros-9.jpg 1026w\" sizes=\"auto, (max-width: 150px) 100vw, 150px\" data-src=\"https:\/\/urbeamea.ro\/albaiulia\/wp-content\/uploads\/2016\/09\/cros-9-150x104.jpg\" loading=\"lazy\" \/><\/a>\n\t\t\t<\/div><\/figure><figure class='gallery-item'>\n\t\t\t<div class='gallery-icon landscape'>\n\t\t\t\t<a href='https:\/\/urbeamea.ro\/albaiulia\/foto-peste-600-de-alergatori-au-facut-turul-cetatii-la-crosul-europei\/cros-10\/'><img decoding=\"async\" width=\"150\" height=\"90\" src=\"data:image\/png;base64,iVBORw0KGgoAAAANSUhEUgAAAYYAAADcAQMAAABOLJSDAAAAA1BMVEUAAACnej3aAAAAAXRSTlMAQObYZgAAACJJREFUaIHtwTEBAAAAwqD1T20ND6AAAAAAAAAAAAAA4N8AKvgAAUFIrrEAAAAASUVORK5CYII=\" class=\"attachment-thumbnail size-thumbnail lazy-img\" alt=\"\" srcset=\"https:\/\/urbeamea.ro\/albaiulia\/wp-content\/uploads\/2016\/09\/cros-10-150x90.jpg 150w, https:\/\/urbeamea.ro\/albaiulia\/wp-content\/uploads\/2016\/09\/cros-10-640x382.jpg 640w, https:\/\/urbeamea.ro\/albaiulia\/wp-content\/uploads\/2016\/09\/cros-10-768x459.jpg 768w, https:\/\/urbeamea.ro\/albaiulia\/wp-content\/uploads\/2016\/09\/cros-10-1024x612.jpg 1024w, https:\/\/urbeamea.ro\/albaiulia\/wp-content\/uploads\/2016\/09\/cros-10-265x160.jpg 265w, https:\/\/urbeamea.ro\/albaiulia\/wp-content\/uploads\/2016\/09\/cros-10-370x223.jpg 370w, https:\/\/urbeamea.ro\/albaiulia\/wp-content\/uploads\/2016\/09\/cros-10.jpg 1177w\" sizes=\"auto, (max-width: 150px) 100vw, 150px\" data-src=\"https:\/\/urbeamea.ro\/albaiulia\/wp-content\/uploads\/2016\/09\/cros-10-150x90.jpg\" loading=\"lazy\" \/><\/a>\n\t\t\t<\/div><\/figure>\n\t\t<\/div>\n\n","protected":false},"excerpt":{"rendered":"<p>Crosul Europei, organizat la Alba Iulia, devine o tradi\u021bie pentru ora\u0219, reu\u0219ind ca de la an la an s\u0103 aduc\u0103 la linia de start tot mai mul\u021bi oameni, \u00een special tineri, care s\u0103 promoveze mi\u0219carea \u00een aer liber \u0219i un stil de via\u021b\u0103 s\u0103n\u0103tos. Pe l\u00e2ng\u0103 elevi de la mai multe \u0219coli \u0219i licee, au &hellip;<\/p>\n","protected":false},"author":20,"featured_media":32192,"comment_status":"open","ping_status":"open","sticky":false,"template":"","format":"standard","meta":{"inline_featured_image":false,"footnotes":""},"categories":[1],"tags":[1952,7676,39,7409,7677,2826,309,2004,2156,336,76],"class_list":["post-32188","post","type-post","status-publish","format-standard","has-post-thumbnail","hentry","category-stiri-urbane","tag-adr","tag-alergatori","tag-cetate","tag-crosul-europei","tag-fundatia-paem","tag-participanti","tag-premii","tag-primaria","tag-sport","tag-tineri","tag-urbea-mea"],"yoast_head":"<!-- This site is optimized with the Yoast SEO plugin v28.3 - https:\/\/yoast.com\/product\/yoast-seo-wordpress\/ -->\n<title>FOTO: Peste 600 de alerg\u0103tori au f\u0103cut turul Cet\u0103\u021bii la Crosul Europei - Revista Urbea Mea - Revista de Alba<\/title>\n<meta name=\"description\" content=\"Crosul Europei, organizat la Alba Iulia, devine o tradi\u021bie pentru ora\u0219, reu\u0219ind ca de la an la an s\u0103 aduc\u0103 la linia de start tot mai mul\u021bi oameni, \u00een\" \/>\n<meta name=\"robots\" content=\"index, follow, max-snippet:-1, max-image-preview:large, max-video-preview:-1\" \/>\n<link rel=\"canonical\" href=\"https:\/\/urbeamea.ro\/albaiulia\/foto-peste-600-de-alergatori-au-facut-turul-cetatii-la-crosul-europei\/\" \/>\n<meta name=\"twitter:card\" content=\"summary_large_image\" \/>\n<meta name=\"twitter:title\" content=\"FOTO: Peste 600 de alerg\u0103tori au f\u0103cut turul Cet\u0103\u021bii la Crosul Europei - Revista Urbea Mea - Revista de Alba\" \/>\n<meta name=\"twitter:description\" content=\"Crosul Europei, organizat la Alba Iulia, devine o tradi\u021bie pentru ora\u0219, reu\u0219ind ca de la an la an s\u0103 aduc\u0103 la linia de start tot mai mul\u021bi oameni, \u00een\" \/>\n<meta name=\"twitter:image\" content=\"https:\/\/urbeamea.ro\/albaiulia\/wp-content\/uploads\/2016\/09\/cros-4.jpg\" \/>\n<meta name=\"twitter:creator\" content=\"@urbeameaweb\" \/>\n<meta name=\"twitter:site\" content=\"@urbeameaweb\" \/>\n<script type=\"application\/ld+json\" class=\"yoast-schema-graph\">{\"@context\":\"https:\\\/\\\/schema.org\",\"@graph\":[{\"@type\":\"Article\",\"@id\":\"https:\\\/\\\/urbeamea.ro\\\/albaiulia\\\/foto-peste-600-de-alergatori-au-facut-turul-cetatii-la-crosul-europei\\\/#article\",\"isPartOf\":{\"@id\":\"https:\\\/\\\/urbeamea.ro\\\/albaiulia\\\/foto-peste-600-de-alergatori-au-facut-turul-cetatii-la-crosul-europei\\\/\"},\"author\":{\"name\":\"Adriana Avram\",\"@id\":\"https:\\\/\\\/urbeamea.ro\\\/albaiulia\\\/#\\\/schema\\\/person\\\/cfaa27fc3da4a9a2cf2fee3650afc5d0\"},\"headline\":\"FOTO: Peste 600 de alerg\u0103tori au f\u0103cut turul Cet\u0103\u021bii la Crosul Europei\",\"datePublished\":\"2016-09-23T12:09:43+00:00\",\"mainEntityOfPage\":{\"@id\":\"https:\\\/\\\/urbeamea.ro\\\/albaiulia\\\/foto-peste-600-de-alergatori-au-facut-turul-cetatii-la-crosul-europei\\\/\"},\"wordCount\":297,\"commentCount\":0,\"image\":{\"@id\":\"https:\\\/\\\/urbeamea.ro\\\/albaiulia\\\/foto-peste-600-de-alergatori-au-facut-turul-cetatii-la-crosul-europei\\\/#primaryimage\"},\"thumbnailUrl\":\"https:\\\/\\\/urbeamea.ro\\\/albaiulia\\\/wp-content\\\/uploads\\\/2016\\\/09\\\/cros-4.jpg\",\"keywords\":[\"ADR\",\"alergatori\",\"cetate\",\"crosul europei\",\"fundatia PAEM\",\"participanti\",\"premii\",\"primaria\",\"sport\",\"tineri\",\"Urbea Mea\"],\"articleSection\":[\"\u015etiri Urbane\"],\"inLanguage\":\"ro-RO\",\"potentialAction\":[{\"@type\":\"CommentAction\",\"name\":\"Comment\",\"target\":[\"https:\\\/\\\/urbeamea.ro\\\/albaiulia\\\/foto-peste-600-de-alergatori-au-facut-turul-cetatii-la-crosul-europei\\\/#respond\"]}]},{\"@type\":\"WebPage\",\"@id\":\"https:\\\/\\\/urbeamea.ro\\\/albaiulia\\\/foto-peste-600-de-alergatori-au-facut-turul-cetatii-la-crosul-europei\\\/\",\"url\":\"https:\\\/\\\/urbeamea.ro\\\/albaiulia\\\/foto-peste-600-de-alergatori-au-facut-turul-cetatii-la-crosul-europei\\\/\",\"name\":\"FOTO: Peste 600 de alerg\u0103tori au f\u0103cut turul Cet\u0103\u021bii la Crosul Europei - Revista Urbea Mea - Revista de Alba\",\"isPartOf\":{\"@id\":\"https:\\\/\\\/urbeamea.ro\\\/albaiulia\\\/#website\"},\"primaryImageOfPage\":{\"@id\":\"https:\\\/\\\/urbeamea.ro\\\/albaiulia\\\/foto-peste-600-de-alergatori-au-facut-turul-cetatii-la-crosul-europei\\\/#primaryimage\"},\"image\":{\"@id\":\"https:\\\/\\\/urbeamea.ro\\\/albaiulia\\\/foto-peste-600-de-alergatori-au-facut-turul-cetatii-la-crosul-europei\\\/#primaryimage\"},\"thumbnailUrl\":\"https:\\\/\\\/urbeamea.ro\\\/albaiulia\\\/wp-content\\\/uploads\\\/2016\\\/09\\\/cros-4.jpg\",\"datePublished\":\"2016-09-23T12:09:43+00:00\",\"author\":{\"@id\":\"https:\\\/\\\/urbeamea.ro\\\/albaiulia\\\/#\\\/schema\\\/person\\\/cfaa27fc3da4a9a2cf2fee3650afc5d0\"},\"description\":\"Crosul Europei, organizat la Alba Iulia, devine o tradi\u021bie pentru ora\u0219, reu\u0219ind ca de la an la an s\u0103 aduc\u0103 la linia de start tot mai mul\u021bi oameni, \u00een\",\"breadcrumb\":{\"@id\":\"https:\\\/\\\/urbeamea.ro\\\/albaiulia\\\/foto-peste-600-de-alergatori-au-facut-turul-cetatii-la-crosul-europei\\\/#breadcrumb\"},\"inLanguage\":\"ro-RO\",\"potentialAction\":[{\"@type\":\"ReadAction\",\"target\":[\"https:\\\/\\\/urbeamea.ro\\\/albaiulia\\\/foto-peste-600-de-alergatori-au-facut-turul-cetatii-la-crosul-europei\\\/\"]}]},{\"@type\":\"ImageObject\",\"inLanguage\":\"ro-RO\",\"@id\":\"https:\\\/\\\/urbeamea.ro\\\/albaiulia\\\/foto-peste-600-de-alergatori-au-facut-turul-cetatii-la-crosul-europei\\\/#primaryimage\",\"url\":\"https:\\\/\\\/urbeamea.ro\\\/albaiulia\\\/wp-content\\\/uploads\\\/2016\\\/09\\\/cros-4.jpg\",\"contentUrl\":\"https:\\\/\\\/urbeamea.ro\\\/albaiulia\\\/wp-content\\\/uploads\\\/2016\\\/09\\\/cros-4.jpg\",\"width\":1211,\"height\":711},{\"@type\":\"BreadcrumbList\",\"@id\":\"https:\\\/\\\/urbeamea.ro\\\/albaiulia\\\/foto-peste-600-de-alergatori-au-facut-turul-cetatii-la-crosul-europei\\\/#breadcrumb\",\"itemListElement\":[{\"@type\":\"ListItem\",\"position\":1,\"name\":\"Prima pagin\u0103\",\"item\":\"https:\\\/\\\/urbeamea.ro\\\/albaiulia\\\/\"},{\"@type\":\"ListItem\",\"position\":2,\"name\":\"FOTO: Peste 600 de alerg\u0103tori au f\u0103cut turul Cet\u0103\u021bii la Crosul Europei\"}]},{\"@type\":\"WebSite\",\"@id\":\"https:\\\/\\\/urbeamea.ro\\\/albaiulia\\\/#website\",\"url\":\"https:\\\/\\\/urbeamea.ro\\\/albaiulia\\\/\",\"name\":\"Revista Urbea Mea, Stiri urbane\",\"description\":\"Evenimente \u0219i \u0219tiri din Alba Iulia, Sebe\u0219, Aiud, Blaj\",\"potentialAction\":[{\"@type\":\"SearchAction\",\"target\":{\"@type\":\"EntryPoint\",\"urlTemplate\":\"https:\\\/\\\/urbeamea.ro\\\/albaiulia\\\/?s={search_term_string}\"},\"query-input\":{\"@type\":\"PropertyValueSpecification\",\"valueRequired\":true,\"valueName\":\"search_term_string\"}}],\"inLanguage\":\"ro-RO\"},{\"@type\":\"Person\",\"@id\":\"https:\\\/\\\/urbeamea.ro\\\/albaiulia\\\/#\\\/schema\\\/person\\\/cfaa27fc3da4a9a2cf2fee3650afc5d0\",\"name\":\"Adriana Avram\",\"image\":{\"@type\":\"ImageObject\",\"inLanguage\":\"ro-RO\",\"@id\":\"https:\\\/\\\/secure.gravatar.com\\\/avatar\\\/3cc61eb1584088e0099c1763903a6421c5ce6cdf45fc2d424046dc621efc21f9?s=96&d=mm&r=g\",\"url\":\"https:\\\/\\\/secure.gravatar.com\\\/avatar\\\/3cc61eb1584088e0099c1763903a6421c5ce6cdf45fc2d424046dc621efc21f9?s=96&d=mm&r=g\",\"contentUrl\":\"https:\\\/\\\/secure.gravatar.com\\\/avatar\\\/3cc61eb1584088e0099c1763903a6421c5ce6cdf45fc2d424046dc621efc21f9?s=96&d=mm&r=g\",\"caption\":\"Adriana Avram\"},\"description\":\"Jurnalist\",\"sameAs\":[\"https:\\\/\\\/www.facebook.com\\\/avram.adriana.7?fref=ts\"],\"url\":\"https:\\\/\\\/urbeamea.ro\\\/albaiulia\\\/author\\\/adriana-avram\\\/\"}]}<\/script>\n<!-- \/ Yoast SEO plugin. -->","yoast_head_json":{"title":"FOTO: Peste 600 de alerg\u0103tori au f\u0103cut turul Cet\u0103\u021bii la Crosul Europei - Revista Urbea Mea - Revista de Alba","description":"Crosul Europei, organizat la Alba Iulia, devine o tradi\u021bie pentru ora\u0219, reu\u0219ind ca de la an la an s\u0103 aduc\u0103 la linia de start tot mai mul\u021bi oameni, \u00een","robots":{"index":"index","follow":"follow","max-snippet":"max-snippet:-1","max-image-preview":"max-image-preview:large","max-video-preview":"max-video-preview:-1"},"canonical":"https:\/\/urbeamea.ro\/albaiulia\/foto-peste-600-de-alergatori-au-facut-turul-cetatii-la-crosul-europei\/","twitter_card":"summary_large_image","twitter_title":"FOTO: Peste 600 de alerg\u0103tori au f\u0103cut turul Cet\u0103\u021bii la Crosul Europei - Revista Urbea Mea - Revista de Alba","twitter_description":"Crosul Europei, organizat la Alba Iulia, devine o tradi\u021bie pentru ora\u0219, reu\u0219ind ca de la an la an s\u0103 aduc\u0103 la linia de start tot mai mul\u021bi oameni, \u00een","twitter_image":"https:\/\/urbeamea.ro\/albaiulia\/wp-content\/uploads\/2016\/09\/cros-4.jpg","twitter_creator":"@urbeameaweb","twitter_site":"@urbeameaweb","schema":{"@context":"https:\/\/schema.org","@graph":[{"@type":"Article","@id":"https:\/\/urbeamea.ro\/albaiulia\/foto-peste-600-de-alergatori-au-facut-turul-cetatii-la-crosul-europei\/#article","isPartOf":{"@id":"https:\/\/urbeamea.ro\/albaiulia\/foto-peste-600-de-alergatori-au-facut-turul-cetatii-la-crosul-europei\/"},"author":{"name":"Adriana Avram","@id":"https:\/\/urbeamea.ro\/albaiulia\/#\/schema\/person\/cfaa27fc3da4a9a2cf2fee3650afc5d0"},"headline":"FOTO: Peste 600 de alerg\u0103tori au f\u0103cut turul Cet\u0103\u021bii la Crosul Europei","datePublished":"2016-09-23T12:09:43+00:00","mainEntityOfPage":{"@id":"https:\/\/urbeamea.ro\/albaiulia\/foto-peste-600-de-alergatori-au-facut-turul-cetatii-la-crosul-europei\/"},"wordCount":297,"commentCount":0,"image":{"@id":"https:\/\/urbeamea.ro\/albaiulia\/foto-peste-600-de-alergatori-au-facut-turul-cetatii-la-crosul-europei\/#primaryimage"},"thumbnailUrl":"https:\/\/urbeamea.ro\/albaiulia\/wp-content\/uploads\/2016\/09\/cros-4.jpg","keywords":["ADR","alergatori","cetate","crosul europei","fundatia PAEM","participanti","premii","primaria","sport","tineri","Urbea Mea"],"articleSection":["\u015etiri Urbane"],"inLanguage":"ro-RO","potentialAction":[{"@type":"CommentAction","name":"Comment","target":["https:\/\/urbeamea.ro\/albaiulia\/foto-peste-600-de-alergatori-au-facut-turul-cetatii-la-crosul-europei\/#respond"]}]},{"@type":"WebPage","@id":"https:\/\/urbeamea.ro\/albaiulia\/foto-peste-600-de-alergatori-au-facut-turul-cetatii-la-crosul-europei\/","url":"https:\/\/urbeamea.ro\/albaiulia\/foto-peste-600-de-alergatori-au-facut-turul-cetatii-la-crosul-europei\/","name":"FOTO: Peste 600 de alerg\u0103tori au f\u0103cut turul Cet\u0103\u021bii la Crosul Europei - Revista Urbea Mea - Revista de Alba","isPartOf":{"@id":"https:\/\/urbeamea.ro\/albaiulia\/#website"},"primaryImageOfPage":{"@id":"https:\/\/urbeamea.ro\/albaiulia\/foto-peste-600-de-alergatori-au-facut-turul-cetatii-la-crosul-europei\/#primaryimage"},"image":{"@id":"https:\/\/urbeamea.ro\/albaiulia\/foto-peste-600-de-alergatori-au-facut-turul-cetatii-la-crosul-europei\/#primaryimage"},"thumbnailUrl":"https:\/\/urbeamea.ro\/albaiulia\/wp-content\/uploads\/2016\/09\/cros-4.jpg","datePublished":"2016-09-23T12:09:43+00:00","author":{"@id":"https:\/\/urbeamea.ro\/albaiulia\/#\/schema\/person\/cfaa27fc3da4a9a2cf2fee3650afc5d0"},"description":"Crosul Europei, organizat la Alba Iulia, devine o tradi\u021bie pentru ora\u0219, reu\u0219ind ca de la an la an s\u0103 aduc\u0103 la linia de start tot mai mul\u021bi oameni, \u00een","breadcrumb":{"@id":"https:\/\/urbeamea.ro\/albaiulia\/foto-peste-600-de-alergatori-au-facut-turul-cetatii-la-crosul-europei\/#breadcrumb"},"inLanguage":"ro-RO","potentialAction":[{"@type":"ReadAction","target":["https:\/\/urbeamea.ro\/albaiulia\/foto-peste-600-de-alergatori-au-facut-turul-cetatii-la-crosul-europei\/"]}]},{"@type":"ImageObject","inLanguage":"ro-RO","@id":"https:\/\/urbeamea.ro\/albaiulia\/foto-peste-600-de-alergatori-au-facut-turul-cetatii-la-crosul-europei\/#primaryimage","url":"https:\/\/urbeamea.ro\/albaiulia\/wp-content\/uploads\/2016\/09\/cros-4.jpg","contentUrl":"https:\/\/urbeamea.ro\/albaiulia\/wp-content\/uploads\/2016\/09\/cros-4.jpg","width":1211,"height":711},{"@type":"BreadcrumbList","@id":"https:\/\/urbeamea.ro\/albaiulia\/foto-peste-600-de-alergatori-au-facut-turul-cetatii-la-crosul-europei\/#breadcrumb","itemListElement":[{"@type":"ListItem","position":1,"name":"Prima pagin\u0103","item":"https:\/\/urbeamea.ro\/albaiulia\/"},{"@type":"ListItem","position":2,"name":"FOTO: Peste 600 de alerg\u0103tori au f\u0103cut turul Cet\u0103\u021bii la Crosul Europei"}]},{"@type":"WebSite","@id":"https:\/\/urbeamea.ro\/albaiulia\/#website","url":"https:\/\/urbeamea.ro\/albaiulia\/","name":"Revista Urbea Mea, Stiri urbane","description":"Evenimente \u0219i \u0219tiri din Alba Iulia, Sebe\u0219, Aiud, Blaj","potentialAction":[{"@type":"SearchAction","target":{"@type":"EntryPoint","urlTemplate":"https:\/\/urbeamea.ro\/albaiulia\/?s={search_term_string}"},"query-input":{"@type":"PropertyValueSpecification","valueRequired":true,"valueName":"search_term_string"}}],"inLanguage":"ro-RO"},{"@type":"Person","@id":"https:\/\/urbeamea.ro\/albaiulia\/#\/schema\/person\/cfaa27fc3da4a9a2cf2fee3650afc5d0","name":"Adriana Avram","image":{"@type":"ImageObject","inLanguage":"ro-RO","@id":"https:\/\/secure.gravatar.com\/avatar\/3cc61eb1584088e0099c1763903a6421c5ce6cdf45fc2d424046dc621efc21f9?s=96&d=mm&r=g","url":"https:\/\/secure.gravatar.com\/avatar\/3cc61eb1584088e0099c1763903a6421c5ce6cdf45fc2d424046dc621efc21f9?s=96&d=mm&r=g","contentUrl":"https:\/\/secure.gravatar.com\/avatar\/3cc61eb1584088e0099c1763903a6421c5ce6cdf45fc2d424046dc621efc21f9?s=96&d=mm&r=g","caption":"Adriana Avram"},"description":"Jurnalist","sameAs":["https:\/\/www.facebook.com\/avram.adriana.7?fref=ts"],"url":"https:\/\/urbeamea.ro\/albaiulia\/author\/adriana-avram\/"}]}},"_links":{"self":[{"href":"https:\/\/urbeamea.ro\/albaiulia\/wp-json\/wp\/v2\/posts\/32188","targetHints":{"allow":["GET"]}}],"collection":[{"href":"https:\/\/urbeamea.ro\/albaiulia\/wp-json\/wp\/v2\/posts"}],"about":[{"href":"https:\/\/urbeamea.ro\/albaiulia\/wp-json\/wp\/v2\/types\/post"}],"author":[{"embeddable":true,"href":"https:\/\/urbeamea.ro\/albaiulia\/wp-json\/wp\/v2\/users\/20"}],"replies":[{"embeddable":true,"href":"https:\/\/urbeamea.ro\/albaiulia\/wp-json\/wp\/v2\/comments?post=32188"}],"version-history":[{"count":0,"href":"https:\/\/urbeamea.ro\/albaiulia\/wp-json\/wp\/v2\/posts\/32188\/revisions"}],"wp:featuredmedia":[{"embeddable":true,"href":"https:\/\/urbeamea.ro\/albaiulia\/wp-json\/wp\/v2\/media\/32192"}],"wp:attachment":[{"href":"https:\/\/urbeamea.ro\/albaiulia\/wp-json\/wp\/v2\/media?parent=32188"}],"wp:term":[{"taxonomy":"category","embeddable":true,"href":"https:\/\/urbeamea.ro\/albaiulia\/wp-json\/wp\/v2\/categories?post=32188"},{"taxonomy":"post_tag","embeddable":true,"href":"https:\/\/urbeamea.ro\/albaiulia\/wp-json\/wp\/v2\/tags?post=32188"}],"curies":[{"name":"wp","href":"https:\/\/api.w.org\/{rel}","templated":true}]}}