{"id":32237,"date":"2016-09-25T11:29:05","date_gmt":"2016-09-25T08:29:05","guid":{"rendered":"http:\/\/urbeamea.ro\/albaiulia\/?p=32237"},"modified":"2016-09-25T11:29:05","modified_gmt":"2016-09-25T08:29:05","slug":"prognoza-meteo-cum-va-fi-vremea-in-prima-jumatate-a-saptamanii","status":"publish","type":"post","link":"https:\/\/urbeamea.ro\/albaiulia\/prognoza-meteo-cum-va-fi-vremea-in-prima-jumatate-a-saptamanii\/","title":{"rendered":"PROGNOZA METEO: Cum va fi vremea \u00een prima jum\u0103tate a s\u0103pt\u0103m\u00e2nii"},"content":{"rendered":"<p data-skip-zonterainread=\"1\"><strong><img loading=\"lazy\" decoding=\"async\" class=\"alignleft size-medium wp-image-32238\" src=\"http:\/\/urbeamea.ro\/albaiulia\/wp-content\/uploads\/2016\/09\/vreme-toamna-300x192.jpg\" alt=\"vreme-toamna\" width=\"300\" height=\"192\" \/>Timp de dou\u0103 zile, vremea va fi \u00eenchis\u0103 \u00een majoritatea zonelor \u015fi se vor \u00eenregistra ploi pe arii extinse, chiar lapovi\u0163\u0103 \u0103n zonele montane \u00eenalte. C\u0103tre jum\u0103tatea s\u0103pt\u0103m\u00e2nii, meteorologii anun\u0163\u0103 o \u00eembun\u0103t\u0103\u0163irea a vremii, cu temperaturi maxime de p\u00e2n\u0103 la 24 de grade Celsius.<\/strong><\/p>\n<p data-skip-zonterainread=\"1\">Ast\u0103zi, instabilitatea atmosferic\u0103 va fi accentuat\u0103 \u00een regiunile, estice, sudice \u015fi centrale. Acolo, pe spa\u0163a\u0163ii extinse vor c\u0103dea averse, cu tunete, fulgere \u015fi intensific\u0103ri de scurt\u0103 durat\u0103 ale v\u00e2ntului. Pe suprafe\u0163e reduse, cantit\u0103\u0163ile, de ap\u0103 acumulate vor dep\u0103\u015fi 15-20 l\/mp. \u00cen restul teritoriului, astfel de fenomene vor ap\u0103rea doar pe arii mici din a doua parte a zilei. Temperaturile maxime, \u00een cobor\u00e2re u\u015foar\u0103 fa\u0163\u0103 de ziua precedent\u0103, vor fi cuprinse \u00eentre 12 \u015fi 23 de grade Celsius.<\/p>\n<p>Pe timpul zilei va continua s\u0103 plou\u0103 \u00een zona montan\u0103, unde izolat se vor str\u00e2nge peste 20l de ap\u0103\/mp. Vor ap\u0103rea \u015fi desc\u0103rc\u0103ri electrice, iar v\u00e2ntul va sufla cu putere din c\u00e2nd \u00een c\u00e2nd. Pe crestele \u00eenalte din Carpa\u0163ii Medionali \u015fi Orientali va c\u0103dea \u015fi lapovi\u0163\u0103, \u00een timp ce la nivelul sta\u0163iunilor temperaturile nu vor trece de 13 grade.<\/p>\n<p>Luni, vremea va continua s\u0103 fie mai mult \u00eenchis\u0103 \u00een sudul, centrul \u015fi estul \u0163\u0103rii unde va ploua slab. La altitudini foarte mari, nu este exclus ca trec\u0103tor s\u0103 mai cad\u0103 lapovi\u0163a. Treptat, spre mijlocul s\u0103pt\u0103m\u00e2nii, soarele va deveni tot mai generos cu excep\u0163ia zonei de munte, unde \u015fi v\u00e2ntul va fi activ. Chiar dac\u0103 la nivel na\u0163ional maximele vor fi apropiate de cele obi\u015fnuite pentru acest\u0103 perioad\u0103, pe timpul dup\u0103-amiezilor nu se vor dep\u0103\u015fi 23-24 de grade Celsius.<\/p>\n<p>&nbsp;<\/p>\n<p><em>Sursa: Digi24<\/em><\/p>\n","protected":false},"excerpt":{"rendered":"<p>Timp de dou\u0103 zile, vremea va fi \u00eenchis\u0103 \u00een majoritatea zonelor \u015fi se vor \u00eenregistra ploi pe arii extinse, chiar lapovi\u0163\u0103 \u0103n zonele montane \u00eenalte. C\u0103tre jum\u0103tatea s\u0103pt\u0103m\u00e2nii, meteorologii anun\u0163\u0103 o \u00eembun\u0103t\u0103\u0163irea a vremii, cu temperaturi maxime de p\u00e2n\u0103 la 24 de grade Celsius. Ast\u0103zi, instabilitatea atmosferic\u0103 va fi accentuat\u0103 \u00een regiunile, estice, sudice \u015fi &hellip;<\/p>\n","protected":false},"author":20,"featured_media":32238,"comment_status":"open","ping_status":"open","sticky":false,"template":"","format":"standard","meta":{"inline_featured_image":false,"footnotes":""},"categories":[2034],"tags":[1826,367,392,391,7692,1765,339,76,2078],"class_list":["post-32237","post","type-post","status-publish","format-standard","has-post-thumbnail","hentry","category-social","tag-lapovita","tag-meteo","tag-meteorologi","tag-ploi","tag-prognoza","tag-soare","tag-temperaturi","tag-urbea-mea","tag-vreme"],"yoast_head":"<!-- This site is optimized with the Yoast SEO plugin v27.4 - https:\/\/yoast.com\/product\/yoast-seo-wordpress\/ -->\n<title>PROGNOZA METEO: Cum va fi vremea \u00een prima jum\u0103tate a s\u0103pt\u0103m\u00e2nii - Revista Urbea Mea - Revista de Alba<\/title>\n<meta name=\"description\" content=\"Timp de dou\u0103 zile, vremea va fi \u00eenchis\u0103 \u00een majoritatea zonelor \u015fi se vor \u00eenregistra ploi pe arii extinse, chiar lapovi\u0163\u0103 \u0103n zonele montane \u00eenalte. C\u0103tre\" \/>\n<meta name=\"robots\" content=\"index, follow, max-snippet:-1, max-image-preview:large, max-video-preview:-1\" \/>\n<link rel=\"canonical\" href=\"https:\/\/urbeamea.ro\/albaiulia\/prognoza-meteo-cum-va-fi-vremea-in-prima-jumatate-a-saptamanii\/\" \/>\n<meta name=\"twitter:card\" content=\"summary_large_image\" \/>\n<meta name=\"twitter:title\" content=\"PROGNOZA METEO: Cum va fi vremea \u00een prima jum\u0103tate a s\u0103pt\u0103m\u00e2nii - Revista Urbea Mea - Revista de Alba\" \/>\n<meta name=\"twitter:description\" content=\"Timp de dou\u0103 zile, vremea va fi \u00eenchis\u0103 \u00een majoritatea zonelor \u015fi se vor \u00eenregistra ploi pe arii extinse, chiar lapovi\u0163\u0103 \u0103n zonele montane \u00eenalte. C\u0103tre\" \/>\n<meta name=\"twitter:image\" content=\"https:\/\/urbeamea.ro\/albaiulia\/wp-content\/uploads\/2016\/09\/vreme-toamna.jpg\" \/>\n<meta name=\"twitter:creator\" content=\"@urbeameaweb\" \/>\n<meta name=\"twitter:site\" content=\"@urbeameaweb\" \/>\n<script type=\"application\/ld+json\" class=\"yoast-schema-graph\">{\"@context\":\"https:\\\/\\\/schema.org\",\"@graph\":[{\"@type\":\"Article\",\"@id\":\"https:\\\/\\\/urbeamea.ro\\\/albaiulia\\\/prognoza-meteo-cum-va-fi-vremea-in-prima-jumatate-a-saptamanii\\\/#article\",\"isPartOf\":{\"@id\":\"https:\\\/\\\/urbeamea.ro\\\/albaiulia\\\/prognoza-meteo-cum-va-fi-vremea-in-prima-jumatate-a-saptamanii\\\/\"},\"author\":{\"name\":\"Adriana Avram\",\"@id\":\"https:\\\/\\\/urbeamea.ro\\\/albaiulia\\\/#\\\/schema\\\/person\\\/cfaa27fc3da4a9a2cf2fee3650afc5d0\"},\"headline\":\"PROGNOZA METEO: Cum va fi vremea \u00een prima jum\u0103tate a s\u0103pt\u0103m\u00e2nii\",\"datePublished\":\"2016-09-25T08:29:05+00:00\",\"mainEntityOfPage\":{\"@id\":\"https:\\\/\\\/urbeamea.ro\\\/albaiulia\\\/prognoza-meteo-cum-va-fi-vremea-in-prima-jumatate-a-saptamanii\\\/\"},\"wordCount\":316,\"commentCount\":0,\"image\":{\"@id\":\"https:\\\/\\\/urbeamea.ro\\\/albaiulia\\\/prognoza-meteo-cum-va-fi-vremea-in-prima-jumatate-a-saptamanii\\\/#primaryimage\"},\"thumbnailUrl\":\"https:\\\/\\\/urbeamea.ro\\\/albaiulia\\\/wp-content\\\/uploads\\\/2016\\\/09\\\/vreme-toamna.jpg\",\"keywords\":[\"lapovita\",\"meteo\",\"meteorologi\",\"ploi\",\"prognoza\",\"soare\",\"temperaturi\",\"Urbea Mea\",\"vreme\"],\"articleSection\":[\"Social\"],\"inLanguage\":\"ro-RO\",\"potentialAction\":[{\"@type\":\"CommentAction\",\"name\":\"Comment\",\"target\":[\"https:\\\/\\\/urbeamea.ro\\\/albaiulia\\\/prognoza-meteo-cum-va-fi-vremea-in-prima-jumatate-a-saptamanii\\\/#respond\"]}]},{\"@type\":\"WebPage\",\"@id\":\"https:\\\/\\\/urbeamea.ro\\\/albaiulia\\\/prognoza-meteo-cum-va-fi-vremea-in-prima-jumatate-a-saptamanii\\\/\",\"url\":\"https:\\\/\\\/urbeamea.ro\\\/albaiulia\\\/prognoza-meteo-cum-va-fi-vremea-in-prima-jumatate-a-saptamanii\\\/\",\"name\":\"PROGNOZA METEO: Cum va fi vremea \u00een prima jum\u0103tate a s\u0103pt\u0103m\u00e2nii - Revista Urbea Mea - Revista de Alba\",\"isPartOf\":{\"@id\":\"https:\\\/\\\/urbeamea.ro\\\/albaiulia\\\/#website\"},\"primaryImageOfPage\":{\"@id\":\"https:\\\/\\\/urbeamea.ro\\\/albaiulia\\\/prognoza-meteo-cum-va-fi-vremea-in-prima-jumatate-a-saptamanii\\\/#primaryimage\"},\"image\":{\"@id\":\"https:\\\/\\\/urbeamea.ro\\\/albaiulia\\\/prognoza-meteo-cum-va-fi-vremea-in-prima-jumatate-a-saptamanii\\\/#primaryimage\"},\"thumbnailUrl\":\"https:\\\/\\\/urbeamea.ro\\\/albaiulia\\\/wp-content\\\/uploads\\\/2016\\\/09\\\/vreme-toamna.jpg\",\"datePublished\":\"2016-09-25T08:29:05+00:00\",\"author\":{\"@id\":\"https:\\\/\\\/urbeamea.ro\\\/albaiulia\\\/#\\\/schema\\\/person\\\/cfaa27fc3da4a9a2cf2fee3650afc5d0\"},\"description\":\"Timp de dou\u0103 zile, vremea va fi \u00eenchis\u0103 \u00een majoritatea zonelor \u015fi se vor \u00eenregistra ploi pe arii extinse, chiar lapovi\u0163\u0103 \u0103n zonele montane \u00eenalte. C\u0103tre\",\"breadcrumb\":{\"@id\":\"https:\\\/\\\/urbeamea.ro\\\/albaiulia\\\/prognoza-meteo-cum-va-fi-vremea-in-prima-jumatate-a-saptamanii\\\/#breadcrumb\"},\"inLanguage\":\"ro-RO\",\"potentialAction\":[{\"@type\":\"ReadAction\",\"target\":[\"https:\\\/\\\/urbeamea.ro\\\/albaiulia\\\/prognoza-meteo-cum-va-fi-vremea-in-prima-jumatate-a-saptamanii\\\/\"]}]},{\"@type\":\"ImageObject\",\"inLanguage\":\"ro-RO\",\"@id\":\"https:\\\/\\\/urbeamea.ro\\\/albaiulia\\\/prognoza-meteo-cum-va-fi-vremea-in-prima-jumatate-a-saptamanii\\\/#primaryimage\",\"url\":\"https:\\\/\\\/urbeamea.ro\\\/albaiulia\\\/wp-content\\\/uploads\\\/2016\\\/09\\\/vreme-toamna.jpg\",\"contentUrl\":\"https:\\\/\\\/urbeamea.ro\\\/albaiulia\\\/wp-content\\\/uploads\\\/2016\\\/09\\\/vreme-toamna.jpg\",\"width\":800,\"height\":513},{\"@type\":\"BreadcrumbList\",\"@id\":\"https:\\\/\\\/urbeamea.ro\\\/albaiulia\\\/prognoza-meteo-cum-va-fi-vremea-in-prima-jumatate-a-saptamanii\\\/#breadcrumb\",\"itemListElement\":[{\"@type\":\"ListItem\",\"position\":1,\"name\":\"Prima pagin\u0103\",\"item\":\"https:\\\/\\\/urbeamea.ro\\\/albaiulia\\\/\"},{\"@type\":\"ListItem\",\"position\":2,\"name\":\"PROGNOZA METEO: Cum va fi vremea \u00een prima jum\u0103tate a s\u0103pt\u0103m\u00e2nii\"}]},{\"@type\":\"WebSite\",\"@id\":\"https:\\\/\\\/urbeamea.ro\\\/albaiulia\\\/#website\",\"url\":\"https:\\\/\\\/urbeamea.ro\\\/albaiulia\\\/\",\"name\":\"Revista Urbea Mea, Stiri urbane\",\"description\":\"Evenimente \u0219i \u0219tiri din Alba Iulia, Sebe\u0219, Aiud, Blaj\",\"potentialAction\":[{\"@type\":\"SearchAction\",\"target\":{\"@type\":\"EntryPoint\",\"urlTemplate\":\"https:\\\/\\\/urbeamea.ro\\\/albaiulia\\\/?s={search_term_string}\"},\"query-input\":{\"@type\":\"PropertyValueSpecification\",\"valueRequired\":true,\"valueName\":\"search_term_string\"}}],\"inLanguage\":\"ro-RO\"},{\"@type\":\"Person\",\"@id\":\"https:\\\/\\\/urbeamea.ro\\\/albaiulia\\\/#\\\/schema\\\/person\\\/cfaa27fc3da4a9a2cf2fee3650afc5d0\",\"name\":\"Adriana Avram\",\"image\":{\"@type\":\"ImageObject\",\"inLanguage\":\"ro-RO\",\"@id\":\"https:\\\/\\\/secure.gravatar.com\\\/avatar\\\/3cc61eb1584088e0099c1763903a6421c5ce6cdf45fc2d424046dc621efc21f9?s=96&d=mm&r=g\",\"url\":\"https:\\\/\\\/secure.gravatar.com\\\/avatar\\\/3cc61eb1584088e0099c1763903a6421c5ce6cdf45fc2d424046dc621efc21f9?s=96&d=mm&r=g\",\"contentUrl\":\"https:\\\/\\\/secure.gravatar.com\\\/avatar\\\/3cc61eb1584088e0099c1763903a6421c5ce6cdf45fc2d424046dc621efc21f9?s=96&d=mm&r=g\",\"caption\":\"Adriana Avram\"},\"description\":\"Jurnalist\",\"sameAs\":[\"https:\\\/\\\/www.facebook.com\\\/avram.adriana.7?fref=ts\"],\"url\":\"https:\\\/\\\/urbeamea.ro\\\/albaiulia\\\/author\\\/adriana-avram\\\/\"}]}<\/script>\n<!-- \/ Yoast SEO plugin. -->","yoast_head_json":{"title":"PROGNOZA METEO: Cum va fi vremea \u00een prima jum\u0103tate a s\u0103pt\u0103m\u00e2nii - Revista Urbea Mea - Revista de Alba","description":"Timp de dou\u0103 zile, vremea va fi \u00eenchis\u0103 \u00een majoritatea zonelor \u015fi se vor \u00eenregistra ploi pe arii extinse, chiar lapovi\u0163\u0103 \u0103n zonele montane \u00eenalte. C\u0103tre","robots":{"index":"index","follow":"follow","max-snippet":"max-snippet:-1","max-image-preview":"max-image-preview:large","max-video-preview":"max-video-preview:-1"},"canonical":"https:\/\/urbeamea.ro\/albaiulia\/prognoza-meteo-cum-va-fi-vremea-in-prima-jumatate-a-saptamanii\/","twitter_card":"summary_large_image","twitter_title":"PROGNOZA METEO: Cum va fi vremea \u00een prima jum\u0103tate a s\u0103pt\u0103m\u00e2nii - Revista Urbea Mea - Revista de Alba","twitter_description":"Timp de dou\u0103 zile, vremea va fi \u00eenchis\u0103 \u00een majoritatea zonelor \u015fi se vor \u00eenregistra ploi pe arii extinse, chiar lapovi\u0163\u0103 \u0103n zonele montane \u00eenalte. C\u0103tre","twitter_image":"https:\/\/urbeamea.ro\/albaiulia\/wp-content\/uploads\/2016\/09\/vreme-toamna.jpg","twitter_creator":"@urbeameaweb","twitter_site":"@urbeameaweb","schema":{"@context":"https:\/\/schema.org","@graph":[{"@type":"Article","@id":"https:\/\/urbeamea.ro\/albaiulia\/prognoza-meteo-cum-va-fi-vremea-in-prima-jumatate-a-saptamanii\/#article","isPartOf":{"@id":"https:\/\/urbeamea.ro\/albaiulia\/prognoza-meteo-cum-va-fi-vremea-in-prima-jumatate-a-saptamanii\/"},"author":{"name":"Adriana Avram","@id":"https:\/\/urbeamea.ro\/albaiulia\/#\/schema\/person\/cfaa27fc3da4a9a2cf2fee3650afc5d0"},"headline":"PROGNOZA METEO: Cum va fi vremea \u00een prima jum\u0103tate a s\u0103pt\u0103m\u00e2nii","datePublished":"2016-09-25T08:29:05+00:00","mainEntityOfPage":{"@id":"https:\/\/urbeamea.ro\/albaiulia\/prognoza-meteo-cum-va-fi-vremea-in-prima-jumatate-a-saptamanii\/"},"wordCount":316,"commentCount":0,"image":{"@id":"https:\/\/urbeamea.ro\/albaiulia\/prognoza-meteo-cum-va-fi-vremea-in-prima-jumatate-a-saptamanii\/#primaryimage"},"thumbnailUrl":"https:\/\/urbeamea.ro\/albaiulia\/wp-content\/uploads\/2016\/09\/vreme-toamna.jpg","keywords":["lapovita","meteo","meteorologi","ploi","prognoza","soare","temperaturi","Urbea Mea","vreme"],"articleSection":["Social"],"inLanguage":"ro-RO","potentialAction":[{"@type":"CommentAction","name":"Comment","target":["https:\/\/urbeamea.ro\/albaiulia\/prognoza-meteo-cum-va-fi-vremea-in-prima-jumatate-a-saptamanii\/#respond"]}]},{"@type":"WebPage","@id":"https:\/\/urbeamea.ro\/albaiulia\/prognoza-meteo-cum-va-fi-vremea-in-prima-jumatate-a-saptamanii\/","url":"https:\/\/urbeamea.ro\/albaiulia\/prognoza-meteo-cum-va-fi-vremea-in-prima-jumatate-a-saptamanii\/","name":"PROGNOZA METEO: Cum va fi vremea \u00een prima jum\u0103tate a s\u0103pt\u0103m\u00e2nii - Revista Urbea Mea - Revista de Alba","isPartOf":{"@id":"https:\/\/urbeamea.ro\/albaiulia\/#website"},"primaryImageOfPage":{"@id":"https:\/\/urbeamea.ro\/albaiulia\/prognoza-meteo-cum-va-fi-vremea-in-prima-jumatate-a-saptamanii\/#primaryimage"},"image":{"@id":"https:\/\/urbeamea.ro\/albaiulia\/prognoza-meteo-cum-va-fi-vremea-in-prima-jumatate-a-saptamanii\/#primaryimage"},"thumbnailUrl":"https:\/\/urbeamea.ro\/albaiulia\/wp-content\/uploads\/2016\/09\/vreme-toamna.jpg","datePublished":"2016-09-25T08:29:05+00:00","author":{"@id":"https:\/\/urbeamea.ro\/albaiulia\/#\/schema\/person\/cfaa27fc3da4a9a2cf2fee3650afc5d0"},"description":"Timp de dou\u0103 zile, vremea va fi \u00eenchis\u0103 \u00een majoritatea zonelor \u015fi se vor \u00eenregistra ploi pe arii extinse, chiar lapovi\u0163\u0103 \u0103n zonele montane \u00eenalte. C\u0103tre","breadcrumb":{"@id":"https:\/\/urbeamea.ro\/albaiulia\/prognoza-meteo-cum-va-fi-vremea-in-prima-jumatate-a-saptamanii\/#breadcrumb"},"inLanguage":"ro-RO","potentialAction":[{"@type":"ReadAction","target":["https:\/\/urbeamea.ro\/albaiulia\/prognoza-meteo-cum-va-fi-vremea-in-prima-jumatate-a-saptamanii\/"]}]},{"@type":"ImageObject","inLanguage":"ro-RO","@id":"https:\/\/urbeamea.ro\/albaiulia\/prognoza-meteo-cum-va-fi-vremea-in-prima-jumatate-a-saptamanii\/#primaryimage","url":"https:\/\/urbeamea.ro\/albaiulia\/wp-content\/uploads\/2016\/09\/vreme-toamna.jpg","contentUrl":"https:\/\/urbeamea.ro\/albaiulia\/wp-content\/uploads\/2016\/09\/vreme-toamna.jpg","width":800,"height":513},{"@type":"BreadcrumbList","@id":"https:\/\/urbeamea.ro\/albaiulia\/prognoza-meteo-cum-va-fi-vremea-in-prima-jumatate-a-saptamanii\/#breadcrumb","itemListElement":[{"@type":"ListItem","position":1,"name":"Prima pagin\u0103","item":"https:\/\/urbeamea.ro\/albaiulia\/"},{"@type":"ListItem","position":2,"name":"PROGNOZA METEO: Cum va fi vremea \u00een prima jum\u0103tate a s\u0103pt\u0103m\u00e2nii"}]},{"@type":"WebSite","@id":"https:\/\/urbeamea.ro\/albaiulia\/#website","url":"https:\/\/urbeamea.ro\/albaiulia\/","name":"Revista Urbea Mea, Stiri urbane","description":"Evenimente \u0219i \u0219tiri din Alba Iulia, Sebe\u0219, Aiud, Blaj","potentialAction":[{"@type":"SearchAction","target":{"@type":"EntryPoint","urlTemplate":"https:\/\/urbeamea.ro\/albaiulia\/?s={search_term_string}"},"query-input":{"@type":"PropertyValueSpecification","valueRequired":true,"valueName":"search_term_string"}}],"inLanguage":"ro-RO"},{"@type":"Person","@id":"https:\/\/urbeamea.ro\/albaiulia\/#\/schema\/person\/cfaa27fc3da4a9a2cf2fee3650afc5d0","name":"Adriana Avram","image":{"@type":"ImageObject","inLanguage":"ro-RO","@id":"https:\/\/secure.gravatar.com\/avatar\/3cc61eb1584088e0099c1763903a6421c5ce6cdf45fc2d424046dc621efc21f9?s=96&d=mm&r=g","url":"https:\/\/secure.gravatar.com\/avatar\/3cc61eb1584088e0099c1763903a6421c5ce6cdf45fc2d424046dc621efc21f9?s=96&d=mm&r=g","contentUrl":"https:\/\/secure.gravatar.com\/avatar\/3cc61eb1584088e0099c1763903a6421c5ce6cdf45fc2d424046dc621efc21f9?s=96&d=mm&r=g","caption":"Adriana Avram"},"description":"Jurnalist","sameAs":["https:\/\/www.facebook.com\/avram.adriana.7?fref=ts"],"url":"https:\/\/urbeamea.ro\/albaiulia\/author\/adriana-avram\/"}]}},"_links":{"self":[{"href":"https:\/\/urbeamea.ro\/albaiulia\/wp-json\/wp\/v2\/posts\/32237","targetHints":{"allow":["GET"]}}],"collection":[{"href":"https:\/\/urbeamea.ro\/albaiulia\/wp-json\/wp\/v2\/posts"}],"about":[{"href":"https:\/\/urbeamea.ro\/albaiulia\/wp-json\/wp\/v2\/types\/post"}],"author":[{"embeddable":true,"href":"https:\/\/urbeamea.ro\/albaiulia\/wp-json\/wp\/v2\/users\/20"}],"replies":[{"embeddable":true,"href":"https:\/\/urbeamea.ro\/albaiulia\/wp-json\/wp\/v2\/comments?post=32237"}],"version-history":[{"count":0,"href":"https:\/\/urbeamea.ro\/albaiulia\/wp-json\/wp\/v2\/posts\/32237\/revisions"}],"wp:featuredmedia":[{"embeddable":true,"href":"https:\/\/urbeamea.ro\/albaiulia\/wp-json\/wp\/v2\/media\/32238"}],"wp:attachment":[{"href":"https:\/\/urbeamea.ro\/albaiulia\/wp-json\/wp\/v2\/media?parent=32237"}],"wp:term":[{"taxonomy":"category","embeddable":true,"href":"https:\/\/urbeamea.ro\/albaiulia\/wp-json\/wp\/v2\/categories?post=32237"},{"taxonomy":"post_tag","embeddable":true,"href":"https:\/\/urbeamea.ro\/albaiulia\/wp-json\/wp\/v2\/tags?post=32237"}],"curies":[{"name":"wp","href":"https:\/\/api.w.org\/{rel}","templated":true}]}}