{"id":32433,"date":"2016-09-28T17:03:01","date_gmt":"2016-09-28T14:03:01","guid":{"rendered":"http:\/\/urbeamea.ro\/albaiulia\/?p=32433"},"modified":"2016-09-28T17:03:01","modified_gmt":"2016-09-28T14:03:01","slug":"noi-masuri-pentru-stimularea-ocuparii-fortei-de-munca-12-500-de-lei-prima-de-instalare-de-la-stat-pentru-someri","status":"publish","type":"post","link":"https:\/\/urbeamea.ro\/albaiulia\/noi-masuri-pentru-stimularea-ocuparii-fortei-de-munca-12-500-de-lei-prima-de-instalare-de-la-stat-pentru-someri\/","title":{"rendered":"Noi m\u0103suri pentru stimularea ocup\u0103rii for\u021bei de munc\u0103. 12.500 de lei prim\u0103 de instalare de la stat pentru \u0219omeri"},"content":{"rendered":"<p><strong><img loading=\"lazy\" decoding=\"async\" class=\"alignleft size-medium wp-image-27823\" src=\"http:\/\/urbeamea.ro\/albaiulia\/wp-content\/uploads\/2016\/07\/locuri-de-munca-300x169.jpg\" alt=\"locuri-de-munca\" width=\"300\" height=\"169\" \/>Noi m\u0103suri de stimulare a ocup\u0103rii for\u021bei de munc\u0103 au fost adoptate ast\u0103zi de Guvern, acestea viz\u00e2nd persoanele aflate \u00een c\u0103utarea unui loc de munc\u0103, angajatorii, dar \u0219i rom\u00e2nii din diaspora.\u00a0Noul pachet reprezint\u0103 concretizarea demersurilor, asumate la \u00eenceputul mandatului, prin care fonduri europene \u0219i cele de la bugetul de stat sunt \u00eembinate \u0219i direc\u021bionate, \u00een mod coerent, pentru sus\u021binerea m\u0103surilor active de ocupare. Practic, aceste m\u0103suri au fost reg\u00e2ndite \u0219i includ mai multe categorii de beneficiari, astfel \u00eenc\u00e2t s\u0103 aib\u0103 efecte reale \u00een pia\u021b\u0103.<\/strong><\/p>\n<p>De asemenea, aduce modific\u0103ri esen\u021biale \u00een legisla\u021bia existent\u0103 pentru punerea \u00een practic\u0103 a m\u0103surilor din Pachetul Anti-s\u0103r\u0103cie, lansat de Prim-Ministrul Dacian Ciolo\u0219 \u00een luna februarie 2016.<\/p>\n<p>Prevederile adoptate ast\u0103zi \u00eencurajeaz\u0103 \u00een mod real at\u00e2t persoanele neocupate, c\u00e2t \u0219i angajatorii prin diferite forme de stimulare a cre\u0103rii de noi locuri de munc\u0103, aceasta fiind o preocupare prioritar\u0103 \u0219i constant\u0103 a Executivului.<\/p>\n<p>Astfel, prin modific\u0103rile legislative, este inclus\u0103 \u00een r\u00e2ndul beneficiarilor de m\u0103suri active de ocupare categoria tinerilor care nu au loc de munc\u0103 \u0219i nici nu urmeaz\u0103 vreo form\u0103 de \u00eenv\u0103\u021b\u0103m\u00e2nt sau de formare profesional\u0103 (Not in Employment, Education or Training \u2013 NEET). Aceast\u0103 categorie, una dintre cele mai vulnerabile de pe pia\u021ba muncii, nu a fost \u021bintit\u0103 p\u00e2n\u0103 acum prin programele na\u021bionale.<\/p>\n<p>O alt\u0103 categorie nou inclus\u0103 \u00een pachet pentru a beneficia de m\u0103suri active de ocupare este cea a \u0219omerilor de lung\u0103 durat\u0103, de asemenea un grup vulnerabil pu\u021bin sprijinit p\u00e2n\u0103 \u00een prezent.<\/p>\n<p>\u00centre m\u0103surile concrete incluse \u00een noul pachet se g\u0103sesc m\u0103suri active destinate ocup\u0103rii ce \u00eencurajeaz\u0103 mobilitatea lucr\u0103torilor prin acordarea unor prime (de activare, de \u00eencadrare sau de instalare) sau decontarea navetei. Spre exemplu, \u0219omerii care decid s\u0103 \u00ee\u0219i schimbe domiciliul la o distan\u021b\u0103 mai mare de 50 kilometri, pentru a deveni angaja\u021bi, vor beneficia de o prim\u0103 de instalare de 12.500 de lei. Finan\u021barea acestor m\u0103suri active se va face, pentru prima dat\u0103, din fonduri externe nerambursabile \u0219i din fondurile publice na\u021bionale aprobate \u00een bugetul asigur\u0103rilor pentru \u0219omaj.<\/p>\n<p>Totodat\u0103, Ordonan\u021ba de Urgen\u021b\u0103 care completeaz\u0103 \u0219i modific\u0103 Legea nr. 76\/2002 privind sistemul asigur\u0103rilor pentru \u015fomaj \u015fi stimularea ocup\u0103rii for\u0163ei de munc\u0103 majoreaz\u0103 \u0219i cuantumul subven\u021biilor acordate angajatorilor.<\/p>\n<p>Principalele propuneri de modificare \u0219i completare se refer\u0103 la:<\/p>\n<ul>\n<li>Introducerea, \u00een cadrul serviciilor de informare \u0219i consiliere profesional\u0103, a procedurii de profilare a persoanelor \u00een c\u0103utarea unui loc de munc\u0103 \u0219i <strong>\u00eencadrarea lor \u00een diverse categorii<\/strong> (niveluri) de ocupabilitate pe pia\u0163a muncii: u\u0219or ocupabil, mediu ocupabil, greu ocupabil \u0219i foarte greu ocupabil;<\/li>\n<\/ul>\n<p>Potrivit legisla\u021biei actuale, informarea \u015fi consilierea profesional\u0103 se realizeaz\u0103 de centre specializate, organizate \u00een cadrul agen\u0163iilor pentru ocuparea for\u0163ei de munc\u0103, precum \u015fi de alte centre \u015fi furnizori de servicii din sectorul public sau privat, acredita\u0163i, care \u00eencheie cu agen\u0163iile pentru ocuparea for\u0163ei de munc\u0103 contracte, \u00een condi\u0163iile legii. Din analiza datelor statistice prezentate \u00een Raportul privind implementarea <em>Programului<\/em> <em>na\u021bional de ocupare a for\u0163ei de munc\u0103 pe anul 2015, <\/em>se constat\u0103 c\u0103 prin acordarea serviciilor de informare \u015fi consiliere profesional\u0103, \u00een cursul anului trecut, au fost \u00eencadrate \u00een munc\u0103 61.479 de persoane.<\/p>\n<ul>\n<li><strong>acordarea de servicii de \u00eendrumare<\/strong> pe parcursul procesului de integrare socio-profesional\u0103 la noul loc de munc\u0103, persoanelor c\u0103rora le-a fost stabilit <strong>nivelul de ocupabilitate \u201dgreu\u201d \u0219i \u201dfoarte greu\u201d<\/strong> ca urmare a profil\u0103rii, pe o perioad\u0103 de maxim 3 luni, cu acordul angajatorului, realizate de furnizori de servicii din sectorul public sau privat, acredita\u0163i, \u00een condi\u0163iile legii;<\/li>\n<li>acordarea unei <strong>prime de activare \u00een valoare de 500 lei<\/strong> neimpozabil\u0103 \u0219omerilor \u00eenregistra\u021bi care nu beneficiaz\u0103 de indemniza\u021bie de \u0219omaj, \u00een situa\u0163ia \u00een care se angajeaz\u0103 cu norm\u0103 \u00eentreag\u0103, pentru o perioad\u0103 de cel pu\u021bin 3 luni. Prima de activare nu se cumuleaz\u0103 cu prima de \u00eencadrare \u015fi prima de instalare, prev\u0103zute de art.73<sup>1<\/sup>alin.(1), respectiv\u00a0 la art. 75.<\/li>\n<li>schimbarea cuantumului \u0219i modalit\u0103\u021bii de acordare a <strong>primei de \u00eencadrare<\/strong> \u2013 cuantumul primei se calculeaz\u0103 la 0,5 lei\/km dar nu mai mult de 55 lei\/zi, propor\u021bional cu num\u0103rul de zile \u00een care persoanele \u00een cauz\u0103 desf\u0103\u0219oar\u0103 efectiv activitatea la angajatorul la care se realizeaz\u0103 \u00eencadrarea \u00een munc\u0103. Aceast\u0103 prim\u0103 de \u00eencadrare se va acorda lunar, pentru o perioad\u0103 de 12 luni, \u0219omerilor \u00eenregistra\u021bi la agen\u021biile pentru ocuparea for\u021bei de munc\u0103 care se \u00eencadreaz\u0103, potrivit legii, \u00eentr-o localitate situat\u0103 la o distan\u0163\u0103 mai mare de 15 km de localitatea \u00een care \u00ee\u015fi au domiciliul stabil sau re\u0219edin\u021ba;<\/li>\n<li>schimbarea cuantumului \u0219i modalit\u0103\u021bii de acordare a primei de instalare \u2013 aceasta se acord\u0103 persoanelor \u00eenregistrate ca \u0219omeri la agen\u021biile pentru ocuparea for\u021bei de munc\u0103 care se \u00eencadreaz\u0103 \u00een munc\u0103, potrivit legii, \u00eentr-o alt\u0103 localitate situat\u0103 la o distan\u021b\u0103 mai mare de 50 km fa\u021b\u0103 de localitatea \u00een care \u00ee\u015fi au domiciliul sau re\u0219edin\u021ba \u015fi ca urmare a acestui fapt, \u00ee\u015fi schimb\u0103 domiciliul sau \u00ee\u0219i stabilesc re\u0219edin\u021ba \u00een localitatea respectiv\u0103 sau \u00een localit\u0103\u021bile \u00eenvecinate acesteia. <strong>Prima de instalare<\/strong> se acord\u0103 \u00een cuantum diferen\u021biat:<\/li>\n<\/ul>\n<p>a) <strong>12,500 lei<\/strong> pentru persoanele \u00eenregistrate ca \u0219omeri la agen\u021biile pentru ocuparea for\u021bei de munc\u0103 \u0219i care se \u00eencadreaz\u0103 \u00een munc\u0103, potrivit legii, \u00eentr-o alt\u0103 localitate \u015fi, ca urmare a acestui fapt, \u00ee\u015fi schimb\u0103 domiciliul;<\/p>\n<p>b) <strong>15,500 lei<\/strong> pentru persoanele care sunt \u00eenso\u021bite de membrii familiei care \u00ee\u0219i schimb\u0103 domiciliul;<\/p>\n<p>c) \u00een cazul \u00een care ambii so\u021bi \u00eendeplinesc condi\u021biile de acordare a primei de instalare, unul va primi 12.500 lei, iar cel\u0103lalt va primi o prim\u0103 de instalare \u00een cuantum de 3.500 lei;<\/p>\n<p>d) \u00een situa\u021bia \u00een care persoanelor care \u00eendeplinesc condi\u021biile de acordare a primei de instalare li se asigur\u0103 de c\u0103tre angajator sau autorit\u0103\u021bile publice locale sau centrale, locuin\u021b\u0103 de serviciu sau suportarea cheltuielilor aferente din fonduri ale angajatorului sau fonduri publice, acestea beneficiaz\u0103, fiecare, doar de o prim\u0103 de instalare \u00een cuantum de: 3.500 lei pentru situa\u021biile prev\u0103zute la punctele a) \u0219i c); \u00a06.500 lei pentru situa\u021bia prev\u0103zut\u0103 la punctul b).<\/p>\n<ul>\n<li>prima de instalare, in cuantumurile de la punctele a), b) \u0219i c) se acord\u0103 \u00een dou\u0103 tran\u0219e: o tran\u0219\u0103 egal\u0103 cu 50% din cuantumul stabilit, la data instal\u0103rii \u0219i o tran\u0219\u0103 egal\u0103 cu 50% din cuantumul stabilit, dup\u0103 expirarea perioadei de 12 luni de la angajare;<\/li>\n<li>prima de instalare stabilit\u0103 \u00een cuantumul prev\u0103zut la punctul d) se acord\u0103 \u00eentr-o singur\u0103 tran\u0219\u0103.<\/li>\n<li>prima de instalare se acord\u0103 \u0219i persoanelor de cet\u0103\u021benie rom\u00e2n\u0103 care \u0219i-au exercitat dreptul la libera circula\u021biei a lucr\u0103torilor \u00een spa\u021biul UE \u0219i SEE pe o perioad\u0103 de cel pu\u021bin 36 luni, \u00een cuantumurile \u0219i cu respectarea condi\u021biilor prev\u0103zute de lege.<\/li>\n<li>definirea grupului \u021bint\u0103 eligibil pentru primele de mobilitate (prima de \u00eencadrare \u0219i prima de instalare), astfel \u00eenc\u00e2t <strong>de aceste m\u0103suri s\u0103 poat\u0103 beneficia toate persoanele \u0219omere \u00eenregistrate la agen\u021biile pentru ocuparea for\u021bei de munc\u0103 care au domiciliul \/re\u0219edin\u021ba sau \u00ee\u0219i stabilesc noul domiciliu\/re\u0219edin\u021ba \u00een zonele prev\u0103zute \u00een Planul Na\u021bional de Mobilitate<\/strong> care se aprob\u0103 \u0219i se actualizeaz\u0103 prin hot\u0103r\u00e2re de Guvern, la propunerea MMFPSPV;<\/li>\n<\/ul>\n<p>Raportul privind implementarea Programului na\u021bional de ocupare a for\u0163ei de munc\u0103 pe anul 2015 prezint\u0103 date statistice din analiza c\u0103rora rezult\u0103 c\u0103 m\u0103sura privind stimularea mobilit\u0103\u0163ii geografice a for\u0163ei de munc\u0103, aplicat\u0103 potrivit reglement\u0103rilor \u00een vigoare, a contribuit la ocuparea a 1.291 persoane.<\/p>\n<p>Pentru a preveni depopularea zonelor cu grad \u00eenalt de s\u0103r\u0103cie prev\u0103zute \u00een Planul Na\u021bional de Mobilitate, pachetul de mobilitate \u00eencurajeaz\u0103 investitorii din zonele respective s\u0103-\u0219i atrag\u0103 personal calificat \u0219i din alte zone.<\/p>\n<p>Pachetul de mobilitate va include comunit\u0103\u021bile marginalizate cu grad 3 si 4 de s\u0103r\u0103cie si respectiv arealele prioritare pentru dezvoltare asumate prin Memorandumul, adoptat tot ast\u0103zi \u00een Guvern, cu tema: dezvoltarea unor programe integrate din fonduri europene \u0219i bugetul na\u021bional pentru \u00eembun\u0103t\u0103\u021birea situa\u021biei sociale \u0219i economice a locuitorilor din zonele pilot de interven\u021bie Valea Jiului, zona Ro\u0219ia Montan\u0103-Mun\u021bii Apuseni \u0219i comunit\u0103\u021bile marginalizate din Moldova.<\/p>\n<p>Pachetul de m\u0103suri active adoptate ast\u0103zi de Guvern majoreaz\u0103 cuantumul subven\u021biilor acordate angajatorilor, prin plata unei valori nominale. \u00cen plus, aceste subven\u021bii se vor da \u0219i pentru \u00eencadrarea \u00een munc\u0103 a unor categorii noi, respectiv \u0219omerii de lung\u0103 durat\u0103 \u0219i tinerii NEET, astfel:<\/p>\n<ul>\n<li>angajatorii care \u00eencadreaz\u0103 \u00een munc\u0103, pe durat\u0103 nedeterminat\u0103, absolven\u0163i ai unor institu\u0163ii de \u00eenv\u0103\u0163\u0103m\u00e2nt primesc lunar, pe o perioad\u0103 de 12 luni, pentru fiecare absolvent \u00eencadrat o sum\u0103 \u00een cuantum de 900 lei;<\/li>\n<li>angajatorii care \u00eencadreaz\u0103 \u00een munc\u0103 pe durat\u0103 nedeterminat\u0103, absolven\u0163i din r\u00e2ndul persoanelor cu handicap primesc lunar, pentru fiecare absolvent, suma \u00een cuantum de 900 lei pe o perioad\u0103 de 18 luni;<\/li>\n<li>angajatorii care \u00eencadreaz\u0103 \u00een munc\u0103, pe perioad\u0103 nedeterminat\u0103, \u015fomeri \u00een v\u00e2rst\u0103 de peste 45 de ani, \u015fomeri de lung\u0103 durata, tineri NEET sau \u015fomeri care sunt p\u0103rin\u0163i unici sus\u0163in\u0103tori ai familiilor monoparentale primesc lunar, pe o perioad\u0103 de 12 luni, pentru fiecare persoan\u0103 angajat\u0103 din aceste categorii, o sum\u0103 \u00een cuantum de 900 lei, cu obliga\u0163ia men\u0163inerii raporturilor de munc\u0103 sau de serviciu cel pu\u0163in 18 luni;<\/li>\n<li>angajatorii care, \u00een raport cu num\u0103rul de angaja\u0163i, \u015fi-au \u00eendeplinit obliga\u0163ia, potrivit legii, de a \u00eencadra \u00een munc\u0103 persoane cu handicap, precum \u015fi angajatorii care nu au aceast\u0103 obliga\u0163ie legal\u0103, dac\u0103 \u00eencadreaz\u0103 \u00een munc\u0103 pe durat\u0103 nedeterminat\u0103 persoane cu handicap \u015fi le men\u0163in raporturile de munc\u0103 sau de serviciu cel pu\u0163in 18 luni;<\/li>\n<li>angajatorii care \u00eencadreaz\u0103 \u00een munc\u0103, \u015fomeri care, \u00een termen de 5 ani de la data angaj\u0103rii, \u00eendeplinesc, conform legii, condi\u0163iile pentru a solicita pensia anticipat\u0103 par\u0163ial\u0103 sau de acordare a pensiei pentru limit\u0103 de v\u00e2rst\u0103, dac\u0103 nu \u00eendeplinesc condi\u0163iile de a solicita pensia anticipat\u0103 par\u0163ial\u0103, beneficiaz\u0103 lunar, pe perioada angaj\u0103rii, p\u00e2n\u0103 la data \u00eendeplinirii condi\u0163iilor respective, de o sum\u0103 \u00een cuantum de 900 lei;<\/li>\n<li>subven\u021biile se acord\u0103 propor\u0163ional cu timpul efectiv lucrat de persoanele angajate din categoriile prev\u0103zute anterior, precum \u015fi pentru perioadele \u00een care persoanele se afl\u0103 \u00een concediu de odihn\u0103.<\/li>\n<\/ul>\n<p>M\u0103surile cuprinse \u00een acest act normativ se finan\u021beaz\u0103, pe baza principiului aditionali\u021b\u0103tii, conform art.95 din Regulamentul (UE) nr. 1303\/2013 al Parlamentului si Consiliului din 17 decembrie 2013, din fonduri externe nerambursabile \u0219i din fondurile publice na\u021bionale aprobate \u00een bugetul asigur\u0103rilor pentru \u0219omaj.<\/p>\n","protected":false},"excerpt":{"rendered":"<p>Noi m\u0103suri de stimulare a ocup\u0103rii for\u021bei de munc\u0103 au fost adoptate ast\u0103zi de Guvern, acestea viz\u00e2nd persoanele aflate \u00een c\u0103utarea unui loc de munc\u0103, angajatorii, dar \u0219i rom\u00e2nii din diaspora.\u00a0Noul pachet reprezint\u0103 concretizarea demersurilor, asumate la \u00eenceputul mandatului, prin care fonduri europene \u0219i cele de la bugetul de stat sunt \u00eembinate \u0219i direc\u021bionate, \u00een &hellip;<\/p>\n","protected":false},"author":20,"featured_media":27823,"comment_status":"open","ping_status":"open","sticky":false,"template":"","format":"standard","meta":{"inline_featured_image":false,"footnotes":""},"categories":[2034],"tags":[7733,6172,6399,7731,1781,7730,3383,7732,6195,76],"class_list":["post-32433","post","type-post","status-publish","format-standard","has-post-thumbnail","hentry","category-social","tag-agentii","tag-angajat","tag-angajator","tag-forta-de-munca","tag-guvern","tag-instalare","tag-masuri","tag-profesional","tag-someri","tag-urbea-mea"],"yoast_head":"<!-- This site is optimized with the Yoast SEO plugin v27.4 - https:\/\/yoast.com\/product\/yoast-seo-wordpress\/ -->\n<title>Noi m\u0103suri pentru stimularea ocup\u0103rii for\u021bei de munc\u0103. 12.500 de lei prim\u0103 de instalare de la stat pentru \u0219omeri - Revista Urbea Mea - Revista de Alba<\/title>\n<meta name=\"description\" content=\"Noi m\u0103suri de stimulare a ocup\u0103rii for\u021bei de munc\u0103 au fost adoptate ast\u0103zi de Guvern, acestea viz\u00e2nd persoanele aflate \u00een c\u0103utarea unui loc de munc\u0103,\" \/>\n<meta name=\"robots\" content=\"index, follow, max-snippet:-1, max-image-preview:large, max-video-preview:-1\" \/>\n<link rel=\"canonical\" href=\"https:\/\/urbeamea.ro\/albaiulia\/noi-masuri-pentru-stimularea-ocuparii-fortei-de-munca-12-500-de-lei-prima-de-instalare-de-la-stat-pentru-someri\/\" \/>\n<meta name=\"twitter:card\" content=\"summary_large_image\" \/>\n<meta name=\"twitter:title\" content=\"Noi m\u0103suri pentru stimularea ocup\u0103rii for\u021bei de munc\u0103. 12.500 de lei prim\u0103 de instalare de la stat pentru \u0219omeri - Revista Urbea Mea - Revista de Alba\" \/>\n<meta name=\"twitter:description\" content=\"Noi m\u0103suri de stimulare a ocup\u0103rii for\u021bei de munc\u0103 au fost adoptate ast\u0103zi de Guvern, acestea viz\u00e2nd persoanele aflate \u00een c\u0103utarea unui loc de munc\u0103,\" \/>\n<meta name=\"twitter:image\" content=\"https:\/\/urbeamea.ro\/albaiulia\/wp-content\/uploads\/2016\/07\/locuri-de-munca.jpg\" \/>\n<meta name=\"twitter:creator\" content=\"@urbeameaweb\" \/>\n<meta name=\"twitter:site\" content=\"@urbeameaweb\" \/>\n<script type=\"application\/ld+json\" class=\"yoast-schema-graph\">{\"@context\":\"https:\\\/\\\/schema.org\",\"@graph\":[{\"@type\":\"Article\",\"@id\":\"https:\\\/\\\/urbeamea.ro\\\/albaiulia\\\/noi-masuri-pentru-stimularea-ocuparii-fortei-de-munca-12-500-de-lei-prima-de-instalare-de-la-stat-pentru-someri\\\/#article\",\"isPartOf\":{\"@id\":\"https:\\\/\\\/urbeamea.ro\\\/albaiulia\\\/noi-masuri-pentru-stimularea-ocuparii-fortei-de-munca-12-500-de-lei-prima-de-instalare-de-la-stat-pentru-someri\\\/\"},\"author\":{\"name\":\"Adriana Avram\",\"@id\":\"https:\\\/\\\/urbeamea.ro\\\/albaiulia\\\/#\\\/schema\\\/person\\\/cfaa27fc3da4a9a2cf2fee3650afc5d0\"},\"headline\":\"Noi m\u0103suri pentru stimularea ocup\u0103rii for\u021bei de munc\u0103. 12.500 de lei prim\u0103 de instalare de la stat pentru \u0219omeri\",\"datePublished\":\"2016-09-28T14:03:01+00:00\",\"mainEntityOfPage\":{\"@id\":\"https:\\\/\\\/urbeamea.ro\\\/albaiulia\\\/noi-masuri-pentru-stimularea-ocuparii-fortei-de-munca-12-500-de-lei-prima-de-instalare-de-la-stat-pentru-someri\\\/\"},\"wordCount\":1783,\"commentCount\":0,\"image\":{\"@id\":\"https:\\\/\\\/urbeamea.ro\\\/albaiulia\\\/noi-masuri-pentru-stimularea-ocuparii-fortei-de-munca-12-500-de-lei-prima-de-instalare-de-la-stat-pentru-someri\\\/#primaryimage\"},\"thumbnailUrl\":\"https:\\\/\\\/urbeamea.ro\\\/albaiulia\\\/wp-content\\\/uploads\\\/2016\\\/07\\\/locuri-de-munca.jpg\",\"keywords\":[\"agentii\",\"angajat\",\"angajator\",\"forta de munca\",\"guvern\",\"instalare\",\"masuri\",\"profesional\",\"someri\",\"Urbea Mea\"],\"articleSection\":[\"Social\"],\"inLanguage\":\"ro-RO\",\"potentialAction\":[{\"@type\":\"CommentAction\",\"name\":\"Comment\",\"target\":[\"https:\\\/\\\/urbeamea.ro\\\/albaiulia\\\/noi-masuri-pentru-stimularea-ocuparii-fortei-de-munca-12-500-de-lei-prima-de-instalare-de-la-stat-pentru-someri\\\/#respond\"]}]},{\"@type\":\"WebPage\",\"@id\":\"https:\\\/\\\/urbeamea.ro\\\/albaiulia\\\/noi-masuri-pentru-stimularea-ocuparii-fortei-de-munca-12-500-de-lei-prima-de-instalare-de-la-stat-pentru-someri\\\/\",\"url\":\"https:\\\/\\\/urbeamea.ro\\\/albaiulia\\\/noi-masuri-pentru-stimularea-ocuparii-fortei-de-munca-12-500-de-lei-prima-de-instalare-de-la-stat-pentru-someri\\\/\",\"name\":\"Noi m\u0103suri pentru stimularea ocup\u0103rii for\u021bei de munc\u0103. 12.500 de lei prim\u0103 de instalare de la stat pentru \u0219omeri - Revista Urbea Mea - Revista de Alba\",\"isPartOf\":{\"@id\":\"https:\\\/\\\/urbeamea.ro\\\/albaiulia\\\/#website\"},\"primaryImageOfPage\":{\"@id\":\"https:\\\/\\\/urbeamea.ro\\\/albaiulia\\\/noi-masuri-pentru-stimularea-ocuparii-fortei-de-munca-12-500-de-lei-prima-de-instalare-de-la-stat-pentru-someri\\\/#primaryimage\"},\"image\":{\"@id\":\"https:\\\/\\\/urbeamea.ro\\\/albaiulia\\\/noi-masuri-pentru-stimularea-ocuparii-fortei-de-munca-12-500-de-lei-prima-de-instalare-de-la-stat-pentru-someri\\\/#primaryimage\"},\"thumbnailUrl\":\"https:\\\/\\\/urbeamea.ro\\\/albaiulia\\\/wp-content\\\/uploads\\\/2016\\\/07\\\/locuri-de-munca.jpg\",\"datePublished\":\"2016-09-28T14:03:01+00:00\",\"author\":{\"@id\":\"https:\\\/\\\/urbeamea.ro\\\/albaiulia\\\/#\\\/schema\\\/person\\\/cfaa27fc3da4a9a2cf2fee3650afc5d0\"},\"description\":\"Noi m\u0103suri de stimulare a ocup\u0103rii for\u021bei de munc\u0103 au fost adoptate ast\u0103zi de Guvern, acestea viz\u00e2nd persoanele aflate \u00een c\u0103utarea unui loc de munc\u0103,\",\"breadcrumb\":{\"@id\":\"https:\\\/\\\/urbeamea.ro\\\/albaiulia\\\/noi-masuri-pentru-stimularea-ocuparii-fortei-de-munca-12-500-de-lei-prima-de-instalare-de-la-stat-pentru-someri\\\/#breadcrumb\"},\"inLanguage\":\"ro-RO\",\"potentialAction\":[{\"@type\":\"ReadAction\",\"target\":[\"https:\\\/\\\/urbeamea.ro\\\/albaiulia\\\/noi-masuri-pentru-stimularea-ocuparii-fortei-de-munca-12-500-de-lei-prima-de-instalare-de-la-stat-pentru-someri\\\/\"]}]},{\"@type\":\"ImageObject\",\"inLanguage\":\"ro-RO\",\"@id\":\"https:\\\/\\\/urbeamea.ro\\\/albaiulia\\\/noi-masuri-pentru-stimularea-ocuparii-fortei-de-munca-12-500-de-lei-prima-de-instalare-de-la-stat-pentru-someri\\\/#primaryimage\",\"url\":\"https:\\\/\\\/urbeamea.ro\\\/albaiulia\\\/wp-content\\\/uploads\\\/2016\\\/07\\\/locuri-de-munca.jpg\",\"contentUrl\":\"https:\\\/\\\/urbeamea.ro\\\/albaiulia\\\/wp-content\\\/uploads\\\/2016\\\/07\\\/locuri-de-munca.jpg\",\"width\":1280,\"height\":722},{\"@type\":\"BreadcrumbList\",\"@id\":\"https:\\\/\\\/urbeamea.ro\\\/albaiulia\\\/noi-masuri-pentru-stimularea-ocuparii-fortei-de-munca-12-500-de-lei-prima-de-instalare-de-la-stat-pentru-someri\\\/#breadcrumb\",\"itemListElement\":[{\"@type\":\"ListItem\",\"position\":1,\"name\":\"Prima pagin\u0103\",\"item\":\"https:\\\/\\\/urbeamea.ro\\\/albaiulia\\\/\"},{\"@type\":\"ListItem\",\"position\":2,\"name\":\"Noi m\u0103suri pentru stimularea ocup\u0103rii for\u021bei de munc\u0103. 12.500 de lei prim\u0103 de instalare de la stat pentru \u0219omeri\"}]},{\"@type\":\"WebSite\",\"@id\":\"https:\\\/\\\/urbeamea.ro\\\/albaiulia\\\/#website\",\"url\":\"https:\\\/\\\/urbeamea.ro\\\/albaiulia\\\/\",\"name\":\"Revista Urbea Mea, Stiri urbane\",\"description\":\"Evenimente \u0219i \u0219tiri din Alba Iulia, Sebe\u0219, Aiud, Blaj\",\"potentialAction\":[{\"@type\":\"SearchAction\",\"target\":{\"@type\":\"EntryPoint\",\"urlTemplate\":\"https:\\\/\\\/urbeamea.ro\\\/albaiulia\\\/?s={search_term_string}\"},\"query-input\":{\"@type\":\"PropertyValueSpecification\",\"valueRequired\":true,\"valueName\":\"search_term_string\"}}],\"inLanguage\":\"ro-RO\"},{\"@type\":\"Person\",\"@id\":\"https:\\\/\\\/urbeamea.ro\\\/albaiulia\\\/#\\\/schema\\\/person\\\/cfaa27fc3da4a9a2cf2fee3650afc5d0\",\"name\":\"Adriana Avram\",\"image\":{\"@type\":\"ImageObject\",\"inLanguage\":\"ro-RO\",\"@id\":\"https:\\\/\\\/secure.gravatar.com\\\/avatar\\\/3cc61eb1584088e0099c1763903a6421c5ce6cdf45fc2d424046dc621efc21f9?s=96&d=mm&r=g\",\"url\":\"https:\\\/\\\/secure.gravatar.com\\\/avatar\\\/3cc61eb1584088e0099c1763903a6421c5ce6cdf45fc2d424046dc621efc21f9?s=96&d=mm&r=g\",\"contentUrl\":\"https:\\\/\\\/secure.gravatar.com\\\/avatar\\\/3cc61eb1584088e0099c1763903a6421c5ce6cdf45fc2d424046dc621efc21f9?s=96&d=mm&r=g\",\"caption\":\"Adriana Avram\"},\"description\":\"Jurnalist\",\"sameAs\":[\"https:\\\/\\\/www.facebook.com\\\/avram.adriana.7?fref=ts\"],\"url\":\"https:\\\/\\\/urbeamea.ro\\\/albaiulia\\\/author\\\/adriana-avram\\\/\"}]}<\/script>\n<!-- \/ Yoast SEO plugin. -->","yoast_head_json":{"title":"Noi m\u0103suri pentru stimularea ocup\u0103rii for\u021bei de munc\u0103. 12.500 de lei prim\u0103 de instalare de la stat pentru \u0219omeri - Revista Urbea Mea - Revista de Alba","description":"Noi m\u0103suri de stimulare a ocup\u0103rii for\u021bei de munc\u0103 au fost adoptate ast\u0103zi de Guvern, acestea viz\u00e2nd persoanele aflate \u00een c\u0103utarea unui loc de munc\u0103,","robots":{"index":"index","follow":"follow","max-snippet":"max-snippet:-1","max-image-preview":"max-image-preview:large","max-video-preview":"max-video-preview:-1"},"canonical":"https:\/\/urbeamea.ro\/albaiulia\/noi-masuri-pentru-stimularea-ocuparii-fortei-de-munca-12-500-de-lei-prima-de-instalare-de-la-stat-pentru-someri\/","twitter_card":"summary_large_image","twitter_title":"Noi m\u0103suri pentru stimularea ocup\u0103rii for\u021bei de munc\u0103. 12.500 de lei prim\u0103 de instalare de la stat pentru \u0219omeri - Revista Urbea Mea - Revista de Alba","twitter_description":"Noi m\u0103suri de stimulare a ocup\u0103rii for\u021bei de munc\u0103 au fost adoptate ast\u0103zi de Guvern, acestea viz\u00e2nd persoanele aflate \u00een c\u0103utarea unui loc de munc\u0103,","twitter_image":"https:\/\/urbeamea.ro\/albaiulia\/wp-content\/uploads\/2016\/07\/locuri-de-munca.jpg","twitter_creator":"@urbeameaweb","twitter_site":"@urbeameaweb","schema":{"@context":"https:\/\/schema.org","@graph":[{"@type":"Article","@id":"https:\/\/urbeamea.ro\/albaiulia\/noi-masuri-pentru-stimularea-ocuparii-fortei-de-munca-12-500-de-lei-prima-de-instalare-de-la-stat-pentru-someri\/#article","isPartOf":{"@id":"https:\/\/urbeamea.ro\/albaiulia\/noi-masuri-pentru-stimularea-ocuparii-fortei-de-munca-12-500-de-lei-prima-de-instalare-de-la-stat-pentru-someri\/"},"author":{"name":"Adriana Avram","@id":"https:\/\/urbeamea.ro\/albaiulia\/#\/schema\/person\/cfaa27fc3da4a9a2cf2fee3650afc5d0"},"headline":"Noi m\u0103suri pentru stimularea ocup\u0103rii for\u021bei de munc\u0103. 12.500 de lei prim\u0103 de instalare de la stat pentru \u0219omeri","datePublished":"2016-09-28T14:03:01+00:00","mainEntityOfPage":{"@id":"https:\/\/urbeamea.ro\/albaiulia\/noi-masuri-pentru-stimularea-ocuparii-fortei-de-munca-12-500-de-lei-prima-de-instalare-de-la-stat-pentru-someri\/"},"wordCount":1783,"commentCount":0,"image":{"@id":"https:\/\/urbeamea.ro\/albaiulia\/noi-masuri-pentru-stimularea-ocuparii-fortei-de-munca-12-500-de-lei-prima-de-instalare-de-la-stat-pentru-someri\/#primaryimage"},"thumbnailUrl":"https:\/\/urbeamea.ro\/albaiulia\/wp-content\/uploads\/2016\/07\/locuri-de-munca.jpg","keywords":["agentii","angajat","angajator","forta de munca","guvern","instalare","masuri","profesional","someri","Urbea Mea"],"articleSection":["Social"],"inLanguage":"ro-RO","potentialAction":[{"@type":"CommentAction","name":"Comment","target":["https:\/\/urbeamea.ro\/albaiulia\/noi-masuri-pentru-stimularea-ocuparii-fortei-de-munca-12-500-de-lei-prima-de-instalare-de-la-stat-pentru-someri\/#respond"]}]},{"@type":"WebPage","@id":"https:\/\/urbeamea.ro\/albaiulia\/noi-masuri-pentru-stimularea-ocuparii-fortei-de-munca-12-500-de-lei-prima-de-instalare-de-la-stat-pentru-someri\/","url":"https:\/\/urbeamea.ro\/albaiulia\/noi-masuri-pentru-stimularea-ocuparii-fortei-de-munca-12-500-de-lei-prima-de-instalare-de-la-stat-pentru-someri\/","name":"Noi m\u0103suri pentru stimularea ocup\u0103rii for\u021bei de munc\u0103. 12.500 de lei prim\u0103 de instalare de la stat pentru \u0219omeri - Revista Urbea Mea - Revista de Alba","isPartOf":{"@id":"https:\/\/urbeamea.ro\/albaiulia\/#website"},"primaryImageOfPage":{"@id":"https:\/\/urbeamea.ro\/albaiulia\/noi-masuri-pentru-stimularea-ocuparii-fortei-de-munca-12-500-de-lei-prima-de-instalare-de-la-stat-pentru-someri\/#primaryimage"},"image":{"@id":"https:\/\/urbeamea.ro\/albaiulia\/noi-masuri-pentru-stimularea-ocuparii-fortei-de-munca-12-500-de-lei-prima-de-instalare-de-la-stat-pentru-someri\/#primaryimage"},"thumbnailUrl":"https:\/\/urbeamea.ro\/albaiulia\/wp-content\/uploads\/2016\/07\/locuri-de-munca.jpg","datePublished":"2016-09-28T14:03:01+00:00","author":{"@id":"https:\/\/urbeamea.ro\/albaiulia\/#\/schema\/person\/cfaa27fc3da4a9a2cf2fee3650afc5d0"},"description":"Noi m\u0103suri de stimulare a ocup\u0103rii for\u021bei de munc\u0103 au fost adoptate ast\u0103zi de Guvern, acestea viz\u00e2nd persoanele aflate \u00een c\u0103utarea unui loc de munc\u0103,","breadcrumb":{"@id":"https:\/\/urbeamea.ro\/albaiulia\/noi-masuri-pentru-stimularea-ocuparii-fortei-de-munca-12-500-de-lei-prima-de-instalare-de-la-stat-pentru-someri\/#breadcrumb"},"inLanguage":"ro-RO","potentialAction":[{"@type":"ReadAction","target":["https:\/\/urbeamea.ro\/albaiulia\/noi-masuri-pentru-stimularea-ocuparii-fortei-de-munca-12-500-de-lei-prima-de-instalare-de-la-stat-pentru-someri\/"]}]},{"@type":"ImageObject","inLanguage":"ro-RO","@id":"https:\/\/urbeamea.ro\/albaiulia\/noi-masuri-pentru-stimularea-ocuparii-fortei-de-munca-12-500-de-lei-prima-de-instalare-de-la-stat-pentru-someri\/#primaryimage","url":"https:\/\/urbeamea.ro\/albaiulia\/wp-content\/uploads\/2016\/07\/locuri-de-munca.jpg","contentUrl":"https:\/\/urbeamea.ro\/albaiulia\/wp-content\/uploads\/2016\/07\/locuri-de-munca.jpg","width":1280,"height":722},{"@type":"BreadcrumbList","@id":"https:\/\/urbeamea.ro\/albaiulia\/noi-masuri-pentru-stimularea-ocuparii-fortei-de-munca-12-500-de-lei-prima-de-instalare-de-la-stat-pentru-someri\/#breadcrumb","itemListElement":[{"@type":"ListItem","position":1,"name":"Prima pagin\u0103","item":"https:\/\/urbeamea.ro\/albaiulia\/"},{"@type":"ListItem","position":2,"name":"Noi m\u0103suri pentru stimularea ocup\u0103rii for\u021bei de munc\u0103. 12.500 de lei prim\u0103 de instalare de la stat pentru \u0219omeri"}]},{"@type":"WebSite","@id":"https:\/\/urbeamea.ro\/albaiulia\/#website","url":"https:\/\/urbeamea.ro\/albaiulia\/","name":"Revista Urbea Mea, Stiri urbane","description":"Evenimente \u0219i \u0219tiri din Alba Iulia, Sebe\u0219, Aiud, Blaj","potentialAction":[{"@type":"SearchAction","target":{"@type":"EntryPoint","urlTemplate":"https:\/\/urbeamea.ro\/albaiulia\/?s={search_term_string}"},"query-input":{"@type":"PropertyValueSpecification","valueRequired":true,"valueName":"search_term_string"}}],"inLanguage":"ro-RO"},{"@type":"Person","@id":"https:\/\/urbeamea.ro\/albaiulia\/#\/schema\/person\/cfaa27fc3da4a9a2cf2fee3650afc5d0","name":"Adriana Avram","image":{"@type":"ImageObject","inLanguage":"ro-RO","@id":"https:\/\/secure.gravatar.com\/avatar\/3cc61eb1584088e0099c1763903a6421c5ce6cdf45fc2d424046dc621efc21f9?s=96&d=mm&r=g","url":"https:\/\/secure.gravatar.com\/avatar\/3cc61eb1584088e0099c1763903a6421c5ce6cdf45fc2d424046dc621efc21f9?s=96&d=mm&r=g","contentUrl":"https:\/\/secure.gravatar.com\/avatar\/3cc61eb1584088e0099c1763903a6421c5ce6cdf45fc2d424046dc621efc21f9?s=96&d=mm&r=g","caption":"Adriana Avram"},"description":"Jurnalist","sameAs":["https:\/\/www.facebook.com\/avram.adriana.7?fref=ts"],"url":"https:\/\/urbeamea.ro\/albaiulia\/author\/adriana-avram\/"}]}},"_links":{"self":[{"href":"https:\/\/urbeamea.ro\/albaiulia\/wp-json\/wp\/v2\/posts\/32433","targetHints":{"allow":["GET"]}}],"collection":[{"href":"https:\/\/urbeamea.ro\/albaiulia\/wp-json\/wp\/v2\/posts"}],"about":[{"href":"https:\/\/urbeamea.ro\/albaiulia\/wp-json\/wp\/v2\/types\/post"}],"author":[{"embeddable":true,"href":"https:\/\/urbeamea.ro\/albaiulia\/wp-json\/wp\/v2\/users\/20"}],"replies":[{"embeddable":true,"href":"https:\/\/urbeamea.ro\/albaiulia\/wp-json\/wp\/v2\/comments?post=32433"}],"version-history":[{"count":0,"href":"https:\/\/urbeamea.ro\/albaiulia\/wp-json\/wp\/v2\/posts\/32433\/revisions"}],"wp:featuredmedia":[{"embeddable":true,"href":"https:\/\/urbeamea.ro\/albaiulia\/wp-json\/wp\/v2\/media\/27823"}],"wp:attachment":[{"href":"https:\/\/urbeamea.ro\/albaiulia\/wp-json\/wp\/v2\/media?parent=32433"}],"wp:term":[{"taxonomy":"category","embeddable":true,"href":"https:\/\/urbeamea.ro\/albaiulia\/wp-json\/wp\/v2\/categories?post=32433"},{"taxonomy":"post_tag","embeddable":true,"href":"https:\/\/urbeamea.ro\/albaiulia\/wp-json\/wp\/v2\/tags?post=32433"}],"curies":[{"name":"wp","href":"https:\/\/api.w.org\/{rel}","templated":true}]}}