{"id":32739,"date":"2016-10-03T15:44:29","date_gmt":"2016-10-03T12:44:29","guid":{"rendered":"http:\/\/urbeamea.ro\/albaiulia\/?p=32739"},"modified":"2016-10-03T15:44:29","modified_gmt":"2016-10-03T12:44:29","slug":"urmarit-international-prins-de-oamenii-legii-la-alba-iulia","status":"publish","type":"post","link":"https:\/\/urbeamea.ro\/albaiulia\/urmarit-international-prins-de-oamenii-legii-la-alba-iulia\/","title":{"rendered":"Urm\u0103rit interna\u021bional, prins de oamenii legii, la Alba Iulia"},"content":{"rendered":"<p><strong><img loading=\"lazy\" decoding=\"async\" class=\"alignleft size-medium wp-image-29081\" src=\"http:\/\/urbeamea.ro\/albaiulia\/wp-content\/uploads\/2016\/07\/arestat-300x258.jpg\" alt=\"arestat\" width=\"300\" height=\"258\" \/>La data de 30.9.2016, poli\u0163i\u015ftii Compartimentului Urm\u0103riri din cadrul Serviciului de Investiga\u0163ii Criminale al IPJ Alba l-au depistat \u015fi re\u0163inut, pe raza municipiului Alba Iulia, pe V.A.C., de 30 de ani, din Alba Iulia, posesor al unui mandat de executare a pedepsei \u00eenchisorii.<\/strong><\/p>\n<p>Mandatul a fost emis de Judec\u0103toria Alba Iulia \u00een 04.04.2016, b\u0103rbatul fiind condamnat la executarea unei pedepse privative de libertate de un an \u0219i o lun\u0103 \u00eenchisoare, pentru comiterea infrac\u0163iunii de tentativ\u0103 la furt calificat \u0219i distrugere.<\/p>\n<p>B\u0103rbatul se sustr\u0103gea execut\u0103rii pedepsei \u00eenchisorii, fiind urm\u0103rit la nivel na\u0163ional \u015fi interna\u0163ional.<\/p>\n<p>Acesta a fost depus \u00een Penitenciarul Aiud, pentru executarea pedepsei.<\/p>\n","protected":false},"excerpt":{"rendered":"<p>La data de 30.9.2016, poli\u0163i\u015ftii Compartimentului Urm\u0103riri din cadrul Serviciului de Investiga\u0163ii Criminale al IPJ Alba l-au depistat \u015fi re\u0163inut, pe raza municipiului Alba Iulia, pe V.A.C., de 30 de ani, din Alba Iulia, posesor al unui mandat de executare a pedepsei \u00eenchisorii. Mandatul a fost emis de Judec\u0103toria Alba Iulia \u00een 04.04.2016, b\u0103rbatul fiind &hellip;<\/p>\n","protected":false},"author":20,"featured_media":29081,"comment_status":"open","ping_status":"open","sticky":false,"template":"","format":"standard","meta":{"inline_featured_image":false,"footnotes":""},"categories":[2034],"tags":[307,31,2666,278,4271,2683,3095,458,76,6511],"class_list":["post-32739","post","type-post","status-publish","format-standard","has-post-thumbnail","hentry","category-social","tag-alba","tag-alba-iulia","tag-arestat","tag-international","tag-investigatii","tag-pedeapsa","tag-penitenciar","tag-politisti","tag-urbea-mea","tag-urmarit"],"yoast_head":"<!-- This site is optimized with the Yoast SEO plugin v28.3 - https:\/\/yoast.com\/product\/yoast-seo-wordpress\/ -->\n<title>Urm\u0103rit interna\u021bional, prins de oamenii legii, la Alba Iulia - Revista Urbea Mea - Revista de Alba<\/title>\n<meta name=\"description\" content=\"La data de 30.9.2016, poli\u0163i\u015ftii Compartimentului Urm\u0103riri din cadrul Serviciului de Investiga\u0163ii Criminale al IPJ Alba l-au depistat \u015fi re\u0163inut, pe raza\" \/>\n<meta name=\"robots\" content=\"index, follow, max-snippet:-1, max-image-preview:large, max-video-preview:-1\" \/>\n<link rel=\"canonical\" href=\"https:\/\/urbeamea.ro\/albaiulia\/urmarit-international-prins-de-oamenii-legii-la-alba-iulia\/\" \/>\n<meta name=\"twitter:card\" content=\"summary_large_image\" \/>\n<meta name=\"twitter:title\" content=\"Urm\u0103rit interna\u021bional, prins de oamenii legii, la Alba Iulia - Revista Urbea Mea - Revista de Alba\" \/>\n<meta name=\"twitter:description\" content=\"La data de 30.9.2016, poli\u0163i\u015ftii Compartimentului Urm\u0103riri din cadrul Serviciului de Investiga\u0163ii Criminale al IPJ Alba l-au depistat \u015fi re\u0163inut, pe raza\" \/>\n<meta name=\"twitter:image\" content=\"https:\/\/urbeamea.ro\/albaiulia\/wp-content\/uploads\/2016\/07\/arestat.jpg\" \/>\n<meta name=\"twitter:creator\" content=\"@urbeameaweb\" \/>\n<meta name=\"twitter:site\" content=\"@urbeameaweb\" \/>\n<script type=\"application\/ld+json\" class=\"yoast-schema-graph\">{\"@context\":\"https:\\\/\\\/schema.org\",\"@graph\":[{\"@type\":\"Article\",\"@id\":\"https:\\\/\\\/urbeamea.ro\\\/albaiulia\\\/urmarit-international-prins-de-oamenii-legii-la-alba-iulia\\\/#article\",\"isPartOf\":{\"@id\":\"https:\\\/\\\/urbeamea.ro\\\/albaiulia\\\/urmarit-international-prins-de-oamenii-legii-la-alba-iulia\\\/\"},\"author\":{\"name\":\"Adriana Avram\",\"@id\":\"https:\\\/\\\/urbeamea.ro\\\/albaiulia\\\/#\\\/schema\\\/person\\\/cfaa27fc3da4a9a2cf2fee3650afc5d0\"},\"headline\":\"Urm\u0103rit interna\u021bional, prins de oamenii legii, la Alba Iulia\",\"datePublished\":\"2016-10-03T12:44:29+00:00\",\"mainEntityOfPage\":{\"@id\":\"https:\\\/\\\/urbeamea.ro\\\/albaiulia\\\/urmarit-international-prins-de-oamenii-legii-la-alba-iulia\\\/\"},\"wordCount\":127,\"commentCount\":0,\"image\":{\"@id\":\"https:\\\/\\\/urbeamea.ro\\\/albaiulia\\\/urmarit-international-prins-de-oamenii-legii-la-alba-iulia\\\/#primaryimage\"},\"thumbnailUrl\":\"https:\\\/\\\/urbeamea.ro\\\/albaiulia\\\/wp-content\\\/uploads\\\/2016\\\/07\\\/arestat.jpg\",\"keywords\":[\"alba\",\"Alba Iulia\",\"arestat\",\"international\",\"investigatii\",\"pedeapsa\",\"penitenciar\",\"politisti\",\"Urbea Mea\",\"urmarit\"],\"articleSection\":[\"Social\"],\"inLanguage\":\"ro-RO\",\"potentialAction\":[{\"@type\":\"CommentAction\",\"name\":\"Comment\",\"target\":[\"https:\\\/\\\/urbeamea.ro\\\/albaiulia\\\/urmarit-international-prins-de-oamenii-legii-la-alba-iulia\\\/#respond\"]}]},{\"@type\":\"WebPage\",\"@id\":\"https:\\\/\\\/urbeamea.ro\\\/albaiulia\\\/urmarit-international-prins-de-oamenii-legii-la-alba-iulia\\\/\",\"url\":\"https:\\\/\\\/urbeamea.ro\\\/albaiulia\\\/urmarit-international-prins-de-oamenii-legii-la-alba-iulia\\\/\",\"name\":\"Urm\u0103rit interna\u021bional, prins de oamenii legii, la Alba Iulia - Revista Urbea Mea - Revista de Alba\",\"isPartOf\":{\"@id\":\"https:\\\/\\\/urbeamea.ro\\\/albaiulia\\\/#website\"},\"primaryImageOfPage\":{\"@id\":\"https:\\\/\\\/urbeamea.ro\\\/albaiulia\\\/urmarit-international-prins-de-oamenii-legii-la-alba-iulia\\\/#primaryimage\"},\"image\":{\"@id\":\"https:\\\/\\\/urbeamea.ro\\\/albaiulia\\\/urmarit-international-prins-de-oamenii-legii-la-alba-iulia\\\/#primaryimage\"},\"thumbnailUrl\":\"https:\\\/\\\/urbeamea.ro\\\/albaiulia\\\/wp-content\\\/uploads\\\/2016\\\/07\\\/arestat.jpg\",\"datePublished\":\"2016-10-03T12:44:29+00:00\",\"author\":{\"@id\":\"https:\\\/\\\/urbeamea.ro\\\/albaiulia\\\/#\\\/schema\\\/person\\\/cfaa27fc3da4a9a2cf2fee3650afc5d0\"},\"description\":\"La data de 30.9.2016, poli\u0163i\u015ftii Compartimentului Urm\u0103riri din cadrul Serviciului de Investiga\u0163ii Criminale al IPJ Alba l-au depistat \u015fi re\u0163inut, pe raza\",\"breadcrumb\":{\"@id\":\"https:\\\/\\\/urbeamea.ro\\\/albaiulia\\\/urmarit-international-prins-de-oamenii-legii-la-alba-iulia\\\/#breadcrumb\"},\"inLanguage\":\"ro-RO\",\"potentialAction\":[{\"@type\":\"ReadAction\",\"target\":[\"https:\\\/\\\/urbeamea.ro\\\/albaiulia\\\/urmarit-international-prins-de-oamenii-legii-la-alba-iulia\\\/\"]}]},{\"@type\":\"ImageObject\",\"inLanguage\":\"ro-RO\",\"@id\":\"https:\\\/\\\/urbeamea.ro\\\/albaiulia\\\/urmarit-international-prins-de-oamenii-legii-la-alba-iulia\\\/#primaryimage\",\"url\":\"https:\\\/\\\/urbeamea.ro\\\/albaiulia\\\/wp-content\\\/uploads\\\/2016\\\/07\\\/arestat.jpg\",\"contentUrl\":\"https:\\\/\\\/urbeamea.ro\\\/albaiulia\\\/wp-content\\\/uploads\\\/2016\\\/07\\\/arestat.jpg\",\"width\":640,\"height\":550},{\"@type\":\"BreadcrumbList\",\"@id\":\"https:\\\/\\\/urbeamea.ro\\\/albaiulia\\\/urmarit-international-prins-de-oamenii-legii-la-alba-iulia\\\/#breadcrumb\",\"itemListElement\":[{\"@type\":\"ListItem\",\"position\":1,\"name\":\"Prima pagin\u0103\",\"item\":\"https:\\\/\\\/urbeamea.ro\\\/albaiulia\\\/\"},{\"@type\":\"ListItem\",\"position\":2,\"name\":\"Urm\u0103rit interna\u021bional, prins de oamenii legii, la Alba Iulia\"}]},{\"@type\":\"WebSite\",\"@id\":\"https:\\\/\\\/urbeamea.ro\\\/albaiulia\\\/#website\",\"url\":\"https:\\\/\\\/urbeamea.ro\\\/albaiulia\\\/\",\"name\":\"Revista Urbea Mea, Stiri urbane\",\"description\":\"Evenimente \u0219i \u0219tiri din Alba Iulia, Sebe\u0219, Aiud, Blaj\",\"potentialAction\":[{\"@type\":\"SearchAction\",\"target\":{\"@type\":\"EntryPoint\",\"urlTemplate\":\"https:\\\/\\\/urbeamea.ro\\\/albaiulia\\\/?s={search_term_string}\"},\"query-input\":{\"@type\":\"PropertyValueSpecification\",\"valueRequired\":true,\"valueName\":\"search_term_string\"}}],\"inLanguage\":\"ro-RO\"},{\"@type\":\"Person\",\"@id\":\"https:\\\/\\\/urbeamea.ro\\\/albaiulia\\\/#\\\/schema\\\/person\\\/cfaa27fc3da4a9a2cf2fee3650afc5d0\",\"name\":\"Adriana Avram\",\"image\":{\"@type\":\"ImageObject\",\"inLanguage\":\"ro-RO\",\"@id\":\"https:\\\/\\\/secure.gravatar.com\\\/avatar\\\/3cc61eb1584088e0099c1763903a6421c5ce6cdf45fc2d424046dc621efc21f9?s=96&d=mm&r=g\",\"url\":\"https:\\\/\\\/secure.gravatar.com\\\/avatar\\\/3cc61eb1584088e0099c1763903a6421c5ce6cdf45fc2d424046dc621efc21f9?s=96&d=mm&r=g\",\"contentUrl\":\"https:\\\/\\\/secure.gravatar.com\\\/avatar\\\/3cc61eb1584088e0099c1763903a6421c5ce6cdf45fc2d424046dc621efc21f9?s=96&d=mm&r=g\",\"caption\":\"Adriana Avram\"},\"description\":\"Jurnalist\",\"sameAs\":[\"https:\\\/\\\/www.facebook.com\\\/avram.adriana.7?fref=ts\"],\"url\":\"https:\\\/\\\/urbeamea.ro\\\/albaiulia\\\/author\\\/adriana-avram\\\/\"}]}<\/script>\n<!-- \/ Yoast SEO plugin. -->","yoast_head_json":{"title":"Urm\u0103rit interna\u021bional, prins de oamenii legii, la Alba Iulia - Revista Urbea Mea - Revista de Alba","description":"La data de 30.9.2016, poli\u0163i\u015ftii Compartimentului Urm\u0103riri din cadrul Serviciului de Investiga\u0163ii Criminale al IPJ Alba l-au depistat \u015fi re\u0163inut, pe raza","robots":{"index":"index","follow":"follow","max-snippet":"max-snippet:-1","max-image-preview":"max-image-preview:large","max-video-preview":"max-video-preview:-1"},"canonical":"https:\/\/urbeamea.ro\/albaiulia\/urmarit-international-prins-de-oamenii-legii-la-alba-iulia\/","twitter_card":"summary_large_image","twitter_title":"Urm\u0103rit interna\u021bional, prins de oamenii legii, la Alba Iulia - Revista Urbea Mea - Revista de Alba","twitter_description":"La data de 30.9.2016, poli\u0163i\u015ftii Compartimentului Urm\u0103riri din cadrul Serviciului de Investiga\u0163ii Criminale al IPJ Alba l-au depistat \u015fi re\u0163inut, pe raza","twitter_image":"https:\/\/urbeamea.ro\/albaiulia\/wp-content\/uploads\/2016\/07\/arestat.jpg","twitter_creator":"@urbeameaweb","twitter_site":"@urbeameaweb","schema":{"@context":"https:\/\/schema.org","@graph":[{"@type":"Article","@id":"https:\/\/urbeamea.ro\/albaiulia\/urmarit-international-prins-de-oamenii-legii-la-alba-iulia\/#article","isPartOf":{"@id":"https:\/\/urbeamea.ro\/albaiulia\/urmarit-international-prins-de-oamenii-legii-la-alba-iulia\/"},"author":{"name":"Adriana Avram","@id":"https:\/\/urbeamea.ro\/albaiulia\/#\/schema\/person\/cfaa27fc3da4a9a2cf2fee3650afc5d0"},"headline":"Urm\u0103rit interna\u021bional, prins de oamenii legii, la Alba Iulia","datePublished":"2016-10-03T12:44:29+00:00","mainEntityOfPage":{"@id":"https:\/\/urbeamea.ro\/albaiulia\/urmarit-international-prins-de-oamenii-legii-la-alba-iulia\/"},"wordCount":127,"commentCount":0,"image":{"@id":"https:\/\/urbeamea.ro\/albaiulia\/urmarit-international-prins-de-oamenii-legii-la-alba-iulia\/#primaryimage"},"thumbnailUrl":"https:\/\/urbeamea.ro\/albaiulia\/wp-content\/uploads\/2016\/07\/arestat.jpg","keywords":["alba","Alba Iulia","arestat","international","investigatii","pedeapsa","penitenciar","politisti","Urbea Mea","urmarit"],"articleSection":["Social"],"inLanguage":"ro-RO","potentialAction":[{"@type":"CommentAction","name":"Comment","target":["https:\/\/urbeamea.ro\/albaiulia\/urmarit-international-prins-de-oamenii-legii-la-alba-iulia\/#respond"]}]},{"@type":"WebPage","@id":"https:\/\/urbeamea.ro\/albaiulia\/urmarit-international-prins-de-oamenii-legii-la-alba-iulia\/","url":"https:\/\/urbeamea.ro\/albaiulia\/urmarit-international-prins-de-oamenii-legii-la-alba-iulia\/","name":"Urm\u0103rit interna\u021bional, prins de oamenii legii, la Alba Iulia - Revista Urbea Mea - Revista de Alba","isPartOf":{"@id":"https:\/\/urbeamea.ro\/albaiulia\/#website"},"primaryImageOfPage":{"@id":"https:\/\/urbeamea.ro\/albaiulia\/urmarit-international-prins-de-oamenii-legii-la-alba-iulia\/#primaryimage"},"image":{"@id":"https:\/\/urbeamea.ro\/albaiulia\/urmarit-international-prins-de-oamenii-legii-la-alba-iulia\/#primaryimage"},"thumbnailUrl":"https:\/\/urbeamea.ro\/albaiulia\/wp-content\/uploads\/2016\/07\/arestat.jpg","datePublished":"2016-10-03T12:44:29+00:00","author":{"@id":"https:\/\/urbeamea.ro\/albaiulia\/#\/schema\/person\/cfaa27fc3da4a9a2cf2fee3650afc5d0"},"description":"La data de 30.9.2016, poli\u0163i\u015ftii Compartimentului Urm\u0103riri din cadrul Serviciului de Investiga\u0163ii Criminale al IPJ Alba l-au depistat \u015fi re\u0163inut, pe raza","breadcrumb":{"@id":"https:\/\/urbeamea.ro\/albaiulia\/urmarit-international-prins-de-oamenii-legii-la-alba-iulia\/#breadcrumb"},"inLanguage":"ro-RO","potentialAction":[{"@type":"ReadAction","target":["https:\/\/urbeamea.ro\/albaiulia\/urmarit-international-prins-de-oamenii-legii-la-alba-iulia\/"]}]},{"@type":"ImageObject","inLanguage":"ro-RO","@id":"https:\/\/urbeamea.ro\/albaiulia\/urmarit-international-prins-de-oamenii-legii-la-alba-iulia\/#primaryimage","url":"https:\/\/urbeamea.ro\/albaiulia\/wp-content\/uploads\/2016\/07\/arestat.jpg","contentUrl":"https:\/\/urbeamea.ro\/albaiulia\/wp-content\/uploads\/2016\/07\/arestat.jpg","width":640,"height":550},{"@type":"BreadcrumbList","@id":"https:\/\/urbeamea.ro\/albaiulia\/urmarit-international-prins-de-oamenii-legii-la-alba-iulia\/#breadcrumb","itemListElement":[{"@type":"ListItem","position":1,"name":"Prima pagin\u0103","item":"https:\/\/urbeamea.ro\/albaiulia\/"},{"@type":"ListItem","position":2,"name":"Urm\u0103rit interna\u021bional, prins de oamenii legii, la Alba Iulia"}]},{"@type":"WebSite","@id":"https:\/\/urbeamea.ro\/albaiulia\/#website","url":"https:\/\/urbeamea.ro\/albaiulia\/","name":"Revista Urbea Mea, Stiri urbane","description":"Evenimente \u0219i \u0219tiri din Alba Iulia, Sebe\u0219, Aiud, Blaj","potentialAction":[{"@type":"SearchAction","target":{"@type":"EntryPoint","urlTemplate":"https:\/\/urbeamea.ro\/albaiulia\/?s={search_term_string}"},"query-input":{"@type":"PropertyValueSpecification","valueRequired":true,"valueName":"search_term_string"}}],"inLanguage":"ro-RO"},{"@type":"Person","@id":"https:\/\/urbeamea.ro\/albaiulia\/#\/schema\/person\/cfaa27fc3da4a9a2cf2fee3650afc5d0","name":"Adriana Avram","image":{"@type":"ImageObject","inLanguage":"ro-RO","@id":"https:\/\/secure.gravatar.com\/avatar\/3cc61eb1584088e0099c1763903a6421c5ce6cdf45fc2d424046dc621efc21f9?s=96&d=mm&r=g","url":"https:\/\/secure.gravatar.com\/avatar\/3cc61eb1584088e0099c1763903a6421c5ce6cdf45fc2d424046dc621efc21f9?s=96&d=mm&r=g","contentUrl":"https:\/\/secure.gravatar.com\/avatar\/3cc61eb1584088e0099c1763903a6421c5ce6cdf45fc2d424046dc621efc21f9?s=96&d=mm&r=g","caption":"Adriana Avram"},"description":"Jurnalist","sameAs":["https:\/\/www.facebook.com\/avram.adriana.7?fref=ts"],"url":"https:\/\/urbeamea.ro\/albaiulia\/author\/adriana-avram\/"}]}},"_links":{"self":[{"href":"https:\/\/urbeamea.ro\/albaiulia\/wp-json\/wp\/v2\/posts\/32739","targetHints":{"allow":["GET"]}}],"collection":[{"href":"https:\/\/urbeamea.ro\/albaiulia\/wp-json\/wp\/v2\/posts"}],"about":[{"href":"https:\/\/urbeamea.ro\/albaiulia\/wp-json\/wp\/v2\/types\/post"}],"author":[{"embeddable":true,"href":"https:\/\/urbeamea.ro\/albaiulia\/wp-json\/wp\/v2\/users\/20"}],"replies":[{"embeddable":true,"href":"https:\/\/urbeamea.ro\/albaiulia\/wp-json\/wp\/v2\/comments?post=32739"}],"version-history":[{"count":0,"href":"https:\/\/urbeamea.ro\/albaiulia\/wp-json\/wp\/v2\/posts\/32739\/revisions"}],"wp:featuredmedia":[{"embeddable":true,"href":"https:\/\/urbeamea.ro\/albaiulia\/wp-json\/wp\/v2\/media\/29081"}],"wp:attachment":[{"href":"https:\/\/urbeamea.ro\/albaiulia\/wp-json\/wp\/v2\/media?parent=32739"}],"wp:term":[{"taxonomy":"category","embeddable":true,"href":"https:\/\/urbeamea.ro\/albaiulia\/wp-json\/wp\/v2\/categories?post=32739"},{"taxonomy":"post_tag","embeddable":true,"href":"https:\/\/urbeamea.ro\/albaiulia\/wp-json\/wp\/v2\/tags?post=32739"}],"curies":[{"name":"wp","href":"https:\/\/api.w.org\/{rel}","templated":true}]}}