{"id":32774,"date":"2016-10-04T13:55:32","date_gmt":"2016-10-04T10:55:32","guid":{"rendered":"http:\/\/urbeamea.ro\/albaiulia\/?p=32774"},"modified":"2016-10-04T13:55:32","modified_gmt":"2016-10-04T10:55:32","slug":"acident-la-abrud-minor-de-15-ani-acrosat-de-un-autoturism","status":"publish","type":"post","link":"https:\/\/urbeamea.ro\/albaiulia\/acident-la-abrud-minor-de-15-ani-acrosat-de-un-autoturism\/","title":{"rendered":"Acident la Abrud: Minor de 15 ani, acro\u015fat de un autoturism"},"content":{"rendered":"<p><strong><img loading=\"lazy\" decoding=\"async\" class=\"size-medium wp-image-18034 alignleft\" src=\"http:\/\/urbeamea.ro\/albaiulia\/wp-content\/uploads\/2016\/02\/politie-300x188.jpg\" alt=\"politie\" width=\"300\" height=\"188\" srcset=\"https:\/\/urbeamea.ro\/albaiulia\/wp-content\/uploads\/2016\/02\/politie-300x188.jpg 300w, https:\/\/urbeamea.ro\/albaiulia\/wp-content\/uploads\/2016\/02\/politie-150x94.jpg 150w, https:\/\/urbeamea.ro\/albaiulia\/wp-content\/uploads\/2016\/02\/politie-350x220.jpg 350w, https:\/\/urbeamea.ro\/albaiulia\/wp-content\/uploads\/2016\/02\/politie.jpg 480w\" sizes=\"auto, (max-width: 300px) 100vw, 300px\" \/>Un minor de 15 ani a fost r\u0103nit, luni seara, \u00een urma unui accident petrecut la Abrud. O femeie \u00een v\u00e2rst\u0103 de 38 de ani nu l-a observat \u00een timp ce circula pe partea carosabil\u0103 \u0219i l-a lovit. Adolescentul a ajuns la spitalul din Alba Iulia cu mai multe leziuni.<\/strong><\/p>\n<p>Accidentul a fost anun\u0163at la poli\u0163ie \u00een jurul orei 21.06. Din primele cercet\u0103ri efectuate de poli\u0163i\u015ftii deplasa\u0163i la fa\u0163a locului a rezultat c\u0103 \u015e.A.I. (38 de ani) din Abrud, \u00een timp ce conducea un autoturism, pe strada Republicii, l-a surprins pe un minor de 15 ani, care circula, \u00een aceea\u015fi direc\u0163ie, pe partea carosabil\u0103.<\/p>\n<p>\u00cen urma accidentului, minorul a suferit mai multe leziuni \u015fi a fost transportat la spitalul din Alba Iulia, pentru \u00eengrijiri medicale.<\/p>\n<p>Conduc\u0103toarea auto a fost testat\u0103 cu aparatul etilotest, care a eviden\u0163iat faptul c\u0103 nu era sub influen\u0163a alcoolului.<\/p>\n<p><em>Pentru a nu fi implica\u0163i \u00een accidente rutiere, Inspectoratul de Poli\u0163ie Jude\u0163ean Alba recomand\u0103 pietonilor:<\/em><\/p>\n<ul>\n<li>Evita\u021bi s\u0103 circula\u021bi pe partea carosabil\u0103 sau pe pistele pentru bicicli\u0219ti! Folosi\u021bi trotuarele, acostamentele, iar, acolo unde acestea lipsesc, merge\u021bi c\u00e2t mai aproape de marginea drumului, astfel \u00eenc\u00e2t s\u0103 ave\u021bi traficul \u00een fa\u021b\u0103!<\/li>\n<li>Respecta\u021bi \u00eentocmai semnifica\u021bia semnaliz\u0103rii rutiere (indicatoare sau semafor) \u0219i nu circula\u021bi pe drumurile publice daca a\u021bi consumat alcool \u2013 posibilitatea de a fi accidentat cre\u0219te semnificativ.<\/li>\n<li>Fi\u021bi pruden\u021bi pe vreme rea sau \u00eentuneric! Pentru a fi vizibili, purta\u021bi haine de culori deschise \u0219i elemente reflectorizante!<\/li>\n<li>Traversa\u021bi numai pe la trecerile semnalizate sau pe la col\u021b de strada! Nu traversa\u021bi prin fa\u021ba sau spatele autovehiculelor oprite!<\/li>\n<li>La orice traversare, opri\u021bi-v\u0103 \u00een afara par\u021bii carosabile, asigura\u021bi-v\u0103 din st\u00e2nga, din dreapta \u0219i apoi din st\u00e2nga din nou!<\/li>\n<\/ul>\n","protected":false},"excerpt":{"rendered":"<p>Un minor de 15 ani a fost r\u0103nit, luni seara, \u00een urma unui accident petrecut la Abrud. O femeie \u00een v\u00e2rst\u0103 de 38 de ani nu l-a observat \u00een timp ce circula pe partea carosabil\u0103 \u0219i l-a lovit. Adolescentul a ajuns la spitalul din Alba Iulia cu mai multe leziuni. Accidentul a fost anun\u0163at la &hellip;<\/p>\n","protected":false},"author":17,"featured_media":18034,"comment_status":"open","ping_status":"open","sticky":false,"template":"","format":"standard","meta":{"inline_featured_image":false,"footnotes":""},"categories":[2034],"tags":[2660,307,2926,457,2925,5614,1473,3088,2198,308,76],"class_list":["post-32774","post","type-post","status-publish","format-standard","has-post-thumbnail","hentry","category-social","tag-abrud","tag-alba","tag-femeie","tag-ipj-alba","tag-leziuni","tag-lovit","tag-masina","tag-minor","tag-spital","tag-stiri","tag-urbea-mea"],"yoast_head":"<!-- This site is optimized with the Yoast SEO plugin v28.3 - https:\/\/yoast.com\/product\/yoast-seo-wordpress\/ -->\n<title>Acident la Abrud: Minor de 15 ani, acro\u015fat de un autoturism - Revista Urbea Mea - Revista de Alba<\/title>\n<meta name=\"description\" content=\"Un minor de 15 ani a fost r\u0103nit, luni seara, \u00een urma unui accident petrecut la Abrud. O femeie \u00een v\u00e2rst\u0103 de 38 de ani nu l-a observat \u00een timp ce circula\" \/>\n<meta name=\"robots\" content=\"index, follow, max-snippet:-1, max-image-preview:large, max-video-preview:-1\" \/>\n<link rel=\"canonical\" href=\"https:\/\/urbeamea.ro\/albaiulia\/acident-la-abrud-minor-de-15-ani-acrosat-de-un-autoturism\/\" \/>\n<meta name=\"twitter:card\" content=\"summary_large_image\" \/>\n<meta name=\"twitter:title\" content=\"Acident la Abrud: Minor de 15 ani, acro\u015fat de un autoturism - Revista Urbea Mea - Revista de Alba\" \/>\n<meta name=\"twitter:description\" content=\"Un minor de 15 ani a fost r\u0103nit, luni seara, \u00een urma unui accident petrecut la Abrud. O femeie \u00een v\u00e2rst\u0103 de 38 de ani nu l-a observat \u00een timp ce circula\" \/>\n<meta name=\"twitter:image\" content=\"https:\/\/urbeamea.ro\/albaiulia\/wp-content\/uploads\/2016\/02\/politie.jpg\" \/>\n<meta name=\"twitter:creator\" content=\"@urbeameaweb\" \/>\n<meta name=\"twitter:site\" content=\"@urbeameaweb\" \/>\n<script type=\"application\/ld+json\" class=\"yoast-schema-graph\">{\"@context\":\"https:\\\/\\\/schema.org\",\"@graph\":[{\"@type\":\"Article\",\"@id\":\"https:\\\/\\\/urbeamea.ro\\\/albaiulia\\\/acident-la-abrud-minor-de-15-ani-acrosat-de-un-autoturism\\\/#article\",\"isPartOf\":{\"@id\":\"https:\\\/\\\/urbeamea.ro\\\/albaiulia\\\/acident-la-abrud-minor-de-15-ani-acrosat-de-un-autoturism\\\/\"},\"author\":{\"name\":\"Cristina Ganga\",\"@id\":\"https:\\\/\\\/urbeamea.ro\\\/albaiulia\\\/#\\\/schema\\\/person\\\/9700d21fae21c4f038b0b56f4506264a\"},\"headline\":\"Acident la Abrud: Minor de 15 ani, acro\u015fat de un autoturism\",\"datePublished\":\"2016-10-04T10:55:32+00:00\",\"mainEntityOfPage\":{\"@id\":\"https:\\\/\\\/urbeamea.ro\\\/albaiulia\\\/acident-la-abrud-minor-de-15-ani-acrosat-de-un-autoturism\\\/\"},\"wordCount\":323,\"commentCount\":0,\"image\":{\"@id\":\"https:\\\/\\\/urbeamea.ro\\\/albaiulia\\\/acident-la-abrud-minor-de-15-ani-acrosat-de-un-autoturism\\\/#primaryimage\"},\"thumbnailUrl\":\"https:\\\/\\\/urbeamea.ro\\\/albaiulia\\\/wp-content\\\/uploads\\\/2016\\\/02\\\/politie.jpg\",\"keywords\":[\"abrud\",\"alba\",\"femeie\",\"IPJ Alba\",\"leziuni\",\"lovit\",\"masina\",\"minor\",\"spital\",\"stiri\",\"Urbea Mea\"],\"articleSection\":[\"Social\"],\"inLanguage\":\"ro-RO\",\"potentialAction\":[{\"@type\":\"CommentAction\",\"name\":\"Comment\",\"target\":[\"https:\\\/\\\/urbeamea.ro\\\/albaiulia\\\/acident-la-abrud-minor-de-15-ani-acrosat-de-un-autoturism\\\/#respond\"]}]},{\"@type\":\"WebPage\",\"@id\":\"https:\\\/\\\/urbeamea.ro\\\/albaiulia\\\/acident-la-abrud-minor-de-15-ani-acrosat-de-un-autoturism\\\/\",\"url\":\"https:\\\/\\\/urbeamea.ro\\\/albaiulia\\\/acident-la-abrud-minor-de-15-ani-acrosat-de-un-autoturism\\\/\",\"name\":\"Acident la Abrud: Minor de 15 ani, acro\u015fat de un autoturism - Revista Urbea Mea - Revista de Alba\",\"isPartOf\":{\"@id\":\"https:\\\/\\\/urbeamea.ro\\\/albaiulia\\\/#website\"},\"primaryImageOfPage\":{\"@id\":\"https:\\\/\\\/urbeamea.ro\\\/albaiulia\\\/acident-la-abrud-minor-de-15-ani-acrosat-de-un-autoturism\\\/#primaryimage\"},\"image\":{\"@id\":\"https:\\\/\\\/urbeamea.ro\\\/albaiulia\\\/acident-la-abrud-minor-de-15-ani-acrosat-de-un-autoturism\\\/#primaryimage\"},\"thumbnailUrl\":\"https:\\\/\\\/urbeamea.ro\\\/albaiulia\\\/wp-content\\\/uploads\\\/2016\\\/02\\\/politie.jpg\",\"datePublished\":\"2016-10-04T10:55:32+00:00\",\"author\":{\"@id\":\"https:\\\/\\\/urbeamea.ro\\\/albaiulia\\\/#\\\/schema\\\/person\\\/9700d21fae21c4f038b0b56f4506264a\"},\"description\":\"Un minor de 15 ani a fost r\u0103nit, luni seara, \u00een urma unui accident petrecut la Abrud. O femeie \u00een v\u00e2rst\u0103 de 38 de ani nu l-a observat \u00een timp ce circula\",\"breadcrumb\":{\"@id\":\"https:\\\/\\\/urbeamea.ro\\\/albaiulia\\\/acident-la-abrud-minor-de-15-ani-acrosat-de-un-autoturism\\\/#breadcrumb\"},\"inLanguage\":\"ro-RO\",\"potentialAction\":[{\"@type\":\"ReadAction\",\"target\":[\"https:\\\/\\\/urbeamea.ro\\\/albaiulia\\\/acident-la-abrud-minor-de-15-ani-acrosat-de-un-autoturism\\\/\"]}]},{\"@type\":\"ImageObject\",\"inLanguage\":\"ro-RO\",\"@id\":\"https:\\\/\\\/urbeamea.ro\\\/albaiulia\\\/acident-la-abrud-minor-de-15-ani-acrosat-de-un-autoturism\\\/#primaryimage\",\"url\":\"https:\\\/\\\/urbeamea.ro\\\/albaiulia\\\/wp-content\\\/uploads\\\/2016\\\/02\\\/politie.jpg\",\"contentUrl\":\"https:\\\/\\\/urbeamea.ro\\\/albaiulia\\\/wp-content\\\/uploads\\\/2016\\\/02\\\/politie.jpg\",\"width\":480,\"height\":300},{\"@type\":\"BreadcrumbList\",\"@id\":\"https:\\\/\\\/urbeamea.ro\\\/albaiulia\\\/acident-la-abrud-minor-de-15-ani-acrosat-de-un-autoturism\\\/#breadcrumb\",\"itemListElement\":[{\"@type\":\"ListItem\",\"position\":1,\"name\":\"Prima pagin\u0103\",\"item\":\"https:\\\/\\\/urbeamea.ro\\\/albaiulia\\\/\"},{\"@type\":\"ListItem\",\"position\":2,\"name\":\"Acident la Abrud: Minor de 15 ani, acro\u015fat de un autoturism\"}]},{\"@type\":\"WebSite\",\"@id\":\"https:\\\/\\\/urbeamea.ro\\\/albaiulia\\\/#website\",\"url\":\"https:\\\/\\\/urbeamea.ro\\\/albaiulia\\\/\",\"name\":\"Revista Urbea Mea, Stiri urbane\",\"description\":\"Evenimente \u0219i \u0219tiri din Alba Iulia, Sebe\u0219, Aiud, Blaj\",\"potentialAction\":[{\"@type\":\"SearchAction\",\"target\":{\"@type\":\"EntryPoint\",\"urlTemplate\":\"https:\\\/\\\/urbeamea.ro\\\/albaiulia\\\/?s={search_term_string}\"},\"query-input\":{\"@type\":\"PropertyValueSpecification\",\"valueRequired\":true,\"valueName\":\"search_term_string\"}}],\"inLanguage\":\"ro-RO\"},{\"@type\":\"Person\",\"@id\":\"https:\\\/\\\/urbeamea.ro\\\/albaiulia\\\/#\\\/schema\\\/person\\\/9700d21fae21c4f038b0b56f4506264a\",\"name\":\"Cristina Ganga\",\"image\":{\"@type\":\"ImageObject\",\"inLanguage\":\"ro-RO\",\"@id\":\"https:\\\/\\\/secure.gravatar.com\\\/avatar\\\/5a67661041f057b4a8ccaf26f5a8e86e2689372006d01faf3dd9eeb10b654bb4?s=96&d=mm&r=g\",\"url\":\"https:\\\/\\\/secure.gravatar.com\\\/avatar\\\/5a67661041f057b4a8ccaf26f5a8e86e2689372006d01faf3dd9eeb10b654bb4?s=96&d=mm&r=g\",\"contentUrl\":\"https:\\\/\\\/secure.gravatar.com\\\/avatar\\\/5a67661041f057b4a8ccaf26f5a8e86e2689372006d01faf3dd9eeb10b654bb4?s=96&d=mm&r=g\",\"caption\":\"Cristina Ganga\"},\"description\":\"Jurnalist\",\"sameAs\":[\"https:\\\/\\\/www.facebook.com\\\/cristina.nicola.587\"],\"url\":\"https:\\\/\\\/urbeamea.ro\\\/albaiulia\\\/author\\\/cristina-nicola\\\/\"}]}<\/script>\n<!-- \/ Yoast SEO plugin. -->","yoast_head_json":{"title":"Acident la Abrud: Minor de 15 ani, acro\u015fat de un autoturism - Revista Urbea Mea - Revista de Alba","description":"Un minor de 15 ani a fost r\u0103nit, luni seara, \u00een urma unui accident petrecut la Abrud. O femeie \u00een v\u00e2rst\u0103 de 38 de ani nu l-a observat \u00een timp ce circula","robots":{"index":"index","follow":"follow","max-snippet":"max-snippet:-1","max-image-preview":"max-image-preview:large","max-video-preview":"max-video-preview:-1"},"canonical":"https:\/\/urbeamea.ro\/albaiulia\/acident-la-abrud-minor-de-15-ani-acrosat-de-un-autoturism\/","twitter_card":"summary_large_image","twitter_title":"Acident la Abrud: Minor de 15 ani, acro\u015fat de un autoturism - Revista Urbea Mea - Revista de Alba","twitter_description":"Un minor de 15 ani a fost r\u0103nit, luni seara, \u00een urma unui accident petrecut la Abrud. O femeie \u00een v\u00e2rst\u0103 de 38 de ani nu l-a observat \u00een timp ce circula","twitter_image":"https:\/\/urbeamea.ro\/albaiulia\/wp-content\/uploads\/2016\/02\/politie.jpg","twitter_creator":"@urbeameaweb","twitter_site":"@urbeameaweb","schema":{"@context":"https:\/\/schema.org","@graph":[{"@type":"Article","@id":"https:\/\/urbeamea.ro\/albaiulia\/acident-la-abrud-minor-de-15-ani-acrosat-de-un-autoturism\/#article","isPartOf":{"@id":"https:\/\/urbeamea.ro\/albaiulia\/acident-la-abrud-minor-de-15-ani-acrosat-de-un-autoturism\/"},"author":{"name":"Cristina Ganga","@id":"https:\/\/urbeamea.ro\/albaiulia\/#\/schema\/person\/9700d21fae21c4f038b0b56f4506264a"},"headline":"Acident la Abrud: Minor de 15 ani, acro\u015fat de un autoturism","datePublished":"2016-10-04T10:55:32+00:00","mainEntityOfPage":{"@id":"https:\/\/urbeamea.ro\/albaiulia\/acident-la-abrud-minor-de-15-ani-acrosat-de-un-autoturism\/"},"wordCount":323,"commentCount":0,"image":{"@id":"https:\/\/urbeamea.ro\/albaiulia\/acident-la-abrud-minor-de-15-ani-acrosat-de-un-autoturism\/#primaryimage"},"thumbnailUrl":"https:\/\/urbeamea.ro\/albaiulia\/wp-content\/uploads\/2016\/02\/politie.jpg","keywords":["abrud","alba","femeie","IPJ Alba","leziuni","lovit","masina","minor","spital","stiri","Urbea Mea"],"articleSection":["Social"],"inLanguage":"ro-RO","potentialAction":[{"@type":"CommentAction","name":"Comment","target":["https:\/\/urbeamea.ro\/albaiulia\/acident-la-abrud-minor-de-15-ani-acrosat-de-un-autoturism\/#respond"]}]},{"@type":"WebPage","@id":"https:\/\/urbeamea.ro\/albaiulia\/acident-la-abrud-minor-de-15-ani-acrosat-de-un-autoturism\/","url":"https:\/\/urbeamea.ro\/albaiulia\/acident-la-abrud-minor-de-15-ani-acrosat-de-un-autoturism\/","name":"Acident la Abrud: Minor de 15 ani, acro\u015fat de un autoturism - Revista Urbea Mea - Revista de Alba","isPartOf":{"@id":"https:\/\/urbeamea.ro\/albaiulia\/#website"},"primaryImageOfPage":{"@id":"https:\/\/urbeamea.ro\/albaiulia\/acident-la-abrud-minor-de-15-ani-acrosat-de-un-autoturism\/#primaryimage"},"image":{"@id":"https:\/\/urbeamea.ro\/albaiulia\/acident-la-abrud-minor-de-15-ani-acrosat-de-un-autoturism\/#primaryimage"},"thumbnailUrl":"https:\/\/urbeamea.ro\/albaiulia\/wp-content\/uploads\/2016\/02\/politie.jpg","datePublished":"2016-10-04T10:55:32+00:00","author":{"@id":"https:\/\/urbeamea.ro\/albaiulia\/#\/schema\/person\/9700d21fae21c4f038b0b56f4506264a"},"description":"Un minor de 15 ani a fost r\u0103nit, luni seara, \u00een urma unui accident petrecut la Abrud. O femeie \u00een v\u00e2rst\u0103 de 38 de ani nu l-a observat \u00een timp ce circula","breadcrumb":{"@id":"https:\/\/urbeamea.ro\/albaiulia\/acident-la-abrud-minor-de-15-ani-acrosat-de-un-autoturism\/#breadcrumb"},"inLanguage":"ro-RO","potentialAction":[{"@type":"ReadAction","target":["https:\/\/urbeamea.ro\/albaiulia\/acident-la-abrud-minor-de-15-ani-acrosat-de-un-autoturism\/"]}]},{"@type":"ImageObject","inLanguage":"ro-RO","@id":"https:\/\/urbeamea.ro\/albaiulia\/acident-la-abrud-minor-de-15-ani-acrosat-de-un-autoturism\/#primaryimage","url":"https:\/\/urbeamea.ro\/albaiulia\/wp-content\/uploads\/2016\/02\/politie.jpg","contentUrl":"https:\/\/urbeamea.ro\/albaiulia\/wp-content\/uploads\/2016\/02\/politie.jpg","width":480,"height":300},{"@type":"BreadcrumbList","@id":"https:\/\/urbeamea.ro\/albaiulia\/acident-la-abrud-minor-de-15-ani-acrosat-de-un-autoturism\/#breadcrumb","itemListElement":[{"@type":"ListItem","position":1,"name":"Prima pagin\u0103","item":"https:\/\/urbeamea.ro\/albaiulia\/"},{"@type":"ListItem","position":2,"name":"Acident la Abrud: Minor de 15 ani, acro\u015fat de un autoturism"}]},{"@type":"WebSite","@id":"https:\/\/urbeamea.ro\/albaiulia\/#website","url":"https:\/\/urbeamea.ro\/albaiulia\/","name":"Revista Urbea Mea, Stiri urbane","description":"Evenimente \u0219i \u0219tiri din Alba Iulia, Sebe\u0219, Aiud, Blaj","potentialAction":[{"@type":"SearchAction","target":{"@type":"EntryPoint","urlTemplate":"https:\/\/urbeamea.ro\/albaiulia\/?s={search_term_string}"},"query-input":{"@type":"PropertyValueSpecification","valueRequired":true,"valueName":"search_term_string"}}],"inLanguage":"ro-RO"},{"@type":"Person","@id":"https:\/\/urbeamea.ro\/albaiulia\/#\/schema\/person\/9700d21fae21c4f038b0b56f4506264a","name":"Cristina Ganga","image":{"@type":"ImageObject","inLanguage":"ro-RO","@id":"https:\/\/secure.gravatar.com\/avatar\/5a67661041f057b4a8ccaf26f5a8e86e2689372006d01faf3dd9eeb10b654bb4?s=96&d=mm&r=g","url":"https:\/\/secure.gravatar.com\/avatar\/5a67661041f057b4a8ccaf26f5a8e86e2689372006d01faf3dd9eeb10b654bb4?s=96&d=mm&r=g","contentUrl":"https:\/\/secure.gravatar.com\/avatar\/5a67661041f057b4a8ccaf26f5a8e86e2689372006d01faf3dd9eeb10b654bb4?s=96&d=mm&r=g","caption":"Cristina Ganga"},"description":"Jurnalist","sameAs":["https:\/\/www.facebook.com\/cristina.nicola.587"],"url":"https:\/\/urbeamea.ro\/albaiulia\/author\/cristina-nicola\/"}]}},"_links":{"self":[{"href":"https:\/\/urbeamea.ro\/albaiulia\/wp-json\/wp\/v2\/posts\/32774","targetHints":{"allow":["GET"]}}],"collection":[{"href":"https:\/\/urbeamea.ro\/albaiulia\/wp-json\/wp\/v2\/posts"}],"about":[{"href":"https:\/\/urbeamea.ro\/albaiulia\/wp-json\/wp\/v2\/types\/post"}],"author":[{"embeddable":true,"href":"https:\/\/urbeamea.ro\/albaiulia\/wp-json\/wp\/v2\/users\/17"}],"replies":[{"embeddable":true,"href":"https:\/\/urbeamea.ro\/albaiulia\/wp-json\/wp\/v2\/comments?post=32774"}],"version-history":[{"count":0,"href":"https:\/\/urbeamea.ro\/albaiulia\/wp-json\/wp\/v2\/posts\/32774\/revisions"}],"wp:featuredmedia":[{"embeddable":true,"href":"https:\/\/urbeamea.ro\/albaiulia\/wp-json\/wp\/v2\/media\/18034"}],"wp:attachment":[{"href":"https:\/\/urbeamea.ro\/albaiulia\/wp-json\/wp\/v2\/media?parent=32774"}],"wp:term":[{"taxonomy":"category","embeddable":true,"href":"https:\/\/urbeamea.ro\/albaiulia\/wp-json\/wp\/v2\/categories?post=32774"},{"taxonomy":"post_tag","embeddable":true,"href":"https:\/\/urbeamea.ro\/albaiulia\/wp-json\/wp\/v2\/tags?post=32774"}],"curies":[{"name":"wp","href":"https:\/\/api.w.org\/{rel}","templated":true}]}}