{"id":32878,"date":"2016-10-06T12:08:14","date_gmt":"2016-10-06T09:08:14","guid":{"rendered":"http:\/\/urbeamea.ro\/albaiulia\/?p=32878"},"modified":"2016-10-06T12:08:14","modified_gmt":"2016-10-06T09:08:14","slug":"un-barbat-si-a-agresat-gazda-si-i-a-furat-banii-calul-si-caruta-dar-a-fost-prins-la-posaga","status":"publish","type":"post","link":"https:\/\/urbeamea.ro\/albaiulia\/un-barbat-si-a-agresat-gazda-si-i-a-furat-banii-calul-si-caruta-dar-a-fost-prins-la-posaga\/","title":{"rendered":"Un b\u0103rbat \u0219i-a agresat gazda \u0219i i-a furat banii, calul \u0219i c\u0103ru\u021ba, dar a fost prins la Po\u0219aga"},"content":{"rendered":"<p><strong><img loading=\"lazy\" decoding=\"async\" class=\"size-medium wp-image-32818 alignleft\" src=\"http:\/\/urbeamea.ro\/albaiulia\/wp-content\/uploads\/2016\/10\/politie-radare-300x174.jpg\" alt=\"politie-radare\" width=\"300\" height=\"174\" srcset=\"https:\/\/urbeamea.ro\/albaiulia\/wp-content\/uploads\/2016\/10\/politie-radare-300x174.jpg 300w, https:\/\/urbeamea.ro\/albaiulia\/wp-content\/uploads\/2016\/10\/politie-radare-150x87.jpg 150w, https:\/\/urbeamea.ro\/albaiulia\/wp-content\/uploads\/2016\/10\/politie-radare.jpg 630w\" sizes=\"auto, (max-width: 300px) 100vw, 300px\" \/>Poli\u0163i\u015ftii din Cluj, \u00een colaborare cu cei din Alba l-au prins, miercuri seara, pe un b\u0103rbat care l-a t\u00e2lh\u0103rit pe un v\u00e2rstnic din localitatea Corne\u0219ti, comuna Mihai Viteazu\u00a0care-l g\u0103zduise. I-a furat 900 de lei \u015fi a fugit cu calul \u015fi c\u0103ru\u0163a din gospod\u0103rie, \u00eens\u0103 a fost prins la Po\u015faga, \u00een jude\u0163ul Alba.<br \/>\n<\/strong><\/p>\n<p>Miercuri, 5 octombrie, \u00een jurul orei 20.40, poli\u021bi\u0219tii de la Sec\u021bia 9 Poli\u021bie Rural\u0103 Turda au fost sesiza\u021bi cu privire la faptul c\u0103 un b\u0103rbat, din localitatea Corne\u0219ti, comuna Mihai Viteazu, a fost agresat fizic.<\/p>\n<p>La fa\u021ba locului s-a deplasat o echip\u0103 operativ\u0103, fiind identificat un b\u0103rbat, de 85 de ani, care a reclamat faptul c\u0103, \u00een jurul orei 16.00, a fost agresat de c\u0103tre un b\u0103rbat pe care l-a g\u0103zduit circa dou\u0103 zile, \u00eens\u0103 nu a putut preciza date exacte despre identitatea acestuia.<\/p>\n<p>Totodat\u0103, cel \u00een cauz\u0103 i-ar fi sustras b\u0103rbatului circa 900 de lei \u0219i alte bunuri, dup\u0103 care ar fi plecat \u00een direc\u021bie necunoscut\u0103, lu\u00e2nd calul \u0219i c\u0103ru\u021ba victimei.<\/p>\n<p>Victima a fost transportat\u0103 la Spitalul Municipal Turda pentru \u00eengrijiri de specialitate.<\/p>\n<p>Av\u00e2nd \u00een vedere cele sesizate, poli\u021bi\u0219tii clujeni s-au mobilizat \u0219i, \u00een colaborare cu poli\u0163i\u015fti din Alba, au reu\u0219it depistarea celui \u00een cauz\u0103, \u00een jurul orei 22.00.<\/p>\n<p>Suspectul a fost depistat pe DN75, pe raza comunei Po\u0219aga, jude\u021bul Alba, \u00een timp ce se deplasa cu atelajul cu trac\u021biune animal\u0103.<\/p>\n<p>B\u0103rbatul a fost re\u0163inut pentru 24 de ore, urm\u00e2nd a fi prezentat magistra\u021bilor pentru dispunerea altor m\u0103suri preventive. Prejudiciul a fost recuperat \u00een propor\u021bie de 95%.<\/p>\n","protected":false},"excerpt":{"rendered":"<p>Poli\u0163i\u015ftii din Cluj, \u00een colaborare cu cei din Alba l-au prins, miercuri seara, pe un b\u0103rbat care l-a t\u00e2lh\u0103rit pe un v\u00e2rstnic din localitatea Corne\u0219ti, comuna Mihai Viteazu\u00a0care-l g\u0103zduise. I-a furat 900 de lei \u015fi a fugit cu calul \u015fi c\u0103ru\u0163a din gospod\u0103rie, \u00eens\u0103 a fost prins la Po\u015faga, \u00een jude\u0163ul Alba. Miercuri, 5 octombrie, &hellip;<\/p>\n","protected":false},"author":17,"featured_media":32818,"comment_status":"open","ping_status":"open","sticky":false,"template":"","format":"standard","meta":{"inline_featured_image":false,"footnotes":""},"categories":[2034],"tags":[307,2971,7828,7829,458,3895,2986,308,7827,76,2932,2664],"class_list":["post-32878","post","type-post","status-publish","format-standard","has-post-thumbnail","hentry","category-social","tag-alba","tag-barbat","tag-cornesti","tag-mihai-viteazu","tag-politisti","tag-posaga","tag-prejudiciu","tag-stiri","tag-talharit","tag-urbea-mea","tag-varstnic","tag-victima"],"yoast_head":"<!-- This site is optimized with the Yoast SEO plugin v28.3 - https:\/\/yoast.com\/product\/yoast-seo-wordpress\/ -->\n<title>Un b\u0103rbat \u0219i-a agresat gazda \u0219i i-a furat banii, calul \u0219i c\u0103ru\u021ba, dar a fost prins la Po\u0219aga - Revista Urbea Mea - Revista de Alba<\/title>\n<meta name=\"description\" content=\"Poli\u0163i\u015ftii din Cluj, \u00een colaborare cu cei din Alba l-au prins, miercuri seara, pe un b\u0103rbat care l-a t\u00e2lh\u0103rit pe un v\u00e2rstnic din localitatea Corne\u0219ti,\" \/>\n<meta name=\"robots\" content=\"index, follow, max-snippet:-1, max-image-preview:large, max-video-preview:-1\" \/>\n<link rel=\"canonical\" href=\"https:\/\/urbeamea.ro\/albaiulia\/un-barbat-si-a-agresat-gazda-si-i-a-furat-banii-calul-si-caruta-dar-a-fost-prins-la-posaga\/\" \/>\n<meta name=\"twitter:card\" content=\"summary_large_image\" \/>\n<meta name=\"twitter:title\" content=\"Un b\u0103rbat \u0219i-a agresat gazda \u0219i i-a furat banii, calul \u0219i c\u0103ru\u021ba, dar a fost prins la Po\u0219aga - Revista Urbea Mea - Revista de Alba\" \/>\n<meta name=\"twitter:description\" content=\"Poli\u0163i\u015ftii din Cluj, \u00een colaborare cu cei din Alba l-au prins, miercuri seara, pe un b\u0103rbat care l-a t\u00e2lh\u0103rit pe un v\u00e2rstnic din localitatea Corne\u0219ti,\" \/>\n<meta name=\"twitter:image\" content=\"https:\/\/urbeamea.ro\/albaiulia\/wp-content\/uploads\/2016\/10\/politie-radare.jpg\" \/>\n<meta name=\"twitter:creator\" content=\"@urbeameaweb\" \/>\n<meta name=\"twitter:site\" content=\"@urbeameaweb\" \/>\n<script type=\"application\/ld+json\" class=\"yoast-schema-graph\">{\"@context\":\"https:\\\/\\\/schema.org\",\"@graph\":[{\"@type\":\"Article\",\"@id\":\"https:\\\/\\\/urbeamea.ro\\\/albaiulia\\\/un-barbat-si-a-agresat-gazda-si-i-a-furat-banii-calul-si-caruta-dar-a-fost-prins-la-posaga\\\/#article\",\"isPartOf\":{\"@id\":\"https:\\\/\\\/urbeamea.ro\\\/albaiulia\\\/un-barbat-si-a-agresat-gazda-si-i-a-furat-banii-calul-si-caruta-dar-a-fost-prins-la-posaga\\\/\"},\"author\":{\"name\":\"Cristina Ganga\",\"@id\":\"https:\\\/\\\/urbeamea.ro\\\/albaiulia\\\/#\\\/schema\\\/person\\\/9700d21fae21c4f038b0b56f4506264a\"},\"headline\":\"Un b\u0103rbat \u0219i-a agresat gazda \u0219i i-a furat banii, calul \u0219i c\u0103ru\u021ba, dar a fost prins la Po\u0219aga\",\"datePublished\":\"2016-10-06T09:08:14+00:00\",\"mainEntityOfPage\":{\"@id\":\"https:\\\/\\\/urbeamea.ro\\\/albaiulia\\\/un-barbat-si-a-agresat-gazda-si-i-a-furat-banii-calul-si-caruta-dar-a-fost-prins-la-posaga\\\/\"},\"wordCount\":308,\"commentCount\":0,\"image\":{\"@id\":\"https:\\\/\\\/urbeamea.ro\\\/albaiulia\\\/un-barbat-si-a-agresat-gazda-si-i-a-furat-banii-calul-si-caruta-dar-a-fost-prins-la-posaga\\\/#primaryimage\"},\"thumbnailUrl\":\"https:\\\/\\\/urbeamea.ro\\\/albaiulia\\\/wp-content\\\/uploads\\\/2016\\\/10\\\/politie-radare.jpg\",\"keywords\":[\"alba\",\"barbat\",\"cornesti\",\"mihai viteazu\",\"politisti\",\"posaga\",\"prejudiciu\",\"stiri\",\"talharit\",\"Urbea Mea\",\"varstnic\",\"victima\"],\"articleSection\":[\"Social\"],\"inLanguage\":\"ro-RO\",\"potentialAction\":[{\"@type\":\"CommentAction\",\"name\":\"Comment\",\"target\":[\"https:\\\/\\\/urbeamea.ro\\\/albaiulia\\\/un-barbat-si-a-agresat-gazda-si-i-a-furat-banii-calul-si-caruta-dar-a-fost-prins-la-posaga\\\/#respond\"]}]},{\"@type\":\"WebPage\",\"@id\":\"https:\\\/\\\/urbeamea.ro\\\/albaiulia\\\/un-barbat-si-a-agresat-gazda-si-i-a-furat-banii-calul-si-caruta-dar-a-fost-prins-la-posaga\\\/\",\"url\":\"https:\\\/\\\/urbeamea.ro\\\/albaiulia\\\/un-barbat-si-a-agresat-gazda-si-i-a-furat-banii-calul-si-caruta-dar-a-fost-prins-la-posaga\\\/\",\"name\":\"Un b\u0103rbat \u0219i-a agresat gazda \u0219i i-a furat banii, calul \u0219i c\u0103ru\u021ba, dar a fost prins la Po\u0219aga - Revista Urbea Mea - Revista de Alba\",\"isPartOf\":{\"@id\":\"https:\\\/\\\/urbeamea.ro\\\/albaiulia\\\/#website\"},\"primaryImageOfPage\":{\"@id\":\"https:\\\/\\\/urbeamea.ro\\\/albaiulia\\\/un-barbat-si-a-agresat-gazda-si-i-a-furat-banii-calul-si-caruta-dar-a-fost-prins-la-posaga\\\/#primaryimage\"},\"image\":{\"@id\":\"https:\\\/\\\/urbeamea.ro\\\/albaiulia\\\/un-barbat-si-a-agresat-gazda-si-i-a-furat-banii-calul-si-caruta-dar-a-fost-prins-la-posaga\\\/#primaryimage\"},\"thumbnailUrl\":\"https:\\\/\\\/urbeamea.ro\\\/albaiulia\\\/wp-content\\\/uploads\\\/2016\\\/10\\\/politie-radare.jpg\",\"datePublished\":\"2016-10-06T09:08:14+00:00\",\"author\":{\"@id\":\"https:\\\/\\\/urbeamea.ro\\\/albaiulia\\\/#\\\/schema\\\/person\\\/9700d21fae21c4f038b0b56f4506264a\"},\"description\":\"Poli\u0163i\u015ftii din Cluj, \u00een colaborare cu cei din Alba l-au prins, miercuri seara, pe un b\u0103rbat care l-a t\u00e2lh\u0103rit pe un v\u00e2rstnic din localitatea Corne\u0219ti,\",\"breadcrumb\":{\"@id\":\"https:\\\/\\\/urbeamea.ro\\\/albaiulia\\\/un-barbat-si-a-agresat-gazda-si-i-a-furat-banii-calul-si-caruta-dar-a-fost-prins-la-posaga\\\/#breadcrumb\"},\"inLanguage\":\"ro-RO\",\"potentialAction\":[{\"@type\":\"ReadAction\",\"target\":[\"https:\\\/\\\/urbeamea.ro\\\/albaiulia\\\/un-barbat-si-a-agresat-gazda-si-i-a-furat-banii-calul-si-caruta-dar-a-fost-prins-la-posaga\\\/\"]}]},{\"@type\":\"ImageObject\",\"inLanguage\":\"ro-RO\",\"@id\":\"https:\\\/\\\/urbeamea.ro\\\/albaiulia\\\/un-barbat-si-a-agresat-gazda-si-i-a-furat-banii-calul-si-caruta-dar-a-fost-prins-la-posaga\\\/#primaryimage\",\"url\":\"https:\\\/\\\/urbeamea.ro\\\/albaiulia\\\/wp-content\\\/uploads\\\/2016\\\/10\\\/politie-radare.jpg\",\"contentUrl\":\"https:\\\/\\\/urbeamea.ro\\\/albaiulia\\\/wp-content\\\/uploads\\\/2016\\\/10\\\/politie-radare.jpg\",\"width\":630,\"height\":365},{\"@type\":\"BreadcrumbList\",\"@id\":\"https:\\\/\\\/urbeamea.ro\\\/albaiulia\\\/un-barbat-si-a-agresat-gazda-si-i-a-furat-banii-calul-si-caruta-dar-a-fost-prins-la-posaga\\\/#breadcrumb\",\"itemListElement\":[{\"@type\":\"ListItem\",\"position\":1,\"name\":\"Prima pagin\u0103\",\"item\":\"https:\\\/\\\/urbeamea.ro\\\/albaiulia\\\/\"},{\"@type\":\"ListItem\",\"position\":2,\"name\":\"Un b\u0103rbat \u0219i-a agresat gazda \u0219i i-a furat banii, calul \u0219i c\u0103ru\u021ba, dar a fost prins la Po\u0219aga\"}]},{\"@type\":\"WebSite\",\"@id\":\"https:\\\/\\\/urbeamea.ro\\\/albaiulia\\\/#website\",\"url\":\"https:\\\/\\\/urbeamea.ro\\\/albaiulia\\\/\",\"name\":\"Revista Urbea Mea, Stiri urbane\",\"description\":\"Evenimente \u0219i \u0219tiri din Alba Iulia, Sebe\u0219, Aiud, Blaj\",\"potentialAction\":[{\"@type\":\"SearchAction\",\"target\":{\"@type\":\"EntryPoint\",\"urlTemplate\":\"https:\\\/\\\/urbeamea.ro\\\/albaiulia\\\/?s={search_term_string}\"},\"query-input\":{\"@type\":\"PropertyValueSpecification\",\"valueRequired\":true,\"valueName\":\"search_term_string\"}}],\"inLanguage\":\"ro-RO\"},{\"@type\":\"Person\",\"@id\":\"https:\\\/\\\/urbeamea.ro\\\/albaiulia\\\/#\\\/schema\\\/person\\\/9700d21fae21c4f038b0b56f4506264a\",\"name\":\"Cristina Ganga\",\"image\":{\"@type\":\"ImageObject\",\"inLanguage\":\"ro-RO\",\"@id\":\"https:\\\/\\\/secure.gravatar.com\\\/avatar\\\/5a67661041f057b4a8ccaf26f5a8e86e2689372006d01faf3dd9eeb10b654bb4?s=96&d=mm&r=g\",\"url\":\"https:\\\/\\\/secure.gravatar.com\\\/avatar\\\/5a67661041f057b4a8ccaf26f5a8e86e2689372006d01faf3dd9eeb10b654bb4?s=96&d=mm&r=g\",\"contentUrl\":\"https:\\\/\\\/secure.gravatar.com\\\/avatar\\\/5a67661041f057b4a8ccaf26f5a8e86e2689372006d01faf3dd9eeb10b654bb4?s=96&d=mm&r=g\",\"caption\":\"Cristina Ganga\"},\"description\":\"Jurnalist\",\"sameAs\":[\"https:\\\/\\\/www.facebook.com\\\/cristina.nicola.587\"],\"url\":\"https:\\\/\\\/urbeamea.ro\\\/albaiulia\\\/author\\\/cristina-nicola\\\/\"}]}<\/script>\n<!-- \/ Yoast SEO plugin. -->","yoast_head_json":{"title":"Un b\u0103rbat \u0219i-a agresat gazda \u0219i i-a furat banii, calul \u0219i c\u0103ru\u021ba, dar a fost prins la Po\u0219aga - Revista Urbea Mea - Revista de Alba","description":"Poli\u0163i\u015ftii din Cluj, \u00een colaborare cu cei din Alba l-au prins, miercuri seara, pe un b\u0103rbat care l-a t\u00e2lh\u0103rit pe un v\u00e2rstnic din localitatea Corne\u0219ti,","robots":{"index":"index","follow":"follow","max-snippet":"max-snippet:-1","max-image-preview":"max-image-preview:large","max-video-preview":"max-video-preview:-1"},"canonical":"https:\/\/urbeamea.ro\/albaiulia\/un-barbat-si-a-agresat-gazda-si-i-a-furat-banii-calul-si-caruta-dar-a-fost-prins-la-posaga\/","twitter_card":"summary_large_image","twitter_title":"Un b\u0103rbat \u0219i-a agresat gazda \u0219i i-a furat banii, calul \u0219i c\u0103ru\u021ba, dar a fost prins la Po\u0219aga - Revista Urbea Mea - Revista de Alba","twitter_description":"Poli\u0163i\u015ftii din Cluj, \u00een colaborare cu cei din Alba l-au prins, miercuri seara, pe un b\u0103rbat care l-a t\u00e2lh\u0103rit pe un v\u00e2rstnic din localitatea Corne\u0219ti,","twitter_image":"https:\/\/urbeamea.ro\/albaiulia\/wp-content\/uploads\/2016\/10\/politie-radare.jpg","twitter_creator":"@urbeameaweb","twitter_site":"@urbeameaweb","schema":{"@context":"https:\/\/schema.org","@graph":[{"@type":"Article","@id":"https:\/\/urbeamea.ro\/albaiulia\/un-barbat-si-a-agresat-gazda-si-i-a-furat-banii-calul-si-caruta-dar-a-fost-prins-la-posaga\/#article","isPartOf":{"@id":"https:\/\/urbeamea.ro\/albaiulia\/un-barbat-si-a-agresat-gazda-si-i-a-furat-banii-calul-si-caruta-dar-a-fost-prins-la-posaga\/"},"author":{"name":"Cristina Ganga","@id":"https:\/\/urbeamea.ro\/albaiulia\/#\/schema\/person\/9700d21fae21c4f038b0b56f4506264a"},"headline":"Un b\u0103rbat \u0219i-a agresat gazda \u0219i i-a furat banii, calul \u0219i c\u0103ru\u021ba, dar a fost prins la Po\u0219aga","datePublished":"2016-10-06T09:08:14+00:00","mainEntityOfPage":{"@id":"https:\/\/urbeamea.ro\/albaiulia\/un-barbat-si-a-agresat-gazda-si-i-a-furat-banii-calul-si-caruta-dar-a-fost-prins-la-posaga\/"},"wordCount":308,"commentCount":0,"image":{"@id":"https:\/\/urbeamea.ro\/albaiulia\/un-barbat-si-a-agresat-gazda-si-i-a-furat-banii-calul-si-caruta-dar-a-fost-prins-la-posaga\/#primaryimage"},"thumbnailUrl":"https:\/\/urbeamea.ro\/albaiulia\/wp-content\/uploads\/2016\/10\/politie-radare.jpg","keywords":["alba","barbat","cornesti","mihai viteazu","politisti","posaga","prejudiciu","stiri","talharit","Urbea Mea","varstnic","victima"],"articleSection":["Social"],"inLanguage":"ro-RO","potentialAction":[{"@type":"CommentAction","name":"Comment","target":["https:\/\/urbeamea.ro\/albaiulia\/un-barbat-si-a-agresat-gazda-si-i-a-furat-banii-calul-si-caruta-dar-a-fost-prins-la-posaga\/#respond"]}]},{"@type":"WebPage","@id":"https:\/\/urbeamea.ro\/albaiulia\/un-barbat-si-a-agresat-gazda-si-i-a-furat-banii-calul-si-caruta-dar-a-fost-prins-la-posaga\/","url":"https:\/\/urbeamea.ro\/albaiulia\/un-barbat-si-a-agresat-gazda-si-i-a-furat-banii-calul-si-caruta-dar-a-fost-prins-la-posaga\/","name":"Un b\u0103rbat \u0219i-a agresat gazda \u0219i i-a furat banii, calul \u0219i c\u0103ru\u021ba, dar a fost prins la Po\u0219aga - Revista Urbea Mea - Revista de Alba","isPartOf":{"@id":"https:\/\/urbeamea.ro\/albaiulia\/#website"},"primaryImageOfPage":{"@id":"https:\/\/urbeamea.ro\/albaiulia\/un-barbat-si-a-agresat-gazda-si-i-a-furat-banii-calul-si-caruta-dar-a-fost-prins-la-posaga\/#primaryimage"},"image":{"@id":"https:\/\/urbeamea.ro\/albaiulia\/un-barbat-si-a-agresat-gazda-si-i-a-furat-banii-calul-si-caruta-dar-a-fost-prins-la-posaga\/#primaryimage"},"thumbnailUrl":"https:\/\/urbeamea.ro\/albaiulia\/wp-content\/uploads\/2016\/10\/politie-radare.jpg","datePublished":"2016-10-06T09:08:14+00:00","author":{"@id":"https:\/\/urbeamea.ro\/albaiulia\/#\/schema\/person\/9700d21fae21c4f038b0b56f4506264a"},"description":"Poli\u0163i\u015ftii din Cluj, \u00een colaborare cu cei din Alba l-au prins, miercuri seara, pe un b\u0103rbat care l-a t\u00e2lh\u0103rit pe un v\u00e2rstnic din localitatea Corne\u0219ti,","breadcrumb":{"@id":"https:\/\/urbeamea.ro\/albaiulia\/un-barbat-si-a-agresat-gazda-si-i-a-furat-banii-calul-si-caruta-dar-a-fost-prins-la-posaga\/#breadcrumb"},"inLanguage":"ro-RO","potentialAction":[{"@type":"ReadAction","target":["https:\/\/urbeamea.ro\/albaiulia\/un-barbat-si-a-agresat-gazda-si-i-a-furat-banii-calul-si-caruta-dar-a-fost-prins-la-posaga\/"]}]},{"@type":"ImageObject","inLanguage":"ro-RO","@id":"https:\/\/urbeamea.ro\/albaiulia\/un-barbat-si-a-agresat-gazda-si-i-a-furat-banii-calul-si-caruta-dar-a-fost-prins-la-posaga\/#primaryimage","url":"https:\/\/urbeamea.ro\/albaiulia\/wp-content\/uploads\/2016\/10\/politie-radare.jpg","contentUrl":"https:\/\/urbeamea.ro\/albaiulia\/wp-content\/uploads\/2016\/10\/politie-radare.jpg","width":630,"height":365},{"@type":"BreadcrumbList","@id":"https:\/\/urbeamea.ro\/albaiulia\/un-barbat-si-a-agresat-gazda-si-i-a-furat-banii-calul-si-caruta-dar-a-fost-prins-la-posaga\/#breadcrumb","itemListElement":[{"@type":"ListItem","position":1,"name":"Prima pagin\u0103","item":"https:\/\/urbeamea.ro\/albaiulia\/"},{"@type":"ListItem","position":2,"name":"Un b\u0103rbat \u0219i-a agresat gazda \u0219i i-a furat banii, calul \u0219i c\u0103ru\u021ba, dar a fost prins la Po\u0219aga"}]},{"@type":"WebSite","@id":"https:\/\/urbeamea.ro\/albaiulia\/#website","url":"https:\/\/urbeamea.ro\/albaiulia\/","name":"Revista Urbea Mea, Stiri urbane","description":"Evenimente \u0219i \u0219tiri din Alba Iulia, Sebe\u0219, Aiud, Blaj","potentialAction":[{"@type":"SearchAction","target":{"@type":"EntryPoint","urlTemplate":"https:\/\/urbeamea.ro\/albaiulia\/?s={search_term_string}"},"query-input":{"@type":"PropertyValueSpecification","valueRequired":true,"valueName":"search_term_string"}}],"inLanguage":"ro-RO"},{"@type":"Person","@id":"https:\/\/urbeamea.ro\/albaiulia\/#\/schema\/person\/9700d21fae21c4f038b0b56f4506264a","name":"Cristina Ganga","image":{"@type":"ImageObject","inLanguage":"ro-RO","@id":"https:\/\/secure.gravatar.com\/avatar\/5a67661041f057b4a8ccaf26f5a8e86e2689372006d01faf3dd9eeb10b654bb4?s=96&d=mm&r=g","url":"https:\/\/secure.gravatar.com\/avatar\/5a67661041f057b4a8ccaf26f5a8e86e2689372006d01faf3dd9eeb10b654bb4?s=96&d=mm&r=g","contentUrl":"https:\/\/secure.gravatar.com\/avatar\/5a67661041f057b4a8ccaf26f5a8e86e2689372006d01faf3dd9eeb10b654bb4?s=96&d=mm&r=g","caption":"Cristina Ganga"},"description":"Jurnalist","sameAs":["https:\/\/www.facebook.com\/cristina.nicola.587"],"url":"https:\/\/urbeamea.ro\/albaiulia\/author\/cristina-nicola\/"}]}},"_links":{"self":[{"href":"https:\/\/urbeamea.ro\/albaiulia\/wp-json\/wp\/v2\/posts\/32878","targetHints":{"allow":["GET"]}}],"collection":[{"href":"https:\/\/urbeamea.ro\/albaiulia\/wp-json\/wp\/v2\/posts"}],"about":[{"href":"https:\/\/urbeamea.ro\/albaiulia\/wp-json\/wp\/v2\/types\/post"}],"author":[{"embeddable":true,"href":"https:\/\/urbeamea.ro\/albaiulia\/wp-json\/wp\/v2\/users\/17"}],"replies":[{"embeddable":true,"href":"https:\/\/urbeamea.ro\/albaiulia\/wp-json\/wp\/v2\/comments?post=32878"}],"version-history":[{"count":0,"href":"https:\/\/urbeamea.ro\/albaiulia\/wp-json\/wp\/v2\/posts\/32878\/revisions"}],"wp:featuredmedia":[{"embeddable":true,"href":"https:\/\/urbeamea.ro\/albaiulia\/wp-json\/wp\/v2\/media\/32818"}],"wp:attachment":[{"href":"https:\/\/urbeamea.ro\/albaiulia\/wp-json\/wp\/v2\/media?parent=32878"}],"wp:term":[{"taxonomy":"category","embeddable":true,"href":"https:\/\/urbeamea.ro\/albaiulia\/wp-json\/wp\/v2\/categories?post=32878"},{"taxonomy":"post_tag","embeddable":true,"href":"https:\/\/urbeamea.ro\/albaiulia\/wp-json\/wp\/v2\/tags?post=32878"}],"curies":[{"name":"wp","href":"https:\/\/api.w.org\/{rel}","templated":true}]}}