{"id":32923,"date":"2016-10-07T11:43:34","date_gmt":"2016-10-07T08:43:34","guid":{"rendered":"http:\/\/urbeamea.ro\/albaiulia\/?p=32923"},"modified":"2016-10-07T11:43:34","modified_gmt":"2016-10-07T08:43:34","slug":"primaria-aiud-in-26-octombrie-licitatie-pentru-vanzarea-a-doua-terenuri","status":"publish","type":"post","link":"https:\/\/urbeamea.ro\/albaiulia\/primaria-aiud-in-26-octombrie-licitatie-pentru-vanzarea-a-doua-terenuri\/","title":{"rendered":"Prim\u0103ria Aiud: \u00cen 26 octombrie, licita\u021bie pentru v\u00e2nzarea a dou\u0103 terenuri"},"content":{"rendered":"<p><strong><img loading=\"lazy\" decoding=\"async\" class=\"size-medium wp-image-24435 alignleft\" src=\"http:\/\/urbeamea.ro\/albaiulia\/wp-content\/uploads\/2016\/05\/primaria-aiud-300x226.jpg\" alt=\"primaria aiud\" width=\"300\" height=\"226\" \/>Prim\u0103ria municipiului Aiud organizeaz\u0103 \u00een data de 26 octombrie, ora 12:00, respectiv ora 13:00, la sediul din Aiud, strada Cuza \u2013 Vod\u0103, nr. 1, licita\u0163ie public\u0103 deschis\u0103 cu strigarea pre\u021bului, pentru v\u00e2nzarea a dou\u0103 imobile.<\/strong><\/p>\n<p><strong>Imobilele scoase la licita\u021bie sunt urm\u0103toarele:<\/strong><\/p>\n<p>1. teren situat administrativ \u00een Aiudul de Sus, str. Valea Aiudului, fn, categoria de folosin\u021b\u0103 \u201ecur\u021bi construc\u021bii\u201d, proprietar tabular Municipiul Aiud, domeniul privat, compus din trei parcele, identificate dup\u0103 cum urmeaz\u0103:<\/p>\n<ul>\n<li>parcela nr. 1 \u2013 \u00eenscris\u0103 \u00een CF nr. 91327 Aiud, nr.cad\/top. 91327 \u2013 teren intravilan, cu suprafa\u021ba de 216 m2;<\/li>\n<li>parcela nr. 2 \u2013 \u00eenscris\u0103 \u00een CF nr. 91326 Aiud, nr.cad\/top. 91326 \u2013 teren intravilan<\/li>\n<\/ul>\n<p>cu suprafa\u021ba de 159 m2;<\/p>\n<ul>\n<li>parcela nr. 3 \u2013 \u00eenscris\u0103 \u00een CF nr. 91325 Aiud, nr.cad\/top. 91325 \u2013 teren intravilan, cu suprafa\u021ba de 225 m2.<\/li>\n<\/ul>\n<p>Pre\u0163ul de pornire a licita\u021biei publice este de 11,5 euro\/m2 pentru fiecare din parcelele supuse procedurii de licita\u021bie, iar pragul de strigare este de 5 % din pre\u0163ul minim de pornire, respectiv 0, 575 euro\/m2 .<\/p>\n<p><span lang=\"ro-RO\">2.<\/span><span lang=\"ro-RO\"> teren \u00een suprafa\u0163\u0103 total\u0103 de 4675 mp, situat administrativ \u00een Aiud, str. G\u0103rii, nr. 3B, teren intravilan, categoria de folosin\u021b\u0103 \u201ecur\u021bi construc\u021bii\u201d, compus din 4 parcele, proprietar tabular Municipiul Aiud \u2013 domeniu privat, identificate dup\u0103 cum urmeaz\u0103:<\/span><\/p>\n<p><span lang=\"ro-RO\">CF nr. 82844 Aiud, nr. top\/cad. 82844, cu suprafa\u0163a de 1548 m<\/span><span lang=\"ro-RO\">2<\/span><span lang=\"ro-RO\">;<\/span><\/p>\n<p><span lang=\"ro-RO\">CF nr. 82843 Aiud, nr. top\/cad. 82843, teren intravilan, cu suprafa\u0163a de 187 m<\/span><span lang=\"ro-RO\">2<\/span><span lang=\"ro-RO\">;<\/span><\/p>\n<p><span lang=\"ro-RO\">CF nr. 82736 Aiud, nr. top\/cad. 82736, teren intravilan, cu suprafa\u0163a de 1489 m<\/span><span lang=\"ro-RO\">2<\/span><span lang=\"ro-RO\">;<\/span><\/p>\n<p><span lang=\"ro-RO\">CF nr. 82737 Aiud, nr. top\/cad. 82737, teren intravilan, cu suprafa\u0163a de 1451 m<\/span><span lang=\"ro-RO\">2<\/span><span lang=\"ro-RO\">.<\/span><\/p>\n<p><span lang=\"ro-RO\">Pre\u021bul de pornire a licita\u021biei este de 8,6 euro\/m<\/span><span lang=\"ro-RO\">2<\/span><span lang=\"ro-RO\">, iar pragul de strigare este de 5% din pre\u021bul minim, respectiv 0,43 euro\/m<\/span><span lang=\"ro-RO\">2 <\/span><span lang=\"ro-RO\">.<\/span><\/p>\n<p>Documentele licita\u0163iei \u015fi informa\u0163ii suplimentare se pot ob\u0163ine la Direc\u0163ia Tehnic\u0103 din cadrul Prim\u0103riei Aiud, telefon 0258.861310, int. 39.<\/p>\n<p><span lang=\"ro-RO\">Data limit\u0103 pentru depunerea ofertelor este 25 octombrie, ora 15:00<\/span><span lang=\"ro-RO\">.<\/span><\/p>\n","protected":false},"excerpt":{"rendered":"<p>Prim\u0103ria municipiului Aiud organizeaz\u0103 \u00een data de 26 octombrie, ora 12:00, respectiv ora 13:00, la sediul din Aiud, strada Cuza \u2013 Vod\u0103, nr. 1, licita\u0163ie public\u0103 deschis\u0103 cu strigarea pre\u021bului, pentru v\u00e2nzarea a dou\u0103 imobile. Imobilele scoase la licita\u021bie sunt urm\u0103toarele: 1. teren situat administrativ \u00een Aiudul de Sus, str. Valea Aiudului, fn, categoria de &hellip;<\/p>\n","protected":false},"author":17,"featured_media":24435,"comment_status":"open","ping_status":"open","sticky":false,"template":"","format":"standard","meta":{"inline_featured_image":false,"footnotes":""},"categories":[2034],"tags":[307,5580,7840,4189,308,76,7567],"class_list":["post-32923","post","type-post","status-publish","format-standard","has-post-thumbnail","hentry","category-social","tag-alba","tag-imobile","tag-licitatie-publica-deschisa","tag-primaria-aiud","tag-stiri","tag-urbea-mea","tag-vanzare"],"yoast_head":"<!-- This site is optimized with the Yoast SEO plugin v28.3 - https:\/\/yoast.com\/product\/yoast-seo-wordpress\/ -->\n<title>Prim\u0103ria Aiud: \u00cen 26 octombrie, licita\u021bie pentru v\u00e2nzarea a dou\u0103 terenuri - Revista Urbea Mea - Revista de Alba<\/title>\n<meta name=\"description\" content=\"Prim\u0103ria municipiului Aiud organizeaz\u0103 \u00een data de 26 octombrie, ora 12:00, respectiv ora 13:00, la sediul din Aiud, strada Cuza \u2013 Vod\u0103, nr. 1, licita\u0163ie\" \/>\n<meta name=\"robots\" content=\"index, follow, max-snippet:-1, max-image-preview:large, max-video-preview:-1\" \/>\n<link rel=\"canonical\" href=\"https:\/\/urbeamea.ro\/albaiulia\/primaria-aiud-in-26-octombrie-licitatie-pentru-vanzarea-a-doua-terenuri\/\" \/>\n<meta name=\"twitter:card\" content=\"summary_large_image\" \/>\n<meta name=\"twitter:title\" content=\"Prim\u0103ria Aiud: \u00cen 26 octombrie, licita\u021bie pentru v\u00e2nzarea a dou\u0103 terenuri - Revista Urbea Mea - Revista de Alba\" \/>\n<meta name=\"twitter:description\" content=\"Prim\u0103ria municipiului Aiud organizeaz\u0103 \u00een data de 26 octombrie, ora 12:00, respectiv ora 13:00, la sediul din Aiud, strada Cuza \u2013 Vod\u0103, nr. 1, licita\u0163ie\" \/>\n<meta name=\"twitter:image\" content=\"https:\/\/urbeamea.ro\/albaiulia\/wp-content\/uploads\/2016\/05\/primaria-aiud.jpg\" \/>\n<meta name=\"twitter:creator\" content=\"@urbeameaweb\" \/>\n<meta name=\"twitter:site\" content=\"@urbeameaweb\" \/>\n<script type=\"application\/ld+json\" class=\"yoast-schema-graph\">{\"@context\":\"https:\\\/\\\/schema.org\",\"@graph\":[{\"@type\":\"Article\",\"@id\":\"https:\\\/\\\/urbeamea.ro\\\/albaiulia\\\/primaria-aiud-in-26-octombrie-licitatie-pentru-vanzarea-a-doua-terenuri\\\/#article\",\"isPartOf\":{\"@id\":\"https:\\\/\\\/urbeamea.ro\\\/albaiulia\\\/primaria-aiud-in-26-octombrie-licitatie-pentru-vanzarea-a-doua-terenuri\\\/\"},\"author\":{\"name\":\"Cristina Ganga\",\"@id\":\"https:\\\/\\\/urbeamea.ro\\\/albaiulia\\\/#\\\/schema\\\/person\\\/9700d21fae21c4f038b0b56f4506264a\"},\"headline\":\"Prim\u0103ria Aiud: \u00cen 26 octombrie, licita\u021bie pentru v\u00e2nzarea a dou\u0103 terenuri\",\"datePublished\":\"2016-10-07T08:43:34+00:00\",\"mainEntityOfPage\":{\"@id\":\"https:\\\/\\\/urbeamea.ro\\\/albaiulia\\\/primaria-aiud-in-26-octombrie-licitatie-pentru-vanzarea-a-doua-terenuri\\\/\"},\"wordCount\":315,\"commentCount\":0,\"image\":{\"@id\":\"https:\\\/\\\/urbeamea.ro\\\/albaiulia\\\/primaria-aiud-in-26-octombrie-licitatie-pentru-vanzarea-a-doua-terenuri\\\/#primaryimage\"},\"thumbnailUrl\":\"https:\\\/\\\/urbeamea.ro\\\/albaiulia\\\/wp-content\\\/uploads\\\/2016\\\/05\\\/primaria-aiud.jpg\",\"keywords\":[\"alba\",\"imobile\",\"licitatie publica deschisa\",\"primaria aiud\",\"stiri\",\"Urbea Mea\",\"vanzare\"],\"articleSection\":[\"Social\"],\"inLanguage\":\"ro-RO\",\"potentialAction\":[{\"@type\":\"CommentAction\",\"name\":\"Comment\",\"target\":[\"https:\\\/\\\/urbeamea.ro\\\/albaiulia\\\/primaria-aiud-in-26-octombrie-licitatie-pentru-vanzarea-a-doua-terenuri\\\/#respond\"]}]},{\"@type\":\"WebPage\",\"@id\":\"https:\\\/\\\/urbeamea.ro\\\/albaiulia\\\/primaria-aiud-in-26-octombrie-licitatie-pentru-vanzarea-a-doua-terenuri\\\/\",\"url\":\"https:\\\/\\\/urbeamea.ro\\\/albaiulia\\\/primaria-aiud-in-26-octombrie-licitatie-pentru-vanzarea-a-doua-terenuri\\\/\",\"name\":\"Prim\u0103ria Aiud: \u00cen 26 octombrie, licita\u021bie pentru v\u00e2nzarea a dou\u0103 terenuri - Revista Urbea Mea - Revista de Alba\",\"isPartOf\":{\"@id\":\"https:\\\/\\\/urbeamea.ro\\\/albaiulia\\\/#website\"},\"primaryImageOfPage\":{\"@id\":\"https:\\\/\\\/urbeamea.ro\\\/albaiulia\\\/primaria-aiud-in-26-octombrie-licitatie-pentru-vanzarea-a-doua-terenuri\\\/#primaryimage\"},\"image\":{\"@id\":\"https:\\\/\\\/urbeamea.ro\\\/albaiulia\\\/primaria-aiud-in-26-octombrie-licitatie-pentru-vanzarea-a-doua-terenuri\\\/#primaryimage\"},\"thumbnailUrl\":\"https:\\\/\\\/urbeamea.ro\\\/albaiulia\\\/wp-content\\\/uploads\\\/2016\\\/05\\\/primaria-aiud.jpg\",\"datePublished\":\"2016-10-07T08:43:34+00:00\",\"author\":{\"@id\":\"https:\\\/\\\/urbeamea.ro\\\/albaiulia\\\/#\\\/schema\\\/person\\\/9700d21fae21c4f038b0b56f4506264a\"},\"description\":\"Prim\u0103ria municipiului Aiud organizeaz\u0103 \u00een data de 26 octombrie, ora 12:00, respectiv ora 13:00, la sediul din Aiud, strada Cuza \u2013 Vod\u0103, nr. 1, licita\u0163ie\",\"breadcrumb\":{\"@id\":\"https:\\\/\\\/urbeamea.ro\\\/albaiulia\\\/primaria-aiud-in-26-octombrie-licitatie-pentru-vanzarea-a-doua-terenuri\\\/#breadcrumb\"},\"inLanguage\":\"ro-RO\",\"potentialAction\":[{\"@type\":\"ReadAction\",\"target\":[\"https:\\\/\\\/urbeamea.ro\\\/albaiulia\\\/primaria-aiud-in-26-octombrie-licitatie-pentru-vanzarea-a-doua-terenuri\\\/\"]}]},{\"@type\":\"ImageObject\",\"inLanguage\":\"ro-RO\",\"@id\":\"https:\\\/\\\/urbeamea.ro\\\/albaiulia\\\/primaria-aiud-in-26-octombrie-licitatie-pentru-vanzarea-a-doua-terenuri\\\/#primaryimage\",\"url\":\"https:\\\/\\\/urbeamea.ro\\\/albaiulia\\\/wp-content\\\/uploads\\\/2016\\\/05\\\/primaria-aiud.jpg\",\"contentUrl\":\"https:\\\/\\\/urbeamea.ro\\\/albaiulia\\\/wp-content\\\/uploads\\\/2016\\\/05\\\/primaria-aiud.jpg\",\"width\":1280,\"height\":966},{\"@type\":\"BreadcrumbList\",\"@id\":\"https:\\\/\\\/urbeamea.ro\\\/albaiulia\\\/primaria-aiud-in-26-octombrie-licitatie-pentru-vanzarea-a-doua-terenuri\\\/#breadcrumb\",\"itemListElement\":[{\"@type\":\"ListItem\",\"position\":1,\"name\":\"Prima pagin\u0103\",\"item\":\"https:\\\/\\\/urbeamea.ro\\\/albaiulia\\\/\"},{\"@type\":\"ListItem\",\"position\":2,\"name\":\"Prim\u0103ria Aiud: \u00cen 26 octombrie, licita\u021bie pentru v\u00e2nzarea a dou\u0103 terenuri\"}]},{\"@type\":\"WebSite\",\"@id\":\"https:\\\/\\\/urbeamea.ro\\\/albaiulia\\\/#website\",\"url\":\"https:\\\/\\\/urbeamea.ro\\\/albaiulia\\\/\",\"name\":\"Revista Urbea Mea, Stiri urbane\",\"description\":\"Evenimente \u0219i \u0219tiri din Alba Iulia, Sebe\u0219, Aiud, Blaj\",\"potentialAction\":[{\"@type\":\"SearchAction\",\"target\":{\"@type\":\"EntryPoint\",\"urlTemplate\":\"https:\\\/\\\/urbeamea.ro\\\/albaiulia\\\/?s={search_term_string}\"},\"query-input\":{\"@type\":\"PropertyValueSpecification\",\"valueRequired\":true,\"valueName\":\"search_term_string\"}}],\"inLanguage\":\"ro-RO\"},{\"@type\":\"Person\",\"@id\":\"https:\\\/\\\/urbeamea.ro\\\/albaiulia\\\/#\\\/schema\\\/person\\\/9700d21fae21c4f038b0b56f4506264a\",\"name\":\"Cristina Ganga\",\"image\":{\"@type\":\"ImageObject\",\"inLanguage\":\"ro-RO\",\"@id\":\"https:\\\/\\\/secure.gravatar.com\\\/avatar\\\/5a67661041f057b4a8ccaf26f5a8e86e2689372006d01faf3dd9eeb10b654bb4?s=96&d=mm&r=g\",\"url\":\"https:\\\/\\\/secure.gravatar.com\\\/avatar\\\/5a67661041f057b4a8ccaf26f5a8e86e2689372006d01faf3dd9eeb10b654bb4?s=96&d=mm&r=g\",\"contentUrl\":\"https:\\\/\\\/secure.gravatar.com\\\/avatar\\\/5a67661041f057b4a8ccaf26f5a8e86e2689372006d01faf3dd9eeb10b654bb4?s=96&d=mm&r=g\",\"caption\":\"Cristina Ganga\"},\"description\":\"Jurnalist\",\"sameAs\":[\"https:\\\/\\\/www.facebook.com\\\/cristina.nicola.587\"],\"url\":\"https:\\\/\\\/urbeamea.ro\\\/albaiulia\\\/author\\\/cristina-nicola\\\/\"}]}<\/script>\n<!-- \/ Yoast SEO plugin. -->","yoast_head_json":{"title":"Prim\u0103ria Aiud: \u00cen 26 octombrie, licita\u021bie pentru v\u00e2nzarea a dou\u0103 terenuri - Revista Urbea Mea - Revista de Alba","description":"Prim\u0103ria municipiului Aiud organizeaz\u0103 \u00een data de 26 octombrie, ora 12:00, respectiv ora 13:00, la sediul din Aiud, strada Cuza \u2013 Vod\u0103, nr. 1, licita\u0163ie","robots":{"index":"index","follow":"follow","max-snippet":"max-snippet:-1","max-image-preview":"max-image-preview:large","max-video-preview":"max-video-preview:-1"},"canonical":"https:\/\/urbeamea.ro\/albaiulia\/primaria-aiud-in-26-octombrie-licitatie-pentru-vanzarea-a-doua-terenuri\/","twitter_card":"summary_large_image","twitter_title":"Prim\u0103ria Aiud: \u00cen 26 octombrie, licita\u021bie pentru v\u00e2nzarea a dou\u0103 terenuri - Revista Urbea Mea - Revista de Alba","twitter_description":"Prim\u0103ria municipiului Aiud organizeaz\u0103 \u00een data de 26 octombrie, ora 12:00, respectiv ora 13:00, la sediul din Aiud, strada Cuza \u2013 Vod\u0103, nr. 1, licita\u0163ie","twitter_image":"https:\/\/urbeamea.ro\/albaiulia\/wp-content\/uploads\/2016\/05\/primaria-aiud.jpg","twitter_creator":"@urbeameaweb","twitter_site":"@urbeameaweb","schema":{"@context":"https:\/\/schema.org","@graph":[{"@type":"Article","@id":"https:\/\/urbeamea.ro\/albaiulia\/primaria-aiud-in-26-octombrie-licitatie-pentru-vanzarea-a-doua-terenuri\/#article","isPartOf":{"@id":"https:\/\/urbeamea.ro\/albaiulia\/primaria-aiud-in-26-octombrie-licitatie-pentru-vanzarea-a-doua-terenuri\/"},"author":{"name":"Cristina Ganga","@id":"https:\/\/urbeamea.ro\/albaiulia\/#\/schema\/person\/9700d21fae21c4f038b0b56f4506264a"},"headline":"Prim\u0103ria Aiud: \u00cen 26 octombrie, licita\u021bie pentru v\u00e2nzarea a dou\u0103 terenuri","datePublished":"2016-10-07T08:43:34+00:00","mainEntityOfPage":{"@id":"https:\/\/urbeamea.ro\/albaiulia\/primaria-aiud-in-26-octombrie-licitatie-pentru-vanzarea-a-doua-terenuri\/"},"wordCount":315,"commentCount":0,"image":{"@id":"https:\/\/urbeamea.ro\/albaiulia\/primaria-aiud-in-26-octombrie-licitatie-pentru-vanzarea-a-doua-terenuri\/#primaryimage"},"thumbnailUrl":"https:\/\/urbeamea.ro\/albaiulia\/wp-content\/uploads\/2016\/05\/primaria-aiud.jpg","keywords":["alba","imobile","licitatie publica deschisa","primaria aiud","stiri","Urbea Mea","vanzare"],"articleSection":["Social"],"inLanguage":"ro-RO","potentialAction":[{"@type":"CommentAction","name":"Comment","target":["https:\/\/urbeamea.ro\/albaiulia\/primaria-aiud-in-26-octombrie-licitatie-pentru-vanzarea-a-doua-terenuri\/#respond"]}]},{"@type":"WebPage","@id":"https:\/\/urbeamea.ro\/albaiulia\/primaria-aiud-in-26-octombrie-licitatie-pentru-vanzarea-a-doua-terenuri\/","url":"https:\/\/urbeamea.ro\/albaiulia\/primaria-aiud-in-26-octombrie-licitatie-pentru-vanzarea-a-doua-terenuri\/","name":"Prim\u0103ria Aiud: \u00cen 26 octombrie, licita\u021bie pentru v\u00e2nzarea a dou\u0103 terenuri - Revista Urbea Mea - Revista de Alba","isPartOf":{"@id":"https:\/\/urbeamea.ro\/albaiulia\/#website"},"primaryImageOfPage":{"@id":"https:\/\/urbeamea.ro\/albaiulia\/primaria-aiud-in-26-octombrie-licitatie-pentru-vanzarea-a-doua-terenuri\/#primaryimage"},"image":{"@id":"https:\/\/urbeamea.ro\/albaiulia\/primaria-aiud-in-26-octombrie-licitatie-pentru-vanzarea-a-doua-terenuri\/#primaryimage"},"thumbnailUrl":"https:\/\/urbeamea.ro\/albaiulia\/wp-content\/uploads\/2016\/05\/primaria-aiud.jpg","datePublished":"2016-10-07T08:43:34+00:00","author":{"@id":"https:\/\/urbeamea.ro\/albaiulia\/#\/schema\/person\/9700d21fae21c4f038b0b56f4506264a"},"description":"Prim\u0103ria municipiului Aiud organizeaz\u0103 \u00een data de 26 octombrie, ora 12:00, respectiv ora 13:00, la sediul din Aiud, strada Cuza \u2013 Vod\u0103, nr. 1, licita\u0163ie","breadcrumb":{"@id":"https:\/\/urbeamea.ro\/albaiulia\/primaria-aiud-in-26-octombrie-licitatie-pentru-vanzarea-a-doua-terenuri\/#breadcrumb"},"inLanguage":"ro-RO","potentialAction":[{"@type":"ReadAction","target":["https:\/\/urbeamea.ro\/albaiulia\/primaria-aiud-in-26-octombrie-licitatie-pentru-vanzarea-a-doua-terenuri\/"]}]},{"@type":"ImageObject","inLanguage":"ro-RO","@id":"https:\/\/urbeamea.ro\/albaiulia\/primaria-aiud-in-26-octombrie-licitatie-pentru-vanzarea-a-doua-terenuri\/#primaryimage","url":"https:\/\/urbeamea.ro\/albaiulia\/wp-content\/uploads\/2016\/05\/primaria-aiud.jpg","contentUrl":"https:\/\/urbeamea.ro\/albaiulia\/wp-content\/uploads\/2016\/05\/primaria-aiud.jpg","width":1280,"height":966},{"@type":"BreadcrumbList","@id":"https:\/\/urbeamea.ro\/albaiulia\/primaria-aiud-in-26-octombrie-licitatie-pentru-vanzarea-a-doua-terenuri\/#breadcrumb","itemListElement":[{"@type":"ListItem","position":1,"name":"Prima pagin\u0103","item":"https:\/\/urbeamea.ro\/albaiulia\/"},{"@type":"ListItem","position":2,"name":"Prim\u0103ria Aiud: \u00cen 26 octombrie, licita\u021bie pentru v\u00e2nzarea a dou\u0103 terenuri"}]},{"@type":"WebSite","@id":"https:\/\/urbeamea.ro\/albaiulia\/#website","url":"https:\/\/urbeamea.ro\/albaiulia\/","name":"Revista Urbea Mea, Stiri urbane","description":"Evenimente \u0219i \u0219tiri din Alba Iulia, Sebe\u0219, Aiud, Blaj","potentialAction":[{"@type":"SearchAction","target":{"@type":"EntryPoint","urlTemplate":"https:\/\/urbeamea.ro\/albaiulia\/?s={search_term_string}"},"query-input":{"@type":"PropertyValueSpecification","valueRequired":true,"valueName":"search_term_string"}}],"inLanguage":"ro-RO"},{"@type":"Person","@id":"https:\/\/urbeamea.ro\/albaiulia\/#\/schema\/person\/9700d21fae21c4f038b0b56f4506264a","name":"Cristina Ganga","image":{"@type":"ImageObject","inLanguage":"ro-RO","@id":"https:\/\/secure.gravatar.com\/avatar\/5a67661041f057b4a8ccaf26f5a8e86e2689372006d01faf3dd9eeb10b654bb4?s=96&d=mm&r=g","url":"https:\/\/secure.gravatar.com\/avatar\/5a67661041f057b4a8ccaf26f5a8e86e2689372006d01faf3dd9eeb10b654bb4?s=96&d=mm&r=g","contentUrl":"https:\/\/secure.gravatar.com\/avatar\/5a67661041f057b4a8ccaf26f5a8e86e2689372006d01faf3dd9eeb10b654bb4?s=96&d=mm&r=g","caption":"Cristina Ganga"},"description":"Jurnalist","sameAs":["https:\/\/www.facebook.com\/cristina.nicola.587"],"url":"https:\/\/urbeamea.ro\/albaiulia\/author\/cristina-nicola\/"}]}},"_links":{"self":[{"href":"https:\/\/urbeamea.ro\/albaiulia\/wp-json\/wp\/v2\/posts\/32923","targetHints":{"allow":["GET"]}}],"collection":[{"href":"https:\/\/urbeamea.ro\/albaiulia\/wp-json\/wp\/v2\/posts"}],"about":[{"href":"https:\/\/urbeamea.ro\/albaiulia\/wp-json\/wp\/v2\/types\/post"}],"author":[{"embeddable":true,"href":"https:\/\/urbeamea.ro\/albaiulia\/wp-json\/wp\/v2\/users\/17"}],"replies":[{"embeddable":true,"href":"https:\/\/urbeamea.ro\/albaiulia\/wp-json\/wp\/v2\/comments?post=32923"}],"version-history":[{"count":0,"href":"https:\/\/urbeamea.ro\/albaiulia\/wp-json\/wp\/v2\/posts\/32923\/revisions"}],"wp:featuredmedia":[{"embeddable":true,"href":"https:\/\/urbeamea.ro\/albaiulia\/wp-json\/wp\/v2\/media\/24435"}],"wp:attachment":[{"href":"https:\/\/urbeamea.ro\/albaiulia\/wp-json\/wp\/v2\/media?parent=32923"}],"wp:term":[{"taxonomy":"category","embeddable":true,"href":"https:\/\/urbeamea.ro\/albaiulia\/wp-json\/wp\/v2\/categories?post=32923"},{"taxonomy":"post_tag","embeddable":true,"href":"https:\/\/urbeamea.ro\/albaiulia\/wp-json\/wp\/v2\/tags?post=32923"}],"curies":[{"name":"wp","href":"https:\/\/api.w.org\/{rel}","templated":true}]}}