{"id":32925,"date":"2016-10-07T12:15:20","date_gmt":"2016-10-07T09:15:20","guid":{"rendered":"http:\/\/urbeamea.ro\/albaiulia\/?p=32925"},"modified":"2016-10-07T12:15:20","modified_gmt":"2016-10-07T09:15:20","slug":"trei-barbati-din-judetul-hunedoara-cercetati-penal-la-alba-iulia-pentru-furt-calificat","status":"publish","type":"post","link":"https:\/\/urbeamea.ro\/albaiulia\/trei-barbati-din-judetul-hunedoara-cercetati-penal-la-alba-iulia-pentru-furt-calificat\/","title":{"rendered":"Trei b\u0103rba\u021bi din jude\u021bul Hunedoara, cerceta\u021bi penal la Alba Iulia pentru furt calificat"},"content":{"rendered":"<p><strong><img loading=\"lazy\" decoding=\"async\" class=\"size-medium wp-image-17608 alignleft\" src=\"http:\/\/urbeamea.ro\/albaiulia\/wp-content\/uploads\/2016\/02\/furt-300x175.jpg\" alt=\"furt\" width=\"300\" height=\"175\" \/>Trei b\u0103rba\u021bi din jude\u021bul Hunedoara sunt cerceta\u021bi penal pentru tentativ\u0103 de furt calificat. \u00cen noaptea de joi spre vineri, ace\u0219tia au \u00eencercat s\u0103 sparg\u0103 un magazin <span lang=\"ro-RO\">alimentar situat pe strada \u015etefan cel Mare din municipiul Alba Iulia.<\/span><\/strong><\/p>\n<p><span lang=\"ro-RO\">Poli\u0163i\u015ftii din Alba Iulia au identificat trei b\u0103rba\u0163i din jude\u0163ul Hunedoara b\u0103nui\u0163i de comiterea unei tentative de furt la un magazin din Alba Iulia. \u00cen autoturismul acestora au fost g\u0103site mai multe unelte susceptibile a fi folosite la for\u0163area u\u015filor.<\/span><\/p>\n<p><span lang=\"ro-RO\">Potrivit IPJ Alba, la data de 7 octombrie, \u00een jurul orei 4.15, \u00een urma apelului unui cet\u0103\u0163ean care semnala prezen\u0163a unor indivizi suspec\u0163i pe strada \u015etefan cel Mare din Alba Iulia, poli\u0163i\u015ftii de ordine public\u0103 din cadrul Poli\u0163iei Municipiului Alba Iulia au luat m\u0103suri pentru identificarea acestora.<\/span><\/p>\n<p><span lang=\"ro-RO\">Astfel, la scurt timp de la sesizare, pe Bulevardul Ferdinand I din municipiu a fost depistat un autoturism, \u00eenmatriculat \u00een jude\u0163ul Hunedoara, cu care circulau trei b\u0103rba\u0163i, de 22, 29 \u015fi 31 de ani, doi din Deva \u015fi unul din comuna \u015eoimu\u015f.<\/span><\/p>\n<p><span lang=\"ro-RO\">Cu ocazia controlului efectuat, \u00een autoturism au fost g\u0103site mai multe r\u0103ngi, m\u0103nu\u015fi \u015fi saco\u015fe, bunuri susceptibile de a fi folosite la comiterea de furturi.<\/span><\/p>\n<p><span lang=\"ro-RO\">\u00cen primele cercet\u0103ri efectuate de poli\u0163i\u015fti a rezultat c\u0103, \u00een noaptea de 6\/7 octombrie, cei trei indivizi s-au deplasat din Deva \u00een Alba Iulia \u015fi au \u00eencercat s\u0103 p\u0103trund\u0103, prin efrac\u0163ie, \u00eentr-un magazin alimentar de pe strada \u015etefan cel Mare, \u00eens\u0103 au renun\u0163at, \u00een momentul \u00een care s-a declan\u015fat sistemul de alarmare.<\/span><\/p>\n<p><span lang=\"ro-RO\">Poli\u0163i\u015ftii i-au condus, pe cei trei b\u0103rba\u0163i, la sediul Poli\u0163iei Municipiului Alba Iulia, pe numele lor fiind \u00eentocmit dosar penal \u00een care sunt cerceta\u0163i sub aspectul comiterii infrac\u021biunii de tentativ\u0103 de furt calificat, urm\u00e2nd ca fa\u0163\u0103 de ace\u015ftia s\u0103 fie dispuse m\u0103surile legale.<\/span><\/p>\n","protected":false},"excerpt":{"rendered":"<p>Trei b\u0103rba\u021bi din jude\u021bul Hunedoara sunt cerceta\u021bi penal pentru tentativ\u0103 de furt calificat. \u00cen noaptea de joi spre vineri, ace\u0219tia au \u00eencercat s\u0103 sparg\u0103 un magazin alimentar situat pe strada \u015etefan cel Mare din municipiul Alba Iulia. Poli\u0163i\u015ftii din Alba Iulia au identificat trei b\u0103rba\u0163i din jude\u0163ul Hunedoara b\u0103nui\u0163i de comiterea unei tentative de furt &hellip;<\/p>\n","protected":false},"author":17,"featured_media":17608,"comment_status":"open","ping_status":"open","sticky":false,"template":"","format":"standard","meta":{"inline_featured_image":false,"footnotes":""},"categories":[2034],"tags":[31,3212,3294,3353,7841,458,308,76],"class_list":["post-32925","post","type-post","status-publish","format-standard","has-post-thumbnail","hentry","category-social","tag-alba-iulia","tag-cercetati-penal","tag-furt-calificat","tag-hunedoara","tag-magazin-alimentar","tag-politisti","tag-stiri","tag-urbea-mea"],"yoast_head":"<!-- This site is optimized with the Yoast SEO plugin v28.3 - https:\/\/yoast.com\/product\/yoast-seo-wordpress\/ -->\n<title>Trei b\u0103rba\u021bi din jude\u021bul Hunedoara, cerceta\u021bi penal la Alba Iulia pentru furt calificat - Revista Urbea Mea - Revista de Alba<\/title>\n<meta name=\"description\" content=\"Trei b\u0103rba\u021bi din jude\u021bul Hunedoara sunt cerceta\u021bi penal pentru tentativ\u0103 de furt calificat. \u00cen noaptea de joi spre vineri, ace\u0219tia au \u00eencercat s\u0103 sparg\u0103\" \/>\n<meta name=\"robots\" content=\"index, follow, max-snippet:-1, max-image-preview:large, max-video-preview:-1\" \/>\n<link rel=\"canonical\" href=\"https:\/\/urbeamea.ro\/albaiulia\/trei-barbati-din-judetul-hunedoara-cercetati-penal-la-alba-iulia-pentru-furt-calificat\/\" \/>\n<meta name=\"twitter:card\" content=\"summary_large_image\" \/>\n<meta name=\"twitter:title\" content=\"Trei b\u0103rba\u021bi din jude\u021bul Hunedoara, cerceta\u021bi penal la Alba Iulia pentru furt calificat - Revista Urbea Mea - Revista de Alba\" \/>\n<meta name=\"twitter:description\" content=\"Trei b\u0103rba\u021bi din jude\u021bul Hunedoara sunt cerceta\u021bi penal pentru tentativ\u0103 de furt calificat. \u00cen noaptea de joi spre vineri, ace\u0219tia au \u00eencercat s\u0103 sparg\u0103\" \/>\n<meta name=\"twitter:image\" content=\"https:\/\/urbeamea.ro\/albaiulia\/wp-content\/uploads\/2016\/02\/furt.jpg\" \/>\n<meta name=\"twitter:creator\" content=\"@urbeameaweb\" \/>\n<meta name=\"twitter:site\" content=\"@urbeameaweb\" \/>\n<script type=\"application\/ld+json\" class=\"yoast-schema-graph\">{\"@context\":\"https:\\\/\\\/schema.org\",\"@graph\":[{\"@type\":\"Article\",\"@id\":\"https:\\\/\\\/urbeamea.ro\\\/albaiulia\\\/trei-barbati-din-judetul-hunedoara-cercetati-penal-la-alba-iulia-pentru-furt-calificat\\\/#article\",\"isPartOf\":{\"@id\":\"https:\\\/\\\/urbeamea.ro\\\/albaiulia\\\/trei-barbati-din-judetul-hunedoara-cercetati-penal-la-alba-iulia-pentru-furt-calificat\\\/\"},\"author\":{\"name\":\"Cristina Ganga\",\"@id\":\"https:\\\/\\\/urbeamea.ro\\\/albaiulia\\\/#\\\/schema\\\/person\\\/9700d21fae21c4f038b0b56f4506264a\"},\"headline\":\"Trei b\u0103rba\u021bi din jude\u021bul Hunedoara, cerceta\u021bi penal la Alba Iulia pentru furt calificat\",\"datePublished\":\"2016-10-07T09:15:20+00:00\",\"mainEntityOfPage\":{\"@id\":\"https:\\\/\\\/urbeamea.ro\\\/albaiulia\\\/trei-barbati-din-judetul-hunedoara-cercetati-penal-la-alba-iulia-pentru-furt-calificat\\\/\"},\"wordCount\":344,\"commentCount\":0,\"image\":{\"@id\":\"https:\\\/\\\/urbeamea.ro\\\/albaiulia\\\/trei-barbati-din-judetul-hunedoara-cercetati-penal-la-alba-iulia-pentru-furt-calificat\\\/#primaryimage\"},\"thumbnailUrl\":\"https:\\\/\\\/urbeamea.ro\\\/albaiulia\\\/wp-content\\\/uploads\\\/2016\\\/02\\\/furt.jpg\",\"keywords\":[\"Alba Iulia\",\"cercetati penal\",\"furt calificat\",\"Hunedoara\",\"magazin alimentar\",\"politisti\",\"stiri\",\"Urbea Mea\"],\"articleSection\":[\"Social\"],\"inLanguage\":\"ro-RO\",\"potentialAction\":[{\"@type\":\"CommentAction\",\"name\":\"Comment\",\"target\":[\"https:\\\/\\\/urbeamea.ro\\\/albaiulia\\\/trei-barbati-din-judetul-hunedoara-cercetati-penal-la-alba-iulia-pentru-furt-calificat\\\/#respond\"]}]},{\"@type\":\"WebPage\",\"@id\":\"https:\\\/\\\/urbeamea.ro\\\/albaiulia\\\/trei-barbati-din-judetul-hunedoara-cercetati-penal-la-alba-iulia-pentru-furt-calificat\\\/\",\"url\":\"https:\\\/\\\/urbeamea.ro\\\/albaiulia\\\/trei-barbati-din-judetul-hunedoara-cercetati-penal-la-alba-iulia-pentru-furt-calificat\\\/\",\"name\":\"Trei b\u0103rba\u021bi din jude\u021bul Hunedoara, cerceta\u021bi penal la Alba Iulia pentru furt calificat - Revista Urbea Mea - Revista de Alba\",\"isPartOf\":{\"@id\":\"https:\\\/\\\/urbeamea.ro\\\/albaiulia\\\/#website\"},\"primaryImageOfPage\":{\"@id\":\"https:\\\/\\\/urbeamea.ro\\\/albaiulia\\\/trei-barbati-din-judetul-hunedoara-cercetati-penal-la-alba-iulia-pentru-furt-calificat\\\/#primaryimage\"},\"image\":{\"@id\":\"https:\\\/\\\/urbeamea.ro\\\/albaiulia\\\/trei-barbati-din-judetul-hunedoara-cercetati-penal-la-alba-iulia-pentru-furt-calificat\\\/#primaryimage\"},\"thumbnailUrl\":\"https:\\\/\\\/urbeamea.ro\\\/albaiulia\\\/wp-content\\\/uploads\\\/2016\\\/02\\\/furt.jpg\",\"datePublished\":\"2016-10-07T09:15:20+00:00\",\"author\":{\"@id\":\"https:\\\/\\\/urbeamea.ro\\\/albaiulia\\\/#\\\/schema\\\/person\\\/9700d21fae21c4f038b0b56f4506264a\"},\"description\":\"Trei b\u0103rba\u021bi din jude\u021bul Hunedoara sunt cerceta\u021bi penal pentru tentativ\u0103 de furt calificat. \u00cen noaptea de joi spre vineri, ace\u0219tia au \u00eencercat s\u0103 sparg\u0103\",\"breadcrumb\":{\"@id\":\"https:\\\/\\\/urbeamea.ro\\\/albaiulia\\\/trei-barbati-din-judetul-hunedoara-cercetati-penal-la-alba-iulia-pentru-furt-calificat\\\/#breadcrumb\"},\"inLanguage\":\"ro-RO\",\"potentialAction\":[{\"@type\":\"ReadAction\",\"target\":[\"https:\\\/\\\/urbeamea.ro\\\/albaiulia\\\/trei-barbati-din-judetul-hunedoara-cercetati-penal-la-alba-iulia-pentru-furt-calificat\\\/\"]}]},{\"@type\":\"ImageObject\",\"inLanguage\":\"ro-RO\",\"@id\":\"https:\\\/\\\/urbeamea.ro\\\/albaiulia\\\/trei-barbati-din-judetul-hunedoara-cercetati-penal-la-alba-iulia-pentru-furt-calificat\\\/#primaryimage\",\"url\":\"https:\\\/\\\/urbeamea.ro\\\/albaiulia\\\/wp-content\\\/uploads\\\/2016\\\/02\\\/furt.jpg\",\"contentUrl\":\"https:\\\/\\\/urbeamea.ro\\\/albaiulia\\\/wp-content\\\/uploads\\\/2016\\\/02\\\/furt.jpg\",\"width\":1280,\"height\":746},{\"@type\":\"BreadcrumbList\",\"@id\":\"https:\\\/\\\/urbeamea.ro\\\/albaiulia\\\/trei-barbati-din-judetul-hunedoara-cercetati-penal-la-alba-iulia-pentru-furt-calificat\\\/#breadcrumb\",\"itemListElement\":[{\"@type\":\"ListItem\",\"position\":1,\"name\":\"Prima pagin\u0103\",\"item\":\"https:\\\/\\\/urbeamea.ro\\\/albaiulia\\\/\"},{\"@type\":\"ListItem\",\"position\":2,\"name\":\"Trei b\u0103rba\u021bi din jude\u021bul Hunedoara, cerceta\u021bi penal la Alba Iulia pentru furt calificat\"}]},{\"@type\":\"WebSite\",\"@id\":\"https:\\\/\\\/urbeamea.ro\\\/albaiulia\\\/#website\",\"url\":\"https:\\\/\\\/urbeamea.ro\\\/albaiulia\\\/\",\"name\":\"Revista Urbea Mea, Stiri urbane\",\"description\":\"Evenimente \u0219i \u0219tiri din Alba Iulia, Sebe\u0219, Aiud, Blaj\",\"potentialAction\":[{\"@type\":\"SearchAction\",\"target\":{\"@type\":\"EntryPoint\",\"urlTemplate\":\"https:\\\/\\\/urbeamea.ro\\\/albaiulia\\\/?s={search_term_string}\"},\"query-input\":{\"@type\":\"PropertyValueSpecification\",\"valueRequired\":true,\"valueName\":\"search_term_string\"}}],\"inLanguage\":\"ro-RO\"},{\"@type\":\"Person\",\"@id\":\"https:\\\/\\\/urbeamea.ro\\\/albaiulia\\\/#\\\/schema\\\/person\\\/9700d21fae21c4f038b0b56f4506264a\",\"name\":\"Cristina Ganga\",\"image\":{\"@type\":\"ImageObject\",\"inLanguage\":\"ro-RO\",\"@id\":\"https:\\\/\\\/secure.gravatar.com\\\/avatar\\\/5a67661041f057b4a8ccaf26f5a8e86e2689372006d01faf3dd9eeb10b654bb4?s=96&d=mm&r=g\",\"url\":\"https:\\\/\\\/secure.gravatar.com\\\/avatar\\\/5a67661041f057b4a8ccaf26f5a8e86e2689372006d01faf3dd9eeb10b654bb4?s=96&d=mm&r=g\",\"contentUrl\":\"https:\\\/\\\/secure.gravatar.com\\\/avatar\\\/5a67661041f057b4a8ccaf26f5a8e86e2689372006d01faf3dd9eeb10b654bb4?s=96&d=mm&r=g\",\"caption\":\"Cristina Ganga\"},\"description\":\"Jurnalist\",\"sameAs\":[\"https:\\\/\\\/www.facebook.com\\\/cristina.nicola.587\"],\"url\":\"https:\\\/\\\/urbeamea.ro\\\/albaiulia\\\/author\\\/cristina-nicola\\\/\"}]}<\/script>\n<!-- \/ Yoast SEO plugin. -->","yoast_head_json":{"title":"Trei b\u0103rba\u021bi din jude\u021bul Hunedoara, cerceta\u021bi penal la Alba Iulia pentru furt calificat - Revista Urbea Mea - Revista de Alba","description":"Trei b\u0103rba\u021bi din jude\u021bul Hunedoara sunt cerceta\u021bi penal pentru tentativ\u0103 de furt calificat. \u00cen noaptea de joi spre vineri, ace\u0219tia au \u00eencercat s\u0103 sparg\u0103","robots":{"index":"index","follow":"follow","max-snippet":"max-snippet:-1","max-image-preview":"max-image-preview:large","max-video-preview":"max-video-preview:-1"},"canonical":"https:\/\/urbeamea.ro\/albaiulia\/trei-barbati-din-judetul-hunedoara-cercetati-penal-la-alba-iulia-pentru-furt-calificat\/","twitter_card":"summary_large_image","twitter_title":"Trei b\u0103rba\u021bi din jude\u021bul Hunedoara, cerceta\u021bi penal la Alba Iulia pentru furt calificat - Revista Urbea Mea - Revista de Alba","twitter_description":"Trei b\u0103rba\u021bi din jude\u021bul Hunedoara sunt cerceta\u021bi penal pentru tentativ\u0103 de furt calificat. \u00cen noaptea de joi spre vineri, ace\u0219tia au \u00eencercat s\u0103 sparg\u0103","twitter_image":"https:\/\/urbeamea.ro\/albaiulia\/wp-content\/uploads\/2016\/02\/furt.jpg","twitter_creator":"@urbeameaweb","twitter_site":"@urbeameaweb","schema":{"@context":"https:\/\/schema.org","@graph":[{"@type":"Article","@id":"https:\/\/urbeamea.ro\/albaiulia\/trei-barbati-din-judetul-hunedoara-cercetati-penal-la-alba-iulia-pentru-furt-calificat\/#article","isPartOf":{"@id":"https:\/\/urbeamea.ro\/albaiulia\/trei-barbati-din-judetul-hunedoara-cercetati-penal-la-alba-iulia-pentru-furt-calificat\/"},"author":{"name":"Cristina Ganga","@id":"https:\/\/urbeamea.ro\/albaiulia\/#\/schema\/person\/9700d21fae21c4f038b0b56f4506264a"},"headline":"Trei b\u0103rba\u021bi din jude\u021bul Hunedoara, cerceta\u021bi penal la Alba Iulia pentru furt calificat","datePublished":"2016-10-07T09:15:20+00:00","mainEntityOfPage":{"@id":"https:\/\/urbeamea.ro\/albaiulia\/trei-barbati-din-judetul-hunedoara-cercetati-penal-la-alba-iulia-pentru-furt-calificat\/"},"wordCount":344,"commentCount":0,"image":{"@id":"https:\/\/urbeamea.ro\/albaiulia\/trei-barbati-din-judetul-hunedoara-cercetati-penal-la-alba-iulia-pentru-furt-calificat\/#primaryimage"},"thumbnailUrl":"https:\/\/urbeamea.ro\/albaiulia\/wp-content\/uploads\/2016\/02\/furt.jpg","keywords":["Alba Iulia","cercetati penal","furt calificat","Hunedoara","magazin alimentar","politisti","stiri","Urbea Mea"],"articleSection":["Social"],"inLanguage":"ro-RO","potentialAction":[{"@type":"CommentAction","name":"Comment","target":["https:\/\/urbeamea.ro\/albaiulia\/trei-barbati-din-judetul-hunedoara-cercetati-penal-la-alba-iulia-pentru-furt-calificat\/#respond"]}]},{"@type":"WebPage","@id":"https:\/\/urbeamea.ro\/albaiulia\/trei-barbati-din-judetul-hunedoara-cercetati-penal-la-alba-iulia-pentru-furt-calificat\/","url":"https:\/\/urbeamea.ro\/albaiulia\/trei-barbati-din-judetul-hunedoara-cercetati-penal-la-alba-iulia-pentru-furt-calificat\/","name":"Trei b\u0103rba\u021bi din jude\u021bul Hunedoara, cerceta\u021bi penal la Alba Iulia pentru furt calificat - Revista Urbea Mea - Revista de Alba","isPartOf":{"@id":"https:\/\/urbeamea.ro\/albaiulia\/#website"},"primaryImageOfPage":{"@id":"https:\/\/urbeamea.ro\/albaiulia\/trei-barbati-din-judetul-hunedoara-cercetati-penal-la-alba-iulia-pentru-furt-calificat\/#primaryimage"},"image":{"@id":"https:\/\/urbeamea.ro\/albaiulia\/trei-barbati-din-judetul-hunedoara-cercetati-penal-la-alba-iulia-pentru-furt-calificat\/#primaryimage"},"thumbnailUrl":"https:\/\/urbeamea.ro\/albaiulia\/wp-content\/uploads\/2016\/02\/furt.jpg","datePublished":"2016-10-07T09:15:20+00:00","author":{"@id":"https:\/\/urbeamea.ro\/albaiulia\/#\/schema\/person\/9700d21fae21c4f038b0b56f4506264a"},"description":"Trei b\u0103rba\u021bi din jude\u021bul Hunedoara sunt cerceta\u021bi penal pentru tentativ\u0103 de furt calificat. \u00cen noaptea de joi spre vineri, ace\u0219tia au \u00eencercat s\u0103 sparg\u0103","breadcrumb":{"@id":"https:\/\/urbeamea.ro\/albaiulia\/trei-barbati-din-judetul-hunedoara-cercetati-penal-la-alba-iulia-pentru-furt-calificat\/#breadcrumb"},"inLanguage":"ro-RO","potentialAction":[{"@type":"ReadAction","target":["https:\/\/urbeamea.ro\/albaiulia\/trei-barbati-din-judetul-hunedoara-cercetati-penal-la-alba-iulia-pentru-furt-calificat\/"]}]},{"@type":"ImageObject","inLanguage":"ro-RO","@id":"https:\/\/urbeamea.ro\/albaiulia\/trei-barbati-din-judetul-hunedoara-cercetati-penal-la-alba-iulia-pentru-furt-calificat\/#primaryimage","url":"https:\/\/urbeamea.ro\/albaiulia\/wp-content\/uploads\/2016\/02\/furt.jpg","contentUrl":"https:\/\/urbeamea.ro\/albaiulia\/wp-content\/uploads\/2016\/02\/furt.jpg","width":1280,"height":746},{"@type":"BreadcrumbList","@id":"https:\/\/urbeamea.ro\/albaiulia\/trei-barbati-din-judetul-hunedoara-cercetati-penal-la-alba-iulia-pentru-furt-calificat\/#breadcrumb","itemListElement":[{"@type":"ListItem","position":1,"name":"Prima pagin\u0103","item":"https:\/\/urbeamea.ro\/albaiulia\/"},{"@type":"ListItem","position":2,"name":"Trei b\u0103rba\u021bi din jude\u021bul Hunedoara, cerceta\u021bi penal la Alba Iulia pentru furt calificat"}]},{"@type":"WebSite","@id":"https:\/\/urbeamea.ro\/albaiulia\/#website","url":"https:\/\/urbeamea.ro\/albaiulia\/","name":"Revista Urbea Mea, Stiri urbane","description":"Evenimente \u0219i \u0219tiri din Alba Iulia, Sebe\u0219, Aiud, Blaj","potentialAction":[{"@type":"SearchAction","target":{"@type":"EntryPoint","urlTemplate":"https:\/\/urbeamea.ro\/albaiulia\/?s={search_term_string}"},"query-input":{"@type":"PropertyValueSpecification","valueRequired":true,"valueName":"search_term_string"}}],"inLanguage":"ro-RO"},{"@type":"Person","@id":"https:\/\/urbeamea.ro\/albaiulia\/#\/schema\/person\/9700d21fae21c4f038b0b56f4506264a","name":"Cristina Ganga","image":{"@type":"ImageObject","inLanguage":"ro-RO","@id":"https:\/\/secure.gravatar.com\/avatar\/5a67661041f057b4a8ccaf26f5a8e86e2689372006d01faf3dd9eeb10b654bb4?s=96&d=mm&r=g","url":"https:\/\/secure.gravatar.com\/avatar\/5a67661041f057b4a8ccaf26f5a8e86e2689372006d01faf3dd9eeb10b654bb4?s=96&d=mm&r=g","contentUrl":"https:\/\/secure.gravatar.com\/avatar\/5a67661041f057b4a8ccaf26f5a8e86e2689372006d01faf3dd9eeb10b654bb4?s=96&d=mm&r=g","caption":"Cristina Ganga"},"description":"Jurnalist","sameAs":["https:\/\/www.facebook.com\/cristina.nicola.587"],"url":"https:\/\/urbeamea.ro\/albaiulia\/author\/cristina-nicola\/"}]}},"_links":{"self":[{"href":"https:\/\/urbeamea.ro\/albaiulia\/wp-json\/wp\/v2\/posts\/32925","targetHints":{"allow":["GET"]}}],"collection":[{"href":"https:\/\/urbeamea.ro\/albaiulia\/wp-json\/wp\/v2\/posts"}],"about":[{"href":"https:\/\/urbeamea.ro\/albaiulia\/wp-json\/wp\/v2\/types\/post"}],"author":[{"embeddable":true,"href":"https:\/\/urbeamea.ro\/albaiulia\/wp-json\/wp\/v2\/users\/17"}],"replies":[{"embeddable":true,"href":"https:\/\/urbeamea.ro\/albaiulia\/wp-json\/wp\/v2\/comments?post=32925"}],"version-history":[{"count":0,"href":"https:\/\/urbeamea.ro\/albaiulia\/wp-json\/wp\/v2\/posts\/32925\/revisions"}],"wp:featuredmedia":[{"embeddable":true,"href":"https:\/\/urbeamea.ro\/albaiulia\/wp-json\/wp\/v2\/media\/17608"}],"wp:attachment":[{"href":"https:\/\/urbeamea.ro\/albaiulia\/wp-json\/wp\/v2\/media?parent=32925"}],"wp:term":[{"taxonomy":"category","embeddable":true,"href":"https:\/\/urbeamea.ro\/albaiulia\/wp-json\/wp\/v2\/categories?post=32925"},{"taxonomy":"post_tag","embeddable":true,"href":"https:\/\/urbeamea.ro\/albaiulia\/wp-json\/wp\/v2\/tags?post=32925"}],"curies":[{"name":"wp","href":"https:\/\/api.w.org\/{rel}","templated":true}]}}