{"id":32965,"date":"2016-10-08T10:03:47","date_gmt":"2016-10-08T07:03:47","guid":{"rendered":"http:\/\/urbeamea.ro\/albaiulia\/?p=32965"},"modified":"2016-10-08T10:03:47","modified_gmt":"2016-10-08T07:03:47","slug":"in-ultima-saptamana-s-au-inregistrat-23-de-cazuri-noi-de-rujeola-situatia-in-alba","status":"publish","type":"post","link":"https:\/\/urbeamea.ro\/albaiulia\/in-ultima-saptamana-s-au-inregistrat-23-de-cazuri-noi-de-rujeola-situatia-in-alba\/","title":{"rendered":"\u00cen ultima s\u0103pt\u0103m\u00e2n\u0103 s-au \u00eenregistrat 23 de cazuri noi de rujeol\u0103. Situa\u021bia \u00een Alba"},"content":{"rendered":"<p><strong><img loading=\"lazy\" decoding=\"async\" class=\"alignleft size-medium wp-image-32966\" src=\"http:\/\/urbeamea.ro\/albaiulia\/wp-content\/uploads\/2016\/10\/rujeola-la-copii-simptome-300x155.jpg\" alt=\"rujeola-la-copii-simptome\" width=\"300\" height=\"155\" srcset=\"https:\/\/urbeamea.ro\/albaiulia\/wp-content\/uploads\/2016\/10\/rujeola-la-copii-simptome-300x155.jpg 300w, https:\/\/urbeamea.ro\/albaiulia\/wp-content\/uploads\/2016\/10\/rujeola-la-copii-simptome-150x78.jpg 150w, https:\/\/urbeamea.ro\/albaiulia\/wp-content\/uploads\/2016\/10\/rujeola-la-copii-simptome-390x200.jpg 390w, https:\/\/urbeamea.ro\/albaiulia\/wp-content\/uploads\/2016\/10\/rujeola-la-copii-simptome.jpg 600w\" sizes=\"auto, (max-width: 300px) 100vw, 300px\" \/>Num\u0103rul cazurilor de \u00eembol\u0103vire cu rujeol\u0103 continu\u0103 s\u0103 creasc\u0103. Numai \u00een ultima s\u0103pt\u0103m\u00e2n\u0103, 23 de cazuri noi au fost \u00eenregistrate la nivel na\u021bional. Ministerul S\u0103n\u0103t\u0103\u021bii a f\u0103cut public\u0103 lista complet\u0103 cu num\u0103rul de cazuri din 25 de jude\u021be. Jude\u021bul Alba se situeaz\u0103 pe locul 11, cu 5 cazuri.<\/strong><\/p>\n<p>Majoritatea cazurilor ap\u0103rute au fost \u00eenregistrate \u00een r\u00e2ndul copiilor nevaccina\u021bi sau vaccina\u021bi incomplet. Stocurile cu doze de vaccin sunt suficiente. \u00cen Alba, directorul DSP, alexandru Sinea, a dat asigur\u0103ri c\u0103 \u00een depozitul institu\u021biei sunt doze de vaccin \u0219i nu este niciun fel de problem\u0103 \u00een privin\u021ba aprovizion\u0103rii.<\/p>\n<p>De la \u00eenceputul anului \u0219i p\u00e2n\u0103 la data de 7.10.2016, au fost confirmate 753 cazuri de rujeola, cu 23 de cazuri mai multe fa\u021b\u0103 de s\u0103pt\u0103m\u00e2na trecut\u0103. Au fost raportate 3 decese prin rujeol\u0103.<\/p>\n<p>Cazuri de rujeol\u0103 au fost \u00eenregistrate \u00een urm\u0103toarele 25 de jude\u021be:<\/p>\n<p>1. \u00a0 \u00a0MURE\u0218 \u2013 168<\/p>\n<p>2. \u00a0 \u00a0BISTRI\u021aA \u2013 128<\/p>\n<p>3. \u00a0 \u00a0ARAD \u2013 131<\/p>\n<p>4. \u00a0 \u00a0CLUJ \u2013 90<\/p>\n<p>5. \u00a0 \u00a0TIMI\u0218 &#8211; 75<\/p>\n<p>6. \u00a0 \u00a0BRA\u0218OV \u2013 32<\/p>\n<p>7. \u00a0 \u00a0SUCEAVA \u2013 31<\/p>\n<p>8. \u00a0 \u00a0CARA\u0218 SEVERIN \u2013 30<\/p>\n<p>9. \u00a0 \u00a0HUNEDOARA \u2013 17<\/p>\n<p>10.\u00a0\u00a0 S\u0102LAJ \u2013 8<\/p>\n<p>11.\u00a0\u00a0 <strong>ALBA \u2013 5<\/strong><\/p>\n<p>12.\u00a0\u00a0 IA\u0218I \u2013 5<\/p>\n<p>13.\u00a0\u00a0 BAC\u0102U \u2013 3<\/p>\n<p>14.\u00a0\u00a0 CONSTAN\u021aA \u2013 3<\/p>\n<p>15.\u00a0\u00a0 SIBIU \u2013 3<\/p>\n<p>16.\u00a0\u00a0 BUCURE\u0218TI \u2013 3<\/p>\n<p>17.\u00a0\u00a0 D\u00c2MBOVI\u021aA \u2013 2<\/p>\n<p>18.\u00a0\u00a0 NEAM\u021a &#8211; 2<\/p>\n<p>19.\u00a0\u00a0 OLT \u2013 2<\/p>\n<p>20.\u00a0\u00a0 BIHOR \u2013 1<\/p>\n<p>21.\u00a0\u00a0 DOLJ \u2013 1<\/p>\n<p>22.\u00a0\u00a0 GIURGIU \u2013 1<\/p>\n<p>23.\u00a0\u00a0 HARGHITA \u2013 1<\/p>\n<p>24.\u00a0\u00a0 MEHEDIN\u021aI \u2013 1<\/p>\n<p>25.\u00a0\u00a0 VASLUI &#8211; 1<\/p>\n<p>Majoritatea cazurilor reprezint\u0103 focare \u00een comunit\u0103\u021bile cu acoperire vaccinal\u0103 sc\u0103zut\u0103. Astfel, au fost organizate ac\u021biuni de vaccinare cu RRO a copiilor incomplet vaccina\u021bi sau nevaccina\u021bi.<\/p>\n<p>Apelul Ministerului S\u0103n\u0103t\u0103\u021bii c\u0103tre p\u0103rin\u021bi este de a respecta calendarul de vaccinare ROR pentru s\u0103n\u0103tatea copiilor. \u00cen zonele afectate, Institutul Na\u021bional de S\u0103n\u0103tate Public\u0103 recomand\u0103 vaccinarea copiilor la v\u00e2rsta de 7 luni cu refacerea vaccinului la v\u00e2rsta normal\u0103 de 1 an. De asemenea, reamintim c\u0103 exist\u0103 suficiente doze de vaccin pentru to\u021bi copiii care au nevoie de imunizare.<\/p>\n<p>&nbsp;<\/p>\n<p><em>Sursa: Ministerul S\u0103n\u0103t\u0103\u021bii<\/em><\/p>\n","protected":false},"excerpt":{"rendered":"<p>Num\u0103rul cazurilor de \u00eembol\u0103vire cu rujeol\u0103 continu\u0103 s\u0103 creasc\u0103. Numai \u00een ultima s\u0103pt\u0103m\u00e2n\u0103, 23 de cazuri noi au fost \u00eenregistrate la nivel na\u021bional. Ministerul S\u0103n\u0103t\u0103\u021bii a f\u0103cut public\u0103 lista complet\u0103 cu num\u0103rul de cazuri din 25 de jude\u021be. Jude\u021bul Alba se situeaz\u0103 pe locul 11, cu 5 cazuri. Majoritatea cazurilor ap\u0103rute au fost \u00eenregistrate \u00een &hellip;<\/p>\n","protected":false},"author":20,"featured_media":32966,"comment_status":"open","ping_status":"open","sticky":false,"template":"","format":"standard","meta":{"inline_featured_image":false,"footnotes":""},"categories":[2034],"tags":[307,1067,742,7849,2118,1392,2110,7678,76,2107],"class_list":["post-32965","post","type-post","status-publish","format-standard","has-post-thumbnail","hentry","category-social","tag-alba","tag-cazuri","tag-copii","tag-doze","tag-dsp","tag-judete","tag-ministerul-sanatatii","tag-rujeola","tag-urbea-mea","tag-vaccin"],"yoast_head":"<!-- This site is optimized with the Yoast SEO plugin v28.3 - https:\/\/yoast.com\/product\/yoast-seo-wordpress\/ -->\n<title>\u00cen ultima s\u0103pt\u0103m\u00e2n\u0103 s-au \u00eenregistrat 23 de cazuri noi de rujeol\u0103. Situa\u021bia \u00een Alba - Revista Urbea Mea - Revista de Alba<\/title>\n<meta name=\"description\" content=\"Num\u0103rul cazurilor de \u00eembol\u0103vire cu rujeol\u0103 continu\u0103 s\u0103 creasc\u0103. Numai \u00een ultima s\u0103pt\u0103m\u00e2n\u0103, 23 de cazuri noi au fost \u00eenregistrate la nivel na\u021bional.\" \/>\n<meta name=\"robots\" content=\"index, follow, max-snippet:-1, max-image-preview:large, max-video-preview:-1\" \/>\n<link rel=\"canonical\" href=\"https:\/\/urbeamea.ro\/albaiulia\/in-ultima-saptamana-s-au-inregistrat-23-de-cazuri-noi-de-rujeola-situatia-in-alba\/\" \/>\n<meta name=\"twitter:card\" content=\"summary_large_image\" \/>\n<meta name=\"twitter:title\" content=\"\u00cen ultima s\u0103pt\u0103m\u00e2n\u0103 s-au \u00eenregistrat 23 de cazuri noi de rujeol\u0103. Situa\u021bia \u00een Alba - Revista Urbea Mea - Revista de Alba\" \/>\n<meta name=\"twitter:description\" content=\"Num\u0103rul cazurilor de \u00eembol\u0103vire cu rujeol\u0103 continu\u0103 s\u0103 creasc\u0103. Numai \u00een ultima s\u0103pt\u0103m\u00e2n\u0103, 23 de cazuri noi au fost \u00eenregistrate la nivel na\u021bional.\" \/>\n<meta name=\"twitter:image\" content=\"https:\/\/urbeamea.ro\/albaiulia\/wp-content\/uploads\/2016\/10\/rujeola-la-copii-simptome.jpg\" \/>\n<meta name=\"twitter:creator\" content=\"@urbeameaweb\" \/>\n<meta name=\"twitter:site\" content=\"@urbeameaweb\" \/>\n<script type=\"application\/ld+json\" class=\"yoast-schema-graph\">{\"@context\":\"https:\\\/\\\/schema.org\",\"@graph\":[{\"@type\":\"Article\",\"@id\":\"https:\\\/\\\/urbeamea.ro\\\/albaiulia\\\/in-ultima-saptamana-s-au-inregistrat-23-de-cazuri-noi-de-rujeola-situatia-in-alba\\\/#article\",\"isPartOf\":{\"@id\":\"https:\\\/\\\/urbeamea.ro\\\/albaiulia\\\/in-ultima-saptamana-s-au-inregistrat-23-de-cazuri-noi-de-rujeola-situatia-in-alba\\\/\"},\"author\":{\"name\":\"Adriana Avram\",\"@id\":\"https:\\\/\\\/urbeamea.ro\\\/albaiulia\\\/#\\\/schema\\\/person\\\/cfaa27fc3da4a9a2cf2fee3650afc5d0\"},\"headline\":\"\u00cen ultima s\u0103pt\u0103m\u00e2n\u0103 s-au \u00eenregistrat 23 de cazuri noi de rujeol\u0103. Situa\u021bia \u00een Alba\",\"datePublished\":\"2016-10-08T07:03:47+00:00\",\"mainEntityOfPage\":{\"@id\":\"https:\\\/\\\/urbeamea.ro\\\/albaiulia\\\/in-ultima-saptamana-s-au-inregistrat-23-de-cazuri-noi-de-rujeola-situatia-in-alba\\\/\"},\"wordCount\":321,\"commentCount\":0,\"image\":{\"@id\":\"https:\\\/\\\/urbeamea.ro\\\/albaiulia\\\/in-ultima-saptamana-s-au-inregistrat-23-de-cazuri-noi-de-rujeola-situatia-in-alba\\\/#primaryimage\"},\"thumbnailUrl\":\"https:\\\/\\\/urbeamea.ro\\\/albaiulia\\\/wp-content\\\/uploads\\\/2016\\\/10\\\/rujeola-la-copii-simptome.jpg\",\"keywords\":[\"alba\",\"cazuri\",\"copii\",\"doze\",\"DSP\",\"judete\",\"ministerul sanatatii\",\"rujeola\",\"Urbea Mea\",\"vaccin\"],\"articleSection\":[\"Social\"],\"inLanguage\":\"ro-RO\",\"potentialAction\":[{\"@type\":\"CommentAction\",\"name\":\"Comment\",\"target\":[\"https:\\\/\\\/urbeamea.ro\\\/albaiulia\\\/in-ultima-saptamana-s-au-inregistrat-23-de-cazuri-noi-de-rujeola-situatia-in-alba\\\/#respond\"]}]},{\"@type\":\"WebPage\",\"@id\":\"https:\\\/\\\/urbeamea.ro\\\/albaiulia\\\/in-ultima-saptamana-s-au-inregistrat-23-de-cazuri-noi-de-rujeola-situatia-in-alba\\\/\",\"url\":\"https:\\\/\\\/urbeamea.ro\\\/albaiulia\\\/in-ultima-saptamana-s-au-inregistrat-23-de-cazuri-noi-de-rujeola-situatia-in-alba\\\/\",\"name\":\"\u00cen ultima s\u0103pt\u0103m\u00e2n\u0103 s-au \u00eenregistrat 23 de cazuri noi de rujeol\u0103. Situa\u021bia \u00een Alba - Revista Urbea Mea - Revista de Alba\",\"isPartOf\":{\"@id\":\"https:\\\/\\\/urbeamea.ro\\\/albaiulia\\\/#website\"},\"primaryImageOfPage\":{\"@id\":\"https:\\\/\\\/urbeamea.ro\\\/albaiulia\\\/in-ultima-saptamana-s-au-inregistrat-23-de-cazuri-noi-de-rujeola-situatia-in-alba\\\/#primaryimage\"},\"image\":{\"@id\":\"https:\\\/\\\/urbeamea.ro\\\/albaiulia\\\/in-ultima-saptamana-s-au-inregistrat-23-de-cazuri-noi-de-rujeola-situatia-in-alba\\\/#primaryimage\"},\"thumbnailUrl\":\"https:\\\/\\\/urbeamea.ro\\\/albaiulia\\\/wp-content\\\/uploads\\\/2016\\\/10\\\/rujeola-la-copii-simptome.jpg\",\"datePublished\":\"2016-10-08T07:03:47+00:00\",\"author\":{\"@id\":\"https:\\\/\\\/urbeamea.ro\\\/albaiulia\\\/#\\\/schema\\\/person\\\/cfaa27fc3da4a9a2cf2fee3650afc5d0\"},\"description\":\"Num\u0103rul cazurilor de \u00eembol\u0103vire cu rujeol\u0103 continu\u0103 s\u0103 creasc\u0103. Numai \u00een ultima s\u0103pt\u0103m\u00e2n\u0103, 23 de cazuri noi au fost \u00eenregistrate la nivel na\u021bional.\",\"breadcrumb\":{\"@id\":\"https:\\\/\\\/urbeamea.ro\\\/albaiulia\\\/in-ultima-saptamana-s-au-inregistrat-23-de-cazuri-noi-de-rujeola-situatia-in-alba\\\/#breadcrumb\"},\"inLanguage\":\"ro-RO\",\"potentialAction\":[{\"@type\":\"ReadAction\",\"target\":[\"https:\\\/\\\/urbeamea.ro\\\/albaiulia\\\/in-ultima-saptamana-s-au-inregistrat-23-de-cazuri-noi-de-rujeola-situatia-in-alba\\\/\"]}]},{\"@type\":\"ImageObject\",\"inLanguage\":\"ro-RO\",\"@id\":\"https:\\\/\\\/urbeamea.ro\\\/albaiulia\\\/in-ultima-saptamana-s-au-inregistrat-23-de-cazuri-noi-de-rujeola-situatia-in-alba\\\/#primaryimage\",\"url\":\"https:\\\/\\\/urbeamea.ro\\\/albaiulia\\\/wp-content\\\/uploads\\\/2016\\\/10\\\/rujeola-la-copii-simptome.jpg\",\"contentUrl\":\"https:\\\/\\\/urbeamea.ro\\\/albaiulia\\\/wp-content\\\/uploads\\\/2016\\\/10\\\/rujeola-la-copii-simptome.jpg\",\"width\":600,\"height\":310},{\"@type\":\"BreadcrumbList\",\"@id\":\"https:\\\/\\\/urbeamea.ro\\\/albaiulia\\\/in-ultima-saptamana-s-au-inregistrat-23-de-cazuri-noi-de-rujeola-situatia-in-alba\\\/#breadcrumb\",\"itemListElement\":[{\"@type\":\"ListItem\",\"position\":1,\"name\":\"Prima pagin\u0103\",\"item\":\"https:\\\/\\\/urbeamea.ro\\\/albaiulia\\\/\"},{\"@type\":\"ListItem\",\"position\":2,\"name\":\"\u00cen ultima s\u0103pt\u0103m\u00e2n\u0103 s-au \u00eenregistrat 23 de cazuri noi de rujeol\u0103. Situa\u021bia \u00een Alba\"}]},{\"@type\":\"WebSite\",\"@id\":\"https:\\\/\\\/urbeamea.ro\\\/albaiulia\\\/#website\",\"url\":\"https:\\\/\\\/urbeamea.ro\\\/albaiulia\\\/\",\"name\":\"Revista Urbea Mea, Stiri urbane\",\"description\":\"Evenimente \u0219i \u0219tiri din Alba Iulia, Sebe\u0219, Aiud, Blaj\",\"potentialAction\":[{\"@type\":\"SearchAction\",\"target\":{\"@type\":\"EntryPoint\",\"urlTemplate\":\"https:\\\/\\\/urbeamea.ro\\\/albaiulia\\\/?s={search_term_string}\"},\"query-input\":{\"@type\":\"PropertyValueSpecification\",\"valueRequired\":true,\"valueName\":\"search_term_string\"}}],\"inLanguage\":\"ro-RO\"},{\"@type\":\"Person\",\"@id\":\"https:\\\/\\\/urbeamea.ro\\\/albaiulia\\\/#\\\/schema\\\/person\\\/cfaa27fc3da4a9a2cf2fee3650afc5d0\",\"name\":\"Adriana Avram\",\"image\":{\"@type\":\"ImageObject\",\"inLanguage\":\"ro-RO\",\"@id\":\"https:\\\/\\\/secure.gravatar.com\\\/avatar\\\/3cc61eb1584088e0099c1763903a6421c5ce6cdf45fc2d424046dc621efc21f9?s=96&d=mm&r=g\",\"url\":\"https:\\\/\\\/secure.gravatar.com\\\/avatar\\\/3cc61eb1584088e0099c1763903a6421c5ce6cdf45fc2d424046dc621efc21f9?s=96&d=mm&r=g\",\"contentUrl\":\"https:\\\/\\\/secure.gravatar.com\\\/avatar\\\/3cc61eb1584088e0099c1763903a6421c5ce6cdf45fc2d424046dc621efc21f9?s=96&d=mm&r=g\",\"caption\":\"Adriana Avram\"},\"description\":\"Jurnalist\",\"sameAs\":[\"https:\\\/\\\/www.facebook.com\\\/avram.adriana.7?fref=ts\"],\"url\":\"https:\\\/\\\/urbeamea.ro\\\/albaiulia\\\/author\\\/adriana-avram\\\/\"}]}<\/script>\n<!-- \/ Yoast SEO plugin. -->","yoast_head_json":{"title":"\u00cen ultima s\u0103pt\u0103m\u00e2n\u0103 s-au \u00eenregistrat 23 de cazuri noi de rujeol\u0103. Situa\u021bia \u00een Alba - Revista Urbea Mea - Revista de Alba","description":"Num\u0103rul cazurilor de \u00eembol\u0103vire cu rujeol\u0103 continu\u0103 s\u0103 creasc\u0103. Numai \u00een ultima s\u0103pt\u0103m\u00e2n\u0103, 23 de cazuri noi au fost \u00eenregistrate la nivel na\u021bional.","robots":{"index":"index","follow":"follow","max-snippet":"max-snippet:-1","max-image-preview":"max-image-preview:large","max-video-preview":"max-video-preview:-1"},"canonical":"https:\/\/urbeamea.ro\/albaiulia\/in-ultima-saptamana-s-au-inregistrat-23-de-cazuri-noi-de-rujeola-situatia-in-alba\/","twitter_card":"summary_large_image","twitter_title":"\u00cen ultima s\u0103pt\u0103m\u00e2n\u0103 s-au \u00eenregistrat 23 de cazuri noi de rujeol\u0103. Situa\u021bia \u00een Alba - Revista Urbea Mea - Revista de Alba","twitter_description":"Num\u0103rul cazurilor de \u00eembol\u0103vire cu rujeol\u0103 continu\u0103 s\u0103 creasc\u0103. Numai \u00een ultima s\u0103pt\u0103m\u00e2n\u0103, 23 de cazuri noi au fost \u00eenregistrate la nivel na\u021bional.","twitter_image":"https:\/\/urbeamea.ro\/albaiulia\/wp-content\/uploads\/2016\/10\/rujeola-la-copii-simptome.jpg","twitter_creator":"@urbeameaweb","twitter_site":"@urbeameaweb","schema":{"@context":"https:\/\/schema.org","@graph":[{"@type":"Article","@id":"https:\/\/urbeamea.ro\/albaiulia\/in-ultima-saptamana-s-au-inregistrat-23-de-cazuri-noi-de-rujeola-situatia-in-alba\/#article","isPartOf":{"@id":"https:\/\/urbeamea.ro\/albaiulia\/in-ultima-saptamana-s-au-inregistrat-23-de-cazuri-noi-de-rujeola-situatia-in-alba\/"},"author":{"name":"Adriana Avram","@id":"https:\/\/urbeamea.ro\/albaiulia\/#\/schema\/person\/cfaa27fc3da4a9a2cf2fee3650afc5d0"},"headline":"\u00cen ultima s\u0103pt\u0103m\u00e2n\u0103 s-au \u00eenregistrat 23 de cazuri noi de rujeol\u0103. Situa\u021bia \u00een Alba","datePublished":"2016-10-08T07:03:47+00:00","mainEntityOfPage":{"@id":"https:\/\/urbeamea.ro\/albaiulia\/in-ultima-saptamana-s-au-inregistrat-23-de-cazuri-noi-de-rujeola-situatia-in-alba\/"},"wordCount":321,"commentCount":0,"image":{"@id":"https:\/\/urbeamea.ro\/albaiulia\/in-ultima-saptamana-s-au-inregistrat-23-de-cazuri-noi-de-rujeola-situatia-in-alba\/#primaryimage"},"thumbnailUrl":"https:\/\/urbeamea.ro\/albaiulia\/wp-content\/uploads\/2016\/10\/rujeola-la-copii-simptome.jpg","keywords":["alba","cazuri","copii","doze","DSP","judete","ministerul sanatatii","rujeola","Urbea Mea","vaccin"],"articleSection":["Social"],"inLanguage":"ro-RO","potentialAction":[{"@type":"CommentAction","name":"Comment","target":["https:\/\/urbeamea.ro\/albaiulia\/in-ultima-saptamana-s-au-inregistrat-23-de-cazuri-noi-de-rujeola-situatia-in-alba\/#respond"]}]},{"@type":"WebPage","@id":"https:\/\/urbeamea.ro\/albaiulia\/in-ultima-saptamana-s-au-inregistrat-23-de-cazuri-noi-de-rujeola-situatia-in-alba\/","url":"https:\/\/urbeamea.ro\/albaiulia\/in-ultima-saptamana-s-au-inregistrat-23-de-cazuri-noi-de-rujeola-situatia-in-alba\/","name":"\u00cen ultima s\u0103pt\u0103m\u00e2n\u0103 s-au \u00eenregistrat 23 de cazuri noi de rujeol\u0103. Situa\u021bia \u00een Alba - Revista Urbea Mea - Revista de Alba","isPartOf":{"@id":"https:\/\/urbeamea.ro\/albaiulia\/#website"},"primaryImageOfPage":{"@id":"https:\/\/urbeamea.ro\/albaiulia\/in-ultima-saptamana-s-au-inregistrat-23-de-cazuri-noi-de-rujeola-situatia-in-alba\/#primaryimage"},"image":{"@id":"https:\/\/urbeamea.ro\/albaiulia\/in-ultima-saptamana-s-au-inregistrat-23-de-cazuri-noi-de-rujeola-situatia-in-alba\/#primaryimage"},"thumbnailUrl":"https:\/\/urbeamea.ro\/albaiulia\/wp-content\/uploads\/2016\/10\/rujeola-la-copii-simptome.jpg","datePublished":"2016-10-08T07:03:47+00:00","author":{"@id":"https:\/\/urbeamea.ro\/albaiulia\/#\/schema\/person\/cfaa27fc3da4a9a2cf2fee3650afc5d0"},"description":"Num\u0103rul cazurilor de \u00eembol\u0103vire cu rujeol\u0103 continu\u0103 s\u0103 creasc\u0103. Numai \u00een ultima s\u0103pt\u0103m\u00e2n\u0103, 23 de cazuri noi au fost \u00eenregistrate la nivel na\u021bional.","breadcrumb":{"@id":"https:\/\/urbeamea.ro\/albaiulia\/in-ultima-saptamana-s-au-inregistrat-23-de-cazuri-noi-de-rujeola-situatia-in-alba\/#breadcrumb"},"inLanguage":"ro-RO","potentialAction":[{"@type":"ReadAction","target":["https:\/\/urbeamea.ro\/albaiulia\/in-ultima-saptamana-s-au-inregistrat-23-de-cazuri-noi-de-rujeola-situatia-in-alba\/"]}]},{"@type":"ImageObject","inLanguage":"ro-RO","@id":"https:\/\/urbeamea.ro\/albaiulia\/in-ultima-saptamana-s-au-inregistrat-23-de-cazuri-noi-de-rujeola-situatia-in-alba\/#primaryimage","url":"https:\/\/urbeamea.ro\/albaiulia\/wp-content\/uploads\/2016\/10\/rujeola-la-copii-simptome.jpg","contentUrl":"https:\/\/urbeamea.ro\/albaiulia\/wp-content\/uploads\/2016\/10\/rujeola-la-copii-simptome.jpg","width":600,"height":310},{"@type":"BreadcrumbList","@id":"https:\/\/urbeamea.ro\/albaiulia\/in-ultima-saptamana-s-au-inregistrat-23-de-cazuri-noi-de-rujeola-situatia-in-alba\/#breadcrumb","itemListElement":[{"@type":"ListItem","position":1,"name":"Prima pagin\u0103","item":"https:\/\/urbeamea.ro\/albaiulia\/"},{"@type":"ListItem","position":2,"name":"\u00cen ultima s\u0103pt\u0103m\u00e2n\u0103 s-au \u00eenregistrat 23 de cazuri noi de rujeol\u0103. Situa\u021bia \u00een Alba"}]},{"@type":"WebSite","@id":"https:\/\/urbeamea.ro\/albaiulia\/#website","url":"https:\/\/urbeamea.ro\/albaiulia\/","name":"Revista Urbea Mea, Stiri urbane","description":"Evenimente \u0219i \u0219tiri din Alba Iulia, Sebe\u0219, Aiud, Blaj","potentialAction":[{"@type":"SearchAction","target":{"@type":"EntryPoint","urlTemplate":"https:\/\/urbeamea.ro\/albaiulia\/?s={search_term_string}"},"query-input":{"@type":"PropertyValueSpecification","valueRequired":true,"valueName":"search_term_string"}}],"inLanguage":"ro-RO"},{"@type":"Person","@id":"https:\/\/urbeamea.ro\/albaiulia\/#\/schema\/person\/cfaa27fc3da4a9a2cf2fee3650afc5d0","name":"Adriana Avram","image":{"@type":"ImageObject","inLanguage":"ro-RO","@id":"https:\/\/secure.gravatar.com\/avatar\/3cc61eb1584088e0099c1763903a6421c5ce6cdf45fc2d424046dc621efc21f9?s=96&d=mm&r=g","url":"https:\/\/secure.gravatar.com\/avatar\/3cc61eb1584088e0099c1763903a6421c5ce6cdf45fc2d424046dc621efc21f9?s=96&d=mm&r=g","contentUrl":"https:\/\/secure.gravatar.com\/avatar\/3cc61eb1584088e0099c1763903a6421c5ce6cdf45fc2d424046dc621efc21f9?s=96&d=mm&r=g","caption":"Adriana Avram"},"description":"Jurnalist","sameAs":["https:\/\/www.facebook.com\/avram.adriana.7?fref=ts"],"url":"https:\/\/urbeamea.ro\/albaiulia\/author\/adriana-avram\/"}]}},"_links":{"self":[{"href":"https:\/\/urbeamea.ro\/albaiulia\/wp-json\/wp\/v2\/posts\/32965","targetHints":{"allow":["GET"]}}],"collection":[{"href":"https:\/\/urbeamea.ro\/albaiulia\/wp-json\/wp\/v2\/posts"}],"about":[{"href":"https:\/\/urbeamea.ro\/albaiulia\/wp-json\/wp\/v2\/types\/post"}],"author":[{"embeddable":true,"href":"https:\/\/urbeamea.ro\/albaiulia\/wp-json\/wp\/v2\/users\/20"}],"replies":[{"embeddable":true,"href":"https:\/\/urbeamea.ro\/albaiulia\/wp-json\/wp\/v2\/comments?post=32965"}],"version-history":[{"count":0,"href":"https:\/\/urbeamea.ro\/albaiulia\/wp-json\/wp\/v2\/posts\/32965\/revisions"}],"wp:featuredmedia":[{"embeddable":true,"href":"https:\/\/urbeamea.ro\/albaiulia\/wp-json\/wp\/v2\/media\/32966"}],"wp:attachment":[{"href":"https:\/\/urbeamea.ro\/albaiulia\/wp-json\/wp\/v2\/media?parent=32965"}],"wp:term":[{"taxonomy":"category","embeddable":true,"href":"https:\/\/urbeamea.ro\/albaiulia\/wp-json\/wp\/v2\/categories?post=32965"},{"taxonomy":"post_tag","embeddable":true,"href":"https:\/\/urbeamea.ro\/albaiulia\/wp-json\/wp\/v2\/tags?post=32965"}],"curies":[{"name":"wp","href":"https:\/\/api.w.org\/{rel}","templated":true}]}}