{"id":33697,"date":"2016-10-17T12:13:13","date_gmt":"2016-10-17T09:13:13","guid":{"rendered":"http:\/\/urbeamea.ro\/albaiulia\/?p=33697"},"modified":"2016-10-17T12:13:13","modified_gmt":"2016-10-17T09:13:13","slug":"tanar-din-teius-prins-fara-carnet-de-conducere-la-volanul-unei-masini-neinmatriculate-si-cu-numere-false","status":"publish","type":"post","link":"https:\/\/urbeamea.ro\/albaiulia\/tanar-din-teius-prins-fara-carnet-de-conducere-la-volanul-unei-masini-neinmatriculate-si-cu-numere-false\/","title":{"rendered":"T\u00e2n\u0103r din Teiu\u0219, prins f\u0103r\u0103 carnet de conducere, la volanul unei ma\u0219ini ne\u00eenmatriculate \u0219i cu numere false"},"content":{"rendered":"<p><strong><img loading=\"lazy\" decoding=\"async\" class=\"alignleft size-medium wp-image-30274\" src=\"http:\/\/urbeamea.ro\/albaiulia\/wp-content\/uploads\/2016\/08\/1Politia-Rutiera-Dacia-Logan-Radar-1-300x200.jpg\" alt=\"1Politia-Rutiera-Dacia-Logan-Radar\" width=\"300\" height=\"200\" srcset=\"https:\/\/urbeamea.ro\/albaiulia\/wp-content\/uploads\/2016\/08\/1Politia-Rutiera-Dacia-Logan-Radar-1-300x200.jpg 300w, https:\/\/urbeamea.ro\/albaiulia\/wp-content\/uploads\/2016\/08\/1Politia-Rutiera-Dacia-Logan-Radar-1-150x100.jpg 150w, https:\/\/urbeamea.ro\/albaiulia\/wp-content\/uploads\/2016\/08\/1Politia-Rutiera-Dacia-Logan-Radar-1.jpg 600w\" sizes=\"auto, (max-width: 300px) 100vw, 300px\" \/>S\u00e2mb\u0103t\u0103, \u00een jurul orelor 11.40, poli\u0163i\u015ftii rutieri din Aiud au depistat un autoturism care circula cu vitez\u0103 peste limita legal\u0103.<\/strong><\/p>\n<p>Cu ocazia verific\u0103rilor efectuate, poli\u0163i\u015ftii au constatat c\u0103, \u015foferul autoturismului, un t\u00e2n\u0103r de 21 de ani, din Teiu\u015f, avea permisul de conducere re\u0163inut, iar autoturismul nu era \u00eenmatriculat \u00een circula\u0163ie \u015fi avea aplicate pl\u0103cu\u0163e de \u00eenmatriculare false.<\/p>\n<p>Fa\u0163\u0103 de C.V.M. a fost \u00eentocmit dosar penal \u00een care este cercetat pentru conducere cu permisul re\u0163inut, conducerea unui autovehicul ne\u00eenmatriculat \u015fi conducerea unui autovehicul cu num\u0103r fals de \u00eenmatriculare.<\/p>\n","protected":false},"excerpt":{"rendered":"<p>S\u00e2mb\u0103t\u0103, \u00een jurul orelor 11.40, poli\u0163i\u015ftii rutieri din Aiud au depistat un autoturism care circula cu vitez\u0103 peste limita legal\u0103. Cu ocazia verific\u0103rilor efectuate, poli\u0163i\u015ftii au constatat c\u0103, \u015foferul autoturismului, un t\u00e2n\u0103r de 21 de ani, din Teiu\u015f, avea permisul de conducere re\u0163inut, iar autoturismul nu era \u00eenmatriculat \u00een circula\u0163ie \u015fi avea aplicate pl\u0103cu\u0163e de &hellip;<\/p>\n","protected":false},"author":20,"featured_media":30274,"comment_status":"open","ping_status":"open","sticky":false,"template":"","format":"standard","meta":{"inline_featured_image":false,"footnotes":""},"categories":[2034],"tags":[307,2604,2356,2506,6596,6140,458,2894,2419,76,1742],"class_list":["post-33697","post","type-post","status-publish","format-standard","has-post-thumbnail","hentry","category-social","tag-alba","tag-cercetat","tag-conducere","tag-dosar-penal","tag-inmatriculare","tag-placute","tag-politisti","tag-sofer","tag-teius","tag-urbea-mea","tag-viteza"],"yoast_head":"<!-- This site is optimized with the Yoast SEO plugin v28.3 - https:\/\/yoast.com\/product\/yoast-seo-wordpress\/ -->\n<title>T\u00e2n\u0103r din Teiu\u0219, prins f\u0103r\u0103 carnet de conducere, la volanul unei ma\u0219ini ne\u00eenmatriculate \u0219i cu numere false - Revista Urbea Mea - Revista de Alba<\/title>\n<meta name=\"description\" content=\"S\u00e2mb\u0103t\u0103, \u00een jurul orelor 11.40, poli\u0163i\u015ftii rutieri din Aiud au depistat un autoturism care circula cu vitez\u0103 peste limita legal\u0103. Cu ocazia verific\u0103rilor\" \/>\n<meta name=\"robots\" content=\"index, follow, max-snippet:-1, max-image-preview:large, max-video-preview:-1\" \/>\n<link rel=\"canonical\" href=\"https:\/\/urbeamea.ro\/albaiulia\/tanar-din-teius-prins-fara-carnet-de-conducere-la-volanul-unei-masini-neinmatriculate-si-cu-numere-false\/\" \/>\n<meta name=\"twitter:card\" content=\"summary_large_image\" \/>\n<meta name=\"twitter:title\" content=\"T\u00e2n\u0103r din Teiu\u0219, prins f\u0103r\u0103 carnet de conducere, la volanul unei ma\u0219ini ne\u00eenmatriculate \u0219i cu numere false - Revista Urbea Mea - Revista de Alba\" \/>\n<meta name=\"twitter:description\" content=\"S\u00e2mb\u0103t\u0103, \u00een jurul orelor 11.40, poli\u0163i\u015ftii rutieri din Aiud au depistat un autoturism care circula cu vitez\u0103 peste limita legal\u0103. Cu ocazia verific\u0103rilor\" \/>\n<meta name=\"twitter:image\" content=\"https:\/\/urbeamea.ro\/albaiulia\/wp-content\/uploads\/2016\/08\/1Politia-Rutiera-Dacia-Logan-Radar-1.jpg\" \/>\n<meta name=\"twitter:creator\" content=\"@urbeameaweb\" \/>\n<meta name=\"twitter:site\" content=\"@urbeameaweb\" \/>\n<script type=\"application\/ld+json\" class=\"yoast-schema-graph\">{\"@context\":\"https:\\\/\\\/schema.org\",\"@graph\":[{\"@type\":\"Article\",\"@id\":\"https:\\\/\\\/urbeamea.ro\\\/albaiulia\\\/tanar-din-teius-prins-fara-carnet-de-conducere-la-volanul-unei-masini-neinmatriculate-si-cu-numere-false\\\/#article\",\"isPartOf\":{\"@id\":\"https:\\\/\\\/urbeamea.ro\\\/albaiulia\\\/tanar-din-teius-prins-fara-carnet-de-conducere-la-volanul-unei-masini-neinmatriculate-si-cu-numere-false\\\/\"},\"author\":{\"name\":\"Adriana Avram\",\"@id\":\"https:\\\/\\\/urbeamea.ro\\\/albaiulia\\\/#\\\/schema\\\/person\\\/cfaa27fc3da4a9a2cf2fee3650afc5d0\"},\"headline\":\"T\u00e2n\u0103r din Teiu\u0219, prins f\u0103r\u0103 carnet de conducere, la volanul unei ma\u0219ini ne\u00eenmatriculate \u0219i cu numere false\",\"datePublished\":\"2016-10-17T09:13:13+00:00\",\"mainEntityOfPage\":{\"@id\":\"https:\\\/\\\/urbeamea.ro\\\/albaiulia\\\/tanar-din-teius-prins-fara-carnet-de-conducere-la-volanul-unei-masini-neinmatriculate-si-cu-numere-false\\\/\"},\"wordCount\":125,\"commentCount\":0,\"image\":{\"@id\":\"https:\\\/\\\/urbeamea.ro\\\/albaiulia\\\/tanar-din-teius-prins-fara-carnet-de-conducere-la-volanul-unei-masini-neinmatriculate-si-cu-numere-false\\\/#primaryimage\"},\"thumbnailUrl\":\"https:\\\/\\\/urbeamea.ro\\\/albaiulia\\\/wp-content\\\/uploads\\\/2016\\\/08\\\/1Politia-Rutiera-Dacia-Logan-Radar-1.jpg\",\"keywords\":[\"alba\",\"cercetat\",\"conducere\",\"dosar penal\",\"inmatriculare\",\"placute\",\"politisti\",\"sofer\",\"teius\",\"Urbea Mea\",\"viteza\"],\"articleSection\":[\"Social\"],\"inLanguage\":\"ro-RO\",\"potentialAction\":[{\"@type\":\"CommentAction\",\"name\":\"Comment\",\"target\":[\"https:\\\/\\\/urbeamea.ro\\\/albaiulia\\\/tanar-din-teius-prins-fara-carnet-de-conducere-la-volanul-unei-masini-neinmatriculate-si-cu-numere-false\\\/#respond\"]}]},{\"@type\":\"WebPage\",\"@id\":\"https:\\\/\\\/urbeamea.ro\\\/albaiulia\\\/tanar-din-teius-prins-fara-carnet-de-conducere-la-volanul-unei-masini-neinmatriculate-si-cu-numere-false\\\/\",\"url\":\"https:\\\/\\\/urbeamea.ro\\\/albaiulia\\\/tanar-din-teius-prins-fara-carnet-de-conducere-la-volanul-unei-masini-neinmatriculate-si-cu-numere-false\\\/\",\"name\":\"T\u00e2n\u0103r din Teiu\u0219, prins f\u0103r\u0103 carnet de conducere, la volanul unei ma\u0219ini ne\u00eenmatriculate \u0219i cu numere false - Revista Urbea Mea - Revista de Alba\",\"isPartOf\":{\"@id\":\"https:\\\/\\\/urbeamea.ro\\\/albaiulia\\\/#website\"},\"primaryImageOfPage\":{\"@id\":\"https:\\\/\\\/urbeamea.ro\\\/albaiulia\\\/tanar-din-teius-prins-fara-carnet-de-conducere-la-volanul-unei-masini-neinmatriculate-si-cu-numere-false\\\/#primaryimage\"},\"image\":{\"@id\":\"https:\\\/\\\/urbeamea.ro\\\/albaiulia\\\/tanar-din-teius-prins-fara-carnet-de-conducere-la-volanul-unei-masini-neinmatriculate-si-cu-numere-false\\\/#primaryimage\"},\"thumbnailUrl\":\"https:\\\/\\\/urbeamea.ro\\\/albaiulia\\\/wp-content\\\/uploads\\\/2016\\\/08\\\/1Politia-Rutiera-Dacia-Logan-Radar-1.jpg\",\"datePublished\":\"2016-10-17T09:13:13+00:00\",\"author\":{\"@id\":\"https:\\\/\\\/urbeamea.ro\\\/albaiulia\\\/#\\\/schema\\\/person\\\/cfaa27fc3da4a9a2cf2fee3650afc5d0\"},\"description\":\"S\u00e2mb\u0103t\u0103, \u00een jurul orelor 11.40, poli\u0163i\u015ftii rutieri din Aiud au depistat un autoturism care circula cu vitez\u0103 peste limita legal\u0103. Cu ocazia verific\u0103rilor\",\"breadcrumb\":{\"@id\":\"https:\\\/\\\/urbeamea.ro\\\/albaiulia\\\/tanar-din-teius-prins-fara-carnet-de-conducere-la-volanul-unei-masini-neinmatriculate-si-cu-numere-false\\\/#breadcrumb\"},\"inLanguage\":\"ro-RO\",\"potentialAction\":[{\"@type\":\"ReadAction\",\"target\":[\"https:\\\/\\\/urbeamea.ro\\\/albaiulia\\\/tanar-din-teius-prins-fara-carnet-de-conducere-la-volanul-unei-masini-neinmatriculate-si-cu-numere-false\\\/\"]}]},{\"@type\":\"ImageObject\",\"inLanguage\":\"ro-RO\",\"@id\":\"https:\\\/\\\/urbeamea.ro\\\/albaiulia\\\/tanar-din-teius-prins-fara-carnet-de-conducere-la-volanul-unei-masini-neinmatriculate-si-cu-numere-false\\\/#primaryimage\",\"url\":\"https:\\\/\\\/urbeamea.ro\\\/albaiulia\\\/wp-content\\\/uploads\\\/2016\\\/08\\\/1Politia-Rutiera-Dacia-Logan-Radar-1.jpg\",\"contentUrl\":\"https:\\\/\\\/urbeamea.ro\\\/albaiulia\\\/wp-content\\\/uploads\\\/2016\\\/08\\\/1Politia-Rutiera-Dacia-Logan-Radar-1.jpg\",\"width\":600,\"height\":400},{\"@type\":\"BreadcrumbList\",\"@id\":\"https:\\\/\\\/urbeamea.ro\\\/albaiulia\\\/tanar-din-teius-prins-fara-carnet-de-conducere-la-volanul-unei-masini-neinmatriculate-si-cu-numere-false\\\/#breadcrumb\",\"itemListElement\":[{\"@type\":\"ListItem\",\"position\":1,\"name\":\"Prima pagin\u0103\",\"item\":\"https:\\\/\\\/urbeamea.ro\\\/albaiulia\\\/\"},{\"@type\":\"ListItem\",\"position\":2,\"name\":\"T\u00e2n\u0103r din Teiu\u0219, prins f\u0103r\u0103 carnet de conducere, la volanul unei ma\u0219ini ne\u00eenmatriculate \u0219i cu numere false\"}]},{\"@type\":\"WebSite\",\"@id\":\"https:\\\/\\\/urbeamea.ro\\\/albaiulia\\\/#website\",\"url\":\"https:\\\/\\\/urbeamea.ro\\\/albaiulia\\\/\",\"name\":\"Revista Urbea Mea, Stiri urbane\",\"description\":\"Evenimente \u0219i \u0219tiri din Alba Iulia, Sebe\u0219, Aiud, Blaj\",\"potentialAction\":[{\"@type\":\"SearchAction\",\"target\":{\"@type\":\"EntryPoint\",\"urlTemplate\":\"https:\\\/\\\/urbeamea.ro\\\/albaiulia\\\/?s={search_term_string}\"},\"query-input\":{\"@type\":\"PropertyValueSpecification\",\"valueRequired\":true,\"valueName\":\"search_term_string\"}}],\"inLanguage\":\"ro-RO\"},{\"@type\":\"Person\",\"@id\":\"https:\\\/\\\/urbeamea.ro\\\/albaiulia\\\/#\\\/schema\\\/person\\\/cfaa27fc3da4a9a2cf2fee3650afc5d0\",\"name\":\"Adriana Avram\",\"image\":{\"@type\":\"ImageObject\",\"inLanguage\":\"ro-RO\",\"@id\":\"https:\\\/\\\/secure.gravatar.com\\\/avatar\\\/3cc61eb1584088e0099c1763903a6421c5ce6cdf45fc2d424046dc621efc21f9?s=96&d=mm&r=g\",\"url\":\"https:\\\/\\\/secure.gravatar.com\\\/avatar\\\/3cc61eb1584088e0099c1763903a6421c5ce6cdf45fc2d424046dc621efc21f9?s=96&d=mm&r=g\",\"contentUrl\":\"https:\\\/\\\/secure.gravatar.com\\\/avatar\\\/3cc61eb1584088e0099c1763903a6421c5ce6cdf45fc2d424046dc621efc21f9?s=96&d=mm&r=g\",\"caption\":\"Adriana Avram\"},\"description\":\"Jurnalist\",\"sameAs\":[\"https:\\\/\\\/www.facebook.com\\\/avram.adriana.7?fref=ts\"],\"url\":\"https:\\\/\\\/urbeamea.ro\\\/albaiulia\\\/author\\\/adriana-avram\\\/\"}]}<\/script>\n<!-- \/ Yoast SEO plugin. -->","yoast_head_json":{"title":"T\u00e2n\u0103r din Teiu\u0219, prins f\u0103r\u0103 carnet de conducere, la volanul unei ma\u0219ini ne\u00eenmatriculate \u0219i cu numere false - Revista Urbea Mea - Revista de Alba","description":"S\u00e2mb\u0103t\u0103, \u00een jurul orelor 11.40, poli\u0163i\u015ftii rutieri din Aiud au depistat un autoturism care circula cu vitez\u0103 peste limita legal\u0103. Cu ocazia verific\u0103rilor","robots":{"index":"index","follow":"follow","max-snippet":"max-snippet:-1","max-image-preview":"max-image-preview:large","max-video-preview":"max-video-preview:-1"},"canonical":"https:\/\/urbeamea.ro\/albaiulia\/tanar-din-teius-prins-fara-carnet-de-conducere-la-volanul-unei-masini-neinmatriculate-si-cu-numere-false\/","twitter_card":"summary_large_image","twitter_title":"T\u00e2n\u0103r din Teiu\u0219, prins f\u0103r\u0103 carnet de conducere, la volanul unei ma\u0219ini ne\u00eenmatriculate \u0219i cu numere false - Revista Urbea Mea - Revista de Alba","twitter_description":"S\u00e2mb\u0103t\u0103, \u00een jurul orelor 11.40, poli\u0163i\u015ftii rutieri din Aiud au depistat un autoturism care circula cu vitez\u0103 peste limita legal\u0103. Cu ocazia verific\u0103rilor","twitter_image":"https:\/\/urbeamea.ro\/albaiulia\/wp-content\/uploads\/2016\/08\/1Politia-Rutiera-Dacia-Logan-Radar-1.jpg","twitter_creator":"@urbeameaweb","twitter_site":"@urbeameaweb","schema":{"@context":"https:\/\/schema.org","@graph":[{"@type":"Article","@id":"https:\/\/urbeamea.ro\/albaiulia\/tanar-din-teius-prins-fara-carnet-de-conducere-la-volanul-unei-masini-neinmatriculate-si-cu-numere-false\/#article","isPartOf":{"@id":"https:\/\/urbeamea.ro\/albaiulia\/tanar-din-teius-prins-fara-carnet-de-conducere-la-volanul-unei-masini-neinmatriculate-si-cu-numere-false\/"},"author":{"name":"Adriana Avram","@id":"https:\/\/urbeamea.ro\/albaiulia\/#\/schema\/person\/cfaa27fc3da4a9a2cf2fee3650afc5d0"},"headline":"T\u00e2n\u0103r din Teiu\u0219, prins f\u0103r\u0103 carnet de conducere, la volanul unei ma\u0219ini ne\u00eenmatriculate \u0219i cu numere false","datePublished":"2016-10-17T09:13:13+00:00","mainEntityOfPage":{"@id":"https:\/\/urbeamea.ro\/albaiulia\/tanar-din-teius-prins-fara-carnet-de-conducere-la-volanul-unei-masini-neinmatriculate-si-cu-numere-false\/"},"wordCount":125,"commentCount":0,"image":{"@id":"https:\/\/urbeamea.ro\/albaiulia\/tanar-din-teius-prins-fara-carnet-de-conducere-la-volanul-unei-masini-neinmatriculate-si-cu-numere-false\/#primaryimage"},"thumbnailUrl":"https:\/\/urbeamea.ro\/albaiulia\/wp-content\/uploads\/2016\/08\/1Politia-Rutiera-Dacia-Logan-Radar-1.jpg","keywords":["alba","cercetat","conducere","dosar penal","inmatriculare","placute","politisti","sofer","teius","Urbea Mea","viteza"],"articleSection":["Social"],"inLanguage":"ro-RO","potentialAction":[{"@type":"CommentAction","name":"Comment","target":["https:\/\/urbeamea.ro\/albaiulia\/tanar-din-teius-prins-fara-carnet-de-conducere-la-volanul-unei-masini-neinmatriculate-si-cu-numere-false\/#respond"]}]},{"@type":"WebPage","@id":"https:\/\/urbeamea.ro\/albaiulia\/tanar-din-teius-prins-fara-carnet-de-conducere-la-volanul-unei-masini-neinmatriculate-si-cu-numere-false\/","url":"https:\/\/urbeamea.ro\/albaiulia\/tanar-din-teius-prins-fara-carnet-de-conducere-la-volanul-unei-masini-neinmatriculate-si-cu-numere-false\/","name":"T\u00e2n\u0103r din Teiu\u0219, prins f\u0103r\u0103 carnet de conducere, la volanul unei ma\u0219ini ne\u00eenmatriculate \u0219i cu numere false - Revista Urbea Mea - Revista de Alba","isPartOf":{"@id":"https:\/\/urbeamea.ro\/albaiulia\/#website"},"primaryImageOfPage":{"@id":"https:\/\/urbeamea.ro\/albaiulia\/tanar-din-teius-prins-fara-carnet-de-conducere-la-volanul-unei-masini-neinmatriculate-si-cu-numere-false\/#primaryimage"},"image":{"@id":"https:\/\/urbeamea.ro\/albaiulia\/tanar-din-teius-prins-fara-carnet-de-conducere-la-volanul-unei-masini-neinmatriculate-si-cu-numere-false\/#primaryimage"},"thumbnailUrl":"https:\/\/urbeamea.ro\/albaiulia\/wp-content\/uploads\/2016\/08\/1Politia-Rutiera-Dacia-Logan-Radar-1.jpg","datePublished":"2016-10-17T09:13:13+00:00","author":{"@id":"https:\/\/urbeamea.ro\/albaiulia\/#\/schema\/person\/cfaa27fc3da4a9a2cf2fee3650afc5d0"},"description":"S\u00e2mb\u0103t\u0103, \u00een jurul orelor 11.40, poli\u0163i\u015ftii rutieri din Aiud au depistat un autoturism care circula cu vitez\u0103 peste limita legal\u0103. Cu ocazia verific\u0103rilor","breadcrumb":{"@id":"https:\/\/urbeamea.ro\/albaiulia\/tanar-din-teius-prins-fara-carnet-de-conducere-la-volanul-unei-masini-neinmatriculate-si-cu-numere-false\/#breadcrumb"},"inLanguage":"ro-RO","potentialAction":[{"@type":"ReadAction","target":["https:\/\/urbeamea.ro\/albaiulia\/tanar-din-teius-prins-fara-carnet-de-conducere-la-volanul-unei-masini-neinmatriculate-si-cu-numere-false\/"]}]},{"@type":"ImageObject","inLanguage":"ro-RO","@id":"https:\/\/urbeamea.ro\/albaiulia\/tanar-din-teius-prins-fara-carnet-de-conducere-la-volanul-unei-masini-neinmatriculate-si-cu-numere-false\/#primaryimage","url":"https:\/\/urbeamea.ro\/albaiulia\/wp-content\/uploads\/2016\/08\/1Politia-Rutiera-Dacia-Logan-Radar-1.jpg","contentUrl":"https:\/\/urbeamea.ro\/albaiulia\/wp-content\/uploads\/2016\/08\/1Politia-Rutiera-Dacia-Logan-Radar-1.jpg","width":600,"height":400},{"@type":"BreadcrumbList","@id":"https:\/\/urbeamea.ro\/albaiulia\/tanar-din-teius-prins-fara-carnet-de-conducere-la-volanul-unei-masini-neinmatriculate-si-cu-numere-false\/#breadcrumb","itemListElement":[{"@type":"ListItem","position":1,"name":"Prima pagin\u0103","item":"https:\/\/urbeamea.ro\/albaiulia\/"},{"@type":"ListItem","position":2,"name":"T\u00e2n\u0103r din Teiu\u0219, prins f\u0103r\u0103 carnet de conducere, la volanul unei ma\u0219ini ne\u00eenmatriculate \u0219i cu numere false"}]},{"@type":"WebSite","@id":"https:\/\/urbeamea.ro\/albaiulia\/#website","url":"https:\/\/urbeamea.ro\/albaiulia\/","name":"Revista Urbea Mea, Stiri urbane","description":"Evenimente \u0219i \u0219tiri din Alba Iulia, Sebe\u0219, Aiud, Blaj","potentialAction":[{"@type":"SearchAction","target":{"@type":"EntryPoint","urlTemplate":"https:\/\/urbeamea.ro\/albaiulia\/?s={search_term_string}"},"query-input":{"@type":"PropertyValueSpecification","valueRequired":true,"valueName":"search_term_string"}}],"inLanguage":"ro-RO"},{"@type":"Person","@id":"https:\/\/urbeamea.ro\/albaiulia\/#\/schema\/person\/cfaa27fc3da4a9a2cf2fee3650afc5d0","name":"Adriana Avram","image":{"@type":"ImageObject","inLanguage":"ro-RO","@id":"https:\/\/secure.gravatar.com\/avatar\/3cc61eb1584088e0099c1763903a6421c5ce6cdf45fc2d424046dc621efc21f9?s=96&d=mm&r=g","url":"https:\/\/secure.gravatar.com\/avatar\/3cc61eb1584088e0099c1763903a6421c5ce6cdf45fc2d424046dc621efc21f9?s=96&d=mm&r=g","contentUrl":"https:\/\/secure.gravatar.com\/avatar\/3cc61eb1584088e0099c1763903a6421c5ce6cdf45fc2d424046dc621efc21f9?s=96&d=mm&r=g","caption":"Adriana Avram"},"description":"Jurnalist","sameAs":["https:\/\/www.facebook.com\/avram.adriana.7?fref=ts"],"url":"https:\/\/urbeamea.ro\/albaiulia\/author\/adriana-avram\/"}]}},"_links":{"self":[{"href":"https:\/\/urbeamea.ro\/albaiulia\/wp-json\/wp\/v2\/posts\/33697","targetHints":{"allow":["GET"]}}],"collection":[{"href":"https:\/\/urbeamea.ro\/albaiulia\/wp-json\/wp\/v2\/posts"}],"about":[{"href":"https:\/\/urbeamea.ro\/albaiulia\/wp-json\/wp\/v2\/types\/post"}],"author":[{"embeddable":true,"href":"https:\/\/urbeamea.ro\/albaiulia\/wp-json\/wp\/v2\/users\/20"}],"replies":[{"embeddable":true,"href":"https:\/\/urbeamea.ro\/albaiulia\/wp-json\/wp\/v2\/comments?post=33697"}],"version-history":[{"count":0,"href":"https:\/\/urbeamea.ro\/albaiulia\/wp-json\/wp\/v2\/posts\/33697\/revisions"}],"wp:featuredmedia":[{"embeddable":true,"href":"https:\/\/urbeamea.ro\/albaiulia\/wp-json\/wp\/v2\/media\/30274"}],"wp:attachment":[{"href":"https:\/\/urbeamea.ro\/albaiulia\/wp-json\/wp\/v2\/media?parent=33697"}],"wp:term":[{"taxonomy":"category","embeddable":true,"href":"https:\/\/urbeamea.ro\/albaiulia\/wp-json\/wp\/v2\/categories?post=33697"},{"taxonomy":"post_tag","embeddable":true,"href":"https:\/\/urbeamea.ro\/albaiulia\/wp-json\/wp\/v2\/tags?post=33697"}],"curies":[{"name":"wp","href":"https:\/\/api.w.org\/{rel}","templated":true}]}}